{"id":163422,"date":"2022-03-14T10:26:53","date_gmt":"2022-03-14T13:26:53","guid":{"rendered":"https:\/\/experienciadevida.com.ar\/portalurbano\/?p=163422"},"modified":"2022-03-14T10:31:47","modified_gmt":"2022-03-14T13:31:47","slug":"conflicto-cementeras-aoma-acata-la-disposicion-ministerial-de-levantar-medidas-pero-no-la-comparte","status":"publish","type":"post","link":"https:\/\/experienciadevida.com.ar\/portalurbano\/conflicto-cementeras-aoma-acata-la-disposicion-ministerial-de-levantar-medidas-pero-no-la-comparte\/","title":{"rendered":"Conflicto cementeras: AOMA acata la disposici\u00f3n Ministerial de levantar medidas, pero &#8220;no la comparte&#8221;"},"content":{"rendered":"<p>Conflicto cementeras: AOMA acata la disposici\u00f3n Ministerial de levantar medidas, pero &#8220;no la comparte&#8221;, la Asociaci\u00f3n Obrera Minera Argentina inform\u00f3 que por disposici\u00f3n del Ministerio de Trabajo, Empleo y Seguridad Social de la Naci\u00f3n, se dejan sin efecto las medidas de fuerza dispuestas por la entidad gremial a las f\u00e1bricas de cemento de todo el pa\u00eds.<\/p>\n<p>Tal lo comunican en la Circular N\u00ba 251, el Secretariado Nacional de AOMA inform\u00f3 a los trabajadores encuadrados en la Convenio Colectivo de Trabajo N\u00b0 53 y 54\/89, perteneciente a la Rama de Cemento, que \u201cen virtud de la Disposici\u00f3n N\u00b0 DI-2022-443-APN-DNRYRT#MT emanada desde el MTEySS donde se encuentra encuadrado el conflicto\u201d, la entidad sindical deja sin efecto las acciones directas que se iniciaron contra las empresas cementeras por reclamos salariales la semana pasada.<\/p>\n<p>En una parte del p\u00e1rrafo, desde AOMA se deja expresamente establecido que \u201cno compartimos por distintas razones esta disposici\u00f3n\u201d gubernamental. No obstante, se determin\u00f3 en principio \u201cdejar sin efecto las medidas anunciadas para el pr\u00f3ximo 14 de marzo\u201d espec\u00edficamente \u201cel paro por 24 horas\u201d. Al mismo tiempo, la dirigencia gremial, solicit\u00f3 a los trabajadores de las f\u00e1bricas cementeras \u201cla no realizaci\u00f3n de horas extraordinarias hasta tanto no se resuelva la cuesti\u00f3n salarial\u201d.<\/p>\n<p>Tambi\u00e9n informaron a los afiliados que \u201cel pr\u00f3ximo martes del corriente mes y a\u00f1o se inician negociaciones en el marco de la disposici\u00f3n mencionada en el Ministerio de Trabajo\u201d, detallaron.<\/p>\n","protected":false},"excerpt":{"rendered":"<p>Conflicto cementeras: AOMA acata la disposici\u00f3n Ministerial de levantar medidas, pero &#8220;no la comparte&#8221;, la&#8230;<\/p>\n","protected":false},"author":1,"featured_media":163423,"comment_status":"closed","ping_status":"closed","sticky":false,"template":"","format":"standard","meta":{"content-type":""},"categories":[27,64],"tags":[],"nelio_content":{"isAutoShareEnabled":false,"autoShareEndMode":"default","automationSources":{"useContentSentences":true,"useSocialTemplates":true,"useCustomSentences":false,"customSentences":[]},"followers":[1],"suggestedReferences":[],"includedReferences":[],"efiUrl":"","efiAlt":"","highlights":[]},"yoast_head":"<!-- This site is optimized with the Yoast SEO plugin v20.7 - https:\/\/yoast.com\/wordpress\/plugins\/seo\/ -->\n<title>Conflicto cementeras: AOMA acata la disposici\u00f3n ministerial<\/title>\n<meta name=\"description\" content=\"Conflicto cementeras: AOMA acata la disposici\u00f3n Ministerial de levantar medidas, pero &quot;no la comparte&quot;, se dejan sin efecto\" \/>\n<meta name=\"robots\" content=\"index, follow, max-snippet:-1, max-image-preview:large, max-video-preview:-1\" \/>\n<link rel=\"canonical\" href=\"https:\/\/experienciadevida.com.ar\/portalurbano\/conflicto-cementeras-aoma-acata-la-disposicion-ministerial-de-levantar-medidas-pero-no-la-comparte\/\" \/>\n<meta property=\"og:locale\" content=\"es_ES\" \/>\n<meta property=\"og:type\" content=\"article\" \/>\n<meta property=\"og:title\" content=\"Conflicto cementeras: AOMA acata la disposici\u00f3n ministerial\" \/>\n<meta property=\"og:description\" content=\"Conflicto cementeras: AOMA acata la disposici\u00f3n Ministerial de levantar medidas, pero &quot;no la comparte&quot;, se dejan sin efecto\" \/>\n<meta property=\"og:url\" content=\"https:\/\/experienciadevida.com.ar\/portalurbano\/conflicto-cementeras-aoma-acata-la-disposicion-ministerial-de-levantar-medidas-pero-no-la-comparte\/\" \/>\n<meta property=\"article:publisher\" content=\"https:\/\/www.facebook.com\/Portal-Urbano-171542830093757\/\" \/>\n<meta property=\"article:published_time\" content=\"2022-03-14T13:26:53+00:00\" \/>\n<meta property=\"article:modified_time\" content=\"2022-03-14T13:31:47+00:00\" \/>\n<meta property=\"og:image\" content=\"https:\/\/experienciadevida.com.ar\/portalurbano\/wp-content\/uploads\/2022\/03\/Conflicto-cementeras.jpg\" \/>\n\t<meta property=\"og:image:width\" content=\"696\" \/>\n\t<meta property=\"og:image:height\" content=\"386\" \/>\n\t<meta property=\"og:image:type\" content=\"image\/jpeg\" \/>\n<meta name=\"author\" content=\"admpu17wp\" \/>\n<meta name=\"twitter:card\" content=\"summary_large_image\" \/>\n<meta name=\"twitter:creator\" content=\"@portalurbanook\" \/>\n<meta name=\"twitter:site\" content=\"@portalurbanook\" \/>\n<meta name=\"twitter:label1\" content=\"Escrito por\" \/>\n\t<meta name=\"twitter:data1\" content=\"admpu17wp\" \/>\n\t<meta name=\"twitter:label2\" content=\"Tiempo de lectura\" \/>\n\t<meta name=\"twitter:data2\" content=\"2 minutos\" \/>\n<script type=\"application\/ld+json\" class=\"yoast-schema-graph\">{\"@context\":\"https:\/\/schema.org\",\"@graph\":[{\"@type\":\"Article\",\"@id\":\"https:\/\/experienciadevida.com.ar\/portalurbano\/conflicto-cementeras-aoma-acata-la-disposicion-ministerial-de-levantar-medidas-pero-no-la-comparte\/#article\",\"isPartOf\":{\"@id\":\"https:\/\/experienciadevida.com.ar\/portalurbano\/conflicto-cementeras-aoma-acata-la-disposicion-ministerial-de-levantar-medidas-pero-no-la-comparte\/\"},\"author\":{\"name\":\"admpu17wp\",\"@id\":\"https:\/\/experienciadevida.com.ar\/portalurbano\/#\/schema\/person\/02dd326b1c4b056e9cc972486934a3a7\"},\"headline\":\"Conflicto cementeras: AOMA acata la disposici\u00f3n Ministerial de levantar medidas, pero &#8220;no la comparte&#8221;\",\"datePublished\":\"2022-03-14T13:26:53+00:00\",\"dateModified\":\"2022-03-14T13:31:47+00:00\",\"mainEntityOfPage\":{\"@id\":\"https:\/\/experienciadevida.com.ar\/portalurbano\/conflicto-cementeras-aoma-acata-la-disposicion-ministerial-de-levantar-medidas-pero-no-la-comparte\/\"},\"wordCount\":263,\"publisher\":{\"@id\":\"https:\/\/experienciadevida.com.ar\/portalurbano\/#organization\"},\"articleSection\":[\"Ciudad\",\"Destacadas 2\"],\"inLanguage\":\"es\"},{\"@type\":\"WebPage\",\"@id\":\"https:\/\/experienciadevida.com.ar\/portalurbano\/conflicto-cementeras-aoma-acata-la-disposicion-ministerial-de-levantar-medidas-pero-no-la-comparte\/\",\"url\":\"https:\/\/experienciadevida.com.ar\/portalurbano\/conflicto-cementeras-aoma-acata-la-disposicion-ministerial-de-levantar-medidas-pero-no-la-comparte\/\",\"name\":\"Conflicto cementeras: AOMA acata la disposici\u00f3n ministerial\",\"isPartOf\":{\"@id\":\"https:\/\/experienciadevida.com.ar\/portalurbano\/#website\"},\"datePublished\":\"2022-03-14T13:26:53+00:00\",\"dateModified\":\"2022-03-14T13:31:47+00:00\",\"description\":\"Conflicto cementeras: AOMA acata la disposici\u00f3n Ministerial de levantar medidas, pero \\\"no la comparte\\\", se dejan sin efecto\",\"breadcrumb\":{\"@id\":\"https:\/\/experienciadevida.com.ar\/portalurbano\/conflicto-cementeras-aoma-acata-la-disposicion-ministerial-de-levantar-medidas-pero-no-la-comparte\/#breadcrumb\"},\"inLanguage\":\"es\",\"potentialAction\":[{\"@type\":\"ReadAction\",\"target\":[\"https:\/\/experienciadevida.com.ar\/portalurbano\/conflicto-cementeras-aoma-acata-la-disposicion-ministerial-de-levantar-medidas-pero-no-la-comparte\/\"]}]},{\"@type\":\"BreadcrumbList\",\"@id\":\"https:\/\/experienciadevida.com.ar\/portalurbano\/conflicto-cementeras-aoma-acata-la-disposicion-ministerial-de-levantar-medidas-pero-no-la-comparte\/#breadcrumb\",\"itemListElement\":[{\"@type\":\"ListItem\",\"position\":1,\"name\":\"Portada\",\"item\":\"https:\/\/experienciadevida.com.ar\/portalurbano\/\"},{\"@type\":\"ListItem\",\"position\":2,\"name\":\"Conflicto cementeras: AOMA acata la disposici\u00f3n Ministerial de levantar medidas, pero \u00abno la comparte\u00bb\"}]},{\"@type\":\"WebSite\",\"@id\":\"https:\/\/experienciadevida.com.ar\/portalurbano\/#website\",\"url\":\"https:\/\/experienciadevida.com.ar\/portalurbano\/\",\"name\":\"\",\"description\":\"\",\"publisher\":{\"@id\":\"https:\/\/experienciadevida.com.ar\/portalurbano\/#organization\"},\"potentialAction\":[{\"@type\":\"SearchAction\",\"target\":{\"@type\":\"EntryPoint\",\"urlTemplate\":\"https:\/\/experienciadevida.com.ar\/portalurbano\/?s={search_term_string}\"},\"query-input\":\"required name=search_term_string\"}],\"inLanguage\":\"es\"},{\"@type\":\"Organization\",\"@id\":\"https:\/\/experienciadevida.com.ar\/portalurbano\/#organization\",\"name\":\"Portal Urbano\",\"url\":\"https:\/\/experienciadevida.com.ar\/portalurbano\/\",\"logo\":{\"@type\":\"ImageObject\",\"inLanguage\":\"es\",\"@id\":\"https:\/\/experienciadevida.com.ar\/portalurbano\/#\/schema\/logo\/image\/\",\"url\":\"https:\/\/experienciadevida.com.ar\/portalurbano\/wp-content\/uploads\/2019\/09\/Logo-Original.png\",\"contentUrl\":\"https:\/\/experienciadevida.com.ar\/portalurbano\/wp-content\/uploads\/2019\/09\/Logo-Original.png\",\"width\":2236,\"height\":1216,\"caption\":\"Portal Urbano\"},\"image\":{\"@id\":\"https:\/\/experienciadevida.com.ar\/portalurbano\/#\/schema\/logo\/image\/\"},\"sameAs\":[\"https:\/\/www.facebook.com\/Portal-Urbano-171542830093757\/\",\"https:\/\/twitter.com\/portalurbanook\",\"https:\/\/www.instagram.com\/_portalurbano\/\",\"https:\/\/www.youtube.com\/channel\/UCXhagIfszH8KxFiOok79zbA?view_as=subscriber\"]},{\"@type\":\"Person\",\"@id\":\"https:\/\/experienciadevida.com.ar\/portalurbano\/#\/schema\/person\/02dd326b1c4b056e9cc972486934a3a7\",\"name\":\"admpu17wp\",\"image\":{\"@type\":\"ImageObject\",\"inLanguage\":\"es\",\"@id\":\"https:\/\/experienciadevida.com.ar\/portalurbano\/#\/schema\/person\/image\/\",\"url\":\"https:\/\/secure.gravatar.com\/avatar\/830d4c57adaae6630765e449a6908047?s=96&d=mm&r=g\",\"contentUrl\":\"https:\/\/secure.gravatar.com\/avatar\/830d4c57adaae6630765e449a6908047?s=96&d=mm&r=g\",\"caption\":\"admpu17wp\"}}]}<\/script>\n<!-- \/ Yoast SEO plugin. -->","yoast_head_json":{"title":"Conflicto cementeras: AOMA acata la disposici\u00f3n ministerial","description":"Conflicto cementeras: AOMA acata la disposici\u00f3n Ministerial de levantar medidas, pero \"no la comparte\", se dejan sin efecto","robots":{"index":"index","follow":"follow","max-snippet":"max-snippet:-1","max-image-preview":"max-image-preview:large","max-video-preview":"max-video-preview:-1"},"canonical":"https:\/\/experienciadevida.com.ar\/portalurbano\/conflicto-cementeras-aoma-acata-la-disposicion-ministerial-de-levantar-medidas-pero-no-la-comparte\/","og_locale":"es_ES","og_type":"article","og_title":"Conflicto cementeras: AOMA acata la disposici\u00f3n ministerial","og_description":"Conflicto cementeras: AOMA acata la disposici\u00f3n Ministerial de levantar medidas, pero \"no la comparte\", se dejan sin efecto","og_url":"https:\/\/experienciadevida.com.ar\/portalurbano\/conflicto-cementeras-aoma-acata-la-disposicion-ministerial-de-levantar-medidas-pero-no-la-comparte\/","article_publisher":"https:\/\/www.facebook.com\/Portal-Urbano-171542830093757\/","article_published_time":"2022-03-14T13:26:53+00:00","article_modified_time":"2022-03-14T13:31:47+00:00","og_image":[{"width":696,"height":386,"url":"https:\/\/experienciadevida.com.ar\/portalurbano\/wp-content\/uploads\/2022\/03\/Conflicto-cementeras.jpg","type":"image\/jpeg"}],"author":"admpu17wp","twitter_card":"summary_large_image","twitter_creator":"@portalurbanook","twitter_site":"@portalurbanook","twitter_misc":{"Escrito por":"admpu17wp","Tiempo de lectura":"2 minutos"},"schema":{"@context":"https:\/\/schema.org","@graph":[{"@type":"Article","@id":"https:\/\/experienciadevida.com.ar\/portalurbano\/conflicto-cementeras-aoma-acata-la-disposicion-ministerial-de-levantar-medidas-pero-no-la-comparte\/#article","isPartOf":{"@id":"https:\/\/experienciadevida.com.ar\/portalurbano\/conflicto-cementeras-aoma-acata-la-disposicion-ministerial-de-levantar-medidas-pero-no-la-comparte\/"},"author":{"name":"admpu17wp","@id":"https:\/\/experienciadevida.com.ar\/portalurbano\/#\/schema\/person\/02dd326b1c4b056e9cc972486934a3a7"},"headline":"Conflicto cementeras: AOMA acata la disposici\u00f3n Ministerial de levantar medidas, pero &#8220;no la comparte&#8221;","datePublished":"2022-03-14T13:26:53+00:00","dateModified":"2022-03-14T13:31:47+00:00","mainEntityOfPage":{"@id":"https:\/\/experienciadevida.com.ar\/portalurbano\/conflicto-cementeras-aoma-acata-la-disposicion-ministerial-de-levantar-medidas-pero-no-la-comparte\/"},"wordCount":263,"publisher":{"@id":"https:\/\/experienciadevida.com.ar\/portalurbano\/#organization"},"articleSection":["Ciudad","Destacadas 2"],"inLanguage":"es"},{"@type":"WebPage","@id":"https:\/\/experienciadevida.com.ar\/portalurbano\/conflicto-cementeras-aoma-acata-la-disposicion-ministerial-de-levantar-medidas-pero-no-la-comparte\/","url":"https:\/\/experienciadevida.com.ar\/portalurbano\/conflicto-cementeras-aoma-acata-la-disposicion-ministerial-de-levantar-medidas-pero-no-la-comparte\/","name":"Conflicto cementeras: AOMA acata la disposici\u00f3n ministerial","isPartOf":{"@id":"https:\/\/experienciadevida.com.ar\/portalurbano\/#website"},"datePublished":"2022-03-14T13:26:53+00:00","dateModified":"2022-03-14T13:31:47+00:00","description":"Conflicto cementeras: AOMA acata la disposici\u00f3n Ministerial de levantar medidas, pero \"no la comparte\", se dejan sin efecto","breadcrumb":{"@id":"https:\/\/experienciadevida.com.ar\/portalurbano\/conflicto-cementeras-aoma-acata-la-disposicion-ministerial-de-levantar-medidas-pero-no-la-comparte\/#breadcrumb"},"inLanguage":"es","potentialAction":[{"@type":"ReadAction","target":["https:\/\/experienciadevida.com.ar\/portalurbano\/conflicto-cementeras-aoma-acata-la-disposicion-ministerial-de-levantar-medidas-pero-no-la-comparte\/"]}]},{"@type":"BreadcrumbList","@id":"https:\/\/experienciadevida.com.ar\/portalurbano\/conflicto-cementeras-aoma-acata-la-disposicion-ministerial-de-levantar-medidas-pero-no-la-comparte\/#breadcrumb","itemListElement":[{"@type":"ListItem","position":1,"name":"Portada","item":"https:\/\/experienciadevida.com.ar\/portalurbano\/"},{"@type":"ListItem","position":2,"name":"Conflicto cementeras: AOMA acata la disposici\u00f3n Ministerial de levantar medidas, pero \u00abno la comparte\u00bb"}]},{"@type":"WebSite","@id":"https:\/\/experienciadevida.com.ar\/portalurbano\/#website","url":"https:\/\/experienciadevida.com.ar\/portalurbano\/","name":"","description":"","publisher":{"@id":"https:\/\/experienciadevida.com.ar\/portalurbano\/#organization"},"potentialAction":[{"@type":"SearchAction","target":{"@type":"EntryPoint","urlTemplate":"https:\/\/experienciadevida.com.ar\/portalurbano\/?s={search_term_string}"},"query-input":"required name=search_term_string"}],"inLanguage":"es"},{"@type":"Organization","@id":"https:\/\/experienciadevida.com.ar\/portalurbano\/#organization","name":"Portal Urbano","url":"https:\/\/experienciadevida.com.ar\/portalurbano\/","logo":{"@type":"ImageObject","inLanguage":"es","@id":"https:\/\/experienciadevida.com.ar\/portalurbano\/#\/schema\/logo\/image\/","url":"https:\/\/experienciadevida.com.ar\/portalurbano\/wp-content\/uploads\/2019\/09\/Logo-Original.png","contentUrl":"https:\/\/experienciadevida.com.ar\/portalurbano\/wp-content\/uploads\/2019\/09\/Logo-Original.png","width":2236,"height":1216,"caption":"Portal Urbano"},"image":{"@id":"https:\/\/experienciadevida.com.ar\/portalurbano\/#\/schema\/logo\/image\/"},"sameAs":["https:\/\/www.facebook.com\/Portal-Urbano-171542830093757\/","https:\/\/twitter.com\/portalurbanook","https:\/\/www.instagram.com\/_portalurbano\/","https:\/\/www.youtube.com\/channel\/UCXhagIfszH8KxFiOok79zbA?view_as=subscriber"]},{"@type":"Person","@id":"https:\/\/experienciadevida.com.ar\/portalurbano\/#\/schema\/person\/02dd326b1c4b056e9cc972486934a3a7","name":"admpu17wp","image":{"@type":"ImageObject","inLanguage":"es","@id":"https:\/\/experienciadevida.com.ar\/portalurbano\/#\/schema\/person\/image\/","url":"https:\/\/secure.gravatar.com\/avatar\/830d4c57adaae6630765e449a6908047?s=96&d=mm&r=g","contentUrl":"https:\/\/secure.gravatar.com\/avatar\/830d4c57adaae6630765e449a6908047?s=96&d=mm&r=g","caption":"admpu17wp"}}]}},"featured_image_urls":{"full":["https:\/\/experienciadevida.com.ar\/portalurbano\/wp-content\/uploads\/2022\/03\/Conflicto-cementeras.jpg",696,386,false],"thumbnail":["https:\/\/experienciadevida.com.ar\/portalurbano\/wp-content\/uploads\/2022\/03\/Conflicto-cementeras-150x150.jpg",150,150,true],"medium":["https:\/\/experienciadevida.com.ar\/portalurbano\/wp-content\/uploads\/2022\/03\/Conflicto-cementeras-300x166.jpg",300,166,true],"medium_large":["https:\/\/experienciadevida.com.ar\/portalurbano\/wp-content\/uploads\/2022\/03\/Conflicto-cementeras.jpg",640,355,false],"large":["https:\/\/experienciadevida.com.ar\/portalurbano\/wp-content\/uploads\/2022\/03\/Conflicto-cementeras.jpg",640,355,false],"ug_big":["https:\/\/experienciadevida.com.ar\/portalurbano\/wp-content\/uploads\/2022\/03\/Conflicto-cementeras.jpg",696,386,false],"1536x1536":["https:\/\/experienciadevida.com.ar\/portalurbano\/wp-content\/uploads\/2022\/03\/Conflicto-cementeras.jpg",696,386,false],"2048x2048":["https:\/\/experienciadevida.com.ar\/portalurbano\/wp-content\/uploads\/2022\/03\/Conflicto-cementeras.jpg",696,386,false],"newsever-slider-full":["https:\/\/experienciadevida.com.ar\/portalurbano\/wp-content\/uploads\/2022\/03\/Conflicto-cementeras.jpg",696,386,false],"newsever-featured":["https:\/\/experienciadevida.com.ar\/portalurbano\/wp-content\/uploads\/2022\/03\/Conflicto-cementeras.jpg",696,386,false],"newsever-medium":["https:\/\/experienciadevida.com.ar\/portalurbano\/wp-content\/uploads\/2022\/03\/Conflicto-cementeras.jpg",696,386,false],"web-stories-poster-portrait":["https:\/\/experienciadevida.com.ar\/portalurbano\/wp-content\/uploads\/2022\/03\/Conflicto-cementeras.jpg",640,355,false],"web-stories-publisher-logo":["https:\/\/experienciadevida.com.ar\/portalurbano\/wp-content\/uploads\/2022\/03\/Conflicto-cementeras.jpg",96,53,false],"web-stories-thumbnail":["https:\/\/experienciadevida.com.ar\/portalurbano\/wp-content\/uploads\/2022\/03\/Conflicto-cementeras.jpg",150,83,false]},"author_info":{"display_name":"admpu17wp","author_link":"https:\/\/experienciadevida.com.ar\/portalurbano\/author\/admpu17wp\/"},"category_info":"<a href=\"https:\/\/experienciadevida.com.ar\/portalurbano\/category\/ciudad\/\" rel=\"category tag\">Ciudad<\/a> <a href=\"https:\/\/experienciadevida.com.ar\/portalurbano\/category\/destacadas-2\/\" rel=\"category tag\">Destacadas 2<\/a>","tag_info":"Destacadas 2","comment_count":"0","amp_enabled":true,"_links":{"self":[{"href":"https:\/\/experienciadevida.com.ar\/portalurbano\/wp-json\/wp\/v2\/posts\/163422"}],"collection":[{"href":"https:\/\/experienciadevida.com.ar\/portalurbano\/wp-json\/wp\/v2\/posts"}],"about":[{"href":"https:\/\/experienciadevida.com.ar\/portalurbano\/wp-json\/wp\/v2\/types\/post"}],"author":[{"embeddable":true,"href":"https:\/\/experienciadevida.com.ar\/portalurbano\/wp-json\/wp\/v2\/users\/1"}],"replies":[{"embeddable":true,"href":"https:\/\/experienciadevida.com.ar\/portalurbano\/wp-json\/wp\/v2\/comments?post=163422"}],"version-history":[{"count":2,"href":"https:\/\/experienciadevida.com.ar\/portalurbano\/wp-json\/wp\/v2\/posts\/163422\/revisions"}],"predecessor-version":[{"id":163425,"href":"https:\/\/experienciadevida.com.ar\/portalurbano\/wp-json\/wp\/v2\/posts\/163422\/revisions\/163425"}],"wp:featuredmedia":[{"embeddable":true,"href":"https:\/\/experienciadevida.com.ar\/portalurbano\/wp-json\/wp\/v2\/media\/163423"}],"wp:attachment":[{"href":"https:\/\/experienciadevida.com.ar\/portalurbano\/wp-json\/wp\/v2\/media?parent=163422"}],"wp:term":[{"taxonomy":"category","embeddable":true,"href":"https:\/\/experienciadevida.com.ar\/portalurbano\/wp-json\/wp\/v2\/categories?post=163422"},{"taxonomy":"post_tag","embeddable":true,"href":"https:\/\/experienciadevida.com.ar\/portalurbano\/wp-json\/wp\/v2\/tags?post=163422"}],"curies":[{"name":"wp","href":"https:\/\/api.w.org\/{rel}","templated":true}]}}