{"id":163399,"date":"2022-03-13T13:20:30","date_gmt":"2022-03-13T16:20:30","guid":{"rendered":"https:\/\/experienciadevida.com.ar\/portalurbano\/?p=163399"},"modified":"2022-03-13T13:25:18","modified_gmt":"2022-03-13T16:25:18","slug":"la-10-edicion-de-la-kreppelfest-es-una-fiesta","status":"publish","type":"post","link":"https:\/\/experienciadevida.com.ar\/portalurbano\/la-10-edicion-de-la-kreppelfest-es-una-fiesta\/","title":{"rendered":"La 10\u00b0 edici\u00f3n de la Kreppelfest es una fiesta"},"content":{"rendered":"<p>La 10\u00b0 edici\u00f3n de la Kreppelfest es una fiesta, este domingo por la ma\u00f1ana se realiz\u00f3 el acto protocolar de la 10\u00b0 Kreppelfest en Colonia Hinojo.<\/p>\n<p><a href=\"https:\/\/experienciadevida.com.ar\/portalurbano\/la-10-edicion-de-la-kreppelfest-es-una-fiesta\/la-5\/\" rel=\"attachment wp-att-163403\"><img decoding=\"async\" class=\"alignnone size-large wp-image-163403\" src=\"https:\/\/experienciadevida.com.ar\/portalurbano\/wp-content\/uploads\/2022\/03\/La-1024x684.jpg\" alt=\"La \" width=\"900\" height=\"601\" srcset=\"https:\/\/experienciadevida.com.ar\/portalurbano\/wp-content\/uploads\/2022\/03\/La-1024x684.jpg 1024w, https:\/\/experienciadevida.com.ar\/portalurbano\/wp-content\/uploads\/2022\/03\/La-300x201.jpg 300w, https:\/\/experienciadevida.com.ar\/portalurbano\/wp-content\/uploads\/2022\/03\/La-768x513.jpg 768w, https:\/\/experienciadevida.com.ar\/portalurbano\/wp-content\/uploads\/2022\/03\/La-1536x1027.jpg 1536w, https:\/\/experienciadevida.com.ar\/portalurbano\/wp-content\/uploads\/2022\/03\/La-2048x1369.jpg 2048w\" sizes=\"(max-width: 900px) 100vw, 900px\" \/><\/a><\/p>\n<p>El mismo fue encabezado por el intendente Ezequiel <a href=\"https:\/\/www.instagram.com\/galliezequiel\/?hl=es-la\">Galli<\/a>, acompa\u00f1ado de la presidente del HCD Cecilia <a href=\"https:\/\/www.instagram.com\/ceciliakrivochen\/?hl=es-la\">Krivochen<\/a>, el subsecretario de Cultura y Educaci\u00f3n Bruno <a href=\"https:\/\/www.instagram.com\/brunocenizo\/?hl=es-la\">Cenizo<\/a>, el delegado de la localidad Ra\u00fal Kuhn, funcionarios municipales, concejales del HCD, comisi\u00f3n organizadora de la Kreppelfest y p\u00fablico en general.<\/p>\n<p>Comenz\u00f3 pasadas las 11 horas, con la bendici\u00f3n de los kreppel y el saludo de bienvenida por parte de Rosa Estela Steinbach en alem\u00e1n.<\/p>\n<p>Luego, el Delegado de la localidad, junto con el Intendente entregaron un presente a Hugo Scwindt (en representaci\u00f3n de la comisi\u00f3n organizadora) por la 10ma edici\u00f3n de la fiesta.<\/p>\n<p>La 10\u00b0 edici\u00f3n de la Kreppelfest es una fiesta,\u00a0 \u201cTenemos un d\u00eda hermoso para disfrutar de esta 10\u00b0 Kreppelfest y que la podamos hacer, realmente es algo maravilloso. Despu\u00e9s de dos a\u00f1os que la Pandemia no nos los permiti\u00f3. Fue la primera fiesta que suspendimos en marzo del 2020 cuando todav\u00eda est\u00e1bamos esperando a ver que iba a pasar con este virus que estaba circulando por el resto del mundo. Tomamos la decisi\u00f3n, en ese momento dif\u00edcil porque ya se hab\u00eda trabajado mucho en la organizaci\u00f3n\u201d, sostuvo el intendente Galli.<\/p>\n<p>Adem\u00e1s celebr\u00f3 \u201choy volver a encontrarnos, cara a cara, poder celebrar, poder comer las famosas kreppel. A Hugo y toda la comisi\u00f3n, gracias por todo el trabajo que hacen, la verdad que le ponen una pasi\u00f3n impresionante para que la fiesta sea lo que es y mantener viva la tradici\u00f3n, las ra\u00edces, poder seguir transmitiendo de generaci\u00f3n en generaci\u00f3n la cultura de los Alemanes del Volga realmente es algo que nos identifica como pueblo, y esto es parte de la cultura de Olavarr\u00eda\u201d.<\/p>\n<p>\u201cLes deseo un d\u00eda maravilloso a todos, que la fiesta salga muy linda, como siempre, como nos ten\u00edan acostumbrados. El n\u00famero 10 no es poco, los n\u00fameros redondos siempre se celebran un poquito m\u00e1s. Que pasen un hermoso domingo y tengan una maravillosa Kreppelfest\u201d, concluy\u00f3.<\/p>\n<p>La 10\u00b0 edici\u00f3n de la Kreppelfest es una fiesta, Tras la entonaci\u00f3n del Himno Nacional Argentino y las estrofas del Himno de Alemania, comenz\u00f3 la fiesta de manera oficial con la degustaci\u00f3n de los kreppel.<\/p>\n<p>Luego del acto, el Intendente se traslad\u00f3 hasta las instalaciones del Colegio Santa Teresa, en donde se plantaron dos olivos como s\u00edmbolo de paz en el mundo. La iniciativa pretende continuar en el tiempo como propuesta pedag\u00f3gica en la instituci\u00f3n y que los alumnos egresados puedan plantar \u00e1rboles en representaci\u00f3n.<\/p>\n<p><a href=\"https:\/\/experienciadevida.com.ar\/portalurbano\/la-10-edicion-de-la-kreppelfest-es-una-fiesta\/attachment\/10\/\" rel=\"attachment wp-att-163404\"><img decoding=\"async\" class=\"alignnone size-large wp-image-163404\" src=\"https:\/\/experienciadevida.com.ar\/portalurbano\/wp-content\/uploads\/2022\/03\/10-1024x684.jpg\" alt=\"10 \" width=\"900\" height=\"601\" srcset=\"https:\/\/experienciadevida.com.ar\/portalurbano\/wp-content\/uploads\/2022\/03\/10-1024x684.jpg 1024w, https:\/\/experienciadevida.com.ar\/portalurbano\/wp-content\/uploads\/2022\/03\/10-300x201.jpg 300w, https:\/\/experienciadevida.com.ar\/portalurbano\/wp-content\/uploads\/2022\/03\/10-768x513.jpg 768w, https:\/\/experienciadevida.com.ar\/portalurbano\/wp-content\/uploads\/2022\/03\/10-1536x1027.jpg 1536w, https:\/\/experienciadevida.com.ar\/portalurbano\/wp-content\/uploads\/2022\/03\/10-2048x1369.jpg 2048w\" sizes=\"(max-width: 900px) 100vw, 900px\" \/><\/a><\/p>\n<p>Finalmente, el Intendente recorri\u00f3 los puestos de puestos de comida, food trucks, artesanos y patio cervecero que se disponen sobre Av. De los Fundadores.<\/p>\n<p>A las 14:30 se realizar\u00e1 la elaboraci\u00f3n del kreppel en vivo. El desfile ser\u00e1 a las 17:30 horas y posteriormente, llegar\u00e1 el momento m\u00e1s esperado: \u201cEl show del spicher\u201d, previsto para las 19:30 horas.<\/p>\n<p>Para el cierre, a las 22 horas, se anunci\u00f3 el gran show de Santamarta, que con un importante recorrido por distintos escenarios, estar\u00e1 en Colonia Hinojo para revivir sus grandes hits en la movida tropical.<\/p>\n","protected":false},"excerpt":{"rendered":"<p>La 10\u00b0 edici\u00f3n de la Kreppelfest es una fiesta, este domingo por la ma\u00f1ana se&#8230;<\/p>\n","protected":false},"author":1,"featured_media":163400,"comment_status":"closed","ping_status":"closed","sticky":false,"template":"","format":"standard","meta":{"content-type":""},"categories":[27,51],"tags":[],"nelio_content":{"isAutoShareEnabled":false,"autoShareEndMode":"default","automationSources":{"useContentSentences":true,"useSocialTemplates":true,"useCustomSentences":false,"customSentences":[]},"followers":[1],"suggestedReferences":[],"includedReferences":["https:\/\/www.instagram.com\/galliezequiel\/?hl=es-la","https:\/\/www.instagram.com\/ceciliakrivochen\/?hl=es-la","https:\/\/www.instagram.com\/brunocenizo\/?hl=es-la"],"efiUrl":"","efiAlt":"","highlights":[]},"yoast_head":"<!-- This site is optimized with the Yoast SEO plugin v20.7 - https:\/\/yoast.com\/wordpress\/plugins\/seo\/ -->\n<title>La 10\u00b0 edici\u00f3n de la Kreppelfest es una fiesta<\/title>\n<meta name=\"description\" content=\"La 10\u00b0 edici\u00f3n de la Kreppelfest es una fiesta, este domingo por la ma\u00f1ana se realiz\u00f3 el acto protocolar de la 10\u00b0 Kreppelfest\" \/>\n<meta name=\"robots\" content=\"index, follow, max-snippet:-1, max-image-preview:large, max-video-preview:-1\" \/>\n<link rel=\"canonical\" href=\"https:\/\/experienciadevida.com.ar\/portalurbano\/la-10-edicion-de-la-kreppelfest-es-una-fiesta\/\" \/>\n<meta property=\"og:locale\" content=\"es_ES\" \/>\n<meta property=\"og:type\" content=\"article\" \/>\n<meta property=\"og:title\" content=\"La 10\u00b0 edici\u00f3n de la Kreppelfest es una fiesta\" \/>\n<meta property=\"og:description\" content=\"La 10\u00b0 edici\u00f3n de la Kreppelfest es una fiesta, este domingo por la ma\u00f1ana se realiz\u00f3 el acto protocolar de la 10\u00b0 Kreppelfest\" \/>\n<meta property=\"og:url\" content=\"https:\/\/experienciadevida.com.ar\/portalurbano\/la-10-edicion-de-la-kreppelfest-es-una-fiesta\/\" \/>\n<meta property=\"article:publisher\" content=\"https:\/\/www.facebook.com\/Portal-Urbano-171542830093757\/\" \/>\n<meta property=\"article:published_time\" content=\"2022-03-13T16:20:30+00:00\" \/>\n<meta property=\"article:modified_time\" content=\"2022-03-13T16:25:18+00:00\" \/>\n<meta property=\"og:image\" content=\"https:\/\/experienciadevida.com.ar\/portalurbano\/wp-content\/uploads\/2022\/03\/La-10.jpg\" \/>\n\t<meta property=\"og:image:width\" content=\"2560\" \/>\n\t<meta property=\"og:image:height\" content=\"1711\" \/>\n\t<meta property=\"og:image:type\" content=\"image\/jpeg\" \/>\n<meta name=\"author\" content=\"admpu17wp\" \/>\n<meta name=\"twitter:card\" content=\"summary_large_image\" \/>\n<meta name=\"twitter:creator\" content=\"@portalurbanook\" \/>\n<meta name=\"twitter:site\" content=\"@portalurbanook\" \/>\n<meta name=\"twitter:label1\" content=\"Escrito por\" \/>\n\t<meta name=\"twitter:data1\" content=\"admpu17wp\" \/>\n\t<meta name=\"twitter:label2\" content=\"Tiempo de lectura\" \/>\n\t<meta name=\"twitter:data2\" content=\"3 minutos\" \/>\n<script type=\"application\/ld+json\" class=\"yoast-schema-graph\">{\"@context\":\"https:\/\/schema.org\",\"@graph\":[{\"@type\":\"Article\",\"@id\":\"https:\/\/experienciadevida.com.ar\/portalurbano\/la-10-edicion-de-la-kreppelfest-es-una-fiesta\/#article\",\"isPartOf\":{\"@id\":\"https:\/\/experienciadevida.com.ar\/portalurbano\/la-10-edicion-de-la-kreppelfest-es-una-fiesta\/\"},\"author\":{\"name\":\"admpu17wp\",\"@id\":\"https:\/\/experienciadevida.com.ar\/portalurbano\/#\/schema\/person\/02dd326b1c4b056e9cc972486934a3a7\"},\"headline\":\"La 10\u00b0 edici\u00f3n de la Kreppelfest es una fiesta\",\"datePublished\":\"2022-03-13T16:20:30+00:00\",\"dateModified\":\"2022-03-13T16:25:18+00:00\",\"mainEntityOfPage\":{\"@id\":\"https:\/\/experienciadevida.com.ar\/portalurbano\/la-10-edicion-de-la-kreppelfest-es-una-fiesta\/\"},\"wordCount\":562,\"publisher\":{\"@id\":\"https:\/\/experienciadevida.com.ar\/portalurbano\/#organization\"},\"articleSection\":[\"Ciudad\",\"Destacadas\"],\"inLanguage\":\"es\"},{\"@type\":\"WebPage\",\"@id\":\"https:\/\/experienciadevida.com.ar\/portalurbano\/la-10-edicion-de-la-kreppelfest-es-una-fiesta\/\",\"url\":\"https:\/\/experienciadevida.com.ar\/portalurbano\/la-10-edicion-de-la-kreppelfest-es-una-fiesta\/\",\"name\":\"La 10\u00b0 edici\u00f3n de la Kreppelfest es una fiesta\",\"isPartOf\":{\"@id\":\"https:\/\/experienciadevida.com.ar\/portalurbano\/#website\"},\"datePublished\":\"2022-03-13T16:20:30+00:00\",\"dateModified\":\"2022-03-13T16:25:18+00:00\",\"description\":\"La 10\u00b0 edici\u00f3n de la Kreppelfest es una fiesta, este domingo por la ma\u00f1ana se realiz\u00f3 el acto protocolar de la 10\u00b0 Kreppelfest\",\"breadcrumb\":{\"@id\":\"https:\/\/experienciadevida.com.ar\/portalurbano\/la-10-edicion-de-la-kreppelfest-es-una-fiesta\/#breadcrumb\"},\"inLanguage\":\"es\",\"potentialAction\":[{\"@type\":\"ReadAction\",\"target\":[\"https:\/\/experienciadevida.com.ar\/portalurbano\/la-10-edicion-de-la-kreppelfest-es-una-fiesta\/\"]}]},{\"@type\":\"BreadcrumbList\",\"@id\":\"https:\/\/experienciadevida.com.ar\/portalurbano\/la-10-edicion-de-la-kreppelfest-es-una-fiesta\/#breadcrumb\",\"itemListElement\":[{\"@type\":\"ListItem\",\"position\":1,\"name\":\"Portada\",\"item\":\"https:\/\/experienciadevida.com.ar\/portalurbano\/\"},{\"@type\":\"ListItem\",\"position\":2,\"name\":\"La 10\u00b0 edici\u00f3n de la Kreppelfest es una fiesta\"}]},{\"@type\":\"WebSite\",\"@id\":\"https:\/\/experienciadevida.com.ar\/portalurbano\/#website\",\"url\":\"https:\/\/experienciadevida.com.ar\/portalurbano\/\",\"name\":\"\",\"description\":\"\",\"publisher\":{\"@id\":\"https:\/\/experienciadevida.com.ar\/portalurbano\/#organization\"},\"potentialAction\":[{\"@type\":\"SearchAction\",\"target\":{\"@type\":\"EntryPoint\",\"urlTemplate\":\"https:\/\/experienciadevida.com.ar\/portalurbano\/?s={search_term_string}\"},\"query-input\":\"required name=search_term_string\"}],\"inLanguage\":\"es\"},{\"@type\":\"Organization\",\"@id\":\"https:\/\/experienciadevida.com.ar\/portalurbano\/#organization\",\"name\":\"Portal Urbano\",\"url\":\"https:\/\/experienciadevida.com.ar\/portalurbano\/\",\"logo\":{\"@type\":\"ImageObject\",\"inLanguage\":\"es\",\"@id\":\"https:\/\/experienciadevida.com.ar\/portalurbano\/#\/schema\/logo\/image\/\",\"url\":\"https:\/\/experienciadevida.com.ar\/portalurbano\/wp-content\/uploads\/2019\/09\/Logo-Original.png\",\"contentUrl\":\"https:\/\/experienciadevida.com.ar\/portalurbano\/wp-content\/uploads\/2019\/09\/Logo-Original.png\",\"width\":2236,\"height\":1216,\"caption\":\"Portal Urbano\"},\"image\":{\"@id\":\"https:\/\/experienciadevida.com.ar\/portalurbano\/#\/schema\/logo\/image\/\"},\"sameAs\":[\"https:\/\/www.facebook.com\/Portal-Urbano-171542830093757\/\",\"https:\/\/twitter.com\/portalurbanook\",\"https:\/\/www.instagram.com\/_portalurbano\/\",\"https:\/\/www.youtube.com\/channel\/UCXhagIfszH8KxFiOok79zbA?view_as=subscriber\"]},{\"@type\":\"Person\",\"@id\":\"https:\/\/experienciadevida.com.ar\/portalurbano\/#\/schema\/person\/02dd326b1c4b056e9cc972486934a3a7\",\"name\":\"admpu17wp\",\"image\":{\"@type\":\"ImageObject\",\"inLanguage\":\"es\",\"@id\":\"https:\/\/experienciadevida.com.ar\/portalurbano\/#\/schema\/person\/image\/\",\"url\":\"https:\/\/secure.gravatar.com\/avatar\/830d4c57adaae6630765e449a6908047?s=96&d=mm&r=g\",\"contentUrl\":\"https:\/\/secure.gravatar.com\/avatar\/830d4c57adaae6630765e449a6908047?s=96&d=mm&r=g\",\"caption\":\"admpu17wp\"}}]}<\/script>\n<!-- \/ Yoast SEO plugin. -->","yoast_head_json":{"title":"La 10\u00b0 edici\u00f3n de la Kreppelfest es una fiesta","description":"La 10\u00b0 edici\u00f3n de la Kreppelfest es una fiesta, este domingo por la ma\u00f1ana se realiz\u00f3 el acto protocolar de la 10\u00b0 Kreppelfest","robots":{"index":"index","follow":"follow","max-snippet":"max-snippet:-1","max-image-preview":"max-image-preview:large","max-video-preview":"max-video-preview:-1"},"canonical":"https:\/\/experienciadevida.com.ar\/portalurbano\/la-10-edicion-de-la-kreppelfest-es-una-fiesta\/","og_locale":"es_ES","og_type":"article","og_title":"La 10\u00b0 edici\u00f3n de la Kreppelfest es una fiesta","og_description":"La 10\u00b0 edici\u00f3n de la Kreppelfest es una fiesta, este domingo por la ma\u00f1ana se realiz\u00f3 el acto protocolar de la 10\u00b0 Kreppelfest","og_url":"https:\/\/experienciadevida.com.ar\/portalurbano\/la-10-edicion-de-la-kreppelfest-es-una-fiesta\/","article_publisher":"https:\/\/www.facebook.com\/Portal-Urbano-171542830093757\/","article_published_time":"2022-03-13T16:20:30+00:00","article_modified_time":"2022-03-13T16:25:18+00:00","og_image":[{"width":2560,"height":1711,"url":"https:\/\/experienciadevida.com.ar\/portalurbano\/wp-content\/uploads\/2022\/03\/La-10.jpg","type":"image\/jpeg"}],"author":"admpu17wp","twitter_card":"summary_large_image","twitter_creator":"@portalurbanook","twitter_site":"@portalurbanook","twitter_misc":{"Escrito por":"admpu17wp","Tiempo de lectura":"3 minutos"},"schema":{"@context":"https:\/\/schema.org","@graph":[{"@type":"Article","@id":"https:\/\/experienciadevida.com.ar\/portalurbano\/la-10-edicion-de-la-kreppelfest-es-una-fiesta\/#article","isPartOf":{"@id":"https:\/\/experienciadevida.com.ar\/portalurbano\/la-10-edicion-de-la-kreppelfest-es-una-fiesta\/"},"author":{"name":"admpu17wp","@id":"https:\/\/experienciadevida.com.ar\/portalurbano\/#\/schema\/person\/02dd326b1c4b056e9cc972486934a3a7"},"headline":"La 10\u00b0 edici\u00f3n de la Kreppelfest es una fiesta","datePublished":"2022-03-13T16:20:30+00:00","dateModified":"2022-03-13T16:25:18+00:00","mainEntityOfPage":{"@id":"https:\/\/experienciadevida.com.ar\/portalurbano\/la-10-edicion-de-la-kreppelfest-es-una-fiesta\/"},"wordCount":562,"publisher":{"@id":"https:\/\/experienciadevida.com.ar\/portalurbano\/#organization"},"articleSection":["Ciudad","Destacadas"],"inLanguage":"es"},{"@type":"WebPage","@id":"https:\/\/experienciadevida.com.ar\/portalurbano\/la-10-edicion-de-la-kreppelfest-es-una-fiesta\/","url":"https:\/\/experienciadevida.com.ar\/portalurbano\/la-10-edicion-de-la-kreppelfest-es-una-fiesta\/","name":"La 10\u00b0 edici\u00f3n de la Kreppelfest es una fiesta","isPartOf":{"@id":"https:\/\/experienciadevida.com.ar\/portalurbano\/#website"},"datePublished":"2022-03-13T16:20:30+00:00","dateModified":"2022-03-13T16:25:18+00:00","description":"La 10\u00b0 edici\u00f3n de la Kreppelfest es una fiesta, este domingo por la ma\u00f1ana se realiz\u00f3 el acto protocolar de la 10\u00b0 Kreppelfest","breadcrumb":{"@id":"https:\/\/experienciadevida.com.ar\/portalurbano\/la-10-edicion-de-la-kreppelfest-es-una-fiesta\/#breadcrumb"},"inLanguage":"es","potentialAction":[{"@type":"ReadAction","target":["https:\/\/experienciadevida.com.ar\/portalurbano\/la-10-edicion-de-la-kreppelfest-es-una-fiesta\/"]}]},{"@type":"BreadcrumbList","@id":"https:\/\/experienciadevida.com.ar\/portalurbano\/la-10-edicion-de-la-kreppelfest-es-una-fiesta\/#breadcrumb","itemListElement":[{"@type":"ListItem","position":1,"name":"Portada","item":"https:\/\/experienciadevida.com.ar\/portalurbano\/"},{"@type":"ListItem","position":2,"name":"La 10\u00b0 edici\u00f3n de la Kreppelfest es una fiesta"}]},{"@type":"WebSite","@id":"https:\/\/experienciadevida.com.ar\/portalurbano\/#website","url":"https:\/\/experienciadevida.com.ar\/portalurbano\/","name":"","description":"","publisher":{"@id":"https:\/\/experienciadevida.com.ar\/portalurbano\/#organization"},"potentialAction":[{"@type":"SearchAction","target":{"@type":"EntryPoint","urlTemplate":"https:\/\/experienciadevida.com.ar\/portalurbano\/?s={search_term_string}"},"query-input":"required name=search_term_string"}],"inLanguage":"es"},{"@type":"Organization","@id":"https:\/\/experienciadevida.com.ar\/portalurbano\/#organization","name":"Portal Urbano","url":"https:\/\/experienciadevida.com.ar\/portalurbano\/","logo":{"@type":"ImageObject","inLanguage":"es","@id":"https:\/\/experienciadevida.com.ar\/portalurbano\/#\/schema\/logo\/image\/","url":"https:\/\/experienciadevida.com.ar\/portalurbano\/wp-content\/uploads\/2019\/09\/Logo-Original.png","contentUrl":"https:\/\/experienciadevida.com.ar\/portalurbano\/wp-content\/uploads\/2019\/09\/Logo-Original.png","width":2236,"height":1216,"caption":"Portal Urbano"},"image":{"@id":"https:\/\/experienciadevida.com.ar\/portalurbano\/#\/schema\/logo\/image\/"},"sameAs":["https:\/\/www.facebook.com\/Portal-Urbano-171542830093757\/","https:\/\/twitter.com\/portalurbanook","https:\/\/www.instagram.com\/_portalurbano\/","https:\/\/www.youtube.com\/channel\/UCXhagIfszH8KxFiOok79zbA?view_as=subscriber"]},{"@type":"Person","@id":"https:\/\/experienciadevida.com.ar\/portalurbano\/#\/schema\/person\/02dd326b1c4b056e9cc972486934a3a7","name":"admpu17wp","image":{"@type":"ImageObject","inLanguage":"es","@id":"https:\/\/experienciadevida.com.ar\/portalurbano\/#\/schema\/person\/image\/","url":"https:\/\/secure.gravatar.com\/avatar\/830d4c57adaae6630765e449a6908047?s=96&d=mm&r=g","contentUrl":"https:\/\/secure.gravatar.com\/avatar\/830d4c57adaae6630765e449a6908047?s=96&d=mm&r=g","caption":"admpu17wp"}}]}},"featured_image_urls":{"full":["https:\/\/experienciadevida.com.ar\/portalurbano\/wp-content\/uploads\/2022\/03\/La-10.jpg",2560,1711,false],"thumbnail":["https:\/\/experienciadevida.com.ar\/portalurbano\/wp-content\/uploads\/2022\/03\/La-10-150x150.jpg",150,150,true],"medium":["https:\/\/experienciadevida.com.ar\/portalurbano\/wp-content\/uploads\/2022\/03\/La-10-300x201.jpg",300,201,true],"medium_large":["https:\/\/experienciadevida.com.ar\/portalurbano\/wp-content\/uploads\/2022\/03\/La-10-768x513.jpg",640,428,true],"large":["https:\/\/experienciadevida.com.ar\/portalurbano\/wp-content\/uploads\/2022\/03\/La-10-1024x684.jpg",640,428,true],"ug_big":["https:\/\/experienciadevida.com.ar\/portalurbano\/wp-content\/uploads\/2022\/03\/La-10-768x513.jpg",768,513,true],"1536x1536":["https:\/\/experienciadevida.com.ar\/portalurbano\/wp-content\/uploads\/2022\/03\/La-10-1536x1027.jpg",1536,1027,true],"2048x2048":["https:\/\/experienciadevida.com.ar\/portalurbano\/wp-content\/uploads\/2022\/03\/La-10-2048x1369.jpg",2048,1369,true],"newsever-slider-full":["https:\/\/experienciadevida.com.ar\/portalurbano\/wp-content\/uploads\/2022\/03\/La-10.jpg",1264,845,false],"newsever-featured":["https:\/\/experienciadevida.com.ar\/portalurbano\/wp-content\/uploads\/2022\/03\/La-10.jpg",1024,684,false],"newsever-medium":["https:\/\/experienciadevida.com.ar\/portalurbano\/wp-content\/uploads\/2022\/03\/La-10.jpg",711,475,false],"web-stories-poster-portrait":["https:\/\/experienciadevida.com.ar\/portalurbano\/wp-content\/uploads\/2022\/03\/La-10.jpg",640,428,false],"web-stories-publisher-logo":["https:\/\/experienciadevida.com.ar\/portalurbano\/wp-content\/uploads\/2022\/03\/La-10.jpg",96,64,false],"web-stories-thumbnail":["https:\/\/experienciadevida.com.ar\/portalurbano\/wp-content\/uploads\/2022\/03\/La-10.jpg",150,100,false]},"author_info":{"display_name":"admpu17wp","author_link":"https:\/\/experienciadevida.com.ar\/portalurbano\/author\/admpu17wp\/"},"category_info":"<a href=\"https:\/\/experienciadevida.com.ar\/portalurbano\/category\/ciudad\/\" rel=\"category tag\">Ciudad<\/a> <a href=\"https:\/\/experienciadevida.com.ar\/portalurbano\/category\/destacadas\/\" rel=\"category tag\">Destacadas<\/a>","tag_info":"Destacadas","comment_count":"0","amp_enabled":true,"_links":{"self":[{"href":"https:\/\/experienciadevida.com.ar\/portalurbano\/wp-json\/wp\/v2\/posts\/163399"}],"collection":[{"href":"https:\/\/experienciadevida.com.ar\/portalurbano\/wp-json\/wp\/v2\/posts"}],"about":[{"href":"https:\/\/experienciadevida.com.ar\/portalurbano\/wp-json\/wp\/v2\/types\/post"}],"author":[{"embeddable":true,"href":"https:\/\/experienciadevida.com.ar\/portalurbano\/wp-json\/wp\/v2\/users\/1"}],"replies":[{"embeddable":true,"href":"https:\/\/experienciadevida.com.ar\/portalurbano\/wp-json\/wp\/v2\/comments?post=163399"}],"version-history":[{"count":4,"href":"https:\/\/experienciadevida.com.ar\/portalurbano\/wp-json\/wp\/v2\/posts\/163399\/revisions"}],"predecessor-version":[{"id":163406,"href":"https:\/\/experienciadevida.com.ar\/portalurbano\/wp-json\/wp\/v2\/posts\/163399\/revisions\/163406"}],"wp:featuredmedia":[{"embeddable":true,"href":"https:\/\/experienciadevida.com.ar\/portalurbano\/wp-json\/wp\/v2\/media\/163400"}],"wp:attachment":[{"href":"https:\/\/experienciadevida.com.ar\/portalurbano\/wp-json\/wp\/v2\/media?parent=163399"}],"wp:term":[{"taxonomy":"category","embeddable":true,"href":"https:\/\/experienciadevida.com.ar\/portalurbano\/wp-json\/wp\/v2\/categories?post=163399"},{"taxonomy":"post_tag","embeddable":true,"href":"https:\/\/experienciadevida.com.ar\/portalurbano\/wp-json\/wp\/v2\/tags?post=163399"}],"curies":[{"name":"wp","href":"https:\/\/api.w.org\/{rel}","templated":true}]}}