{"id":163356,"date":"2022-03-12T13:33:53","date_gmt":"2022-03-12T16:33:53","guid":{"rendered":"https:\/\/experienciadevida.com.ar\/portalurbano\/?p=163356"},"modified":"2022-03-12T13:34:41","modified_gmt":"2022-03-12T16:34:41","slug":"por-el-robo-de-cables-un-sector-estuvo-sin-luz-y-ya-fue-repuesto-el-servicio","status":"publish","type":"post","link":"https:\/\/experienciadevida.com.ar\/portalurbano\/por-el-robo-de-cables-un-sector-estuvo-sin-luz-y-ya-fue-repuesto-el-servicio\/","title":{"rendered":"Por el robo de cables un sector estuvo sin luz y ya fue repuesto el servicio"},"content":{"rendered":"<p>Robo de cables afecta el alumbrado p\u00fablico del Barrio Bice, Coopelectric detect\u00f3 un robo de cables correspondientes al tablero de alimentaci\u00f3n del sistema de Alumbrado P\u00fablico en la Subestaci\u00f3n N\u00b0 933, ubicada en Ruta 226 y Av. Ituzaing\u00f3.<\/p>\n<p>Este il\u00edcito ocasion\u00f3 la interrupci\u00f3n del Alumbrado P\u00fablico en el sector comprendido por las calles Ruta 226 &#8211; Av. Trabajadores &#8211; Av. Ituzaing\u00f3 &#8211; Independencia.<\/p>\n<p>Durante la jornada de ayer el personal operativo de Coopelectric realiz\u00f3 la reposici\u00f3n de los elementos sustra\u00eddos para poder normalizar el Servicio de Alumbrado en el sector afectado. En tanto, en el transcurso de la jornada se<br \/>\nradicar\u00e1 la denuncia pertinente.<\/p>\n<p>En los \u00faltimos meses se evidencia un crecimiento de esta actividad delictiva que representa un perjuicio material que afecta el patrimonio de la Cooperativa que pertenece a todos los olavarrienses y la calidad de Servicio que reciben los asociados. Al mismo tiempo, es importante mencionar que quienes incurren en este tipo de delitos ponen en riesgo su propia vida al violentar instalaciones el\u00e9ctricas que requieren de personal calificado y elementos de protecci\u00f3n personal para ser manipuladas.<\/p>\n<p>Desde Coopelectric &#8220;alertamos a la poblaci\u00f3n y sugerimos que en caso de observar personas ajenas a la instituci\u00f3n manipulando instalaciones, se de aviso inmediato al 911&#8221;.<\/p>\n","protected":false},"excerpt":{"rendered":"<p>Robo de cables afecta el alumbrado p\u00fablico del Barrio Bice, Coopelectric detect\u00f3 un robo de&#8230;<\/p>\n","protected":false},"author":1,"featured_media":163357,"comment_status":"closed","ping_status":"closed","sticky":false,"template":"","format":"standard","meta":{"content-type":""},"categories":[27],"tags":[],"nelio_content":{"isAutoShareEnabled":false,"autoShareEndMode":"default","automationSources":{"useContentSentences":true,"useSocialTemplates":true,"useCustomSentences":false,"customSentences":[]},"followers":[1],"suggestedReferences":[],"includedReferences":[],"efiUrl":"","efiAlt":"","highlights":[]},"yoast_head":"<!-- This site is optimized with the Yoast SEO plugin v20.7 - https:\/\/yoast.com\/wordpress\/plugins\/seo\/ -->\n<title>Por el robo de cables un sector estuvo sin luz y ya fue repuesto el servicio -<\/title>\n<meta name=\"robots\" content=\"index, follow, max-snippet:-1, max-image-preview:large, max-video-preview:-1\" \/>\n<link rel=\"canonical\" href=\"https:\/\/experienciadevida.com.ar\/portalurbano\/por-el-robo-de-cables-un-sector-estuvo-sin-luz-y-ya-fue-repuesto-el-servicio\/\" \/>\n<meta property=\"og:locale\" content=\"es_ES\" \/>\n<meta property=\"og:type\" content=\"article\" \/>\n<meta property=\"og:title\" content=\"Por el robo de cables un sector estuvo sin luz y ya fue repuesto el servicio -\" \/>\n<meta property=\"og:description\" content=\"Robo de cables afecta el alumbrado p\u00fablico del Barrio Bice, Coopelectric detect\u00f3 un robo de...\" \/>\n<meta property=\"og:url\" content=\"https:\/\/experienciadevida.com.ar\/portalurbano\/por-el-robo-de-cables-un-sector-estuvo-sin-luz-y-ya-fue-repuesto-el-servicio\/\" \/>\n<meta property=\"article:publisher\" content=\"https:\/\/www.facebook.com\/Portal-Urbano-171542830093757\/\" \/>\n<meta property=\"article:published_time\" content=\"2022-03-12T16:33:53+00:00\" \/>\n<meta property=\"article:modified_time\" content=\"2022-03-12T16:34:41+00:00\" \/>\n<meta property=\"og:image\" content=\"https:\/\/experienciadevida.com.ar\/portalurbano\/wp-content\/uploads\/2022\/03\/Por-el-robo-de.jpeg\" \/>\n\t<meta property=\"og:image:width\" content=\"899\" \/>\n\t<meta property=\"og:image:height\" content=\"1599\" \/>\n\t<meta property=\"og:image:type\" content=\"image\/jpeg\" \/>\n<meta name=\"author\" content=\"admpu17wp\" \/>\n<meta name=\"twitter:card\" content=\"summary_large_image\" \/>\n<meta name=\"twitter:creator\" content=\"@portalurbanook\" \/>\n<meta name=\"twitter:site\" content=\"@portalurbanook\" \/>\n<meta name=\"twitter:label1\" content=\"Escrito por\" \/>\n\t<meta name=\"twitter:data1\" content=\"admpu17wp\" \/>\n\t<meta name=\"twitter:label2\" content=\"Tiempo de lectura\" \/>\n\t<meta name=\"twitter:data2\" content=\"1 minuto\" \/>\n<script type=\"application\/ld+json\" class=\"yoast-schema-graph\">{\"@context\":\"https:\/\/schema.org\",\"@graph\":[{\"@type\":\"Article\",\"@id\":\"https:\/\/experienciadevida.com.ar\/portalurbano\/por-el-robo-de-cables-un-sector-estuvo-sin-luz-y-ya-fue-repuesto-el-servicio\/#article\",\"isPartOf\":{\"@id\":\"https:\/\/experienciadevida.com.ar\/portalurbano\/por-el-robo-de-cables-un-sector-estuvo-sin-luz-y-ya-fue-repuesto-el-servicio\/\"},\"author\":{\"name\":\"admpu17wp\",\"@id\":\"https:\/\/experienciadevida.com.ar\/portalurbano\/#\/schema\/person\/02dd326b1c4b056e9cc972486934a3a7\"},\"headline\":\"Por el robo de cables un sector estuvo sin luz y ya fue repuesto el servicio\",\"datePublished\":\"2022-03-12T16:33:53+00:00\",\"dateModified\":\"2022-03-12T16:34:41+00:00\",\"mainEntityOfPage\":{\"@id\":\"https:\/\/experienciadevida.com.ar\/portalurbano\/por-el-robo-de-cables-un-sector-estuvo-sin-luz-y-ya-fue-repuesto-el-servicio\/\"},\"wordCount\":231,\"publisher\":{\"@id\":\"https:\/\/experienciadevida.com.ar\/portalurbano\/#organization\"},\"articleSection\":[\"Ciudad\"],\"inLanguage\":\"es\"},{\"@type\":\"WebPage\",\"@id\":\"https:\/\/experienciadevida.com.ar\/portalurbano\/por-el-robo-de-cables-un-sector-estuvo-sin-luz-y-ya-fue-repuesto-el-servicio\/\",\"url\":\"https:\/\/experienciadevida.com.ar\/portalurbano\/por-el-robo-de-cables-un-sector-estuvo-sin-luz-y-ya-fue-repuesto-el-servicio\/\",\"name\":\"Por el robo de cables un sector estuvo sin luz y ya fue repuesto el servicio -\",\"isPartOf\":{\"@id\":\"https:\/\/experienciadevida.com.ar\/portalurbano\/#website\"},\"datePublished\":\"2022-03-12T16:33:53+00:00\",\"dateModified\":\"2022-03-12T16:34:41+00:00\",\"breadcrumb\":{\"@id\":\"https:\/\/experienciadevida.com.ar\/portalurbano\/por-el-robo-de-cables-un-sector-estuvo-sin-luz-y-ya-fue-repuesto-el-servicio\/#breadcrumb\"},\"inLanguage\":\"es\",\"potentialAction\":[{\"@type\":\"ReadAction\",\"target\":[\"https:\/\/experienciadevida.com.ar\/portalurbano\/por-el-robo-de-cables-un-sector-estuvo-sin-luz-y-ya-fue-repuesto-el-servicio\/\"]}]},{\"@type\":\"BreadcrumbList\",\"@id\":\"https:\/\/experienciadevida.com.ar\/portalurbano\/por-el-robo-de-cables-un-sector-estuvo-sin-luz-y-ya-fue-repuesto-el-servicio\/#breadcrumb\",\"itemListElement\":[{\"@type\":\"ListItem\",\"position\":1,\"name\":\"Portada\",\"item\":\"https:\/\/experienciadevida.com.ar\/portalurbano\/\"},{\"@type\":\"ListItem\",\"position\":2,\"name\":\"Por el robo de cables un sector estuvo sin luz y ya fue repuesto el servicio\"}]},{\"@type\":\"WebSite\",\"@id\":\"https:\/\/experienciadevida.com.ar\/portalurbano\/#website\",\"url\":\"https:\/\/experienciadevida.com.ar\/portalurbano\/\",\"name\":\"\",\"description\":\"\",\"publisher\":{\"@id\":\"https:\/\/experienciadevida.com.ar\/portalurbano\/#organization\"},\"potentialAction\":[{\"@type\":\"SearchAction\",\"target\":{\"@type\":\"EntryPoint\",\"urlTemplate\":\"https:\/\/experienciadevida.com.ar\/portalurbano\/?s={search_term_string}\"},\"query-input\":\"required name=search_term_string\"}],\"inLanguage\":\"es\"},{\"@type\":\"Organization\",\"@id\":\"https:\/\/experienciadevida.com.ar\/portalurbano\/#organization\",\"name\":\"Portal Urbano\",\"url\":\"https:\/\/experienciadevida.com.ar\/portalurbano\/\",\"logo\":{\"@type\":\"ImageObject\",\"inLanguage\":\"es\",\"@id\":\"https:\/\/experienciadevida.com.ar\/portalurbano\/#\/schema\/logo\/image\/\",\"url\":\"https:\/\/experienciadevida.com.ar\/portalurbano\/wp-content\/uploads\/2019\/09\/Logo-Original.png\",\"contentUrl\":\"https:\/\/experienciadevida.com.ar\/portalurbano\/wp-content\/uploads\/2019\/09\/Logo-Original.png\",\"width\":2236,\"height\":1216,\"caption\":\"Portal Urbano\"},\"image\":{\"@id\":\"https:\/\/experienciadevida.com.ar\/portalurbano\/#\/schema\/logo\/image\/\"},\"sameAs\":[\"https:\/\/www.facebook.com\/Portal-Urbano-171542830093757\/\",\"https:\/\/twitter.com\/portalurbanook\",\"https:\/\/www.instagram.com\/_portalurbano\/\",\"https:\/\/www.youtube.com\/channel\/UCXhagIfszH8KxFiOok79zbA?view_as=subscriber\"]},{\"@type\":\"Person\",\"@id\":\"https:\/\/experienciadevida.com.ar\/portalurbano\/#\/schema\/person\/02dd326b1c4b056e9cc972486934a3a7\",\"name\":\"admpu17wp\",\"image\":{\"@type\":\"ImageObject\",\"inLanguage\":\"es\",\"@id\":\"https:\/\/experienciadevida.com.ar\/portalurbano\/#\/schema\/person\/image\/\",\"url\":\"https:\/\/secure.gravatar.com\/avatar\/830d4c57adaae6630765e449a6908047?s=96&d=mm&r=g\",\"contentUrl\":\"https:\/\/secure.gravatar.com\/avatar\/830d4c57adaae6630765e449a6908047?s=96&d=mm&r=g\",\"caption\":\"admpu17wp\"}}]}<\/script>\n<!-- \/ Yoast SEO plugin. -->","yoast_head_json":{"title":"Por el robo de cables un sector estuvo sin luz y ya fue repuesto el servicio -","robots":{"index":"index","follow":"follow","max-snippet":"max-snippet:-1","max-image-preview":"max-image-preview:large","max-video-preview":"max-video-preview:-1"},"canonical":"https:\/\/experienciadevida.com.ar\/portalurbano\/por-el-robo-de-cables-un-sector-estuvo-sin-luz-y-ya-fue-repuesto-el-servicio\/","og_locale":"es_ES","og_type":"article","og_title":"Por el robo de cables un sector estuvo sin luz y ya fue repuesto el servicio -","og_description":"Robo de cables afecta el alumbrado p\u00fablico del Barrio Bice, Coopelectric detect\u00f3 un robo de...","og_url":"https:\/\/experienciadevida.com.ar\/portalurbano\/por-el-robo-de-cables-un-sector-estuvo-sin-luz-y-ya-fue-repuesto-el-servicio\/","article_publisher":"https:\/\/www.facebook.com\/Portal-Urbano-171542830093757\/","article_published_time":"2022-03-12T16:33:53+00:00","article_modified_time":"2022-03-12T16:34:41+00:00","og_image":[{"width":899,"height":1599,"url":"https:\/\/experienciadevida.com.ar\/portalurbano\/wp-content\/uploads\/2022\/03\/Por-el-robo-de.jpeg","type":"image\/jpeg"}],"author":"admpu17wp","twitter_card":"summary_large_image","twitter_creator":"@portalurbanook","twitter_site":"@portalurbanook","twitter_misc":{"Escrito por":"admpu17wp","Tiempo de lectura":"1 minuto"},"schema":{"@context":"https:\/\/schema.org","@graph":[{"@type":"Article","@id":"https:\/\/experienciadevida.com.ar\/portalurbano\/por-el-robo-de-cables-un-sector-estuvo-sin-luz-y-ya-fue-repuesto-el-servicio\/#article","isPartOf":{"@id":"https:\/\/experienciadevida.com.ar\/portalurbano\/por-el-robo-de-cables-un-sector-estuvo-sin-luz-y-ya-fue-repuesto-el-servicio\/"},"author":{"name":"admpu17wp","@id":"https:\/\/experienciadevida.com.ar\/portalurbano\/#\/schema\/person\/02dd326b1c4b056e9cc972486934a3a7"},"headline":"Por el robo de cables un sector estuvo sin luz y ya fue repuesto el servicio","datePublished":"2022-03-12T16:33:53+00:00","dateModified":"2022-03-12T16:34:41+00:00","mainEntityOfPage":{"@id":"https:\/\/experienciadevida.com.ar\/portalurbano\/por-el-robo-de-cables-un-sector-estuvo-sin-luz-y-ya-fue-repuesto-el-servicio\/"},"wordCount":231,"publisher":{"@id":"https:\/\/experienciadevida.com.ar\/portalurbano\/#organization"},"articleSection":["Ciudad"],"inLanguage":"es"},{"@type":"WebPage","@id":"https:\/\/experienciadevida.com.ar\/portalurbano\/por-el-robo-de-cables-un-sector-estuvo-sin-luz-y-ya-fue-repuesto-el-servicio\/","url":"https:\/\/experienciadevida.com.ar\/portalurbano\/por-el-robo-de-cables-un-sector-estuvo-sin-luz-y-ya-fue-repuesto-el-servicio\/","name":"Por el robo de cables un sector estuvo sin luz y ya fue repuesto el servicio -","isPartOf":{"@id":"https:\/\/experienciadevida.com.ar\/portalurbano\/#website"},"datePublished":"2022-03-12T16:33:53+00:00","dateModified":"2022-03-12T16:34:41+00:00","breadcrumb":{"@id":"https:\/\/experienciadevida.com.ar\/portalurbano\/por-el-robo-de-cables-un-sector-estuvo-sin-luz-y-ya-fue-repuesto-el-servicio\/#breadcrumb"},"inLanguage":"es","potentialAction":[{"@type":"ReadAction","target":["https:\/\/experienciadevida.com.ar\/portalurbano\/por-el-robo-de-cables-un-sector-estuvo-sin-luz-y-ya-fue-repuesto-el-servicio\/"]}]},{"@type":"BreadcrumbList","@id":"https:\/\/experienciadevida.com.ar\/portalurbano\/por-el-robo-de-cables-un-sector-estuvo-sin-luz-y-ya-fue-repuesto-el-servicio\/#breadcrumb","itemListElement":[{"@type":"ListItem","position":1,"name":"Portada","item":"https:\/\/experienciadevida.com.ar\/portalurbano\/"},{"@type":"ListItem","position":2,"name":"Por el robo de cables un sector estuvo sin luz y ya fue repuesto el servicio"}]},{"@type":"WebSite","@id":"https:\/\/experienciadevida.com.ar\/portalurbano\/#website","url":"https:\/\/experienciadevida.com.ar\/portalurbano\/","name":"","description":"","publisher":{"@id":"https:\/\/experienciadevida.com.ar\/portalurbano\/#organization"},"potentialAction":[{"@type":"SearchAction","target":{"@type":"EntryPoint","urlTemplate":"https:\/\/experienciadevida.com.ar\/portalurbano\/?s={search_term_string}"},"query-input":"required name=search_term_string"}],"inLanguage":"es"},{"@type":"Organization","@id":"https:\/\/experienciadevida.com.ar\/portalurbano\/#organization","name":"Portal Urbano","url":"https:\/\/experienciadevida.com.ar\/portalurbano\/","logo":{"@type":"ImageObject","inLanguage":"es","@id":"https:\/\/experienciadevida.com.ar\/portalurbano\/#\/schema\/logo\/image\/","url":"https:\/\/experienciadevida.com.ar\/portalurbano\/wp-content\/uploads\/2019\/09\/Logo-Original.png","contentUrl":"https:\/\/experienciadevida.com.ar\/portalurbano\/wp-content\/uploads\/2019\/09\/Logo-Original.png","width":2236,"height":1216,"caption":"Portal Urbano"},"image":{"@id":"https:\/\/experienciadevida.com.ar\/portalurbano\/#\/schema\/logo\/image\/"},"sameAs":["https:\/\/www.facebook.com\/Portal-Urbano-171542830093757\/","https:\/\/twitter.com\/portalurbanook","https:\/\/www.instagram.com\/_portalurbano\/","https:\/\/www.youtube.com\/channel\/UCXhagIfszH8KxFiOok79zbA?view_as=subscriber"]},{"@type":"Person","@id":"https:\/\/experienciadevida.com.ar\/portalurbano\/#\/schema\/person\/02dd326b1c4b056e9cc972486934a3a7","name":"admpu17wp","image":{"@type":"ImageObject","inLanguage":"es","@id":"https:\/\/experienciadevida.com.ar\/portalurbano\/#\/schema\/person\/image\/","url":"https:\/\/secure.gravatar.com\/avatar\/830d4c57adaae6630765e449a6908047?s=96&d=mm&r=g","contentUrl":"https:\/\/secure.gravatar.com\/avatar\/830d4c57adaae6630765e449a6908047?s=96&d=mm&r=g","caption":"admpu17wp"}}]}},"featured_image_urls":{"full":["https:\/\/experienciadevida.com.ar\/portalurbano\/wp-content\/uploads\/2022\/03\/Por-el-robo-de.jpeg",899,1599,false],"thumbnail":["https:\/\/experienciadevida.com.ar\/portalurbano\/wp-content\/uploads\/2022\/03\/Por-el-robo-de-150x150.jpeg",150,150,true],"medium":["https:\/\/experienciadevida.com.ar\/portalurbano\/wp-content\/uploads\/2022\/03\/Por-el-robo-de-169x300.jpeg",169,300,true],"medium_large":["https:\/\/experienciadevida.com.ar\/portalurbano\/wp-content\/uploads\/2022\/03\/Por-el-robo-de-768x1366.jpeg",640,1138,true],"large":["https:\/\/experienciadevida.com.ar\/portalurbano\/wp-content\/uploads\/2022\/03\/Por-el-robo-de-576x1024.jpeg",576,1024,true],"ug_big":["https:\/\/experienciadevida.com.ar\/portalurbano\/wp-content\/uploads\/2022\/03\/Por-el-robo-de-432x768.jpeg",432,768,true],"1536x1536":["https:\/\/experienciadevida.com.ar\/portalurbano\/wp-content\/uploads\/2022\/03\/Por-el-robo-de-864x1536.jpeg",864,1536,true],"2048x2048":["https:\/\/experienciadevida.com.ar\/portalurbano\/wp-content\/uploads\/2022\/03\/Por-el-robo-de.jpeg",899,1599,false],"newsever-slider-full":["https:\/\/experienciadevida.com.ar\/portalurbano\/wp-content\/uploads\/2022\/03\/Por-el-robo-de.jpeg",475,845,false],"newsever-featured":["https:\/\/experienciadevida.com.ar\/portalurbano\/wp-content\/uploads\/2022\/03\/Por-el-robo-de.jpeg",899,1599,false],"newsever-medium":["https:\/\/experienciadevida.com.ar\/portalurbano\/wp-content\/uploads\/2022\/03\/Por-el-robo-de.jpeg",267,475,false],"web-stories-poster-portrait":["https:\/\/experienciadevida.com.ar\/portalurbano\/wp-content\/uploads\/2022\/03\/Por-el-robo-de.jpeg",480,853,false],"web-stories-publisher-logo":["https:\/\/experienciadevida.com.ar\/portalurbano\/wp-content\/uploads\/2022\/03\/Por-el-robo-de.jpeg",54,96,false],"web-stories-thumbnail":["https:\/\/experienciadevida.com.ar\/portalurbano\/wp-content\/uploads\/2022\/03\/Por-el-robo-de.jpeg",150,267,false]},"author_info":{"display_name":"admpu17wp","author_link":"https:\/\/experienciadevida.com.ar\/portalurbano\/author\/admpu17wp\/"},"category_info":"<a href=\"https:\/\/experienciadevida.com.ar\/portalurbano\/category\/ciudad\/\" rel=\"category tag\">Ciudad<\/a>","tag_info":"Ciudad","comment_count":"0","amp_enabled":true,"_links":{"self":[{"href":"https:\/\/experienciadevida.com.ar\/portalurbano\/wp-json\/wp\/v2\/posts\/163356"}],"collection":[{"href":"https:\/\/experienciadevida.com.ar\/portalurbano\/wp-json\/wp\/v2\/posts"}],"about":[{"href":"https:\/\/experienciadevida.com.ar\/portalurbano\/wp-json\/wp\/v2\/types\/post"}],"author":[{"embeddable":true,"href":"https:\/\/experienciadevida.com.ar\/portalurbano\/wp-json\/wp\/v2\/users\/1"}],"replies":[{"embeddable":true,"href":"https:\/\/experienciadevida.com.ar\/portalurbano\/wp-json\/wp\/v2\/comments?post=163356"}],"version-history":[{"count":1,"href":"https:\/\/experienciadevida.com.ar\/portalurbano\/wp-json\/wp\/v2\/posts\/163356\/revisions"}],"predecessor-version":[{"id":163358,"href":"https:\/\/experienciadevida.com.ar\/portalurbano\/wp-json\/wp\/v2\/posts\/163356\/revisions\/163358"}],"wp:featuredmedia":[{"embeddable":true,"href":"https:\/\/experienciadevida.com.ar\/portalurbano\/wp-json\/wp\/v2\/media\/163357"}],"wp:attachment":[{"href":"https:\/\/experienciadevida.com.ar\/portalurbano\/wp-json\/wp\/v2\/media?parent=163356"}],"wp:term":[{"taxonomy":"category","embeddable":true,"href":"https:\/\/experienciadevida.com.ar\/portalurbano\/wp-json\/wp\/v2\/categories?post=163356"},{"taxonomy":"post_tag","embeddable":true,"href":"https:\/\/experienciadevida.com.ar\/portalurbano\/wp-json\/wp\/v2\/tags?post=163356"}],"curies":[{"name":"wp","href":"https:\/\/api.w.org\/{rel}","templated":true}]}}