{"id":163315,"date":"2022-03-11T12:00:30","date_gmt":"2022-03-11T15:00:30","guid":{"rendered":"https:\/\/experienciadevida.com.ar\/portalurbano\/?p=163315"},"modified":"2022-03-11T12:26:58","modified_gmt":"2022-03-11T15:26:58","slug":"el-mte-firmo-un-compromiso-para-realizar-la-feria-en-el-parque-eva-peron","status":"publish","type":"post","link":"https:\/\/experienciadevida.com.ar\/portalurbano\/el-mte-firmo-un-compromiso-para-realizar-la-feria-en-el-parque-eva-peron\/","title":{"rendered":"El MTE firm\u00f3 un compromiso para realizar la feria en el Parque Eva Per\u00f3n"},"content":{"rendered":"<p>El <a href=\"https:\/\/www.facebook.com\/MTEOlavarria\">MTE<\/a> firm\u00f3 un compromiso para realizar la feria en el Parque Eva Per\u00f3n, en la ma\u00f1ana de este viernes el Movimiento de Trabajadores Excluidos (MTE), representado por Emiliano Llorente y Luj\u00e1n Galv\u00e1n, firm\u00f3 un compromiso a los fines de proceder a regular los d\u00edas, horarios y formas en que se podr\u00e1 celebrar la feria que organizan en el Parque Eva Per\u00f3n.<\/p>\n<p>El mismo indica que las ferias s\u00f3lo podr\u00e1n desarrollar sus actividades durante todos los s\u00e1bados y domingos de cada mes calendario desde las 16.00 horas y hasta las 20.30 horas en el sector peatonal delimitado entre las calles San Mart\u00edn y Dorrego, del Parque Eva Per\u00f3n.<\/p>\n<p>La m\u00fasica en vivo o mediante audio podr\u00e1 ser s\u00f3lo en aquella feria celebrada durante el d\u00eda s\u00e1bado, y siempre que no contravenga las disposiciones mencionadas en la Ordenanza N\u00ba3918\/16 de prevenci\u00f3n, control y contaminaci\u00f3n ac\u00fastica en el partido de Olavarr\u00eda.<\/p>\n<p>En cuanto al expendio y venta de alimentos y bebidas, la venta de los mismos se har\u00e1 conforme normativas municipales, bajo apercibimiento de lo dispuesto en la Ordenanza 195\/84. Asimismo, deber\u00e1 evitarse la contaminaci\u00f3n f\u00edsica, qu\u00edmica y\/o biol\u00f3gica de los alimentos y\/o materias primas, para lo cual se aplicar\u00e1n medidas eficaces para prevenir la contaminaci\u00f3n del alimento por contacto directo, indirecto o cruzado con material contaminado tales como: evitar el contacto directo de los alimentos crudos con los alimentos cocidos listos para el consumo; no utilizar los mismos utensilios para manipular alimentos crudos y cocidos; lavarse cuidadosamente las manos luego de manipular alimentos crudos y previo a la manipulaci\u00f3n de alimentos ya procesados o cocidos. Est\u00e1 prohibida la venta o expendio de bebidas alcoh\u00f3licas.<\/p>\n<p>Los feriantes deber\u00e1n conservar y mantener en buen estado el predio ocupado, as\u00ed como realizar la limpieza del espacio una vez finalizada las actividades llevadas a cabo en la feria.<\/p>\n<p>Ante el incumplimiento de las obligaciones de los feriantes, las conductas ser\u00e1n pasibles de las sanciones dispuestas en la Ordenanza Municipal N\u00ba158\/84, N\u00ba 195\/84 y normativas concordantes.<\/p>\n<p>Finalmente, para el caso que el municipio necesite la utilizaci\u00f3n del predio durante los d\u00edas y horarios asignados en el punto 1 del compromiso, los feriantes deber\u00e1n suspender sus actividades, hasta tanto finalicen aquellas organizadas por el Municipio.<\/p>\n","protected":false},"excerpt":{"rendered":"<p>El MTE firm\u00f3 un compromiso para realizar la feria en el Parque Eva Per\u00f3n, en&#8230;<\/p>\n","protected":false},"author":1,"featured_media":163316,"comment_status":"closed","ping_status":"closed","sticky":false,"template":"","format":"standard","meta":{"content-type":""},"categories":[27,64],"tags":[],"nelio_content":{"isAutoShareEnabled":false,"autoShareEndMode":"default","automationSources":{"useContentSentences":true,"useSocialTemplates":true,"useCustomSentences":false,"customSentences":[]},"followers":[1],"suggestedReferences":[],"includedReferences":[],"efiUrl":"","efiAlt":"","highlights":[]},"yoast_head":"<!-- This site is optimized with the Yoast SEO plugin v20.7 - https:\/\/yoast.com\/wordpress\/plugins\/seo\/ -->\n<title>El MTE firm\u00f3 un compromiso para realizar la feria en el Parque Eva Per\u00f3n<\/title>\n<meta name=\"description\" content=\"El MTE firm\u00f3 un compromiso para realizar la feria en el Parque Eva Per\u00f3n, en la ma\u00f1ana de este viernes se podr\u00e1 celebrar la feria\" \/>\n<meta name=\"robots\" content=\"index, follow, max-snippet:-1, max-image-preview:large, max-video-preview:-1\" \/>\n<link rel=\"canonical\" href=\"https:\/\/experienciadevida.com.ar\/portalurbano\/el-mte-firmo-un-compromiso-para-realizar-la-feria-en-el-parque-eva-peron\/\" \/>\n<meta property=\"og:locale\" content=\"es_ES\" \/>\n<meta property=\"og:type\" content=\"article\" \/>\n<meta property=\"og:title\" content=\"El MTE firm\u00f3 un compromiso para realizar la feria en el Parque Eva Per\u00f3n\" \/>\n<meta property=\"og:description\" content=\"El MTE firm\u00f3 un compromiso para realizar la feria en el Parque Eva Per\u00f3n, en la ma\u00f1ana de este viernes se podr\u00e1 celebrar la feria\" \/>\n<meta property=\"og:url\" content=\"https:\/\/experienciadevida.com.ar\/portalurbano\/el-mte-firmo-un-compromiso-para-realizar-la-feria-en-el-parque-eva-peron\/\" \/>\n<meta property=\"article:publisher\" content=\"https:\/\/www.facebook.com\/Portal-Urbano-171542830093757\/\" \/>\n<meta property=\"article:published_time\" content=\"2022-03-11T15:00:30+00:00\" \/>\n<meta property=\"article:modified_time\" content=\"2022-03-11T15:26:58+00:00\" \/>\n<meta property=\"og:image\" content=\"https:\/\/experienciadevida.com.ar\/portalurbano\/wp-content\/uploads\/2022\/03\/El-MTE-firmo-un-compromiso.jpg\" \/>\n\t<meta property=\"og:image:width\" content=\"1024\" \/>\n\t<meta property=\"og:image:height\" content=\"682\" \/>\n\t<meta property=\"og:image:type\" content=\"image\/jpeg\" \/>\n<meta name=\"author\" content=\"admpu17wp\" \/>\n<meta name=\"twitter:card\" content=\"summary_large_image\" \/>\n<meta name=\"twitter:creator\" content=\"@portalurbanook\" \/>\n<meta name=\"twitter:site\" content=\"@portalurbanook\" \/>\n<meta name=\"twitter:label1\" content=\"Escrito por\" \/>\n\t<meta name=\"twitter:data1\" content=\"admpu17wp\" \/>\n\t<meta name=\"twitter:label2\" content=\"Tiempo de lectura\" \/>\n\t<meta name=\"twitter:data2\" content=\"2 minutos\" \/>\n<script type=\"application\/ld+json\" class=\"yoast-schema-graph\">{\"@context\":\"https:\/\/schema.org\",\"@graph\":[{\"@type\":\"Article\",\"@id\":\"https:\/\/experienciadevida.com.ar\/portalurbano\/el-mte-firmo-un-compromiso-para-realizar-la-feria-en-el-parque-eva-peron\/#article\",\"isPartOf\":{\"@id\":\"https:\/\/experienciadevida.com.ar\/portalurbano\/el-mte-firmo-un-compromiso-para-realizar-la-feria-en-el-parque-eva-peron\/\"},\"author\":{\"name\":\"admpu17wp\",\"@id\":\"https:\/\/experienciadevida.com.ar\/portalurbano\/#\/schema\/person\/02dd326b1c4b056e9cc972486934a3a7\"},\"headline\":\"El MTE firm\u00f3 un compromiso para realizar la feria en el Parque Eva Per\u00f3n\",\"datePublished\":\"2022-03-11T15:00:30+00:00\",\"dateModified\":\"2022-03-11T15:26:58+00:00\",\"mainEntityOfPage\":{\"@id\":\"https:\/\/experienciadevida.com.ar\/portalurbano\/el-mte-firmo-un-compromiso-para-realizar-la-feria-en-el-parque-eva-peron\/\"},\"wordCount\":412,\"publisher\":{\"@id\":\"https:\/\/experienciadevida.com.ar\/portalurbano\/#organization\"},\"articleSection\":[\"Ciudad\",\"Destacadas 2\"],\"inLanguage\":\"es\"},{\"@type\":\"WebPage\",\"@id\":\"https:\/\/experienciadevida.com.ar\/portalurbano\/el-mte-firmo-un-compromiso-para-realizar-la-feria-en-el-parque-eva-peron\/\",\"url\":\"https:\/\/experienciadevida.com.ar\/portalurbano\/el-mte-firmo-un-compromiso-para-realizar-la-feria-en-el-parque-eva-peron\/\",\"name\":\"El MTE firm\u00f3 un compromiso para realizar la feria en el Parque Eva Per\u00f3n\",\"isPartOf\":{\"@id\":\"https:\/\/experienciadevida.com.ar\/portalurbano\/#website\"},\"datePublished\":\"2022-03-11T15:00:30+00:00\",\"dateModified\":\"2022-03-11T15:26:58+00:00\",\"description\":\"El MTE firm\u00f3 un compromiso para realizar la feria en el Parque Eva Per\u00f3n, en la ma\u00f1ana de este viernes se podr\u00e1 celebrar la feria\",\"breadcrumb\":{\"@id\":\"https:\/\/experienciadevida.com.ar\/portalurbano\/el-mte-firmo-un-compromiso-para-realizar-la-feria-en-el-parque-eva-peron\/#breadcrumb\"},\"inLanguage\":\"es\",\"potentialAction\":[{\"@type\":\"ReadAction\",\"target\":[\"https:\/\/experienciadevida.com.ar\/portalurbano\/el-mte-firmo-un-compromiso-para-realizar-la-feria-en-el-parque-eva-peron\/\"]}]},{\"@type\":\"BreadcrumbList\",\"@id\":\"https:\/\/experienciadevida.com.ar\/portalurbano\/el-mte-firmo-un-compromiso-para-realizar-la-feria-en-el-parque-eva-peron\/#breadcrumb\",\"itemListElement\":[{\"@type\":\"ListItem\",\"position\":1,\"name\":\"Portada\",\"item\":\"https:\/\/experienciadevida.com.ar\/portalurbano\/\"},{\"@type\":\"ListItem\",\"position\":2,\"name\":\"El MTE firm\u00f3 un compromiso para realizar la feria en el Parque Eva Per\u00f3n\"}]},{\"@type\":\"WebSite\",\"@id\":\"https:\/\/experienciadevida.com.ar\/portalurbano\/#website\",\"url\":\"https:\/\/experienciadevida.com.ar\/portalurbano\/\",\"name\":\"\",\"description\":\"\",\"publisher\":{\"@id\":\"https:\/\/experienciadevida.com.ar\/portalurbano\/#organization\"},\"potentialAction\":[{\"@type\":\"SearchAction\",\"target\":{\"@type\":\"EntryPoint\",\"urlTemplate\":\"https:\/\/experienciadevida.com.ar\/portalurbano\/?s={search_term_string}\"},\"query-input\":\"required name=search_term_string\"}],\"inLanguage\":\"es\"},{\"@type\":\"Organization\",\"@id\":\"https:\/\/experienciadevida.com.ar\/portalurbano\/#organization\",\"name\":\"Portal Urbano\",\"url\":\"https:\/\/experienciadevida.com.ar\/portalurbano\/\",\"logo\":{\"@type\":\"ImageObject\",\"inLanguage\":\"es\",\"@id\":\"https:\/\/experienciadevida.com.ar\/portalurbano\/#\/schema\/logo\/image\/\",\"url\":\"https:\/\/experienciadevida.com.ar\/portalurbano\/wp-content\/uploads\/2019\/09\/Logo-Original.png\",\"contentUrl\":\"https:\/\/experienciadevida.com.ar\/portalurbano\/wp-content\/uploads\/2019\/09\/Logo-Original.png\",\"width\":2236,\"height\":1216,\"caption\":\"Portal Urbano\"},\"image\":{\"@id\":\"https:\/\/experienciadevida.com.ar\/portalurbano\/#\/schema\/logo\/image\/\"},\"sameAs\":[\"https:\/\/www.facebook.com\/Portal-Urbano-171542830093757\/\",\"https:\/\/twitter.com\/portalurbanook\",\"https:\/\/www.instagram.com\/_portalurbano\/\",\"https:\/\/www.youtube.com\/channel\/UCXhagIfszH8KxFiOok79zbA?view_as=subscriber\"]},{\"@type\":\"Person\",\"@id\":\"https:\/\/experienciadevida.com.ar\/portalurbano\/#\/schema\/person\/02dd326b1c4b056e9cc972486934a3a7\",\"name\":\"admpu17wp\",\"image\":{\"@type\":\"ImageObject\",\"inLanguage\":\"es\",\"@id\":\"https:\/\/experienciadevida.com.ar\/portalurbano\/#\/schema\/person\/image\/\",\"url\":\"https:\/\/secure.gravatar.com\/avatar\/830d4c57adaae6630765e449a6908047?s=96&d=mm&r=g\",\"contentUrl\":\"https:\/\/secure.gravatar.com\/avatar\/830d4c57adaae6630765e449a6908047?s=96&d=mm&r=g\",\"caption\":\"admpu17wp\"}}]}<\/script>\n<!-- \/ Yoast SEO plugin. -->","yoast_head_json":{"title":"El MTE firm\u00f3 un compromiso para realizar la feria en el Parque Eva Per\u00f3n","description":"El MTE firm\u00f3 un compromiso para realizar la feria en el Parque Eva Per\u00f3n, en la ma\u00f1ana de este viernes se podr\u00e1 celebrar la feria","robots":{"index":"index","follow":"follow","max-snippet":"max-snippet:-1","max-image-preview":"max-image-preview:large","max-video-preview":"max-video-preview:-1"},"canonical":"https:\/\/experienciadevida.com.ar\/portalurbano\/el-mte-firmo-un-compromiso-para-realizar-la-feria-en-el-parque-eva-peron\/","og_locale":"es_ES","og_type":"article","og_title":"El MTE firm\u00f3 un compromiso para realizar la feria en el Parque Eva Per\u00f3n","og_description":"El MTE firm\u00f3 un compromiso para realizar la feria en el Parque Eva Per\u00f3n, en la ma\u00f1ana de este viernes se podr\u00e1 celebrar la feria","og_url":"https:\/\/experienciadevida.com.ar\/portalurbano\/el-mte-firmo-un-compromiso-para-realizar-la-feria-en-el-parque-eva-peron\/","article_publisher":"https:\/\/www.facebook.com\/Portal-Urbano-171542830093757\/","article_published_time":"2022-03-11T15:00:30+00:00","article_modified_time":"2022-03-11T15:26:58+00:00","og_image":[{"width":1024,"height":682,"url":"https:\/\/experienciadevida.com.ar\/portalurbano\/wp-content\/uploads\/2022\/03\/El-MTE-firmo-un-compromiso.jpg","type":"image\/jpeg"}],"author":"admpu17wp","twitter_card":"summary_large_image","twitter_creator":"@portalurbanook","twitter_site":"@portalurbanook","twitter_misc":{"Escrito por":"admpu17wp","Tiempo de lectura":"2 minutos"},"schema":{"@context":"https:\/\/schema.org","@graph":[{"@type":"Article","@id":"https:\/\/experienciadevida.com.ar\/portalurbano\/el-mte-firmo-un-compromiso-para-realizar-la-feria-en-el-parque-eva-peron\/#article","isPartOf":{"@id":"https:\/\/experienciadevida.com.ar\/portalurbano\/el-mte-firmo-un-compromiso-para-realizar-la-feria-en-el-parque-eva-peron\/"},"author":{"name":"admpu17wp","@id":"https:\/\/experienciadevida.com.ar\/portalurbano\/#\/schema\/person\/02dd326b1c4b056e9cc972486934a3a7"},"headline":"El MTE firm\u00f3 un compromiso para realizar la feria en el Parque Eva Per\u00f3n","datePublished":"2022-03-11T15:00:30+00:00","dateModified":"2022-03-11T15:26:58+00:00","mainEntityOfPage":{"@id":"https:\/\/experienciadevida.com.ar\/portalurbano\/el-mte-firmo-un-compromiso-para-realizar-la-feria-en-el-parque-eva-peron\/"},"wordCount":412,"publisher":{"@id":"https:\/\/experienciadevida.com.ar\/portalurbano\/#organization"},"articleSection":["Ciudad","Destacadas 2"],"inLanguage":"es"},{"@type":"WebPage","@id":"https:\/\/experienciadevida.com.ar\/portalurbano\/el-mte-firmo-un-compromiso-para-realizar-la-feria-en-el-parque-eva-peron\/","url":"https:\/\/experienciadevida.com.ar\/portalurbano\/el-mte-firmo-un-compromiso-para-realizar-la-feria-en-el-parque-eva-peron\/","name":"El MTE firm\u00f3 un compromiso para realizar la feria en el Parque Eva Per\u00f3n","isPartOf":{"@id":"https:\/\/experienciadevida.com.ar\/portalurbano\/#website"},"datePublished":"2022-03-11T15:00:30+00:00","dateModified":"2022-03-11T15:26:58+00:00","description":"El MTE firm\u00f3 un compromiso para realizar la feria en el Parque Eva Per\u00f3n, en la ma\u00f1ana de este viernes se podr\u00e1 celebrar la feria","breadcrumb":{"@id":"https:\/\/experienciadevida.com.ar\/portalurbano\/el-mte-firmo-un-compromiso-para-realizar-la-feria-en-el-parque-eva-peron\/#breadcrumb"},"inLanguage":"es","potentialAction":[{"@type":"ReadAction","target":["https:\/\/experienciadevida.com.ar\/portalurbano\/el-mte-firmo-un-compromiso-para-realizar-la-feria-en-el-parque-eva-peron\/"]}]},{"@type":"BreadcrumbList","@id":"https:\/\/experienciadevida.com.ar\/portalurbano\/el-mte-firmo-un-compromiso-para-realizar-la-feria-en-el-parque-eva-peron\/#breadcrumb","itemListElement":[{"@type":"ListItem","position":1,"name":"Portada","item":"https:\/\/experienciadevida.com.ar\/portalurbano\/"},{"@type":"ListItem","position":2,"name":"El MTE firm\u00f3 un compromiso para realizar la feria en el Parque Eva Per\u00f3n"}]},{"@type":"WebSite","@id":"https:\/\/experienciadevida.com.ar\/portalurbano\/#website","url":"https:\/\/experienciadevida.com.ar\/portalurbano\/","name":"","description":"","publisher":{"@id":"https:\/\/experienciadevida.com.ar\/portalurbano\/#organization"},"potentialAction":[{"@type":"SearchAction","target":{"@type":"EntryPoint","urlTemplate":"https:\/\/experienciadevida.com.ar\/portalurbano\/?s={search_term_string}"},"query-input":"required name=search_term_string"}],"inLanguage":"es"},{"@type":"Organization","@id":"https:\/\/experienciadevida.com.ar\/portalurbano\/#organization","name":"Portal Urbano","url":"https:\/\/experienciadevida.com.ar\/portalurbano\/","logo":{"@type":"ImageObject","inLanguage":"es","@id":"https:\/\/experienciadevida.com.ar\/portalurbano\/#\/schema\/logo\/image\/","url":"https:\/\/experienciadevida.com.ar\/portalurbano\/wp-content\/uploads\/2019\/09\/Logo-Original.png","contentUrl":"https:\/\/experienciadevida.com.ar\/portalurbano\/wp-content\/uploads\/2019\/09\/Logo-Original.png","width":2236,"height":1216,"caption":"Portal Urbano"},"image":{"@id":"https:\/\/experienciadevida.com.ar\/portalurbano\/#\/schema\/logo\/image\/"},"sameAs":["https:\/\/www.facebook.com\/Portal-Urbano-171542830093757\/","https:\/\/twitter.com\/portalurbanook","https:\/\/www.instagram.com\/_portalurbano\/","https:\/\/www.youtube.com\/channel\/UCXhagIfszH8KxFiOok79zbA?view_as=subscriber"]},{"@type":"Person","@id":"https:\/\/experienciadevida.com.ar\/portalurbano\/#\/schema\/person\/02dd326b1c4b056e9cc972486934a3a7","name":"admpu17wp","image":{"@type":"ImageObject","inLanguage":"es","@id":"https:\/\/experienciadevida.com.ar\/portalurbano\/#\/schema\/person\/image\/","url":"https:\/\/secure.gravatar.com\/avatar\/830d4c57adaae6630765e449a6908047?s=96&d=mm&r=g","contentUrl":"https:\/\/secure.gravatar.com\/avatar\/830d4c57adaae6630765e449a6908047?s=96&d=mm&r=g","caption":"admpu17wp"}}]}},"featured_image_urls":{"full":["https:\/\/experienciadevida.com.ar\/portalurbano\/wp-content\/uploads\/2022\/03\/El-MTE-firmo-un-compromiso.jpg",1024,682,false],"thumbnail":["https:\/\/experienciadevida.com.ar\/portalurbano\/wp-content\/uploads\/2022\/03\/El-MTE-firmo-un-compromiso-150x150.jpg",150,150,true],"medium":["https:\/\/experienciadevida.com.ar\/portalurbano\/wp-content\/uploads\/2022\/03\/El-MTE-firmo-un-compromiso-300x200.jpg",300,200,true],"medium_large":["https:\/\/experienciadevida.com.ar\/portalurbano\/wp-content\/uploads\/2022\/03\/El-MTE-firmo-un-compromiso-768x512.jpg",640,427,true],"large":["https:\/\/experienciadevida.com.ar\/portalurbano\/wp-content\/uploads\/2022\/03\/El-MTE-firmo-un-compromiso.jpg",640,426,false],"ug_big":["https:\/\/experienciadevida.com.ar\/portalurbano\/wp-content\/uploads\/2022\/03\/El-MTE-firmo-un-compromiso-768x512.jpg",768,512,true],"1536x1536":["https:\/\/experienciadevida.com.ar\/portalurbano\/wp-content\/uploads\/2022\/03\/El-MTE-firmo-un-compromiso.jpg",1024,682,false],"2048x2048":["https:\/\/experienciadevida.com.ar\/portalurbano\/wp-content\/uploads\/2022\/03\/El-MTE-firmo-un-compromiso.jpg",1024,682,false],"newsever-slider-full":["https:\/\/experienciadevida.com.ar\/portalurbano\/wp-content\/uploads\/2022\/03\/El-MTE-firmo-un-compromiso.jpg",1024,682,false],"newsever-featured":["https:\/\/experienciadevida.com.ar\/portalurbano\/wp-content\/uploads\/2022\/03\/El-MTE-firmo-un-compromiso.jpg",1024,682,false],"newsever-medium":["https:\/\/experienciadevida.com.ar\/portalurbano\/wp-content\/uploads\/2022\/03\/El-MTE-firmo-un-compromiso.jpg",713,475,false],"web-stories-poster-portrait":["https:\/\/experienciadevida.com.ar\/portalurbano\/wp-content\/uploads\/2022\/03\/El-MTE-firmo-un-compromiso.jpg",640,426,false],"web-stories-publisher-logo":["https:\/\/experienciadevida.com.ar\/portalurbano\/wp-content\/uploads\/2022\/03\/El-MTE-firmo-un-compromiso.jpg",96,64,false],"web-stories-thumbnail":["https:\/\/experienciadevida.com.ar\/portalurbano\/wp-content\/uploads\/2022\/03\/El-MTE-firmo-un-compromiso.jpg",150,100,false]},"author_info":{"display_name":"admpu17wp","author_link":"https:\/\/experienciadevida.com.ar\/portalurbano\/author\/admpu17wp\/"},"category_info":"<a href=\"https:\/\/experienciadevida.com.ar\/portalurbano\/category\/ciudad\/\" rel=\"category tag\">Ciudad<\/a> <a href=\"https:\/\/experienciadevida.com.ar\/portalurbano\/category\/destacadas-2\/\" rel=\"category tag\">Destacadas 2<\/a>","tag_info":"Destacadas 2","comment_count":"0","amp_enabled":true,"_links":{"self":[{"href":"https:\/\/experienciadevida.com.ar\/portalurbano\/wp-json\/wp\/v2\/posts\/163315"}],"collection":[{"href":"https:\/\/experienciadevida.com.ar\/portalurbano\/wp-json\/wp\/v2\/posts"}],"about":[{"href":"https:\/\/experienciadevida.com.ar\/portalurbano\/wp-json\/wp\/v2\/types\/post"}],"author":[{"embeddable":true,"href":"https:\/\/experienciadevida.com.ar\/portalurbano\/wp-json\/wp\/v2\/users\/1"}],"replies":[{"embeddable":true,"href":"https:\/\/experienciadevida.com.ar\/portalurbano\/wp-json\/wp\/v2\/comments?post=163315"}],"version-history":[{"count":2,"href":"https:\/\/experienciadevida.com.ar\/portalurbano\/wp-json\/wp\/v2\/posts\/163315\/revisions"}],"predecessor-version":[{"id":163318,"href":"https:\/\/experienciadevida.com.ar\/portalurbano\/wp-json\/wp\/v2\/posts\/163315\/revisions\/163318"}],"wp:featuredmedia":[{"embeddable":true,"href":"https:\/\/experienciadevida.com.ar\/portalurbano\/wp-json\/wp\/v2\/media\/163316"}],"wp:attachment":[{"href":"https:\/\/experienciadevida.com.ar\/portalurbano\/wp-json\/wp\/v2\/media?parent=163315"}],"wp:term":[{"taxonomy":"category","embeddable":true,"href":"https:\/\/experienciadevida.com.ar\/portalurbano\/wp-json\/wp\/v2\/categories?post=163315"},{"taxonomy":"post_tag","embeddable":true,"href":"https:\/\/experienciadevida.com.ar\/portalurbano\/wp-json\/wp\/v2\/tags?post=163315"}],"curies":[{"name":"wp","href":"https:\/\/api.w.org\/{rel}","templated":true}]}}