{"id":163306,"date":"2022-03-11T09:52:50","date_gmt":"2022-03-11T12:52:50","guid":{"rendered":"https:\/\/experienciadevida.com.ar\/portalurbano\/?p=163306"},"modified":"2022-03-11T09:54:33","modified_gmt":"2022-03-11T12:54:33","slug":"cementeras-aoma-reinicia-medidas-de-fuerza-y-anuncio-paro-total-de-actividades","status":"publish","type":"post","link":"https:\/\/experienciadevida.com.ar\/portalurbano\/cementeras-aoma-reinicia-medidas-de-fuerza-y-anuncio-paro-total-de-actividades\/","title":{"rendered":"Cementeras: AOMA reinicia medidas de fuerza y anunci\u00f3 &#8220;paro total&#8221; de actividades"},"content":{"rendered":"<p>Cementeras: AOMA reinicia medidas de fuerza y anunci\u00f3 &#8220;paro total&#8221; de actividades, ante la falta de acuerdo salarial con representante de las empresas cementeras, la Asociaci\u00f3n Obrera Minera Argentina inform\u00f3 a todos los cuerpos org\u00e1nicos de la instituci\u00f3n que \u201cante la intransigencia de las empresas\u201d a los efectos de acordar en paritarias las mejoras salariales, se determin\u00f3 retomar las medidas de fuerza iniciadas el viernes 4 de marzo.<\/p>\n<p>Mediante la Circular N\u00b0 249 se hizo conocer la decisi\u00f3n del Secretariado Nacional de AOMA desde donde expresaron que \u201cen virtud a que luego de 48 hs. de haberse levantado las medidas de fuerza que fueran dispuestas\u201d la semana pasada no hubo acuerdo. El gremio entiende que este gesto demostr\u00f3 \u201ccon responsabilidad, que la cuesti\u00f3n salarial es de sumo inter\u00e9s para la instituci\u00f3n\u201d. Pese a ello, no se encontr\u00f3 respuestas favorables que destraben el reclamo.<\/p>\n<p>La informaci\u00f3n detalla adem\u00e1s que, tras haber \u201cmantenido reuniones\u201d hasta la media tarde de este jueves, y al no haber \u201carribado a ning\u00fan acuerdo favorable para los trabajadores y ante la intransigencia demostrada por la Asociaci\u00f3n de Fabricantes de Cemento Portland\u201d se determin\u00f3 que \u201cnos vemos en la obligaci\u00f3n de proseguir con el plan de lucha iniciado oportunamente\u201d. Ante tal situaci\u00f3n \u201cen funci\u00f3n de las facultades conferidas\u201d a la organizaci\u00f3n, decidieron \u201cretomar las medidas resueltas en la Circular N\u00b0 246 del pasado 3 de marzo \u2013 donde se dispuso \u2013 el quite de colaboraci\u00f3n\u201d en cada f\u00e1brica.<\/p>\n<p>Al mismo tiempo detallaron el \u201cinicio de paros sorpresivos de 2 horas por turno y por sector de trabajo a partir de las 00 horas del d\u00eda viernes 11\u201d del mes en curso. A la vez, se dispuso, la realizaci\u00f3n de \u201cAsambleas informativas en los lugares de trabajo\u201d.<\/p>\n<p>Por \u00faltimo decidieron que, a partir del lunes 14 de marzo del corriente a\u00f1o, se iniciar\u00e1 un \u201cparo total de actividades en todas las plantas de cemento del pa\u00eds\u201d, afirmando que AOMA \u201cmantendr\u00e1 debidamente informado\u201d a los trabajadores \u201cde los pasos a seguir\u201d, concluyeron.<\/p>\n","protected":false},"excerpt":{"rendered":"<p>Cementeras: AOMA reinicia medidas de fuerza y anunci\u00f3 &#8220;paro total&#8221; de actividades, ante la falta&#8230;<\/p>\n","protected":false},"author":1,"featured_media":163307,"comment_status":"closed","ping_status":"closed","sticky":false,"template":"","format":"standard","meta":{"content-type":""},"categories":[27,51],"tags":[],"nelio_content":{"isAutoShareEnabled":false,"autoShareEndMode":"default","automationSources":{"useContentSentences":true,"useSocialTemplates":true,"useCustomSentences":false,"customSentences":[]},"followers":[1],"suggestedReferences":[],"includedReferences":[],"efiUrl":"","efiAlt":"","highlights":[]},"yoast_head":"<!-- This site is optimized with the Yoast SEO plugin v20.7 - https:\/\/yoast.com\/wordpress\/plugins\/seo\/ -->\n<title>Cementeras: AOMA reinicia medidas de fuerza y anunci\u00f3 paro total<\/title>\n<meta name=\"description\" content=\"Cementeras: AOMA reinicia medidas de fuerza y anunci\u00f3 &quot;paro total&quot; de actividades, ante la falta de acuerdo salarial\" \/>\n<meta name=\"robots\" content=\"index, follow, max-snippet:-1, max-image-preview:large, max-video-preview:-1\" \/>\n<link rel=\"canonical\" href=\"https:\/\/experienciadevida.com.ar\/portalurbano\/cementeras-aoma-reinicia-medidas-de-fuerza-y-anuncio-paro-total-de-actividades\/\" \/>\n<meta property=\"og:locale\" content=\"es_ES\" \/>\n<meta property=\"og:type\" content=\"article\" \/>\n<meta property=\"og:title\" content=\"Cementeras: AOMA reinicia medidas de fuerza y anunci\u00f3 paro total\" \/>\n<meta property=\"og:description\" content=\"Cementeras: AOMA reinicia medidas de fuerza y anunci\u00f3 &quot;paro total&quot; de actividades, ante la falta de acuerdo salarial\" \/>\n<meta property=\"og:url\" content=\"https:\/\/experienciadevida.com.ar\/portalurbano\/cementeras-aoma-reinicia-medidas-de-fuerza-y-anuncio-paro-total-de-actividades\/\" \/>\n<meta property=\"article:publisher\" content=\"https:\/\/www.facebook.com\/Portal-Urbano-171542830093757\/\" \/>\n<meta property=\"article:published_time\" content=\"2022-03-11T12:52:50+00:00\" \/>\n<meta property=\"article:modified_time\" content=\"2022-03-11T12:54:33+00:00\" \/>\n<meta property=\"og:image\" content=\"https:\/\/experienciadevida.com.ar\/portalurbano\/wp-content\/uploads\/2022\/03\/Cementeras.jpg\" \/>\n\t<meta property=\"og:image:width\" content=\"765\" \/>\n\t<meta property=\"og:image:height\" content=\"512\" \/>\n\t<meta property=\"og:image:type\" content=\"image\/jpeg\" \/>\n<meta name=\"author\" content=\"admpu17wp\" \/>\n<meta name=\"twitter:card\" content=\"summary_large_image\" \/>\n<meta name=\"twitter:creator\" content=\"@portalurbanook\" \/>\n<meta name=\"twitter:site\" content=\"@portalurbanook\" \/>\n<meta name=\"twitter:label1\" content=\"Escrito por\" \/>\n\t<meta name=\"twitter:data1\" content=\"admpu17wp\" \/>\n\t<meta name=\"twitter:label2\" content=\"Tiempo de lectura\" \/>\n\t<meta name=\"twitter:data2\" content=\"2 minutos\" \/>\n<script type=\"application\/ld+json\" class=\"yoast-schema-graph\">{\"@context\":\"https:\/\/schema.org\",\"@graph\":[{\"@type\":\"Article\",\"@id\":\"https:\/\/experienciadevida.com.ar\/portalurbano\/cementeras-aoma-reinicia-medidas-de-fuerza-y-anuncio-paro-total-de-actividades\/#article\",\"isPartOf\":{\"@id\":\"https:\/\/experienciadevida.com.ar\/portalurbano\/cementeras-aoma-reinicia-medidas-de-fuerza-y-anuncio-paro-total-de-actividades\/\"},\"author\":{\"name\":\"admpu17wp\",\"@id\":\"https:\/\/experienciadevida.com.ar\/portalurbano\/#\/schema\/person\/02dd326b1c4b056e9cc972486934a3a7\"},\"headline\":\"Cementeras: AOMA reinicia medidas de fuerza y anunci\u00f3 &#8220;paro total&#8221; de actividades\",\"datePublished\":\"2022-03-11T12:52:50+00:00\",\"dateModified\":\"2022-03-11T12:54:33+00:00\",\"mainEntityOfPage\":{\"@id\":\"https:\/\/experienciadevida.com.ar\/portalurbano\/cementeras-aoma-reinicia-medidas-de-fuerza-y-anuncio-paro-total-de-actividades\/\"},\"wordCount\":354,\"publisher\":{\"@id\":\"https:\/\/experienciadevida.com.ar\/portalurbano\/#organization\"},\"articleSection\":[\"Ciudad\",\"Destacadas\"],\"inLanguage\":\"es\"},{\"@type\":\"WebPage\",\"@id\":\"https:\/\/experienciadevida.com.ar\/portalurbano\/cementeras-aoma-reinicia-medidas-de-fuerza-y-anuncio-paro-total-de-actividades\/\",\"url\":\"https:\/\/experienciadevida.com.ar\/portalurbano\/cementeras-aoma-reinicia-medidas-de-fuerza-y-anuncio-paro-total-de-actividades\/\",\"name\":\"Cementeras: AOMA reinicia medidas de fuerza y anunci\u00f3 paro total\",\"isPartOf\":{\"@id\":\"https:\/\/experienciadevida.com.ar\/portalurbano\/#website\"},\"datePublished\":\"2022-03-11T12:52:50+00:00\",\"dateModified\":\"2022-03-11T12:54:33+00:00\",\"description\":\"Cementeras: AOMA reinicia medidas de fuerza y anunci\u00f3 \\\"paro total\\\" de actividades, ante la falta de acuerdo salarial\",\"breadcrumb\":{\"@id\":\"https:\/\/experienciadevida.com.ar\/portalurbano\/cementeras-aoma-reinicia-medidas-de-fuerza-y-anuncio-paro-total-de-actividades\/#breadcrumb\"},\"inLanguage\":\"es\",\"potentialAction\":[{\"@type\":\"ReadAction\",\"target\":[\"https:\/\/experienciadevida.com.ar\/portalurbano\/cementeras-aoma-reinicia-medidas-de-fuerza-y-anuncio-paro-total-de-actividades\/\"]}]},{\"@type\":\"BreadcrumbList\",\"@id\":\"https:\/\/experienciadevida.com.ar\/portalurbano\/cementeras-aoma-reinicia-medidas-de-fuerza-y-anuncio-paro-total-de-actividades\/#breadcrumb\",\"itemListElement\":[{\"@type\":\"ListItem\",\"position\":1,\"name\":\"Portada\",\"item\":\"https:\/\/experienciadevida.com.ar\/portalurbano\/\"},{\"@type\":\"ListItem\",\"position\":2,\"name\":\"Cementeras: AOMA reinicia medidas de fuerza y anunci\u00f3 \u00abparo total\u00bb de actividades\"}]},{\"@type\":\"WebSite\",\"@id\":\"https:\/\/experienciadevida.com.ar\/portalurbano\/#website\",\"url\":\"https:\/\/experienciadevida.com.ar\/portalurbano\/\",\"name\":\"\",\"description\":\"\",\"publisher\":{\"@id\":\"https:\/\/experienciadevida.com.ar\/portalurbano\/#organization\"},\"potentialAction\":[{\"@type\":\"SearchAction\",\"target\":{\"@type\":\"EntryPoint\",\"urlTemplate\":\"https:\/\/experienciadevida.com.ar\/portalurbano\/?s={search_term_string}\"},\"query-input\":\"required name=search_term_string\"}],\"inLanguage\":\"es\"},{\"@type\":\"Organization\",\"@id\":\"https:\/\/experienciadevida.com.ar\/portalurbano\/#organization\",\"name\":\"Portal Urbano\",\"url\":\"https:\/\/experienciadevida.com.ar\/portalurbano\/\",\"logo\":{\"@type\":\"ImageObject\",\"inLanguage\":\"es\",\"@id\":\"https:\/\/experienciadevida.com.ar\/portalurbano\/#\/schema\/logo\/image\/\",\"url\":\"https:\/\/experienciadevida.com.ar\/portalurbano\/wp-content\/uploads\/2019\/09\/Logo-Original.png\",\"contentUrl\":\"https:\/\/experienciadevida.com.ar\/portalurbano\/wp-content\/uploads\/2019\/09\/Logo-Original.png\",\"width\":2236,\"height\":1216,\"caption\":\"Portal Urbano\"},\"image\":{\"@id\":\"https:\/\/experienciadevida.com.ar\/portalurbano\/#\/schema\/logo\/image\/\"},\"sameAs\":[\"https:\/\/www.facebook.com\/Portal-Urbano-171542830093757\/\",\"https:\/\/twitter.com\/portalurbanook\",\"https:\/\/www.instagram.com\/_portalurbano\/\",\"https:\/\/www.youtube.com\/channel\/UCXhagIfszH8KxFiOok79zbA?view_as=subscriber\"]},{\"@type\":\"Person\",\"@id\":\"https:\/\/experienciadevida.com.ar\/portalurbano\/#\/schema\/person\/02dd326b1c4b056e9cc972486934a3a7\",\"name\":\"admpu17wp\",\"image\":{\"@type\":\"ImageObject\",\"inLanguage\":\"es\",\"@id\":\"https:\/\/experienciadevida.com.ar\/portalurbano\/#\/schema\/person\/image\/\",\"url\":\"https:\/\/secure.gravatar.com\/avatar\/830d4c57adaae6630765e449a6908047?s=96&d=mm&r=g\",\"contentUrl\":\"https:\/\/secure.gravatar.com\/avatar\/830d4c57adaae6630765e449a6908047?s=96&d=mm&r=g\",\"caption\":\"admpu17wp\"}}]}<\/script>\n<!-- \/ Yoast SEO plugin. -->","yoast_head_json":{"title":"Cementeras: AOMA reinicia medidas de fuerza y anunci\u00f3 paro total","description":"Cementeras: AOMA reinicia medidas de fuerza y anunci\u00f3 \"paro total\" de actividades, ante la falta de acuerdo salarial","robots":{"index":"index","follow":"follow","max-snippet":"max-snippet:-1","max-image-preview":"max-image-preview:large","max-video-preview":"max-video-preview:-1"},"canonical":"https:\/\/experienciadevida.com.ar\/portalurbano\/cementeras-aoma-reinicia-medidas-de-fuerza-y-anuncio-paro-total-de-actividades\/","og_locale":"es_ES","og_type":"article","og_title":"Cementeras: AOMA reinicia medidas de fuerza y anunci\u00f3 paro total","og_description":"Cementeras: AOMA reinicia medidas de fuerza y anunci\u00f3 \"paro total\" de actividades, ante la falta de acuerdo salarial","og_url":"https:\/\/experienciadevida.com.ar\/portalurbano\/cementeras-aoma-reinicia-medidas-de-fuerza-y-anuncio-paro-total-de-actividades\/","article_publisher":"https:\/\/www.facebook.com\/Portal-Urbano-171542830093757\/","article_published_time":"2022-03-11T12:52:50+00:00","article_modified_time":"2022-03-11T12:54:33+00:00","og_image":[{"width":765,"height":512,"url":"https:\/\/experienciadevida.com.ar\/portalurbano\/wp-content\/uploads\/2022\/03\/Cementeras.jpg","type":"image\/jpeg"}],"author":"admpu17wp","twitter_card":"summary_large_image","twitter_creator":"@portalurbanook","twitter_site":"@portalurbanook","twitter_misc":{"Escrito por":"admpu17wp","Tiempo de lectura":"2 minutos"},"schema":{"@context":"https:\/\/schema.org","@graph":[{"@type":"Article","@id":"https:\/\/experienciadevida.com.ar\/portalurbano\/cementeras-aoma-reinicia-medidas-de-fuerza-y-anuncio-paro-total-de-actividades\/#article","isPartOf":{"@id":"https:\/\/experienciadevida.com.ar\/portalurbano\/cementeras-aoma-reinicia-medidas-de-fuerza-y-anuncio-paro-total-de-actividades\/"},"author":{"name":"admpu17wp","@id":"https:\/\/experienciadevida.com.ar\/portalurbano\/#\/schema\/person\/02dd326b1c4b056e9cc972486934a3a7"},"headline":"Cementeras: AOMA reinicia medidas de fuerza y anunci\u00f3 &#8220;paro total&#8221; de actividades","datePublished":"2022-03-11T12:52:50+00:00","dateModified":"2022-03-11T12:54:33+00:00","mainEntityOfPage":{"@id":"https:\/\/experienciadevida.com.ar\/portalurbano\/cementeras-aoma-reinicia-medidas-de-fuerza-y-anuncio-paro-total-de-actividades\/"},"wordCount":354,"publisher":{"@id":"https:\/\/experienciadevida.com.ar\/portalurbano\/#organization"},"articleSection":["Ciudad","Destacadas"],"inLanguage":"es"},{"@type":"WebPage","@id":"https:\/\/experienciadevida.com.ar\/portalurbano\/cementeras-aoma-reinicia-medidas-de-fuerza-y-anuncio-paro-total-de-actividades\/","url":"https:\/\/experienciadevida.com.ar\/portalurbano\/cementeras-aoma-reinicia-medidas-de-fuerza-y-anuncio-paro-total-de-actividades\/","name":"Cementeras: AOMA reinicia medidas de fuerza y anunci\u00f3 paro total","isPartOf":{"@id":"https:\/\/experienciadevida.com.ar\/portalurbano\/#website"},"datePublished":"2022-03-11T12:52:50+00:00","dateModified":"2022-03-11T12:54:33+00:00","description":"Cementeras: AOMA reinicia medidas de fuerza y anunci\u00f3 \"paro total\" de actividades, ante la falta de acuerdo salarial","breadcrumb":{"@id":"https:\/\/experienciadevida.com.ar\/portalurbano\/cementeras-aoma-reinicia-medidas-de-fuerza-y-anuncio-paro-total-de-actividades\/#breadcrumb"},"inLanguage":"es","potentialAction":[{"@type":"ReadAction","target":["https:\/\/experienciadevida.com.ar\/portalurbano\/cementeras-aoma-reinicia-medidas-de-fuerza-y-anuncio-paro-total-de-actividades\/"]}]},{"@type":"BreadcrumbList","@id":"https:\/\/experienciadevida.com.ar\/portalurbano\/cementeras-aoma-reinicia-medidas-de-fuerza-y-anuncio-paro-total-de-actividades\/#breadcrumb","itemListElement":[{"@type":"ListItem","position":1,"name":"Portada","item":"https:\/\/experienciadevida.com.ar\/portalurbano\/"},{"@type":"ListItem","position":2,"name":"Cementeras: AOMA reinicia medidas de fuerza y anunci\u00f3 \u00abparo total\u00bb de actividades"}]},{"@type":"WebSite","@id":"https:\/\/experienciadevida.com.ar\/portalurbano\/#website","url":"https:\/\/experienciadevida.com.ar\/portalurbano\/","name":"","description":"","publisher":{"@id":"https:\/\/experienciadevida.com.ar\/portalurbano\/#organization"},"potentialAction":[{"@type":"SearchAction","target":{"@type":"EntryPoint","urlTemplate":"https:\/\/experienciadevida.com.ar\/portalurbano\/?s={search_term_string}"},"query-input":"required name=search_term_string"}],"inLanguage":"es"},{"@type":"Organization","@id":"https:\/\/experienciadevida.com.ar\/portalurbano\/#organization","name":"Portal Urbano","url":"https:\/\/experienciadevida.com.ar\/portalurbano\/","logo":{"@type":"ImageObject","inLanguage":"es","@id":"https:\/\/experienciadevida.com.ar\/portalurbano\/#\/schema\/logo\/image\/","url":"https:\/\/experienciadevida.com.ar\/portalurbano\/wp-content\/uploads\/2019\/09\/Logo-Original.png","contentUrl":"https:\/\/experienciadevida.com.ar\/portalurbano\/wp-content\/uploads\/2019\/09\/Logo-Original.png","width":2236,"height":1216,"caption":"Portal Urbano"},"image":{"@id":"https:\/\/experienciadevida.com.ar\/portalurbano\/#\/schema\/logo\/image\/"},"sameAs":["https:\/\/www.facebook.com\/Portal-Urbano-171542830093757\/","https:\/\/twitter.com\/portalurbanook","https:\/\/www.instagram.com\/_portalurbano\/","https:\/\/www.youtube.com\/channel\/UCXhagIfszH8KxFiOok79zbA?view_as=subscriber"]},{"@type":"Person","@id":"https:\/\/experienciadevida.com.ar\/portalurbano\/#\/schema\/person\/02dd326b1c4b056e9cc972486934a3a7","name":"admpu17wp","image":{"@type":"ImageObject","inLanguage":"es","@id":"https:\/\/experienciadevida.com.ar\/portalurbano\/#\/schema\/person\/image\/","url":"https:\/\/secure.gravatar.com\/avatar\/830d4c57adaae6630765e449a6908047?s=96&d=mm&r=g","contentUrl":"https:\/\/secure.gravatar.com\/avatar\/830d4c57adaae6630765e449a6908047?s=96&d=mm&r=g","caption":"admpu17wp"}}]}},"featured_image_urls":{"full":["https:\/\/experienciadevida.com.ar\/portalurbano\/wp-content\/uploads\/2022\/03\/Cementeras.jpg",765,512,false],"thumbnail":["https:\/\/experienciadevida.com.ar\/portalurbano\/wp-content\/uploads\/2022\/03\/Cementeras-150x150.jpg",150,150,true],"medium":["https:\/\/experienciadevida.com.ar\/portalurbano\/wp-content\/uploads\/2022\/03\/Cementeras-300x201.jpg",300,201,true],"medium_large":["https:\/\/experienciadevida.com.ar\/portalurbano\/wp-content\/uploads\/2022\/03\/Cementeras.jpg",640,428,false],"large":["https:\/\/experienciadevida.com.ar\/portalurbano\/wp-content\/uploads\/2022\/03\/Cementeras.jpg",640,428,false],"ug_big":["https:\/\/experienciadevida.com.ar\/portalurbano\/wp-content\/uploads\/2022\/03\/Cementeras.jpg",765,512,false],"1536x1536":["https:\/\/experienciadevida.com.ar\/portalurbano\/wp-content\/uploads\/2022\/03\/Cementeras.jpg",765,512,false],"2048x2048":["https:\/\/experienciadevida.com.ar\/portalurbano\/wp-content\/uploads\/2022\/03\/Cementeras.jpg",765,512,false],"newsever-slider-full":["https:\/\/experienciadevida.com.ar\/portalurbano\/wp-content\/uploads\/2022\/03\/Cementeras.jpg",765,512,false],"newsever-featured":["https:\/\/experienciadevida.com.ar\/portalurbano\/wp-content\/uploads\/2022\/03\/Cementeras.jpg",765,512,false],"newsever-medium":["https:\/\/experienciadevida.com.ar\/portalurbano\/wp-content\/uploads\/2022\/03\/Cementeras.jpg",710,475,false],"web-stories-poster-portrait":["https:\/\/experienciadevida.com.ar\/portalurbano\/wp-content\/uploads\/2022\/03\/Cementeras.jpg",640,428,false],"web-stories-publisher-logo":["https:\/\/experienciadevida.com.ar\/portalurbano\/wp-content\/uploads\/2022\/03\/Cementeras.jpg",96,64,false],"web-stories-thumbnail":["https:\/\/experienciadevida.com.ar\/portalurbano\/wp-content\/uploads\/2022\/03\/Cementeras.jpg",150,100,false]},"author_info":{"display_name":"admpu17wp","author_link":"https:\/\/experienciadevida.com.ar\/portalurbano\/author\/admpu17wp\/"},"category_info":"<a href=\"https:\/\/experienciadevida.com.ar\/portalurbano\/category\/ciudad\/\" rel=\"category tag\">Ciudad<\/a> <a href=\"https:\/\/experienciadevida.com.ar\/portalurbano\/category\/destacadas\/\" rel=\"category tag\">Destacadas<\/a>","tag_info":"Destacadas","comment_count":"0","amp_enabled":true,"_links":{"self":[{"href":"https:\/\/experienciadevida.com.ar\/portalurbano\/wp-json\/wp\/v2\/posts\/163306"}],"collection":[{"href":"https:\/\/experienciadevida.com.ar\/portalurbano\/wp-json\/wp\/v2\/posts"}],"about":[{"href":"https:\/\/experienciadevida.com.ar\/portalurbano\/wp-json\/wp\/v2\/types\/post"}],"author":[{"embeddable":true,"href":"https:\/\/experienciadevida.com.ar\/portalurbano\/wp-json\/wp\/v2\/users\/1"}],"replies":[{"embeddable":true,"href":"https:\/\/experienciadevida.com.ar\/portalurbano\/wp-json\/wp\/v2\/comments?post=163306"}],"version-history":[{"count":1,"href":"https:\/\/experienciadevida.com.ar\/portalurbano\/wp-json\/wp\/v2\/posts\/163306\/revisions"}],"predecessor-version":[{"id":163308,"href":"https:\/\/experienciadevida.com.ar\/portalurbano\/wp-json\/wp\/v2\/posts\/163306\/revisions\/163308"}],"wp:featuredmedia":[{"embeddable":true,"href":"https:\/\/experienciadevida.com.ar\/portalurbano\/wp-json\/wp\/v2\/media\/163307"}],"wp:attachment":[{"href":"https:\/\/experienciadevida.com.ar\/portalurbano\/wp-json\/wp\/v2\/media?parent=163306"}],"wp:term":[{"taxonomy":"category","embeddable":true,"href":"https:\/\/experienciadevida.com.ar\/portalurbano\/wp-json\/wp\/v2\/categories?post=163306"},{"taxonomy":"post_tag","embeddable":true,"href":"https:\/\/experienciadevida.com.ar\/portalurbano\/wp-json\/wp\/v2\/tags?post=163306"}],"curies":[{"name":"wp","href":"https:\/\/api.w.org\/{rel}","templated":true}]}}