{"id":163293,"date":"2022-03-11T09:18:27","date_gmt":"2022-03-11T12:18:27","guid":{"rendered":"https:\/\/experienciadevida.com.ar\/portalurbano\/?p=163293"},"modified":"2022-03-11T09:20:20","modified_gmt":"2022-03-11T12:20:20","slug":"ayudemos-a-corrientes-partio-el-camion-rumbo-a-corrientes-con-la-colecta-de-los-jovenes-de-juntos","status":"publish","type":"post","link":"https:\/\/experienciadevida.com.ar\/portalurbano\/ayudemos-a-corrientes-partio-el-camion-rumbo-a-corrientes-con-la-colecta-de-los-jovenes-de-juntos\/","title":{"rendered":"Ayudemos a Corrientes: parti\u00f3 el cami\u00f3n rumbo a Corrientes con la colecta de los j\u00f3venes de Juntos"},"content":{"rendered":"<p>Ayudemos a Corrientes: parti\u00f3 el cami\u00f3n rumbo a Corrientes con la colecta de los j\u00f3venes de Juntos, la juventud de Juntos por Olavarr\u00eda y del PRO que responden al intendente municipal Ezequiel Galli enviaron este jueves un cami\u00f3n con todo lo recolectado en la campa\u00f1a denominada #AyudemosaCorrientes, tras los incendios que sufri\u00f3 la provincia argentina.<\/p>\n<p>En este sentido, indicaron que se recolectaron: 510 litros de agua, 280 kilos de fideos, 95 kilos de polenta, 93 kilos de arroz, 83 paquetes de leche en polvo, 48 kilos de harina, 80 litros de bebidas energizantes, 65 bolsones de ropa y calzado, 24 cajas de Platsul, 13 cajas de insumos farmac\u00e9uticos, 15 cajas de insumos veterinarios, 170 kilos de alimento para animales y cunas y camas para beb\u00e9s y ni\u00f1os.<\/p>\n<p>Tras la partida del cami\u00f3n rumbo a Corrientes, los j\u00f3venes resaltaron &#8220;la solidaridad de los olavarrienses y el apoyo incondicional del intendente Ezequiel Galli para ayudar a quienes tanto sufrieron con el desastre natural&#8221;.<\/p>\n<p>Finalmente, remarcaron que &#8220;este es el camino que nos marca todos los d\u00edas Ezequiel y estamos orgullosos de acompa\u00f1arlo desde la militancia y la solidaridad&#8221;.<\/p>\n<p><a href=\"https:\/\/experienciadevida.com.ar\/portalurbano\/ayudemos-a-corrientes-partio-el-camion-rumbo-a-corrientes-con-la-colecta-de-los-jovenes-de-juntos\/ayudemos\/\" rel=\"attachment wp-att-163296\"><img decoding=\"async\" class=\"alignnone size-large wp-image-163296\" src=\"https:\/\/experienciadevida.com.ar\/portalurbano\/wp-content\/uploads\/2022\/03\/Ayudemos-768x1024.jpg\" alt=\"Ayudemos \" width=\"768\" height=\"1024\" srcset=\"https:\/\/experienciadevida.com.ar\/portalurbano\/wp-content\/uploads\/2022\/03\/Ayudemos-768x1024.jpg 768w, https:\/\/experienciadevida.com.ar\/portalurbano\/wp-content\/uploads\/2022\/03\/Ayudemos-225x300.jpg 225w, https:\/\/experienciadevida.com.ar\/portalurbano\/wp-content\/uploads\/2022\/03\/Ayudemos-576x768.jpg 576w, https:\/\/experienciadevida.com.ar\/portalurbano\/wp-content\/uploads\/2022\/03\/Ayudemos-1152x1536.jpg 1152w, https:\/\/experienciadevida.com.ar\/portalurbano\/wp-content\/uploads\/2022\/03\/Ayudemos.jpg 1200w\" sizes=\"(max-width: 768px) 100vw, 768px\" \/><\/a><\/p>\n","protected":false},"excerpt":{"rendered":"<p>Ayudemos a Corrientes: parti\u00f3 el cami\u00f3n rumbo a Corrientes con la colecta de los j\u00f3venes&#8230;<\/p>\n","protected":false},"author":1,"featured_media":163294,"comment_status":"closed","ping_status":"closed","sticky":false,"template":"","format":"standard","meta":{"content-type":""},"categories":[27,51],"tags":[],"nelio_content":{"isAutoShareEnabled":false,"autoShareEndMode":"default","automationSources":{"useContentSentences":true,"useSocialTemplates":true,"useCustomSentences":false,"customSentences":[]},"followers":[1],"suggestedReferences":[],"includedReferences":[],"efiUrl":"","efiAlt":"","highlights":[]},"yoast_head":"<!-- This site is optimized with the Yoast SEO plugin v20.7 - https:\/\/yoast.com\/wordpress\/plugins\/seo\/ -->\n<title>Ayudemos a Corrientes: parti\u00f3 el cami\u00f3n rumbo a Corrientes con la colecta de los j\u00f3venes de Juntos -<\/title>\n<meta name=\"robots\" content=\"index, follow, max-snippet:-1, max-image-preview:large, max-video-preview:-1\" \/>\n<link rel=\"canonical\" href=\"https:\/\/experienciadevida.com.ar\/portalurbano\/ayudemos-a-corrientes-partio-el-camion-rumbo-a-corrientes-con-la-colecta-de-los-jovenes-de-juntos\/\" \/>\n<meta property=\"og:locale\" content=\"es_ES\" \/>\n<meta property=\"og:type\" content=\"article\" \/>\n<meta property=\"og:title\" content=\"Ayudemos a Corrientes: parti\u00f3 el cami\u00f3n rumbo a Corrientes con la colecta de los j\u00f3venes de Juntos -\" \/>\n<meta property=\"og:description\" content=\"Ayudemos a Corrientes: parti\u00f3 el cami\u00f3n rumbo a Corrientes con la colecta de los j\u00f3venes...\" \/>\n<meta property=\"og:url\" content=\"https:\/\/experienciadevida.com.ar\/portalurbano\/ayudemos-a-corrientes-partio-el-camion-rumbo-a-corrientes-con-la-colecta-de-los-jovenes-de-juntos\/\" \/>\n<meta property=\"article:publisher\" content=\"https:\/\/www.facebook.com\/Portal-Urbano-171542830093757\/\" \/>\n<meta property=\"article:published_time\" content=\"2022-03-11T12:18:27+00:00\" \/>\n<meta property=\"article:modified_time\" content=\"2022-03-11T12:20:20+00:00\" \/>\n<meta property=\"og:image\" content=\"https:\/\/experienciadevida.com.ar\/portalurbano\/wp-content\/uploads\/2022\/03\/Ayudemos-a-Corrientes.jpg\" \/>\n\t<meta property=\"og:image:width\" content=\"1600\" \/>\n\t<meta property=\"og:image:height\" content=\"1200\" \/>\n\t<meta property=\"og:image:type\" content=\"image\/jpeg\" \/>\n<meta name=\"author\" content=\"admpu17wp\" \/>\n<meta name=\"twitter:card\" content=\"summary_large_image\" \/>\n<meta name=\"twitter:creator\" content=\"@portalurbanook\" \/>\n<meta name=\"twitter:site\" content=\"@portalurbanook\" \/>\n<meta name=\"twitter:label1\" content=\"Escrito por\" \/>\n\t<meta name=\"twitter:data1\" content=\"admpu17wp\" \/>\n\t<meta name=\"twitter:label2\" content=\"Tiempo de lectura\" \/>\n\t<meta name=\"twitter:data2\" content=\"1 minuto\" \/>\n<script type=\"application\/ld+json\" class=\"yoast-schema-graph\">{\"@context\":\"https:\/\/schema.org\",\"@graph\":[{\"@type\":\"Article\",\"@id\":\"https:\/\/experienciadevida.com.ar\/portalurbano\/ayudemos-a-corrientes-partio-el-camion-rumbo-a-corrientes-con-la-colecta-de-los-jovenes-de-juntos\/#article\",\"isPartOf\":{\"@id\":\"https:\/\/experienciadevida.com.ar\/portalurbano\/ayudemos-a-corrientes-partio-el-camion-rumbo-a-corrientes-con-la-colecta-de-los-jovenes-de-juntos\/\"},\"author\":{\"name\":\"admpu17wp\",\"@id\":\"https:\/\/experienciadevida.com.ar\/portalurbano\/#\/schema\/person\/02dd326b1c4b056e9cc972486934a3a7\"},\"headline\":\"Ayudemos a Corrientes: parti\u00f3 el cami\u00f3n rumbo a Corrientes con la colecta de los j\u00f3venes de Juntos\",\"datePublished\":\"2022-03-11T12:18:27+00:00\",\"dateModified\":\"2022-03-11T12:20:20+00:00\",\"mainEntityOfPage\":{\"@id\":\"https:\/\/experienciadevida.com.ar\/portalurbano\/ayudemos-a-corrientes-partio-el-camion-rumbo-a-corrientes-con-la-colecta-de-los-jovenes-de-juntos\/\"},\"wordCount\":205,\"publisher\":{\"@id\":\"https:\/\/experienciadevida.com.ar\/portalurbano\/#organization\"},\"articleSection\":[\"Ciudad\",\"Destacadas\"],\"inLanguage\":\"es\"},{\"@type\":\"WebPage\",\"@id\":\"https:\/\/experienciadevida.com.ar\/portalurbano\/ayudemos-a-corrientes-partio-el-camion-rumbo-a-corrientes-con-la-colecta-de-los-jovenes-de-juntos\/\",\"url\":\"https:\/\/experienciadevida.com.ar\/portalurbano\/ayudemos-a-corrientes-partio-el-camion-rumbo-a-corrientes-con-la-colecta-de-los-jovenes-de-juntos\/\",\"name\":\"Ayudemos a Corrientes: parti\u00f3 el cami\u00f3n rumbo a Corrientes con la colecta de los j\u00f3venes de Juntos -\",\"isPartOf\":{\"@id\":\"https:\/\/experienciadevida.com.ar\/portalurbano\/#website\"},\"datePublished\":\"2022-03-11T12:18:27+00:00\",\"dateModified\":\"2022-03-11T12:20:20+00:00\",\"breadcrumb\":{\"@id\":\"https:\/\/experienciadevida.com.ar\/portalurbano\/ayudemos-a-corrientes-partio-el-camion-rumbo-a-corrientes-con-la-colecta-de-los-jovenes-de-juntos\/#breadcrumb\"},\"inLanguage\":\"es\",\"potentialAction\":[{\"@type\":\"ReadAction\",\"target\":[\"https:\/\/experienciadevida.com.ar\/portalurbano\/ayudemos-a-corrientes-partio-el-camion-rumbo-a-corrientes-con-la-colecta-de-los-jovenes-de-juntos\/\"]}]},{\"@type\":\"BreadcrumbList\",\"@id\":\"https:\/\/experienciadevida.com.ar\/portalurbano\/ayudemos-a-corrientes-partio-el-camion-rumbo-a-corrientes-con-la-colecta-de-los-jovenes-de-juntos\/#breadcrumb\",\"itemListElement\":[{\"@type\":\"ListItem\",\"position\":1,\"name\":\"Portada\",\"item\":\"https:\/\/experienciadevida.com.ar\/portalurbano\/\"},{\"@type\":\"ListItem\",\"position\":2,\"name\":\"Ayudemos a Corrientes: parti\u00f3 el cami\u00f3n rumbo a Corrientes con la colecta de los j\u00f3venes de Juntos\"}]},{\"@type\":\"WebSite\",\"@id\":\"https:\/\/experienciadevida.com.ar\/portalurbano\/#website\",\"url\":\"https:\/\/experienciadevida.com.ar\/portalurbano\/\",\"name\":\"\",\"description\":\"\",\"publisher\":{\"@id\":\"https:\/\/experienciadevida.com.ar\/portalurbano\/#organization\"},\"potentialAction\":[{\"@type\":\"SearchAction\",\"target\":{\"@type\":\"EntryPoint\",\"urlTemplate\":\"https:\/\/experienciadevida.com.ar\/portalurbano\/?s={search_term_string}\"},\"query-input\":\"required name=search_term_string\"}],\"inLanguage\":\"es\"},{\"@type\":\"Organization\",\"@id\":\"https:\/\/experienciadevida.com.ar\/portalurbano\/#organization\",\"name\":\"Portal Urbano\",\"url\":\"https:\/\/experienciadevida.com.ar\/portalurbano\/\",\"logo\":{\"@type\":\"ImageObject\",\"inLanguage\":\"es\",\"@id\":\"https:\/\/experienciadevida.com.ar\/portalurbano\/#\/schema\/logo\/image\/\",\"url\":\"https:\/\/experienciadevida.com.ar\/portalurbano\/wp-content\/uploads\/2019\/09\/Logo-Original.png\",\"contentUrl\":\"https:\/\/experienciadevida.com.ar\/portalurbano\/wp-content\/uploads\/2019\/09\/Logo-Original.png\",\"width\":2236,\"height\":1216,\"caption\":\"Portal Urbano\"},\"image\":{\"@id\":\"https:\/\/experienciadevida.com.ar\/portalurbano\/#\/schema\/logo\/image\/\"},\"sameAs\":[\"https:\/\/www.facebook.com\/Portal-Urbano-171542830093757\/\",\"https:\/\/twitter.com\/portalurbanook\",\"https:\/\/www.instagram.com\/_portalurbano\/\",\"https:\/\/www.youtube.com\/channel\/UCXhagIfszH8KxFiOok79zbA?view_as=subscriber\"]},{\"@type\":\"Person\",\"@id\":\"https:\/\/experienciadevida.com.ar\/portalurbano\/#\/schema\/person\/02dd326b1c4b056e9cc972486934a3a7\",\"name\":\"admpu17wp\",\"image\":{\"@type\":\"ImageObject\",\"inLanguage\":\"es\",\"@id\":\"https:\/\/experienciadevida.com.ar\/portalurbano\/#\/schema\/person\/image\/\",\"url\":\"https:\/\/secure.gravatar.com\/avatar\/830d4c57adaae6630765e449a6908047?s=96&d=mm&r=g\",\"contentUrl\":\"https:\/\/secure.gravatar.com\/avatar\/830d4c57adaae6630765e449a6908047?s=96&d=mm&r=g\",\"caption\":\"admpu17wp\"}}]}<\/script>\n<!-- \/ Yoast SEO plugin. -->","yoast_head_json":{"title":"Ayudemos a Corrientes: parti\u00f3 el cami\u00f3n rumbo a Corrientes con la colecta de los j\u00f3venes de Juntos -","robots":{"index":"index","follow":"follow","max-snippet":"max-snippet:-1","max-image-preview":"max-image-preview:large","max-video-preview":"max-video-preview:-1"},"canonical":"https:\/\/experienciadevida.com.ar\/portalurbano\/ayudemos-a-corrientes-partio-el-camion-rumbo-a-corrientes-con-la-colecta-de-los-jovenes-de-juntos\/","og_locale":"es_ES","og_type":"article","og_title":"Ayudemos a Corrientes: parti\u00f3 el cami\u00f3n rumbo a Corrientes con la colecta de los j\u00f3venes de Juntos -","og_description":"Ayudemos a Corrientes: parti\u00f3 el cami\u00f3n rumbo a Corrientes con la colecta de los j\u00f3venes...","og_url":"https:\/\/experienciadevida.com.ar\/portalurbano\/ayudemos-a-corrientes-partio-el-camion-rumbo-a-corrientes-con-la-colecta-de-los-jovenes-de-juntos\/","article_publisher":"https:\/\/www.facebook.com\/Portal-Urbano-171542830093757\/","article_published_time":"2022-03-11T12:18:27+00:00","article_modified_time":"2022-03-11T12:20:20+00:00","og_image":[{"width":1600,"height":1200,"url":"https:\/\/experienciadevida.com.ar\/portalurbano\/wp-content\/uploads\/2022\/03\/Ayudemos-a-Corrientes.jpg","type":"image\/jpeg"}],"author":"admpu17wp","twitter_card":"summary_large_image","twitter_creator":"@portalurbanook","twitter_site":"@portalurbanook","twitter_misc":{"Escrito por":"admpu17wp","Tiempo de lectura":"1 minuto"},"schema":{"@context":"https:\/\/schema.org","@graph":[{"@type":"Article","@id":"https:\/\/experienciadevida.com.ar\/portalurbano\/ayudemos-a-corrientes-partio-el-camion-rumbo-a-corrientes-con-la-colecta-de-los-jovenes-de-juntos\/#article","isPartOf":{"@id":"https:\/\/experienciadevida.com.ar\/portalurbano\/ayudemos-a-corrientes-partio-el-camion-rumbo-a-corrientes-con-la-colecta-de-los-jovenes-de-juntos\/"},"author":{"name":"admpu17wp","@id":"https:\/\/experienciadevida.com.ar\/portalurbano\/#\/schema\/person\/02dd326b1c4b056e9cc972486934a3a7"},"headline":"Ayudemos a Corrientes: parti\u00f3 el cami\u00f3n rumbo a Corrientes con la colecta de los j\u00f3venes de Juntos","datePublished":"2022-03-11T12:18:27+00:00","dateModified":"2022-03-11T12:20:20+00:00","mainEntityOfPage":{"@id":"https:\/\/experienciadevida.com.ar\/portalurbano\/ayudemos-a-corrientes-partio-el-camion-rumbo-a-corrientes-con-la-colecta-de-los-jovenes-de-juntos\/"},"wordCount":205,"publisher":{"@id":"https:\/\/experienciadevida.com.ar\/portalurbano\/#organization"},"articleSection":["Ciudad","Destacadas"],"inLanguage":"es"},{"@type":"WebPage","@id":"https:\/\/experienciadevida.com.ar\/portalurbano\/ayudemos-a-corrientes-partio-el-camion-rumbo-a-corrientes-con-la-colecta-de-los-jovenes-de-juntos\/","url":"https:\/\/experienciadevida.com.ar\/portalurbano\/ayudemos-a-corrientes-partio-el-camion-rumbo-a-corrientes-con-la-colecta-de-los-jovenes-de-juntos\/","name":"Ayudemos a Corrientes: parti\u00f3 el cami\u00f3n rumbo a Corrientes con la colecta de los j\u00f3venes de Juntos -","isPartOf":{"@id":"https:\/\/experienciadevida.com.ar\/portalurbano\/#website"},"datePublished":"2022-03-11T12:18:27+00:00","dateModified":"2022-03-11T12:20:20+00:00","breadcrumb":{"@id":"https:\/\/experienciadevida.com.ar\/portalurbano\/ayudemos-a-corrientes-partio-el-camion-rumbo-a-corrientes-con-la-colecta-de-los-jovenes-de-juntos\/#breadcrumb"},"inLanguage":"es","potentialAction":[{"@type":"ReadAction","target":["https:\/\/experienciadevida.com.ar\/portalurbano\/ayudemos-a-corrientes-partio-el-camion-rumbo-a-corrientes-con-la-colecta-de-los-jovenes-de-juntos\/"]}]},{"@type":"BreadcrumbList","@id":"https:\/\/experienciadevida.com.ar\/portalurbano\/ayudemos-a-corrientes-partio-el-camion-rumbo-a-corrientes-con-la-colecta-de-los-jovenes-de-juntos\/#breadcrumb","itemListElement":[{"@type":"ListItem","position":1,"name":"Portada","item":"https:\/\/experienciadevida.com.ar\/portalurbano\/"},{"@type":"ListItem","position":2,"name":"Ayudemos a Corrientes: parti\u00f3 el cami\u00f3n rumbo a Corrientes con la colecta de los j\u00f3venes de Juntos"}]},{"@type":"WebSite","@id":"https:\/\/experienciadevida.com.ar\/portalurbano\/#website","url":"https:\/\/experienciadevida.com.ar\/portalurbano\/","name":"","description":"","publisher":{"@id":"https:\/\/experienciadevida.com.ar\/portalurbano\/#organization"},"potentialAction":[{"@type":"SearchAction","target":{"@type":"EntryPoint","urlTemplate":"https:\/\/experienciadevida.com.ar\/portalurbano\/?s={search_term_string}"},"query-input":"required name=search_term_string"}],"inLanguage":"es"},{"@type":"Organization","@id":"https:\/\/experienciadevida.com.ar\/portalurbano\/#organization","name":"Portal Urbano","url":"https:\/\/experienciadevida.com.ar\/portalurbano\/","logo":{"@type":"ImageObject","inLanguage":"es","@id":"https:\/\/experienciadevida.com.ar\/portalurbano\/#\/schema\/logo\/image\/","url":"https:\/\/experienciadevida.com.ar\/portalurbano\/wp-content\/uploads\/2019\/09\/Logo-Original.png","contentUrl":"https:\/\/experienciadevida.com.ar\/portalurbano\/wp-content\/uploads\/2019\/09\/Logo-Original.png","width":2236,"height":1216,"caption":"Portal Urbano"},"image":{"@id":"https:\/\/experienciadevida.com.ar\/portalurbano\/#\/schema\/logo\/image\/"},"sameAs":["https:\/\/www.facebook.com\/Portal-Urbano-171542830093757\/","https:\/\/twitter.com\/portalurbanook","https:\/\/www.instagram.com\/_portalurbano\/","https:\/\/www.youtube.com\/channel\/UCXhagIfszH8KxFiOok79zbA?view_as=subscriber"]},{"@type":"Person","@id":"https:\/\/experienciadevida.com.ar\/portalurbano\/#\/schema\/person\/02dd326b1c4b056e9cc972486934a3a7","name":"admpu17wp","image":{"@type":"ImageObject","inLanguage":"es","@id":"https:\/\/experienciadevida.com.ar\/portalurbano\/#\/schema\/person\/image\/","url":"https:\/\/secure.gravatar.com\/avatar\/830d4c57adaae6630765e449a6908047?s=96&d=mm&r=g","contentUrl":"https:\/\/secure.gravatar.com\/avatar\/830d4c57adaae6630765e449a6908047?s=96&d=mm&r=g","caption":"admpu17wp"}}]}},"featured_image_urls":{"full":["https:\/\/experienciadevida.com.ar\/portalurbano\/wp-content\/uploads\/2022\/03\/Ayudemos-a-Corrientes.jpg",1600,1200,false],"thumbnail":["https:\/\/experienciadevida.com.ar\/portalurbano\/wp-content\/uploads\/2022\/03\/Ayudemos-a-Corrientes-150x150.jpg",150,150,true],"medium":["https:\/\/experienciadevida.com.ar\/portalurbano\/wp-content\/uploads\/2022\/03\/Ayudemos-a-Corrientes-300x225.jpg",300,225,true],"medium_large":["https:\/\/experienciadevida.com.ar\/portalurbano\/wp-content\/uploads\/2022\/03\/Ayudemos-a-Corrientes-768x576.jpg",640,480,true],"large":["https:\/\/experienciadevida.com.ar\/portalurbano\/wp-content\/uploads\/2022\/03\/Ayudemos-a-Corrientes-1024x768.jpg",640,480,true],"ug_big":["https:\/\/experienciadevida.com.ar\/portalurbano\/wp-content\/uploads\/2022\/03\/Ayudemos-a-Corrientes-768x576.jpg",768,576,true],"1536x1536":["https:\/\/experienciadevida.com.ar\/portalurbano\/wp-content\/uploads\/2022\/03\/Ayudemos-a-Corrientes-1536x1152.jpg",1536,1152,true],"2048x2048":["https:\/\/experienciadevida.com.ar\/portalurbano\/wp-content\/uploads\/2022\/03\/Ayudemos-a-Corrientes.jpg",1600,1200,false],"newsever-slider-full":["https:\/\/experienciadevida.com.ar\/portalurbano\/wp-content\/uploads\/2022\/03\/Ayudemos-a-Corrientes.jpg",1127,845,false],"newsever-featured":["https:\/\/experienciadevida.com.ar\/portalurbano\/wp-content\/uploads\/2022\/03\/Ayudemos-a-Corrientes.jpg",1024,768,false],"newsever-medium":["https:\/\/experienciadevida.com.ar\/portalurbano\/wp-content\/uploads\/2022\/03\/Ayudemos-a-Corrientes.jpg",633,475,false],"web-stories-poster-portrait":["https:\/\/experienciadevida.com.ar\/portalurbano\/wp-content\/uploads\/2022\/03\/Ayudemos-a-Corrientes.jpg",640,480,false],"web-stories-publisher-logo":["https:\/\/experienciadevida.com.ar\/portalurbano\/wp-content\/uploads\/2022\/03\/Ayudemos-a-Corrientes.jpg",96,72,false],"web-stories-thumbnail":["https:\/\/experienciadevida.com.ar\/portalurbano\/wp-content\/uploads\/2022\/03\/Ayudemos-a-Corrientes.jpg",150,113,false]},"author_info":{"display_name":"admpu17wp","author_link":"https:\/\/experienciadevida.com.ar\/portalurbano\/author\/admpu17wp\/"},"category_info":"<a href=\"https:\/\/experienciadevida.com.ar\/portalurbano\/category\/ciudad\/\" rel=\"category tag\">Ciudad<\/a> <a href=\"https:\/\/experienciadevida.com.ar\/portalurbano\/category\/destacadas\/\" rel=\"category tag\">Destacadas<\/a>","tag_info":"Destacadas","comment_count":"0","amp_enabled":true,"_links":{"self":[{"href":"https:\/\/experienciadevida.com.ar\/portalurbano\/wp-json\/wp\/v2\/posts\/163293"}],"collection":[{"href":"https:\/\/experienciadevida.com.ar\/portalurbano\/wp-json\/wp\/v2\/posts"}],"about":[{"href":"https:\/\/experienciadevida.com.ar\/portalurbano\/wp-json\/wp\/v2\/types\/post"}],"author":[{"embeddable":true,"href":"https:\/\/experienciadevida.com.ar\/portalurbano\/wp-json\/wp\/v2\/users\/1"}],"replies":[{"embeddable":true,"href":"https:\/\/experienciadevida.com.ar\/portalurbano\/wp-json\/wp\/v2\/comments?post=163293"}],"version-history":[{"count":2,"href":"https:\/\/experienciadevida.com.ar\/portalurbano\/wp-json\/wp\/v2\/posts\/163293\/revisions"}],"predecessor-version":[{"id":163297,"href":"https:\/\/experienciadevida.com.ar\/portalurbano\/wp-json\/wp\/v2\/posts\/163293\/revisions\/163297"}],"wp:featuredmedia":[{"embeddable":true,"href":"https:\/\/experienciadevida.com.ar\/portalurbano\/wp-json\/wp\/v2\/media\/163294"}],"wp:attachment":[{"href":"https:\/\/experienciadevida.com.ar\/portalurbano\/wp-json\/wp\/v2\/media?parent=163293"}],"wp:term":[{"taxonomy":"category","embeddable":true,"href":"https:\/\/experienciadevida.com.ar\/portalurbano\/wp-json\/wp\/v2\/categories?post=163293"},{"taxonomy":"post_tag","embeddable":true,"href":"https:\/\/experienciadevida.com.ar\/portalurbano\/wp-json\/wp\/v2\/tags?post=163293"}],"curies":[{"name":"wp","href":"https:\/\/api.w.org\/{rel}","templated":true}]}}