{"id":163287,"date":"2022-03-10T16:11:40","date_gmt":"2022-03-10T19:11:40","guid":{"rendered":"https:\/\/experienciadevida.com.ar\/portalurbano\/?p=163287"},"modified":"2022-03-10T16:13:33","modified_gmt":"2022-03-10T19:13:33","slug":"la-escuela-de-gobierno-proyectar-olavarria-empieza-sus-actividades-2022","status":"publish","type":"post","link":"https:\/\/experienciadevida.com.ar\/portalurbano\/la-escuela-de-gobierno-proyectar-olavarria-empieza-sus-actividades-2022\/","title":{"rendered":"La Escuela de Gobierno ProyectAR Olavarr\u00eda empieza sus actividades 2022"},"content":{"rendered":"<p>La Escuela de Gobierno ProyectAR Olavarr\u00eda empieza sus actividades 2022, con eje en las megatendencias globales y en la construcci\u00f3n de proyectos de pol\u00edticas p\u00fablicas para el Partido de Olavarr\u00eda, la Escuela de Gobierno del Frente Renovador reinicia sus actividades 2022.<\/p>\n<p>Eduardo Rodr\u00edguez, coordinador local, y la Directora de ProyectAR, M\u00f3nica Litza, mantuvieron una reuni\u00f3n para delinear el trabajo presencial en Olavarr\u00eda.<\/p>\n<p>D\u00edas atr\u00e1s, la Directora de la Escuela de Gobierno ProyectAR del Frente Renovador, M\u00f3nica Litza, y el coordinador local, Eduardo Rodr\u00edguez, mantuvieron una reuni\u00f3n en Buenos Aires para delinear la actividad para el corriente a\u00f1o en la sede Olavarr\u00eda.<\/p>\n<p>Se inform\u00f3 que a las capacitaciones virtuales que se vienen realizando desde el 2020, se sumar\u00e1n para este a\u00f1o actividades presenciales de formaci\u00f3n y como novedad, la conformaci\u00f3n de un equipo coordinador para el estudio y realizaci\u00f3n de propuestas de pol\u00edticas p\u00fablicas y de proyectos para el Partido de Olavarr\u00eda.<\/p>\n<p>Al respecto, Eduardo Rodr\u00edguez se\u00f1al\u00f3 que la iniciativa de ProyectAR Olavarr\u00eda ser\u00e1 la constituci\u00f3n de un equipo multidisciplinar comprometido con el estudio y la generaci\u00f3n de propuestas y proyectos de pol\u00edtica p\u00fablica Municipal desde la perspectiva de \u201cEl Derecho a la ciudad\u201d. En este sentido, Rodr\u00edguez confirm\u00f3 la participaci\u00f3n de profesionales, empresarios, comerciantes y j\u00f3venes como as\u00ed tambi\u00e9n hizo una invitaci\u00f3n p\u00fablica a vecinas y vecinos que deseen sumarse a la propuesta de trabajo para proyectar la Olavarr\u00eda que queremos.<\/p>\n<p>Eduardo Rodr\u00edguez tambi\u00e9n confirm\u00f3 que de manera virtual ya se abri\u00f3 la inscripci\u00f3n para las c\u00e1tedras abiertas que ofrece ProyectAR.<\/p>\n<p>C\u00e1tedras Abiertas virtuales sobre Megatendencias Globales:<\/p>\n<p>ProyectAR ha lanzado el ciclo &#8220;Megatendencias Globales&#8221; que se tratar\u00e1n en seis C\u00e1tedras Abiertas con la participaci\u00f3n de especialistas nacionales e internacionales. En cada una de las Clases Magistrales se abordar\u00e1 una<br \/>\nMegatendencia Global y se analizar\u00e1 su impacto y estudio en la Argentina.<\/p>\n<p>\u00bfCu\u00e1les son las Megatendencias y sus areas de estudios?<\/p>\n<p>Escasez de Recursos Naturales. Agua, alimentos, energ\u00eda y minerales. Cambios en la demanda e innovaciones tecnol\u00f3gicas.<\/p>\n<p>Cambios clim\u00e1ticos: Efectos en la agricultura, oportunidades de crecimiento verde, conciencia ciudadana y cambios de comportamiento.<\/p>\n<p>Urbanizaci\u00f3n y Expansi\u00f3n de Ciudades. Concentraci\u00f3n de la poblaci\u00f3n, demanda de infraestructura y servicios b\u00e1sicos, calidad de vida y competitividad de las ciudades.<\/p>\n<p>Transformaciones Demogr\u00e1ficas. Desplazamiento del poder, nuevos mercados, clases medias en ascenso y migraciones.<\/p>\n<p>Tecnolog\u00edas Disruptivas. Impacto en la Producci\u00f3n, el empleo, el bienestar, la gobernabilidad y las relaciones humanas.<\/p>\n<p>Gobernabilidad Democr\u00e1tica. Ciudadanos globales interconectados, impacto de las TICs en las relaciones sociales, transparencia, seguridad, violencia, crimen organizado y ciberataques.<\/p>\n<p>La Escuela de Gobierno ProyectAr tuvo su relanzamiento en octubre del 2020. Es presidida por Sergio Massa, l\u00edder del Frente Renovador, y su directora es M\u00f3nica Litza. Sus objetivos apuntan a la formaci\u00f3n de equipos t\u00e9cnicos y<br \/>\nde gesti\u00f3n basados en el conocimiento, con solidez y visi\u00f3n de largo plazo, para poder abordar los desaf\u00edos que afrontan nuestras democracias en el siglo XXI. Otro objetivo es combinar el conocimiento de acad\u00e9micos\/as y<br \/>\nespecialistas, con la experiencia de gesti\u00f3n publica, pol\u00edtica y social de los\/as dirigentes del FR.<\/p>\n<p>Para mayor informaci\u00f3n, los interesados pueden ingresar al sitio web https:\/\/foroolavarria.org\/proyectar-escuela-de-gobierno-y-politicas-publicas o bien dirigirse personalmente a la Casa \u201cEduardo Chino Correa\u201d, Belgrano<br \/>\n3222, de 9 a 13 hs, sede de ProyectAR Olavarr\u00eda.<\/p>\n","protected":false},"excerpt":{"rendered":"<p>La Escuela de Gobierno ProyectAR Olavarr\u00eda empieza sus actividades 2022, con eje en las megatendencias&#8230;<\/p>\n","protected":false},"author":1,"featured_media":163288,"comment_status":"closed","ping_status":"closed","sticky":false,"template":"","format":"standard","meta":{"content-type":""},"categories":[31],"tags":[],"nelio_content":{"isAutoShareEnabled":false,"autoShareEndMode":"default","automationSources":{"useContentSentences":true,"useSocialTemplates":true,"useCustomSentences":false,"customSentences":[]},"followers":[1],"suggestedReferences":[],"includedReferences":[],"efiUrl":"","efiAlt":"","highlights":[]},"yoast_head":"<!-- This site is optimized with the Yoast SEO plugin v20.7 - https:\/\/yoast.com\/wordpress\/plugins\/seo\/ -->\n<title>La escuela de gobierno proyectar Olavarr\u00eda empieza actividades<\/title>\n<meta name=\"description\" content=\"La Escuela de Gobierno ProyectAR Olavarr\u00eda empieza sus actividades 2022, con eje en las megatendencias globales y en la construcci\u00f3n\" \/>\n<meta name=\"robots\" content=\"index, follow, max-snippet:-1, max-image-preview:large, max-video-preview:-1\" \/>\n<link rel=\"canonical\" href=\"https:\/\/experienciadevida.com.ar\/portalurbano\/la-escuela-de-gobierno-proyectar-olavarria-empieza-sus-actividades-2022\/\" \/>\n<meta property=\"og:locale\" content=\"es_ES\" \/>\n<meta property=\"og:type\" content=\"article\" \/>\n<meta property=\"og:title\" content=\"La escuela de gobierno proyectar Olavarr\u00eda empieza actividades\" \/>\n<meta property=\"og:description\" content=\"La Escuela de Gobierno ProyectAR Olavarr\u00eda empieza sus actividades 2022, con eje en las megatendencias globales y en la construcci\u00f3n\" \/>\n<meta property=\"og:url\" content=\"https:\/\/experienciadevida.com.ar\/portalurbano\/la-escuela-de-gobierno-proyectar-olavarria-empieza-sus-actividades-2022\/\" \/>\n<meta property=\"article:publisher\" content=\"https:\/\/www.facebook.com\/Portal-Urbano-171542830093757\/\" \/>\n<meta property=\"article:published_time\" content=\"2022-03-10T19:11:40+00:00\" \/>\n<meta property=\"article:modified_time\" content=\"2022-03-10T19:13:33+00:00\" \/>\n<meta property=\"og:image\" content=\"https:\/\/experienciadevida.com.ar\/portalurbano\/wp-content\/uploads\/2022\/03\/La-Escuela-de-Gobierno.jpg\" \/>\n\t<meta property=\"og:image:width\" content=\"1600\" \/>\n\t<meta property=\"og:image:height\" content=\"900\" \/>\n\t<meta property=\"og:image:type\" content=\"image\/jpeg\" \/>\n<meta name=\"author\" content=\"admpu17wp\" \/>\n<meta name=\"twitter:card\" content=\"summary_large_image\" \/>\n<meta name=\"twitter:creator\" content=\"@portalurbanook\" \/>\n<meta name=\"twitter:site\" content=\"@portalurbanook\" \/>\n<meta name=\"twitter:label1\" content=\"Escrito por\" \/>\n\t<meta name=\"twitter:data1\" content=\"admpu17wp\" \/>\n\t<meta name=\"twitter:label2\" content=\"Tiempo de lectura\" \/>\n\t<meta name=\"twitter:data2\" content=\"3 minutos\" \/>\n<script type=\"application\/ld+json\" class=\"yoast-schema-graph\">{\"@context\":\"https:\/\/schema.org\",\"@graph\":[{\"@type\":\"Article\",\"@id\":\"https:\/\/experienciadevida.com.ar\/portalurbano\/la-escuela-de-gobierno-proyectar-olavarria-empieza-sus-actividades-2022\/#article\",\"isPartOf\":{\"@id\":\"https:\/\/experienciadevida.com.ar\/portalurbano\/la-escuela-de-gobierno-proyectar-olavarria-empieza-sus-actividades-2022\/\"},\"author\":{\"name\":\"admpu17wp\",\"@id\":\"https:\/\/experienciadevida.com.ar\/portalurbano\/#\/schema\/person\/02dd326b1c4b056e9cc972486934a3a7\"},\"headline\":\"La Escuela de Gobierno ProyectAR Olavarr\u00eda empieza sus actividades 2022\",\"datePublished\":\"2022-03-10T19:11:40+00:00\",\"dateModified\":\"2022-03-10T19:13:33+00:00\",\"mainEntityOfPage\":{\"@id\":\"https:\/\/experienciadevida.com.ar\/portalurbano\/la-escuela-de-gobierno-proyectar-olavarria-empieza-sus-actividades-2022\/\"},\"wordCount\":612,\"publisher\":{\"@id\":\"https:\/\/experienciadevida.com.ar\/portalurbano\/#organization\"},\"articleSection\":[\"Educaci\u00f3n\"],\"inLanguage\":\"es\"},{\"@type\":\"WebPage\",\"@id\":\"https:\/\/experienciadevida.com.ar\/portalurbano\/la-escuela-de-gobierno-proyectar-olavarria-empieza-sus-actividades-2022\/\",\"url\":\"https:\/\/experienciadevida.com.ar\/portalurbano\/la-escuela-de-gobierno-proyectar-olavarria-empieza-sus-actividades-2022\/\",\"name\":\"La escuela de gobierno proyectar Olavarr\u00eda empieza actividades\",\"isPartOf\":{\"@id\":\"https:\/\/experienciadevida.com.ar\/portalurbano\/#website\"},\"datePublished\":\"2022-03-10T19:11:40+00:00\",\"dateModified\":\"2022-03-10T19:13:33+00:00\",\"description\":\"La Escuela de Gobierno ProyectAR Olavarr\u00eda empieza sus actividades 2022, con eje en las megatendencias globales y en la construcci\u00f3n\",\"breadcrumb\":{\"@id\":\"https:\/\/experienciadevida.com.ar\/portalurbano\/la-escuela-de-gobierno-proyectar-olavarria-empieza-sus-actividades-2022\/#breadcrumb\"},\"inLanguage\":\"es\",\"potentialAction\":[{\"@type\":\"ReadAction\",\"target\":[\"https:\/\/experienciadevida.com.ar\/portalurbano\/la-escuela-de-gobierno-proyectar-olavarria-empieza-sus-actividades-2022\/\"]}]},{\"@type\":\"BreadcrumbList\",\"@id\":\"https:\/\/experienciadevida.com.ar\/portalurbano\/la-escuela-de-gobierno-proyectar-olavarria-empieza-sus-actividades-2022\/#breadcrumb\",\"itemListElement\":[{\"@type\":\"ListItem\",\"position\":1,\"name\":\"Portada\",\"item\":\"https:\/\/experienciadevida.com.ar\/portalurbano\/\"},{\"@type\":\"ListItem\",\"position\":2,\"name\":\"La Escuela de Gobierno ProyectAR Olavarr\u00eda empieza sus actividades 2022\"}]},{\"@type\":\"WebSite\",\"@id\":\"https:\/\/experienciadevida.com.ar\/portalurbano\/#website\",\"url\":\"https:\/\/experienciadevida.com.ar\/portalurbano\/\",\"name\":\"\",\"description\":\"\",\"publisher\":{\"@id\":\"https:\/\/experienciadevida.com.ar\/portalurbano\/#organization\"},\"potentialAction\":[{\"@type\":\"SearchAction\",\"target\":{\"@type\":\"EntryPoint\",\"urlTemplate\":\"https:\/\/experienciadevida.com.ar\/portalurbano\/?s={search_term_string}\"},\"query-input\":\"required name=search_term_string\"}],\"inLanguage\":\"es\"},{\"@type\":\"Organization\",\"@id\":\"https:\/\/experienciadevida.com.ar\/portalurbano\/#organization\",\"name\":\"Portal Urbano\",\"url\":\"https:\/\/experienciadevida.com.ar\/portalurbano\/\",\"logo\":{\"@type\":\"ImageObject\",\"inLanguage\":\"es\",\"@id\":\"https:\/\/experienciadevida.com.ar\/portalurbano\/#\/schema\/logo\/image\/\",\"url\":\"https:\/\/experienciadevida.com.ar\/portalurbano\/wp-content\/uploads\/2019\/09\/Logo-Original.png\",\"contentUrl\":\"https:\/\/experienciadevida.com.ar\/portalurbano\/wp-content\/uploads\/2019\/09\/Logo-Original.png\",\"width\":2236,\"height\":1216,\"caption\":\"Portal Urbano\"},\"image\":{\"@id\":\"https:\/\/experienciadevida.com.ar\/portalurbano\/#\/schema\/logo\/image\/\"},\"sameAs\":[\"https:\/\/www.facebook.com\/Portal-Urbano-171542830093757\/\",\"https:\/\/twitter.com\/portalurbanook\",\"https:\/\/www.instagram.com\/_portalurbano\/\",\"https:\/\/www.youtube.com\/channel\/UCXhagIfszH8KxFiOok79zbA?view_as=subscriber\"]},{\"@type\":\"Person\",\"@id\":\"https:\/\/experienciadevida.com.ar\/portalurbano\/#\/schema\/person\/02dd326b1c4b056e9cc972486934a3a7\",\"name\":\"admpu17wp\",\"image\":{\"@type\":\"ImageObject\",\"inLanguage\":\"es\",\"@id\":\"https:\/\/experienciadevida.com.ar\/portalurbano\/#\/schema\/person\/image\/\",\"url\":\"https:\/\/secure.gravatar.com\/avatar\/830d4c57adaae6630765e449a6908047?s=96&d=mm&r=g\",\"contentUrl\":\"https:\/\/secure.gravatar.com\/avatar\/830d4c57adaae6630765e449a6908047?s=96&d=mm&r=g\",\"caption\":\"admpu17wp\"}}]}<\/script>\n<!-- \/ Yoast SEO plugin. -->","yoast_head_json":{"title":"La escuela de gobierno proyectar Olavarr\u00eda empieza actividades","description":"La Escuela de Gobierno ProyectAR Olavarr\u00eda empieza sus actividades 2022, con eje en las megatendencias globales y en la construcci\u00f3n","robots":{"index":"index","follow":"follow","max-snippet":"max-snippet:-1","max-image-preview":"max-image-preview:large","max-video-preview":"max-video-preview:-1"},"canonical":"https:\/\/experienciadevida.com.ar\/portalurbano\/la-escuela-de-gobierno-proyectar-olavarria-empieza-sus-actividades-2022\/","og_locale":"es_ES","og_type":"article","og_title":"La escuela de gobierno proyectar Olavarr\u00eda empieza actividades","og_description":"La Escuela de Gobierno ProyectAR Olavarr\u00eda empieza sus actividades 2022, con eje en las megatendencias globales y en la construcci\u00f3n","og_url":"https:\/\/experienciadevida.com.ar\/portalurbano\/la-escuela-de-gobierno-proyectar-olavarria-empieza-sus-actividades-2022\/","article_publisher":"https:\/\/www.facebook.com\/Portal-Urbano-171542830093757\/","article_published_time":"2022-03-10T19:11:40+00:00","article_modified_time":"2022-03-10T19:13:33+00:00","og_image":[{"width":1600,"height":900,"url":"https:\/\/experienciadevida.com.ar\/portalurbano\/wp-content\/uploads\/2022\/03\/La-Escuela-de-Gobierno.jpg","type":"image\/jpeg"}],"author":"admpu17wp","twitter_card":"summary_large_image","twitter_creator":"@portalurbanook","twitter_site":"@portalurbanook","twitter_misc":{"Escrito por":"admpu17wp","Tiempo de lectura":"3 minutos"},"schema":{"@context":"https:\/\/schema.org","@graph":[{"@type":"Article","@id":"https:\/\/experienciadevida.com.ar\/portalurbano\/la-escuela-de-gobierno-proyectar-olavarria-empieza-sus-actividades-2022\/#article","isPartOf":{"@id":"https:\/\/experienciadevida.com.ar\/portalurbano\/la-escuela-de-gobierno-proyectar-olavarria-empieza-sus-actividades-2022\/"},"author":{"name":"admpu17wp","@id":"https:\/\/experienciadevida.com.ar\/portalurbano\/#\/schema\/person\/02dd326b1c4b056e9cc972486934a3a7"},"headline":"La Escuela de Gobierno ProyectAR Olavarr\u00eda empieza sus actividades 2022","datePublished":"2022-03-10T19:11:40+00:00","dateModified":"2022-03-10T19:13:33+00:00","mainEntityOfPage":{"@id":"https:\/\/experienciadevida.com.ar\/portalurbano\/la-escuela-de-gobierno-proyectar-olavarria-empieza-sus-actividades-2022\/"},"wordCount":612,"publisher":{"@id":"https:\/\/experienciadevida.com.ar\/portalurbano\/#organization"},"articleSection":["Educaci\u00f3n"],"inLanguage":"es"},{"@type":"WebPage","@id":"https:\/\/experienciadevida.com.ar\/portalurbano\/la-escuela-de-gobierno-proyectar-olavarria-empieza-sus-actividades-2022\/","url":"https:\/\/experienciadevida.com.ar\/portalurbano\/la-escuela-de-gobierno-proyectar-olavarria-empieza-sus-actividades-2022\/","name":"La escuela de gobierno proyectar Olavarr\u00eda empieza actividades","isPartOf":{"@id":"https:\/\/experienciadevida.com.ar\/portalurbano\/#website"},"datePublished":"2022-03-10T19:11:40+00:00","dateModified":"2022-03-10T19:13:33+00:00","description":"La Escuela de Gobierno ProyectAR Olavarr\u00eda empieza sus actividades 2022, con eje en las megatendencias globales y en la construcci\u00f3n","breadcrumb":{"@id":"https:\/\/experienciadevida.com.ar\/portalurbano\/la-escuela-de-gobierno-proyectar-olavarria-empieza-sus-actividades-2022\/#breadcrumb"},"inLanguage":"es","potentialAction":[{"@type":"ReadAction","target":["https:\/\/experienciadevida.com.ar\/portalurbano\/la-escuela-de-gobierno-proyectar-olavarria-empieza-sus-actividades-2022\/"]}]},{"@type":"BreadcrumbList","@id":"https:\/\/experienciadevida.com.ar\/portalurbano\/la-escuela-de-gobierno-proyectar-olavarria-empieza-sus-actividades-2022\/#breadcrumb","itemListElement":[{"@type":"ListItem","position":1,"name":"Portada","item":"https:\/\/experienciadevida.com.ar\/portalurbano\/"},{"@type":"ListItem","position":2,"name":"La Escuela de Gobierno ProyectAR Olavarr\u00eda empieza sus actividades 2022"}]},{"@type":"WebSite","@id":"https:\/\/experienciadevida.com.ar\/portalurbano\/#website","url":"https:\/\/experienciadevida.com.ar\/portalurbano\/","name":"","description":"","publisher":{"@id":"https:\/\/experienciadevida.com.ar\/portalurbano\/#organization"},"potentialAction":[{"@type":"SearchAction","target":{"@type":"EntryPoint","urlTemplate":"https:\/\/experienciadevida.com.ar\/portalurbano\/?s={search_term_string}"},"query-input":"required name=search_term_string"}],"inLanguage":"es"},{"@type":"Organization","@id":"https:\/\/experienciadevida.com.ar\/portalurbano\/#organization","name":"Portal Urbano","url":"https:\/\/experienciadevida.com.ar\/portalurbano\/","logo":{"@type":"ImageObject","inLanguage":"es","@id":"https:\/\/experienciadevida.com.ar\/portalurbano\/#\/schema\/logo\/image\/","url":"https:\/\/experienciadevida.com.ar\/portalurbano\/wp-content\/uploads\/2019\/09\/Logo-Original.png","contentUrl":"https:\/\/experienciadevida.com.ar\/portalurbano\/wp-content\/uploads\/2019\/09\/Logo-Original.png","width":2236,"height":1216,"caption":"Portal Urbano"},"image":{"@id":"https:\/\/experienciadevida.com.ar\/portalurbano\/#\/schema\/logo\/image\/"},"sameAs":["https:\/\/www.facebook.com\/Portal-Urbano-171542830093757\/","https:\/\/twitter.com\/portalurbanook","https:\/\/www.instagram.com\/_portalurbano\/","https:\/\/www.youtube.com\/channel\/UCXhagIfszH8KxFiOok79zbA?view_as=subscriber"]},{"@type":"Person","@id":"https:\/\/experienciadevida.com.ar\/portalurbano\/#\/schema\/person\/02dd326b1c4b056e9cc972486934a3a7","name":"admpu17wp","image":{"@type":"ImageObject","inLanguage":"es","@id":"https:\/\/experienciadevida.com.ar\/portalurbano\/#\/schema\/person\/image\/","url":"https:\/\/secure.gravatar.com\/avatar\/830d4c57adaae6630765e449a6908047?s=96&d=mm&r=g","contentUrl":"https:\/\/secure.gravatar.com\/avatar\/830d4c57adaae6630765e449a6908047?s=96&d=mm&r=g","caption":"admpu17wp"}}]}},"featured_image_urls":{"full":["https:\/\/experienciadevida.com.ar\/portalurbano\/wp-content\/uploads\/2022\/03\/La-Escuela-de-Gobierno.jpg",1600,900,false],"thumbnail":["https:\/\/experienciadevida.com.ar\/portalurbano\/wp-content\/uploads\/2022\/03\/La-Escuela-de-Gobierno-150x150.jpg",150,150,true],"medium":["https:\/\/experienciadevida.com.ar\/portalurbano\/wp-content\/uploads\/2022\/03\/La-Escuela-de-Gobierno-300x169.jpg",300,169,true],"medium_large":["https:\/\/experienciadevida.com.ar\/portalurbano\/wp-content\/uploads\/2022\/03\/La-Escuela-de-Gobierno-768x432.jpg",640,360,true],"large":["https:\/\/experienciadevida.com.ar\/portalurbano\/wp-content\/uploads\/2022\/03\/La-Escuela-de-Gobierno-1024x576.jpg",640,360,true],"ug_big":["https:\/\/experienciadevida.com.ar\/portalurbano\/wp-content\/uploads\/2022\/03\/La-Escuela-de-Gobierno-768x432.jpg",768,432,true],"1536x1536":["https:\/\/experienciadevida.com.ar\/portalurbano\/wp-content\/uploads\/2022\/03\/La-Escuela-de-Gobierno-1536x864.jpg",1536,864,true],"2048x2048":["https:\/\/experienciadevida.com.ar\/portalurbano\/wp-content\/uploads\/2022\/03\/La-Escuela-de-Gobierno.jpg",1600,900,false],"newsever-slider-full":["https:\/\/experienciadevida.com.ar\/portalurbano\/wp-content\/uploads\/2022\/03\/La-Escuela-de-Gobierno.jpg",1280,720,false],"newsever-featured":["https:\/\/experienciadevida.com.ar\/portalurbano\/wp-content\/uploads\/2022\/03\/La-Escuela-de-Gobierno.jpg",1024,576,false],"newsever-medium":["https:\/\/experienciadevida.com.ar\/portalurbano\/wp-content\/uploads\/2022\/03\/La-Escuela-de-Gobierno.jpg",720,405,false],"web-stories-poster-portrait":["https:\/\/experienciadevida.com.ar\/portalurbano\/wp-content\/uploads\/2022\/03\/La-Escuela-de-Gobierno.jpg",640,360,false],"web-stories-publisher-logo":["https:\/\/experienciadevida.com.ar\/portalurbano\/wp-content\/uploads\/2022\/03\/La-Escuela-de-Gobierno.jpg",96,54,false],"web-stories-thumbnail":["https:\/\/experienciadevida.com.ar\/portalurbano\/wp-content\/uploads\/2022\/03\/La-Escuela-de-Gobierno.jpg",150,84,false]},"author_info":{"display_name":"admpu17wp","author_link":"https:\/\/experienciadevida.com.ar\/portalurbano\/author\/admpu17wp\/"},"category_info":"<a href=\"https:\/\/experienciadevida.com.ar\/portalurbano\/category\/ciudad\/educacion\/\" rel=\"category tag\">Educaci\u00f3n<\/a>","tag_info":"Educaci\u00f3n","comment_count":"0","amp_enabled":true,"_links":{"self":[{"href":"https:\/\/experienciadevida.com.ar\/portalurbano\/wp-json\/wp\/v2\/posts\/163287"}],"collection":[{"href":"https:\/\/experienciadevida.com.ar\/portalurbano\/wp-json\/wp\/v2\/posts"}],"about":[{"href":"https:\/\/experienciadevida.com.ar\/portalurbano\/wp-json\/wp\/v2\/types\/post"}],"author":[{"embeddable":true,"href":"https:\/\/experienciadevida.com.ar\/portalurbano\/wp-json\/wp\/v2\/users\/1"}],"replies":[{"embeddable":true,"href":"https:\/\/experienciadevida.com.ar\/portalurbano\/wp-json\/wp\/v2\/comments?post=163287"}],"version-history":[{"count":1,"href":"https:\/\/experienciadevida.com.ar\/portalurbano\/wp-json\/wp\/v2\/posts\/163287\/revisions"}],"predecessor-version":[{"id":163289,"href":"https:\/\/experienciadevida.com.ar\/portalurbano\/wp-json\/wp\/v2\/posts\/163287\/revisions\/163289"}],"wp:featuredmedia":[{"embeddable":true,"href":"https:\/\/experienciadevida.com.ar\/portalurbano\/wp-json\/wp\/v2\/media\/163288"}],"wp:attachment":[{"href":"https:\/\/experienciadevida.com.ar\/portalurbano\/wp-json\/wp\/v2\/media?parent=163287"}],"wp:term":[{"taxonomy":"category","embeddable":true,"href":"https:\/\/experienciadevida.com.ar\/portalurbano\/wp-json\/wp\/v2\/categories?post=163287"},{"taxonomy":"post_tag","embeddable":true,"href":"https:\/\/experienciadevida.com.ar\/portalurbano\/wp-json\/wp\/v2\/tags?post=163287"}],"curies":[{"name":"wp","href":"https:\/\/api.w.org\/{rel}","templated":true}]}}