{"id":163283,"date":"2022-03-10T16:04:09","date_gmt":"2022-03-10T19:04:09","guid":{"rendered":"https:\/\/experienciadevida.com.ar\/portalurbano\/?p=163283"},"modified":"2022-03-10T16:04:36","modified_gmt":"2022-03-10T19:04:36","slug":"el-personal-de-coopelectric-se-capacito-en-aptitud-conductiva-para-el-uso-de-vehiculos","status":"publish","type":"post","link":"https:\/\/experienciadevida.com.ar\/portalurbano\/el-personal-de-coopelectric-se-capacito-en-aptitud-conductiva-para-el-uso-de-vehiculos\/","title":{"rendered":"El personal de Coopelectric se capacit\u00f3 en aptitud conductiva para el uso de veh\u00edculos"},"content":{"rendered":"<p>El personal de Coopelectric se capacit\u00f3 en aptitud conductiva para el uso de veh\u00edculos, que hace uso de veh\u00edculos para el desarrollo de sus tareas en los diferentes servicios que presta la Cooperativa, particip\u00f3 de una capacitaci\u00f3n sobre Aptitud Conductiva que fue dictada por el Lic Gast\u00f3n Lucero y la T\u00e9c. Soledad Urbieta del Departamento de Seguridad e Higiene de la Cooperativa.<\/p>\n<p>La finalidad de esta actividad consisti\u00f3 en actualizar la informaci\u00f3n abordada en capacitaciones anteriores, brind\u00e1ndoles a los participantes un conjunto de estrategias y habilidades para el desarrollo de un buen manejo,<br \/>\nenmarcadas en la Ley de Tr\u00e1nsito Nacional 24.449\/96 y Ley Provincial 13.927.<\/p>\n<p>Para ello, se abordaron temas vinculados a la legislaci\u00f3n de tr\u00e1nsito y seguridad vial vigente, responsabilidades y obligaciones de los conductores, efectos del alcohol y drogas sobre los conductores, velocidades reglamentarias y de precauci\u00f3n, distancia de frenado, condiciones de circulaci\u00f3n, estad\u00edsticas de accidentes de tr\u00e1nsito en Argentina y<br \/>\ncomparaci\u00f3n con otros pa\u00edses.<\/p>\n<p>Respecto del desarrollo de la actividad, el Lic. Gast\u00f3n Lucero afirm\u00f3 \u201cpermanentemente refrescamos conocimientos para que el personal de Coopelectric que conduce veh\u00edculos, cumpla con las responsabilidades y obligaciones establecidas, evitando que se produzcan inconvenientes de tr\u00e1nsito ocasionados por negligencias\u201d.<\/p>\n<p>En tanto, el presidente del Consejo de Administraci\u00f3n de Coopelectric Cruz Arouxet subray\u00f3 la importancia de llevar a cabo las acciones de formaci\u00f3n que se planifican desde Recursos Humanos y el impacto social de las mismas.<br \/>\n\u201cLa capacitaci\u00f3n constante en todas las \u00e1reas no s\u00f3lo contribuye a mejorar las habilidades del personal y a optimizar nuestros recursos, sino que tambi\u00e9n ponen de manifiesto nuestra responsabilidad ciudadana\u201d sostuvo.<\/p>\n","protected":false},"excerpt":{"rendered":"<p>El personal de Coopelectric se capacit\u00f3 en aptitud conductiva para el uso de veh\u00edculos, que&#8230;<\/p>\n","protected":false},"author":1,"featured_media":163284,"comment_status":"closed","ping_status":"closed","sticky":false,"template":"","format":"standard","meta":{"content-type":""},"categories":[27],"tags":[],"nelio_content":{"isAutoShareEnabled":false,"autoShareEndMode":"default","automationSources":{"useContentSentences":true,"useSocialTemplates":true,"useCustomSentences":false,"customSentences":[]},"followers":[1],"suggestedReferences":[],"includedReferences":[],"efiUrl":"","efiAlt":"","highlights":[]},"yoast_head":"<!-- This site is optimized with the Yoast SEO plugin v20.7 - https:\/\/yoast.com\/wordpress\/plugins\/seo\/ -->\n<title>El personal de Coopelectric se capacit\u00f3 en aptitud conductiva<\/title>\n<meta name=\"description\" content=\"El personal de Coopelectric se capacit\u00f3 en aptitud conductiva para el uso de veh\u00edculos, que hace uso de veh\u00edculos\" \/>\n<meta name=\"robots\" content=\"index, follow, max-snippet:-1, max-image-preview:large, max-video-preview:-1\" \/>\n<link rel=\"canonical\" href=\"https:\/\/experienciadevida.com.ar\/portalurbano\/el-personal-de-coopelectric-se-capacito-en-aptitud-conductiva-para-el-uso-de-vehiculos\/\" \/>\n<meta property=\"og:locale\" content=\"es_ES\" \/>\n<meta property=\"og:type\" content=\"article\" \/>\n<meta property=\"og:title\" content=\"El personal de Coopelectric se capacit\u00f3 en aptitud conductiva\" \/>\n<meta property=\"og:description\" content=\"El personal de Coopelectric se capacit\u00f3 en aptitud conductiva para el uso de veh\u00edculos, que hace uso de veh\u00edculos\" \/>\n<meta property=\"og:url\" content=\"https:\/\/experienciadevida.com.ar\/portalurbano\/el-personal-de-coopelectric-se-capacito-en-aptitud-conductiva-para-el-uso-de-vehiculos\/\" \/>\n<meta property=\"article:publisher\" content=\"https:\/\/www.facebook.com\/Portal-Urbano-171542830093757\/\" \/>\n<meta property=\"article:published_time\" content=\"2022-03-10T19:04:09+00:00\" \/>\n<meta property=\"article:modified_time\" content=\"2022-03-10T19:04:36+00:00\" \/>\n<meta property=\"og:image\" content=\"https:\/\/experienciadevida.com.ar\/portalurbano\/wp-content\/uploads\/2022\/03\/El-personal-de-Coopelectric.jpg\" \/>\n\t<meta property=\"og:image:width\" content=\"975\" \/>\n\t<meta property=\"og:image:height\" content=\"530\" \/>\n\t<meta property=\"og:image:type\" content=\"image\/jpeg\" \/>\n<meta name=\"author\" content=\"admpu17wp\" \/>\n<meta name=\"twitter:card\" content=\"summary_large_image\" \/>\n<meta name=\"twitter:creator\" content=\"@portalurbanook\" \/>\n<meta name=\"twitter:site\" content=\"@portalurbanook\" \/>\n<meta name=\"twitter:label1\" content=\"Escrito por\" \/>\n\t<meta name=\"twitter:data1\" content=\"admpu17wp\" \/>\n\t<meta name=\"twitter:label2\" content=\"Tiempo de lectura\" \/>\n\t<meta name=\"twitter:data2\" content=\"1 minuto\" \/>\n<script type=\"application\/ld+json\" class=\"yoast-schema-graph\">{\"@context\":\"https:\/\/schema.org\",\"@graph\":[{\"@type\":\"Article\",\"@id\":\"https:\/\/experienciadevida.com.ar\/portalurbano\/el-personal-de-coopelectric-se-capacito-en-aptitud-conductiva-para-el-uso-de-vehiculos\/#article\",\"isPartOf\":{\"@id\":\"https:\/\/experienciadevida.com.ar\/portalurbano\/el-personal-de-coopelectric-se-capacito-en-aptitud-conductiva-para-el-uso-de-vehiculos\/\"},\"author\":{\"name\":\"admpu17wp\",\"@id\":\"https:\/\/experienciadevida.com.ar\/portalurbano\/#\/schema\/person\/02dd326b1c4b056e9cc972486934a3a7\"},\"headline\":\"El personal de Coopelectric se capacit\u00f3 en aptitud conductiva para el uso de veh\u00edculos\",\"datePublished\":\"2022-03-10T19:04:09+00:00\",\"dateModified\":\"2022-03-10T19:04:36+00:00\",\"mainEntityOfPage\":{\"@id\":\"https:\/\/experienciadevida.com.ar\/portalurbano\/el-personal-de-coopelectric-se-capacito-en-aptitud-conductiva-para-el-uso-de-vehiculos\/\"},\"wordCount\":301,\"publisher\":{\"@id\":\"https:\/\/experienciadevida.com.ar\/portalurbano\/#organization\"},\"articleSection\":[\"Ciudad\"],\"inLanguage\":\"es\"},{\"@type\":\"WebPage\",\"@id\":\"https:\/\/experienciadevida.com.ar\/portalurbano\/el-personal-de-coopelectric-se-capacito-en-aptitud-conductiva-para-el-uso-de-vehiculos\/\",\"url\":\"https:\/\/experienciadevida.com.ar\/portalurbano\/el-personal-de-coopelectric-se-capacito-en-aptitud-conductiva-para-el-uso-de-vehiculos\/\",\"name\":\"El personal de Coopelectric se capacit\u00f3 en aptitud conductiva\",\"isPartOf\":{\"@id\":\"https:\/\/experienciadevida.com.ar\/portalurbano\/#website\"},\"datePublished\":\"2022-03-10T19:04:09+00:00\",\"dateModified\":\"2022-03-10T19:04:36+00:00\",\"description\":\"El personal de Coopelectric se capacit\u00f3 en aptitud conductiva para el uso de veh\u00edculos, que hace uso de veh\u00edculos\",\"breadcrumb\":{\"@id\":\"https:\/\/experienciadevida.com.ar\/portalurbano\/el-personal-de-coopelectric-se-capacito-en-aptitud-conductiva-para-el-uso-de-vehiculos\/#breadcrumb\"},\"inLanguage\":\"es\",\"potentialAction\":[{\"@type\":\"ReadAction\",\"target\":[\"https:\/\/experienciadevida.com.ar\/portalurbano\/el-personal-de-coopelectric-se-capacito-en-aptitud-conductiva-para-el-uso-de-vehiculos\/\"]}]},{\"@type\":\"BreadcrumbList\",\"@id\":\"https:\/\/experienciadevida.com.ar\/portalurbano\/el-personal-de-coopelectric-se-capacito-en-aptitud-conductiva-para-el-uso-de-vehiculos\/#breadcrumb\",\"itemListElement\":[{\"@type\":\"ListItem\",\"position\":1,\"name\":\"Portada\",\"item\":\"https:\/\/experienciadevida.com.ar\/portalurbano\/\"},{\"@type\":\"ListItem\",\"position\":2,\"name\":\"El personal de Coopelectric se capacit\u00f3 en aptitud conductiva para el uso de veh\u00edculos\"}]},{\"@type\":\"WebSite\",\"@id\":\"https:\/\/experienciadevida.com.ar\/portalurbano\/#website\",\"url\":\"https:\/\/experienciadevida.com.ar\/portalurbano\/\",\"name\":\"\",\"description\":\"\",\"publisher\":{\"@id\":\"https:\/\/experienciadevida.com.ar\/portalurbano\/#organization\"},\"potentialAction\":[{\"@type\":\"SearchAction\",\"target\":{\"@type\":\"EntryPoint\",\"urlTemplate\":\"https:\/\/experienciadevida.com.ar\/portalurbano\/?s={search_term_string}\"},\"query-input\":\"required name=search_term_string\"}],\"inLanguage\":\"es\"},{\"@type\":\"Organization\",\"@id\":\"https:\/\/experienciadevida.com.ar\/portalurbano\/#organization\",\"name\":\"Portal Urbano\",\"url\":\"https:\/\/experienciadevida.com.ar\/portalurbano\/\",\"logo\":{\"@type\":\"ImageObject\",\"inLanguage\":\"es\",\"@id\":\"https:\/\/experienciadevida.com.ar\/portalurbano\/#\/schema\/logo\/image\/\",\"url\":\"https:\/\/experienciadevida.com.ar\/portalurbano\/wp-content\/uploads\/2019\/09\/Logo-Original.png\",\"contentUrl\":\"https:\/\/experienciadevida.com.ar\/portalurbano\/wp-content\/uploads\/2019\/09\/Logo-Original.png\",\"width\":2236,\"height\":1216,\"caption\":\"Portal Urbano\"},\"image\":{\"@id\":\"https:\/\/experienciadevida.com.ar\/portalurbano\/#\/schema\/logo\/image\/\"},\"sameAs\":[\"https:\/\/www.facebook.com\/Portal-Urbano-171542830093757\/\",\"https:\/\/twitter.com\/portalurbanook\",\"https:\/\/www.instagram.com\/_portalurbano\/\",\"https:\/\/www.youtube.com\/channel\/UCXhagIfszH8KxFiOok79zbA?view_as=subscriber\"]},{\"@type\":\"Person\",\"@id\":\"https:\/\/experienciadevida.com.ar\/portalurbano\/#\/schema\/person\/02dd326b1c4b056e9cc972486934a3a7\",\"name\":\"admpu17wp\",\"image\":{\"@type\":\"ImageObject\",\"inLanguage\":\"es\",\"@id\":\"https:\/\/experienciadevida.com.ar\/portalurbano\/#\/schema\/person\/image\/\",\"url\":\"https:\/\/secure.gravatar.com\/avatar\/830d4c57adaae6630765e449a6908047?s=96&d=mm&r=g\",\"contentUrl\":\"https:\/\/secure.gravatar.com\/avatar\/830d4c57adaae6630765e449a6908047?s=96&d=mm&r=g\",\"caption\":\"admpu17wp\"}}]}<\/script>\n<!-- \/ Yoast SEO plugin. -->","yoast_head_json":{"title":"El personal de Coopelectric se capacit\u00f3 en aptitud conductiva","description":"El personal de Coopelectric se capacit\u00f3 en aptitud conductiva para el uso de veh\u00edculos, que hace uso de veh\u00edculos","robots":{"index":"index","follow":"follow","max-snippet":"max-snippet:-1","max-image-preview":"max-image-preview:large","max-video-preview":"max-video-preview:-1"},"canonical":"https:\/\/experienciadevida.com.ar\/portalurbano\/el-personal-de-coopelectric-se-capacito-en-aptitud-conductiva-para-el-uso-de-vehiculos\/","og_locale":"es_ES","og_type":"article","og_title":"El personal de Coopelectric se capacit\u00f3 en aptitud conductiva","og_description":"El personal de Coopelectric se capacit\u00f3 en aptitud conductiva para el uso de veh\u00edculos, que hace uso de veh\u00edculos","og_url":"https:\/\/experienciadevida.com.ar\/portalurbano\/el-personal-de-coopelectric-se-capacito-en-aptitud-conductiva-para-el-uso-de-vehiculos\/","article_publisher":"https:\/\/www.facebook.com\/Portal-Urbano-171542830093757\/","article_published_time":"2022-03-10T19:04:09+00:00","article_modified_time":"2022-03-10T19:04:36+00:00","og_image":[{"width":975,"height":530,"url":"https:\/\/experienciadevida.com.ar\/portalurbano\/wp-content\/uploads\/2022\/03\/El-personal-de-Coopelectric.jpg","type":"image\/jpeg"}],"author":"admpu17wp","twitter_card":"summary_large_image","twitter_creator":"@portalurbanook","twitter_site":"@portalurbanook","twitter_misc":{"Escrito por":"admpu17wp","Tiempo de lectura":"1 minuto"},"schema":{"@context":"https:\/\/schema.org","@graph":[{"@type":"Article","@id":"https:\/\/experienciadevida.com.ar\/portalurbano\/el-personal-de-coopelectric-se-capacito-en-aptitud-conductiva-para-el-uso-de-vehiculos\/#article","isPartOf":{"@id":"https:\/\/experienciadevida.com.ar\/portalurbano\/el-personal-de-coopelectric-se-capacito-en-aptitud-conductiva-para-el-uso-de-vehiculos\/"},"author":{"name":"admpu17wp","@id":"https:\/\/experienciadevida.com.ar\/portalurbano\/#\/schema\/person\/02dd326b1c4b056e9cc972486934a3a7"},"headline":"El personal de Coopelectric se capacit\u00f3 en aptitud conductiva para el uso de veh\u00edculos","datePublished":"2022-03-10T19:04:09+00:00","dateModified":"2022-03-10T19:04:36+00:00","mainEntityOfPage":{"@id":"https:\/\/experienciadevida.com.ar\/portalurbano\/el-personal-de-coopelectric-se-capacito-en-aptitud-conductiva-para-el-uso-de-vehiculos\/"},"wordCount":301,"publisher":{"@id":"https:\/\/experienciadevida.com.ar\/portalurbano\/#organization"},"articleSection":["Ciudad"],"inLanguage":"es"},{"@type":"WebPage","@id":"https:\/\/experienciadevida.com.ar\/portalurbano\/el-personal-de-coopelectric-se-capacito-en-aptitud-conductiva-para-el-uso-de-vehiculos\/","url":"https:\/\/experienciadevida.com.ar\/portalurbano\/el-personal-de-coopelectric-se-capacito-en-aptitud-conductiva-para-el-uso-de-vehiculos\/","name":"El personal de Coopelectric se capacit\u00f3 en aptitud conductiva","isPartOf":{"@id":"https:\/\/experienciadevida.com.ar\/portalurbano\/#website"},"datePublished":"2022-03-10T19:04:09+00:00","dateModified":"2022-03-10T19:04:36+00:00","description":"El personal de Coopelectric se capacit\u00f3 en aptitud conductiva para el uso de veh\u00edculos, que hace uso de veh\u00edculos","breadcrumb":{"@id":"https:\/\/experienciadevida.com.ar\/portalurbano\/el-personal-de-coopelectric-se-capacito-en-aptitud-conductiva-para-el-uso-de-vehiculos\/#breadcrumb"},"inLanguage":"es","potentialAction":[{"@type":"ReadAction","target":["https:\/\/experienciadevida.com.ar\/portalurbano\/el-personal-de-coopelectric-se-capacito-en-aptitud-conductiva-para-el-uso-de-vehiculos\/"]}]},{"@type":"BreadcrumbList","@id":"https:\/\/experienciadevida.com.ar\/portalurbano\/el-personal-de-coopelectric-se-capacito-en-aptitud-conductiva-para-el-uso-de-vehiculos\/#breadcrumb","itemListElement":[{"@type":"ListItem","position":1,"name":"Portada","item":"https:\/\/experienciadevida.com.ar\/portalurbano\/"},{"@type":"ListItem","position":2,"name":"El personal de Coopelectric se capacit\u00f3 en aptitud conductiva para el uso de veh\u00edculos"}]},{"@type":"WebSite","@id":"https:\/\/experienciadevida.com.ar\/portalurbano\/#website","url":"https:\/\/experienciadevida.com.ar\/portalurbano\/","name":"","description":"","publisher":{"@id":"https:\/\/experienciadevida.com.ar\/portalurbano\/#organization"},"potentialAction":[{"@type":"SearchAction","target":{"@type":"EntryPoint","urlTemplate":"https:\/\/experienciadevida.com.ar\/portalurbano\/?s={search_term_string}"},"query-input":"required name=search_term_string"}],"inLanguage":"es"},{"@type":"Organization","@id":"https:\/\/experienciadevida.com.ar\/portalurbano\/#organization","name":"Portal Urbano","url":"https:\/\/experienciadevida.com.ar\/portalurbano\/","logo":{"@type":"ImageObject","inLanguage":"es","@id":"https:\/\/experienciadevida.com.ar\/portalurbano\/#\/schema\/logo\/image\/","url":"https:\/\/experienciadevida.com.ar\/portalurbano\/wp-content\/uploads\/2019\/09\/Logo-Original.png","contentUrl":"https:\/\/experienciadevida.com.ar\/portalurbano\/wp-content\/uploads\/2019\/09\/Logo-Original.png","width":2236,"height":1216,"caption":"Portal Urbano"},"image":{"@id":"https:\/\/experienciadevida.com.ar\/portalurbano\/#\/schema\/logo\/image\/"},"sameAs":["https:\/\/www.facebook.com\/Portal-Urbano-171542830093757\/","https:\/\/twitter.com\/portalurbanook","https:\/\/www.instagram.com\/_portalurbano\/","https:\/\/www.youtube.com\/channel\/UCXhagIfszH8KxFiOok79zbA?view_as=subscriber"]},{"@type":"Person","@id":"https:\/\/experienciadevida.com.ar\/portalurbano\/#\/schema\/person\/02dd326b1c4b056e9cc972486934a3a7","name":"admpu17wp","image":{"@type":"ImageObject","inLanguage":"es","@id":"https:\/\/experienciadevida.com.ar\/portalurbano\/#\/schema\/person\/image\/","url":"https:\/\/secure.gravatar.com\/avatar\/830d4c57adaae6630765e449a6908047?s=96&d=mm&r=g","contentUrl":"https:\/\/secure.gravatar.com\/avatar\/830d4c57adaae6630765e449a6908047?s=96&d=mm&r=g","caption":"admpu17wp"}}]}},"featured_image_urls":{"full":["https:\/\/experienciadevida.com.ar\/portalurbano\/wp-content\/uploads\/2022\/03\/El-personal-de-Coopelectric.jpg",975,530,false],"thumbnail":["https:\/\/experienciadevida.com.ar\/portalurbano\/wp-content\/uploads\/2022\/03\/El-personal-de-Coopelectric-150x150.jpg",150,150,true],"medium":["https:\/\/experienciadevida.com.ar\/portalurbano\/wp-content\/uploads\/2022\/03\/El-personal-de-Coopelectric-300x163.jpg",300,163,true],"medium_large":["https:\/\/experienciadevida.com.ar\/portalurbano\/wp-content\/uploads\/2022\/03\/El-personal-de-Coopelectric-768x417.jpg",640,348,true],"large":["https:\/\/experienciadevida.com.ar\/portalurbano\/wp-content\/uploads\/2022\/03\/El-personal-de-Coopelectric.jpg",640,348,false],"ug_big":["https:\/\/experienciadevida.com.ar\/portalurbano\/wp-content\/uploads\/2022\/03\/El-personal-de-Coopelectric-768x417.jpg",768,417,true],"1536x1536":["https:\/\/experienciadevida.com.ar\/portalurbano\/wp-content\/uploads\/2022\/03\/El-personal-de-Coopelectric.jpg",975,530,false],"2048x2048":["https:\/\/experienciadevida.com.ar\/portalurbano\/wp-content\/uploads\/2022\/03\/El-personal-de-Coopelectric.jpg",975,530,false],"newsever-slider-full":["https:\/\/experienciadevida.com.ar\/portalurbano\/wp-content\/uploads\/2022\/03\/El-personal-de-Coopelectric.jpg",975,530,false],"newsever-featured":["https:\/\/experienciadevida.com.ar\/portalurbano\/wp-content\/uploads\/2022\/03\/El-personal-de-Coopelectric.jpg",975,530,false],"newsever-medium":["https:\/\/experienciadevida.com.ar\/portalurbano\/wp-content\/uploads\/2022\/03\/El-personal-de-Coopelectric.jpg",720,391,false],"web-stories-poster-portrait":["https:\/\/experienciadevida.com.ar\/portalurbano\/wp-content\/uploads\/2022\/03\/El-personal-de-Coopelectric.jpg",640,348,false],"web-stories-publisher-logo":["https:\/\/experienciadevida.com.ar\/portalurbano\/wp-content\/uploads\/2022\/03\/El-personal-de-Coopelectric.jpg",96,52,false],"web-stories-thumbnail":["https:\/\/experienciadevida.com.ar\/portalurbano\/wp-content\/uploads\/2022\/03\/El-personal-de-Coopelectric.jpg",150,82,false]},"author_info":{"display_name":"admpu17wp","author_link":"https:\/\/experienciadevida.com.ar\/portalurbano\/author\/admpu17wp\/"},"category_info":"<a href=\"https:\/\/experienciadevida.com.ar\/portalurbano\/category\/ciudad\/\" rel=\"category tag\">Ciudad<\/a>","tag_info":"Ciudad","comment_count":"0","amp_enabled":true,"_links":{"self":[{"href":"https:\/\/experienciadevida.com.ar\/portalurbano\/wp-json\/wp\/v2\/posts\/163283"}],"collection":[{"href":"https:\/\/experienciadevida.com.ar\/portalurbano\/wp-json\/wp\/v2\/posts"}],"about":[{"href":"https:\/\/experienciadevida.com.ar\/portalurbano\/wp-json\/wp\/v2\/types\/post"}],"author":[{"embeddable":true,"href":"https:\/\/experienciadevida.com.ar\/portalurbano\/wp-json\/wp\/v2\/users\/1"}],"replies":[{"embeddable":true,"href":"https:\/\/experienciadevida.com.ar\/portalurbano\/wp-json\/wp\/v2\/comments?post=163283"}],"version-history":[{"count":1,"href":"https:\/\/experienciadevida.com.ar\/portalurbano\/wp-json\/wp\/v2\/posts\/163283\/revisions"}],"predecessor-version":[{"id":163285,"href":"https:\/\/experienciadevida.com.ar\/portalurbano\/wp-json\/wp\/v2\/posts\/163283\/revisions\/163285"}],"wp:featuredmedia":[{"embeddable":true,"href":"https:\/\/experienciadevida.com.ar\/portalurbano\/wp-json\/wp\/v2\/media\/163284"}],"wp:attachment":[{"href":"https:\/\/experienciadevida.com.ar\/portalurbano\/wp-json\/wp\/v2\/media?parent=163283"}],"wp:term":[{"taxonomy":"category","embeddable":true,"href":"https:\/\/experienciadevida.com.ar\/portalurbano\/wp-json\/wp\/v2\/categories?post=163283"},{"taxonomy":"post_tag","embeddable":true,"href":"https:\/\/experienciadevida.com.ar\/portalurbano\/wp-json\/wp\/v2\/tags?post=163283"}],"curies":[{"name":"wp","href":"https:\/\/api.w.org\/{rel}","templated":true}]}}