{"id":163270,"date":"2022-03-10T10:03:38","date_gmt":"2022-03-10T13:03:38","guid":{"rendered":"https:\/\/experienciadevida.com.ar\/portalurbano\/?p=163270"},"modified":"2022-03-10T10:04:17","modified_gmt":"2022-03-10T13:04:17","slug":"convocan-a-una-marcha-para-fortalecer-la-multicolor-en-olavarria","status":"publish","type":"post","link":"https:\/\/experienciadevida.com.ar\/portalurbano\/convocan-a-una-marcha-para-fortalecer-la-multicolor-en-olavarria\/","title":{"rendered":"Convocan a una marcha para &#8220;fortalecer la Multicolor en Olavarr\u00eda&#8221;"},"content":{"rendered":"<p>Convocan a una marcha para &#8220;fortalecer la Multicolor en Olavarr\u00eda&#8221;, ante las pr\u00f3ximas elecciones de SUTEBA, desde Tribuna Docente hacen una convocatoria abierta a las y los docentes, activistas y afiliados para sumarse e integrar una lista opositora a la actual conducci\u00f3n de Baradel.<\/p>\n<p>&#8220;Tribuna Docente viene organizando a la docencia y planteando dentro del gremio la necesidad de luchar contra la precariedad laboral que avanza, por un salario b\u00e1sico encima de la l\u00ednea de pobreza, por la cobertura efectiva de IOMA en todas las especialidades y pr\u00e1cticas m\u00e9dicas y la defensa del conjunto de la Escuela P\u00fablica. Nuestra propuesta la integran delegados de escuela, activistas docentes y docentes jubilados. Junto a ellos , se suman afiliados que son parte de las luchas del movimiento de mujeres y disidencias sexuales, de los derechos humanos, los pueblos originarios y el movimiento ambiental&#8221;.<\/p>\n<p>Por otro lado &#8220;presentamos algunos de los puntos program\u00e1ticos de la Multicolor provincial&#8221;.<\/p>\n<p>Rechazamos la propuesta paritaria que deja el salario por debajo de la l\u00ednea de pobreza y sigue perdiendo poder adquisitivo. Recomposici\u00f3n urgente al nivel de la canasta familiar e incorporaci\u00f3n de todas las sumas al b\u00e1sico.<\/p>\n<p>Inclusi\u00f3n de todos los compa\u00f1eros en los derechos establecidos por el Estatuto Docente. Basta de precarizaci\u00f3n laboral en las escuelas, como son los contratos FORTE, ATR y la avanzada sobre los derechos docentes.<\/p>\n<p>En defensa de la escuela p\u00fablica: con edificios seguros, terminaci\u00f3n y efectiva realizaci\u00f3n de todas las obras de infraestructura anunciadas, con comedores y protocolos sanitarios garantizados.<\/p>\n<p>Por Actos P\u00fablicos Presenciales y la designaci\u00f3n de todos los cargos faltantes en las escuelas.<\/p>\n<p>Por un IOMA al servicio de lxs trabajadores y no del lucro de la salud privada. Basta de copagos y falta de cobertura.<\/p>\n<p>Defensa de las jubilaciones docentes. No al vaciamiento del IPS.<\/p>\n<p>Por m\u00e1s presupuesto para educaci\u00f3n y no para el pago de la deuda usurera y fraudulenta. Contra el acuerdo del gobierno con el FMI que profundizar\u00e1 el ajuste y los ataques sobre las mayor\u00edas trabajadoras.<\/p>\n","protected":false},"excerpt":{"rendered":"<p>Convocan a una marcha para &#8220;fortalecer la Multicolor en Olavarr\u00eda&#8221;, ante las pr\u00f3ximas elecciones de&#8230;<\/p>\n","protected":false},"author":1,"featured_media":163271,"comment_status":"closed","ping_status":"closed","sticky":false,"template":"","format":"standard","meta":{"content-type":""},"categories":[27],"tags":[],"nelio_content":{"isAutoShareEnabled":false,"autoShareEndMode":"default","automationSources":{"useContentSentences":true,"useSocialTemplates":true,"useCustomSentences":false,"customSentences":[]},"followers":[1],"suggestedReferences":[],"includedReferences":[],"efiUrl":"","efiAlt":"","highlights":[]},"yoast_head":"<!-- This site is optimized with the Yoast SEO plugin v20.7 - https:\/\/yoast.com\/wordpress\/plugins\/seo\/ -->\n<title>Convocan a una marcha para &quot;fortalecer la multicolor en Olavarr\u00eda&quot;<\/title>\n<meta name=\"description\" content=\"Convocan a una marcha para &quot;fortalecer la Multicolor en Olavarr\u00eda&quot;, ante las pr\u00f3ximas elecciones de SUTEBA,\" \/>\n<meta name=\"robots\" content=\"index, follow, max-snippet:-1, max-image-preview:large, max-video-preview:-1\" \/>\n<link rel=\"canonical\" href=\"https:\/\/experienciadevida.com.ar\/portalurbano\/convocan-a-una-marcha-para-fortalecer-la-multicolor-en-olavarria\/\" \/>\n<meta property=\"og:locale\" content=\"es_ES\" \/>\n<meta property=\"og:type\" content=\"article\" \/>\n<meta property=\"og:title\" content=\"Convocan a una marcha para &quot;fortalecer la multicolor en Olavarr\u00eda&quot;\" \/>\n<meta property=\"og:description\" content=\"Convocan a una marcha para &quot;fortalecer la Multicolor en Olavarr\u00eda&quot;, ante las pr\u00f3ximas elecciones de SUTEBA,\" \/>\n<meta property=\"og:url\" content=\"https:\/\/experienciadevida.com.ar\/portalurbano\/convocan-a-una-marcha-para-fortalecer-la-multicolor-en-olavarria\/\" \/>\n<meta property=\"article:publisher\" content=\"https:\/\/www.facebook.com\/Portal-Urbano-171542830093757\/\" \/>\n<meta property=\"article:published_time\" content=\"2022-03-10T13:03:38+00:00\" \/>\n<meta property=\"article:modified_time\" content=\"2022-03-10T13:04:17+00:00\" \/>\n<meta property=\"og:image\" content=\"https:\/\/experienciadevida.com.ar\/portalurbano\/wp-content\/uploads\/2022\/03\/Convocan-a-una-marcha.jpg\" \/>\n\t<meta property=\"og:image:width\" content=\"2481\" \/>\n\t<meta property=\"og:image:height\" content=\"2482\" \/>\n\t<meta property=\"og:image:type\" content=\"image\/jpeg\" \/>\n<meta name=\"author\" content=\"admpu17wp\" \/>\n<meta name=\"twitter:card\" content=\"summary_large_image\" \/>\n<meta name=\"twitter:creator\" content=\"@portalurbanook\" \/>\n<meta name=\"twitter:site\" content=\"@portalurbanook\" \/>\n<meta name=\"twitter:label1\" content=\"Escrito por\" \/>\n\t<meta name=\"twitter:data1\" content=\"admpu17wp\" \/>\n\t<meta name=\"twitter:label2\" content=\"Tiempo de lectura\" \/>\n\t<meta name=\"twitter:data2\" content=\"2 minutos\" \/>\n<script type=\"application\/ld+json\" class=\"yoast-schema-graph\">{\"@context\":\"https:\/\/schema.org\",\"@graph\":[{\"@type\":\"Article\",\"@id\":\"https:\/\/experienciadevida.com.ar\/portalurbano\/convocan-a-una-marcha-para-fortalecer-la-multicolor-en-olavarria\/#article\",\"isPartOf\":{\"@id\":\"https:\/\/experienciadevida.com.ar\/portalurbano\/convocan-a-una-marcha-para-fortalecer-la-multicolor-en-olavarria\/\"},\"author\":{\"name\":\"admpu17wp\",\"@id\":\"https:\/\/experienciadevida.com.ar\/portalurbano\/#\/schema\/person\/02dd326b1c4b056e9cc972486934a3a7\"},\"headline\":\"Convocan a una marcha para &#8220;fortalecer la Multicolor en Olavarr\u00eda&#8221;\",\"datePublished\":\"2022-03-10T13:03:38+00:00\",\"dateModified\":\"2022-03-10T13:04:17+00:00\",\"mainEntityOfPage\":{\"@id\":\"https:\/\/experienciadevida.com.ar\/portalurbano\/convocan-a-una-marcha-para-fortalecer-la-multicolor-en-olavarria\/\"},\"wordCount\":366,\"publisher\":{\"@id\":\"https:\/\/experienciadevida.com.ar\/portalurbano\/#organization\"},\"articleSection\":[\"Ciudad\"],\"inLanguage\":\"es\"},{\"@type\":\"WebPage\",\"@id\":\"https:\/\/experienciadevida.com.ar\/portalurbano\/convocan-a-una-marcha-para-fortalecer-la-multicolor-en-olavarria\/\",\"url\":\"https:\/\/experienciadevida.com.ar\/portalurbano\/convocan-a-una-marcha-para-fortalecer-la-multicolor-en-olavarria\/\",\"name\":\"Convocan a una marcha para \\\"fortalecer la multicolor en Olavarr\u00eda\\\"\",\"isPartOf\":{\"@id\":\"https:\/\/experienciadevida.com.ar\/portalurbano\/#website\"},\"datePublished\":\"2022-03-10T13:03:38+00:00\",\"dateModified\":\"2022-03-10T13:04:17+00:00\",\"description\":\"Convocan a una marcha para \\\"fortalecer la Multicolor en Olavarr\u00eda\\\", ante las pr\u00f3ximas elecciones de SUTEBA,\",\"breadcrumb\":{\"@id\":\"https:\/\/experienciadevida.com.ar\/portalurbano\/convocan-a-una-marcha-para-fortalecer-la-multicolor-en-olavarria\/#breadcrumb\"},\"inLanguage\":\"es\",\"potentialAction\":[{\"@type\":\"ReadAction\",\"target\":[\"https:\/\/experienciadevida.com.ar\/portalurbano\/convocan-a-una-marcha-para-fortalecer-la-multicolor-en-olavarria\/\"]}]},{\"@type\":\"BreadcrumbList\",\"@id\":\"https:\/\/experienciadevida.com.ar\/portalurbano\/convocan-a-una-marcha-para-fortalecer-la-multicolor-en-olavarria\/#breadcrumb\",\"itemListElement\":[{\"@type\":\"ListItem\",\"position\":1,\"name\":\"Portada\",\"item\":\"https:\/\/experienciadevida.com.ar\/portalurbano\/\"},{\"@type\":\"ListItem\",\"position\":2,\"name\":\"Convocan a una marcha para \u00abfortalecer la Multicolor en Olavarr\u00eda\u00bb\"}]},{\"@type\":\"WebSite\",\"@id\":\"https:\/\/experienciadevida.com.ar\/portalurbano\/#website\",\"url\":\"https:\/\/experienciadevida.com.ar\/portalurbano\/\",\"name\":\"\",\"description\":\"\",\"publisher\":{\"@id\":\"https:\/\/experienciadevida.com.ar\/portalurbano\/#organization\"},\"potentialAction\":[{\"@type\":\"SearchAction\",\"target\":{\"@type\":\"EntryPoint\",\"urlTemplate\":\"https:\/\/experienciadevida.com.ar\/portalurbano\/?s={search_term_string}\"},\"query-input\":\"required name=search_term_string\"}],\"inLanguage\":\"es\"},{\"@type\":\"Organization\",\"@id\":\"https:\/\/experienciadevida.com.ar\/portalurbano\/#organization\",\"name\":\"Portal Urbano\",\"url\":\"https:\/\/experienciadevida.com.ar\/portalurbano\/\",\"logo\":{\"@type\":\"ImageObject\",\"inLanguage\":\"es\",\"@id\":\"https:\/\/experienciadevida.com.ar\/portalurbano\/#\/schema\/logo\/image\/\",\"url\":\"https:\/\/experienciadevida.com.ar\/portalurbano\/wp-content\/uploads\/2019\/09\/Logo-Original.png\",\"contentUrl\":\"https:\/\/experienciadevida.com.ar\/portalurbano\/wp-content\/uploads\/2019\/09\/Logo-Original.png\",\"width\":2236,\"height\":1216,\"caption\":\"Portal Urbano\"},\"image\":{\"@id\":\"https:\/\/experienciadevida.com.ar\/portalurbano\/#\/schema\/logo\/image\/\"},\"sameAs\":[\"https:\/\/www.facebook.com\/Portal-Urbano-171542830093757\/\",\"https:\/\/twitter.com\/portalurbanook\",\"https:\/\/www.instagram.com\/_portalurbano\/\",\"https:\/\/www.youtube.com\/channel\/UCXhagIfszH8KxFiOok79zbA?view_as=subscriber\"]},{\"@type\":\"Person\",\"@id\":\"https:\/\/experienciadevida.com.ar\/portalurbano\/#\/schema\/person\/02dd326b1c4b056e9cc972486934a3a7\",\"name\":\"admpu17wp\",\"image\":{\"@type\":\"ImageObject\",\"inLanguage\":\"es\",\"@id\":\"https:\/\/experienciadevida.com.ar\/portalurbano\/#\/schema\/person\/image\/\",\"url\":\"https:\/\/secure.gravatar.com\/avatar\/830d4c57adaae6630765e449a6908047?s=96&d=mm&r=g\",\"contentUrl\":\"https:\/\/secure.gravatar.com\/avatar\/830d4c57adaae6630765e449a6908047?s=96&d=mm&r=g\",\"caption\":\"admpu17wp\"}}]}<\/script>\n<!-- \/ Yoast SEO plugin. -->","yoast_head_json":{"title":"Convocan a una marcha para \"fortalecer la multicolor en Olavarr\u00eda\"","description":"Convocan a una marcha para \"fortalecer la Multicolor en Olavarr\u00eda\", ante las pr\u00f3ximas elecciones de SUTEBA,","robots":{"index":"index","follow":"follow","max-snippet":"max-snippet:-1","max-image-preview":"max-image-preview:large","max-video-preview":"max-video-preview:-1"},"canonical":"https:\/\/experienciadevida.com.ar\/portalurbano\/convocan-a-una-marcha-para-fortalecer-la-multicolor-en-olavarria\/","og_locale":"es_ES","og_type":"article","og_title":"Convocan a una marcha para \"fortalecer la multicolor en Olavarr\u00eda\"","og_description":"Convocan a una marcha para \"fortalecer la Multicolor en Olavarr\u00eda\", ante las pr\u00f3ximas elecciones de SUTEBA,","og_url":"https:\/\/experienciadevida.com.ar\/portalurbano\/convocan-a-una-marcha-para-fortalecer-la-multicolor-en-olavarria\/","article_publisher":"https:\/\/www.facebook.com\/Portal-Urbano-171542830093757\/","article_published_time":"2022-03-10T13:03:38+00:00","article_modified_time":"2022-03-10T13:04:17+00:00","og_image":[{"width":2481,"height":2482,"url":"https:\/\/experienciadevida.com.ar\/portalurbano\/wp-content\/uploads\/2022\/03\/Convocan-a-una-marcha.jpg","type":"image\/jpeg"}],"author":"admpu17wp","twitter_card":"summary_large_image","twitter_creator":"@portalurbanook","twitter_site":"@portalurbanook","twitter_misc":{"Escrito por":"admpu17wp","Tiempo de lectura":"2 minutos"},"schema":{"@context":"https:\/\/schema.org","@graph":[{"@type":"Article","@id":"https:\/\/experienciadevida.com.ar\/portalurbano\/convocan-a-una-marcha-para-fortalecer-la-multicolor-en-olavarria\/#article","isPartOf":{"@id":"https:\/\/experienciadevida.com.ar\/portalurbano\/convocan-a-una-marcha-para-fortalecer-la-multicolor-en-olavarria\/"},"author":{"name":"admpu17wp","@id":"https:\/\/experienciadevida.com.ar\/portalurbano\/#\/schema\/person\/02dd326b1c4b056e9cc972486934a3a7"},"headline":"Convocan a una marcha para &#8220;fortalecer la Multicolor en Olavarr\u00eda&#8221;","datePublished":"2022-03-10T13:03:38+00:00","dateModified":"2022-03-10T13:04:17+00:00","mainEntityOfPage":{"@id":"https:\/\/experienciadevida.com.ar\/portalurbano\/convocan-a-una-marcha-para-fortalecer-la-multicolor-en-olavarria\/"},"wordCount":366,"publisher":{"@id":"https:\/\/experienciadevida.com.ar\/portalurbano\/#organization"},"articleSection":["Ciudad"],"inLanguage":"es"},{"@type":"WebPage","@id":"https:\/\/experienciadevida.com.ar\/portalurbano\/convocan-a-una-marcha-para-fortalecer-la-multicolor-en-olavarria\/","url":"https:\/\/experienciadevida.com.ar\/portalurbano\/convocan-a-una-marcha-para-fortalecer-la-multicolor-en-olavarria\/","name":"Convocan a una marcha para \"fortalecer la multicolor en Olavarr\u00eda\"","isPartOf":{"@id":"https:\/\/experienciadevida.com.ar\/portalurbano\/#website"},"datePublished":"2022-03-10T13:03:38+00:00","dateModified":"2022-03-10T13:04:17+00:00","description":"Convocan a una marcha para \"fortalecer la Multicolor en Olavarr\u00eda\", ante las pr\u00f3ximas elecciones de SUTEBA,","breadcrumb":{"@id":"https:\/\/experienciadevida.com.ar\/portalurbano\/convocan-a-una-marcha-para-fortalecer-la-multicolor-en-olavarria\/#breadcrumb"},"inLanguage":"es","potentialAction":[{"@type":"ReadAction","target":["https:\/\/experienciadevida.com.ar\/portalurbano\/convocan-a-una-marcha-para-fortalecer-la-multicolor-en-olavarria\/"]}]},{"@type":"BreadcrumbList","@id":"https:\/\/experienciadevida.com.ar\/portalurbano\/convocan-a-una-marcha-para-fortalecer-la-multicolor-en-olavarria\/#breadcrumb","itemListElement":[{"@type":"ListItem","position":1,"name":"Portada","item":"https:\/\/experienciadevida.com.ar\/portalurbano\/"},{"@type":"ListItem","position":2,"name":"Convocan a una marcha para \u00abfortalecer la Multicolor en Olavarr\u00eda\u00bb"}]},{"@type":"WebSite","@id":"https:\/\/experienciadevida.com.ar\/portalurbano\/#website","url":"https:\/\/experienciadevida.com.ar\/portalurbano\/","name":"","description":"","publisher":{"@id":"https:\/\/experienciadevida.com.ar\/portalurbano\/#organization"},"potentialAction":[{"@type":"SearchAction","target":{"@type":"EntryPoint","urlTemplate":"https:\/\/experienciadevida.com.ar\/portalurbano\/?s={search_term_string}"},"query-input":"required name=search_term_string"}],"inLanguage":"es"},{"@type":"Organization","@id":"https:\/\/experienciadevida.com.ar\/portalurbano\/#organization","name":"Portal Urbano","url":"https:\/\/experienciadevida.com.ar\/portalurbano\/","logo":{"@type":"ImageObject","inLanguage":"es","@id":"https:\/\/experienciadevida.com.ar\/portalurbano\/#\/schema\/logo\/image\/","url":"https:\/\/experienciadevida.com.ar\/portalurbano\/wp-content\/uploads\/2019\/09\/Logo-Original.png","contentUrl":"https:\/\/experienciadevida.com.ar\/portalurbano\/wp-content\/uploads\/2019\/09\/Logo-Original.png","width":2236,"height":1216,"caption":"Portal Urbano"},"image":{"@id":"https:\/\/experienciadevida.com.ar\/portalurbano\/#\/schema\/logo\/image\/"},"sameAs":["https:\/\/www.facebook.com\/Portal-Urbano-171542830093757\/","https:\/\/twitter.com\/portalurbanook","https:\/\/www.instagram.com\/_portalurbano\/","https:\/\/www.youtube.com\/channel\/UCXhagIfszH8KxFiOok79zbA?view_as=subscriber"]},{"@type":"Person","@id":"https:\/\/experienciadevida.com.ar\/portalurbano\/#\/schema\/person\/02dd326b1c4b056e9cc972486934a3a7","name":"admpu17wp","image":{"@type":"ImageObject","inLanguage":"es","@id":"https:\/\/experienciadevida.com.ar\/portalurbano\/#\/schema\/person\/image\/","url":"https:\/\/secure.gravatar.com\/avatar\/830d4c57adaae6630765e449a6908047?s=96&d=mm&r=g","contentUrl":"https:\/\/secure.gravatar.com\/avatar\/830d4c57adaae6630765e449a6908047?s=96&d=mm&r=g","caption":"admpu17wp"}}]}},"featured_image_urls":{"full":["https:\/\/experienciadevida.com.ar\/portalurbano\/wp-content\/uploads\/2022\/03\/Convocan-a-una-marcha.jpg",2481,2482,false],"thumbnail":["https:\/\/experienciadevida.com.ar\/portalurbano\/wp-content\/uploads\/2022\/03\/Convocan-a-una-marcha-150x150.jpg",150,150,true],"medium":["https:\/\/experienciadevida.com.ar\/portalurbano\/wp-content\/uploads\/2022\/03\/Convocan-a-una-marcha-300x300.jpg",300,300,true],"medium_large":["https:\/\/experienciadevida.com.ar\/portalurbano\/wp-content\/uploads\/2022\/03\/Convocan-a-una-marcha-768x768.jpg",640,640,true],"large":["https:\/\/experienciadevida.com.ar\/portalurbano\/wp-content\/uploads\/2022\/03\/Convocan-a-una-marcha-1024x1024.jpg",640,640,true],"ug_big":["https:\/\/experienciadevida.com.ar\/portalurbano\/wp-content\/uploads\/2022\/03\/Convocan-a-una-marcha-768x768.jpg",768,768,true],"1536x1536":["https:\/\/experienciadevida.com.ar\/portalurbano\/wp-content\/uploads\/2022\/03\/Convocan-a-una-marcha-1536x1536.jpg",1536,1536,true],"2048x2048":["https:\/\/experienciadevida.com.ar\/portalurbano\/wp-content\/uploads\/2022\/03\/Convocan-a-una-marcha-2048x2048.jpg",2048,2048,true],"newsever-slider-full":["https:\/\/experienciadevida.com.ar\/portalurbano\/wp-content\/uploads\/2022\/03\/Convocan-a-una-marcha.jpg",845,845,false],"newsever-featured":["https:\/\/experienciadevida.com.ar\/portalurbano\/wp-content\/uploads\/2022\/03\/Convocan-a-una-marcha.jpg",1024,1024,false],"newsever-medium":["https:\/\/experienciadevida.com.ar\/portalurbano\/wp-content\/uploads\/2022\/03\/Convocan-a-una-marcha.jpg",475,475,false],"web-stories-poster-portrait":["https:\/\/experienciadevida.com.ar\/portalurbano\/wp-content\/uploads\/2022\/03\/Convocan-a-una-marcha.jpg",640,640,false],"web-stories-publisher-logo":["https:\/\/experienciadevida.com.ar\/portalurbano\/wp-content\/uploads\/2022\/03\/Convocan-a-una-marcha.jpg",96,96,false],"web-stories-thumbnail":["https:\/\/experienciadevida.com.ar\/portalurbano\/wp-content\/uploads\/2022\/03\/Convocan-a-una-marcha.jpg",150,150,false]},"author_info":{"display_name":"admpu17wp","author_link":"https:\/\/experienciadevida.com.ar\/portalurbano\/author\/admpu17wp\/"},"category_info":"<a href=\"https:\/\/experienciadevida.com.ar\/portalurbano\/category\/ciudad\/\" rel=\"category tag\">Ciudad<\/a>","tag_info":"Ciudad","comment_count":"0","amp_enabled":true,"_links":{"self":[{"href":"https:\/\/experienciadevida.com.ar\/portalurbano\/wp-json\/wp\/v2\/posts\/163270"}],"collection":[{"href":"https:\/\/experienciadevida.com.ar\/portalurbano\/wp-json\/wp\/v2\/posts"}],"about":[{"href":"https:\/\/experienciadevida.com.ar\/portalurbano\/wp-json\/wp\/v2\/types\/post"}],"author":[{"embeddable":true,"href":"https:\/\/experienciadevida.com.ar\/portalurbano\/wp-json\/wp\/v2\/users\/1"}],"replies":[{"embeddable":true,"href":"https:\/\/experienciadevida.com.ar\/portalurbano\/wp-json\/wp\/v2\/comments?post=163270"}],"version-history":[{"count":2,"href":"https:\/\/experienciadevida.com.ar\/portalurbano\/wp-json\/wp\/v2\/posts\/163270\/revisions"}],"predecessor-version":[{"id":163273,"href":"https:\/\/experienciadevida.com.ar\/portalurbano\/wp-json\/wp\/v2\/posts\/163270\/revisions\/163273"}],"wp:featuredmedia":[{"embeddable":true,"href":"https:\/\/experienciadevida.com.ar\/portalurbano\/wp-json\/wp\/v2\/media\/163271"}],"wp:attachment":[{"href":"https:\/\/experienciadevida.com.ar\/portalurbano\/wp-json\/wp\/v2\/media?parent=163270"}],"wp:term":[{"taxonomy":"category","embeddable":true,"href":"https:\/\/experienciadevida.com.ar\/portalurbano\/wp-json\/wp\/v2\/categories?post=163270"},{"taxonomy":"post_tag","embeddable":true,"href":"https:\/\/experienciadevida.com.ar\/portalurbano\/wp-json\/wp\/v2\/tags?post=163270"}],"curies":[{"name":"wp","href":"https:\/\/api.w.org\/{rel}","templated":true}]}}