{"id":163232,"date":"2022-03-09T16:45:29","date_gmt":"2022-03-09T19:45:29","guid":{"rendered":"https:\/\/experienciadevida.com.ar\/portalurbano\/?p=163232"},"modified":"2022-03-09T16:48:09","modified_gmt":"2022-03-09T19:48:09","slug":"el-salto-profesional-de-la-olavarriense-sol-macaluso-que-ha-superado-todas-sus-expectativas","status":"publish","type":"post","link":"https:\/\/experienciadevida.com.ar\/portalurbano\/el-salto-profesional-de-la-olavarriense-sol-macaluso-que-ha-superado-todas-sus-expectativas\/","title":{"rendered":"El salto profesional de la Olavarriense Sol Macaluso que ha superado todas sus expectativas"},"content":{"rendered":"<div id=\"gpTopMedia\" class=\"blog top-media-custom\"><strong>Sol Macaluso\u00a0se ha convertido en una de las reporteras que m\u00e1s aplausos se ha ganado debido a su buen hacer durante el conflicto b\u00e9lico que se est\u00e1 llevando a cabo entre Ucrania y Rusia<\/strong>. Desde que Vladimir Putin iniciara una cruenta guerra conta su pa\u00eds vecino, la inquietud y la incertidumbre no han dejado de crecer en toda Europa y\u00a0Sol ha pasado a ser uno de las referentes informativos m\u00e1s seguidos y queridos por el p\u00fablico. Su humanidad, sus l\u00e1grimas y la decisi\u00f3n de cuidar a la hija de su gu\u00eda fue lo que conquist\u00f3 a la audiencia. La joven ha estado al pie del ca\u00f1\u00f3n para contar las \u00faltimas novedades de toda esta desagradable situaci\u00f3n que mantiene en vilo a medio mundo y, ahora, ha visto como\u00a0<strong>la cadena la ha recompensado con dos proyectos profesionales que la convierten en un talism\u00e1n indispensable:\u00a0<\/strong>\u00a1un blog y un formato en prime time!<\/div>\n<div class=\"article-text txt\">\n<section class=\"article-block-embedded-related\">\n<div class=\"block-header\">\n<p class=\"block-title\">\n<\/div>\n<div id=\"gpEmbedded\" class=\"widget-article col-xs-12 col-sm-12 col-lg-12\">\n<figure class=\"widget-article-foto hidden-xs hidden-sm desktop\"><img decoding=\"async\" class=\"image lazyloaded\" src=\"https:\/\/www.lecturas.com\/medio\/2022\/03\/01\/sol-macaluso_0cf7ff81_1280x720.jpg\" sizes=\"1vw\" alt=\"Sol Macaluso, reportera de Mediaset, decide quedarse en Ucrania a pesar de la desesperada petici\u00f3n de sus padres\" data-src=\"\/medio\/2022\/03\/01\/sol-macaluso_0cf7ff81_1280x720.jpg\" \/><\/figure>\n<\/div>\n<\/section>\n<p>Por una parte, Sol Macaluso<strong>\u00a0acaba de inaugurar<em>\u00a0Los ojos de Sol en la guerra<\/em><\/strong>, un blog en la p\u00e1gina web de Telecinco en el que va a narrar en primera persona todo lo que est\u00e1 viviendo en Ucrania. La argentina, con la sensibilidad que le caracteriza, ya ha compartido sus primeros v\u00eddeos y ha agradecido de coraz\u00f3n todo el cari\u00f1o y el calor que ha recibido durante los \u00faltimos d\u00edas.<\/p>\n<div id=\"sc_intxt_container\">\n<div id=\"smartIntxt\" class=\"\">&#8220;A los que ya me siguen y a los que reci\u00e9n me est\u00e1n conociendo, lo primero que quiero decirles es gracias. Lo siguiente, es darles la bienvenida a este blog que inauguro para poder contarles en primera persona c\u00f3mo estoy viviendo esta experiencia cuando se apagan las c\u00e1maras. <strong>Ser reportera en una guerra exige mucho sacrificio, pero tambi\u00e9n sensibilidad y pasi\u00f3n, y me gustar\u00eda poder compartir con vosotros mi mirada<\/strong>&#8220;, <a href=\"https:\/\/www.telecinco.es\/blogs\/guerra-ucrania-por-sol-macaluso\/\">as\u00ed se ha presentado Sol Macaluso en este blog en el que piensa contar, con todo lujo de detalles, todo lo que est\u00e1 ocurriendo<\/a>.<\/div>\n<\/div>\n<section class=\"article-block-embedded-related\">\n<div class=\"block-header\"><\/div>\n<div id=\"gpEmbedded\" class=\"widget-article col-xs-12 col-sm-12 col-lg-12\">\n<figure class=\"widget-article-foto hidden-xs hidden-sm desktop\"><img decoding=\"async\" class=\"image lazyloaded\" src=\"https:\/\/www.lecturas.com\/medio\/2022\/03\/02\/sol-macaluso_8dc4c5ad_1280x720.jpg\" sizes=\"1vw\" alt=\"Sol Macaluso, reportera en Ucrania, da una buena noticia: la hija de uno de sus compa\u00f1eros ya est\u00e1 a salvo\" data-src=\"\/medio\/2022\/03\/02\/sol-macaluso_8dc4c5ad_1280x720.jpg\" \/><\/figure>\n<\/div>\n<\/section>\n<p>Sol ha mostrado, tambi\u00e9n, c\u00f3mo se preparan para cubrir la guerra: casco, chalecos antibalas&#8230; Y, por si fuera poco, ha mandado un mensaje muy especial por el D\u00eda Internacional de la Mujer: &#8220;Lo que quiero es abrazarlas y recordarles a todas las mujeres que sean lo que les d\u00e9 la gana ser. Que sean libres por sobre todas las cosas y que no les importe lo que digan los dem\u00e1s.\u00a0<strong>Mientras sean ustedes mismas, todo va a estar bien. Todas somos valientes, guerreras y \u00fanicas<\/strong>&#8220;.<\/p>\n<p><a href=\"https:\/\/experienciadevida.com.ar\/portalurbano\/el-salto-profesional-de-la-olavarriense-sol-macaluso-que-ha-superado-todas-sus-expectativas\/sol-macaluso_847cdfe8_660x372\/\" rel=\"attachment wp-att-163247\"><img decoding=\"async\" class=\"alignnone wp-image-163247\" src=\"https:\/\/experienciadevida.com.ar\/portalurbano\/wp-content\/uploads\/2022\/03\/sol-macaluso_847cdfe8_660x372.jpg\" alt=\"\" width=\"790\" height=\"445\" srcset=\"https:\/\/experienciadevida.com.ar\/portalurbano\/wp-content\/uploads\/2022\/03\/sol-macaluso_847cdfe8_660x372.jpg 660w, https:\/\/experienciadevida.com.ar\/portalurbano\/wp-content\/uploads\/2022\/03\/sol-macaluso_847cdfe8_660x372-300x169.jpg 300w\" sizes=\"(max-width: 790px) 100vw, 790px\" \/><\/a><\/p>\n<p>Pero sin duda, su oportunidad de oro llega esta noche donde\u00a0<strong>Sol saltar\u00e1 al prime time de Telecinco gracias a\u00a0<em>Ucrania, esto no se podr\u00e1 olvidar<\/em>, un formato especial presentado por Ana Terradillos<\/strong>\u00a0en el que se abordar\u00e1 la \u00faltima hora conflicto y donde se analizar\u00e1 el infierno al que Putin est\u00e1 sometiendo al pueblo ucraniano. Sol se convertir\u00e1, una vez m\u00e1s, en el centro de todas las miradas.<\/p>\n<p>Este formato se llevar\u00e1 a cabo de lunes a viernes en de 22:00 a 22:50 horas y se trata de un nuevo cambio en la grilla de la cadena.<\/p>\n<\/div>\n","protected":false},"excerpt":{"rendered":"<p>Sol Macaluso\u00a0se ha convertido en una de las reporteras que m\u00e1s aplausos se ha ganado&#8230;<\/p>\n","protected":false},"author":1,"featured_media":162585,"comment_status":"closed","ping_status":"closed","sticky":false,"template":"","format":"standard","meta":{"content-type":""},"categories":[27,51],"tags":[],"nelio_content":{"isAutoShareEnabled":false,"autoShareEndMode":"default","automationSources":{"useContentSentences":true,"useSocialTemplates":true,"useCustomSentences":false,"customSentences":[]},"followers":[1],"suggestedReferences":[],"includedReferences":["https:\/\/www.telecinco.es\/blogs\/guerra-ucrania-por-sol-macaluso\/"],"efiUrl":"","efiAlt":"","highlights":[]},"yoast_head":"<!-- This site is optimized with the Yoast SEO plugin v20.7 - https:\/\/yoast.com\/wordpress\/plugins\/seo\/ -->\n<title>El salto profesional de la Olavarriense Sol Macaluso que ha superado<\/title>\n<meta name=\"description\" content=\"Sol Macaluso\u00a0se ha convertido en una de las reporteras que m\u00e1s aplausos se ha ganado debido a su buen hacer durante el conflicto b\u00e9lico\" \/>\n<meta name=\"robots\" content=\"index, follow, max-snippet:-1, max-image-preview:large, max-video-preview:-1\" \/>\n<link rel=\"canonical\" href=\"https:\/\/experienciadevida.com.ar\/portalurbano\/el-salto-profesional-de-la-olavarriense-sol-macaluso-que-ha-superado-todas-sus-expectativas\/\" \/>\n<meta property=\"og:locale\" content=\"es_ES\" \/>\n<meta property=\"og:type\" content=\"article\" \/>\n<meta property=\"og:title\" content=\"El salto profesional de la Olavarriense Sol Macaluso que ha superado\" \/>\n<meta property=\"og:description\" content=\"Sol Macaluso\u00a0se ha convertido en una de las reporteras que m\u00e1s aplausos se ha ganado debido a su buen hacer durante el conflicto b\u00e9lico\" \/>\n<meta property=\"og:url\" content=\"https:\/\/experienciadevida.com.ar\/portalurbano\/el-salto-profesional-de-la-olavarriense-sol-macaluso-que-ha-superado-todas-sus-expectativas\/\" \/>\n<meta property=\"article:publisher\" content=\"https:\/\/www.facebook.com\/Portal-Urbano-171542830093757\/\" \/>\n<meta property=\"article:published_time\" content=\"2022-03-09T19:45:29+00:00\" \/>\n<meta property=\"article:modified_time\" content=\"2022-03-09T19:48:09+00:00\" \/>\n<meta property=\"og:image\" content=\"https:\/\/experienciadevida.com.ar\/portalurbano\/wp-content\/uploads\/2022\/02\/sol-macaluso.jpg\" \/>\n\t<meta property=\"og:image:width\" content=\"826\" \/>\n\t<meta property=\"og:image:height\" content=\"620\" \/>\n\t<meta property=\"og:image:type\" content=\"image\/jpeg\" \/>\n<meta name=\"author\" content=\"admpu17wp\" \/>\n<meta name=\"twitter:card\" content=\"summary_large_image\" \/>\n<meta name=\"twitter:creator\" content=\"@portalurbanook\" \/>\n<meta name=\"twitter:site\" content=\"@portalurbanook\" \/>\n<meta name=\"twitter:label1\" content=\"Escrito por\" \/>\n\t<meta name=\"twitter:data1\" content=\"admpu17wp\" \/>\n\t<meta name=\"twitter:label2\" content=\"Tiempo de lectura\" \/>\n\t<meta name=\"twitter:data2\" content=\"3 minutos\" \/>\n<script type=\"application\/ld+json\" class=\"yoast-schema-graph\">{\"@context\":\"https:\/\/schema.org\",\"@graph\":[{\"@type\":\"Article\",\"@id\":\"https:\/\/experienciadevida.com.ar\/portalurbano\/el-salto-profesional-de-la-olavarriense-sol-macaluso-que-ha-superado-todas-sus-expectativas\/#article\",\"isPartOf\":{\"@id\":\"https:\/\/experienciadevida.com.ar\/portalurbano\/el-salto-profesional-de-la-olavarriense-sol-macaluso-que-ha-superado-todas-sus-expectativas\/\"},\"author\":{\"name\":\"admpu17wp\",\"@id\":\"https:\/\/experienciadevida.com.ar\/portalurbano\/#\/schema\/person\/02dd326b1c4b056e9cc972486934a3a7\"},\"headline\":\"El salto profesional de la Olavarriense Sol Macaluso que ha superado todas sus expectativas\",\"datePublished\":\"2022-03-09T19:45:29+00:00\",\"dateModified\":\"2022-03-09T19:48:09+00:00\",\"mainEntityOfPage\":{\"@id\":\"https:\/\/experienciadevida.com.ar\/portalurbano\/el-salto-profesional-de-la-olavarriense-sol-macaluso-que-ha-superado-todas-sus-expectativas\/\"},\"wordCount\":542,\"publisher\":{\"@id\":\"https:\/\/experienciadevida.com.ar\/portalurbano\/#organization\"},\"articleSection\":[\"Ciudad\",\"Destacadas\"],\"inLanguage\":\"es\"},{\"@type\":\"WebPage\",\"@id\":\"https:\/\/experienciadevida.com.ar\/portalurbano\/el-salto-profesional-de-la-olavarriense-sol-macaluso-que-ha-superado-todas-sus-expectativas\/\",\"url\":\"https:\/\/experienciadevida.com.ar\/portalurbano\/el-salto-profesional-de-la-olavarriense-sol-macaluso-que-ha-superado-todas-sus-expectativas\/\",\"name\":\"El salto profesional de la Olavarriense Sol Macaluso que ha superado\",\"isPartOf\":{\"@id\":\"https:\/\/experienciadevida.com.ar\/portalurbano\/#website\"},\"datePublished\":\"2022-03-09T19:45:29+00:00\",\"dateModified\":\"2022-03-09T19:48:09+00:00\",\"description\":\"Sol Macaluso\u00a0se ha convertido en una de las reporteras que m\u00e1s aplausos se ha ganado debido a su buen hacer durante el conflicto b\u00e9lico\",\"breadcrumb\":{\"@id\":\"https:\/\/experienciadevida.com.ar\/portalurbano\/el-salto-profesional-de-la-olavarriense-sol-macaluso-que-ha-superado-todas-sus-expectativas\/#breadcrumb\"},\"inLanguage\":\"es\",\"potentialAction\":[{\"@type\":\"ReadAction\",\"target\":[\"https:\/\/experienciadevida.com.ar\/portalurbano\/el-salto-profesional-de-la-olavarriense-sol-macaluso-que-ha-superado-todas-sus-expectativas\/\"]}]},{\"@type\":\"BreadcrumbList\",\"@id\":\"https:\/\/experienciadevida.com.ar\/portalurbano\/el-salto-profesional-de-la-olavarriense-sol-macaluso-que-ha-superado-todas-sus-expectativas\/#breadcrumb\",\"itemListElement\":[{\"@type\":\"ListItem\",\"position\":1,\"name\":\"Portada\",\"item\":\"https:\/\/experienciadevida.com.ar\/portalurbano\/\"},{\"@type\":\"ListItem\",\"position\":2,\"name\":\"El salto profesional de la Olavarriense Sol Macaluso que ha superado todas sus expectativas\"}]},{\"@type\":\"WebSite\",\"@id\":\"https:\/\/experienciadevida.com.ar\/portalurbano\/#website\",\"url\":\"https:\/\/experienciadevida.com.ar\/portalurbano\/\",\"name\":\"\",\"description\":\"\",\"publisher\":{\"@id\":\"https:\/\/experienciadevida.com.ar\/portalurbano\/#organization\"},\"potentialAction\":[{\"@type\":\"SearchAction\",\"target\":{\"@type\":\"EntryPoint\",\"urlTemplate\":\"https:\/\/experienciadevida.com.ar\/portalurbano\/?s={search_term_string}\"},\"query-input\":\"required name=search_term_string\"}],\"inLanguage\":\"es\"},{\"@type\":\"Organization\",\"@id\":\"https:\/\/experienciadevida.com.ar\/portalurbano\/#organization\",\"name\":\"Portal Urbano\",\"url\":\"https:\/\/experienciadevida.com.ar\/portalurbano\/\",\"logo\":{\"@type\":\"ImageObject\",\"inLanguage\":\"es\",\"@id\":\"https:\/\/experienciadevida.com.ar\/portalurbano\/#\/schema\/logo\/image\/\",\"url\":\"https:\/\/experienciadevida.com.ar\/portalurbano\/wp-content\/uploads\/2019\/09\/Logo-Original.png\",\"contentUrl\":\"https:\/\/experienciadevida.com.ar\/portalurbano\/wp-content\/uploads\/2019\/09\/Logo-Original.png\",\"width\":2236,\"height\":1216,\"caption\":\"Portal Urbano\"},\"image\":{\"@id\":\"https:\/\/experienciadevida.com.ar\/portalurbano\/#\/schema\/logo\/image\/\"},\"sameAs\":[\"https:\/\/www.facebook.com\/Portal-Urbano-171542830093757\/\",\"https:\/\/twitter.com\/portalurbanook\",\"https:\/\/www.instagram.com\/_portalurbano\/\",\"https:\/\/www.youtube.com\/channel\/UCXhagIfszH8KxFiOok79zbA?view_as=subscriber\"]},{\"@type\":\"Person\",\"@id\":\"https:\/\/experienciadevida.com.ar\/portalurbano\/#\/schema\/person\/02dd326b1c4b056e9cc972486934a3a7\",\"name\":\"admpu17wp\",\"image\":{\"@type\":\"ImageObject\",\"inLanguage\":\"es\",\"@id\":\"https:\/\/experienciadevida.com.ar\/portalurbano\/#\/schema\/person\/image\/\",\"url\":\"https:\/\/secure.gravatar.com\/avatar\/830d4c57adaae6630765e449a6908047?s=96&d=mm&r=g\",\"contentUrl\":\"https:\/\/secure.gravatar.com\/avatar\/830d4c57adaae6630765e449a6908047?s=96&d=mm&r=g\",\"caption\":\"admpu17wp\"}}]}<\/script>\n<!-- \/ Yoast SEO plugin. -->","yoast_head_json":{"title":"El salto profesional de la Olavarriense Sol Macaluso que ha superado","description":"Sol Macaluso\u00a0se ha convertido en una de las reporteras que m\u00e1s aplausos se ha ganado debido a su buen hacer durante el conflicto b\u00e9lico","robots":{"index":"index","follow":"follow","max-snippet":"max-snippet:-1","max-image-preview":"max-image-preview:large","max-video-preview":"max-video-preview:-1"},"canonical":"https:\/\/experienciadevida.com.ar\/portalurbano\/el-salto-profesional-de-la-olavarriense-sol-macaluso-que-ha-superado-todas-sus-expectativas\/","og_locale":"es_ES","og_type":"article","og_title":"El salto profesional de la Olavarriense Sol Macaluso que ha superado","og_description":"Sol Macaluso\u00a0se ha convertido en una de las reporteras que m\u00e1s aplausos se ha ganado debido a su buen hacer durante el conflicto b\u00e9lico","og_url":"https:\/\/experienciadevida.com.ar\/portalurbano\/el-salto-profesional-de-la-olavarriense-sol-macaluso-que-ha-superado-todas-sus-expectativas\/","article_publisher":"https:\/\/www.facebook.com\/Portal-Urbano-171542830093757\/","article_published_time":"2022-03-09T19:45:29+00:00","article_modified_time":"2022-03-09T19:48:09+00:00","og_image":[{"width":826,"height":620,"url":"https:\/\/experienciadevida.com.ar\/portalurbano\/wp-content\/uploads\/2022\/02\/sol-macaluso.jpg","type":"image\/jpeg"}],"author":"admpu17wp","twitter_card":"summary_large_image","twitter_creator":"@portalurbanook","twitter_site":"@portalurbanook","twitter_misc":{"Escrito por":"admpu17wp","Tiempo de lectura":"3 minutos"},"schema":{"@context":"https:\/\/schema.org","@graph":[{"@type":"Article","@id":"https:\/\/experienciadevida.com.ar\/portalurbano\/el-salto-profesional-de-la-olavarriense-sol-macaluso-que-ha-superado-todas-sus-expectativas\/#article","isPartOf":{"@id":"https:\/\/experienciadevida.com.ar\/portalurbano\/el-salto-profesional-de-la-olavarriense-sol-macaluso-que-ha-superado-todas-sus-expectativas\/"},"author":{"name":"admpu17wp","@id":"https:\/\/experienciadevida.com.ar\/portalurbano\/#\/schema\/person\/02dd326b1c4b056e9cc972486934a3a7"},"headline":"El salto profesional de la Olavarriense Sol Macaluso que ha superado todas sus expectativas","datePublished":"2022-03-09T19:45:29+00:00","dateModified":"2022-03-09T19:48:09+00:00","mainEntityOfPage":{"@id":"https:\/\/experienciadevida.com.ar\/portalurbano\/el-salto-profesional-de-la-olavarriense-sol-macaluso-que-ha-superado-todas-sus-expectativas\/"},"wordCount":542,"publisher":{"@id":"https:\/\/experienciadevida.com.ar\/portalurbano\/#organization"},"articleSection":["Ciudad","Destacadas"],"inLanguage":"es"},{"@type":"WebPage","@id":"https:\/\/experienciadevida.com.ar\/portalurbano\/el-salto-profesional-de-la-olavarriense-sol-macaluso-que-ha-superado-todas-sus-expectativas\/","url":"https:\/\/experienciadevida.com.ar\/portalurbano\/el-salto-profesional-de-la-olavarriense-sol-macaluso-que-ha-superado-todas-sus-expectativas\/","name":"El salto profesional de la Olavarriense Sol Macaluso que ha superado","isPartOf":{"@id":"https:\/\/experienciadevida.com.ar\/portalurbano\/#website"},"datePublished":"2022-03-09T19:45:29+00:00","dateModified":"2022-03-09T19:48:09+00:00","description":"Sol Macaluso\u00a0se ha convertido en una de las reporteras que m\u00e1s aplausos se ha ganado debido a su buen hacer durante el conflicto b\u00e9lico","breadcrumb":{"@id":"https:\/\/experienciadevida.com.ar\/portalurbano\/el-salto-profesional-de-la-olavarriense-sol-macaluso-que-ha-superado-todas-sus-expectativas\/#breadcrumb"},"inLanguage":"es","potentialAction":[{"@type":"ReadAction","target":["https:\/\/experienciadevida.com.ar\/portalurbano\/el-salto-profesional-de-la-olavarriense-sol-macaluso-que-ha-superado-todas-sus-expectativas\/"]}]},{"@type":"BreadcrumbList","@id":"https:\/\/experienciadevida.com.ar\/portalurbano\/el-salto-profesional-de-la-olavarriense-sol-macaluso-que-ha-superado-todas-sus-expectativas\/#breadcrumb","itemListElement":[{"@type":"ListItem","position":1,"name":"Portada","item":"https:\/\/experienciadevida.com.ar\/portalurbano\/"},{"@type":"ListItem","position":2,"name":"El salto profesional de la Olavarriense Sol Macaluso que ha superado todas sus expectativas"}]},{"@type":"WebSite","@id":"https:\/\/experienciadevida.com.ar\/portalurbano\/#website","url":"https:\/\/experienciadevida.com.ar\/portalurbano\/","name":"","description":"","publisher":{"@id":"https:\/\/experienciadevida.com.ar\/portalurbano\/#organization"},"potentialAction":[{"@type":"SearchAction","target":{"@type":"EntryPoint","urlTemplate":"https:\/\/experienciadevida.com.ar\/portalurbano\/?s={search_term_string}"},"query-input":"required name=search_term_string"}],"inLanguage":"es"},{"@type":"Organization","@id":"https:\/\/experienciadevida.com.ar\/portalurbano\/#organization","name":"Portal Urbano","url":"https:\/\/experienciadevida.com.ar\/portalurbano\/","logo":{"@type":"ImageObject","inLanguage":"es","@id":"https:\/\/experienciadevida.com.ar\/portalurbano\/#\/schema\/logo\/image\/","url":"https:\/\/experienciadevida.com.ar\/portalurbano\/wp-content\/uploads\/2019\/09\/Logo-Original.png","contentUrl":"https:\/\/experienciadevida.com.ar\/portalurbano\/wp-content\/uploads\/2019\/09\/Logo-Original.png","width":2236,"height":1216,"caption":"Portal Urbano"},"image":{"@id":"https:\/\/experienciadevida.com.ar\/portalurbano\/#\/schema\/logo\/image\/"},"sameAs":["https:\/\/www.facebook.com\/Portal-Urbano-171542830093757\/","https:\/\/twitter.com\/portalurbanook","https:\/\/www.instagram.com\/_portalurbano\/","https:\/\/www.youtube.com\/channel\/UCXhagIfszH8KxFiOok79zbA?view_as=subscriber"]},{"@type":"Person","@id":"https:\/\/experienciadevida.com.ar\/portalurbano\/#\/schema\/person\/02dd326b1c4b056e9cc972486934a3a7","name":"admpu17wp","image":{"@type":"ImageObject","inLanguage":"es","@id":"https:\/\/experienciadevida.com.ar\/portalurbano\/#\/schema\/person\/image\/","url":"https:\/\/secure.gravatar.com\/avatar\/830d4c57adaae6630765e449a6908047?s=96&d=mm&r=g","contentUrl":"https:\/\/secure.gravatar.com\/avatar\/830d4c57adaae6630765e449a6908047?s=96&d=mm&r=g","caption":"admpu17wp"}}]}},"featured_image_urls":{"full":["https:\/\/experienciadevida.com.ar\/portalurbano\/wp-content\/uploads\/2022\/02\/sol-macaluso.jpg",826,620,false],"thumbnail":["https:\/\/experienciadevida.com.ar\/portalurbano\/wp-content\/uploads\/2022\/02\/sol-macaluso-150x150.jpg",150,150,true],"medium":["https:\/\/experienciadevida.com.ar\/portalurbano\/wp-content\/uploads\/2022\/02\/sol-macaluso-300x225.jpg",300,225,true],"medium_large":["https:\/\/experienciadevida.com.ar\/portalurbano\/wp-content\/uploads\/2022\/02\/sol-macaluso-768x576.jpg",640,480,true],"large":["https:\/\/experienciadevida.com.ar\/portalurbano\/wp-content\/uploads\/2022\/02\/sol-macaluso.jpg",640,480,false],"ug_big":["https:\/\/experienciadevida.com.ar\/portalurbano\/wp-content\/uploads\/2022\/02\/sol-macaluso-768x576.jpg",768,576,true],"1536x1536":["https:\/\/experienciadevida.com.ar\/portalurbano\/wp-content\/uploads\/2022\/02\/sol-macaluso.jpg",826,620,false],"2048x2048":["https:\/\/experienciadevida.com.ar\/portalurbano\/wp-content\/uploads\/2022\/02\/sol-macaluso.jpg",826,620,false],"newsever-slider-full":["https:\/\/experienciadevida.com.ar\/portalurbano\/wp-content\/uploads\/2022\/02\/sol-macaluso.jpg",826,620,false],"newsever-featured":["https:\/\/experienciadevida.com.ar\/portalurbano\/wp-content\/uploads\/2022\/02\/sol-macaluso.jpg",826,620,false],"newsever-medium":["https:\/\/experienciadevida.com.ar\/portalurbano\/wp-content\/uploads\/2022\/02\/sol-macaluso.jpg",633,475,false],"web-stories-poster-portrait":["https:\/\/experienciadevida.com.ar\/portalurbano\/wp-content\/uploads\/2022\/02\/sol-macaluso.jpg",640,480,false],"web-stories-publisher-logo":["https:\/\/experienciadevida.com.ar\/portalurbano\/wp-content\/uploads\/2022\/02\/sol-macaluso.jpg",96,72,false],"web-stories-thumbnail":["https:\/\/experienciadevida.com.ar\/portalurbano\/wp-content\/uploads\/2022\/02\/sol-macaluso.jpg",150,113,false]},"author_info":{"display_name":"admpu17wp","author_link":"https:\/\/experienciadevida.com.ar\/portalurbano\/author\/admpu17wp\/"},"category_info":"<a href=\"https:\/\/experienciadevida.com.ar\/portalurbano\/category\/ciudad\/\" rel=\"category tag\">Ciudad<\/a> <a href=\"https:\/\/experienciadevida.com.ar\/portalurbano\/category\/destacadas\/\" rel=\"category tag\">Destacadas<\/a>","tag_info":"Destacadas","comment_count":"0","amp_enabled":true,"_links":{"self":[{"href":"https:\/\/experienciadevida.com.ar\/portalurbano\/wp-json\/wp\/v2\/posts\/163232"}],"collection":[{"href":"https:\/\/experienciadevida.com.ar\/portalurbano\/wp-json\/wp\/v2\/posts"}],"about":[{"href":"https:\/\/experienciadevida.com.ar\/portalurbano\/wp-json\/wp\/v2\/types\/post"}],"author":[{"embeddable":true,"href":"https:\/\/experienciadevida.com.ar\/portalurbano\/wp-json\/wp\/v2\/users\/1"}],"replies":[{"embeddable":true,"href":"https:\/\/experienciadevida.com.ar\/portalurbano\/wp-json\/wp\/v2\/comments?post=163232"}],"version-history":[{"count":4,"href":"https:\/\/experienciadevida.com.ar\/portalurbano\/wp-json\/wp\/v2\/posts\/163232\/revisions"}],"predecessor-version":[{"id":163256,"href":"https:\/\/experienciadevida.com.ar\/portalurbano\/wp-json\/wp\/v2\/posts\/163232\/revisions\/163256"}],"wp:featuredmedia":[{"embeddable":true,"href":"https:\/\/experienciadevida.com.ar\/portalurbano\/wp-json\/wp\/v2\/media\/162585"}],"wp:attachment":[{"href":"https:\/\/experienciadevida.com.ar\/portalurbano\/wp-json\/wp\/v2\/media?parent=163232"}],"wp:term":[{"taxonomy":"category","embeddable":true,"href":"https:\/\/experienciadevida.com.ar\/portalurbano\/wp-json\/wp\/v2\/categories?post=163232"},{"taxonomy":"post_tag","embeddable":true,"href":"https:\/\/experienciadevida.com.ar\/portalurbano\/wp-json\/wp\/v2\/tags?post=163232"}],"curies":[{"name":"wp","href":"https:\/\/api.w.org\/{rel}","templated":true}]}}