{"id":163231,"date":"2022-03-09T16:11:31","date_gmt":"2022-03-09T19:11:31","guid":{"rendered":"https:\/\/experienciadevida.com.ar\/portalurbano\/?p=163231"},"modified":"2022-03-09T16:16:19","modified_gmt":"2022-03-09T19:16:19","slug":"bruno-di-carlo-todavia-no-se-recibieron-los-fondos-para-artes-visuales","status":"publish","type":"post","link":"https:\/\/experienciadevida.com.ar\/portalurbano\/bruno-di-carlo-todavia-no-se-recibieron-los-fondos-para-artes-visuales\/","title":{"rendered":"Bruno Di Carlo: \u201cTodav\u00eda no se recibieron los fondos para Artes Visuales\u201d"},"content":{"rendered":"<p><a href=\"https:\/\/www.instagram.com\/brunoedicarlo\/?hl=es-la\">Bruno Di Carlo<\/a>: \u201cTodav\u00eda no se recibieron los fondos para Artes Visuales\u201d, el presidente del Consejo Escolar de Olavarr\u00eda Bruno Di Carlo se expres\u00f3 por el atraso en la entrega de fondos de parte del gobierno de la provincia<br \/>\nde Buenos Aires para el inicio de obra del edificio de Artes Visuales.<\/p>\n<p>Al respecto, Di Carlo dijo: \u201cla semana pasada el Subsecretario de Miner\u00eda Federico Aguilera asegur\u00f3 que iban a estar disponibles los fondos para el inicio de obra y todav\u00eda no hemos recibido nada\u201d.<\/p>\n<p>\u201cLamentablemente, hasta que esta situaci\u00f3n no se hace p\u00fablica, no encontramos respuesta del gobierno provincial. Ser\u00eda conveniente que gestionen a trav\u00e9s de los hechos y no moverse de acuerdo a lo que se publica en los medios y en las redes sociales\u201d, agreg\u00f3.<\/p>\n<p>Por otra parte, el propio Di Carlo indic\u00f3: \u201ces llamativo que los anuncios los haga el Subsecretario de Miner\u00eda, no valorizando el rol de los funcionarios de Educaci\u00f3n de su propio espacio como lo son el Jefe Distrital, la Jefa Regional y los consejeros escolares\u201d.<\/p>\n<p>Por otro lado, el presidente del Consejo Escolar remarc\u00f3: \u201cAguilera anuncia desconociendo el valor real de la obra. Hace una semana dijo que el valor de la obra es de $23.683.232 cuando en realidad la inversi\u00f3n estipulada es de 29 millones de pesos\u201d.<\/p>\n<p>Finalmente, Bruno Di Carlo expres\u00f3: \u201cesperemos que con el reclamo p\u00fablico se agilicen las gestiones para iniciar la obra por el bien de la educaci\u00f3n p\u00fablica del Partido de Olavarr\u00eda\u201d.<\/p>\n","protected":false},"excerpt":{"rendered":"<p>Bruno Di Carlo: \u201cTodav\u00eda no se recibieron los fondos para Artes Visuales\u201d, el presidente del&#8230;<\/p>\n","protected":false},"author":1,"featured_media":163233,"comment_status":"closed","ping_status":"closed","sticky":false,"template":"","format":"standard","meta":{"content-type":""},"categories":[27,64],"tags":[],"nelio_content":{"isAutoShareEnabled":false,"autoShareEndMode":"default","automationSources":{"useContentSentences":true,"useSocialTemplates":true,"useCustomSentences":false,"customSentences":[]},"followers":[1],"suggestedReferences":[],"includedReferences":[],"efiUrl":"","efiAlt":"","highlights":[]},"yoast_head":"<!-- This site is optimized with the Yoast SEO plugin v20.7 - https:\/\/yoast.com\/wordpress\/plugins\/seo\/ -->\n<title>Bruno Di Carlo: &quot;Todav\u00eda no se recibieron los fondos para artes visuales&quot;<\/title>\n<meta name=\"description\" content=\"Bruno Di Carlo: \u201cTodav\u00eda no se recibieron los fondos para Artes Visuales\u201d, as\u00ed lo dijo el presidente del consejo Escolar\" \/>\n<meta name=\"robots\" content=\"index, follow, max-snippet:-1, max-image-preview:large, max-video-preview:-1\" \/>\n<link rel=\"canonical\" href=\"https:\/\/experienciadevida.com.ar\/portalurbano\/bruno-di-carlo-todavia-no-se-recibieron-los-fondos-para-artes-visuales\/\" \/>\n<meta property=\"og:locale\" content=\"es_ES\" \/>\n<meta property=\"og:type\" content=\"article\" \/>\n<meta property=\"og:title\" content=\"Bruno Di Carlo: &quot;Todav\u00eda no se recibieron los fondos para artes visuales&quot;\" \/>\n<meta property=\"og:description\" content=\"Bruno Di Carlo: \u201cTodav\u00eda no se recibieron los fondos para Artes Visuales\u201d, as\u00ed lo dijo el presidente del consejo Escolar\" \/>\n<meta property=\"og:url\" content=\"https:\/\/experienciadevida.com.ar\/portalurbano\/bruno-di-carlo-todavia-no-se-recibieron-los-fondos-para-artes-visuales\/\" \/>\n<meta property=\"article:publisher\" content=\"https:\/\/www.facebook.com\/Portal-Urbano-171542830093757\/\" \/>\n<meta property=\"article:published_time\" content=\"2022-03-09T19:11:31+00:00\" \/>\n<meta property=\"article:modified_time\" content=\"2022-03-09T19:16:19+00:00\" \/>\n<meta property=\"og:image\" content=\"https:\/\/experienciadevida.com.ar\/portalurbano\/wp-content\/uploads\/2022\/03\/Bruno-Di-Carlo.jpg\" \/>\n\t<meta property=\"og:image:width\" content=\"1024\" \/>\n\t<meta property=\"og:image:height\" content=\"683\" \/>\n\t<meta property=\"og:image:type\" content=\"image\/jpeg\" \/>\n<meta name=\"author\" content=\"admpu17wp\" \/>\n<meta name=\"twitter:card\" content=\"summary_large_image\" \/>\n<meta name=\"twitter:creator\" content=\"@portalurbanook\" \/>\n<meta name=\"twitter:site\" content=\"@portalurbanook\" \/>\n<meta name=\"twitter:label1\" content=\"Escrito por\" \/>\n\t<meta name=\"twitter:data1\" content=\"admpu17wp\" \/>\n\t<meta name=\"twitter:label2\" content=\"Tiempo de lectura\" \/>\n\t<meta name=\"twitter:data2\" content=\"2 minutos\" \/>\n<script type=\"application\/ld+json\" class=\"yoast-schema-graph\">{\"@context\":\"https:\/\/schema.org\",\"@graph\":[{\"@type\":\"Article\",\"@id\":\"https:\/\/experienciadevida.com.ar\/portalurbano\/bruno-di-carlo-todavia-no-se-recibieron-los-fondos-para-artes-visuales\/#article\",\"isPartOf\":{\"@id\":\"https:\/\/experienciadevida.com.ar\/portalurbano\/bruno-di-carlo-todavia-no-se-recibieron-los-fondos-para-artes-visuales\/\"},\"author\":{\"name\":\"admpu17wp\",\"@id\":\"https:\/\/experienciadevida.com.ar\/portalurbano\/#\/schema\/person\/02dd326b1c4b056e9cc972486934a3a7\"},\"headline\":\"Bruno Di Carlo: \u201cTodav\u00eda no se recibieron los fondos para Artes Visuales\u201d\",\"datePublished\":\"2022-03-09T19:11:31+00:00\",\"dateModified\":\"2022-03-09T19:16:19+00:00\",\"mainEntityOfPage\":{\"@id\":\"https:\/\/experienciadevida.com.ar\/portalurbano\/bruno-di-carlo-todavia-no-se-recibieron-los-fondos-para-artes-visuales\/\"},\"wordCount\":272,\"publisher\":{\"@id\":\"https:\/\/experienciadevida.com.ar\/portalurbano\/#organization\"},\"articleSection\":[\"Ciudad\",\"Destacadas 2\"],\"inLanguage\":\"es\"},{\"@type\":\"WebPage\",\"@id\":\"https:\/\/experienciadevida.com.ar\/portalurbano\/bruno-di-carlo-todavia-no-se-recibieron-los-fondos-para-artes-visuales\/\",\"url\":\"https:\/\/experienciadevida.com.ar\/portalurbano\/bruno-di-carlo-todavia-no-se-recibieron-los-fondos-para-artes-visuales\/\",\"name\":\"Bruno Di Carlo: \\\"Todav\u00eda no se recibieron los fondos para artes visuales\\\"\",\"isPartOf\":{\"@id\":\"https:\/\/experienciadevida.com.ar\/portalurbano\/#website\"},\"datePublished\":\"2022-03-09T19:11:31+00:00\",\"dateModified\":\"2022-03-09T19:16:19+00:00\",\"description\":\"Bruno Di Carlo: \u201cTodav\u00eda no se recibieron los fondos para Artes Visuales\u201d, as\u00ed lo dijo el presidente del consejo Escolar\",\"breadcrumb\":{\"@id\":\"https:\/\/experienciadevida.com.ar\/portalurbano\/bruno-di-carlo-todavia-no-se-recibieron-los-fondos-para-artes-visuales\/#breadcrumb\"},\"inLanguage\":\"es\",\"potentialAction\":[{\"@type\":\"ReadAction\",\"target\":[\"https:\/\/experienciadevida.com.ar\/portalurbano\/bruno-di-carlo-todavia-no-se-recibieron-los-fondos-para-artes-visuales\/\"]}]},{\"@type\":\"BreadcrumbList\",\"@id\":\"https:\/\/experienciadevida.com.ar\/portalurbano\/bruno-di-carlo-todavia-no-se-recibieron-los-fondos-para-artes-visuales\/#breadcrumb\",\"itemListElement\":[{\"@type\":\"ListItem\",\"position\":1,\"name\":\"Portada\",\"item\":\"https:\/\/experienciadevida.com.ar\/portalurbano\/\"},{\"@type\":\"ListItem\",\"position\":2,\"name\":\"Bruno Di Carlo: \u201cTodav\u00eda no se recibieron los fondos para Artes Visuales\u201d\"}]},{\"@type\":\"WebSite\",\"@id\":\"https:\/\/experienciadevida.com.ar\/portalurbano\/#website\",\"url\":\"https:\/\/experienciadevida.com.ar\/portalurbano\/\",\"name\":\"\",\"description\":\"\",\"publisher\":{\"@id\":\"https:\/\/experienciadevida.com.ar\/portalurbano\/#organization\"},\"potentialAction\":[{\"@type\":\"SearchAction\",\"target\":{\"@type\":\"EntryPoint\",\"urlTemplate\":\"https:\/\/experienciadevida.com.ar\/portalurbano\/?s={search_term_string}\"},\"query-input\":\"required name=search_term_string\"}],\"inLanguage\":\"es\"},{\"@type\":\"Organization\",\"@id\":\"https:\/\/experienciadevida.com.ar\/portalurbano\/#organization\",\"name\":\"Portal Urbano\",\"url\":\"https:\/\/experienciadevida.com.ar\/portalurbano\/\",\"logo\":{\"@type\":\"ImageObject\",\"inLanguage\":\"es\",\"@id\":\"https:\/\/experienciadevida.com.ar\/portalurbano\/#\/schema\/logo\/image\/\",\"url\":\"https:\/\/experienciadevida.com.ar\/portalurbano\/wp-content\/uploads\/2019\/09\/Logo-Original.png\",\"contentUrl\":\"https:\/\/experienciadevida.com.ar\/portalurbano\/wp-content\/uploads\/2019\/09\/Logo-Original.png\",\"width\":2236,\"height\":1216,\"caption\":\"Portal Urbano\"},\"image\":{\"@id\":\"https:\/\/experienciadevida.com.ar\/portalurbano\/#\/schema\/logo\/image\/\"},\"sameAs\":[\"https:\/\/www.facebook.com\/Portal-Urbano-171542830093757\/\",\"https:\/\/twitter.com\/portalurbanook\",\"https:\/\/www.instagram.com\/_portalurbano\/\",\"https:\/\/www.youtube.com\/channel\/UCXhagIfszH8KxFiOok79zbA?view_as=subscriber\"]},{\"@type\":\"Person\",\"@id\":\"https:\/\/experienciadevida.com.ar\/portalurbano\/#\/schema\/person\/02dd326b1c4b056e9cc972486934a3a7\",\"name\":\"admpu17wp\",\"image\":{\"@type\":\"ImageObject\",\"inLanguage\":\"es\",\"@id\":\"https:\/\/experienciadevida.com.ar\/portalurbano\/#\/schema\/person\/image\/\",\"url\":\"https:\/\/secure.gravatar.com\/avatar\/830d4c57adaae6630765e449a6908047?s=96&d=mm&r=g\",\"contentUrl\":\"https:\/\/secure.gravatar.com\/avatar\/830d4c57adaae6630765e449a6908047?s=96&d=mm&r=g\",\"caption\":\"admpu17wp\"}}]}<\/script>\n<!-- \/ Yoast SEO plugin. -->","yoast_head_json":{"title":"Bruno Di Carlo: \"Todav\u00eda no se recibieron los fondos para artes visuales\"","description":"Bruno Di Carlo: \u201cTodav\u00eda no se recibieron los fondos para Artes Visuales\u201d, as\u00ed lo dijo el presidente del consejo Escolar","robots":{"index":"index","follow":"follow","max-snippet":"max-snippet:-1","max-image-preview":"max-image-preview:large","max-video-preview":"max-video-preview:-1"},"canonical":"https:\/\/experienciadevida.com.ar\/portalurbano\/bruno-di-carlo-todavia-no-se-recibieron-los-fondos-para-artes-visuales\/","og_locale":"es_ES","og_type":"article","og_title":"Bruno Di Carlo: \"Todav\u00eda no se recibieron los fondos para artes visuales\"","og_description":"Bruno Di Carlo: \u201cTodav\u00eda no se recibieron los fondos para Artes Visuales\u201d, as\u00ed lo dijo el presidente del consejo Escolar","og_url":"https:\/\/experienciadevida.com.ar\/portalurbano\/bruno-di-carlo-todavia-no-se-recibieron-los-fondos-para-artes-visuales\/","article_publisher":"https:\/\/www.facebook.com\/Portal-Urbano-171542830093757\/","article_published_time":"2022-03-09T19:11:31+00:00","article_modified_time":"2022-03-09T19:16:19+00:00","og_image":[{"width":1024,"height":683,"url":"https:\/\/experienciadevida.com.ar\/portalurbano\/wp-content\/uploads\/2022\/03\/Bruno-Di-Carlo.jpg","type":"image\/jpeg"}],"author":"admpu17wp","twitter_card":"summary_large_image","twitter_creator":"@portalurbanook","twitter_site":"@portalurbanook","twitter_misc":{"Escrito por":"admpu17wp","Tiempo de lectura":"2 minutos"},"schema":{"@context":"https:\/\/schema.org","@graph":[{"@type":"Article","@id":"https:\/\/experienciadevida.com.ar\/portalurbano\/bruno-di-carlo-todavia-no-se-recibieron-los-fondos-para-artes-visuales\/#article","isPartOf":{"@id":"https:\/\/experienciadevida.com.ar\/portalurbano\/bruno-di-carlo-todavia-no-se-recibieron-los-fondos-para-artes-visuales\/"},"author":{"name":"admpu17wp","@id":"https:\/\/experienciadevida.com.ar\/portalurbano\/#\/schema\/person\/02dd326b1c4b056e9cc972486934a3a7"},"headline":"Bruno Di Carlo: \u201cTodav\u00eda no se recibieron los fondos para Artes Visuales\u201d","datePublished":"2022-03-09T19:11:31+00:00","dateModified":"2022-03-09T19:16:19+00:00","mainEntityOfPage":{"@id":"https:\/\/experienciadevida.com.ar\/portalurbano\/bruno-di-carlo-todavia-no-se-recibieron-los-fondos-para-artes-visuales\/"},"wordCount":272,"publisher":{"@id":"https:\/\/experienciadevida.com.ar\/portalurbano\/#organization"},"articleSection":["Ciudad","Destacadas 2"],"inLanguage":"es"},{"@type":"WebPage","@id":"https:\/\/experienciadevida.com.ar\/portalurbano\/bruno-di-carlo-todavia-no-se-recibieron-los-fondos-para-artes-visuales\/","url":"https:\/\/experienciadevida.com.ar\/portalurbano\/bruno-di-carlo-todavia-no-se-recibieron-los-fondos-para-artes-visuales\/","name":"Bruno Di Carlo: \"Todav\u00eda no se recibieron los fondos para artes visuales\"","isPartOf":{"@id":"https:\/\/experienciadevida.com.ar\/portalurbano\/#website"},"datePublished":"2022-03-09T19:11:31+00:00","dateModified":"2022-03-09T19:16:19+00:00","description":"Bruno Di Carlo: \u201cTodav\u00eda no se recibieron los fondos para Artes Visuales\u201d, as\u00ed lo dijo el presidente del consejo Escolar","breadcrumb":{"@id":"https:\/\/experienciadevida.com.ar\/portalurbano\/bruno-di-carlo-todavia-no-se-recibieron-los-fondos-para-artes-visuales\/#breadcrumb"},"inLanguage":"es","potentialAction":[{"@type":"ReadAction","target":["https:\/\/experienciadevida.com.ar\/portalurbano\/bruno-di-carlo-todavia-no-se-recibieron-los-fondos-para-artes-visuales\/"]}]},{"@type":"BreadcrumbList","@id":"https:\/\/experienciadevida.com.ar\/portalurbano\/bruno-di-carlo-todavia-no-se-recibieron-los-fondos-para-artes-visuales\/#breadcrumb","itemListElement":[{"@type":"ListItem","position":1,"name":"Portada","item":"https:\/\/experienciadevida.com.ar\/portalurbano\/"},{"@type":"ListItem","position":2,"name":"Bruno Di Carlo: \u201cTodav\u00eda no se recibieron los fondos para Artes Visuales\u201d"}]},{"@type":"WebSite","@id":"https:\/\/experienciadevida.com.ar\/portalurbano\/#website","url":"https:\/\/experienciadevida.com.ar\/portalurbano\/","name":"","description":"","publisher":{"@id":"https:\/\/experienciadevida.com.ar\/portalurbano\/#organization"},"potentialAction":[{"@type":"SearchAction","target":{"@type":"EntryPoint","urlTemplate":"https:\/\/experienciadevida.com.ar\/portalurbano\/?s={search_term_string}"},"query-input":"required name=search_term_string"}],"inLanguage":"es"},{"@type":"Organization","@id":"https:\/\/experienciadevida.com.ar\/portalurbano\/#organization","name":"Portal Urbano","url":"https:\/\/experienciadevida.com.ar\/portalurbano\/","logo":{"@type":"ImageObject","inLanguage":"es","@id":"https:\/\/experienciadevida.com.ar\/portalurbano\/#\/schema\/logo\/image\/","url":"https:\/\/experienciadevida.com.ar\/portalurbano\/wp-content\/uploads\/2019\/09\/Logo-Original.png","contentUrl":"https:\/\/experienciadevida.com.ar\/portalurbano\/wp-content\/uploads\/2019\/09\/Logo-Original.png","width":2236,"height":1216,"caption":"Portal Urbano"},"image":{"@id":"https:\/\/experienciadevida.com.ar\/portalurbano\/#\/schema\/logo\/image\/"},"sameAs":["https:\/\/www.facebook.com\/Portal-Urbano-171542830093757\/","https:\/\/twitter.com\/portalurbanook","https:\/\/www.instagram.com\/_portalurbano\/","https:\/\/www.youtube.com\/channel\/UCXhagIfszH8KxFiOok79zbA?view_as=subscriber"]},{"@type":"Person","@id":"https:\/\/experienciadevida.com.ar\/portalurbano\/#\/schema\/person\/02dd326b1c4b056e9cc972486934a3a7","name":"admpu17wp","image":{"@type":"ImageObject","inLanguage":"es","@id":"https:\/\/experienciadevida.com.ar\/portalurbano\/#\/schema\/person\/image\/","url":"https:\/\/secure.gravatar.com\/avatar\/830d4c57adaae6630765e449a6908047?s=96&d=mm&r=g","contentUrl":"https:\/\/secure.gravatar.com\/avatar\/830d4c57adaae6630765e449a6908047?s=96&d=mm&r=g","caption":"admpu17wp"}}]}},"featured_image_urls":{"full":["https:\/\/experienciadevida.com.ar\/portalurbano\/wp-content\/uploads\/2022\/03\/Bruno-Di-Carlo.jpg",1024,683,false],"thumbnail":["https:\/\/experienciadevida.com.ar\/portalurbano\/wp-content\/uploads\/2022\/03\/Bruno-Di-Carlo-150x150.jpg",150,150,true],"medium":["https:\/\/experienciadevida.com.ar\/portalurbano\/wp-content\/uploads\/2022\/03\/Bruno-Di-Carlo-300x200.jpg",300,200,true],"medium_large":["https:\/\/experienciadevida.com.ar\/portalurbano\/wp-content\/uploads\/2022\/03\/Bruno-Di-Carlo-768x512.jpg",640,427,true],"large":["https:\/\/experienciadevida.com.ar\/portalurbano\/wp-content\/uploads\/2022\/03\/Bruno-Di-Carlo.jpg",640,427,false],"ug_big":["https:\/\/experienciadevida.com.ar\/portalurbano\/wp-content\/uploads\/2022\/03\/Bruno-Di-Carlo-768x512.jpg",768,512,true],"1536x1536":["https:\/\/experienciadevida.com.ar\/portalurbano\/wp-content\/uploads\/2022\/03\/Bruno-Di-Carlo.jpg",1024,683,false],"2048x2048":["https:\/\/experienciadevida.com.ar\/portalurbano\/wp-content\/uploads\/2022\/03\/Bruno-Di-Carlo.jpg",1024,683,false],"newsever-slider-full":["https:\/\/experienciadevida.com.ar\/portalurbano\/wp-content\/uploads\/2022\/03\/Bruno-Di-Carlo.jpg",1024,683,false],"newsever-featured":["https:\/\/experienciadevida.com.ar\/portalurbano\/wp-content\/uploads\/2022\/03\/Bruno-Di-Carlo.jpg",1024,683,false],"newsever-medium":["https:\/\/experienciadevida.com.ar\/portalurbano\/wp-content\/uploads\/2022\/03\/Bruno-Di-Carlo.jpg",712,475,false],"web-stories-poster-portrait":["https:\/\/experienciadevida.com.ar\/portalurbano\/wp-content\/uploads\/2022\/03\/Bruno-Di-Carlo.jpg",640,427,false],"web-stories-publisher-logo":["https:\/\/experienciadevida.com.ar\/portalurbano\/wp-content\/uploads\/2022\/03\/Bruno-Di-Carlo.jpg",96,64,false],"web-stories-thumbnail":["https:\/\/experienciadevida.com.ar\/portalurbano\/wp-content\/uploads\/2022\/03\/Bruno-Di-Carlo.jpg",150,100,false]},"author_info":{"display_name":"admpu17wp","author_link":"https:\/\/experienciadevida.com.ar\/portalurbano\/author\/admpu17wp\/"},"category_info":"<a href=\"https:\/\/experienciadevida.com.ar\/portalurbano\/category\/ciudad\/\" rel=\"category tag\">Ciudad<\/a> <a href=\"https:\/\/experienciadevida.com.ar\/portalurbano\/category\/destacadas-2\/\" rel=\"category tag\">Destacadas 2<\/a>","tag_info":"Destacadas 2","comment_count":"0","amp_enabled":true,"_links":{"self":[{"href":"https:\/\/experienciadevida.com.ar\/portalurbano\/wp-json\/wp\/v2\/posts\/163231"}],"collection":[{"href":"https:\/\/experienciadevida.com.ar\/portalurbano\/wp-json\/wp\/v2\/posts"}],"about":[{"href":"https:\/\/experienciadevida.com.ar\/portalurbano\/wp-json\/wp\/v2\/types\/post"}],"author":[{"embeddable":true,"href":"https:\/\/experienciadevida.com.ar\/portalurbano\/wp-json\/wp\/v2\/users\/1"}],"replies":[{"embeddable":true,"href":"https:\/\/experienciadevida.com.ar\/portalurbano\/wp-json\/wp\/v2\/comments?post=163231"}],"version-history":[{"count":3,"href":"https:\/\/experienciadevida.com.ar\/portalurbano\/wp-json\/wp\/v2\/posts\/163231\/revisions"}],"predecessor-version":[{"id":163236,"href":"https:\/\/experienciadevida.com.ar\/portalurbano\/wp-json\/wp\/v2\/posts\/163231\/revisions\/163236"}],"wp:featuredmedia":[{"embeddable":true,"href":"https:\/\/experienciadevida.com.ar\/portalurbano\/wp-json\/wp\/v2\/media\/163233"}],"wp:attachment":[{"href":"https:\/\/experienciadevida.com.ar\/portalurbano\/wp-json\/wp\/v2\/media?parent=163231"}],"wp:term":[{"taxonomy":"category","embeddable":true,"href":"https:\/\/experienciadevida.com.ar\/portalurbano\/wp-json\/wp\/v2\/categories?post=163231"},{"taxonomy":"post_tag","embeddable":true,"href":"https:\/\/experienciadevida.com.ar\/portalurbano\/wp-json\/wp\/v2\/tags?post=163231"}],"curies":[{"name":"wp","href":"https:\/\/api.w.org\/{rel}","templated":true}]}}