{"id":163210,"date":"2022-03-09T10:29:08","date_gmt":"2022-03-09T13:29:08","guid":{"rendered":"https:\/\/experienciadevida.com.ar\/portalurbano\/?p=163210"},"modified":"2022-03-09T10:30:24","modified_gmt":"2022-03-09T13:30:24","slug":"se-oficializo-la-nomina-de-mujeres-que-seran-reconocidas-en-la-xi-edicion-de-los-premios-dina-pontoni","status":"publish","type":"post","link":"https:\/\/experienciadevida.com.ar\/portalurbano\/se-oficializo-la-nomina-de-mujeres-que-seran-reconocidas-en-la-xi-edicion-de-los-premios-dina-pontoni\/","title":{"rendered":"Se oficializ\u00f3 la n\u00f3mina de mujeres que ser\u00e1n reconocidas en la XI edici\u00f3n de los Premios Dina Pontoni"},"content":{"rendered":"<p>Se oficializ\u00f3 la n\u00f3mina de mujeres que ser\u00e1n reconocidas en la XI edici\u00f3n de los Premios Dina Pontoni, el acto oficial tendr\u00e1 lugar este viernes a las 20 horas en el Teatro Municipal. Fueron invitados el Intendente Ezequiel Galli y funcionarios de su gabinete.<\/p>\n<p><a href=\"https:\/\/experienciadevida.com.ar\/portalurbano\/se-oficializo-la-nomina-de-mujeres-que-seran-reconocidas-en-la-xi-edicion-de-los-premios-dina-pontoni\/se-oficializo\/\" rel=\"attachment wp-att-163212\"><img decoding=\"async\" class=\"alignnone size-full wp-image-163212\" src=\"https:\/\/experienciadevida.com.ar\/portalurbano\/wp-content\/uploads\/2022\/03\/Se-oficializo.jpg\" alt=\"Se oficializ\u00f3 \" width=\"944\" height=\"506\" srcset=\"https:\/\/experienciadevida.com.ar\/portalurbano\/wp-content\/uploads\/2022\/03\/Se-oficializo.jpg 944w, https:\/\/experienciadevida.com.ar\/portalurbano\/wp-content\/uploads\/2022\/03\/Se-oficializo-300x161.jpg 300w, https:\/\/experienciadevida.com.ar\/portalurbano\/wp-content\/uploads\/2022\/03\/Se-oficializo-768x412.jpg 768w\" sizes=\"(max-width: 944px) 100vw, 944px\" \/><\/a><\/p>\n<p>La Presidente del Honorable Concejo Deliberante, Cecilia <a href=\"https:\/\/www.instagram.com\/ceciliakrivochen\/?hl=es-la\">Krivochen<\/a>, junto a la presidenta de la Comisi\u00f3n de G\u00e9nero y Diversidad, In\u00e9s Creimer dieron a conocer este mi\u00e9rcoles los nombres de las mujeres elegidas por su Compromiso en distintos \u00e1mbitos sociales de Olavarr\u00eda.<\/p>\n<p>Tanto Krivochen como Creimer encabezaron una reuni\u00f3n de la Comisi\u00f3n de G\u00e9nero y Diversidad encargada de definir la n\u00f3mina de reconocimientos.<\/p>\n<p>Los Reconocimientos al Compromiso se entregan cada a\u00f1o en el marco del Acto Oficial por el D\u00eda Internacional de la Mujer que este a\u00f1o se llevar\u00e1 a cabo este viernes 11 de marzo, desde las 20 horas en el Teatro Municipal, en el marco XI Edici\u00f3n del Premio Dina Pontoni y el Premio Florentina G\u00f3mez Miranda, tal como lo establecen la Ordenanzas 4560\/20 y 4561\/20.}<\/p>\n<p>Adem\u00e1s, durante el Acto Oficial se dar\u00e1 a conocer a las ganadoras del proyecto colectivo de trabajo que se llevar\u00e1 el Premio Florentina G\u00f3mez Miranda.<\/p>\n<p>En cada \u00e1mbito, las reconocidas son:<\/p>\n<p>Compromiso con el Desarrollo socio comunitario: Lilian Noem\u00ed Vera Toledo.<br \/>\nCompromiso con el Arte y la Cultura: Laura Tropea.<br \/>\nCompromiso con la Educaci\u00f3n, la Ciencia y la Tecnolog\u00eda: Viviana F\u00e1tima Rahhal.<br \/>\nCompromiso con el Derecho a la Informaci\u00f3n y Comunicaci\u00f3n: Melisa Mc Donald.<br \/>\nCompromiso con el Deporte: Lorena Edith Agoutborde.<br \/>\nCompromiso con la vida espiritual y religiosa: Silvina Barili.<br \/>\nCompromiso con el Comercio: Nidia Vales.<br \/>\nCompromiso con el Campo y la vida rural: Marta Noem\u00ed Sald\u00edas.<br \/>\nCompromiso con la Salud: Mar\u00eda del Carmen Weis.<br \/>\nCompromiso con la lucha por la Igualdad y Equidad de G\u00e9nero: Mar\u00eda Florencia Caro.<\/p>\n<p>La presidente del Concejo Deliberante, concejal Cecilia Krivochen record\u00f3 \u201centre las personas reconocidas en estas categor\u00edas y a su vez el Premio Florentina G\u00f3mez Miranda, se van a elegir a dos personas que tambi\u00e9n van a tener un reconocimiento econ\u00f3mico que el Concejo Deliberante estipul\u00f3 en dos salarios de la categor\u00eda ingresante de los trabajadores municipales, as\u00ed que esto tambi\u00e9n es un aliciente para seguir trabajando con la comunidad. Muchas mujeres le ponen el hombro y el coraz\u00f3n al trabajo comunitario\u201d.<\/p>\n<p>Por su parte la presidenta de la Comisi\u00f3n de G\u00e9nero y Diversidad, concejala In\u00e9s Creimer destac\u00f3 que \u201cen la sociedad hay muchas mujeres que dejan su impronta con su actividad, sus ideas, su trabajo. Consideramos al mes de Marzo como la oportunidad de reflexionar, visibilizar y poner en valor el aporte de ellas a la comunidad\u201d.<\/p>\n<p>&nbsp;<\/p>\n","protected":false},"excerpt":{"rendered":"<p>Se oficializ\u00f3 la n\u00f3mina de mujeres que ser\u00e1n reconocidas en la XI edici\u00f3n de los&#8230;<\/p>\n","protected":false},"author":1,"featured_media":163211,"comment_status":"closed","ping_status":"closed","sticky":false,"template":"","format":"standard","meta":{"content-type":""},"categories":[27],"tags":[],"nelio_content":{"isAutoShareEnabled":false,"autoShareEndMode":"default","automationSources":{"useContentSentences":true,"useSocialTemplates":true,"useCustomSentences":false,"customSentences":[]},"followers":[1],"suggestedReferences":[],"includedReferences":["https:\/\/www.instagram.com\/ceciliakrivochen\/?hl=es-la"],"efiUrl":"","efiAlt":"","highlights":[]},"yoast_head":"<!-- This site is optimized with the Yoast SEO plugin v20.7 - https:\/\/yoast.com\/wordpress\/plugins\/seo\/ -->\n<title>Se oficializ\u00f3 la n\u00f3mina de mujeres que ser\u00e1n reconocidas<\/title>\n<meta name=\"description\" content=\"Se oficializ\u00f3 la n\u00f3mina de mujeres que ser\u00e1n reconocidas en la XI edici\u00f3n de los Premios Dina Pontoni, el acto oficial ser\u00e1 este viernes\" \/>\n<meta name=\"robots\" content=\"index, follow, max-snippet:-1, max-image-preview:large, max-video-preview:-1\" \/>\n<link rel=\"canonical\" href=\"https:\/\/experienciadevida.com.ar\/portalurbano\/se-oficializo-la-nomina-de-mujeres-que-seran-reconocidas-en-la-xi-edicion-de-los-premios-dina-pontoni\/\" \/>\n<meta property=\"og:locale\" content=\"es_ES\" \/>\n<meta property=\"og:type\" content=\"article\" \/>\n<meta property=\"og:title\" content=\"Se oficializ\u00f3 la n\u00f3mina de mujeres que ser\u00e1n reconocidas\" \/>\n<meta property=\"og:description\" content=\"Se oficializ\u00f3 la n\u00f3mina de mujeres que ser\u00e1n reconocidas en la XI edici\u00f3n de los Premios Dina Pontoni, el acto oficial ser\u00e1 este viernes\" \/>\n<meta property=\"og:url\" content=\"https:\/\/experienciadevida.com.ar\/portalurbano\/se-oficializo-la-nomina-de-mujeres-que-seran-reconocidas-en-la-xi-edicion-de-los-premios-dina-pontoni\/\" \/>\n<meta property=\"article:publisher\" content=\"https:\/\/www.facebook.com\/Portal-Urbano-171542830093757\/\" \/>\n<meta property=\"article:published_time\" content=\"2022-03-09T13:29:08+00:00\" \/>\n<meta property=\"article:modified_time\" content=\"2022-03-09T13:30:24+00:00\" \/>\n<meta property=\"og:image\" content=\"https:\/\/experienciadevida.com.ar\/portalurbano\/wp-content\/uploads\/2022\/03\/Se-oficializo-la-nomina.jpg\" \/>\n\t<meta property=\"og:image:width\" content=\"989\" \/>\n\t<meta property=\"og:image:height\" content=\"537\" \/>\n\t<meta property=\"og:image:type\" content=\"image\/jpeg\" \/>\n<meta name=\"author\" content=\"admpu17wp\" \/>\n<meta name=\"twitter:card\" content=\"summary_large_image\" \/>\n<meta name=\"twitter:creator\" content=\"@portalurbanook\" \/>\n<meta name=\"twitter:site\" content=\"@portalurbanook\" \/>\n<meta name=\"twitter:label1\" content=\"Escrito por\" \/>\n\t<meta name=\"twitter:data1\" content=\"admpu17wp\" \/>\n\t<meta name=\"twitter:label2\" content=\"Tiempo de lectura\" \/>\n\t<meta name=\"twitter:data2\" content=\"3 minutos\" \/>\n<script type=\"application\/ld+json\" class=\"yoast-schema-graph\">{\"@context\":\"https:\/\/schema.org\",\"@graph\":[{\"@type\":\"Article\",\"@id\":\"https:\/\/experienciadevida.com.ar\/portalurbano\/se-oficializo-la-nomina-de-mujeres-que-seran-reconocidas-en-la-xi-edicion-de-los-premios-dina-pontoni\/#article\",\"isPartOf\":{\"@id\":\"https:\/\/experienciadevida.com.ar\/portalurbano\/se-oficializo-la-nomina-de-mujeres-que-seran-reconocidas-en-la-xi-edicion-de-los-premios-dina-pontoni\/\"},\"author\":{\"name\":\"admpu17wp\",\"@id\":\"https:\/\/experienciadevida.com.ar\/portalurbano\/#\/schema\/person\/02dd326b1c4b056e9cc972486934a3a7\"},\"headline\":\"Se oficializ\u00f3 la n\u00f3mina de mujeres que ser\u00e1n reconocidas en la XI edici\u00f3n de los Premios Dina Pontoni\",\"datePublished\":\"2022-03-09T13:29:08+00:00\",\"dateModified\":\"2022-03-09T13:30:24+00:00\",\"mainEntityOfPage\":{\"@id\":\"https:\/\/experienciadevida.com.ar\/portalurbano\/se-oficializo-la-nomina-de-mujeres-que-seran-reconocidas-en-la-xi-edicion-de-los-premios-dina-pontoni\/\"},\"wordCount\":492,\"publisher\":{\"@id\":\"https:\/\/experienciadevida.com.ar\/portalurbano\/#organization\"},\"articleSection\":[\"Ciudad\"],\"inLanguage\":\"es\"},{\"@type\":\"WebPage\",\"@id\":\"https:\/\/experienciadevida.com.ar\/portalurbano\/se-oficializo-la-nomina-de-mujeres-que-seran-reconocidas-en-la-xi-edicion-de-los-premios-dina-pontoni\/\",\"url\":\"https:\/\/experienciadevida.com.ar\/portalurbano\/se-oficializo-la-nomina-de-mujeres-que-seran-reconocidas-en-la-xi-edicion-de-los-premios-dina-pontoni\/\",\"name\":\"Se oficializ\u00f3 la n\u00f3mina de mujeres que ser\u00e1n reconocidas\",\"isPartOf\":{\"@id\":\"https:\/\/experienciadevida.com.ar\/portalurbano\/#website\"},\"datePublished\":\"2022-03-09T13:29:08+00:00\",\"dateModified\":\"2022-03-09T13:30:24+00:00\",\"description\":\"Se oficializ\u00f3 la n\u00f3mina de mujeres que ser\u00e1n reconocidas en la XI edici\u00f3n de los Premios Dina Pontoni, el acto oficial ser\u00e1 este viernes\",\"breadcrumb\":{\"@id\":\"https:\/\/experienciadevida.com.ar\/portalurbano\/se-oficializo-la-nomina-de-mujeres-que-seran-reconocidas-en-la-xi-edicion-de-los-premios-dina-pontoni\/#breadcrumb\"},\"inLanguage\":\"es\",\"potentialAction\":[{\"@type\":\"ReadAction\",\"target\":[\"https:\/\/experienciadevida.com.ar\/portalurbano\/se-oficializo-la-nomina-de-mujeres-que-seran-reconocidas-en-la-xi-edicion-de-los-premios-dina-pontoni\/\"]}]},{\"@type\":\"BreadcrumbList\",\"@id\":\"https:\/\/experienciadevida.com.ar\/portalurbano\/se-oficializo-la-nomina-de-mujeres-que-seran-reconocidas-en-la-xi-edicion-de-los-premios-dina-pontoni\/#breadcrumb\",\"itemListElement\":[{\"@type\":\"ListItem\",\"position\":1,\"name\":\"Portada\",\"item\":\"https:\/\/experienciadevida.com.ar\/portalurbano\/\"},{\"@type\":\"ListItem\",\"position\":2,\"name\":\"Se oficializ\u00f3 la n\u00f3mina de mujeres que ser\u00e1n reconocidas en la XI edici\u00f3n de los Premios Dina Pontoni\"}]},{\"@type\":\"WebSite\",\"@id\":\"https:\/\/experienciadevida.com.ar\/portalurbano\/#website\",\"url\":\"https:\/\/experienciadevida.com.ar\/portalurbano\/\",\"name\":\"\",\"description\":\"\",\"publisher\":{\"@id\":\"https:\/\/experienciadevida.com.ar\/portalurbano\/#organization\"},\"potentialAction\":[{\"@type\":\"SearchAction\",\"target\":{\"@type\":\"EntryPoint\",\"urlTemplate\":\"https:\/\/experienciadevida.com.ar\/portalurbano\/?s={search_term_string}\"},\"query-input\":\"required name=search_term_string\"}],\"inLanguage\":\"es\"},{\"@type\":\"Organization\",\"@id\":\"https:\/\/experienciadevida.com.ar\/portalurbano\/#organization\",\"name\":\"Portal Urbano\",\"url\":\"https:\/\/experienciadevida.com.ar\/portalurbano\/\",\"logo\":{\"@type\":\"ImageObject\",\"inLanguage\":\"es\",\"@id\":\"https:\/\/experienciadevida.com.ar\/portalurbano\/#\/schema\/logo\/image\/\",\"url\":\"https:\/\/experienciadevida.com.ar\/portalurbano\/wp-content\/uploads\/2019\/09\/Logo-Original.png\",\"contentUrl\":\"https:\/\/experienciadevida.com.ar\/portalurbano\/wp-content\/uploads\/2019\/09\/Logo-Original.png\",\"width\":2236,\"height\":1216,\"caption\":\"Portal Urbano\"},\"image\":{\"@id\":\"https:\/\/experienciadevida.com.ar\/portalurbano\/#\/schema\/logo\/image\/\"},\"sameAs\":[\"https:\/\/www.facebook.com\/Portal-Urbano-171542830093757\/\",\"https:\/\/twitter.com\/portalurbanook\",\"https:\/\/www.instagram.com\/_portalurbano\/\",\"https:\/\/www.youtube.com\/channel\/UCXhagIfszH8KxFiOok79zbA?view_as=subscriber\"]},{\"@type\":\"Person\",\"@id\":\"https:\/\/experienciadevida.com.ar\/portalurbano\/#\/schema\/person\/02dd326b1c4b056e9cc972486934a3a7\",\"name\":\"admpu17wp\",\"image\":{\"@type\":\"ImageObject\",\"inLanguage\":\"es\",\"@id\":\"https:\/\/experienciadevida.com.ar\/portalurbano\/#\/schema\/person\/image\/\",\"url\":\"https:\/\/secure.gravatar.com\/avatar\/830d4c57adaae6630765e449a6908047?s=96&d=mm&r=g\",\"contentUrl\":\"https:\/\/secure.gravatar.com\/avatar\/830d4c57adaae6630765e449a6908047?s=96&d=mm&r=g\",\"caption\":\"admpu17wp\"}}]}<\/script>\n<!-- \/ Yoast SEO plugin. -->","yoast_head_json":{"title":"Se oficializ\u00f3 la n\u00f3mina de mujeres que ser\u00e1n reconocidas","description":"Se oficializ\u00f3 la n\u00f3mina de mujeres que ser\u00e1n reconocidas en la XI edici\u00f3n de los Premios Dina Pontoni, el acto oficial ser\u00e1 este viernes","robots":{"index":"index","follow":"follow","max-snippet":"max-snippet:-1","max-image-preview":"max-image-preview:large","max-video-preview":"max-video-preview:-1"},"canonical":"https:\/\/experienciadevida.com.ar\/portalurbano\/se-oficializo-la-nomina-de-mujeres-que-seran-reconocidas-en-la-xi-edicion-de-los-premios-dina-pontoni\/","og_locale":"es_ES","og_type":"article","og_title":"Se oficializ\u00f3 la n\u00f3mina de mujeres que ser\u00e1n reconocidas","og_description":"Se oficializ\u00f3 la n\u00f3mina de mujeres que ser\u00e1n reconocidas en la XI edici\u00f3n de los Premios Dina Pontoni, el acto oficial ser\u00e1 este viernes","og_url":"https:\/\/experienciadevida.com.ar\/portalurbano\/se-oficializo-la-nomina-de-mujeres-que-seran-reconocidas-en-la-xi-edicion-de-los-premios-dina-pontoni\/","article_publisher":"https:\/\/www.facebook.com\/Portal-Urbano-171542830093757\/","article_published_time":"2022-03-09T13:29:08+00:00","article_modified_time":"2022-03-09T13:30:24+00:00","og_image":[{"width":989,"height":537,"url":"https:\/\/experienciadevida.com.ar\/portalurbano\/wp-content\/uploads\/2022\/03\/Se-oficializo-la-nomina.jpg","type":"image\/jpeg"}],"author":"admpu17wp","twitter_card":"summary_large_image","twitter_creator":"@portalurbanook","twitter_site":"@portalurbanook","twitter_misc":{"Escrito por":"admpu17wp","Tiempo de lectura":"3 minutos"},"schema":{"@context":"https:\/\/schema.org","@graph":[{"@type":"Article","@id":"https:\/\/experienciadevida.com.ar\/portalurbano\/se-oficializo-la-nomina-de-mujeres-que-seran-reconocidas-en-la-xi-edicion-de-los-premios-dina-pontoni\/#article","isPartOf":{"@id":"https:\/\/experienciadevida.com.ar\/portalurbano\/se-oficializo-la-nomina-de-mujeres-que-seran-reconocidas-en-la-xi-edicion-de-los-premios-dina-pontoni\/"},"author":{"name":"admpu17wp","@id":"https:\/\/experienciadevida.com.ar\/portalurbano\/#\/schema\/person\/02dd326b1c4b056e9cc972486934a3a7"},"headline":"Se oficializ\u00f3 la n\u00f3mina de mujeres que ser\u00e1n reconocidas en la XI edici\u00f3n de los Premios Dina Pontoni","datePublished":"2022-03-09T13:29:08+00:00","dateModified":"2022-03-09T13:30:24+00:00","mainEntityOfPage":{"@id":"https:\/\/experienciadevida.com.ar\/portalurbano\/se-oficializo-la-nomina-de-mujeres-que-seran-reconocidas-en-la-xi-edicion-de-los-premios-dina-pontoni\/"},"wordCount":492,"publisher":{"@id":"https:\/\/experienciadevida.com.ar\/portalurbano\/#organization"},"articleSection":["Ciudad"],"inLanguage":"es"},{"@type":"WebPage","@id":"https:\/\/experienciadevida.com.ar\/portalurbano\/se-oficializo-la-nomina-de-mujeres-que-seran-reconocidas-en-la-xi-edicion-de-los-premios-dina-pontoni\/","url":"https:\/\/experienciadevida.com.ar\/portalurbano\/se-oficializo-la-nomina-de-mujeres-que-seran-reconocidas-en-la-xi-edicion-de-los-premios-dina-pontoni\/","name":"Se oficializ\u00f3 la n\u00f3mina de mujeres que ser\u00e1n reconocidas","isPartOf":{"@id":"https:\/\/experienciadevida.com.ar\/portalurbano\/#website"},"datePublished":"2022-03-09T13:29:08+00:00","dateModified":"2022-03-09T13:30:24+00:00","description":"Se oficializ\u00f3 la n\u00f3mina de mujeres que ser\u00e1n reconocidas en la XI edici\u00f3n de los Premios Dina Pontoni, el acto oficial ser\u00e1 este viernes","breadcrumb":{"@id":"https:\/\/experienciadevida.com.ar\/portalurbano\/se-oficializo-la-nomina-de-mujeres-que-seran-reconocidas-en-la-xi-edicion-de-los-premios-dina-pontoni\/#breadcrumb"},"inLanguage":"es","potentialAction":[{"@type":"ReadAction","target":["https:\/\/experienciadevida.com.ar\/portalurbano\/se-oficializo-la-nomina-de-mujeres-que-seran-reconocidas-en-la-xi-edicion-de-los-premios-dina-pontoni\/"]}]},{"@type":"BreadcrumbList","@id":"https:\/\/experienciadevida.com.ar\/portalurbano\/se-oficializo-la-nomina-de-mujeres-que-seran-reconocidas-en-la-xi-edicion-de-los-premios-dina-pontoni\/#breadcrumb","itemListElement":[{"@type":"ListItem","position":1,"name":"Portada","item":"https:\/\/experienciadevida.com.ar\/portalurbano\/"},{"@type":"ListItem","position":2,"name":"Se oficializ\u00f3 la n\u00f3mina de mujeres que ser\u00e1n reconocidas en la XI edici\u00f3n de los Premios Dina Pontoni"}]},{"@type":"WebSite","@id":"https:\/\/experienciadevida.com.ar\/portalurbano\/#website","url":"https:\/\/experienciadevida.com.ar\/portalurbano\/","name":"","description":"","publisher":{"@id":"https:\/\/experienciadevida.com.ar\/portalurbano\/#organization"},"potentialAction":[{"@type":"SearchAction","target":{"@type":"EntryPoint","urlTemplate":"https:\/\/experienciadevida.com.ar\/portalurbano\/?s={search_term_string}"},"query-input":"required name=search_term_string"}],"inLanguage":"es"},{"@type":"Organization","@id":"https:\/\/experienciadevida.com.ar\/portalurbano\/#organization","name":"Portal Urbano","url":"https:\/\/experienciadevida.com.ar\/portalurbano\/","logo":{"@type":"ImageObject","inLanguage":"es","@id":"https:\/\/experienciadevida.com.ar\/portalurbano\/#\/schema\/logo\/image\/","url":"https:\/\/experienciadevida.com.ar\/portalurbano\/wp-content\/uploads\/2019\/09\/Logo-Original.png","contentUrl":"https:\/\/experienciadevida.com.ar\/portalurbano\/wp-content\/uploads\/2019\/09\/Logo-Original.png","width":2236,"height":1216,"caption":"Portal Urbano"},"image":{"@id":"https:\/\/experienciadevida.com.ar\/portalurbano\/#\/schema\/logo\/image\/"},"sameAs":["https:\/\/www.facebook.com\/Portal-Urbano-171542830093757\/","https:\/\/twitter.com\/portalurbanook","https:\/\/www.instagram.com\/_portalurbano\/","https:\/\/www.youtube.com\/channel\/UCXhagIfszH8KxFiOok79zbA?view_as=subscriber"]},{"@type":"Person","@id":"https:\/\/experienciadevida.com.ar\/portalurbano\/#\/schema\/person\/02dd326b1c4b056e9cc972486934a3a7","name":"admpu17wp","image":{"@type":"ImageObject","inLanguage":"es","@id":"https:\/\/experienciadevida.com.ar\/portalurbano\/#\/schema\/person\/image\/","url":"https:\/\/secure.gravatar.com\/avatar\/830d4c57adaae6630765e449a6908047?s=96&d=mm&r=g","contentUrl":"https:\/\/secure.gravatar.com\/avatar\/830d4c57adaae6630765e449a6908047?s=96&d=mm&r=g","caption":"admpu17wp"}}]}},"featured_image_urls":{"full":["https:\/\/experienciadevida.com.ar\/portalurbano\/wp-content\/uploads\/2022\/03\/Se-oficializo-la-nomina.jpg",989,537,false],"thumbnail":["https:\/\/experienciadevida.com.ar\/portalurbano\/wp-content\/uploads\/2022\/03\/Se-oficializo-la-nomina-150x150.jpg",150,150,true],"medium":["https:\/\/experienciadevida.com.ar\/portalurbano\/wp-content\/uploads\/2022\/03\/Se-oficializo-la-nomina-300x163.jpg",300,163,true],"medium_large":["https:\/\/experienciadevida.com.ar\/portalurbano\/wp-content\/uploads\/2022\/03\/Se-oficializo-la-nomina-768x417.jpg",640,348,true],"large":["https:\/\/experienciadevida.com.ar\/portalurbano\/wp-content\/uploads\/2022\/03\/Se-oficializo-la-nomina.jpg",640,348,false],"ug_big":["https:\/\/experienciadevida.com.ar\/portalurbano\/wp-content\/uploads\/2022\/03\/Se-oficializo-la-nomina-768x417.jpg",768,417,true],"1536x1536":["https:\/\/experienciadevida.com.ar\/portalurbano\/wp-content\/uploads\/2022\/03\/Se-oficializo-la-nomina.jpg",989,537,false],"2048x2048":["https:\/\/experienciadevida.com.ar\/portalurbano\/wp-content\/uploads\/2022\/03\/Se-oficializo-la-nomina.jpg",989,537,false],"newsever-slider-full":["https:\/\/experienciadevida.com.ar\/portalurbano\/wp-content\/uploads\/2022\/03\/Se-oficializo-la-nomina.jpg",989,537,false],"newsever-featured":["https:\/\/experienciadevida.com.ar\/portalurbano\/wp-content\/uploads\/2022\/03\/Se-oficializo-la-nomina.jpg",989,537,false],"newsever-medium":["https:\/\/experienciadevida.com.ar\/portalurbano\/wp-content\/uploads\/2022\/03\/Se-oficializo-la-nomina.jpg",720,391,false],"web-stories-poster-portrait":["https:\/\/experienciadevida.com.ar\/portalurbano\/wp-content\/uploads\/2022\/03\/Se-oficializo-la-nomina.jpg",640,348,false],"web-stories-publisher-logo":["https:\/\/experienciadevida.com.ar\/portalurbano\/wp-content\/uploads\/2022\/03\/Se-oficializo-la-nomina.jpg",96,52,false],"web-stories-thumbnail":["https:\/\/experienciadevida.com.ar\/portalurbano\/wp-content\/uploads\/2022\/03\/Se-oficializo-la-nomina.jpg",150,81,false]},"author_info":{"display_name":"admpu17wp","author_link":"https:\/\/experienciadevida.com.ar\/portalurbano\/author\/admpu17wp\/"},"category_info":"<a href=\"https:\/\/experienciadevida.com.ar\/portalurbano\/category\/ciudad\/\" rel=\"category tag\">Ciudad<\/a>","tag_info":"Ciudad","comment_count":"0","amp_enabled":true,"_links":{"self":[{"href":"https:\/\/experienciadevida.com.ar\/portalurbano\/wp-json\/wp\/v2\/posts\/163210"}],"collection":[{"href":"https:\/\/experienciadevida.com.ar\/portalurbano\/wp-json\/wp\/v2\/posts"}],"about":[{"href":"https:\/\/experienciadevida.com.ar\/portalurbano\/wp-json\/wp\/v2\/types\/post"}],"author":[{"embeddable":true,"href":"https:\/\/experienciadevida.com.ar\/portalurbano\/wp-json\/wp\/v2\/users\/1"}],"replies":[{"embeddable":true,"href":"https:\/\/experienciadevida.com.ar\/portalurbano\/wp-json\/wp\/v2\/comments?post=163210"}],"version-history":[{"count":2,"href":"https:\/\/experienciadevida.com.ar\/portalurbano\/wp-json\/wp\/v2\/posts\/163210\/revisions"}],"predecessor-version":[{"id":163214,"href":"https:\/\/experienciadevida.com.ar\/portalurbano\/wp-json\/wp\/v2\/posts\/163210\/revisions\/163214"}],"wp:featuredmedia":[{"embeddable":true,"href":"https:\/\/experienciadevida.com.ar\/portalurbano\/wp-json\/wp\/v2\/media\/163211"}],"wp:attachment":[{"href":"https:\/\/experienciadevida.com.ar\/portalurbano\/wp-json\/wp\/v2\/media?parent=163210"}],"wp:term":[{"taxonomy":"category","embeddable":true,"href":"https:\/\/experienciadevida.com.ar\/portalurbano\/wp-json\/wp\/v2\/categories?post=163210"},{"taxonomy":"post_tag","embeddable":true,"href":"https:\/\/experienciadevida.com.ar\/portalurbano\/wp-json\/wp\/v2\/tags?post=163210"}],"curies":[{"name":"wp","href":"https:\/\/api.w.org\/{rel}","templated":true}]}}