{"id":163208,"date":"2022-03-09T10:09:06","date_gmt":"2022-03-09T13:09:06","guid":{"rendered":"https:\/\/experienciadevida.com.ar\/portalurbano\/?p=163208"},"modified":"2022-03-09T10:09:06","modified_gmt":"2022-03-09T13:09:06","slug":"ines-creimer-sobre-el-8m-aca-cada-cual-tiene-que-aportar-lo-suyo-nadie-puede-mirar-para-otro-lado","status":"publish","type":"post","link":"https:\/\/experienciadevida.com.ar\/portalurbano\/ines-creimer-sobre-el-8m-aca-cada-cual-tiene-que-aportar-lo-suyo-nadie-puede-mirar-para-otro-lado\/","title":{"rendered":"In\u00e9s Creimer sobre el 8M: \u201cAc\u00e1 cada cual tiene que aportar lo suyo, nadie puede mirar para otro lado\u201d"},"content":{"rendered":"<p><a href=\"https:\/\/www.facebook.com\/ines.creimer\">In\u00e9s Creimer<\/a> sobre el 8M: \u201cAc\u00e1 cada cual tiene que aportar lo suyo, nadie puede mirar para otro lado\u201d, la concejal del <a href=\"https:\/\/www.facebook.com\/Foroolavarria\">Foro Olavarr\u00eda<\/a> &#8211; Frente Renovador y presidenta de la Comisi\u00f3n de G\u00e9nero y Diversidad del Concejo Deliberante comparti\u00f3 sus reflexiones en un nuevo 8M.<\/p>\n<p>Ante un nuevo 8M, In\u00e9s Creimer, concejala del Foro Olavarr\u00eda &#8211; Frente Renovador y presidenta de la Comisi\u00f3n de G\u00e9nero y Diversidad del Concejo Deliberante, dedic\u00f3 unas reflexiones a esta fecha.<\/p>\n<p>\u201cEste 8 de marzo encuentra a la ciudad con una nueva herida abierta: el domingo pasado volvieron a matar una mujer\u201d, se\u00f1al\u00f3 en principio la concejala, haciendo menci\u00f3n al caso de joven asesinada por su ex cu\u00f1ado el<br \/>\npasado domingo.<\/p>\n<p>\u201cDuele cada vez que vemos que las calles recorridas con los carteles diciendo \u2018Ni una menos\u2019, las horas pensando en acciones, en pol\u00edticas p\u00fablicas, las reuniones con todos los actores responsables de abordar esta enorme problem\u00e1tica no alcanzan\u201d enfatiz\u00f3 Creimer.<\/p>\n<p>En este sentido, In\u00e9s Creimer afirm\u00f3 que \u201cla salida es entre todos y por eso es tan dif\u00edcil. Es cultural\u201d, haciendo hincapi\u00e9 en que \u201cno importa la edad, no importa de d\u00f3nde ven\u00eds, no importa lo que te ense\u00f1aron, hay que<br \/>\nrevisarlo y es urgente\u201d.<\/p>\n<p>\u201cAc\u00e1 cada cual tiene que aportar lo suyo, nadie puede mirar para otro lado, porque si lo hac\u00e9s, es posible que alguna mujer o alguna ni\u00f1a est\u00e9 corriendo alg\u00fan riesgo\u201d, concluy\u00f3 la concejala del Foro Olavarr\u00eda &#8211; Frente Renovador y presidenta de la Comisi\u00f3n de G\u00e9nero y Diversidad del Concejo Deliberante, In\u00e9s Creimer.<\/p>\n","protected":false},"excerpt":{"rendered":"<p>In\u00e9s Creimer sobre el 8M: \u201cAc\u00e1 cada cual tiene que aportar lo suyo, nadie puede&#8230;<\/p>\n","protected":false},"author":1,"featured_media":163184,"comment_status":"closed","ping_status":"closed","sticky":false,"template":"","format":"standard","meta":{"content-type":""},"categories":[27],"tags":[],"nelio_content":{"isAutoShareEnabled":false,"autoShareEndMode":"default","automationSources":{"useContentSentences":true,"useSocialTemplates":true,"useCustomSentences":false,"customSentences":[]},"followers":[1],"suggestedReferences":[],"includedReferences":[],"efiUrl":"","efiAlt":"","highlights":[]},"yoast_head":"<!-- This site is optimized with the Yoast SEO plugin v20.7 - https:\/\/yoast.com\/wordpress\/plugins\/seo\/ -->\n<title>In\u00e9s Creimer sobre el 8M: &quot;Tiene que aportar lo suyo&quot;<\/title>\n<meta name=\"description\" content=\"In\u00e9s Creimer sobre el 8M: \u201cAc\u00e1 cada cual tiene que aportar lo suyo, nadie puede mirar para otro lado\u201d, la concejal del Foro Olavarr\u00eda\" \/>\n<meta name=\"robots\" content=\"index, follow, max-snippet:-1, max-image-preview:large, max-video-preview:-1\" \/>\n<link rel=\"canonical\" href=\"https:\/\/experienciadevida.com.ar\/portalurbano\/ines-creimer-sobre-el-8m-aca-cada-cual-tiene-que-aportar-lo-suyo-nadie-puede-mirar-para-otro-lado\/\" \/>\n<meta property=\"og:locale\" content=\"es_ES\" \/>\n<meta property=\"og:type\" content=\"article\" \/>\n<meta property=\"og:title\" content=\"In\u00e9s Creimer sobre el 8M: &quot;Tiene que aportar lo suyo&quot;\" \/>\n<meta property=\"og:description\" content=\"In\u00e9s Creimer sobre el 8M: \u201cAc\u00e1 cada cual tiene que aportar lo suyo, nadie puede mirar para otro lado\u201d, la concejal del Foro Olavarr\u00eda\" \/>\n<meta property=\"og:url\" content=\"https:\/\/experienciadevida.com.ar\/portalurbano\/ines-creimer-sobre-el-8m-aca-cada-cual-tiene-que-aportar-lo-suyo-nadie-puede-mirar-para-otro-lado\/\" \/>\n<meta property=\"article:publisher\" content=\"https:\/\/www.facebook.com\/Portal-Urbano-171542830093757\/\" \/>\n<meta property=\"article:published_time\" content=\"2022-03-09T13:09:06+00:00\" \/>\n<meta property=\"og:image\" content=\"https:\/\/experienciadevida.com.ar\/portalurbano\/wp-content\/uploads\/2022\/03\/DSC_0588.jpg\" \/>\n\t<meta property=\"og:image:width\" content=\"765\" \/>\n\t<meta property=\"og:image:height\" content=\"510\" \/>\n\t<meta property=\"og:image:type\" content=\"image\/jpeg\" \/>\n<meta name=\"author\" content=\"admpu17wp\" \/>\n<meta name=\"twitter:card\" content=\"summary_large_image\" \/>\n<meta name=\"twitter:creator\" content=\"@portalurbanook\" \/>\n<meta name=\"twitter:site\" content=\"@portalurbanook\" \/>\n<meta name=\"twitter:label1\" content=\"Escrito por\" \/>\n\t<meta name=\"twitter:data1\" content=\"admpu17wp\" \/>\n\t<meta name=\"twitter:label2\" content=\"Tiempo de lectura\" \/>\n\t<meta name=\"twitter:data2\" content=\"1 minuto\" \/>\n<script type=\"application\/ld+json\" class=\"yoast-schema-graph\">{\"@context\":\"https:\/\/schema.org\",\"@graph\":[{\"@type\":\"Article\",\"@id\":\"https:\/\/experienciadevida.com.ar\/portalurbano\/ines-creimer-sobre-el-8m-aca-cada-cual-tiene-que-aportar-lo-suyo-nadie-puede-mirar-para-otro-lado\/#article\",\"isPartOf\":{\"@id\":\"https:\/\/experienciadevida.com.ar\/portalurbano\/ines-creimer-sobre-el-8m-aca-cada-cual-tiene-que-aportar-lo-suyo-nadie-puede-mirar-para-otro-lado\/\"},\"author\":{\"name\":\"admpu17wp\",\"@id\":\"https:\/\/experienciadevida.com.ar\/portalurbano\/#\/schema\/person\/02dd326b1c4b056e9cc972486934a3a7\"},\"headline\":\"In\u00e9s Creimer sobre el 8M: \u201cAc\u00e1 cada cual tiene que aportar lo suyo, nadie puede mirar para otro lado\u201d\",\"datePublished\":\"2022-03-09T13:09:06+00:00\",\"dateModified\":\"2022-03-09T13:09:06+00:00\",\"mainEntityOfPage\":{\"@id\":\"https:\/\/experienciadevida.com.ar\/portalurbano\/ines-creimer-sobre-el-8m-aca-cada-cual-tiene-que-aportar-lo-suyo-nadie-puede-mirar-para-otro-lado\/\"},\"wordCount\":300,\"publisher\":{\"@id\":\"https:\/\/experienciadevida.com.ar\/portalurbano\/#organization\"},\"articleSection\":[\"Ciudad\"],\"inLanguage\":\"es\"},{\"@type\":\"WebPage\",\"@id\":\"https:\/\/experienciadevida.com.ar\/portalurbano\/ines-creimer-sobre-el-8m-aca-cada-cual-tiene-que-aportar-lo-suyo-nadie-puede-mirar-para-otro-lado\/\",\"url\":\"https:\/\/experienciadevida.com.ar\/portalurbano\/ines-creimer-sobre-el-8m-aca-cada-cual-tiene-que-aportar-lo-suyo-nadie-puede-mirar-para-otro-lado\/\",\"name\":\"In\u00e9s Creimer sobre el 8M: \\\"Tiene que aportar lo suyo\\\"\",\"isPartOf\":{\"@id\":\"https:\/\/experienciadevida.com.ar\/portalurbano\/#website\"},\"datePublished\":\"2022-03-09T13:09:06+00:00\",\"dateModified\":\"2022-03-09T13:09:06+00:00\",\"description\":\"In\u00e9s Creimer sobre el 8M: \u201cAc\u00e1 cada cual tiene que aportar lo suyo, nadie puede mirar para otro lado\u201d, la concejal del Foro Olavarr\u00eda\",\"breadcrumb\":{\"@id\":\"https:\/\/experienciadevida.com.ar\/portalurbano\/ines-creimer-sobre-el-8m-aca-cada-cual-tiene-que-aportar-lo-suyo-nadie-puede-mirar-para-otro-lado\/#breadcrumb\"},\"inLanguage\":\"es\",\"potentialAction\":[{\"@type\":\"ReadAction\",\"target\":[\"https:\/\/experienciadevida.com.ar\/portalurbano\/ines-creimer-sobre-el-8m-aca-cada-cual-tiene-que-aportar-lo-suyo-nadie-puede-mirar-para-otro-lado\/\"]}]},{\"@type\":\"BreadcrumbList\",\"@id\":\"https:\/\/experienciadevida.com.ar\/portalurbano\/ines-creimer-sobre-el-8m-aca-cada-cual-tiene-que-aportar-lo-suyo-nadie-puede-mirar-para-otro-lado\/#breadcrumb\",\"itemListElement\":[{\"@type\":\"ListItem\",\"position\":1,\"name\":\"Portada\",\"item\":\"https:\/\/experienciadevida.com.ar\/portalurbano\/\"},{\"@type\":\"ListItem\",\"position\":2,\"name\":\"In\u00e9s Creimer sobre el 8M: \u201cAc\u00e1 cada cual tiene que aportar lo suyo, nadie puede mirar para otro lado\u201d\"}]},{\"@type\":\"WebSite\",\"@id\":\"https:\/\/experienciadevida.com.ar\/portalurbano\/#website\",\"url\":\"https:\/\/experienciadevida.com.ar\/portalurbano\/\",\"name\":\"\",\"description\":\"\",\"publisher\":{\"@id\":\"https:\/\/experienciadevida.com.ar\/portalurbano\/#organization\"},\"potentialAction\":[{\"@type\":\"SearchAction\",\"target\":{\"@type\":\"EntryPoint\",\"urlTemplate\":\"https:\/\/experienciadevida.com.ar\/portalurbano\/?s={search_term_string}\"},\"query-input\":\"required name=search_term_string\"}],\"inLanguage\":\"es\"},{\"@type\":\"Organization\",\"@id\":\"https:\/\/experienciadevida.com.ar\/portalurbano\/#organization\",\"name\":\"Portal Urbano\",\"url\":\"https:\/\/experienciadevida.com.ar\/portalurbano\/\",\"logo\":{\"@type\":\"ImageObject\",\"inLanguage\":\"es\",\"@id\":\"https:\/\/experienciadevida.com.ar\/portalurbano\/#\/schema\/logo\/image\/\",\"url\":\"https:\/\/experienciadevida.com.ar\/portalurbano\/wp-content\/uploads\/2019\/09\/Logo-Original.png\",\"contentUrl\":\"https:\/\/experienciadevida.com.ar\/portalurbano\/wp-content\/uploads\/2019\/09\/Logo-Original.png\",\"width\":2236,\"height\":1216,\"caption\":\"Portal Urbano\"},\"image\":{\"@id\":\"https:\/\/experienciadevida.com.ar\/portalurbano\/#\/schema\/logo\/image\/\"},\"sameAs\":[\"https:\/\/www.facebook.com\/Portal-Urbano-171542830093757\/\",\"https:\/\/twitter.com\/portalurbanook\",\"https:\/\/www.instagram.com\/_portalurbano\/\",\"https:\/\/www.youtube.com\/channel\/UCXhagIfszH8KxFiOok79zbA?view_as=subscriber\"]},{\"@type\":\"Person\",\"@id\":\"https:\/\/experienciadevida.com.ar\/portalurbano\/#\/schema\/person\/02dd326b1c4b056e9cc972486934a3a7\",\"name\":\"admpu17wp\",\"image\":{\"@type\":\"ImageObject\",\"inLanguage\":\"es\",\"@id\":\"https:\/\/experienciadevida.com.ar\/portalurbano\/#\/schema\/person\/image\/\",\"url\":\"https:\/\/secure.gravatar.com\/avatar\/830d4c57adaae6630765e449a6908047?s=96&d=mm&r=g\",\"contentUrl\":\"https:\/\/secure.gravatar.com\/avatar\/830d4c57adaae6630765e449a6908047?s=96&d=mm&r=g\",\"caption\":\"admpu17wp\"}}]}<\/script>\n<!-- \/ Yoast SEO plugin. -->","yoast_head_json":{"title":"In\u00e9s Creimer sobre el 8M: \"Tiene que aportar lo suyo\"","description":"In\u00e9s Creimer sobre el 8M: \u201cAc\u00e1 cada cual tiene que aportar lo suyo, nadie puede mirar para otro lado\u201d, la concejal del Foro Olavarr\u00eda","robots":{"index":"index","follow":"follow","max-snippet":"max-snippet:-1","max-image-preview":"max-image-preview:large","max-video-preview":"max-video-preview:-1"},"canonical":"https:\/\/experienciadevida.com.ar\/portalurbano\/ines-creimer-sobre-el-8m-aca-cada-cual-tiene-que-aportar-lo-suyo-nadie-puede-mirar-para-otro-lado\/","og_locale":"es_ES","og_type":"article","og_title":"In\u00e9s Creimer sobre el 8M: \"Tiene que aportar lo suyo\"","og_description":"In\u00e9s Creimer sobre el 8M: \u201cAc\u00e1 cada cual tiene que aportar lo suyo, nadie puede mirar para otro lado\u201d, la concejal del Foro Olavarr\u00eda","og_url":"https:\/\/experienciadevida.com.ar\/portalurbano\/ines-creimer-sobre-el-8m-aca-cada-cual-tiene-que-aportar-lo-suyo-nadie-puede-mirar-para-otro-lado\/","article_publisher":"https:\/\/www.facebook.com\/Portal-Urbano-171542830093757\/","article_published_time":"2022-03-09T13:09:06+00:00","og_image":[{"width":765,"height":510,"url":"https:\/\/experienciadevida.com.ar\/portalurbano\/wp-content\/uploads\/2022\/03\/DSC_0588.jpg","type":"image\/jpeg"}],"author":"admpu17wp","twitter_card":"summary_large_image","twitter_creator":"@portalurbanook","twitter_site":"@portalurbanook","twitter_misc":{"Escrito por":"admpu17wp","Tiempo de lectura":"1 minuto"},"schema":{"@context":"https:\/\/schema.org","@graph":[{"@type":"Article","@id":"https:\/\/experienciadevida.com.ar\/portalurbano\/ines-creimer-sobre-el-8m-aca-cada-cual-tiene-que-aportar-lo-suyo-nadie-puede-mirar-para-otro-lado\/#article","isPartOf":{"@id":"https:\/\/experienciadevida.com.ar\/portalurbano\/ines-creimer-sobre-el-8m-aca-cada-cual-tiene-que-aportar-lo-suyo-nadie-puede-mirar-para-otro-lado\/"},"author":{"name":"admpu17wp","@id":"https:\/\/experienciadevida.com.ar\/portalurbano\/#\/schema\/person\/02dd326b1c4b056e9cc972486934a3a7"},"headline":"In\u00e9s Creimer sobre el 8M: \u201cAc\u00e1 cada cual tiene que aportar lo suyo, nadie puede mirar para otro lado\u201d","datePublished":"2022-03-09T13:09:06+00:00","dateModified":"2022-03-09T13:09:06+00:00","mainEntityOfPage":{"@id":"https:\/\/experienciadevida.com.ar\/portalurbano\/ines-creimer-sobre-el-8m-aca-cada-cual-tiene-que-aportar-lo-suyo-nadie-puede-mirar-para-otro-lado\/"},"wordCount":300,"publisher":{"@id":"https:\/\/experienciadevida.com.ar\/portalurbano\/#organization"},"articleSection":["Ciudad"],"inLanguage":"es"},{"@type":"WebPage","@id":"https:\/\/experienciadevida.com.ar\/portalurbano\/ines-creimer-sobre-el-8m-aca-cada-cual-tiene-que-aportar-lo-suyo-nadie-puede-mirar-para-otro-lado\/","url":"https:\/\/experienciadevida.com.ar\/portalurbano\/ines-creimer-sobre-el-8m-aca-cada-cual-tiene-que-aportar-lo-suyo-nadie-puede-mirar-para-otro-lado\/","name":"In\u00e9s Creimer sobre el 8M: \"Tiene que aportar lo suyo\"","isPartOf":{"@id":"https:\/\/experienciadevida.com.ar\/portalurbano\/#website"},"datePublished":"2022-03-09T13:09:06+00:00","dateModified":"2022-03-09T13:09:06+00:00","description":"In\u00e9s Creimer sobre el 8M: \u201cAc\u00e1 cada cual tiene que aportar lo suyo, nadie puede mirar para otro lado\u201d, la concejal del Foro Olavarr\u00eda","breadcrumb":{"@id":"https:\/\/experienciadevida.com.ar\/portalurbano\/ines-creimer-sobre-el-8m-aca-cada-cual-tiene-que-aportar-lo-suyo-nadie-puede-mirar-para-otro-lado\/#breadcrumb"},"inLanguage":"es","potentialAction":[{"@type":"ReadAction","target":["https:\/\/experienciadevida.com.ar\/portalurbano\/ines-creimer-sobre-el-8m-aca-cada-cual-tiene-que-aportar-lo-suyo-nadie-puede-mirar-para-otro-lado\/"]}]},{"@type":"BreadcrumbList","@id":"https:\/\/experienciadevida.com.ar\/portalurbano\/ines-creimer-sobre-el-8m-aca-cada-cual-tiene-que-aportar-lo-suyo-nadie-puede-mirar-para-otro-lado\/#breadcrumb","itemListElement":[{"@type":"ListItem","position":1,"name":"Portada","item":"https:\/\/experienciadevida.com.ar\/portalurbano\/"},{"@type":"ListItem","position":2,"name":"In\u00e9s Creimer sobre el 8M: \u201cAc\u00e1 cada cual tiene que aportar lo suyo, nadie puede mirar para otro lado\u201d"}]},{"@type":"WebSite","@id":"https:\/\/experienciadevida.com.ar\/portalurbano\/#website","url":"https:\/\/experienciadevida.com.ar\/portalurbano\/","name":"","description":"","publisher":{"@id":"https:\/\/experienciadevida.com.ar\/portalurbano\/#organization"},"potentialAction":[{"@type":"SearchAction","target":{"@type":"EntryPoint","urlTemplate":"https:\/\/experienciadevida.com.ar\/portalurbano\/?s={search_term_string}"},"query-input":"required name=search_term_string"}],"inLanguage":"es"},{"@type":"Organization","@id":"https:\/\/experienciadevida.com.ar\/portalurbano\/#organization","name":"Portal Urbano","url":"https:\/\/experienciadevida.com.ar\/portalurbano\/","logo":{"@type":"ImageObject","inLanguage":"es","@id":"https:\/\/experienciadevida.com.ar\/portalurbano\/#\/schema\/logo\/image\/","url":"https:\/\/experienciadevida.com.ar\/portalurbano\/wp-content\/uploads\/2019\/09\/Logo-Original.png","contentUrl":"https:\/\/experienciadevida.com.ar\/portalurbano\/wp-content\/uploads\/2019\/09\/Logo-Original.png","width":2236,"height":1216,"caption":"Portal Urbano"},"image":{"@id":"https:\/\/experienciadevida.com.ar\/portalurbano\/#\/schema\/logo\/image\/"},"sameAs":["https:\/\/www.facebook.com\/Portal-Urbano-171542830093757\/","https:\/\/twitter.com\/portalurbanook","https:\/\/www.instagram.com\/_portalurbano\/","https:\/\/www.youtube.com\/channel\/UCXhagIfszH8KxFiOok79zbA?view_as=subscriber"]},{"@type":"Person","@id":"https:\/\/experienciadevida.com.ar\/portalurbano\/#\/schema\/person\/02dd326b1c4b056e9cc972486934a3a7","name":"admpu17wp","image":{"@type":"ImageObject","inLanguage":"es","@id":"https:\/\/experienciadevida.com.ar\/portalurbano\/#\/schema\/person\/image\/","url":"https:\/\/secure.gravatar.com\/avatar\/830d4c57adaae6630765e449a6908047?s=96&d=mm&r=g","contentUrl":"https:\/\/secure.gravatar.com\/avatar\/830d4c57adaae6630765e449a6908047?s=96&d=mm&r=g","caption":"admpu17wp"}}]}},"featured_image_urls":{"full":["https:\/\/experienciadevida.com.ar\/portalurbano\/wp-content\/uploads\/2022\/03\/DSC_0588.jpg",765,510,false],"thumbnail":["https:\/\/experienciadevida.com.ar\/portalurbano\/wp-content\/uploads\/2022\/03\/DSC_0588-150x150.jpg",150,150,true],"medium":["https:\/\/experienciadevida.com.ar\/portalurbano\/wp-content\/uploads\/2022\/03\/DSC_0588-300x200.jpg",300,200,true],"medium_large":["https:\/\/experienciadevida.com.ar\/portalurbano\/wp-content\/uploads\/2022\/03\/DSC_0588.jpg",640,427,false],"large":["https:\/\/experienciadevida.com.ar\/portalurbano\/wp-content\/uploads\/2022\/03\/DSC_0588.jpg",640,427,false],"ug_big":["https:\/\/experienciadevida.com.ar\/portalurbano\/wp-content\/uploads\/2022\/03\/DSC_0588.jpg",765,510,false],"1536x1536":["https:\/\/experienciadevida.com.ar\/portalurbano\/wp-content\/uploads\/2022\/03\/DSC_0588.jpg",765,510,false],"2048x2048":["https:\/\/experienciadevida.com.ar\/portalurbano\/wp-content\/uploads\/2022\/03\/DSC_0588.jpg",765,510,false],"newsever-slider-full":["https:\/\/experienciadevida.com.ar\/portalurbano\/wp-content\/uploads\/2022\/03\/DSC_0588.jpg",765,510,false],"newsever-featured":["https:\/\/experienciadevida.com.ar\/portalurbano\/wp-content\/uploads\/2022\/03\/DSC_0588.jpg",765,510,false],"newsever-medium":["https:\/\/experienciadevida.com.ar\/portalurbano\/wp-content\/uploads\/2022\/03\/DSC_0588.jpg",713,475,false],"web-stories-poster-portrait":["https:\/\/experienciadevida.com.ar\/portalurbano\/wp-content\/uploads\/2022\/03\/DSC_0588.jpg",640,427,false],"web-stories-publisher-logo":["https:\/\/experienciadevida.com.ar\/portalurbano\/wp-content\/uploads\/2022\/03\/DSC_0588.jpg",96,64,false],"web-stories-thumbnail":["https:\/\/experienciadevida.com.ar\/portalurbano\/wp-content\/uploads\/2022\/03\/DSC_0588.jpg",150,100,false]},"author_info":{"display_name":"admpu17wp","author_link":"https:\/\/experienciadevida.com.ar\/portalurbano\/author\/admpu17wp\/"},"category_info":"<a href=\"https:\/\/experienciadevida.com.ar\/portalurbano\/category\/ciudad\/\" rel=\"category tag\">Ciudad<\/a>","tag_info":"Ciudad","comment_count":"0","amp_enabled":true,"_links":{"self":[{"href":"https:\/\/experienciadevida.com.ar\/portalurbano\/wp-json\/wp\/v2\/posts\/163208"}],"collection":[{"href":"https:\/\/experienciadevida.com.ar\/portalurbano\/wp-json\/wp\/v2\/posts"}],"about":[{"href":"https:\/\/experienciadevida.com.ar\/portalurbano\/wp-json\/wp\/v2\/types\/post"}],"author":[{"embeddable":true,"href":"https:\/\/experienciadevida.com.ar\/portalurbano\/wp-json\/wp\/v2\/users\/1"}],"replies":[{"embeddable":true,"href":"https:\/\/experienciadevida.com.ar\/portalurbano\/wp-json\/wp\/v2\/comments?post=163208"}],"version-history":[{"count":1,"href":"https:\/\/experienciadevida.com.ar\/portalurbano\/wp-json\/wp\/v2\/posts\/163208\/revisions"}],"predecessor-version":[{"id":163209,"href":"https:\/\/experienciadevida.com.ar\/portalurbano\/wp-json\/wp\/v2\/posts\/163208\/revisions\/163209"}],"wp:featuredmedia":[{"embeddable":true,"href":"https:\/\/experienciadevida.com.ar\/portalurbano\/wp-json\/wp\/v2\/media\/163184"}],"wp:attachment":[{"href":"https:\/\/experienciadevida.com.ar\/portalurbano\/wp-json\/wp\/v2\/media?parent=163208"}],"wp:term":[{"taxonomy":"category","embeddable":true,"href":"https:\/\/experienciadevida.com.ar\/portalurbano\/wp-json\/wp\/v2\/categories?post=163208"},{"taxonomy":"post_tag","embeddable":true,"href":"https:\/\/experienciadevida.com.ar\/portalurbano\/wp-json\/wp\/v2\/tags?post=163208"}],"curies":[{"name":"wp","href":"https:\/\/api.w.org\/{rel}","templated":true}]}}