{"id":163171,"date":"2022-03-08T20:28:11","date_gmt":"2022-03-08T23:28:11","guid":{"rendered":"https:\/\/experienciadevida.com.ar\/portalurbano\/?p=163171"},"modified":"2022-03-08T20:43:25","modified_gmt":"2022-03-08T23:43:25","slug":"8m-alzamos-nuestras-voces-reclamando-igualdad-y-equidad-de-derechos","status":"publish","type":"post","link":"https:\/\/experienciadevida.com.ar\/portalurbano\/8m-alzamos-nuestras-voces-reclamando-igualdad-y-equidad-de-derechos\/","title":{"rendered":"8M: &#8220;Alzamos nuestras voces reclamando igualdad y equidad de derechos&#8221;"},"content":{"rendered":"<p>8M: &#8220;Alzamos nuestras voces reclamando igualdad y equidad de derechos&#8221;, as\u00ed lo mencionaron esta tarde en un comunicado le\u00eddo en la concentraci\u00f3n\u00a0 y posterior movilizaci\u00f3n.<\/p>\n<p>&#8220;Cada 8 de marzo nos reunimos las mujeres y disidencias trabajadoras para alzar nuestras voces reafirmando y reclamando igualdad y equidad de derechos, visibilizando los tipos de violencias que nos atraviesan cotidianamente. A partir del 2017 cada 8 de marzo en Argentina hacemos una huelga un cese de todas las actividades en nuestros trabajos, hogares y en todos los lugares que habitamos: hoy es el paro internacional de mujeres y disidencias para exponer las relaciones estructurales entre el capitalismo y el patriarcado, generando una oportunidad para visibilizar que este sistema econ\u00f3mico, pol\u00edtico y cultural se sostiene con la explotaci\u00f3n de los trabajadores, principalmente de mujeres y personas LGBTIQ+&#8221;.<\/p>\n<p><a href=\"https:\/\/experienciadevida.com.ar\/portalurbano\/8m-alzamos-nuestras-voces-reclamando-igualdad-y-equidad-de-derechos\/dsc_0566\/\" rel=\"attachment wp-att-163173\"><img decoding=\"async\" class=\"alignnone size-full wp-image-163173\" src=\"https:\/\/experienciadevida.com.ar\/portalurbano\/wp-content\/uploads\/2022\/03\/DSC_0566.jpg\" alt=\"\" width=\"765\" height=\"510\" srcset=\"https:\/\/experienciadevida.com.ar\/portalurbano\/wp-content\/uploads\/2022\/03\/DSC_0566.jpg 765w, https:\/\/experienciadevida.com.ar\/portalurbano\/wp-content\/uploads\/2022\/03\/DSC_0566-300x200.jpg 300w\" sizes=\"(max-width: 765px) 100vw, 765px\" \/><\/a><\/p>\n<p>&#8220;Por eso hoy estamos ac\u00e1, porque tenemos que seguir denunciando la violencia econ\u00f3mica y la brecha salarial, porque estamos hartas de que las l\u00f3gicas de trabajo sigan beneficiando s\u00f3lo a los varones y sigan profundizando las violencias que tanto nos oprimen hasta matarnos&#8221;.<\/p>\n<p>A su vez &#8220;de morir tambi\u00e9n estamos hartas. Por eso copamos las calles, porque queremos transformar esta realidad, porque necesitamos que todas las pol\u00edticas p\u00fablicas tengan perspectiva de g\u00e9nero y que aquellas que nos tengan como protagonistas sean integrales&#8221;.<\/p>\n<p><a href=\"https:\/\/experienciadevida.com.ar\/portalurbano\/8m-alzamos-nuestras-voces-reclamando-igualdad-y-equidad-de-derechos\/dsc_0567\/\" rel=\"attachment wp-att-163174\"><img decoding=\"async\" class=\"alignnone size-full wp-image-163174\" src=\"https:\/\/experienciadevida.com.ar\/portalurbano\/wp-content\/uploads\/2022\/03\/DSC_0567.jpg\" alt=\"\" width=\"765\" height=\"510\" srcset=\"https:\/\/experienciadevida.com.ar\/portalurbano\/wp-content\/uploads\/2022\/03\/DSC_0567.jpg 765w, https:\/\/experienciadevida.com.ar\/portalurbano\/wp-content\/uploads\/2022\/03\/DSC_0567-300x200.jpg 300w\" sizes=\"(max-width: 765px) 100vw, 765px\" \/><\/a><\/p>\n<p>&#8220;Gritamos porque cada d\u00eda hay mujeres y disidencias que son asesinadas en manos de la violencia machista. Seg\u00fan las estad\u00edsticas del observatorio &#8220;ahora que s\u00ed nos ven&#8221; entre el primero de enero y el 30 de diciembre del 2021 se revelaron 256 femicidios, es decir, una muerte cada 34 horas a causa de la violencia machista. Este suceso, no aislado dej\u00f3 a las claras que nosotros quienes nos cuidamos: Marcela intent\u00f3 proteger a su hermana de un var\u00f3n que ten\u00eda denuncias previas. La impunidad y la falta de medidas de la justicia tiene un s\u00f3lo desenlace: m\u00e1s violencias hacia nosotres&#8221;.<\/p>\n<p>Tambi\u00e9n &#8220;para terminar con la ineficiencia de la justicia y prevenir los femicidios necesitamos una reforma judicial con perspectiva de g\u00e9nero urgente, para que pueda cumplirse una verdadera integralidad entre las pol\u00edticas p\u00fablicas impulsadas por los poderes ejecutivos nacional y provincial, alentadas y sostenidas por organizaciones pol\u00edticas, barriales, culturales y as\u00ed lograr una genuina justicia social&#8221;.<\/p>\n<p><a href=\"https:\/\/experienciadevida.com.ar\/portalurbano\/8m-alzamos-nuestras-voces-reclamando-igualdad-y-equidad-de-derechos\/dsc_0577\/\" rel=\"attachment wp-att-163175\"><img decoding=\"async\" class=\"alignnone size-full wp-image-163175\" src=\"https:\/\/experienciadevida.com.ar\/portalurbano\/wp-content\/uploads\/2022\/03\/DSC_0577.jpg\" alt=\"\" width=\"765\" height=\"510\" srcset=\"https:\/\/experienciadevida.com.ar\/portalurbano\/wp-content\/uploads\/2022\/03\/DSC_0577.jpg 765w, https:\/\/experienciadevida.com.ar\/portalurbano\/wp-content\/uploads\/2022\/03\/DSC_0577-300x200.jpg 300w\" sizes=\"(max-width: 765px) 100vw, 765px\" \/><\/a><\/p>\n<p>&#8220;Porque as\u00ed, como esta, enquistado y defendiendo sus intereses, el poder judicial como corporaci\u00f3n, siempre encuentra las maneras de restringir nuestra libertad, desde Higui hasta Milagro Sala, desde la revictimizaci\u00f3n hasta la desatenci\u00f3n. El poder judicial no puede quedar inm\u00f3vil, es urgente una efectiva aplicaci\u00f3n de los derechos de las mujeres y disidencias para que podamos proyectar nuestro desarrollo laboral y profesional, para dejar de morir en manos de la violencia machista, para poder emanciparnos y decidir c\u00f3mo gestionar nuestros tiempos sin que queden totalmente sujetos a las tareas de cuidado, no podemos seguir renunciando a nuestro crecimiento personal ni colectivo&#8221;.<\/p>\n<p>Adem\u00e1s &#8220;por esta raz\u00f3n es necesario la participaci\u00f3n popular que exija desde adentro la perspectiva de g\u00e9nero para garantizar que los procesos judiciales no est\u00e9n contaminados. Para que se respete a les denunciantes, evitando la revictimizaci\u00f3n. Pedimos tambi\u00e9n que se aceleren los tiempos, sin que se perjudique una adecuada investigaci\u00f3n judicial; siempre prevaleciendo el principio de que toda conducta agresora contra las mujeres y disidencias presupone un crimen de odio por razones de g\u00e9nero, comprendiendo que el sexismo y el machismo, son expresiones de la estructura patriarcal&#8221;.<\/p>\n<p><a href=\"https:\/\/experienciadevida.com.ar\/portalurbano\/8m-alzamos-nuestras-voces-reclamando-igualdad-y-equidad-de-derechos\/dsc_0578\/\" rel=\"attachment wp-att-163179\"><img decoding=\"async\" class=\"alignnone size-full wp-image-163179\" src=\"https:\/\/experienciadevida.com.ar\/portalurbano\/wp-content\/uploads\/2022\/03\/DSC_0578.jpg\" alt=\"\" width=\"765\" height=\"510\" srcset=\"https:\/\/experienciadevida.com.ar\/portalurbano\/wp-content\/uploads\/2022\/03\/DSC_0578.jpg 765w, https:\/\/experienciadevida.com.ar\/portalurbano\/wp-content\/uploads\/2022\/03\/DSC_0578-300x200.jpg 300w\" sizes=\"(max-width: 765px) 100vw, 765px\" \/><\/a><\/p>\n<p>&#8220;Les compa\u00f1eres trans, travestis hemos logrado la ley de cupo LABORAL. Sin embargo, necesitamos la inmediata implementaci\u00f3n de las leyes en cada rinc\u00f3n de nuestro pueblo, especialmente cuando en Olavarr\u00eda esta conquista tiene el veto parcial por parte del intendente Ezequiel Galli. Esta decisi\u00f3n, que es pol\u00edtica y discriminatoria, deja en claro lo poco que le interesa al gobierno municipal la ampliaci\u00f3n de nuestros derechos b\u00e1sicos, como lo es el acceso a un trabajo digno. Por esto hoy queremos recordar a Isa\u00edas Betencourt que dedic\u00f3 su vida al arduo trabajo de registrar las realidades del colectivo, d\u00e1ndole voz y visibilidad a sus necesidades. Con gran compromiso y sensibilidad exigi\u00f3 la igualdad de derechos y el ejercicio pleno de los mismos, que en Olavarr\u00eda signific\u00f3 el proyecto de cupo laboral travesti trans. \u00a1ISA\u00cdAS PRESENTE en cada marcha por la igualdad!<\/p>\n<p><a href=\"https:\/\/experienciadevida.com.ar\/portalurbano\/8m-alzamos-nuestras-voces-reclamando-igualdad-y-equidad-de-derechos\/dsc_0581\/\" rel=\"attachment wp-att-163180\"><img decoding=\"async\" class=\"alignnone size-full wp-image-163180\" src=\"https:\/\/experienciadevida.com.ar\/portalurbano\/wp-content\/uploads\/2022\/03\/DSC_0581.jpg\" alt=\"\" width=\"765\" height=\"510\" srcset=\"https:\/\/experienciadevida.com.ar\/portalurbano\/wp-content\/uploads\/2022\/03\/DSC_0581.jpg 765w, https:\/\/experienciadevida.com.ar\/portalurbano\/wp-content\/uploads\/2022\/03\/DSC_0581-300x200.jpg 300w\" sizes=\"(max-width: 765px) 100vw, 765px\" \/><\/a><\/p>\n<p><a href=\"https:\/\/experienciadevida.com.ar\/portalurbano\/8m-alzamos-nuestras-voces-reclamando-igualdad-y-equidad-de-derechos\/dsc_0583\/\" rel=\"attachment wp-att-163181\"><img decoding=\"async\" class=\"alignnone size-full wp-image-163181\" src=\"https:\/\/experienciadevida.com.ar\/portalurbano\/wp-content\/uploads\/2022\/03\/DSC_0583.jpg\" alt=\"\" width=\"765\" height=\"510\" srcset=\"https:\/\/experienciadevida.com.ar\/portalurbano\/wp-content\/uploads\/2022\/03\/DSC_0583.jpg 765w, https:\/\/experienciadevida.com.ar\/portalurbano\/wp-content\/uploads\/2022\/03\/DSC_0583-300x200.jpg 300w\" sizes=\"(max-width: 765px) 100vw, 765px\" \/><\/a><\/p>\n<p>&#8220;No es la primera vez que Galli ejerce su poder en detrimento de pol\u00edticas de g\u00e9nero y diversidad. En plena pandemia decidi\u00f3 el vaciamiento del Consultorio Inclusivo y el rechazo\u00a0 al aumento presupuestario al \u00e1rea de salud sexual y a pol\u00edticas de g\u00e9nero en general. Necesitamos un acompa\u00f1amiento real, INTEGRAL y sostenido por parte de la Direcci\u00f3n de Pol\u00edticas de G\u00e9nero para con las personas que atravesaron situaciones de violencia por razones de g\u00e9nero. Somos nosotras quienes d\u00eda tras d\u00eda acompa\u00f1amos, resguardamos y brindamos soluciones a una gran cantidad de mujeres, de pibas, quienes no reciben ning\u00fan tipo de respuesta por parte del gobierno municipal: \u00a1\u00a1NOS SOSTIENEN LAS REDES FEMINISTAS&#8221;.<\/p>\n<p>&#8220;No basta con tener un presupuesto aut\u00f3nomo, debe reflejarse en la atenci\u00f3n con recursos para las mujeres que atraviesan situaciones de violencia, muchas veces desprovistas de trabajo, lugar para vivir, para comer y para superar el alejamiento del var\u00f3n \u201cproveedor\u201d y violento. Por eso nos urge una respuesta por parte del municipio a las demandas habitacionales de las mujeres y disidencias en situaci\u00f3n de vulnerabilidad, utilizando y poniendo en acci\u00f3n programas nacionales como PROCREAR. Se trata de fortalecer las individualidades de cada una de las pibas, mujeres y personas LGBTIQ+ que, d\u00eda a d\u00eda, atraviesan distintos tipos de violencias, mientras se potencia tambi\u00e9n el encuentro, lo colectivo, la empat\u00eda, la escucha&#8221;.<\/p>\n<p><a href=\"https:\/\/experienciadevida.com.ar\/portalurbano\/8m-alzamos-nuestras-voces-reclamando-igualdad-y-equidad-de-derechos\/dsc_0586\/\" rel=\"attachment wp-att-163183\"><img decoding=\"async\" class=\"alignnone size-large wp-image-163183\" src=\"https:\/\/experienciadevida.com.ar\/portalurbano\/wp-content\/uploads\/2022\/03\/DSC_0586-1024x683.jpg\" alt=\"\" width=\"900\" height=\"600\" srcset=\"https:\/\/experienciadevida.com.ar\/portalurbano\/wp-content\/uploads\/2022\/03\/DSC_0586-1024x683.jpg 1024w, https:\/\/experienciadevida.com.ar\/portalurbano\/wp-content\/uploads\/2022\/03\/DSC_0586-300x200.jpg 300w, https:\/\/experienciadevida.com.ar\/portalurbano\/wp-content\/uploads\/2022\/03\/DSC_0586-768x512.jpg 768w, https:\/\/experienciadevida.com.ar\/portalurbano\/wp-content\/uploads\/2022\/03\/DSC_0586-1536x1025.jpg 1536w, https:\/\/experienciadevida.com.ar\/portalurbano\/wp-content\/uploads\/2022\/03\/DSC_0586-2048x1367.jpg 2048w\" sizes=\"(max-width: 900px) 100vw, 900px\" \/><\/a><\/p>\n<p><a href=\"https:\/\/experienciadevida.com.ar\/portalurbano\/8m-alzamos-nuestras-voces-reclamando-igualdad-y-equidad-de-derechos\/dsc_0588\/\" rel=\"attachment wp-att-163184\"><img decoding=\"async\" class=\"alignnone size-full wp-image-163184\" src=\"https:\/\/experienciadevida.com.ar\/portalurbano\/wp-content\/uploads\/2022\/03\/DSC_0588.jpg\" alt=\"\" width=\"765\" height=\"510\" srcset=\"https:\/\/experienciadevida.com.ar\/portalurbano\/wp-content\/uploads\/2022\/03\/DSC_0588.jpg 765w, https:\/\/experienciadevida.com.ar\/portalurbano\/wp-content\/uploads\/2022\/03\/DSC_0588-300x200.jpg 300w\" sizes=\"(max-width: 765px) 100vw, 765px\" \/><\/a><\/p>\n<p>&#8220;Pero,c\u00f3mo podemos aspirar a esto si desde el gobierno municipal siguen haciendo o\u00eddos sordos a estas demandas. Llevamos dos a\u00f1os de la aprobaci\u00f3n de la ordenanza de emergencia en violencia de g\u00e9nero, trabajada arduamente entre organizaciones pol\u00edticas y sociales, y aprobada por unanimidad, pero que actualmente sigue sin cumplirse en su mayor\u00eda. Esto solo deja en evidencia la falta de voluntad pol\u00edtica del intendente para con las mujeres y disidencias, donde solo se han realizado acciones de maquillaje y no se han llevado a cabo verdaderas pol\u00edticas p\u00fablicas transformadoras. Necesitamos de forma urgente un estado municipal presente, que escuche nuestras demandas y que cumpla con las leyes aprobadas. Necesitamos una guardia nocturna eficiente que acompa\u00f1e a las v\u00edctimas en todo momento; necesitamos pol\u00edticas laborales y de capacitaci\u00f3n para que las mujeres puedan tener su independencia y herramientas propias para poder salir adelante; necesitamos la construcci\u00f3n de un refugio que sirva de resguardo de las mujeres y sus hijos; necesitamos contenci\u00f3n para los familiares e hijos de aquellas mujeres que est\u00e1n siendo violentadas en sus propios hogares ; necesitamos una pol\u00edtica p\u00fablica habitacional que de prioridad a las mujeres y disidencias. Queremos vivir en una ciudad m\u00e1s igualitaria, m\u00e1s justa y feminista&#8221;.<\/p>\n<p><a href=\"https:\/\/experienciadevida.com.ar\/portalurbano\/8m-alzamos-nuestras-voces-reclamando-igualdad-y-equidad-de-derechos\/dsc_0590\/\" rel=\"attachment wp-att-163185\"><img decoding=\"async\" class=\"alignnone size-full wp-image-163185\" src=\"https:\/\/experienciadevida.com.ar\/portalurbano\/wp-content\/uploads\/2022\/03\/DSC_0590.jpg\" alt=\"\" width=\"765\" height=\"510\" srcset=\"https:\/\/experienciadevida.com.ar\/portalurbano\/wp-content\/uploads\/2022\/03\/DSC_0590.jpg 765w, https:\/\/experienciadevida.com.ar\/portalurbano\/wp-content\/uploads\/2022\/03\/DSC_0590-300x200.jpg 300w\" sizes=\"(max-width: 765px) 100vw, 765px\" \/><\/a><\/p>\n<p>&#8220;Queremos algo m\u00e1s que actos simb\u00f3licos!!! Las organizaciones sociales y pol\u00edticas seguimos siendo menospreciadas en nuestro rol de defensa y acompa\u00f1amiento a personas violentadas por motivos de g\u00e9nero. En este sentido, a trav\u00e9s de la organizaci\u00f3n popular hemos tenido que construir nuestra propia pol\u00edtica de Promoci\u00f3n y cuidado con las<br \/>\ncompa\u00f1eras promotoras en violencia por razones de g\u00e9nero que trabajan en las barriadas. Entonces nos seguimos cuestionando \u00bfc\u00f3mo podemos erradicar la violencia machista?. Si bien las leyes logradas por gobiernos populares, nos reconocen como actoras y actores relevantes en el progreso y desarrollo del pa\u00eds, esas leyes no son cumplidas y aplicadas por la justicia. Esto tambi\u00e9n es parte de la batalla cultural que estamos dando para lograr la ampliaci\u00f3n de derechos. Sabemos que hay gobiernos nacionales y populares que fueron sentando las bases para el avance de la lucha feminista. Con Evita y el voto universal las mujeres pasamos de la exclusi\u00f3n pol\u00edtica a votar y ser elegidas como representantes. De ah\u00ed en adelante han sido numerosas las conquistas de ampliaci\u00f3n de derechos encauzadas por el Estado nacional en los gobiernos de N\u00e9stor y Cristina, como por ejemplo el programa de empleo como el \u201cJefas de Hogar\u201d , \u201cEl reconocimiento de aportes por tareas de cuidado\u201d entre otras, porque entendemos que las mujeres somos trabajadoras, ya sea en casa o fuera del hogar, con o sin reconocimiento, visibilizadas o invisibilizadas&#8221;.<\/p>\n<p><a href=\"https:\/\/experienciadevida.com.ar\/portalurbano\/8m-alzamos-nuestras-voces-reclamando-igualdad-y-equidad-de-derechos\/dsc_0603\/\" rel=\"attachment wp-att-163186\"><img decoding=\"async\" class=\"alignnone size-full wp-image-163186\" src=\"https:\/\/experienciadevida.com.ar\/portalurbano\/wp-content\/uploads\/2022\/03\/DSC_0603.jpg\" alt=\"\" width=\"765\" height=\"510\" srcset=\"https:\/\/experienciadevida.com.ar\/portalurbano\/wp-content\/uploads\/2022\/03\/DSC_0603.jpg 765w, https:\/\/experienciadevida.com.ar\/portalurbano\/wp-content\/uploads\/2022\/03\/DSC_0603-300x200.jpg 300w\" sizes=\"(max-width: 765px) 100vw, 765px\" \/><\/a><\/p>\n<p>&#8220;Nosotres movemos el mundo del trabajo: somos quienes desde abajo generamos redes para sostener(nos), acompa\u00f1ar(nos), y tambi\u00e9n para sostener nuestros hogares. Como dice Silvia Federici, tanto el trabajo como la reproducci\u00f3n de la vida organizan la vida cotidiana de las personas y las primeras en salir a trabajar de manera comunitaria, para ayudar y acompa\u00f1ar, somos nosotras y nosotres, mujeres y Disidencias. Por esto es que acompa\u00f1amos y celebramos el proyecto de ley que el presidente Alberto Fernandez enviar\u00e1 al Congreso sobre la creaci\u00f3n de un sistema integral de cuidados con perspectiva de g\u00e9nero. Si de trabajadoras hablamos no podemos dejar de mencionar a las compa\u00f1eras que se organizan para crear su propio sustento econ\u00f3mico. Hacemos desde nuestros saberes, nos organizamos en cooperativas, proyectos asociativos y unidades productivas, tejiendo la trama de la econom\u00eda popular. Las estad\u00edsticas demuestran que es un sector feminizado, ya que el 56% del mismo est\u00e1 compuesto por mujeres que hemos quedado excluidas de un sistema que todo el tiempo nos posterga. No podemos dejar de mencionar que esa situaci\u00f3n se profundiza a\u00fan m\u00e1s en mujeres de los sectores populares, negras, pertenecientes a las comunidades migrantes, ind\u00edgenas&#8221;.<\/p>\n<p><a href=\"https:\/\/experienciadevida.com.ar\/portalurbano\/8m-alzamos-nuestras-voces-reclamando-igualdad-y-equidad-de-derechos\/dsc_0606\/\" rel=\"attachment wp-att-163188\"><img decoding=\"async\" class=\"alignnone size-full wp-image-163188\" src=\"https:\/\/experienciadevida.com.ar\/portalurbano\/wp-content\/uploads\/2022\/03\/DSC_0606.jpg\" alt=\"\" width=\"765\" height=\"510\" srcset=\"https:\/\/experienciadevida.com.ar\/portalurbano\/wp-content\/uploads\/2022\/03\/DSC_0606.jpg 765w, https:\/\/experienciadevida.com.ar\/portalurbano\/wp-content\/uploads\/2022\/03\/DSC_0606-300x200.jpg 300w\" sizes=\"(max-width: 765px) 100vw, 765px\" \/><\/a><\/p>\n<p>&#8220;Sostenemos fervientemente que la pol\u00edtica es una verdadera herramienta de transformaci\u00f3n que nos permite cambiar la realidad de miles de mujeres y disidencias a partir de la materializaci\u00f3n de pol\u00edticas p\u00fablicas. La participaci\u00f3n de las mujeres en el \u00e1mbito pol\u00edtico debe ser un objetivo claro por el que debemos batallar. Por eso, como colectivo feminista respaldamos a las compa\u00f1eras que todos los d\u00edas dan lucha en los territorios, realizando acompa\u00f1amientos amorosos, de escucha y generando herramientas para cubrir necesidades urgentes, as\u00ed como tambi\u00e9n a les compa\u00f1eres que se encuentran gestionando en los \u00e1mbitos de toma de decisiones como el Concejo Deliberante y las secretar\u00edas de los Ministerios con el objetivo se seguir construyendo poder popular y feminista.<br \/>\nLas mujeres y disidencias artistas tambi\u00e9n queremos seguir construyendo cultura popular y feminista, que emancipe a les compa\u00f1eres y la voz sea escuchada, que las po\u00e9ticas y met\u00e1foras sean creacion de nuestras propias vidas, de nuestros propios cuerpos. No queremos ser m\u00e1s las que estemos atr\u00e1s de bambalinas o ser las banalizadas frente a una cultura hegem\u00f3nica funcional al sistema capitalista y a la cultura occidental&#8221;.<\/p>\n<p>&#8220;Queremos seguir construyendo un arte pol\u00edtico, donde se ponga en tensi\u00f3n las subjetividades de nuestrxs espetadorxs, que rompa con las estructuras &#8220;normales&#8221; que se han construido en el inconsciente colectivo para que lo invisible se haga visible. La lucha, la fuerza del movimiento transfeminista en las calles y la voluntad pol\u00edtica de un<br \/>\nproyecto nacional y popular que escucha y reconoce nuestras demandas, han logrado que se conquisten nuevos derechos: la Ley de Interrupci\u00f3n Voluntaria del Embarazo, el reconocimiento de aportes por tarea de cuidados, el Programa acompa\u00f1ar. Todas, conquistas que hemos logrado con la fuerza de los feminismos en las calles y la decisi\u00f3n de un gobierno que convierte nuestras luchas en pol\u00edticas. Porque la Justicia Social es poder decidir.<br \/>\nHay gobiernos que potencian las luchas sociales y convierten sus consignas en decisiones concretas, y existen gobiernos que reprimen a los movimientos sociales y nos hacen retroceder en derechos, logros y conquistas. Quienes sostienen que todo es igual, son la pieza perfecta de la derecha neoliberal que nos quiere divididas sin capacidad de disputa de poder. Quienes alimentan un discurso antisistema permitiendo que los resortes del poder institucional queden en manos de las expresiones conservadoras, no hacen m\u00e1s que reproducir las injusticias&#8221;.<\/p>\n","protected":false},"excerpt":{"rendered":"<p>8M: &#8220;Alzamos nuestras voces reclamando igualdad y equidad de derechos&#8221;, as\u00ed lo mencionaron esta tarde&#8230;<\/p>\n","protected":false},"author":1,"featured_media":163172,"comment_status":"closed","ping_status":"closed","sticky":false,"template":"","format":"standard","meta":{"content-type":""},"categories":[27,51],"tags":[],"nelio_content":{"isAutoShareEnabled":false,"autoShareEndMode":"default","automationSources":{"useContentSentences":true,"useSocialTemplates":true,"useCustomSentences":false,"customSentences":[]},"followers":[1],"suggestedReferences":[],"includedReferences":[],"efiUrl":"","efiAlt":"","highlights":[]},"yoast_head":"<!-- This site is optimized with the Yoast SEO plugin v20.7 - https:\/\/yoast.com\/wordpress\/plugins\/seo\/ -->\n<title>8M: &quot;Alzamos nuestras voces reclamando igualdad y equidad de derechos&quot; -<\/title>\n<meta name=\"robots\" content=\"index, follow, max-snippet:-1, max-image-preview:large, max-video-preview:-1\" \/>\n<link rel=\"canonical\" href=\"https:\/\/experienciadevida.com.ar\/portalurbano\/8m-alzamos-nuestras-voces-reclamando-igualdad-y-equidad-de-derechos\/\" \/>\n<meta property=\"og:locale\" content=\"es_ES\" \/>\n<meta property=\"og:type\" content=\"article\" \/>\n<meta property=\"og:title\" content=\"8M: &quot;Alzamos nuestras voces reclamando igualdad y equidad de derechos&quot; -\" \/>\n<meta property=\"og:description\" content=\"8M: &#8220;Alzamos nuestras voces reclamando igualdad y equidad de derechos&#8221;, as\u00ed lo mencionaron esta tarde...\" \/>\n<meta property=\"og:url\" content=\"https:\/\/experienciadevida.com.ar\/portalurbano\/8m-alzamos-nuestras-voces-reclamando-igualdad-y-equidad-de-derechos\/\" \/>\n<meta property=\"article:publisher\" content=\"https:\/\/www.facebook.com\/Portal-Urbano-171542830093757\/\" \/>\n<meta property=\"article:published_time\" content=\"2022-03-08T23:28:11+00:00\" \/>\n<meta property=\"article:modified_time\" content=\"2022-03-08T23:43:25+00:00\" \/>\n<meta property=\"og:image\" content=\"https:\/\/experienciadevida.com.ar\/portalurbano\/wp-content\/uploads\/2022\/03\/8M.jpg\" \/>\n\t<meta property=\"og:image:width\" content=\"765\" \/>\n\t<meta property=\"og:image:height\" content=\"510\" \/>\n\t<meta property=\"og:image:type\" content=\"image\/jpeg\" \/>\n<meta name=\"author\" content=\"admpu17wp\" \/>\n<meta name=\"twitter:card\" content=\"summary_large_image\" \/>\n<meta name=\"twitter:creator\" content=\"@portalurbanook\" \/>\n<meta name=\"twitter:site\" content=\"@portalurbanook\" \/>\n<meta name=\"twitter:label1\" content=\"Escrito por\" \/>\n\t<meta name=\"twitter:data1\" content=\"admpu17wp\" \/>\n\t<meta name=\"twitter:label2\" content=\"Tiempo de lectura\" \/>\n\t<meta name=\"twitter:data2\" content=\"12 minutos\" \/>\n<script type=\"application\/ld+json\" class=\"yoast-schema-graph\">{\"@context\":\"https:\/\/schema.org\",\"@graph\":[{\"@type\":\"Article\",\"@id\":\"https:\/\/experienciadevida.com.ar\/portalurbano\/8m-alzamos-nuestras-voces-reclamando-igualdad-y-equidad-de-derechos\/#article\",\"isPartOf\":{\"@id\":\"https:\/\/experienciadevida.com.ar\/portalurbano\/8m-alzamos-nuestras-voces-reclamando-igualdad-y-equidad-de-derechos\/\"},\"author\":{\"name\":\"admpu17wp\",\"@id\":\"https:\/\/experienciadevida.com.ar\/portalurbano\/#\/schema\/person\/02dd326b1c4b056e9cc972486934a3a7\"},\"headline\":\"8M: &#8220;Alzamos nuestras voces reclamando igualdad y equidad de derechos&#8221;\",\"datePublished\":\"2022-03-08T23:28:11+00:00\",\"dateModified\":\"2022-03-08T23:43:25+00:00\",\"mainEntityOfPage\":{\"@id\":\"https:\/\/experienciadevida.com.ar\/portalurbano\/8m-alzamos-nuestras-voces-reclamando-igualdad-y-equidad-de-derechos\/\"},\"wordCount\":2088,\"publisher\":{\"@id\":\"https:\/\/experienciadevida.com.ar\/portalurbano\/#organization\"},\"articleSection\":[\"Ciudad\",\"Destacadas\"],\"inLanguage\":\"es\"},{\"@type\":\"WebPage\",\"@id\":\"https:\/\/experienciadevida.com.ar\/portalurbano\/8m-alzamos-nuestras-voces-reclamando-igualdad-y-equidad-de-derechos\/\",\"url\":\"https:\/\/experienciadevida.com.ar\/portalurbano\/8m-alzamos-nuestras-voces-reclamando-igualdad-y-equidad-de-derechos\/\",\"name\":\"8M: \\\"Alzamos nuestras voces reclamando igualdad y equidad de derechos\\\" -\",\"isPartOf\":{\"@id\":\"https:\/\/experienciadevida.com.ar\/portalurbano\/#website\"},\"datePublished\":\"2022-03-08T23:28:11+00:00\",\"dateModified\":\"2022-03-08T23:43:25+00:00\",\"breadcrumb\":{\"@id\":\"https:\/\/experienciadevida.com.ar\/portalurbano\/8m-alzamos-nuestras-voces-reclamando-igualdad-y-equidad-de-derechos\/#breadcrumb\"},\"inLanguage\":\"es\",\"potentialAction\":[{\"@type\":\"ReadAction\",\"target\":[\"https:\/\/experienciadevida.com.ar\/portalurbano\/8m-alzamos-nuestras-voces-reclamando-igualdad-y-equidad-de-derechos\/\"]}]},{\"@type\":\"BreadcrumbList\",\"@id\":\"https:\/\/experienciadevida.com.ar\/portalurbano\/8m-alzamos-nuestras-voces-reclamando-igualdad-y-equidad-de-derechos\/#breadcrumb\",\"itemListElement\":[{\"@type\":\"ListItem\",\"position\":1,\"name\":\"Portada\",\"item\":\"https:\/\/experienciadevida.com.ar\/portalurbano\/\"},{\"@type\":\"ListItem\",\"position\":2,\"name\":\"8M: \u00abAlzamos nuestras voces reclamando igualdad y equidad de derechos\u00bb\"}]},{\"@type\":\"WebSite\",\"@id\":\"https:\/\/experienciadevida.com.ar\/portalurbano\/#website\",\"url\":\"https:\/\/experienciadevida.com.ar\/portalurbano\/\",\"name\":\"\",\"description\":\"\",\"publisher\":{\"@id\":\"https:\/\/experienciadevida.com.ar\/portalurbano\/#organization\"},\"potentialAction\":[{\"@type\":\"SearchAction\",\"target\":{\"@type\":\"EntryPoint\",\"urlTemplate\":\"https:\/\/experienciadevida.com.ar\/portalurbano\/?s={search_term_string}\"},\"query-input\":\"required name=search_term_string\"}],\"inLanguage\":\"es\"},{\"@type\":\"Organization\",\"@id\":\"https:\/\/experienciadevida.com.ar\/portalurbano\/#organization\",\"name\":\"Portal Urbano\",\"url\":\"https:\/\/experienciadevida.com.ar\/portalurbano\/\",\"logo\":{\"@type\":\"ImageObject\",\"inLanguage\":\"es\",\"@id\":\"https:\/\/experienciadevida.com.ar\/portalurbano\/#\/schema\/logo\/image\/\",\"url\":\"https:\/\/experienciadevida.com.ar\/portalurbano\/wp-content\/uploads\/2019\/09\/Logo-Original.png\",\"contentUrl\":\"https:\/\/experienciadevida.com.ar\/portalurbano\/wp-content\/uploads\/2019\/09\/Logo-Original.png\",\"width\":2236,\"height\":1216,\"caption\":\"Portal Urbano\"},\"image\":{\"@id\":\"https:\/\/experienciadevida.com.ar\/portalurbano\/#\/schema\/logo\/image\/\"},\"sameAs\":[\"https:\/\/www.facebook.com\/Portal-Urbano-171542830093757\/\",\"https:\/\/twitter.com\/portalurbanook\",\"https:\/\/www.instagram.com\/_portalurbano\/\",\"https:\/\/www.youtube.com\/channel\/UCXhagIfszH8KxFiOok79zbA?view_as=subscriber\"]},{\"@type\":\"Person\",\"@id\":\"https:\/\/experienciadevida.com.ar\/portalurbano\/#\/schema\/person\/02dd326b1c4b056e9cc972486934a3a7\",\"name\":\"admpu17wp\",\"image\":{\"@type\":\"ImageObject\",\"inLanguage\":\"es\",\"@id\":\"https:\/\/experienciadevida.com.ar\/portalurbano\/#\/schema\/person\/image\/\",\"url\":\"https:\/\/secure.gravatar.com\/avatar\/830d4c57adaae6630765e449a6908047?s=96&d=mm&r=g\",\"contentUrl\":\"https:\/\/secure.gravatar.com\/avatar\/830d4c57adaae6630765e449a6908047?s=96&d=mm&r=g\",\"caption\":\"admpu17wp\"}}]}<\/script>\n<!-- \/ Yoast SEO plugin. -->","yoast_head_json":{"title":"8M: \"Alzamos nuestras voces reclamando igualdad y equidad de derechos\" -","robots":{"index":"index","follow":"follow","max-snippet":"max-snippet:-1","max-image-preview":"max-image-preview:large","max-video-preview":"max-video-preview:-1"},"canonical":"https:\/\/experienciadevida.com.ar\/portalurbano\/8m-alzamos-nuestras-voces-reclamando-igualdad-y-equidad-de-derechos\/","og_locale":"es_ES","og_type":"article","og_title":"8M: \"Alzamos nuestras voces reclamando igualdad y equidad de derechos\" -","og_description":"8M: &#8220;Alzamos nuestras voces reclamando igualdad y equidad de derechos&#8221;, as\u00ed lo mencionaron esta tarde...","og_url":"https:\/\/experienciadevida.com.ar\/portalurbano\/8m-alzamos-nuestras-voces-reclamando-igualdad-y-equidad-de-derechos\/","article_publisher":"https:\/\/www.facebook.com\/Portal-Urbano-171542830093757\/","article_published_time":"2022-03-08T23:28:11+00:00","article_modified_time":"2022-03-08T23:43:25+00:00","og_image":[{"width":765,"height":510,"url":"https:\/\/experienciadevida.com.ar\/portalurbano\/wp-content\/uploads\/2022\/03\/8M.jpg","type":"image\/jpeg"}],"author":"admpu17wp","twitter_card":"summary_large_image","twitter_creator":"@portalurbanook","twitter_site":"@portalurbanook","twitter_misc":{"Escrito por":"admpu17wp","Tiempo de lectura":"12 minutos"},"schema":{"@context":"https:\/\/schema.org","@graph":[{"@type":"Article","@id":"https:\/\/experienciadevida.com.ar\/portalurbano\/8m-alzamos-nuestras-voces-reclamando-igualdad-y-equidad-de-derechos\/#article","isPartOf":{"@id":"https:\/\/experienciadevida.com.ar\/portalurbano\/8m-alzamos-nuestras-voces-reclamando-igualdad-y-equidad-de-derechos\/"},"author":{"name":"admpu17wp","@id":"https:\/\/experienciadevida.com.ar\/portalurbano\/#\/schema\/person\/02dd326b1c4b056e9cc972486934a3a7"},"headline":"8M: &#8220;Alzamos nuestras voces reclamando igualdad y equidad de derechos&#8221;","datePublished":"2022-03-08T23:28:11+00:00","dateModified":"2022-03-08T23:43:25+00:00","mainEntityOfPage":{"@id":"https:\/\/experienciadevida.com.ar\/portalurbano\/8m-alzamos-nuestras-voces-reclamando-igualdad-y-equidad-de-derechos\/"},"wordCount":2088,"publisher":{"@id":"https:\/\/experienciadevida.com.ar\/portalurbano\/#organization"},"articleSection":["Ciudad","Destacadas"],"inLanguage":"es"},{"@type":"WebPage","@id":"https:\/\/experienciadevida.com.ar\/portalurbano\/8m-alzamos-nuestras-voces-reclamando-igualdad-y-equidad-de-derechos\/","url":"https:\/\/experienciadevida.com.ar\/portalurbano\/8m-alzamos-nuestras-voces-reclamando-igualdad-y-equidad-de-derechos\/","name":"8M: \"Alzamos nuestras voces reclamando igualdad y equidad de derechos\" -","isPartOf":{"@id":"https:\/\/experienciadevida.com.ar\/portalurbano\/#website"},"datePublished":"2022-03-08T23:28:11+00:00","dateModified":"2022-03-08T23:43:25+00:00","breadcrumb":{"@id":"https:\/\/experienciadevida.com.ar\/portalurbano\/8m-alzamos-nuestras-voces-reclamando-igualdad-y-equidad-de-derechos\/#breadcrumb"},"inLanguage":"es","potentialAction":[{"@type":"ReadAction","target":["https:\/\/experienciadevida.com.ar\/portalurbano\/8m-alzamos-nuestras-voces-reclamando-igualdad-y-equidad-de-derechos\/"]}]},{"@type":"BreadcrumbList","@id":"https:\/\/experienciadevida.com.ar\/portalurbano\/8m-alzamos-nuestras-voces-reclamando-igualdad-y-equidad-de-derechos\/#breadcrumb","itemListElement":[{"@type":"ListItem","position":1,"name":"Portada","item":"https:\/\/experienciadevida.com.ar\/portalurbano\/"},{"@type":"ListItem","position":2,"name":"8M: \u00abAlzamos nuestras voces reclamando igualdad y equidad de derechos\u00bb"}]},{"@type":"WebSite","@id":"https:\/\/experienciadevida.com.ar\/portalurbano\/#website","url":"https:\/\/experienciadevida.com.ar\/portalurbano\/","name":"","description":"","publisher":{"@id":"https:\/\/experienciadevida.com.ar\/portalurbano\/#organization"},"potentialAction":[{"@type":"SearchAction","target":{"@type":"EntryPoint","urlTemplate":"https:\/\/experienciadevida.com.ar\/portalurbano\/?s={search_term_string}"},"query-input":"required name=search_term_string"}],"inLanguage":"es"},{"@type":"Organization","@id":"https:\/\/experienciadevida.com.ar\/portalurbano\/#organization","name":"Portal Urbano","url":"https:\/\/experienciadevida.com.ar\/portalurbano\/","logo":{"@type":"ImageObject","inLanguage":"es","@id":"https:\/\/experienciadevida.com.ar\/portalurbano\/#\/schema\/logo\/image\/","url":"https:\/\/experienciadevida.com.ar\/portalurbano\/wp-content\/uploads\/2019\/09\/Logo-Original.png","contentUrl":"https:\/\/experienciadevida.com.ar\/portalurbano\/wp-content\/uploads\/2019\/09\/Logo-Original.png","width":2236,"height":1216,"caption":"Portal Urbano"},"image":{"@id":"https:\/\/experienciadevida.com.ar\/portalurbano\/#\/schema\/logo\/image\/"},"sameAs":["https:\/\/www.facebook.com\/Portal-Urbano-171542830093757\/","https:\/\/twitter.com\/portalurbanook","https:\/\/www.instagram.com\/_portalurbano\/","https:\/\/www.youtube.com\/channel\/UCXhagIfszH8KxFiOok79zbA?view_as=subscriber"]},{"@type":"Person","@id":"https:\/\/experienciadevida.com.ar\/portalurbano\/#\/schema\/person\/02dd326b1c4b056e9cc972486934a3a7","name":"admpu17wp","image":{"@type":"ImageObject","inLanguage":"es","@id":"https:\/\/experienciadevida.com.ar\/portalurbano\/#\/schema\/person\/image\/","url":"https:\/\/secure.gravatar.com\/avatar\/830d4c57adaae6630765e449a6908047?s=96&d=mm&r=g","contentUrl":"https:\/\/secure.gravatar.com\/avatar\/830d4c57adaae6630765e449a6908047?s=96&d=mm&r=g","caption":"admpu17wp"}}]}},"featured_image_urls":{"full":["https:\/\/experienciadevida.com.ar\/portalurbano\/wp-content\/uploads\/2022\/03\/8M.jpg",765,510,false],"thumbnail":["https:\/\/experienciadevida.com.ar\/portalurbano\/wp-content\/uploads\/2022\/03\/8M-150x150.jpg",150,150,true],"medium":["https:\/\/experienciadevida.com.ar\/portalurbano\/wp-content\/uploads\/2022\/03\/8M-300x200.jpg",300,200,true],"medium_large":["https:\/\/experienciadevida.com.ar\/portalurbano\/wp-content\/uploads\/2022\/03\/8M.jpg",640,427,false],"large":["https:\/\/experienciadevida.com.ar\/portalurbano\/wp-content\/uploads\/2022\/03\/8M.jpg",640,427,false],"ug_big":["https:\/\/experienciadevida.com.ar\/portalurbano\/wp-content\/uploads\/2022\/03\/8M.jpg",765,510,false],"1536x1536":["https:\/\/experienciadevida.com.ar\/portalurbano\/wp-content\/uploads\/2022\/03\/8M.jpg",765,510,false],"2048x2048":["https:\/\/experienciadevida.com.ar\/portalurbano\/wp-content\/uploads\/2022\/03\/8M.jpg",765,510,false],"newsever-slider-full":["https:\/\/experienciadevida.com.ar\/portalurbano\/wp-content\/uploads\/2022\/03\/8M.jpg",765,510,false],"newsever-featured":["https:\/\/experienciadevida.com.ar\/portalurbano\/wp-content\/uploads\/2022\/03\/8M.jpg",765,510,false],"newsever-medium":["https:\/\/experienciadevida.com.ar\/portalurbano\/wp-content\/uploads\/2022\/03\/8M.jpg",713,475,false],"web-stories-poster-portrait":["https:\/\/experienciadevida.com.ar\/portalurbano\/wp-content\/uploads\/2022\/03\/8M.jpg",640,427,false],"web-stories-publisher-logo":["https:\/\/experienciadevida.com.ar\/portalurbano\/wp-content\/uploads\/2022\/03\/8M.jpg",96,64,false],"web-stories-thumbnail":["https:\/\/experienciadevida.com.ar\/portalurbano\/wp-content\/uploads\/2022\/03\/8M.jpg",150,100,false]},"author_info":{"display_name":"admpu17wp","author_link":"https:\/\/experienciadevida.com.ar\/portalurbano\/author\/admpu17wp\/"},"category_info":"<a href=\"https:\/\/experienciadevida.com.ar\/portalurbano\/category\/ciudad\/\" rel=\"category tag\">Ciudad<\/a> <a href=\"https:\/\/experienciadevida.com.ar\/portalurbano\/category\/destacadas\/\" rel=\"category tag\">Destacadas<\/a>","tag_info":"Destacadas","comment_count":"0","amp_enabled":true,"_links":{"self":[{"href":"https:\/\/experienciadevida.com.ar\/portalurbano\/wp-json\/wp\/v2\/posts\/163171"}],"collection":[{"href":"https:\/\/experienciadevida.com.ar\/portalurbano\/wp-json\/wp\/v2\/posts"}],"about":[{"href":"https:\/\/experienciadevida.com.ar\/portalurbano\/wp-json\/wp\/v2\/types\/post"}],"author":[{"embeddable":true,"href":"https:\/\/experienciadevida.com.ar\/portalurbano\/wp-json\/wp\/v2\/users\/1"}],"replies":[{"embeddable":true,"href":"https:\/\/experienciadevida.com.ar\/portalurbano\/wp-json\/wp\/v2\/comments?post=163171"}],"version-history":[{"count":6,"href":"https:\/\/experienciadevida.com.ar\/portalurbano\/wp-json\/wp\/v2\/posts\/163171\/revisions"}],"predecessor-version":[{"id":163189,"href":"https:\/\/experienciadevida.com.ar\/portalurbano\/wp-json\/wp\/v2\/posts\/163171\/revisions\/163189"}],"wp:featuredmedia":[{"embeddable":true,"href":"https:\/\/experienciadevida.com.ar\/portalurbano\/wp-json\/wp\/v2\/media\/163172"}],"wp:attachment":[{"href":"https:\/\/experienciadevida.com.ar\/portalurbano\/wp-json\/wp\/v2\/media?parent=163171"}],"wp:term":[{"taxonomy":"category","embeddable":true,"href":"https:\/\/experienciadevida.com.ar\/portalurbano\/wp-json\/wp\/v2\/categories?post=163171"},{"taxonomy":"post_tag","embeddable":true,"href":"https:\/\/experienciadevida.com.ar\/portalurbano\/wp-json\/wp\/v2\/tags?post=163171"}],"curies":[{"name":"wp","href":"https:\/\/api.w.org\/{rel}","templated":true}]}}