{"id":163147,"date":"2022-03-08T15:58:34","date_gmt":"2022-03-08T18:58:34","guid":{"rendered":"https:\/\/experienciadevida.com.ar\/portalurbano\/?p=163147"},"modified":"2022-03-08T16:16:20","modified_gmt":"2022-03-08T19:16:20","slug":"dia-internacional-de-la-mujer-5-historias-de-mujeres-inspiradoras","status":"publish","type":"post","link":"https:\/\/experienciadevida.com.ar\/portalurbano\/dia-internacional-de-la-mujer-5-historias-de-mujeres-inspiradoras\/","title":{"rendered":"D\u00eda Internacional de la Mujer: 5 historias de mujeres inspiradoras"},"content":{"rendered":"<p>D\u00eda Internacional de la Mujer: 5 historias de mujeres inspiradoras, desde la Secretar\u00eda de Desarrollo Econ\u00f3mico, en el D\u00eda Internacional de la Mujer, se destaca el trabajo diario de mujeres emprendedoras, empresarias y trabajadoras, que han ganado espacios en rubros pensados culturalmente para el hombre y que, barriendo esos prejuicios y a base de esfuerzo, formaci\u00f3n y perseverancia, hoy se desempe\u00f1an en sus lugares de trabajo.<\/p>\n<p>He aqu\u00ed cinco historias de mujeres que representan a cientos de ellas que luchan por su participaci\u00f3n en la sociedad y su desarrollo \u00edntegro como persona, en pie de igualdad con el hombre. Algunas son sost\u00e9n de familia, otras contin\u00faan una tradici\u00f3n familiar o simplemente por las mismas ganas de incursionar en \u00e1mbitos laborales diferentes a los acostumbrados. Detr\u00e1s de cada gran mujer, existe una historia que la convirti\u00f3 en guerrera.<\/p>\n<p>1) El equipo de Desarrollo Econ\u00f3mico visit\u00f3 a las hermanas Jorgelina y Paola Zanga, quienes desde hace 30 a\u00f1os contin\u00faan con el emprendimiento familiar, iniciado por su padre Jorge Zanga 54 a\u00f1os atr\u00e1s. Son la cara visible de la empresa Deterxil, firma tradicional de nuestra ciudad dedicada a la distribuci\u00f3n y venta de productos de limpieza ubicados en el barrio San Vicente. Todas las ma\u00f1anas Jorgelina y Paola lideran un grupo de trabajo de 6 personas y organizan el funcionar diario de la empresa desde el manejo de proveedores, facturaci\u00f3n, fabricaci\u00f3n de productos, ventas y asesoramiento, con las mismas ganas desde que iniciaron estas tareas que las complementan d\u00eda a d\u00eda con su rol de madre.<\/p>\n<p>2) Karina Labaroni, madre de 3 hijos, hace 8 a\u00f1os es sost\u00e9n de familia dedic\u00e1ndose a la herrer\u00eda artesanal. El gusto y su curiosidad nata por el manejo de herramientas la llevo a investigar sobre el uso de las mismas, y con mucho empe\u00f1o y pr\u00e1ctica fue dise\u00f1ando y perfeccionando productos de decoraci\u00f3n para el hogar hasta otros de mayor envergadura como rejas, muebles, composteras. Adem\u00e1s realiza restauraci\u00f3n de muebles de madera y herrer\u00eda en general combinando trabajos de gran y peque\u00f1o porte. Actualmente se encuentra vinculada a un programa de empleo independiente, impulsado por la Secretaria con el objetivo de fortalecer su proyecto.<\/p>\n<p>3) Andrea Capparuccia, mam\u00e1 de una adolescente, es un ejemplo de que nunca es tarde para seguir cumpliendo sue\u00f1os. Despu\u00e9s de jubilarse, tras varios a\u00f1os dedicados a la docencia y con la excusa de seguir trabajando y sentirse activa decidi\u00f3 formarse como electricista, oficio que siempre despert\u00f3 su inter\u00e9s. De a poco y luego de asociarse con Juan Kromberger -que tambi\u00e9n ayud\u00f3 en su formaci\u00f3n pr\u00e1ctica- ofrecen un servicio personalizado de electricidad a domicilio. Andrea destaca que en base s\u00f3lida de confianza ha generado un importante nicho de mercado de clientas mujeres.<\/p>\n<p>4) Nelba Porcel, madre de 3 hijos, actualmente se desempe\u00f1a como volquetista. Su objetivo y principal aspiraci\u00f3n es el aprendizaje, la capacitaci\u00f3n constante y el superarse d\u00eda a d\u00eda en esta profesi\u00f3n que actualmente ejerce. Hace ya 5 a\u00f1os que trabaja como Operadora de Volquetes en Galasur S. A. Sierra Chica. Para aprender sobre esta profesi\u00f3n y capacitarse realiz\u00f3 cursos sobre Volquetes, pala cargadora Frontal, Retroexcavadoras y Autoelevadores, a trav\u00e9s de actividades organizadas por la Secretar\u00eda de Desarrollo Econ\u00f3mico en conjunto con el ITecO (Instituto Tecnol\u00f3gico de Olavarr\u00eda) Pronto continuar\u00e1 realizando cursos para adquirir nuevos conocimientos, en lo que respecta a motoniveladora y minicargadora.<\/p>\n<p>5) Daniela Sanchez, es Ingeniera en sistemas y comenz\u00f3 a trabajar en la minera Alumbrera ubicada en la provincia de Catamarca, all\u00ed se especializ\u00f3 en el manejo de explosivos controlados de manera electr\u00f3nica. Lleg\u00f3 a Olavarr\u00eda en el 2007 y trabaj\u00f3 para empresas de explosivos brindando asesoramiento t\u00e9cnico en voladuras para canteras. Desde Mayo de 2021 se desempe\u00f1a como consultora externa en la cantera Galasur, para aplicar su conocimiento como especialista en explosivos con el fin de minimizar el impacto ambiental mejorando la calidad de vida con los habitantes de la zona, incorporando tecnolog\u00eda para medir vibraciones. Particip\u00f3 de la confecci\u00f3n del Manual de Pr\u00e1cticas Mineras llevado adelante por la Secretar\u00eda de Desarrollo Econ\u00f3mico aportando conocimiento y experiencia que adquiri\u00f3 en Congresos realizados en Chile, Per\u00fa y Colombia. Daniela invita a que m\u00e1s mujeres se animen a vincularse al sector minero y manifiesta que siente un gran compromiso con su peque\u00f1a hija al demostrarle que uno puede desarrollarse en cualquier \u00e1mbito laboral.<\/p>\n<p>&nbsp;<\/p>\n","protected":false},"excerpt":{"rendered":"<p>D\u00eda Internacional de la Mujer: 5 historias de mujeres inspiradoras, desde la Secretar\u00eda de Desarrollo&#8230;<\/p>\n","protected":false},"author":1,"featured_media":163148,"comment_status":"closed","ping_status":"closed","sticky":false,"template":"","format":"standard","meta":{"content-type":""},"categories":[27,51],"tags":[],"nelio_content":{"isAutoShareEnabled":false,"autoShareEndMode":"default","automationSources":{"useContentSentences":true,"useSocialTemplates":true,"useCustomSentences":false,"customSentences":[]},"followers":[1],"suggestedReferences":[],"includedReferences":[],"efiUrl":"","efiAlt":"","highlights":[]},"yoast_head":"<!-- This site is optimized with the Yoast SEO plugin v20.7 - https:\/\/yoast.com\/wordpress\/plugins\/seo\/ -->\n<title>D\u00eda internacional de la mujer: 5 historias de mujeres inspiradoras<\/title>\n<meta name=\"description\" content=\"D\u00eda Internacional de la Mujer: 5 historias de mujeres inspiradoras, se destaca el trabajo diario de mujeres emprendedoras, empresarias\" \/>\n<meta name=\"robots\" content=\"index, follow, max-snippet:-1, max-image-preview:large, max-video-preview:-1\" \/>\n<link rel=\"canonical\" href=\"https:\/\/experienciadevida.com.ar\/portalurbano\/dia-internacional-de-la-mujer-5-historias-de-mujeres-inspiradoras\/\" \/>\n<meta property=\"og:locale\" content=\"es_ES\" \/>\n<meta property=\"og:type\" content=\"article\" \/>\n<meta property=\"og:title\" content=\"D\u00eda internacional de la mujer: 5 historias de mujeres inspiradoras\" \/>\n<meta property=\"og:description\" content=\"D\u00eda Internacional de la Mujer: 5 historias de mujeres inspiradoras, se destaca el trabajo diario de mujeres emprendedoras, empresarias\" \/>\n<meta property=\"og:url\" content=\"https:\/\/experienciadevida.com.ar\/portalurbano\/dia-internacional-de-la-mujer-5-historias-de-mujeres-inspiradoras\/\" \/>\n<meta property=\"article:publisher\" content=\"https:\/\/www.facebook.com\/Portal-Urbano-171542830093757\/\" \/>\n<meta property=\"article:published_time\" content=\"2022-03-08T18:58:34+00:00\" \/>\n<meta property=\"article:modified_time\" content=\"2022-03-08T19:16:20+00:00\" \/>\n<meta property=\"og:image\" content=\"https:\/\/experienciadevida.com.ar\/portalurbano\/wp-content\/uploads\/2022\/03\/Dia-Internacional-de-la.jpg\" \/>\n\t<meta property=\"og:image:width\" content=\"2560\" \/>\n\t<meta property=\"og:image:height\" content=\"1440\" \/>\n\t<meta property=\"og:image:type\" content=\"image\/jpeg\" \/>\n<meta name=\"author\" content=\"admpu17wp\" \/>\n<meta name=\"twitter:card\" content=\"summary_large_image\" \/>\n<meta name=\"twitter:creator\" content=\"@portalurbanook\" \/>\n<meta name=\"twitter:site\" content=\"@portalurbanook\" \/>\n<meta name=\"twitter:label1\" content=\"Escrito por\" \/>\n\t<meta name=\"twitter:data1\" content=\"admpu17wp\" \/>\n\t<meta name=\"twitter:label2\" content=\"Tiempo de lectura\" \/>\n\t<meta name=\"twitter:data2\" content=\"4 minutos\" \/>\n<script type=\"application\/ld+json\" class=\"yoast-schema-graph\">{\"@context\":\"https:\/\/schema.org\",\"@graph\":[{\"@type\":\"Article\",\"@id\":\"https:\/\/experienciadevida.com.ar\/portalurbano\/dia-internacional-de-la-mujer-5-historias-de-mujeres-inspiradoras\/#article\",\"isPartOf\":{\"@id\":\"https:\/\/experienciadevida.com.ar\/portalurbano\/dia-internacional-de-la-mujer-5-historias-de-mujeres-inspiradoras\/\"},\"author\":{\"name\":\"admpu17wp\",\"@id\":\"https:\/\/experienciadevida.com.ar\/portalurbano\/#\/schema\/person\/02dd326b1c4b056e9cc972486934a3a7\"},\"headline\":\"D\u00eda Internacional de la Mujer: 5 historias de mujeres inspiradoras\",\"datePublished\":\"2022-03-08T18:58:34+00:00\",\"dateModified\":\"2022-03-08T19:16:20+00:00\",\"mainEntityOfPage\":{\"@id\":\"https:\/\/experienciadevida.com.ar\/portalurbano\/dia-internacional-de-la-mujer-5-historias-de-mujeres-inspiradoras\/\"},\"wordCount\":777,\"publisher\":{\"@id\":\"https:\/\/experienciadevida.com.ar\/portalurbano\/#organization\"},\"articleSection\":[\"Ciudad\",\"Destacadas\"],\"inLanguage\":\"es\"},{\"@type\":\"WebPage\",\"@id\":\"https:\/\/experienciadevida.com.ar\/portalurbano\/dia-internacional-de-la-mujer-5-historias-de-mujeres-inspiradoras\/\",\"url\":\"https:\/\/experienciadevida.com.ar\/portalurbano\/dia-internacional-de-la-mujer-5-historias-de-mujeres-inspiradoras\/\",\"name\":\"D\u00eda internacional de la mujer: 5 historias de mujeres inspiradoras\",\"isPartOf\":{\"@id\":\"https:\/\/experienciadevida.com.ar\/portalurbano\/#website\"},\"datePublished\":\"2022-03-08T18:58:34+00:00\",\"dateModified\":\"2022-03-08T19:16:20+00:00\",\"description\":\"D\u00eda Internacional de la Mujer: 5 historias de mujeres inspiradoras, se destaca el trabajo diario de mujeres emprendedoras, empresarias\",\"breadcrumb\":{\"@id\":\"https:\/\/experienciadevida.com.ar\/portalurbano\/dia-internacional-de-la-mujer-5-historias-de-mujeres-inspiradoras\/#breadcrumb\"},\"inLanguage\":\"es\",\"potentialAction\":[{\"@type\":\"ReadAction\",\"target\":[\"https:\/\/experienciadevida.com.ar\/portalurbano\/dia-internacional-de-la-mujer-5-historias-de-mujeres-inspiradoras\/\"]}]},{\"@type\":\"BreadcrumbList\",\"@id\":\"https:\/\/experienciadevida.com.ar\/portalurbano\/dia-internacional-de-la-mujer-5-historias-de-mujeres-inspiradoras\/#breadcrumb\",\"itemListElement\":[{\"@type\":\"ListItem\",\"position\":1,\"name\":\"Portada\",\"item\":\"https:\/\/experienciadevida.com.ar\/portalurbano\/\"},{\"@type\":\"ListItem\",\"position\":2,\"name\":\"D\u00eda Internacional de la Mujer: 5 historias de mujeres inspiradoras\"}]},{\"@type\":\"WebSite\",\"@id\":\"https:\/\/experienciadevida.com.ar\/portalurbano\/#website\",\"url\":\"https:\/\/experienciadevida.com.ar\/portalurbano\/\",\"name\":\"\",\"description\":\"\",\"publisher\":{\"@id\":\"https:\/\/experienciadevida.com.ar\/portalurbano\/#organization\"},\"potentialAction\":[{\"@type\":\"SearchAction\",\"target\":{\"@type\":\"EntryPoint\",\"urlTemplate\":\"https:\/\/experienciadevida.com.ar\/portalurbano\/?s={search_term_string}\"},\"query-input\":\"required name=search_term_string\"}],\"inLanguage\":\"es\"},{\"@type\":\"Organization\",\"@id\":\"https:\/\/experienciadevida.com.ar\/portalurbano\/#organization\",\"name\":\"Portal Urbano\",\"url\":\"https:\/\/experienciadevida.com.ar\/portalurbano\/\",\"logo\":{\"@type\":\"ImageObject\",\"inLanguage\":\"es\",\"@id\":\"https:\/\/experienciadevida.com.ar\/portalurbano\/#\/schema\/logo\/image\/\",\"url\":\"https:\/\/experienciadevida.com.ar\/portalurbano\/wp-content\/uploads\/2019\/09\/Logo-Original.png\",\"contentUrl\":\"https:\/\/experienciadevida.com.ar\/portalurbano\/wp-content\/uploads\/2019\/09\/Logo-Original.png\",\"width\":2236,\"height\":1216,\"caption\":\"Portal Urbano\"},\"image\":{\"@id\":\"https:\/\/experienciadevida.com.ar\/portalurbano\/#\/schema\/logo\/image\/\"},\"sameAs\":[\"https:\/\/www.facebook.com\/Portal-Urbano-171542830093757\/\",\"https:\/\/twitter.com\/portalurbanook\",\"https:\/\/www.instagram.com\/_portalurbano\/\",\"https:\/\/www.youtube.com\/channel\/UCXhagIfszH8KxFiOok79zbA?view_as=subscriber\"]},{\"@type\":\"Person\",\"@id\":\"https:\/\/experienciadevida.com.ar\/portalurbano\/#\/schema\/person\/02dd326b1c4b056e9cc972486934a3a7\",\"name\":\"admpu17wp\",\"image\":{\"@type\":\"ImageObject\",\"inLanguage\":\"es\",\"@id\":\"https:\/\/experienciadevida.com.ar\/portalurbano\/#\/schema\/person\/image\/\",\"url\":\"https:\/\/secure.gravatar.com\/avatar\/830d4c57adaae6630765e449a6908047?s=96&d=mm&r=g\",\"contentUrl\":\"https:\/\/secure.gravatar.com\/avatar\/830d4c57adaae6630765e449a6908047?s=96&d=mm&r=g\",\"caption\":\"admpu17wp\"}}]}<\/script>\n<!-- \/ Yoast SEO plugin. -->","yoast_head_json":{"title":"D\u00eda internacional de la mujer: 5 historias de mujeres inspiradoras","description":"D\u00eda Internacional de la Mujer: 5 historias de mujeres inspiradoras, se destaca el trabajo diario de mujeres emprendedoras, empresarias","robots":{"index":"index","follow":"follow","max-snippet":"max-snippet:-1","max-image-preview":"max-image-preview:large","max-video-preview":"max-video-preview:-1"},"canonical":"https:\/\/experienciadevida.com.ar\/portalurbano\/dia-internacional-de-la-mujer-5-historias-de-mujeres-inspiradoras\/","og_locale":"es_ES","og_type":"article","og_title":"D\u00eda internacional de la mujer: 5 historias de mujeres inspiradoras","og_description":"D\u00eda Internacional de la Mujer: 5 historias de mujeres inspiradoras, se destaca el trabajo diario de mujeres emprendedoras, empresarias","og_url":"https:\/\/experienciadevida.com.ar\/portalurbano\/dia-internacional-de-la-mujer-5-historias-de-mujeres-inspiradoras\/","article_publisher":"https:\/\/www.facebook.com\/Portal-Urbano-171542830093757\/","article_published_time":"2022-03-08T18:58:34+00:00","article_modified_time":"2022-03-08T19:16:20+00:00","og_image":[{"width":2560,"height":1440,"url":"https:\/\/experienciadevida.com.ar\/portalurbano\/wp-content\/uploads\/2022\/03\/Dia-Internacional-de-la.jpg","type":"image\/jpeg"}],"author":"admpu17wp","twitter_card":"summary_large_image","twitter_creator":"@portalurbanook","twitter_site":"@portalurbanook","twitter_misc":{"Escrito por":"admpu17wp","Tiempo de lectura":"4 minutos"},"schema":{"@context":"https:\/\/schema.org","@graph":[{"@type":"Article","@id":"https:\/\/experienciadevida.com.ar\/portalurbano\/dia-internacional-de-la-mujer-5-historias-de-mujeres-inspiradoras\/#article","isPartOf":{"@id":"https:\/\/experienciadevida.com.ar\/portalurbano\/dia-internacional-de-la-mujer-5-historias-de-mujeres-inspiradoras\/"},"author":{"name":"admpu17wp","@id":"https:\/\/experienciadevida.com.ar\/portalurbano\/#\/schema\/person\/02dd326b1c4b056e9cc972486934a3a7"},"headline":"D\u00eda Internacional de la Mujer: 5 historias de mujeres inspiradoras","datePublished":"2022-03-08T18:58:34+00:00","dateModified":"2022-03-08T19:16:20+00:00","mainEntityOfPage":{"@id":"https:\/\/experienciadevida.com.ar\/portalurbano\/dia-internacional-de-la-mujer-5-historias-de-mujeres-inspiradoras\/"},"wordCount":777,"publisher":{"@id":"https:\/\/experienciadevida.com.ar\/portalurbano\/#organization"},"articleSection":["Ciudad","Destacadas"],"inLanguage":"es"},{"@type":"WebPage","@id":"https:\/\/experienciadevida.com.ar\/portalurbano\/dia-internacional-de-la-mujer-5-historias-de-mujeres-inspiradoras\/","url":"https:\/\/experienciadevida.com.ar\/portalurbano\/dia-internacional-de-la-mujer-5-historias-de-mujeres-inspiradoras\/","name":"D\u00eda internacional de la mujer: 5 historias de mujeres inspiradoras","isPartOf":{"@id":"https:\/\/experienciadevida.com.ar\/portalurbano\/#website"},"datePublished":"2022-03-08T18:58:34+00:00","dateModified":"2022-03-08T19:16:20+00:00","description":"D\u00eda Internacional de la Mujer: 5 historias de mujeres inspiradoras, se destaca el trabajo diario de mujeres emprendedoras, empresarias","breadcrumb":{"@id":"https:\/\/experienciadevida.com.ar\/portalurbano\/dia-internacional-de-la-mujer-5-historias-de-mujeres-inspiradoras\/#breadcrumb"},"inLanguage":"es","potentialAction":[{"@type":"ReadAction","target":["https:\/\/experienciadevida.com.ar\/portalurbano\/dia-internacional-de-la-mujer-5-historias-de-mujeres-inspiradoras\/"]}]},{"@type":"BreadcrumbList","@id":"https:\/\/experienciadevida.com.ar\/portalurbano\/dia-internacional-de-la-mujer-5-historias-de-mujeres-inspiradoras\/#breadcrumb","itemListElement":[{"@type":"ListItem","position":1,"name":"Portada","item":"https:\/\/experienciadevida.com.ar\/portalurbano\/"},{"@type":"ListItem","position":2,"name":"D\u00eda Internacional de la Mujer: 5 historias de mujeres inspiradoras"}]},{"@type":"WebSite","@id":"https:\/\/experienciadevida.com.ar\/portalurbano\/#website","url":"https:\/\/experienciadevida.com.ar\/portalurbano\/","name":"","description":"","publisher":{"@id":"https:\/\/experienciadevida.com.ar\/portalurbano\/#organization"},"potentialAction":[{"@type":"SearchAction","target":{"@type":"EntryPoint","urlTemplate":"https:\/\/experienciadevida.com.ar\/portalurbano\/?s={search_term_string}"},"query-input":"required name=search_term_string"}],"inLanguage":"es"},{"@type":"Organization","@id":"https:\/\/experienciadevida.com.ar\/portalurbano\/#organization","name":"Portal Urbano","url":"https:\/\/experienciadevida.com.ar\/portalurbano\/","logo":{"@type":"ImageObject","inLanguage":"es","@id":"https:\/\/experienciadevida.com.ar\/portalurbano\/#\/schema\/logo\/image\/","url":"https:\/\/experienciadevida.com.ar\/portalurbano\/wp-content\/uploads\/2019\/09\/Logo-Original.png","contentUrl":"https:\/\/experienciadevida.com.ar\/portalurbano\/wp-content\/uploads\/2019\/09\/Logo-Original.png","width":2236,"height":1216,"caption":"Portal Urbano"},"image":{"@id":"https:\/\/experienciadevida.com.ar\/portalurbano\/#\/schema\/logo\/image\/"},"sameAs":["https:\/\/www.facebook.com\/Portal-Urbano-171542830093757\/","https:\/\/twitter.com\/portalurbanook","https:\/\/www.instagram.com\/_portalurbano\/","https:\/\/www.youtube.com\/channel\/UCXhagIfszH8KxFiOok79zbA?view_as=subscriber"]},{"@type":"Person","@id":"https:\/\/experienciadevida.com.ar\/portalurbano\/#\/schema\/person\/02dd326b1c4b056e9cc972486934a3a7","name":"admpu17wp","image":{"@type":"ImageObject","inLanguage":"es","@id":"https:\/\/experienciadevida.com.ar\/portalurbano\/#\/schema\/person\/image\/","url":"https:\/\/secure.gravatar.com\/avatar\/830d4c57adaae6630765e449a6908047?s=96&d=mm&r=g","contentUrl":"https:\/\/secure.gravatar.com\/avatar\/830d4c57adaae6630765e449a6908047?s=96&d=mm&r=g","caption":"admpu17wp"}}]}},"featured_image_urls":{"full":["https:\/\/experienciadevida.com.ar\/portalurbano\/wp-content\/uploads\/2022\/03\/Dia-Internacional-de-la.jpg",2560,1440,false],"thumbnail":["https:\/\/experienciadevida.com.ar\/portalurbano\/wp-content\/uploads\/2022\/03\/Dia-Internacional-de-la-150x150.jpg",150,150,true],"medium":["https:\/\/experienciadevida.com.ar\/portalurbano\/wp-content\/uploads\/2022\/03\/Dia-Internacional-de-la-300x169.jpg",300,169,true],"medium_large":["https:\/\/experienciadevida.com.ar\/portalurbano\/wp-content\/uploads\/2022\/03\/Dia-Internacional-de-la-768x432.jpg",640,360,true],"large":["https:\/\/experienciadevida.com.ar\/portalurbano\/wp-content\/uploads\/2022\/03\/Dia-Internacional-de-la-1024x576.jpg",640,360,true],"ug_big":["https:\/\/experienciadevida.com.ar\/portalurbano\/wp-content\/uploads\/2022\/03\/Dia-Internacional-de-la-768x432.jpg",768,432,true],"1536x1536":["https:\/\/experienciadevida.com.ar\/portalurbano\/wp-content\/uploads\/2022\/03\/Dia-Internacional-de-la-1536x864.jpg",1536,864,true],"2048x2048":["https:\/\/experienciadevida.com.ar\/portalurbano\/wp-content\/uploads\/2022\/03\/Dia-Internacional-de-la-2048x1152.jpg",2048,1152,true],"newsever-slider-full":["https:\/\/experienciadevida.com.ar\/portalurbano\/wp-content\/uploads\/2022\/03\/Dia-Internacional-de-la.jpg",1280,720,false],"newsever-featured":["https:\/\/experienciadevida.com.ar\/portalurbano\/wp-content\/uploads\/2022\/03\/Dia-Internacional-de-la.jpg",1024,576,false],"newsever-medium":["https:\/\/experienciadevida.com.ar\/portalurbano\/wp-content\/uploads\/2022\/03\/Dia-Internacional-de-la.jpg",720,405,false],"web-stories-poster-portrait":["https:\/\/experienciadevida.com.ar\/portalurbano\/wp-content\/uploads\/2022\/03\/Dia-Internacional-de-la.jpg",640,360,false],"web-stories-publisher-logo":["https:\/\/experienciadevida.com.ar\/portalurbano\/wp-content\/uploads\/2022\/03\/Dia-Internacional-de-la.jpg",96,54,false],"web-stories-thumbnail":["https:\/\/experienciadevida.com.ar\/portalurbano\/wp-content\/uploads\/2022\/03\/Dia-Internacional-de-la.jpg",150,84,false]},"author_info":{"display_name":"admpu17wp","author_link":"https:\/\/experienciadevida.com.ar\/portalurbano\/author\/admpu17wp\/"},"category_info":"<a href=\"https:\/\/experienciadevida.com.ar\/portalurbano\/category\/ciudad\/\" rel=\"category tag\">Ciudad<\/a> <a href=\"https:\/\/experienciadevida.com.ar\/portalurbano\/category\/destacadas\/\" rel=\"category tag\">Destacadas<\/a>","tag_info":"Destacadas","comment_count":"0","amp_enabled":true,"_links":{"self":[{"href":"https:\/\/experienciadevida.com.ar\/portalurbano\/wp-json\/wp\/v2\/posts\/163147"}],"collection":[{"href":"https:\/\/experienciadevida.com.ar\/portalurbano\/wp-json\/wp\/v2\/posts"}],"about":[{"href":"https:\/\/experienciadevida.com.ar\/portalurbano\/wp-json\/wp\/v2\/types\/post"}],"author":[{"embeddable":true,"href":"https:\/\/experienciadevida.com.ar\/portalurbano\/wp-json\/wp\/v2\/users\/1"}],"replies":[{"embeddable":true,"href":"https:\/\/experienciadevida.com.ar\/portalurbano\/wp-json\/wp\/v2\/comments?post=163147"}],"version-history":[{"count":1,"href":"https:\/\/experienciadevida.com.ar\/portalurbano\/wp-json\/wp\/v2\/posts\/163147\/revisions"}],"predecessor-version":[{"id":163149,"href":"https:\/\/experienciadevida.com.ar\/portalurbano\/wp-json\/wp\/v2\/posts\/163147\/revisions\/163149"}],"wp:featuredmedia":[{"embeddable":true,"href":"https:\/\/experienciadevida.com.ar\/portalurbano\/wp-json\/wp\/v2\/media\/163148"}],"wp:attachment":[{"href":"https:\/\/experienciadevida.com.ar\/portalurbano\/wp-json\/wp\/v2\/media?parent=163147"}],"wp:term":[{"taxonomy":"category","embeddable":true,"href":"https:\/\/experienciadevida.com.ar\/portalurbano\/wp-json\/wp\/v2\/categories?post=163147"},{"taxonomy":"post_tag","embeddable":true,"href":"https:\/\/experienciadevida.com.ar\/portalurbano\/wp-json\/wp\/v2\/tags?post=163147"}],"curies":[{"name":"wp","href":"https:\/\/api.w.org\/{rel}","templated":true}]}}