{"id":163137,"date":"2022-03-08T12:18:57","date_gmt":"2022-03-08T15:18:57","guid":{"rendered":"https:\/\/experienciadevida.com.ar\/portalurbano\/?p=163137"},"modified":"2022-03-08T12:20:45","modified_gmt":"2022-03-08T15:20:45","slug":"cada-uno-de-los-desafios-que-nos-proponemos-tiene-que-ver-con-el-progreso-del-partido-de-olavarria","status":"publish","type":"post","link":"https:\/\/experienciadevida.com.ar\/portalurbano\/cada-uno-de-los-desafios-que-nos-proponemos-tiene-que-ver-con-el-progreso-del-partido-de-olavarria\/","title":{"rendered":"\u201cCada uno de los desaf\u00edos que nos proponemos tiene que ver con el progreso del Partido de Olavarr\u00eda\u201d"},"content":{"rendered":"<p>\u201cCada uno de los desaf\u00edos que nos proponemos tiene que ver con el progreso del Partido de Olavarr\u00eda\u201d, el intendente Ezequiel Galli dej\u00f3 inaugurada, en la ma\u00f1ana de este martes, la primera etapa de la obra de pavimentaci\u00f3n del Sector Industrial Planificado \u201cLos Fresnos\u201d.<\/p>\n<p>Estuvieron presentes adem\u00e1s la presidente del Honorable Concejo Deliberante Cecilia Krivochen, los secretarios de Mantenimiento y Obras P\u00fablicas Julio Ferraro, de Desarrollo Econ\u00f3mico Julio Valetutto, subsecretarios, directores y concejales.<\/p>\n<p>Tambi\u00e9n participaron el presidente del Consejo Escolar Bruno Di Carlo, el presidente del Consejo de Administraci\u00f3n de Coopelectric Cruz Arouxet y el secretario Alberto Miotti, representantes de la Asociaci\u00f3n de Propietarios del PIO, de la C\u00e1mara Empresaria, de la Uni\u00f3n Industrial de Olavarr\u00eda, de la empresa Atak y propietarios de empresas que se radicar\u00e1n en el sector.<\/p>\n<p>Esta primera etapa, comprendi\u00f3 la pavimentaci\u00f3n de 580 metros lineales y la construcci\u00f3n de banquinas de 3 metros de ancho. En primer lugar, se realiz\u00f3 una base de tosca compactada de 20 cm. de espesor, para construir posteriormente un pavimento de hormig\u00f3n de 0,20 m. de espesor.<\/p>\n<p>La pavimentaci\u00f3n se suma a las obras de infraestructura de servicios b\u00e1sicos como energ\u00eda el\u00e9ctrica, agua y gas, que permiten brindar las condiciones necesarias para la futura instalaci\u00f3n de empresas en el sector.<\/p>\n<p>El Sector Industrial Planificado \u201cLos Fresnos\u201d comenz\u00f3 a construirse en el a\u00f1o 2014, destinando 200 hect\u00e1reas para el proyecto que hoy cuenta con 125 lotes, cuyas superficies van desde 2.300 hasta los 10.000 metros.<\/p>\n<p>\u201cLos Fresnos\u201d tiene entre una zona de estacionamiento com\u00fan, una plaza central, la planta depuradora de afluentes, una plaza de ingreso y accesos peatonales, agua corriente, alumbrado p\u00fablico, entre otros servicios.<\/p>\n<p>El intendente Galli, junto al secretario de Desarrollo Econ\u00f3mico Julio Valetutto, Alfredo Bassi, titular de la empresa constructora Atak, y Leandro Ancarani, titular de la empresa Ancat, que se radicar\u00e1 en Los Fresnos.<\/p>\n<p>Desde la inauguraci\u00f3n del Sector Industrial Planificado \u201cLos Fresnos\u201d en junio de 2018 a la fecha, 17 empresas han invertido en el agrupamiento con la compra de lotes para radicar sus actividades. Entre ellas, fabricaci\u00f3n de estufas, bicicletas, amoblamientos comerciales, m\u00f3dulos habitacionales, productos de hormig\u00f3n, revestimiento y premoldeados, premezclas para la construcci\u00f3n, metal\u00fargicas, empresas constructoras y de servicio a la industria. Hoy son 10 empresas que se encuentran en proceso de compra, presentando la documentaci\u00f3n.<\/p>\n<p>En el acto inaugural, el intendente Galli tom\u00f3 la palabra y expres\u00f3 que \u201cestamos inaugurando una obra m\u00e1s en el Sector Industrial Planificado \u00b4Los Fresnos\u00b4 que se inici\u00f3 hace algunos a\u00f1os, y nos toc\u00f3 la tarea de continuar y de empezar a darle forma de Parque Industrial\u201d.<\/p>\n<p>\u201cTodos conocemos el potencial que tiene Olavarr\u00eda a nivel industrial. Un Parque Industrial es un motor, que genera sue\u00f1os, trabajo, trabajo genuino, y esa es nuestra prioridad. Por eso decidimos encarar este desaf\u00edo, cuando a\u00f1os atr\u00e1s decidimos llevar adelante la obra de construcci\u00f3n de la planta depuradora que le va a dar el servicio de cloacas a la localidad de Villa Alfredo Fortabat, y que tambi\u00e9n le va a brindar a este parque el correcto tratamiento de los efluentes\u201d, destac\u00f3 Galli. Asimismo, continu\u00f3 el Intendente, \u201chicimos la red de iluminaci\u00f3n, la red de media y baja tensi\u00f3n, y esta obra de pavimentaci\u00f3n\u201d.<\/p>\n<p>\u201cNo son palabras, porque a las palabras se las lleva el viento, son hechos concretos. De esta manera queremos seguir trabajando y encarando desaf\u00edos, atravesando barreras\u201d, afirm\u00f3 Galli.<\/p>\n<p>En este contexto, consider\u00f3 el mandatario, \u201ccada uno de los desaf\u00edos que nos proponemos tiene que ver con el progreso del Partido de Olavarr\u00eda. Un Partido que tiene industria y un fuerte sector agropecuario, y cuando la industria decide acoplar ese engranaje al sector agropecuario siempre son buenas noticias. Y este Parque va a ser una buena noticia, ya pueden ver detr\u00e1s, a mis espaldas, la primera empresa que est\u00e1 levantando su nave industrial de las 16 que ya compraron lotes en este Sector Industrial Planificado\u201d.<\/p>\n<p>\u201cEstoy convencido que esta primera empresa va a generar un efecto domin\u00f3 y va a generar que otras empresas quieran invertir, porque el olavarriense, el empresario olavarriense, invierte, trabaja y progresa para poder seguir creciendo, y de esa manera generar empleo para tantos olavarrienses\u201d, subray\u00f3 el Intendente.<\/p>\n<p>Para finalizar, Galli resalt\u00f3 que \u201ces un d\u00eda de mucha alegr\u00eda, estamos realmente muy contentos con el avance de este lugar, de este parque, sector industrial que va a traer tantas buenas noticias para todo el Partido de Olavarr\u00eda y para tantos olavarrienses que quieren progresar, que quieren trabajar, que quieren levantarse todos los d\u00edas para cumplir sus sue\u00f1os y seguir creciendo. Cuenten con nosotros para cada uno de esos desaf\u00edos, cuenten con nosotros para cada una de esas inversiones, porque somos un socio estrat\u00e9gico, esto es un c\u00edrculo virtuoso, el Municipio brinda las condiciones, el empresario empuja, va para adelante, invierte y hace crecer a nuestra ciudad\u201d.<\/p>\n<p>\u201cGracias a todos, felicitaciones a todas las empresas y espero que pronto nos podamos volver a ver en este lugar, para ver c\u00f3mo sigue creciendo\u201d, concluy\u00f3.<\/p>\n<p>De esta manera se dio por inaugurada la primera etapa de pavimentaci\u00f3n del Sector Industrial Planificado \u201cLos Fresnos\u201d, que demand\u00f3 una inversi\u00f3n de casi 9 millones de pesos.<\/p>\n","protected":false},"excerpt":{"rendered":"<p>\u201cCada uno de los desaf\u00edos que nos proponemos tiene que ver con el progreso del&#8230;<\/p>\n","protected":false},"author":1,"featured_media":163138,"comment_status":"closed","ping_status":"closed","sticky":false,"template":"","format":"standard","meta":{"content-type":""},"categories":[27,51],"tags":[],"nelio_content":{"isAutoShareEnabled":false,"autoShareEndMode":"default","automationSources":{"useContentSentences":true,"useSocialTemplates":true,"useCustomSentences":false,"customSentences":[]},"followers":[1],"suggestedReferences":[],"includedReferences":[],"efiUrl":"","efiAlt":"","highlights":[]},"yoast_head":"<!-- This site is optimized with the Yoast SEO plugin v20.7 - https:\/\/yoast.com\/wordpress\/plugins\/seo\/ -->\n<title>&quot;Cada uno de los desaf\u00edos tiene que ver con progreso&quot;<\/title>\n<meta name=\"description\" content=\"\u201cCada uno de los desaf\u00edos que nos proponemos tiene que ver con el progreso del Partido de Olavarr\u00eda\u201d Galli dej\u00f3 inaugurada la obra\" \/>\n<meta name=\"robots\" content=\"index, follow, max-snippet:-1, max-image-preview:large, max-video-preview:-1\" \/>\n<link rel=\"canonical\" href=\"https:\/\/experienciadevida.com.ar\/portalurbano\/cada-uno-de-los-desafios-que-nos-proponemos-tiene-que-ver-con-el-progreso-del-partido-de-olavarria\/\" \/>\n<meta property=\"og:locale\" content=\"es_ES\" \/>\n<meta property=\"og:type\" content=\"article\" \/>\n<meta property=\"og:title\" content=\"&quot;Cada uno de los desaf\u00edos tiene que ver con progreso&quot;\" \/>\n<meta property=\"og:description\" content=\"\u201cCada uno de los desaf\u00edos que nos proponemos tiene que ver con el progreso del Partido de Olavarr\u00eda\u201d Galli dej\u00f3 inaugurada la obra\" \/>\n<meta property=\"og:url\" content=\"https:\/\/experienciadevida.com.ar\/portalurbano\/cada-uno-de-los-desafios-que-nos-proponemos-tiene-que-ver-con-el-progreso-del-partido-de-olavarria\/\" \/>\n<meta property=\"article:publisher\" content=\"https:\/\/www.facebook.com\/Portal-Urbano-171542830093757\/\" \/>\n<meta property=\"article:published_time\" content=\"2022-03-08T15:18:57+00:00\" \/>\n<meta property=\"article:modified_time\" content=\"2022-03-08T15:20:45+00:00\" \/>\n<meta property=\"og:image\" content=\"https:\/\/experienciadevida.com.ar\/portalurbano\/wp-content\/uploads\/2022\/03\/Cada-uno-de-los.jpg\" \/>\n\t<meta property=\"og:image:width\" content=\"2560\" \/>\n\t<meta property=\"og:image:height\" content=\"1711\" \/>\n\t<meta property=\"og:image:type\" content=\"image\/jpeg\" \/>\n<meta name=\"author\" content=\"admpu17wp\" \/>\n<meta name=\"twitter:card\" content=\"summary_large_image\" \/>\n<meta name=\"twitter:creator\" content=\"@portalurbanook\" \/>\n<meta name=\"twitter:site\" content=\"@portalurbanook\" \/>\n<meta name=\"twitter:label1\" content=\"Escrito por\" \/>\n\t<meta name=\"twitter:data1\" content=\"admpu17wp\" \/>\n\t<meta name=\"twitter:label2\" content=\"Tiempo de lectura\" \/>\n\t<meta name=\"twitter:data2\" content=\"5 minutos\" \/>\n<script type=\"application\/ld+json\" class=\"yoast-schema-graph\">{\"@context\":\"https:\/\/schema.org\",\"@graph\":[{\"@type\":\"Article\",\"@id\":\"https:\/\/experienciadevida.com.ar\/portalurbano\/cada-uno-de-los-desafios-que-nos-proponemos-tiene-que-ver-con-el-progreso-del-partido-de-olavarria\/#article\",\"isPartOf\":{\"@id\":\"https:\/\/experienciadevida.com.ar\/portalurbano\/cada-uno-de-los-desafios-que-nos-proponemos-tiene-que-ver-con-el-progreso-del-partido-de-olavarria\/\"},\"author\":{\"name\":\"admpu17wp\",\"@id\":\"https:\/\/experienciadevida.com.ar\/portalurbano\/#\/schema\/person\/02dd326b1c4b056e9cc972486934a3a7\"},\"headline\":\"\u201cCada uno de los desaf\u00edos que nos proponemos tiene que ver con el progreso del Partido de Olavarr\u00eda\u201d\",\"datePublished\":\"2022-03-08T15:18:57+00:00\",\"dateModified\":\"2022-03-08T15:20:45+00:00\",\"mainEntityOfPage\":{\"@id\":\"https:\/\/experienciadevida.com.ar\/portalurbano\/cada-uno-de-los-desafios-que-nos-proponemos-tiene-que-ver-con-el-progreso-del-partido-de-olavarria\/\"},\"wordCount\":922,\"publisher\":{\"@id\":\"https:\/\/experienciadevida.com.ar\/portalurbano\/#organization\"},\"articleSection\":[\"Ciudad\",\"Destacadas\"],\"inLanguage\":\"es\"},{\"@type\":\"WebPage\",\"@id\":\"https:\/\/experienciadevida.com.ar\/portalurbano\/cada-uno-de-los-desafios-que-nos-proponemos-tiene-que-ver-con-el-progreso-del-partido-de-olavarria\/\",\"url\":\"https:\/\/experienciadevida.com.ar\/portalurbano\/cada-uno-de-los-desafios-que-nos-proponemos-tiene-que-ver-con-el-progreso-del-partido-de-olavarria\/\",\"name\":\"\\\"Cada uno de los desaf\u00edos tiene que ver con progreso\\\"\",\"isPartOf\":{\"@id\":\"https:\/\/experienciadevida.com.ar\/portalurbano\/#website\"},\"datePublished\":\"2022-03-08T15:18:57+00:00\",\"dateModified\":\"2022-03-08T15:20:45+00:00\",\"description\":\"\u201cCada uno de los desaf\u00edos que nos proponemos tiene que ver con el progreso del Partido de Olavarr\u00eda\u201d Galli dej\u00f3 inaugurada la obra\",\"breadcrumb\":{\"@id\":\"https:\/\/experienciadevida.com.ar\/portalurbano\/cada-uno-de-los-desafios-que-nos-proponemos-tiene-que-ver-con-el-progreso-del-partido-de-olavarria\/#breadcrumb\"},\"inLanguage\":\"es\",\"potentialAction\":[{\"@type\":\"ReadAction\",\"target\":[\"https:\/\/experienciadevida.com.ar\/portalurbano\/cada-uno-de-los-desafios-que-nos-proponemos-tiene-que-ver-con-el-progreso-del-partido-de-olavarria\/\"]}]},{\"@type\":\"BreadcrumbList\",\"@id\":\"https:\/\/experienciadevida.com.ar\/portalurbano\/cada-uno-de-los-desafios-que-nos-proponemos-tiene-que-ver-con-el-progreso-del-partido-de-olavarria\/#breadcrumb\",\"itemListElement\":[{\"@type\":\"ListItem\",\"position\":1,\"name\":\"Portada\",\"item\":\"https:\/\/experienciadevida.com.ar\/portalurbano\/\"},{\"@type\":\"ListItem\",\"position\":2,\"name\":\"\u201cCada uno de los desaf\u00edos que nos proponemos tiene que ver con el progreso del Partido de Olavarr\u00eda\u201d\"}]},{\"@type\":\"WebSite\",\"@id\":\"https:\/\/experienciadevida.com.ar\/portalurbano\/#website\",\"url\":\"https:\/\/experienciadevida.com.ar\/portalurbano\/\",\"name\":\"\",\"description\":\"\",\"publisher\":{\"@id\":\"https:\/\/experienciadevida.com.ar\/portalurbano\/#organization\"},\"potentialAction\":[{\"@type\":\"SearchAction\",\"target\":{\"@type\":\"EntryPoint\",\"urlTemplate\":\"https:\/\/experienciadevida.com.ar\/portalurbano\/?s={search_term_string}\"},\"query-input\":\"required name=search_term_string\"}],\"inLanguage\":\"es\"},{\"@type\":\"Organization\",\"@id\":\"https:\/\/experienciadevida.com.ar\/portalurbano\/#organization\",\"name\":\"Portal Urbano\",\"url\":\"https:\/\/experienciadevida.com.ar\/portalurbano\/\",\"logo\":{\"@type\":\"ImageObject\",\"inLanguage\":\"es\",\"@id\":\"https:\/\/experienciadevida.com.ar\/portalurbano\/#\/schema\/logo\/image\/\",\"url\":\"https:\/\/experienciadevida.com.ar\/portalurbano\/wp-content\/uploads\/2019\/09\/Logo-Original.png\",\"contentUrl\":\"https:\/\/experienciadevida.com.ar\/portalurbano\/wp-content\/uploads\/2019\/09\/Logo-Original.png\",\"width\":2236,\"height\":1216,\"caption\":\"Portal Urbano\"},\"image\":{\"@id\":\"https:\/\/experienciadevida.com.ar\/portalurbano\/#\/schema\/logo\/image\/\"},\"sameAs\":[\"https:\/\/www.facebook.com\/Portal-Urbano-171542830093757\/\",\"https:\/\/twitter.com\/portalurbanook\",\"https:\/\/www.instagram.com\/_portalurbano\/\",\"https:\/\/www.youtube.com\/channel\/UCXhagIfszH8KxFiOok79zbA?view_as=subscriber\"]},{\"@type\":\"Person\",\"@id\":\"https:\/\/experienciadevida.com.ar\/portalurbano\/#\/schema\/person\/02dd326b1c4b056e9cc972486934a3a7\",\"name\":\"admpu17wp\",\"image\":{\"@type\":\"ImageObject\",\"inLanguage\":\"es\",\"@id\":\"https:\/\/experienciadevida.com.ar\/portalurbano\/#\/schema\/person\/image\/\",\"url\":\"https:\/\/secure.gravatar.com\/avatar\/830d4c57adaae6630765e449a6908047?s=96&d=mm&r=g\",\"contentUrl\":\"https:\/\/secure.gravatar.com\/avatar\/830d4c57adaae6630765e449a6908047?s=96&d=mm&r=g\",\"caption\":\"admpu17wp\"}}]}<\/script>\n<!-- \/ Yoast SEO plugin. -->","yoast_head_json":{"title":"\"Cada uno de los desaf\u00edos tiene que ver con progreso\"","description":"\u201cCada uno de los desaf\u00edos que nos proponemos tiene que ver con el progreso del Partido de Olavarr\u00eda\u201d Galli dej\u00f3 inaugurada la obra","robots":{"index":"index","follow":"follow","max-snippet":"max-snippet:-1","max-image-preview":"max-image-preview:large","max-video-preview":"max-video-preview:-1"},"canonical":"https:\/\/experienciadevida.com.ar\/portalurbano\/cada-uno-de-los-desafios-que-nos-proponemos-tiene-que-ver-con-el-progreso-del-partido-de-olavarria\/","og_locale":"es_ES","og_type":"article","og_title":"\"Cada uno de los desaf\u00edos tiene que ver con progreso\"","og_description":"\u201cCada uno de los desaf\u00edos que nos proponemos tiene que ver con el progreso del Partido de Olavarr\u00eda\u201d Galli dej\u00f3 inaugurada la obra","og_url":"https:\/\/experienciadevida.com.ar\/portalurbano\/cada-uno-de-los-desafios-que-nos-proponemos-tiene-que-ver-con-el-progreso-del-partido-de-olavarria\/","article_publisher":"https:\/\/www.facebook.com\/Portal-Urbano-171542830093757\/","article_published_time":"2022-03-08T15:18:57+00:00","article_modified_time":"2022-03-08T15:20:45+00:00","og_image":[{"width":2560,"height":1711,"url":"https:\/\/experienciadevida.com.ar\/portalurbano\/wp-content\/uploads\/2022\/03\/Cada-uno-de-los.jpg","type":"image\/jpeg"}],"author":"admpu17wp","twitter_card":"summary_large_image","twitter_creator":"@portalurbanook","twitter_site":"@portalurbanook","twitter_misc":{"Escrito por":"admpu17wp","Tiempo de lectura":"5 minutos"},"schema":{"@context":"https:\/\/schema.org","@graph":[{"@type":"Article","@id":"https:\/\/experienciadevida.com.ar\/portalurbano\/cada-uno-de-los-desafios-que-nos-proponemos-tiene-que-ver-con-el-progreso-del-partido-de-olavarria\/#article","isPartOf":{"@id":"https:\/\/experienciadevida.com.ar\/portalurbano\/cada-uno-de-los-desafios-que-nos-proponemos-tiene-que-ver-con-el-progreso-del-partido-de-olavarria\/"},"author":{"name":"admpu17wp","@id":"https:\/\/experienciadevida.com.ar\/portalurbano\/#\/schema\/person\/02dd326b1c4b056e9cc972486934a3a7"},"headline":"\u201cCada uno de los desaf\u00edos que nos proponemos tiene que ver con el progreso del Partido de Olavarr\u00eda\u201d","datePublished":"2022-03-08T15:18:57+00:00","dateModified":"2022-03-08T15:20:45+00:00","mainEntityOfPage":{"@id":"https:\/\/experienciadevida.com.ar\/portalurbano\/cada-uno-de-los-desafios-que-nos-proponemos-tiene-que-ver-con-el-progreso-del-partido-de-olavarria\/"},"wordCount":922,"publisher":{"@id":"https:\/\/experienciadevida.com.ar\/portalurbano\/#organization"},"articleSection":["Ciudad","Destacadas"],"inLanguage":"es"},{"@type":"WebPage","@id":"https:\/\/experienciadevida.com.ar\/portalurbano\/cada-uno-de-los-desafios-que-nos-proponemos-tiene-que-ver-con-el-progreso-del-partido-de-olavarria\/","url":"https:\/\/experienciadevida.com.ar\/portalurbano\/cada-uno-de-los-desafios-que-nos-proponemos-tiene-que-ver-con-el-progreso-del-partido-de-olavarria\/","name":"\"Cada uno de los desaf\u00edos tiene que ver con progreso\"","isPartOf":{"@id":"https:\/\/experienciadevida.com.ar\/portalurbano\/#website"},"datePublished":"2022-03-08T15:18:57+00:00","dateModified":"2022-03-08T15:20:45+00:00","description":"\u201cCada uno de los desaf\u00edos que nos proponemos tiene que ver con el progreso del Partido de Olavarr\u00eda\u201d Galli dej\u00f3 inaugurada la obra","breadcrumb":{"@id":"https:\/\/experienciadevida.com.ar\/portalurbano\/cada-uno-de-los-desafios-que-nos-proponemos-tiene-que-ver-con-el-progreso-del-partido-de-olavarria\/#breadcrumb"},"inLanguage":"es","potentialAction":[{"@type":"ReadAction","target":["https:\/\/experienciadevida.com.ar\/portalurbano\/cada-uno-de-los-desafios-que-nos-proponemos-tiene-que-ver-con-el-progreso-del-partido-de-olavarria\/"]}]},{"@type":"BreadcrumbList","@id":"https:\/\/experienciadevida.com.ar\/portalurbano\/cada-uno-de-los-desafios-que-nos-proponemos-tiene-que-ver-con-el-progreso-del-partido-de-olavarria\/#breadcrumb","itemListElement":[{"@type":"ListItem","position":1,"name":"Portada","item":"https:\/\/experienciadevida.com.ar\/portalurbano\/"},{"@type":"ListItem","position":2,"name":"\u201cCada uno de los desaf\u00edos que nos proponemos tiene que ver con el progreso del Partido de Olavarr\u00eda\u201d"}]},{"@type":"WebSite","@id":"https:\/\/experienciadevida.com.ar\/portalurbano\/#website","url":"https:\/\/experienciadevida.com.ar\/portalurbano\/","name":"","description":"","publisher":{"@id":"https:\/\/experienciadevida.com.ar\/portalurbano\/#organization"},"potentialAction":[{"@type":"SearchAction","target":{"@type":"EntryPoint","urlTemplate":"https:\/\/experienciadevida.com.ar\/portalurbano\/?s={search_term_string}"},"query-input":"required name=search_term_string"}],"inLanguage":"es"},{"@type":"Organization","@id":"https:\/\/experienciadevida.com.ar\/portalurbano\/#organization","name":"Portal Urbano","url":"https:\/\/experienciadevida.com.ar\/portalurbano\/","logo":{"@type":"ImageObject","inLanguage":"es","@id":"https:\/\/experienciadevida.com.ar\/portalurbano\/#\/schema\/logo\/image\/","url":"https:\/\/experienciadevida.com.ar\/portalurbano\/wp-content\/uploads\/2019\/09\/Logo-Original.png","contentUrl":"https:\/\/experienciadevida.com.ar\/portalurbano\/wp-content\/uploads\/2019\/09\/Logo-Original.png","width":2236,"height":1216,"caption":"Portal Urbano"},"image":{"@id":"https:\/\/experienciadevida.com.ar\/portalurbano\/#\/schema\/logo\/image\/"},"sameAs":["https:\/\/www.facebook.com\/Portal-Urbano-171542830093757\/","https:\/\/twitter.com\/portalurbanook","https:\/\/www.instagram.com\/_portalurbano\/","https:\/\/www.youtube.com\/channel\/UCXhagIfszH8KxFiOok79zbA?view_as=subscriber"]},{"@type":"Person","@id":"https:\/\/experienciadevida.com.ar\/portalurbano\/#\/schema\/person\/02dd326b1c4b056e9cc972486934a3a7","name":"admpu17wp","image":{"@type":"ImageObject","inLanguage":"es","@id":"https:\/\/experienciadevida.com.ar\/portalurbano\/#\/schema\/person\/image\/","url":"https:\/\/secure.gravatar.com\/avatar\/830d4c57adaae6630765e449a6908047?s=96&d=mm&r=g","contentUrl":"https:\/\/secure.gravatar.com\/avatar\/830d4c57adaae6630765e449a6908047?s=96&d=mm&r=g","caption":"admpu17wp"}}]}},"featured_image_urls":{"full":["https:\/\/experienciadevida.com.ar\/portalurbano\/wp-content\/uploads\/2022\/03\/Cada-uno-de-los.jpg",2560,1711,false],"thumbnail":["https:\/\/experienciadevida.com.ar\/portalurbano\/wp-content\/uploads\/2022\/03\/Cada-uno-de-los-150x150.jpg",150,150,true],"medium":["https:\/\/experienciadevida.com.ar\/portalurbano\/wp-content\/uploads\/2022\/03\/Cada-uno-de-los-300x201.jpg",300,201,true],"medium_large":["https:\/\/experienciadevida.com.ar\/portalurbano\/wp-content\/uploads\/2022\/03\/Cada-uno-de-los-768x513.jpg",640,428,true],"large":["https:\/\/experienciadevida.com.ar\/portalurbano\/wp-content\/uploads\/2022\/03\/Cada-uno-de-los-1024x684.jpg",640,428,true],"ug_big":["https:\/\/experienciadevida.com.ar\/portalurbano\/wp-content\/uploads\/2022\/03\/Cada-uno-de-los-768x513.jpg",768,513,true],"1536x1536":["https:\/\/experienciadevida.com.ar\/portalurbano\/wp-content\/uploads\/2022\/03\/Cada-uno-de-los-1536x1027.jpg",1536,1027,true],"2048x2048":["https:\/\/experienciadevida.com.ar\/portalurbano\/wp-content\/uploads\/2022\/03\/Cada-uno-de-los-2048x1369.jpg",2048,1369,true],"newsever-slider-full":["https:\/\/experienciadevida.com.ar\/portalurbano\/wp-content\/uploads\/2022\/03\/Cada-uno-de-los.jpg",1264,845,false],"newsever-featured":["https:\/\/experienciadevida.com.ar\/portalurbano\/wp-content\/uploads\/2022\/03\/Cada-uno-de-los.jpg",1024,684,false],"newsever-medium":["https:\/\/experienciadevida.com.ar\/portalurbano\/wp-content\/uploads\/2022\/03\/Cada-uno-de-los.jpg",711,475,false],"web-stories-poster-portrait":["https:\/\/experienciadevida.com.ar\/portalurbano\/wp-content\/uploads\/2022\/03\/Cada-uno-de-los.jpg",640,428,false],"web-stories-publisher-logo":["https:\/\/experienciadevida.com.ar\/portalurbano\/wp-content\/uploads\/2022\/03\/Cada-uno-de-los.jpg",96,64,false],"web-stories-thumbnail":["https:\/\/experienciadevida.com.ar\/portalurbano\/wp-content\/uploads\/2022\/03\/Cada-uno-de-los.jpg",150,100,false]},"author_info":{"display_name":"admpu17wp","author_link":"https:\/\/experienciadevida.com.ar\/portalurbano\/author\/admpu17wp\/"},"category_info":"<a href=\"https:\/\/experienciadevida.com.ar\/portalurbano\/category\/ciudad\/\" rel=\"category tag\">Ciudad<\/a> <a href=\"https:\/\/experienciadevida.com.ar\/portalurbano\/category\/destacadas\/\" rel=\"category tag\">Destacadas<\/a>","tag_info":"Destacadas","comment_count":"0","amp_enabled":true,"_links":{"self":[{"href":"https:\/\/experienciadevida.com.ar\/portalurbano\/wp-json\/wp\/v2\/posts\/163137"}],"collection":[{"href":"https:\/\/experienciadevida.com.ar\/portalurbano\/wp-json\/wp\/v2\/posts"}],"about":[{"href":"https:\/\/experienciadevida.com.ar\/portalurbano\/wp-json\/wp\/v2\/types\/post"}],"author":[{"embeddable":true,"href":"https:\/\/experienciadevida.com.ar\/portalurbano\/wp-json\/wp\/v2\/users\/1"}],"replies":[{"embeddable":true,"href":"https:\/\/experienciadevida.com.ar\/portalurbano\/wp-json\/wp\/v2\/comments?post=163137"}],"version-history":[{"count":1,"href":"https:\/\/experienciadevida.com.ar\/portalurbano\/wp-json\/wp\/v2\/posts\/163137\/revisions"}],"predecessor-version":[{"id":163139,"href":"https:\/\/experienciadevida.com.ar\/portalurbano\/wp-json\/wp\/v2\/posts\/163137\/revisions\/163139"}],"wp:featuredmedia":[{"embeddable":true,"href":"https:\/\/experienciadevida.com.ar\/portalurbano\/wp-json\/wp\/v2\/media\/163138"}],"wp:attachment":[{"href":"https:\/\/experienciadevida.com.ar\/portalurbano\/wp-json\/wp\/v2\/media?parent=163137"}],"wp:term":[{"taxonomy":"category","embeddable":true,"href":"https:\/\/experienciadevida.com.ar\/portalurbano\/wp-json\/wp\/v2\/categories?post=163137"},{"taxonomy":"post_tag","embeddable":true,"href":"https:\/\/experienciadevida.com.ar\/portalurbano\/wp-json\/wp\/v2\/tags?post=163137"}],"curies":[{"name":"wp","href":"https:\/\/api.w.org\/{rel}","templated":true}]}}