{"id":163134,"date":"2022-03-08T10:42:40","date_gmt":"2022-03-08T13:42:40","guid":{"rendered":"https:\/\/experienciadevida.com.ar\/portalurbano\/?p=163134"},"modified":"2022-03-08T10:43:48","modified_gmt":"2022-03-08T13:43:48","slug":"olavarria-presente-en-el-1o-encuentro-virtual-del-ano-de-mercociudades","status":"publish","type":"post","link":"https:\/\/experienciadevida.com.ar\/portalurbano\/olavarria-presente-en-el-1o-encuentro-virtual-del-ano-de-mercociudades\/","title":{"rendered":"Olavarr\u00eda presente en el 1\u00ba encuentro virtual del a\u00f1o de Mercociudades"},"content":{"rendered":"<p>Olavarr\u00eda presente en el 1\u00ba encuentro virtual del a\u00f1o de Mercociudades, personal de la Direcci\u00f3n de Empleo del Municipio, en conjunto con integrantes de la Direcci\u00f3n de Discapacidad y Adultos Mayores, particip\u00f3 del primer encuentro virtual del a\u00f1o del Grupo de Discapacidad e Inclusi\u00f3n de Mercociudades.<\/p>\n<p>En esta oportunidad, se reunieron representantes y organizaciones de ciudades miembros de la Red que trabajan en el \u00e1rea de Discapacidad, con el objetivo de intercambiar experiencias locales y regionales, as\u00ed como debatir posibles actividades a desarrollar.<\/p>\n<p>Este grupo se cre\u00f3 en 2012 con el prop\u00f3sito de fomentar el pleno ejercicio de los derechos de las personas con discapacidad, y as\u00ed incidir positivamente en la calidad de vida de todos y todas.<\/p>\n<p>La coordinaci\u00f3n y presentaci\u00f3n del plan de trabajo est\u00e1 a cargo de la Municipalidad de Lincoln y tiene como objetivos: intercambiar buenas pr\u00e1cticas y experiencias innovadoras, identificar estrategias de cooperaci\u00f3n, realizar debates y reflexiones sobre el tema, optimizar y compartir capacidades de la regi\u00f3n, y favorecer el acceso a tecnolog\u00edas.<\/p>\n<p>La agenda para el resto del a\u00f1o proyecta nuevas reuniones virtuales, capacitaciones y un encuentro presencial.<\/p>\n","protected":false},"excerpt":{"rendered":"<p>Olavarr\u00eda presente en el 1\u00ba encuentro virtual del a\u00f1o de Mercociudades, personal de la Direcci\u00f3n&#8230;<\/p>\n","protected":false},"author":1,"featured_media":163135,"comment_status":"closed","ping_status":"closed","sticky":false,"template":"","format":"standard","meta":{"content-type":""},"categories":[27],"tags":[],"nelio_content":{"isAutoShareEnabled":false,"autoShareEndMode":"default","automationSources":{"useContentSentences":true,"useSocialTemplates":true,"useCustomSentences":false,"customSentences":[]},"followers":[1],"suggestedReferences":[],"includedReferences":[],"efiUrl":"","efiAlt":"","highlights":[]},"yoast_head":"<!-- This site is optimized with the Yoast SEO plugin v20.7 - https:\/\/yoast.com\/wordpress\/plugins\/seo\/ -->\n<title>Olavarr\u00eda presente en el 1\u00b0 encuentro virtual del a\u00f1o de Mercocuidades<\/title>\n<meta name=\"description\" content=\"Olavarr\u00eda presente en el 1\u00ba encuentro virtual del a\u00f1o de Mercociudades, personal de la Direcci\u00f3n de Empleo del Municipio,\" \/>\n<meta name=\"robots\" content=\"index, follow, max-snippet:-1, max-image-preview:large, max-video-preview:-1\" \/>\n<link rel=\"canonical\" href=\"https:\/\/experienciadevida.com.ar\/portalurbano\/olavarria-presente-en-el-1o-encuentro-virtual-del-ano-de-mercociudades\/\" \/>\n<meta property=\"og:locale\" content=\"es_ES\" \/>\n<meta property=\"og:type\" content=\"article\" \/>\n<meta property=\"og:title\" content=\"Olavarr\u00eda presente en el 1\u00b0 encuentro virtual del a\u00f1o de Mercocuidades\" \/>\n<meta property=\"og:description\" content=\"Olavarr\u00eda presente en el 1\u00ba encuentro virtual del a\u00f1o de Mercociudades, personal de la Direcci\u00f3n de Empleo del Municipio,\" \/>\n<meta property=\"og:url\" content=\"https:\/\/experienciadevida.com.ar\/portalurbano\/olavarria-presente-en-el-1o-encuentro-virtual-del-ano-de-mercociudades\/\" \/>\n<meta property=\"article:publisher\" content=\"https:\/\/www.facebook.com\/Portal-Urbano-171542830093757\/\" \/>\n<meta property=\"article:published_time\" content=\"2022-03-08T13:42:40+00:00\" \/>\n<meta property=\"article:modified_time\" content=\"2022-03-08T13:43:48+00:00\" \/>\n<meta property=\"og:image\" content=\"https:\/\/experienciadevida.com.ar\/portalurbano\/wp-content\/uploads\/2022\/03\/Olavarria-presente-en-el.jpeg\" \/>\n\t<meta property=\"og:image:width\" content=\"1024\" \/>\n\t<meta property=\"og:image:height\" content=\"576\" \/>\n\t<meta property=\"og:image:type\" content=\"image\/jpeg\" \/>\n<meta name=\"author\" content=\"admpu17wp\" \/>\n<meta name=\"twitter:card\" content=\"summary_large_image\" \/>\n<meta name=\"twitter:creator\" content=\"@portalurbanook\" \/>\n<meta name=\"twitter:site\" content=\"@portalurbanook\" \/>\n<meta name=\"twitter:label1\" content=\"Escrito por\" \/>\n\t<meta name=\"twitter:data1\" content=\"admpu17wp\" \/>\n\t<meta name=\"twitter:label2\" content=\"Tiempo de lectura\" \/>\n\t<meta name=\"twitter:data2\" content=\"1 minuto\" \/>\n<script type=\"application\/ld+json\" class=\"yoast-schema-graph\">{\"@context\":\"https:\/\/schema.org\",\"@graph\":[{\"@type\":\"Article\",\"@id\":\"https:\/\/experienciadevida.com.ar\/portalurbano\/olavarria-presente-en-el-1o-encuentro-virtual-del-ano-de-mercociudades\/#article\",\"isPartOf\":{\"@id\":\"https:\/\/experienciadevida.com.ar\/portalurbano\/olavarria-presente-en-el-1o-encuentro-virtual-del-ano-de-mercociudades\/\"},\"author\":{\"name\":\"admpu17wp\",\"@id\":\"https:\/\/experienciadevida.com.ar\/portalurbano\/#\/schema\/person\/02dd326b1c4b056e9cc972486934a3a7\"},\"headline\":\"Olavarr\u00eda presente en el 1\u00ba encuentro virtual del a\u00f1o de Mercociudades\",\"datePublished\":\"2022-03-08T13:42:40+00:00\",\"dateModified\":\"2022-03-08T13:43:48+00:00\",\"mainEntityOfPage\":{\"@id\":\"https:\/\/experienciadevida.com.ar\/portalurbano\/olavarria-presente-en-el-1o-encuentro-virtual-del-ano-de-mercociudades\/\"},\"wordCount\":208,\"publisher\":{\"@id\":\"https:\/\/experienciadevida.com.ar\/portalurbano\/#organization\"},\"articleSection\":[\"Ciudad\"],\"inLanguage\":\"es\"},{\"@type\":\"WebPage\",\"@id\":\"https:\/\/experienciadevida.com.ar\/portalurbano\/olavarria-presente-en-el-1o-encuentro-virtual-del-ano-de-mercociudades\/\",\"url\":\"https:\/\/experienciadevida.com.ar\/portalurbano\/olavarria-presente-en-el-1o-encuentro-virtual-del-ano-de-mercociudades\/\",\"name\":\"Olavarr\u00eda presente en el 1\u00b0 encuentro virtual del a\u00f1o de Mercocuidades\",\"isPartOf\":{\"@id\":\"https:\/\/experienciadevida.com.ar\/portalurbano\/#website\"},\"datePublished\":\"2022-03-08T13:42:40+00:00\",\"dateModified\":\"2022-03-08T13:43:48+00:00\",\"description\":\"Olavarr\u00eda presente en el 1\u00ba encuentro virtual del a\u00f1o de Mercociudades, personal de la Direcci\u00f3n de Empleo del Municipio,\",\"breadcrumb\":{\"@id\":\"https:\/\/experienciadevida.com.ar\/portalurbano\/olavarria-presente-en-el-1o-encuentro-virtual-del-ano-de-mercociudades\/#breadcrumb\"},\"inLanguage\":\"es\",\"potentialAction\":[{\"@type\":\"ReadAction\",\"target\":[\"https:\/\/experienciadevida.com.ar\/portalurbano\/olavarria-presente-en-el-1o-encuentro-virtual-del-ano-de-mercociudades\/\"]}]},{\"@type\":\"BreadcrumbList\",\"@id\":\"https:\/\/experienciadevida.com.ar\/portalurbano\/olavarria-presente-en-el-1o-encuentro-virtual-del-ano-de-mercociudades\/#breadcrumb\",\"itemListElement\":[{\"@type\":\"ListItem\",\"position\":1,\"name\":\"Portada\",\"item\":\"https:\/\/experienciadevida.com.ar\/portalurbano\/\"},{\"@type\":\"ListItem\",\"position\":2,\"name\":\"Olavarr\u00eda presente en el 1\u00ba encuentro virtual del a\u00f1o de Mercociudades\"}]},{\"@type\":\"WebSite\",\"@id\":\"https:\/\/experienciadevida.com.ar\/portalurbano\/#website\",\"url\":\"https:\/\/experienciadevida.com.ar\/portalurbano\/\",\"name\":\"\",\"description\":\"\",\"publisher\":{\"@id\":\"https:\/\/experienciadevida.com.ar\/portalurbano\/#organization\"},\"potentialAction\":[{\"@type\":\"SearchAction\",\"target\":{\"@type\":\"EntryPoint\",\"urlTemplate\":\"https:\/\/experienciadevida.com.ar\/portalurbano\/?s={search_term_string}\"},\"query-input\":\"required name=search_term_string\"}],\"inLanguage\":\"es\"},{\"@type\":\"Organization\",\"@id\":\"https:\/\/experienciadevida.com.ar\/portalurbano\/#organization\",\"name\":\"Portal Urbano\",\"url\":\"https:\/\/experienciadevida.com.ar\/portalurbano\/\",\"logo\":{\"@type\":\"ImageObject\",\"inLanguage\":\"es\",\"@id\":\"https:\/\/experienciadevida.com.ar\/portalurbano\/#\/schema\/logo\/image\/\",\"url\":\"https:\/\/experienciadevida.com.ar\/portalurbano\/wp-content\/uploads\/2019\/09\/Logo-Original.png\",\"contentUrl\":\"https:\/\/experienciadevida.com.ar\/portalurbano\/wp-content\/uploads\/2019\/09\/Logo-Original.png\",\"width\":2236,\"height\":1216,\"caption\":\"Portal Urbano\"},\"image\":{\"@id\":\"https:\/\/experienciadevida.com.ar\/portalurbano\/#\/schema\/logo\/image\/\"},\"sameAs\":[\"https:\/\/www.facebook.com\/Portal-Urbano-171542830093757\/\",\"https:\/\/twitter.com\/portalurbanook\",\"https:\/\/www.instagram.com\/_portalurbano\/\",\"https:\/\/www.youtube.com\/channel\/UCXhagIfszH8KxFiOok79zbA?view_as=subscriber\"]},{\"@type\":\"Person\",\"@id\":\"https:\/\/experienciadevida.com.ar\/portalurbano\/#\/schema\/person\/02dd326b1c4b056e9cc972486934a3a7\",\"name\":\"admpu17wp\",\"image\":{\"@type\":\"ImageObject\",\"inLanguage\":\"es\",\"@id\":\"https:\/\/experienciadevida.com.ar\/portalurbano\/#\/schema\/person\/image\/\",\"url\":\"https:\/\/secure.gravatar.com\/avatar\/830d4c57adaae6630765e449a6908047?s=96&d=mm&r=g\",\"contentUrl\":\"https:\/\/secure.gravatar.com\/avatar\/830d4c57adaae6630765e449a6908047?s=96&d=mm&r=g\",\"caption\":\"admpu17wp\"}}]}<\/script>\n<!-- \/ Yoast SEO plugin. -->","yoast_head_json":{"title":"Olavarr\u00eda presente en el 1\u00b0 encuentro virtual del a\u00f1o de Mercocuidades","description":"Olavarr\u00eda presente en el 1\u00ba encuentro virtual del a\u00f1o de Mercociudades, personal de la Direcci\u00f3n de Empleo del Municipio,","robots":{"index":"index","follow":"follow","max-snippet":"max-snippet:-1","max-image-preview":"max-image-preview:large","max-video-preview":"max-video-preview:-1"},"canonical":"https:\/\/experienciadevida.com.ar\/portalurbano\/olavarria-presente-en-el-1o-encuentro-virtual-del-ano-de-mercociudades\/","og_locale":"es_ES","og_type":"article","og_title":"Olavarr\u00eda presente en el 1\u00b0 encuentro virtual del a\u00f1o de Mercocuidades","og_description":"Olavarr\u00eda presente en el 1\u00ba encuentro virtual del a\u00f1o de Mercociudades, personal de la Direcci\u00f3n de Empleo del Municipio,","og_url":"https:\/\/experienciadevida.com.ar\/portalurbano\/olavarria-presente-en-el-1o-encuentro-virtual-del-ano-de-mercociudades\/","article_publisher":"https:\/\/www.facebook.com\/Portal-Urbano-171542830093757\/","article_published_time":"2022-03-08T13:42:40+00:00","article_modified_time":"2022-03-08T13:43:48+00:00","og_image":[{"width":1024,"height":576,"url":"https:\/\/experienciadevida.com.ar\/portalurbano\/wp-content\/uploads\/2022\/03\/Olavarria-presente-en-el.jpeg","type":"image\/jpeg"}],"author":"admpu17wp","twitter_card":"summary_large_image","twitter_creator":"@portalurbanook","twitter_site":"@portalurbanook","twitter_misc":{"Escrito por":"admpu17wp","Tiempo de lectura":"1 minuto"},"schema":{"@context":"https:\/\/schema.org","@graph":[{"@type":"Article","@id":"https:\/\/experienciadevida.com.ar\/portalurbano\/olavarria-presente-en-el-1o-encuentro-virtual-del-ano-de-mercociudades\/#article","isPartOf":{"@id":"https:\/\/experienciadevida.com.ar\/portalurbano\/olavarria-presente-en-el-1o-encuentro-virtual-del-ano-de-mercociudades\/"},"author":{"name":"admpu17wp","@id":"https:\/\/experienciadevida.com.ar\/portalurbano\/#\/schema\/person\/02dd326b1c4b056e9cc972486934a3a7"},"headline":"Olavarr\u00eda presente en el 1\u00ba encuentro virtual del a\u00f1o de Mercociudades","datePublished":"2022-03-08T13:42:40+00:00","dateModified":"2022-03-08T13:43:48+00:00","mainEntityOfPage":{"@id":"https:\/\/experienciadevida.com.ar\/portalurbano\/olavarria-presente-en-el-1o-encuentro-virtual-del-ano-de-mercociudades\/"},"wordCount":208,"publisher":{"@id":"https:\/\/experienciadevida.com.ar\/portalurbano\/#organization"},"articleSection":["Ciudad"],"inLanguage":"es"},{"@type":"WebPage","@id":"https:\/\/experienciadevida.com.ar\/portalurbano\/olavarria-presente-en-el-1o-encuentro-virtual-del-ano-de-mercociudades\/","url":"https:\/\/experienciadevida.com.ar\/portalurbano\/olavarria-presente-en-el-1o-encuentro-virtual-del-ano-de-mercociudades\/","name":"Olavarr\u00eda presente en el 1\u00b0 encuentro virtual del a\u00f1o de Mercocuidades","isPartOf":{"@id":"https:\/\/experienciadevida.com.ar\/portalurbano\/#website"},"datePublished":"2022-03-08T13:42:40+00:00","dateModified":"2022-03-08T13:43:48+00:00","description":"Olavarr\u00eda presente en el 1\u00ba encuentro virtual del a\u00f1o de Mercociudades, personal de la Direcci\u00f3n de Empleo del Municipio,","breadcrumb":{"@id":"https:\/\/experienciadevida.com.ar\/portalurbano\/olavarria-presente-en-el-1o-encuentro-virtual-del-ano-de-mercociudades\/#breadcrumb"},"inLanguage":"es","potentialAction":[{"@type":"ReadAction","target":["https:\/\/experienciadevida.com.ar\/portalurbano\/olavarria-presente-en-el-1o-encuentro-virtual-del-ano-de-mercociudades\/"]}]},{"@type":"BreadcrumbList","@id":"https:\/\/experienciadevida.com.ar\/portalurbano\/olavarria-presente-en-el-1o-encuentro-virtual-del-ano-de-mercociudades\/#breadcrumb","itemListElement":[{"@type":"ListItem","position":1,"name":"Portada","item":"https:\/\/experienciadevida.com.ar\/portalurbano\/"},{"@type":"ListItem","position":2,"name":"Olavarr\u00eda presente en el 1\u00ba encuentro virtual del a\u00f1o de Mercociudades"}]},{"@type":"WebSite","@id":"https:\/\/experienciadevida.com.ar\/portalurbano\/#website","url":"https:\/\/experienciadevida.com.ar\/portalurbano\/","name":"","description":"","publisher":{"@id":"https:\/\/experienciadevida.com.ar\/portalurbano\/#organization"},"potentialAction":[{"@type":"SearchAction","target":{"@type":"EntryPoint","urlTemplate":"https:\/\/experienciadevida.com.ar\/portalurbano\/?s={search_term_string}"},"query-input":"required name=search_term_string"}],"inLanguage":"es"},{"@type":"Organization","@id":"https:\/\/experienciadevida.com.ar\/portalurbano\/#organization","name":"Portal Urbano","url":"https:\/\/experienciadevida.com.ar\/portalurbano\/","logo":{"@type":"ImageObject","inLanguage":"es","@id":"https:\/\/experienciadevida.com.ar\/portalurbano\/#\/schema\/logo\/image\/","url":"https:\/\/experienciadevida.com.ar\/portalurbano\/wp-content\/uploads\/2019\/09\/Logo-Original.png","contentUrl":"https:\/\/experienciadevida.com.ar\/portalurbano\/wp-content\/uploads\/2019\/09\/Logo-Original.png","width":2236,"height":1216,"caption":"Portal Urbano"},"image":{"@id":"https:\/\/experienciadevida.com.ar\/portalurbano\/#\/schema\/logo\/image\/"},"sameAs":["https:\/\/www.facebook.com\/Portal-Urbano-171542830093757\/","https:\/\/twitter.com\/portalurbanook","https:\/\/www.instagram.com\/_portalurbano\/","https:\/\/www.youtube.com\/channel\/UCXhagIfszH8KxFiOok79zbA?view_as=subscriber"]},{"@type":"Person","@id":"https:\/\/experienciadevida.com.ar\/portalurbano\/#\/schema\/person\/02dd326b1c4b056e9cc972486934a3a7","name":"admpu17wp","image":{"@type":"ImageObject","inLanguage":"es","@id":"https:\/\/experienciadevida.com.ar\/portalurbano\/#\/schema\/person\/image\/","url":"https:\/\/secure.gravatar.com\/avatar\/830d4c57adaae6630765e449a6908047?s=96&d=mm&r=g","contentUrl":"https:\/\/secure.gravatar.com\/avatar\/830d4c57adaae6630765e449a6908047?s=96&d=mm&r=g","caption":"admpu17wp"}}]}},"featured_image_urls":{"full":["https:\/\/experienciadevida.com.ar\/portalurbano\/wp-content\/uploads\/2022\/03\/Olavarria-presente-en-el.jpeg",1024,576,false],"thumbnail":["https:\/\/experienciadevida.com.ar\/portalurbano\/wp-content\/uploads\/2022\/03\/Olavarria-presente-en-el-150x150.jpeg",150,150,true],"medium":["https:\/\/experienciadevida.com.ar\/portalurbano\/wp-content\/uploads\/2022\/03\/Olavarria-presente-en-el-300x169.jpeg",300,169,true],"medium_large":["https:\/\/experienciadevida.com.ar\/portalurbano\/wp-content\/uploads\/2022\/03\/Olavarria-presente-en-el-768x432.jpeg",640,360,true],"large":["https:\/\/experienciadevida.com.ar\/portalurbano\/wp-content\/uploads\/2022\/03\/Olavarria-presente-en-el.jpeg",640,360,false],"ug_big":["https:\/\/experienciadevida.com.ar\/portalurbano\/wp-content\/uploads\/2022\/03\/Olavarria-presente-en-el-768x432.jpeg",768,432,true],"1536x1536":["https:\/\/experienciadevida.com.ar\/portalurbano\/wp-content\/uploads\/2022\/03\/Olavarria-presente-en-el.jpeg",1024,576,false],"2048x2048":["https:\/\/experienciadevida.com.ar\/portalurbano\/wp-content\/uploads\/2022\/03\/Olavarria-presente-en-el.jpeg",1024,576,false],"newsever-slider-full":["https:\/\/experienciadevida.com.ar\/portalurbano\/wp-content\/uploads\/2022\/03\/Olavarria-presente-en-el.jpeg",1024,576,false],"newsever-featured":["https:\/\/experienciadevida.com.ar\/portalurbano\/wp-content\/uploads\/2022\/03\/Olavarria-presente-en-el.jpeg",1024,576,false],"newsever-medium":["https:\/\/experienciadevida.com.ar\/portalurbano\/wp-content\/uploads\/2022\/03\/Olavarria-presente-en-el.jpeg",720,405,false],"web-stories-poster-portrait":["https:\/\/experienciadevida.com.ar\/portalurbano\/wp-content\/uploads\/2022\/03\/Olavarria-presente-en-el.jpeg",640,360,false],"web-stories-publisher-logo":["https:\/\/experienciadevida.com.ar\/portalurbano\/wp-content\/uploads\/2022\/03\/Olavarria-presente-en-el.jpeg",96,54,false],"web-stories-thumbnail":["https:\/\/experienciadevida.com.ar\/portalurbano\/wp-content\/uploads\/2022\/03\/Olavarria-presente-en-el.jpeg",150,84,false]},"author_info":{"display_name":"admpu17wp","author_link":"https:\/\/experienciadevida.com.ar\/portalurbano\/author\/admpu17wp\/"},"category_info":"<a href=\"https:\/\/experienciadevida.com.ar\/portalurbano\/category\/ciudad\/\" rel=\"category tag\">Ciudad<\/a>","tag_info":"Ciudad","comment_count":"0","amp_enabled":true,"_links":{"self":[{"href":"https:\/\/experienciadevida.com.ar\/portalurbano\/wp-json\/wp\/v2\/posts\/163134"}],"collection":[{"href":"https:\/\/experienciadevida.com.ar\/portalurbano\/wp-json\/wp\/v2\/posts"}],"about":[{"href":"https:\/\/experienciadevida.com.ar\/portalurbano\/wp-json\/wp\/v2\/types\/post"}],"author":[{"embeddable":true,"href":"https:\/\/experienciadevida.com.ar\/portalurbano\/wp-json\/wp\/v2\/users\/1"}],"replies":[{"embeddable":true,"href":"https:\/\/experienciadevida.com.ar\/portalurbano\/wp-json\/wp\/v2\/comments?post=163134"}],"version-history":[{"count":1,"href":"https:\/\/experienciadevida.com.ar\/portalurbano\/wp-json\/wp\/v2\/posts\/163134\/revisions"}],"predecessor-version":[{"id":163136,"href":"https:\/\/experienciadevida.com.ar\/portalurbano\/wp-json\/wp\/v2\/posts\/163134\/revisions\/163136"}],"wp:featuredmedia":[{"embeddable":true,"href":"https:\/\/experienciadevida.com.ar\/portalurbano\/wp-json\/wp\/v2\/media\/163135"}],"wp:attachment":[{"href":"https:\/\/experienciadevida.com.ar\/portalurbano\/wp-json\/wp\/v2\/media?parent=163134"}],"wp:term":[{"taxonomy":"category","embeddable":true,"href":"https:\/\/experienciadevida.com.ar\/portalurbano\/wp-json\/wp\/v2\/categories?post=163134"},{"taxonomy":"post_tag","embeddable":true,"href":"https:\/\/experienciadevida.com.ar\/portalurbano\/wp-json\/wp\/v2\/tags?post=163134"}],"curies":[{"name":"wp","href":"https:\/\/api.w.org\/{rel}","templated":true}]}}