{"id":163101,"date":"2022-03-07T20:04:10","date_gmt":"2022-03-07T23:04:10","guid":{"rendered":"https:\/\/experienciadevida.com.ar\/portalurbano\/?p=163101"},"modified":"2022-03-07T20:07:05","modified_gmt":"2022-03-07T23:07:05","slug":"comunicado-oficial-nuestros-recursos-profesionales-a-disposicion-de-la-familia-de-marcela","status":"publish","type":"post","link":"https:\/\/experienciadevida.com.ar\/portalurbano\/comunicado-oficial-nuestros-recursos-profesionales-a-disposicion-de-la-familia-de-marcela\/","title":{"rendered":"Comunicado oficial: \u201cNuestros recursos profesionales a disposici\u00f3n de la familia de Marcela\u201d"},"content":{"rendered":"<p>Comunicado oficial: \u201cNuestros recursos profesionales a disposici\u00f3n de la familia de Marcela\u201d, el <a href=\"https:\/\/www.facebook.com\/municipiodeolavarria\">Municipio<\/a> de Olavarr\u00eda -a trav\u00e9s de la Subsecretar\u00eda de Derechos, Igualdad y Oportunidades- junto a la Direcci\u00f3n de Pol\u00edticas de G\u00e9nero expresan su profundo dolor ante los hechos de p\u00fablico conocimiento.<\/p>\n<p>La violencia estructural que sufren las mujeres y otras identidades sexo-gen\u00e9ricas nos interpela a seguir pensando y repensando \u2013desde el camino de la corresponsabilidad con otros actores institucionales y organizaciones sociales- formas de abordaje que logren garantizar el derecho humano de aquellas mujeres que atraviesan situaciones de violencia por motivo de g\u00e9nero y que acompa\u00f1amos a diario con compromiso y desde la perspectiva de g\u00e9nero.<\/p>\n<p>A partir de la solicitud de intervenci\u00f3n a la Guardia de la Direcci\u00f3n de Pol\u00edticas de G\u00e9nero el d\u00eda 6 de marzo (desde primeras horas de la ma\u00f1ana y hasta la ma\u00f1ana de este martes 7), desde el Municipio se pusieron todos nuestros recursos profesionales a disposici\u00f3n de la familia de Marcela, priorizando su acompa\u00f1amiento en territorio, la contenci\u00f3n de sus seres queridos y la resoluci\u00f3n de todas aquellas tramitaciones \u2013administrativas y materiales- que se derivan de este fatal acontecimiento y que requieren de un acompa\u00f1amiento integral. No obstante, entendemos que el acompa\u00f1amiento hacia toda la familia debe continuar de forma sostenida en el tiempo y sostenemos nuestro f\u00e9rreo compromiso de llevarlo adelante de forma interdisciplinaria y desde la horizontalidad con otros espacios de nuestro Municipio.<\/p>\n<p>En lo que respecta a la situaci\u00f3n acontecida, desde la Direcci\u00f3n de Pol\u00edticas de G\u00e9nero no se brindar\u00e1n datos que violen la confidencialidad, o puedan contribuir a la estigmatizaci\u00f3n o revictimizaci\u00f3n, teniendo en cuenta la sensibilidad de los datos, el derecho a la intimidad y la necesidad de no entorpecer las acciones que la Justicia llevar\u00e1 delante de ahora en m\u00e1s.<\/p>\n<p>Por lo antes mencionado, en las mesas de trabajo interinstitucionales ya conformadas dentro del circuito de abordaje de las violencias por motivos de g\u00e9nero, ya comenz\u00f3 a trabajarse en relaci\u00f3n a las intervenciones asumidas, sin perder de vista lo fundamental de la cercan\u00eda y el trabajo en territorio con las mujeres que acompa\u00f1amos y la profundizaci\u00f3n del trabajo en materia de pol\u00edticas p\u00fablicas con otros actores del sistema.<\/p>\n<p>En este sentido, en la jornada de este lunes, mantuvimos una reuni\u00f3n con integrantes de la Secretar\u00eda Especializada en Violencia de G\u00e9nero, con el objetivo de continuar el trabajo en corresponsabilidad, para reforzar estrategias para el acompa\u00f1amiento y abordaje de estas situaciones.<\/p>\n<p>Desde el equipo de trabajo, a pesar del profundo dolor que como mujeres y trabajadoras nos atraviesa, sostenemos activamente nuestro compromiso en la lucha por la erradicaci\u00f3n de las distintas formas de violencia, como \u00fanico camino para una sociedad con equidad de g\u00e9nero y condiciones de vida m\u00e1s justas.<\/p>\n","protected":false},"excerpt":{"rendered":"<p>Comunicado oficial: \u201cNuestros recursos profesionales a disposici\u00f3n de la familia de Marcela\u201d, el Municipio de&#8230;<\/p>\n","protected":false},"author":1,"featured_media":0,"comment_status":"closed","ping_status":"closed","sticky":false,"template":"","format":"standard","meta":{"content-type":""},"categories":[27,51],"tags":[],"nelio_content":{"isAutoShareEnabled":false,"autoShareEndMode":"default","automationSources":{"useContentSentences":true,"useSocialTemplates":true,"useCustomSentences":false,"customSentences":[]},"followers":[1],"suggestedReferences":[],"includedReferences":[],"efiUrl":"","efiAlt":"","highlights":[]},"yoast_head":"<!-- This site is optimized with the Yoast SEO plugin v20.7 - https:\/\/yoast.com\/wordpress\/plugins\/seo\/ -->\n<title>Comunicado oficial: &quot;Nuestros recursos profesionales a disposici\u00f3n&quot;<\/title>\n<meta name=\"description\" content=\"Comunicado oficial: \u201cNuestros recursos profesionales a disposici\u00f3n de la familia de Marcela\u201d, el Municipio de Olavarr\u00eda\" \/>\n<meta name=\"robots\" content=\"index, follow, max-snippet:-1, max-image-preview:large, max-video-preview:-1\" \/>\n<link rel=\"canonical\" href=\"https:\/\/experienciadevida.com.ar\/portalurbano\/comunicado-oficial-nuestros-recursos-profesionales-a-disposicion-de-la-familia-de-marcela\/\" \/>\n<meta property=\"og:locale\" content=\"es_ES\" \/>\n<meta property=\"og:type\" content=\"article\" \/>\n<meta property=\"og:title\" content=\"Comunicado oficial: &quot;Nuestros recursos profesionales a disposici\u00f3n&quot;\" \/>\n<meta property=\"og:description\" content=\"Comunicado oficial: \u201cNuestros recursos profesionales a disposici\u00f3n de la familia de Marcela\u201d, el Municipio de Olavarr\u00eda\" \/>\n<meta property=\"og:url\" content=\"https:\/\/experienciadevida.com.ar\/portalurbano\/comunicado-oficial-nuestros-recursos-profesionales-a-disposicion-de-la-familia-de-marcela\/\" \/>\n<meta property=\"article:publisher\" content=\"https:\/\/www.facebook.com\/Portal-Urbano-171542830093757\/\" \/>\n<meta property=\"article:published_time\" content=\"2022-03-07T23:04:10+00:00\" \/>\n<meta property=\"article:modified_time\" content=\"2022-03-07T23:07:05+00:00\" \/>\n<meta property=\"og:image\" content=\"https:\/\/experienciadevida.com.ar\/portalurbano\/wp-content\/uploads\/2018\/12\/Fachada-Municipalidad-1-1024x682-e1597497745383.jpg\" \/>\n\t<meta property=\"og:image:width\" content=\"750\" \/>\n\t<meta property=\"og:image:height\" content=\"500\" \/>\n\t<meta property=\"og:image:type\" content=\"image\/jpeg\" \/>\n<meta name=\"author\" content=\"admpu17wp\" \/>\n<meta name=\"twitter:card\" content=\"summary_large_image\" \/>\n<meta name=\"twitter:creator\" content=\"@portalurbanook\" \/>\n<meta name=\"twitter:site\" content=\"@portalurbanook\" \/>\n<meta name=\"twitter:label1\" content=\"Escrito por\" \/>\n\t<meta name=\"twitter:data1\" content=\"admpu17wp\" \/>\n\t<meta name=\"twitter:label2\" content=\"Tiempo de lectura\" \/>\n\t<meta name=\"twitter:data2\" content=\"3 minutos\" \/>\n<script type=\"application\/ld+json\" class=\"yoast-schema-graph\">{\"@context\":\"https:\/\/schema.org\",\"@graph\":[{\"@type\":\"Article\",\"@id\":\"https:\/\/experienciadevida.com.ar\/portalurbano\/comunicado-oficial-nuestros-recursos-profesionales-a-disposicion-de-la-familia-de-marcela\/#article\",\"isPartOf\":{\"@id\":\"https:\/\/experienciadevida.com.ar\/portalurbano\/comunicado-oficial-nuestros-recursos-profesionales-a-disposicion-de-la-familia-de-marcela\/\"},\"author\":{\"name\":\"admpu17wp\",\"@id\":\"https:\/\/experienciadevida.com.ar\/portalurbano\/#\/schema\/person\/02dd326b1c4b056e9cc972486934a3a7\"},\"headline\":\"Comunicado oficial: \u201cNuestros recursos profesionales a disposici\u00f3n de la familia de Marcela\u201d\",\"datePublished\":\"2022-03-07T23:04:10+00:00\",\"dateModified\":\"2022-03-07T23:07:05+00:00\",\"mainEntityOfPage\":{\"@id\":\"https:\/\/experienciadevida.com.ar\/portalurbano\/comunicado-oficial-nuestros-recursos-profesionales-a-disposicion-de-la-familia-de-marcela\/\"},\"wordCount\":514,\"publisher\":{\"@id\":\"https:\/\/experienciadevida.com.ar\/portalurbano\/#organization\"},\"articleSection\":[\"Ciudad\",\"Destacadas\"],\"inLanguage\":\"es\"},{\"@type\":\"WebPage\",\"@id\":\"https:\/\/experienciadevida.com.ar\/portalurbano\/comunicado-oficial-nuestros-recursos-profesionales-a-disposicion-de-la-familia-de-marcela\/\",\"url\":\"https:\/\/experienciadevida.com.ar\/portalurbano\/comunicado-oficial-nuestros-recursos-profesionales-a-disposicion-de-la-familia-de-marcela\/\",\"name\":\"Comunicado oficial: \\\"Nuestros recursos profesionales a disposici\u00f3n\\\"\",\"isPartOf\":{\"@id\":\"https:\/\/experienciadevida.com.ar\/portalurbano\/#website\"},\"datePublished\":\"2022-03-07T23:04:10+00:00\",\"dateModified\":\"2022-03-07T23:07:05+00:00\",\"description\":\"Comunicado oficial: \u201cNuestros recursos profesionales a disposici\u00f3n de la familia de Marcela\u201d, el Municipio de Olavarr\u00eda\",\"breadcrumb\":{\"@id\":\"https:\/\/experienciadevida.com.ar\/portalurbano\/comunicado-oficial-nuestros-recursos-profesionales-a-disposicion-de-la-familia-de-marcela\/#breadcrumb\"},\"inLanguage\":\"es\",\"potentialAction\":[{\"@type\":\"ReadAction\",\"target\":[\"https:\/\/experienciadevida.com.ar\/portalurbano\/comunicado-oficial-nuestros-recursos-profesionales-a-disposicion-de-la-familia-de-marcela\/\"]}]},{\"@type\":\"BreadcrumbList\",\"@id\":\"https:\/\/experienciadevida.com.ar\/portalurbano\/comunicado-oficial-nuestros-recursos-profesionales-a-disposicion-de-la-familia-de-marcela\/#breadcrumb\",\"itemListElement\":[{\"@type\":\"ListItem\",\"position\":1,\"name\":\"Portada\",\"item\":\"https:\/\/experienciadevida.com.ar\/portalurbano\/\"},{\"@type\":\"ListItem\",\"position\":2,\"name\":\"Comunicado oficial: \u201cNuestros recursos profesionales a disposici\u00f3n de la familia de Marcela\u201d\"}]},{\"@type\":\"WebSite\",\"@id\":\"https:\/\/experienciadevida.com.ar\/portalurbano\/#website\",\"url\":\"https:\/\/experienciadevida.com.ar\/portalurbano\/\",\"name\":\"\",\"description\":\"\",\"publisher\":{\"@id\":\"https:\/\/experienciadevida.com.ar\/portalurbano\/#organization\"},\"potentialAction\":[{\"@type\":\"SearchAction\",\"target\":{\"@type\":\"EntryPoint\",\"urlTemplate\":\"https:\/\/experienciadevida.com.ar\/portalurbano\/?s={search_term_string}\"},\"query-input\":\"required name=search_term_string\"}],\"inLanguage\":\"es\"},{\"@type\":\"Organization\",\"@id\":\"https:\/\/experienciadevida.com.ar\/portalurbano\/#organization\",\"name\":\"Portal Urbano\",\"url\":\"https:\/\/experienciadevida.com.ar\/portalurbano\/\",\"logo\":{\"@type\":\"ImageObject\",\"inLanguage\":\"es\",\"@id\":\"https:\/\/experienciadevida.com.ar\/portalurbano\/#\/schema\/logo\/image\/\",\"url\":\"https:\/\/experienciadevida.com.ar\/portalurbano\/wp-content\/uploads\/2019\/09\/Logo-Original.png\",\"contentUrl\":\"https:\/\/experienciadevida.com.ar\/portalurbano\/wp-content\/uploads\/2019\/09\/Logo-Original.png\",\"width\":2236,\"height\":1216,\"caption\":\"Portal Urbano\"},\"image\":{\"@id\":\"https:\/\/experienciadevida.com.ar\/portalurbano\/#\/schema\/logo\/image\/\"},\"sameAs\":[\"https:\/\/www.facebook.com\/Portal-Urbano-171542830093757\/\",\"https:\/\/twitter.com\/portalurbanook\",\"https:\/\/www.instagram.com\/_portalurbano\/\",\"https:\/\/www.youtube.com\/channel\/UCXhagIfszH8KxFiOok79zbA?view_as=subscriber\"]},{\"@type\":\"Person\",\"@id\":\"https:\/\/experienciadevida.com.ar\/portalurbano\/#\/schema\/person\/02dd326b1c4b056e9cc972486934a3a7\",\"name\":\"admpu17wp\",\"image\":{\"@type\":\"ImageObject\",\"inLanguage\":\"es\",\"@id\":\"https:\/\/experienciadevida.com.ar\/portalurbano\/#\/schema\/person\/image\/\",\"url\":\"https:\/\/secure.gravatar.com\/avatar\/830d4c57adaae6630765e449a6908047?s=96&d=mm&r=g\",\"contentUrl\":\"https:\/\/secure.gravatar.com\/avatar\/830d4c57adaae6630765e449a6908047?s=96&d=mm&r=g\",\"caption\":\"admpu17wp\"}}]}<\/script>\n<!-- \/ Yoast SEO plugin. -->","yoast_head_json":{"title":"Comunicado oficial: \"Nuestros recursos profesionales a disposici\u00f3n\"","description":"Comunicado oficial: \u201cNuestros recursos profesionales a disposici\u00f3n de la familia de Marcela\u201d, el Municipio de Olavarr\u00eda","robots":{"index":"index","follow":"follow","max-snippet":"max-snippet:-1","max-image-preview":"max-image-preview:large","max-video-preview":"max-video-preview:-1"},"canonical":"https:\/\/experienciadevida.com.ar\/portalurbano\/comunicado-oficial-nuestros-recursos-profesionales-a-disposicion-de-la-familia-de-marcela\/","og_locale":"es_ES","og_type":"article","og_title":"Comunicado oficial: \"Nuestros recursos profesionales a disposici\u00f3n\"","og_description":"Comunicado oficial: \u201cNuestros recursos profesionales a disposici\u00f3n de la familia de Marcela\u201d, el Municipio de Olavarr\u00eda","og_url":"https:\/\/experienciadevida.com.ar\/portalurbano\/comunicado-oficial-nuestros-recursos-profesionales-a-disposicion-de-la-familia-de-marcela\/","article_publisher":"https:\/\/www.facebook.com\/Portal-Urbano-171542830093757\/","article_published_time":"2022-03-07T23:04:10+00:00","article_modified_time":"2022-03-07T23:07:05+00:00","og_image":[{"width":750,"height":500,"url":"https:\/\/experienciadevida.com.ar\/portalurbano\/wp-content\/uploads\/2018\/12\/Fachada-Municipalidad-1-1024x682-e1597497745383.jpg","type":"image\/jpeg"}],"author":"admpu17wp","twitter_card":"summary_large_image","twitter_creator":"@portalurbanook","twitter_site":"@portalurbanook","twitter_misc":{"Escrito por":"admpu17wp","Tiempo de lectura":"3 minutos"},"schema":{"@context":"https:\/\/schema.org","@graph":[{"@type":"Article","@id":"https:\/\/experienciadevida.com.ar\/portalurbano\/comunicado-oficial-nuestros-recursos-profesionales-a-disposicion-de-la-familia-de-marcela\/#article","isPartOf":{"@id":"https:\/\/experienciadevida.com.ar\/portalurbano\/comunicado-oficial-nuestros-recursos-profesionales-a-disposicion-de-la-familia-de-marcela\/"},"author":{"name":"admpu17wp","@id":"https:\/\/experienciadevida.com.ar\/portalurbano\/#\/schema\/person\/02dd326b1c4b056e9cc972486934a3a7"},"headline":"Comunicado oficial: \u201cNuestros recursos profesionales a disposici\u00f3n de la familia de Marcela\u201d","datePublished":"2022-03-07T23:04:10+00:00","dateModified":"2022-03-07T23:07:05+00:00","mainEntityOfPage":{"@id":"https:\/\/experienciadevida.com.ar\/portalurbano\/comunicado-oficial-nuestros-recursos-profesionales-a-disposicion-de-la-familia-de-marcela\/"},"wordCount":514,"publisher":{"@id":"https:\/\/experienciadevida.com.ar\/portalurbano\/#organization"},"articleSection":["Ciudad","Destacadas"],"inLanguage":"es"},{"@type":"WebPage","@id":"https:\/\/experienciadevida.com.ar\/portalurbano\/comunicado-oficial-nuestros-recursos-profesionales-a-disposicion-de-la-familia-de-marcela\/","url":"https:\/\/experienciadevida.com.ar\/portalurbano\/comunicado-oficial-nuestros-recursos-profesionales-a-disposicion-de-la-familia-de-marcela\/","name":"Comunicado oficial: \"Nuestros recursos profesionales a disposici\u00f3n\"","isPartOf":{"@id":"https:\/\/experienciadevida.com.ar\/portalurbano\/#website"},"datePublished":"2022-03-07T23:04:10+00:00","dateModified":"2022-03-07T23:07:05+00:00","description":"Comunicado oficial: \u201cNuestros recursos profesionales a disposici\u00f3n de la familia de Marcela\u201d, el Municipio de Olavarr\u00eda","breadcrumb":{"@id":"https:\/\/experienciadevida.com.ar\/portalurbano\/comunicado-oficial-nuestros-recursos-profesionales-a-disposicion-de-la-familia-de-marcela\/#breadcrumb"},"inLanguage":"es","potentialAction":[{"@type":"ReadAction","target":["https:\/\/experienciadevida.com.ar\/portalurbano\/comunicado-oficial-nuestros-recursos-profesionales-a-disposicion-de-la-familia-de-marcela\/"]}]},{"@type":"BreadcrumbList","@id":"https:\/\/experienciadevida.com.ar\/portalurbano\/comunicado-oficial-nuestros-recursos-profesionales-a-disposicion-de-la-familia-de-marcela\/#breadcrumb","itemListElement":[{"@type":"ListItem","position":1,"name":"Portada","item":"https:\/\/experienciadevida.com.ar\/portalurbano\/"},{"@type":"ListItem","position":2,"name":"Comunicado oficial: \u201cNuestros recursos profesionales a disposici\u00f3n de la familia de Marcela\u201d"}]},{"@type":"WebSite","@id":"https:\/\/experienciadevida.com.ar\/portalurbano\/#website","url":"https:\/\/experienciadevida.com.ar\/portalurbano\/","name":"","description":"","publisher":{"@id":"https:\/\/experienciadevida.com.ar\/portalurbano\/#organization"},"potentialAction":[{"@type":"SearchAction","target":{"@type":"EntryPoint","urlTemplate":"https:\/\/experienciadevida.com.ar\/portalurbano\/?s={search_term_string}"},"query-input":"required name=search_term_string"}],"inLanguage":"es"},{"@type":"Organization","@id":"https:\/\/experienciadevida.com.ar\/portalurbano\/#organization","name":"Portal Urbano","url":"https:\/\/experienciadevida.com.ar\/portalurbano\/","logo":{"@type":"ImageObject","inLanguage":"es","@id":"https:\/\/experienciadevida.com.ar\/portalurbano\/#\/schema\/logo\/image\/","url":"https:\/\/experienciadevida.com.ar\/portalurbano\/wp-content\/uploads\/2019\/09\/Logo-Original.png","contentUrl":"https:\/\/experienciadevida.com.ar\/portalurbano\/wp-content\/uploads\/2019\/09\/Logo-Original.png","width":2236,"height":1216,"caption":"Portal Urbano"},"image":{"@id":"https:\/\/experienciadevida.com.ar\/portalurbano\/#\/schema\/logo\/image\/"},"sameAs":["https:\/\/www.facebook.com\/Portal-Urbano-171542830093757\/","https:\/\/twitter.com\/portalurbanook","https:\/\/www.instagram.com\/_portalurbano\/","https:\/\/www.youtube.com\/channel\/UCXhagIfszH8KxFiOok79zbA?view_as=subscriber"]},{"@type":"Person","@id":"https:\/\/experienciadevida.com.ar\/portalurbano\/#\/schema\/person\/02dd326b1c4b056e9cc972486934a3a7","name":"admpu17wp","image":{"@type":"ImageObject","inLanguage":"es","@id":"https:\/\/experienciadevida.com.ar\/portalurbano\/#\/schema\/person\/image\/","url":"https:\/\/secure.gravatar.com\/avatar\/830d4c57adaae6630765e449a6908047?s=96&d=mm&r=g","contentUrl":"https:\/\/secure.gravatar.com\/avatar\/830d4c57adaae6630765e449a6908047?s=96&d=mm&r=g","caption":"admpu17wp"}}]}},"featured_image_urls":{"full":"","thumbnail":"","medium":"","medium_large":"","large":"","ug_big":"","1536x1536":"","2048x2048":"","newsever-slider-full":"","newsever-featured":"","newsever-medium":"","web-stories-poster-portrait":"","web-stories-publisher-logo":"","web-stories-thumbnail":""},"author_info":{"display_name":"admpu17wp","author_link":"https:\/\/experienciadevida.com.ar\/portalurbano\/author\/admpu17wp\/"},"category_info":"<a href=\"https:\/\/experienciadevida.com.ar\/portalurbano\/category\/ciudad\/\" rel=\"category tag\">Ciudad<\/a> <a href=\"https:\/\/experienciadevida.com.ar\/portalurbano\/category\/destacadas\/\" rel=\"category tag\">Destacadas<\/a>","tag_info":"Destacadas","comment_count":"0","amp_enabled":true,"_links":{"self":[{"href":"https:\/\/experienciadevida.com.ar\/portalurbano\/wp-json\/wp\/v2\/posts\/163101"}],"collection":[{"href":"https:\/\/experienciadevida.com.ar\/portalurbano\/wp-json\/wp\/v2\/posts"}],"about":[{"href":"https:\/\/experienciadevida.com.ar\/portalurbano\/wp-json\/wp\/v2\/types\/post"}],"author":[{"embeddable":true,"href":"https:\/\/experienciadevida.com.ar\/portalurbano\/wp-json\/wp\/v2\/users\/1"}],"replies":[{"embeddable":true,"href":"https:\/\/experienciadevida.com.ar\/portalurbano\/wp-json\/wp\/v2\/comments?post=163101"}],"version-history":[{"count":2,"href":"https:\/\/experienciadevida.com.ar\/portalurbano\/wp-json\/wp\/v2\/posts\/163101\/revisions"}],"predecessor-version":[{"id":163103,"href":"https:\/\/experienciadevida.com.ar\/portalurbano\/wp-json\/wp\/v2\/posts\/163101\/revisions\/163103"}],"wp:attachment":[{"href":"https:\/\/experienciadevida.com.ar\/portalurbano\/wp-json\/wp\/v2\/media?parent=163101"}],"wp:term":[{"taxonomy":"category","embeddable":true,"href":"https:\/\/experienciadevida.com.ar\/portalurbano\/wp-json\/wp\/v2\/categories?post=163101"},{"taxonomy":"post_tag","embeddable":true,"href":"https:\/\/experienciadevida.com.ar\/portalurbano\/wp-json\/wp\/v2\/tags?post=163101"}],"curies":[{"name":"wp","href":"https:\/\/api.w.org\/{rel}","templated":true}]}}