{"id":163080,"date":"2022-03-07T10:50:12","date_gmt":"2022-03-07T13:50:12","guid":{"rendered":"https:\/\/experienciadevida.com.ar\/portalurbano\/?p=163080"},"modified":"2022-03-07T10:55:27","modified_gmt":"2022-03-07T13:55:27","slug":"exitoso-comienzo-del-ciclo-mercado-olavarriense-2022","status":"publish","type":"post","link":"https:\/\/experienciadevida.com.ar\/portalurbano\/exitoso-comienzo-del-ciclo-mercado-olavarriense-2022\/","title":{"rendered":"Exitoso comienzo del ciclo \u201cMercado Olavarriense\u201d 2022"},"content":{"rendered":"<p>Exitoso comienzo del ciclo \u201cMercado Olavarriense\u201d 2022, m\u00e1s de 60 stands engalanaron la sexta edici\u00f3n de la Feria \u00abMercado Olavarriense\u00bb, la primera de 2022.<\/p>\n<p>Organizada por la Secretar\u00eda de Desarrollo Econ\u00f3mico del Municipio, la Feria se llev\u00f3 a cabo este domingo en el Parque Helios Eseverri (sector de Juegos Infantiles).<\/p>\n<p>Una gran cantidad de familias, adem\u00e1s de disfrutar del aire libre en el Parque, concurri\u00f3 al mercado para abastecerse de la variedad de productos locales que se ofrecieron en cada uno de los puestos.<\/p>\n<p>Es importante mencionar que \u201cMercado Olavarriense\u201d es una propuesta integral que posee como principal objetivo \u201cmejorar la visualizaci\u00f3n y comunicaci\u00f3n de la oferta emprendedora local\u201d.<\/p>\n<p>En los puestos se puede encontrar: frutas, verduras, hortalizas, pasteler\u00eda artesanal, panificados, budines, alfajores, dulces y mermeladas, huevos, miel, licores, licuados, arom\u00e1ticas, cactus, artesan\u00edas en general, entre otros.<\/p>\n<p>En el marco del Mercado Olavarriense, se desarroll\u00f3 la jornada de la agrupaci\u00f3n Pelucas Solidarias Olavarr\u00eda, anteriormente suspendida.<\/p>\n<p>Esta, actividad altruista y solidaria, fue a beneficio de pacientes oncol\u00f3gicos pedi\u00e1tricos. Se recibieron donaciones de cabello, tapitas pl\u00e1sticas y cinta de papel para el armado de las pelucas.<\/p>\n<p>Se recuerda que la campa\u00f1a \u201cPelucas Solidarias\u201d se desarrolla a nivel nacional y se enmarca en la conmemoraci\u00f3n del D\u00eda Internacional del C\u00e1ncer Infantil, fecha instituida en el a\u00f1o 2001 por la Organizaci\u00f3n Internacional de Padres de Ni\u00f1os con C\u00e1ncer en Luxemburgo.<\/p>\n<p>La jornada tiene como objetivo recordar a los ni\u00f1os y ni\u00f1as afectados por esta enfermedad, sensibilizar y concientizar a la comunidad respecto de la importancia de este problema y de la necesidad de un acceso r\u00e1pido al diagn\u00f3stico y a un tratamiento adecuado.<\/p>\n","protected":false},"excerpt":{"rendered":"<p>Exitoso comienzo del ciclo \u201cMercado Olavarriense\u201d 2022, m\u00e1s de 60 stands engalanaron la sexta edici\u00f3n&#8230;<\/p>\n","protected":false},"author":1,"featured_media":163081,"comment_status":"closed","ping_status":"closed","sticky":false,"template":"","format":"standard","meta":{"content-type":""},"categories":[27,51],"tags":[],"nelio_content":{"isAutoShareEnabled":false,"autoShareEndMode":"default","automationSources":{"useContentSentences":true,"useSocialTemplates":true,"useCustomSentences":false,"customSentences":[]},"followers":[1],"suggestedReferences":[],"includedReferences":[],"efiUrl":"","efiAlt":"","highlights":[]},"yoast_head":"<!-- This site is optimized with the Yoast SEO plugin v20.7 - https:\/\/yoast.com\/wordpress\/plugins\/seo\/ -->\n<title>Exitoso comienzo del ciclo mercado Olavarriense 2022<\/title>\n<meta name=\"description\" content=\"Exitoso comienzo del ciclo \u201cMercado Olavarriense\u201d 2022, m\u00e1s de 60 stands engalanaron la sexta edici\u00f3n de la Feria\" \/>\n<meta name=\"robots\" content=\"index, follow, max-snippet:-1, max-image-preview:large, max-video-preview:-1\" \/>\n<link rel=\"canonical\" href=\"https:\/\/experienciadevida.com.ar\/portalurbano\/exitoso-comienzo-del-ciclo-mercado-olavarriense-2022\/\" \/>\n<meta property=\"og:locale\" content=\"es_ES\" \/>\n<meta property=\"og:type\" content=\"article\" \/>\n<meta property=\"og:title\" content=\"Exitoso comienzo del ciclo mercado Olavarriense 2022\" \/>\n<meta property=\"og:description\" content=\"Exitoso comienzo del ciclo \u201cMercado Olavarriense\u201d 2022, m\u00e1s de 60 stands engalanaron la sexta edici\u00f3n de la Feria\" \/>\n<meta property=\"og:url\" content=\"https:\/\/experienciadevida.com.ar\/portalurbano\/exitoso-comienzo-del-ciclo-mercado-olavarriense-2022\/\" \/>\n<meta property=\"article:publisher\" content=\"https:\/\/www.facebook.com\/Portal-Urbano-171542830093757\/\" \/>\n<meta property=\"article:published_time\" content=\"2022-03-07T13:50:12+00:00\" \/>\n<meta property=\"article:modified_time\" content=\"2022-03-07T13:55:27+00:00\" \/>\n<meta property=\"og:image\" content=\"https:\/\/experienciadevida.com.ar\/portalurbano\/wp-content\/uploads\/2022\/03\/Exitoso-comienzo-del-e1646660873351.jpg\" \/>\n\t<meta property=\"og:image:width\" content=\"765\" \/>\n\t<meta property=\"og:image:height\" content=\"511\" \/>\n\t<meta property=\"og:image:type\" content=\"image\/jpeg\" \/>\n<meta name=\"author\" content=\"admpu17wp\" \/>\n<meta name=\"twitter:card\" content=\"summary_large_image\" \/>\n<meta name=\"twitter:creator\" content=\"@portalurbanook\" \/>\n<meta name=\"twitter:site\" content=\"@portalurbanook\" \/>\n<meta name=\"twitter:label1\" content=\"Escrito por\" \/>\n\t<meta name=\"twitter:data1\" content=\"admpu17wp\" \/>\n\t<meta name=\"twitter:label2\" content=\"Tiempo de lectura\" \/>\n\t<meta name=\"twitter:data2\" content=\"1 minuto\" \/>\n<script type=\"application\/ld+json\" class=\"yoast-schema-graph\">{\"@context\":\"https:\/\/schema.org\",\"@graph\":[{\"@type\":\"Article\",\"@id\":\"https:\/\/experienciadevida.com.ar\/portalurbano\/exitoso-comienzo-del-ciclo-mercado-olavarriense-2022\/#article\",\"isPartOf\":{\"@id\":\"https:\/\/experienciadevida.com.ar\/portalurbano\/exitoso-comienzo-del-ciclo-mercado-olavarriense-2022\/\"},\"author\":{\"name\":\"admpu17wp\",\"@id\":\"https:\/\/experienciadevida.com.ar\/portalurbano\/#\/schema\/person\/02dd326b1c4b056e9cc972486934a3a7\"},\"headline\":\"Exitoso comienzo del ciclo \u201cMercado Olavarriense\u201d 2022\",\"datePublished\":\"2022-03-07T13:50:12+00:00\",\"dateModified\":\"2022-03-07T13:55:27+00:00\",\"mainEntityOfPage\":{\"@id\":\"https:\/\/experienciadevida.com.ar\/portalurbano\/exitoso-comienzo-del-ciclo-mercado-olavarriense-2022\/\"},\"wordCount\":298,\"publisher\":{\"@id\":\"https:\/\/experienciadevida.com.ar\/portalurbano\/#organization\"},\"articleSection\":[\"Ciudad\",\"Destacadas\"],\"inLanguage\":\"es\"},{\"@type\":\"WebPage\",\"@id\":\"https:\/\/experienciadevida.com.ar\/portalurbano\/exitoso-comienzo-del-ciclo-mercado-olavarriense-2022\/\",\"url\":\"https:\/\/experienciadevida.com.ar\/portalurbano\/exitoso-comienzo-del-ciclo-mercado-olavarriense-2022\/\",\"name\":\"Exitoso comienzo del ciclo mercado Olavarriense 2022\",\"isPartOf\":{\"@id\":\"https:\/\/experienciadevida.com.ar\/portalurbano\/#website\"},\"datePublished\":\"2022-03-07T13:50:12+00:00\",\"dateModified\":\"2022-03-07T13:55:27+00:00\",\"description\":\"Exitoso comienzo del ciclo \u201cMercado Olavarriense\u201d 2022, m\u00e1s de 60 stands engalanaron la sexta edici\u00f3n de la Feria\",\"breadcrumb\":{\"@id\":\"https:\/\/experienciadevida.com.ar\/portalurbano\/exitoso-comienzo-del-ciclo-mercado-olavarriense-2022\/#breadcrumb\"},\"inLanguage\":\"es\",\"potentialAction\":[{\"@type\":\"ReadAction\",\"target\":[\"https:\/\/experienciadevida.com.ar\/portalurbano\/exitoso-comienzo-del-ciclo-mercado-olavarriense-2022\/\"]}]},{\"@type\":\"BreadcrumbList\",\"@id\":\"https:\/\/experienciadevida.com.ar\/portalurbano\/exitoso-comienzo-del-ciclo-mercado-olavarriense-2022\/#breadcrumb\",\"itemListElement\":[{\"@type\":\"ListItem\",\"position\":1,\"name\":\"Portada\",\"item\":\"https:\/\/experienciadevida.com.ar\/portalurbano\/\"},{\"@type\":\"ListItem\",\"position\":2,\"name\":\"Exitoso comienzo del ciclo \u201cMercado Olavarriense\u201d 2022\"}]},{\"@type\":\"WebSite\",\"@id\":\"https:\/\/experienciadevida.com.ar\/portalurbano\/#website\",\"url\":\"https:\/\/experienciadevida.com.ar\/portalurbano\/\",\"name\":\"\",\"description\":\"\",\"publisher\":{\"@id\":\"https:\/\/experienciadevida.com.ar\/portalurbano\/#organization\"},\"potentialAction\":[{\"@type\":\"SearchAction\",\"target\":{\"@type\":\"EntryPoint\",\"urlTemplate\":\"https:\/\/experienciadevida.com.ar\/portalurbano\/?s={search_term_string}\"},\"query-input\":\"required name=search_term_string\"}],\"inLanguage\":\"es\"},{\"@type\":\"Organization\",\"@id\":\"https:\/\/experienciadevida.com.ar\/portalurbano\/#organization\",\"name\":\"Portal Urbano\",\"url\":\"https:\/\/experienciadevida.com.ar\/portalurbano\/\",\"logo\":{\"@type\":\"ImageObject\",\"inLanguage\":\"es\",\"@id\":\"https:\/\/experienciadevida.com.ar\/portalurbano\/#\/schema\/logo\/image\/\",\"url\":\"https:\/\/experienciadevida.com.ar\/portalurbano\/wp-content\/uploads\/2019\/09\/Logo-Original.png\",\"contentUrl\":\"https:\/\/experienciadevida.com.ar\/portalurbano\/wp-content\/uploads\/2019\/09\/Logo-Original.png\",\"width\":2236,\"height\":1216,\"caption\":\"Portal Urbano\"},\"image\":{\"@id\":\"https:\/\/experienciadevida.com.ar\/portalurbano\/#\/schema\/logo\/image\/\"},\"sameAs\":[\"https:\/\/www.facebook.com\/Portal-Urbano-171542830093757\/\",\"https:\/\/twitter.com\/portalurbanook\",\"https:\/\/www.instagram.com\/_portalurbano\/\",\"https:\/\/www.youtube.com\/channel\/UCXhagIfszH8KxFiOok79zbA?view_as=subscriber\"]},{\"@type\":\"Person\",\"@id\":\"https:\/\/experienciadevida.com.ar\/portalurbano\/#\/schema\/person\/02dd326b1c4b056e9cc972486934a3a7\",\"name\":\"admpu17wp\",\"image\":{\"@type\":\"ImageObject\",\"inLanguage\":\"es\",\"@id\":\"https:\/\/experienciadevida.com.ar\/portalurbano\/#\/schema\/person\/image\/\",\"url\":\"https:\/\/secure.gravatar.com\/avatar\/830d4c57adaae6630765e449a6908047?s=96&d=mm&r=g\",\"contentUrl\":\"https:\/\/secure.gravatar.com\/avatar\/830d4c57adaae6630765e449a6908047?s=96&d=mm&r=g\",\"caption\":\"admpu17wp\"}}]}<\/script>\n<!-- \/ Yoast SEO plugin. -->","yoast_head_json":{"title":"Exitoso comienzo del ciclo mercado Olavarriense 2022","description":"Exitoso comienzo del ciclo \u201cMercado Olavarriense\u201d 2022, m\u00e1s de 60 stands engalanaron la sexta edici\u00f3n de la Feria","robots":{"index":"index","follow":"follow","max-snippet":"max-snippet:-1","max-image-preview":"max-image-preview:large","max-video-preview":"max-video-preview:-1"},"canonical":"https:\/\/experienciadevida.com.ar\/portalurbano\/exitoso-comienzo-del-ciclo-mercado-olavarriense-2022\/","og_locale":"es_ES","og_type":"article","og_title":"Exitoso comienzo del ciclo mercado Olavarriense 2022","og_description":"Exitoso comienzo del ciclo \u201cMercado Olavarriense\u201d 2022, m\u00e1s de 60 stands engalanaron la sexta edici\u00f3n de la Feria","og_url":"https:\/\/experienciadevida.com.ar\/portalurbano\/exitoso-comienzo-del-ciclo-mercado-olavarriense-2022\/","article_publisher":"https:\/\/www.facebook.com\/Portal-Urbano-171542830093757\/","article_published_time":"2022-03-07T13:50:12+00:00","article_modified_time":"2022-03-07T13:55:27+00:00","og_image":[{"width":765,"height":511,"url":"https:\/\/experienciadevida.com.ar\/portalurbano\/wp-content\/uploads\/2022\/03\/Exitoso-comienzo-del-e1646660873351.jpg","type":"image\/jpeg"}],"author":"admpu17wp","twitter_card":"summary_large_image","twitter_creator":"@portalurbanook","twitter_site":"@portalurbanook","twitter_misc":{"Escrito por":"admpu17wp","Tiempo de lectura":"1 minuto"},"schema":{"@context":"https:\/\/schema.org","@graph":[{"@type":"Article","@id":"https:\/\/experienciadevida.com.ar\/portalurbano\/exitoso-comienzo-del-ciclo-mercado-olavarriense-2022\/#article","isPartOf":{"@id":"https:\/\/experienciadevida.com.ar\/portalurbano\/exitoso-comienzo-del-ciclo-mercado-olavarriense-2022\/"},"author":{"name":"admpu17wp","@id":"https:\/\/experienciadevida.com.ar\/portalurbano\/#\/schema\/person\/02dd326b1c4b056e9cc972486934a3a7"},"headline":"Exitoso comienzo del ciclo \u201cMercado Olavarriense\u201d 2022","datePublished":"2022-03-07T13:50:12+00:00","dateModified":"2022-03-07T13:55:27+00:00","mainEntityOfPage":{"@id":"https:\/\/experienciadevida.com.ar\/portalurbano\/exitoso-comienzo-del-ciclo-mercado-olavarriense-2022\/"},"wordCount":298,"publisher":{"@id":"https:\/\/experienciadevida.com.ar\/portalurbano\/#organization"},"articleSection":["Ciudad","Destacadas"],"inLanguage":"es"},{"@type":"WebPage","@id":"https:\/\/experienciadevida.com.ar\/portalurbano\/exitoso-comienzo-del-ciclo-mercado-olavarriense-2022\/","url":"https:\/\/experienciadevida.com.ar\/portalurbano\/exitoso-comienzo-del-ciclo-mercado-olavarriense-2022\/","name":"Exitoso comienzo del ciclo mercado Olavarriense 2022","isPartOf":{"@id":"https:\/\/experienciadevida.com.ar\/portalurbano\/#website"},"datePublished":"2022-03-07T13:50:12+00:00","dateModified":"2022-03-07T13:55:27+00:00","description":"Exitoso comienzo del ciclo \u201cMercado Olavarriense\u201d 2022, m\u00e1s de 60 stands engalanaron la sexta edici\u00f3n de la Feria","breadcrumb":{"@id":"https:\/\/experienciadevida.com.ar\/portalurbano\/exitoso-comienzo-del-ciclo-mercado-olavarriense-2022\/#breadcrumb"},"inLanguage":"es","potentialAction":[{"@type":"ReadAction","target":["https:\/\/experienciadevida.com.ar\/portalurbano\/exitoso-comienzo-del-ciclo-mercado-olavarriense-2022\/"]}]},{"@type":"BreadcrumbList","@id":"https:\/\/experienciadevida.com.ar\/portalurbano\/exitoso-comienzo-del-ciclo-mercado-olavarriense-2022\/#breadcrumb","itemListElement":[{"@type":"ListItem","position":1,"name":"Portada","item":"https:\/\/experienciadevida.com.ar\/portalurbano\/"},{"@type":"ListItem","position":2,"name":"Exitoso comienzo del ciclo \u201cMercado Olavarriense\u201d 2022"}]},{"@type":"WebSite","@id":"https:\/\/experienciadevida.com.ar\/portalurbano\/#website","url":"https:\/\/experienciadevida.com.ar\/portalurbano\/","name":"","description":"","publisher":{"@id":"https:\/\/experienciadevida.com.ar\/portalurbano\/#organization"},"potentialAction":[{"@type":"SearchAction","target":{"@type":"EntryPoint","urlTemplate":"https:\/\/experienciadevida.com.ar\/portalurbano\/?s={search_term_string}"},"query-input":"required name=search_term_string"}],"inLanguage":"es"},{"@type":"Organization","@id":"https:\/\/experienciadevida.com.ar\/portalurbano\/#organization","name":"Portal Urbano","url":"https:\/\/experienciadevida.com.ar\/portalurbano\/","logo":{"@type":"ImageObject","inLanguage":"es","@id":"https:\/\/experienciadevida.com.ar\/portalurbano\/#\/schema\/logo\/image\/","url":"https:\/\/experienciadevida.com.ar\/portalurbano\/wp-content\/uploads\/2019\/09\/Logo-Original.png","contentUrl":"https:\/\/experienciadevida.com.ar\/portalurbano\/wp-content\/uploads\/2019\/09\/Logo-Original.png","width":2236,"height":1216,"caption":"Portal Urbano"},"image":{"@id":"https:\/\/experienciadevida.com.ar\/portalurbano\/#\/schema\/logo\/image\/"},"sameAs":["https:\/\/www.facebook.com\/Portal-Urbano-171542830093757\/","https:\/\/twitter.com\/portalurbanook","https:\/\/www.instagram.com\/_portalurbano\/","https:\/\/www.youtube.com\/channel\/UCXhagIfszH8KxFiOok79zbA?view_as=subscriber"]},{"@type":"Person","@id":"https:\/\/experienciadevida.com.ar\/portalurbano\/#\/schema\/person\/02dd326b1c4b056e9cc972486934a3a7","name":"admpu17wp","image":{"@type":"ImageObject","inLanguage":"es","@id":"https:\/\/experienciadevida.com.ar\/portalurbano\/#\/schema\/person\/image\/","url":"https:\/\/secure.gravatar.com\/avatar\/830d4c57adaae6630765e449a6908047?s=96&d=mm&r=g","contentUrl":"https:\/\/secure.gravatar.com\/avatar\/830d4c57adaae6630765e449a6908047?s=96&d=mm&r=g","caption":"admpu17wp"}}]}},"featured_image_urls":{"full":["https:\/\/experienciadevida.com.ar\/portalurbano\/wp-content\/uploads\/2022\/03\/Exitoso-comienzo-del-e1646660873351.jpg",765,511,false],"thumbnail":["https:\/\/experienciadevida.com.ar\/portalurbano\/wp-content\/uploads\/2022\/03\/Exitoso-comienzo-del-150x150.jpg",150,150,true],"medium":["https:\/\/experienciadevida.com.ar\/portalurbano\/wp-content\/uploads\/2022\/03\/Exitoso-comienzo-del-300x201.jpg",300,201,true],"medium_large":["https:\/\/experienciadevida.com.ar\/portalurbano\/wp-content\/uploads\/2022\/03\/Exitoso-comienzo-del-768x513.jpg",640,428,true],"large":["https:\/\/experienciadevida.com.ar\/portalurbano\/wp-content\/uploads\/2022\/03\/Exitoso-comienzo-del-1024x684.jpg",640,428,true],"ug_big":["https:\/\/experienciadevida.com.ar\/portalurbano\/wp-content\/uploads\/2022\/03\/Exitoso-comienzo-del-768x513.jpg",768,513,true],"1536x1536":["https:\/\/experienciadevida.com.ar\/portalurbano\/wp-content\/uploads\/2022\/03\/Exitoso-comienzo-del-1536x1027.jpg",1536,1027,true],"2048x2048":["https:\/\/experienciadevida.com.ar\/portalurbano\/wp-content\/uploads\/2022\/03\/Exitoso-comienzo-del-2048x1369.jpg",2048,1369,true],"newsever-slider-full":["https:\/\/experienciadevida.com.ar\/portalurbano\/wp-content\/uploads\/2022\/03\/Exitoso-comienzo-del-e1646660873351.jpg",765,511,false],"newsever-featured":["https:\/\/experienciadevida.com.ar\/portalurbano\/wp-content\/uploads\/2022\/03\/Exitoso-comienzo-del-e1646660873351.jpg",765,511,false],"newsever-medium":["https:\/\/experienciadevida.com.ar\/portalurbano\/wp-content\/uploads\/2022\/03\/Exitoso-comienzo-del-e1646660873351.jpg",711,475,false],"web-stories-poster-portrait":["https:\/\/experienciadevida.com.ar\/portalurbano\/wp-content\/uploads\/2022\/03\/Exitoso-comienzo-del-e1646660873351.jpg",640,428,false],"web-stories-publisher-logo":["https:\/\/experienciadevida.com.ar\/portalurbano\/wp-content\/uploads\/2022\/03\/Exitoso-comienzo-del-e1646660873351.jpg",96,64,false],"web-stories-thumbnail":["https:\/\/experienciadevida.com.ar\/portalurbano\/wp-content\/uploads\/2022\/03\/Exitoso-comienzo-del-e1646660873351.jpg",150,100,false]},"author_info":{"display_name":"admpu17wp","author_link":"https:\/\/experienciadevida.com.ar\/portalurbano\/author\/admpu17wp\/"},"category_info":"<a href=\"https:\/\/experienciadevida.com.ar\/portalurbano\/category\/ciudad\/\" rel=\"category tag\">Ciudad<\/a> <a href=\"https:\/\/experienciadevida.com.ar\/portalurbano\/category\/destacadas\/\" rel=\"category tag\">Destacadas<\/a>","tag_info":"Destacadas","comment_count":"0","amp_enabled":true,"_links":{"self":[{"href":"https:\/\/experienciadevida.com.ar\/portalurbano\/wp-json\/wp\/v2\/posts\/163080"}],"collection":[{"href":"https:\/\/experienciadevida.com.ar\/portalurbano\/wp-json\/wp\/v2\/posts"}],"about":[{"href":"https:\/\/experienciadevida.com.ar\/portalurbano\/wp-json\/wp\/v2\/types\/post"}],"author":[{"embeddable":true,"href":"https:\/\/experienciadevida.com.ar\/portalurbano\/wp-json\/wp\/v2\/users\/1"}],"replies":[{"embeddable":true,"href":"https:\/\/experienciadevida.com.ar\/portalurbano\/wp-json\/wp\/v2\/comments?post=163080"}],"version-history":[{"count":1,"href":"https:\/\/experienciadevida.com.ar\/portalurbano\/wp-json\/wp\/v2\/posts\/163080\/revisions"}],"predecessor-version":[{"id":163082,"href":"https:\/\/experienciadevida.com.ar\/portalurbano\/wp-json\/wp\/v2\/posts\/163080\/revisions\/163082"}],"wp:featuredmedia":[{"embeddable":true,"href":"https:\/\/experienciadevida.com.ar\/portalurbano\/wp-json\/wp\/v2\/media\/163081"}],"wp:attachment":[{"href":"https:\/\/experienciadevida.com.ar\/portalurbano\/wp-json\/wp\/v2\/media?parent=163080"}],"wp:term":[{"taxonomy":"category","embeddable":true,"href":"https:\/\/experienciadevida.com.ar\/portalurbano\/wp-json\/wp\/v2\/categories?post=163080"},{"taxonomy":"post_tag","embeddable":true,"href":"https:\/\/experienciadevida.com.ar\/portalurbano\/wp-json\/wp\/v2\/tags?post=163080"}],"curies":[{"name":"wp","href":"https:\/\/api.w.org\/{rel}","templated":true}]}}