{"id":163075,"date":"2022-03-07T10:06:32","date_gmt":"2022-03-07T13:06:32","guid":{"rendered":"https:\/\/experienciadevida.com.ar\/portalurbano\/?p=163075"},"modified":"2022-03-07T10:41:05","modified_gmt":"2022-03-07T13:41:05","slug":"el-programa-integral-comunidades-soberanas-se-puso-en-movimiento-2","status":"publish","type":"post","link":"https:\/\/experienciadevida.com.ar\/portalurbano\/el-programa-integral-comunidades-soberanas-se-puso-en-movimiento-2\/","title":{"rendered":"El Programa Integral Comunidades Soberanas se puso en movimiento"},"content":{"rendered":"<p>El Programa Integral Comunidades Soberanas se puso en movimiento, con los objetivos puestos en trabajar en la extensi\u00f3n e integrar a la comunidad, se realiz\u00f3 la primera reuni\u00f3n de la propuesta que dirigen investigadoras de las facultades de Ingenier\u00eda y de<a href=\"https:\/\/www.facebook.com\/facultadcienciassociales.unicen\"> Ciencias Sociales<\/a>. Participaron referentes de otras unidades acad\u00e9micas de la UNICEN y las organizaciones que conforman el Programa.<\/p>\n<p>Conocerse, conectarse, crear comunidad y evaluar los pasos a seguir. Esas fueron algunas de las ideas que surgieron de la reuni\u00f3n realizada este viernes en el Campus Universitario de Olavarr\u00eda, en la que participaron las coordinadoras e integrantes del Programa Integral \u201cComunidades Soberanas. Gesti\u00f3n Inclusiva: Universidad, Econom\u00eda popular y responsabilidad ambiental\u201d.<\/p>\n<p>El mismo es uno de las tantas propuestas de la Facultad de Ciencias Sociales, en colaboraci\u00f3n con otras unidades acad\u00e9micas de la UNICEN, que fueron aprobadas en el 2021 por la Secretar\u00eda de Extensi\u00f3n de Rectorado a trav\u00e9s del Programa de Fortalecimiento de las Capacidades de Extensi\u00f3n de la Universidad.<\/p>\n<p>Comunidades Soberanas es una iniciativa que dirigen la Ing. Paula Vitale, por la Facultad de Ingenier\u00eda, y la Dra. Rosana Sosa, investigadora de la FACSO, en la que participan tambi\u00e9n integrantes de la Facultad de Ciencias de la Salud de Olavarr\u00eda y de la Facultad de Agronom\u00eda de Azul.<\/p>\n<p>\u201cEstamos arrancando un programa que es un desaf\u00edo y la idea del proyecto es que sea interdisciplinario y que logremos la interdisciplinariedad\u201d, expres\u00f3 la Ing. Vitale en la apertura del encuentro, realizado en el Campus Universitario. \u201cEl objetivo es empezar a conocernos y darnos espacio para establecer esta confianza para trabajar en equipo y hacia el mismo lado\u201d, agreg\u00f3 la directora del Programa, que comenz\u00f3 a dar sus primeros pasos a partir de la reuni\u00f3n en la que participaron cerca de 30 personas.<\/p>\n<p>En la misma l\u00ednea, la Dra. Sosa manifest\u00f3 que \u201ceste es un espacio para militar la educaci\u00f3n p\u00fablica y la universidad p\u00fablica. De poner en di\u00e1logo los saberes entre diferentes disciplinas y con otras organizaciones con las que hasta el momento no hab\u00edamos trabajado\u201d. \u201cEl gran desaf\u00edo es poder trabajar en clave de comunidad, no importa de d\u00f3nde vengamos. Y una vez que se construye, habitar esa comunidad\u201d, agreg\u00f3 la investigadora olavarriense.<\/p>\n<p>Las coordinadoras de Comunidades Soberanas coincidieron en que la clave se encuentra en aprender a hacer extensi\u00f3n y el desaf\u00edo de dicha pr\u00e1ctica.<\/p>\n<p>Fue invitado a participar tambi\u00e9n el Secretario de Extensi\u00f3n de la FACSO, Lic. Nicol\u00e1s Casado, quien destac\u00f3 que es la primera vez que desde la UNICEN se aprueban Programas Integrales, por lo que entendi\u00f3 que \u201cmarca la diferencia de c\u00f3mo va cambiando la funci\u00f3n y el lugar de la extensi\u00f3n\u201d.<\/p>\n<p>El Lic. Casado propuso analizar la iniciativa con un compromiso social donde no se piense que \u201clo que pasa en las aulas y lo que pasa en la comunidad son dos cosas separadas, la idea es que nos integremos entre todos\u201d.<\/p>\n<p>Qui\u00e9nes hacen Comunidades Soberanas<\/p>\n<p>En el encuentro participaron adem\u00e1s Nora Quiroga en representaci\u00f3n de Ciencias de la Salud, Laura Ayesa por la Secretar\u00eda de Extensi\u00f3n de la FIO, Mar\u00eda Lorena Rodr\u00edguez y Ver\u00f3nica Seoane por Agronom\u00eda, Florencia Torregiani por FACSO y docentes e investigadores de todas las unidades acad\u00e9micas.<\/p>\n<p>En tanto tambi\u00e9n estuvieron Nahuel Scheifler y Aldo Andreucci por Corazones de Barro, Juan Pablo P\u00e9rez por Cooperativa \u201cViento en Contra\u201d y Hugo Santonja en representaci\u00f3n de la Municipalidad de Olavarr\u00eda.<\/p>\n<p>Adem\u00e1s de las cuatro unidades acad\u00e9micas, integran tambi\u00e9n el Programa el Espacio Cultural El Ase y Biblioteca Popular de Azul y Reciclate Azul; la Secretar\u00eda de Desarrollo Sustentable de la Municipalidad de Olavarr\u00eda y Corazones de Barro y Cooperativa \u201cViento en Contra\u201d de nuestra ciudad.<\/p>\n","protected":false},"excerpt":{"rendered":"<p>El Programa Integral Comunidades Soberanas se puso en movimiento, con los objetivos puestos en trabajar&#8230;<\/p>\n","protected":false},"author":1,"featured_media":163076,"comment_status":"closed","ping_status":"closed","sticky":false,"template":"","format":"standard","meta":{"content-type":""},"categories":[27],"tags":[],"nelio_content":{"isAutoShareEnabled":false,"autoShareEndMode":"default","automationSources":{"useContentSentences":true,"useSocialTemplates":true,"useCustomSentences":false,"customSentences":[]},"followers":[1],"suggestedReferences":[],"includedReferences":[],"efiUrl":"","efiAlt":"","highlights":[]},"yoast_head":"<!-- This site is optimized with the Yoast SEO plugin v20.7 - https:\/\/yoast.com\/wordpress\/plugins\/seo\/ -->\n<title>El programa integral comunidades soberanas se puso<\/title>\n<meta name=\"description\" content=\"El Programa Integral Comunidades Soberanas se puso en movimiento, con los objetivos puestos en trabajar en la extensi\u00f3n\" \/>\n<meta name=\"robots\" content=\"index, follow, max-snippet:-1, max-image-preview:large, max-video-preview:-1\" \/>\n<link rel=\"canonical\" href=\"https:\/\/experienciadevida.com.ar\/portalurbano\/el-programa-integral-comunidades-soberanas-se-puso-en-movimiento-2\/\" \/>\n<meta property=\"og:locale\" content=\"es_ES\" \/>\n<meta property=\"og:type\" content=\"article\" \/>\n<meta property=\"og:title\" content=\"El programa integral comunidades soberanas se puso\" \/>\n<meta property=\"og:description\" content=\"El Programa Integral Comunidades Soberanas se puso en movimiento, con los objetivos puestos en trabajar en la extensi\u00f3n\" \/>\n<meta property=\"og:url\" content=\"https:\/\/experienciadevida.com.ar\/portalurbano\/el-programa-integral-comunidades-soberanas-se-puso-en-movimiento-2\/\" \/>\n<meta property=\"article:publisher\" content=\"https:\/\/www.facebook.com\/Portal-Urbano-171542830093757\/\" \/>\n<meta property=\"article:published_time\" content=\"2022-03-07T13:06:32+00:00\" \/>\n<meta property=\"article:modified_time\" content=\"2022-03-07T13:41:05+00:00\" \/>\n<meta property=\"og:image\" content=\"https:\/\/experienciadevida.com.ar\/portalurbano\/wp-content\/uploads\/2022\/03\/El-Programa-Integral-Comunidades-1.jpg\" \/>\n\t<meta property=\"og:image:width\" content=\"1480\" \/>\n\t<meta property=\"og:image:height\" content=\"927\" \/>\n\t<meta property=\"og:image:type\" content=\"image\/jpeg\" \/>\n<meta name=\"author\" content=\"admpu17wp\" \/>\n<meta name=\"twitter:card\" content=\"summary_large_image\" \/>\n<meta name=\"twitter:creator\" content=\"@portalurbanook\" \/>\n<meta name=\"twitter:site\" content=\"@portalurbanook\" \/>\n<meta name=\"twitter:label1\" content=\"Escrito por\" \/>\n\t<meta name=\"twitter:data1\" content=\"admpu17wp\" \/>\n\t<meta name=\"twitter:label2\" content=\"Tiempo de lectura\" \/>\n\t<meta name=\"twitter:data2\" content=\"3 minutos\" \/>\n<script type=\"application\/ld+json\" class=\"yoast-schema-graph\">{\"@context\":\"https:\/\/schema.org\",\"@graph\":[{\"@type\":\"Article\",\"@id\":\"https:\/\/experienciadevida.com.ar\/portalurbano\/el-programa-integral-comunidades-soberanas-se-puso-en-movimiento-2\/#article\",\"isPartOf\":{\"@id\":\"https:\/\/experienciadevida.com.ar\/portalurbano\/el-programa-integral-comunidades-soberanas-se-puso-en-movimiento-2\/\"},\"author\":{\"name\":\"admpu17wp\",\"@id\":\"https:\/\/experienciadevida.com.ar\/portalurbano\/#\/schema\/person\/02dd326b1c4b056e9cc972486934a3a7\"},\"headline\":\"El Programa Integral Comunidades Soberanas se puso en movimiento\",\"datePublished\":\"2022-03-07T13:06:32+00:00\",\"dateModified\":\"2022-03-07T13:41:05+00:00\",\"mainEntityOfPage\":{\"@id\":\"https:\/\/experienciadevida.com.ar\/portalurbano\/el-programa-integral-comunidades-soberanas-se-puso-en-movimiento-2\/\"},\"wordCount\":666,\"publisher\":{\"@id\":\"https:\/\/experienciadevida.com.ar\/portalurbano\/#organization\"},\"articleSection\":[\"Ciudad\"],\"inLanguage\":\"es\"},{\"@type\":\"WebPage\",\"@id\":\"https:\/\/experienciadevida.com.ar\/portalurbano\/el-programa-integral-comunidades-soberanas-se-puso-en-movimiento-2\/\",\"url\":\"https:\/\/experienciadevida.com.ar\/portalurbano\/el-programa-integral-comunidades-soberanas-se-puso-en-movimiento-2\/\",\"name\":\"El programa integral comunidades soberanas se puso\",\"isPartOf\":{\"@id\":\"https:\/\/experienciadevida.com.ar\/portalurbano\/#website\"},\"datePublished\":\"2022-03-07T13:06:32+00:00\",\"dateModified\":\"2022-03-07T13:41:05+00:00\",\"description\":\"El Programa Integral Comunidades Soberanas se puso en movimiento, con los objetivos puestos en trabajar en la extensi\u00f3n\",\"breadcrumb\":{\"@id\":\"https:\/\/experienciadevida.com.ar\/portalurbano\/el-programa-integral-comunidades-soberanas-se-puso-en-movimiento-2\/#breadcrumb\"},\"inLanguage\":\"es\",\"potentialAction\":[{\"@type\":\"ReadAction\",\"target\":[\"https:\/\/experienciadevida.com.ar\/portalurbano\/el-programa-integral-comunidades-soberanas-se-puso-en-movimiento-2\/\"]}]},{\"@type\":\"BreadcrumbList\",\"@id\":\"https:\/\/experienciadevida.com.ar\/portalurbano\/el-programa-integral-comunidades-soberanas-se-puso-en-movimiento-2\/#breadcrumb\",\"itemListElement\":[{\"@type\":\"ListItem\",\"position\":1,\"name\":\"Portada\",\"item\":\"https:\/\/experienciadevida.com.ar\/portalurbano\/\"},{\"@type\":\"ListItem\",\"position\":2,\"name\":\"El Programa Integral Comunidades Soberanas se puso en movimiento\"}]},{\"@type\":\"WebSite\",\"@id\":\"https:\/\/experienciadevida.com.ar\/portalurbano\/#website\",\"url\":\"https:\/\/experienciadevida.com.ar\/portalurbano\/\",\"name\":\"\",\"description\":\"\",\"publisher\":{\"@id\":\"https:\/\/experienciadevida.com.ar\/portalurbano\/#organization\"},\"potentialAction\":[{\"@type\":\"SearchAction\",\"target\":{\"@type\":\"EntryPoint\",\"urlTemplate\":\"https:\/\/experienciadevida.com.ar\/portalurbano\/?s={search_term_string}\"},\"query-input\":\"required name=search_term_string\"}],\"inLanguage\":\"es\"},{\"@type\":\"Organization\",\"@id\":\"https:\/\/experienciadevida.com.ar\/portalurbano\/#organization\",\"name\":\"Portal Urbano\",\"url\":\"https:\/\/experienciadevida.com.ar\/portalurbano\/\",\"logo\":{\"@type\":\"ImageObject\",\"inLanguage\":\"es\",\"@id\":\"https:\/\/experienciadevida.com.ar\/portalurbano\/#\/schema\/logo\/image\/\",\"url\":\"https:\/\/experienciadevida.com.ar\/portalurbano\/wp-content\/uploads\/2019\/09\/Logo-Original.png\",\"contentUrl\":\"https:\/\/experienciadevida.com.ar\/portalurbano\/wp-content\/uploads\/2019\/09\/Logo-Original.png\",\"width\":2236,\"height\":1216,\"caption\":\"Portal Urbano\"},\"image\":{\"@id\":\"https:\/\/experienciadevida.com.ar\/portalurbano\/#\/schema\/logo\/image\/\"},\"sameAs\":[\"https:\/\/www.facebook.com\/Portal-Urbano-171542830093757\/\",\"https:\/\/twitter.com\/portalurbanook\",\"https:\/\/www.instagram.com\/_portalurbano\/\",\"https:\/\/www.youtube.com\/channel\/UCXhagIfszH8KxFiOok79zbA?view_as=subscriber\"]},{\"@type\":\"Person\",\"@id\":\"https:\/\/experienciadevida.com.ar\/portalurbano\/#\/schema\/person\/02dd326b1c4b056e9cc972486934a3a7\",\"name\":\"admpu17wp\",\"image\":{\"@type\":\"ImageObject\",\"inLanguage\":\"es\",\"@id\":\"https:\/\/experienciadevida.com.ar\/portalurbano\/#\/schema\/person\/image\/\",\"url\":\"https:\/\/secure.gravatar.com\/avatar\/830d4c57adaae6630765e449a6908047?s=96&d=mm&r=g\",\"contentUrl\":\"https:\/\/secure.gravatar.com\/avatar\/830d4c57adaae6630765e449a6908047?s=96&d=mm&r=g\",\"caption\":\"admpu17wp\"}}]}<\/script>\n<!-- \/ Yoast SEO plugin. -->","yoast_head_json":{"title":"El programa integral comunidades soberanas se puso","description":"El Programa Integral Comunidades Soberanas se puso en movimiento, con los objetivos puestos en trabajar en la extensi\u00f3n","robots":{"index":"index","follow":"follow","max-snippet":"max-snippet:-1","max-image-preview":"max-image-preview:large","max-video-preview":"max-video-preview:-1"},"canonical":"https:\/\/experienciadevida.com.ar\/portalurbano\/el-programa-integral-comunidades-soberanas-se-puso-en-movimiento-2\/","og_locale":"es_ES","og_type":"article","og_title":"El programa integral comunidades soberanas se puso","og_description":"El Programa Integral Comunidades Soberanas se puso en movimiento, con los objetivos puestos en trabajar en la extensi\u00f3n","og_url":"https:\/\/experienciadevida.com.ar\/portalurbano\/el-programa-integral-comunidades-soberanas-se-puso-en-movimiento-2\/","article_publisher":"https:\/\/www.facebook.com\/Portal-Urbano-171542830093757\/","article_published_time":"2022-03-07T13:06:32+00:00","article_modified_time":"2022-03-07T13:41:05+00:00","og_image":[{"width":1480,"height":927,"url":"https:\/\/experienciadevida.com.ar\/portalurbano\/wp-content\/uploads\/2022\/03\/El-Programa-Integral-Comunidades-1.jpg","type":"image\/jpeg"}],"author":"admpu17wp","twitter_card":"summary_large_image","twitter_creator":"@portalurbanook","twitter_site":"@portalurbanook","twitter_misc":{"Escrito por":"admpu17wp","Tiempo de lectura":"3 minutos"},"schema":{"@context":"https:\/\/schema.org","@graph":[{"@type":"Article","@id":"https:\/\/experienciadevida.com.ar\/portalurbano\/el-programa-integral-comunidades-soberanas-se-puso-en-movimiento-2\/#article","isPartOf":{"@id":"https:\/\/experienciadevida.com.ar\/portalurbano\/el-programa-integral-comunidades-soberanas-se-puso-en-movimiento-2\/"},"author":{"name":"admpu17wp","@id":"https:\/\/experienciadevida.com.ar\/portalurbano\/#\/schema\/person\/02dd326b1c4b056e9cc972486934a3a7"},"headline":"El Programa Integral Comunidades Soberanas se puso en movimiento","datePublished":"2022-03-07T13:06:32+00:00","dateModified":"2022-03-07T13:41:05+00:00","mainEntityOfPage":{"@id":"https:\/\/experienciadevida.com.ar\/portalurbano\/el-programa-integral-comunidades-soberanas-se-puso-en-movimiento-2\/"},"wordCount":666,"publisher":{"@id":"https:\/\/experienciadevida.com.ar\/portalurbano\/#organization"},"articleSection":["Ciudad"],"inLanguage":"es"},{"@type":"WebPage","@id":"https:\/\/experienciadevida.com.ar\/portalurbano\/el-programa-integral-comunidades-soberanas-se-puso-en-movimiento-2\/","url":"https:\/\/experienciadevida.com.ar\/portalurbano\/el-programa-integral-comunidades-soberanas-se-puso-en-movimiento-2\/","name":"El programa integral comunidades soberanas se puso","isPartOf":{"@id":"https:\/\/experienciadevida.com.ar\/portalurbano\/#website"},"datePublished":"2022-03-07T13:06:32+00:00","dateModified":"2022-03-07T13:41:05+00:00","description":"El Programa Integral Comunidades Soberanas se puso en movimiento, con los objetivos puestos en trabajar en la extensi\u00f3n","breadcrumb":{"@id":"https:\/\/experienciadevida.com.ar\/portalurbano\/el-programa-integral-comunidades-soberanas-se-puso-en-movimiento-2\/#breadcrumb"},"inLanguage":"es","potentialAction":[{"@type":"ReadAction","target":["https:\/\/experienciadevida.com.ar\/portalurbano\/el-programa-integral-comunidades-soberanas-se-puso-en-movimiento-2\/"]}]},{"@type":"BreadcrumbList","@id":"https:\/\/experienciadevida.com.ar\/portalurbano\/el-programa-integral-comunidades-soberanas-se-puso-en-movimiento-2\/#breadcrumb","itemListElement":[{"@type":"ListItem","position":1,"name":"Portada","item":"https:\/\/experienciadevida.com.ar\/portalurbano\/"},{"@type":"ListItem","position":2,"name":"El Programa Integral Comunidades Soberanas se puso en movimiento"}]},{"@type":"WebSite","@id":"https:\/\/experienciadevida.com.ar\/portalurbano\/#website","url":"https:\/\/experienciadevida.com.ar\/portalurbano\/","name":"","description":"","publisher":{"@id":"https:\/\/experienciadevida.com.ar\/portalurbano\/#organization"},"potentialAction":[{"@type":"SearchAction","target":{"@type":"EntryPoint","urlTemplate":"https:\/\/experienciadevida.com.ar\/portalurbano\/?s={search_term_string}"},"query-input":"required name=search_term_string"}],"inLanguage":"es"},{"@type":"Organization","@id":"https:\/\/experienciadevida.com.ar\/portalurbano\/#organization","name":"Portal Urbano","url":"https:\/\/experienciadevida.com.ar\/portalurbano\/","logo":{"@type":"ImageObject","inLanguage":"es","@id":"https:\/\/experienciadevida.com.ar\/portalurbano\/#\/schema\/logo\/image\/","url":"https:\/\/experienciadevida.com.ar\/portalurbano\/wp-content\/uploads\/2019\/09\/Logo-Original.png","contentUrl":"https:\/\/experienciadevida.com.ar\/portalurbano\/wp-content\/uploads\/2019\/09\/Logo-Original.png","width":2236,"height":1216,"caption":"Portal Urbano"},"image":{"@id":"https:\/\/experienciadevida.com.ar\/portalurbano\/#\/schema\/logo\/image\/"},"sameAs":["https:\/\/www.facebook.com\/Portal-Urbano-171542830093757\/","https:\/\/twitter.com\/portalurbanook","https:\/\/www.instagram.com\/_portalurbano\/","https:\/\/www.youtube.com\/channel\/UCXhagIfszH8KxFiOok79zbA?view_as=subscriber"]},{"@type":"Person","@id":"https:\/\/experienciadevida.com.ar\/portalurbano\/#\/schema\/person\/02dd326b1c4b056e9cc972486934a3a7","name":"admpu17wp","image":{"@type":"ImageObject","inLanguage":"es","@id":"https:\/\/experienciadevida.com.ar\/portalurbano\/#\/schema\/person\/image\/","url":"https:\/\/secure.gravatar.com\/avatar\/830d4c57adaae6630765e449a6908047?s=96&d=mm&r=g","contentUrl":"https:\/\/secure.gravatar.com\/avatar\/830d4c57adaae6630765e449a6908047?s=96&d=mm&r=g","caption":"admpu17wp"}}]}},"featured_image_urls":{"full":["https:\/\/experienciadevida.com.ar\/portalurbano\/wp-content\/uploads\/2022\/03\/El-Programa-Integral-Comunidades-1.jpg",1480,927,false],"thumbnail":["https:\/\/experienciadevida.com.ar\/portalurbano\/wp-content\/uploads\/2022\/03\/El-Programa-Integral-Comunidades-1-150x150.jpg",150,150,true],"medium":["https:\/\/experienciadevida.com.ar\/portalurbano\/wp-content\/uploads\/2022\/03\/El-Programa-Integral-Comunidades-1-300x188.jpg",300,188,true],"medium_large":["https:\/\/experienciadevida.com.ar\/portalurbano\/wp-content\/uploads\/2022\/03\/El-Programa-Integral-Comunidades-1-768x481.jpg",640,401,true],"large":["https:\/\/experienciadevida.com.ar\/portalurbano\/wp-content\/uploads\/2022\/03\/El-Programa-Integral-Comunidades-1-1024x641.jpg",640,401,true],"ug_big":["https:\/\/experienciadevida.com.ar\/portalurbano\/wp-content\/uploads\/2022\/03\/El-Programa-Integral-Comunidades-1-768x481.jpg",768,481,true],"1536x1536":["https:\/\/experienciadevida.com.ar\/portalurbano\/wp-content\/uploads\/2022\/03\/El-Programa-Integral-Comunidades-1.jpg",1480,927,false],"2048x2048":["https:\/\/experienciadevida.com.ar\/portalurbano\/wp-content\/uploads\/2022\/03\/El-Programa-Integral-Comunidades-1.jpg",1480,927,false],"newsever-slider-full":["https:\/\/experienciadevida.com.ar\/portalurbano\/wp-content\/uploads\/2022\/03\/El-Programa-Integral-Comunidades-1.jpg",1280,802,false],"newsever-featured":["https:\/\/experienciadevida.com.ar\/portalurbano\/wp-content\/uploads\/2022\/03\/El-Programa-Integral-Comunidades-1.jpg",1024,641,false],"newsever-medium":["https:\/\/experienciadevida.com.ar\/portalurbano\/wp-content\/uploads\/2022\/03\/El-Programa-Integral-Comunidades-1.jpg",720,451,false],"web-stories-poster-portrait":["https:\/\/experienciadevida.com.ar\/portalurbano\/wp-content\/uploads\/2022\/03\/El-Programa-Integral-Comunidades-1.jpg",640,401,false],"web-stories-publisher-logo":["https:\/\/experienciadevida.com.ar\/portalurbano\/wp-content\/uploads\/2022\/03\/El-Programa-Integral-Comunidades-1.jpg",96,60,false],"web-stories-thumbnail":["https:\/\/experienciadevida.com.ar\/portalurbano\/wp-content\/uploads\/2022\/03\/El-Programa-Integral-Comunidades-1.jpg",150,94,false]},"author_info":{"display_name":"admpu17wp","author_link":"https:\/\/experienciadevida.com.ar\/portalurbano\/author\/admpu17wp\/"},"category_info":"<a href=\"https:\/\/experienciadevida.com.ar\/portalurbano\/category\/ciudad\/\" rel=\"category tag\">Ciudad<\/a>","tag_info":"Ciudad","comment_count":"0","amp_enabled":true,"_links":{"self":[{"href":"https:\/\/experienciadevida.com.ar\/portalurbano\/wp-json\/wp\/v2\/posts\/163075"}],"collection":[{"href":"https:\/\/experienciadevida.com.ar\/portalurbano\/wp-json\/wp\/v2\/posts"}],"about":[{"href":"https:\/\/experienciadevida.com.ar\/portalurbano\/wp-json\/wp\/v2\/types\/post"}],"author":[{"embeddable":true,"href":"https:\/\/experienciadevida.com.ar\/portalurbano\/wp-json\/wp\/v2\/users\/1"}],"replies":[{"embeddable":true,"href":"https:\/\/experienciadevida.com.ar\/portalurbano\/wp-json\/wp\/v2\/comments?post=163075"}],"version-history":[{"count":3,"href":"https:\/\/experienciadevida.com.ar\/portalurbano\/wp-json\/wp\/v2\/posts\/163075\/revisions"}],"predecessor-version":[{"id":163079,"href":"https:\/\/experienciadevida.com.ar\/portalurbano\/wp-json\/wp\/v2\/posts\/163075\/revisions\/163079"}],"wp:featuredmedia":[{"embeddable":true,"href":"https:\/\/experienciadevida.com.ar\/portalurbano\/wp-json\/wp\/v2\/media\/163076"}],"wp:attachment":[{"href":"https:\/\/experienciadevida.com.ar\/portalurbano\/wp-json\/wp\/v2\/media?parent=163075"}],"wp:term":[{"taxonomy":"category","embeddable":true,"href":"https:\/\/experienciadevida.com.ar\/portalurbano\/wp-json\/wp\/v2\/categories?post=163075"},{"taxonomy":"post_tag","embeddable":true,"href":"https:\/\/experienciadevida.com.ar\/portalurbano\/wp-json\/wp\/v2\/tags?post=163075"}],"curies":[{"name":"wp","href":"https:\/\/api.w.org\/{rel}","templated":true}]}}