{"id":163054,"date":"2022-03-06T22:07:35","date_gmt":"2022-03-07T01:07:35","guid":{"rendered":"https:\/\/experienciadevida.com.ar\/portalurbano\/?p=163054"},"modified":"2022-03-06T22:13:00","modified_gmt":"2022-03-07T01:13:00","slug":"no-puede-ser-que-los-violentos-sigan-gozando-de-impunidad","status":"publish","type":"post","link":"https:\/\/experienciadevida.com.ar\/portalurbano\/no-puede-ser-que-los-violentos-sigan-gozando-de-impunidad\/","title":{"rendered":"&#8220;No puede ser que los violentos sigan gozando de impunidad&#8221;"},"content":{"rendered":"<p>&#8220;No puede ser que los violentos sigan gozando de impunidad&#8221;, as\u00ed lo dijo <a href=\"https:\/\/www.facebook.com\/search\/top?q=yesica%20almeida%20\">Yessica <\/a>Almeida esta tarde en una movilizaci\u00f3n luego de conocerse el femicidio de una joven de 18 a\u00f1os de edad que estaba cuidando y acompa\u00f1ando a su hermana.<\/p>\n<p>&#8220;Estamos con \u00a0terrible dolor y bronca,\u00a0 es por eso que inmediatamente desde la asamblea decidimos convocar a una movilizaci\u00f3n, no se aguanta m\u00e1s, es real que nos est\u00e1n matando todos los d\u00edas, y en este caso en particular son muy claras las responsabilidades, el asesino fue excarcelado, ten\u00eda denuncias previas por violencia de g\u00e9nero en otro v\u00ednculo y en otra relaci\u00f3n, ten\u00eda que estar preso y estaba libre y como la justicia no actu\u00f3 y el Estado sigue encubriendo hoy tenemos una joven que perdi\u00f3 la vida, una joven de 18 a\u00f1os asesinada que estaba tratando de cuidar y acompa\u00f1ar a su hermana que sufr\u00eda violencia de g\u00e9nero&#8221;.<\/p>\n<p><a href=\"https:\/\/experienciadevida.com.ar\/portalurbano\/no-puede-ser-que-los-violentos-sigan-gozando-de-impunidad\/no-puede\/\" rel=\"attachment wp-att-163057\"><img decoding=\"async\" class=\"alignnone size-large wp-image-163057\" src=\"https:\/\/experienciadevida.com.ar\/portalurbano\/wp-content\/uploads\/2022\/03\/No-puede-1024x576.jpg\" alt=\"No puede \" width=\"900\" height=\"506\" srcset=\"https:\/\/experienciadevida.com.ar\/portalurbano\/wp-content\/uploads\/2022\/03\/No-puede-1024x576.jpg 1024w, https:\/\/experienciadevida.com.ar\/portalurbano\/wp-content\/uploads\/2022\/03\/No-puede-300x169.jpg 300w, https:\/\/experienciadevida.com.ar\/portalurbano\/wp-content\/uploads\/2022\/03\/No-puede-768x432.jpg 768w, https:\/\/experienciadevida.com.ar\/portalurbano\/wp-content\/uploads\/2022\/03\/No-puede-1536x864.jpg 1536w, https:\/\/experienciadevida.com.ar\/portalurbano\/wp-content\/uploads\/2022\/03\/No-puede.jpg 1600w\" sizes=\"(max-width: 900px) 100vw, 900px\" \/><\/a><\/p>\n<p>&#8220;Ya s\u00f3lo no alcanza con cuidarnos entre nosotras, no se puede m\u00e1s porque quienes ponemos el cuerpo, quienes cuidamos, bancamos, y acompa\u00f1amos nos terminan matando, necesitamos salir a la calle, seguir reforzando las organizaciones, seguir exigiendo que el Estado se haga responsable, que exija una justicia con perspectiva de g\u00e9nero, jueces y fiscales elegidos por el pueblo, que haya capacitaci\u00f3n para tratar cuestiones de g\u00e9nero&#8221;.<\/p>\n<p>Por otra parte dijo &#8220;no puede ser que los violentos sigan gozando de impunidad, la semana pasada los seis violadores en Palermo, esta misma tarde una ni\u00f1a fue asesinada en Jujuy por dos pu\u00f1aladas de 14 a\u00f1os, todos los d\u00edas nos est\u00e1n matando. Sabemos que las medidas no sirven, la responsabilidad recae todo el tiempo sobre las v\u00edctimas de cuidarnos, las medidas de restricci\u00f3n hay que renovarlas constantemente y es la misma mujer violentada la que tiene que ir a la justicia para tener un poco de cuidado, porque no alcanza, porque el bot\u00f3n antip\u00e1nico sigue siendo un n\u00famero de Whatsapp no existe llamas\u00a0 y la polic\u00eda no llega, necesitamos el compromiso de todos, de los medios fundamental para abordar estos temas&#8221;.<\/p>\n<p>&#8220;Es un femicidio lo que ocurri\u00f3 hoy, porque a la joven la matan por querer cuidar a su hermana y porque fue una mujer, exigimos que la car\u00e1tula sea considerada como femicidio. Hay muchas leyes que est\u00e1n y no se cumplen este hombre ten\u00eda que estar preso y un juez fue que termin\u00f3 con la excarcelaci\u00f3n, y falla todo&#8221;,\u00a0 finaliz\u00f3<\/p>\n<p>Fuente y Fotos: Gentileza Primera info<\/p>\n<p><a href=\"https:\/\/experienciadevida.com.ar\/portalurbano\/no-puede-ser-que-los-violentos-sigan-gozando-de-impunidad\/ser\/\" rel=\"attachment wp-att-163058\"><img decoding=\"async\" class=\"alignnone size-large wp-image-163058\" src=\"https:\/\/experienciadevida.com.ar\/portalurbano\/wp-content\/uploads\/2022\/03\/ser-1024x576.jpg\" alt=\"ser \" width=\"900\" height=\"506\" srcset=\"https:\/\/experienciadevida.com.ar\/portalurbano\/wp-content\/uploads\/2022\/03\/ser-1024x576.jpg 1024w, https:\/\/experienciadevida.com.ar\/portalurbano\/wp-content\/uploads\/2022\/03\/ser-300x169.jpg 300w, https:\/\/experienciadevida.com.ar\/portalurbano\/wp-content\/uploads\/2022\/03\/ser-768x432.jpg 768w, https:\/\/experienciadevida.com.ar\/portalurbano\/wp-content\/uploads\/2022\/03\/ser-1536x864.jpg 1536w, https:\/\/experienciadevida.com.ar\/portalurbano\/wp-content\/uploads\/2022\/03\/ser.jpg 1600w\" sizes=\"(max-width: 900px) 100vw, 900px\" \/><\/a><\/p>\n","protected":false},"excerpt":{"rendered":"<p>&#8220;No puede ser que los violentos sigan gozando de impunidad&#8221;, as\u00ed lo dijo Yessica Almeida&#8230;<\/p>\n","protected":false},"author":1,"featured_media":163055,"comment_status":"closed","ping_status":"closed","sticky":false,"template":"","format":"standard","meta":{"content-type":""},"categories":[27,51],"tags":[],"nelio_content":{"isAutoShareEnabled":false,"autoShareEndMode":"default","automationSources":{"useContentSentences":true,"useSocialTemplates":true,"useCustomSentences":false,"customSentences":[]},"followers":[1],"suggestedReferences":[],"includedReferences":[],"efiUrl":"","efiAlt":"","highlights":[]},"yoast_head":"<!-- This site is optimized with the Yoast SEO plugin v20.7 - https:\/\/yoast.com\/wordpress\/plugins\/seo\/ -->\n<title>&quot;No puede ser que los violentos sigan gozando de impunidad&quot;<\/title>\n<meta name=\"description\" content=\"&quot;No puede ser que los violentos sigan gozando de impunidad&quot;, as\u00ed lo dijo Yessica Almeida esta tarde en una movilizaci\u00f3n\" \/>\n<meta name=\"robots\" content=\"index, follow, max-snippet:-1, max-image-preview:large, max-video-preview:-1\" \/>\n<link rel=\"canonical\" href=\"https:\/\/experienciadevida.com.ar\/portalurbano\/no-puede-ser-que-los-violentos-sigan-gozando-de-impunidad\/\" \/>\n<meta property=\"og:locale\" content=\"es_ES\" \/>\n<meta property=\"og:type\" content=\"article\" \/>\n<meta property=\"og:title\" content=\"&quot;No puede ser que los violentos sigan gozando de impunidad&quot;\" \/>\n<meta property=\"og:description\" content=\"&quot;No puede ser que los violentos sigan gozando de impunidad&quot;, as\u00ed lo dijo Yessica Almeida esta tarde en una movilizaci\u00f3n\" \/>\n<meta property=\"og:url\" content=\"https:\/\/experienciadevida.com.ar\/portalurbano\/no-puede-ser-que-los-violentos-sigan-gozando-de-impunidad\/\" \/>\n<meta property=\"article:publisher\" content=\"https:\/\/www.facebook.com\/Portal-Urbano-171542830093757\/\" \/>\n<meta property=\"article:published_time\" content=\"2022-03-07T01:07:35+00:00\" \/>\n<meta property=\"article:modified_time\" content=\"2022-03-07T01:13:00+00:00\" \/>\n<meta property=\"og:image\" content=\"https:\/\/experienciadevida.com.ar\/portalurbano\/wp-content\/uploads\/2022\/03\/No-puede-ser-que.jpg\" \/>\n\t<meta property=\"og:image:width\" content=\"1600\" \/>\n\t<meta property=\"og:image:height\" content=\"900\" \/>\n\t<meta property=\"og:image:type\" content=\"image\/jpeg\" \/>\n<meta name=\"author\" content=\"admpu17wp\" \/>\n<meta name=\"twitter:card\" content=\"summary_large_image\" \/>\n<meta name=\"twitter:creator\" content=\"@portalurbanook\" \/>\n<meta name=\"twitter:site\" content=\"@portalurbanook\" \/>\n<meta name=\"twitter:label1\" content=\"Escrito por\" \/>\n\t<meta name=\"twitter:data1\" content=\"admpu17wp\" \/>\n\t<meta name=\"twitter:label2\" content=\"Tiempo de lectura\" \/>\n\t<meta name=\"twitter:data2\" content=\"2 minutos\" \/>\n<script type=\"application\/ld+json\" class=\"yoast-schema-graph\">{\"@context\":\"https:\/\/schema.org\",\"@graph\":[{\"@type\":\"Article\",\"@id\":\"https:\/\/experienciadevida.com.ar\/portalurbano\/no-puede-ser-que-los-violentos-sigan-gozando-de-impunidad\/#article\",\"isPartOf\":{\"@id\":\"https:\/\/experienciadevida.com.ar\/portalurbano\/no-puede-ser-que-los-violentos-sigan-gozando-de-impunidad\/\"},\"author\":{\"name\":\"admpu17wp\",\"@id\":\"https:\/\/experienciadevida.com.ar\/portalurbano\/#\/schema\/person\/02dd326b1c4b056e9cc972486934a3a7\"},\"headline\":\"&#8220;No puede ser que los violentos sigan gozando de impunidad&#8221;\",\"datePublished\":\"2022-03-07T01:07:35+00:00\",\"dateModified\":\"2022-03-07T01:13:00+00:00\",\"mainEntityOfPage\":{\"@id\":\"https:\/\/experienciadevida.com.ar\/portalurbano\/no-puede-ser-que-los-violentos-sigan-gozando-de-impunidad\/\"},\"wordCount\":446,\"publisher\":{\"@id\":\"https:\/\/experienciadevida.com.ar\/portalurbano\/#organization\"},\"articleSection\":[\"Ciudad\",\"Destacadas\"],\"inLanguage\":\"es\"},{\"@type\":\"WebPage\",\"@id\":\"https:\/\/experienciadevida.com.ar\/portalurbano\/no-puede-ser-que-los-violentos-sigan-gozando-de-impunidad\/\",\"url\":\"https:\/\/experienciadevida.com.ar\/portalurbano\/no-puede-ser-que-los-violentos-sigan-gozando-de-impunidad\/\",\"name\":\"\\\"No puede ser que los violentos sigan gozando de impunidad\\\"\",\"isPartOf\":{\"@id\":\"https:\/\/experienciadevida.com.ar\/portalurbano\/#website\"},\"datePublished\":\"2022-03-07T01:07:35+00:00\",\"dateModified\":\"2022-03-07T01:13:00+00:00\",\"description\":\"\\\"No puede ser que los violentos sigan gozando de impunidad\\\", as\u00ed lo dijo Yessica Almeida esta tarde en una movilizaci\u00f3n\",\"breadcrumb\":{\"@id\":\"https:\/\/experienciadevida.com.ar\/portalurbano\/no-puede-ser-que-los-violentos-sigan-gozando-de-impunidad\/#breadcrumb\"},\"inLanguage\":\"es\",\"potentialAction\":[{\"@type\":\"ReadAction\",\"target\":[\"https:\/\/experienciadevida.com.ar\/portalurbano\/no-puede-ser-que-los-violentos-sigan-gozando-de-impunidad\/\"]}]},{\"@type\":\"BreadcrumbList\",\"@id\":\"https:\/\/experienciadevida.com.ar\/portalurbano\/no-puede-ser-que-los-violentos-sigan-gozando-de-impunidad\/#breadcrumb\",\"itemListElement\":[{\"@type\":\"ListItem\",\"position\":1,\"name\":\"Portada\",\"item\":\"https:\/\/experienciadevida.com.ar\/portalurbano\/\"},{\"@type\":\"ListItem\",\"position\":2,\"name\":\"\u00abNo puede ser que los violentos sigan gozando de impunidad\u00bb\"}]},{\"@type\":\"WebSite\",\"@id\":\"https:\/\/experienciadevida.com.ar\/portalurbano\/#website\",\"url\":\"https:\/\/experienciadevida.com.ar\/portalurbano\/\",\"name\":\"\",\"description\":\"\",\"publisher\":{\"@id\":\"https:\/\/experienciadevida.com.ar\/portalurbano\/#organization\"},\"potentialAction\":[{\"@type\":\"SearchAction\",\"target\":{\"@type\":\"EntryPoint\",\"urlTemplate\":\"https:\/\/experienciadevida.com.ar\/portalurbano\/?s={search_term_string}\"},\"query-input\":\"required name=search_term_string\"}],\"inLanguage\":\"es\"},{\"@type\":\"Organization\",\"@id\":\"https:\/\/experienciadevida.com.ar\/portalurbano\/#organization\",\"name\":\"Portal Urbano\",\"url\":\"https:\/\/experienciadevida.com.ar\/portalurbano\/\",\"logo\":{\"@type\":\"ImageObject\",\"inLanguage\":\"es\",\"@id\":\"https:\/\/experienciadevida.com.ar\/portalurbano\/#\/schema\/logo\/image\/\",\"url\":\"https:\/\/experienciadevida.com.ar\/portalurbano\/wp-content\/uploads\/2019\/09\/Logo-Original.png\",\"contentUrl\":\"https:\/\/experienciadevida.com.ar\/portalurbano\/wp-content\/uploads\/2019\/09\/Logo-Original.png\",\"width\":2236,\"height\":1216,\"caption\":\"Portal Urbano\"},\"image\":{\"@id\":\"https:\/\/experienciadevida.com.ar\/portalurbano\/#\/schema\/logo\/image\/\"},\"sameAs\":[\"https:\/\/www.facebook.com\/Portal-Urbano-171542830093757\/\",\"https:\/\/twitter.com\/portalurbanook\",\"https:\/\/www.instagram.com\/_portalurbano\/\",\"https:\/\/www.youtube.com\/channel\/UCXhagIfszH8KxFiOok79zbA?view_as=subscriber\"]},{\"@type\":\"Person\",\"@id\":\"https:\/\/experienciadevida.com.ar\/portalurbano\/#\/schema\/person\/02dd326b1c4b056e9cc972486934a3a7\",\"name\":\"admpu17wp\",\"image\":{\"@type\":\"ImageObject\",\"inLanguage\":\"es\",\"@id\":\"https:\/\/experienciadevida.com.ar\/portalurbano\/#\/schema\/person\/image\/\",\"url\":\"https:\/\/secure.gravatar.com\/avatar\/830d4c57adaae6630765e449a6908047?s=96&d=mm&r=g\",\"contentUrl\":\"https:\/\/secure.gravatar.com\/avatar\/830d4c57adaae6630765e449a6908047?s=96&d=mm&r=g\",\"caption\":\"admpu17wp\"}}]}<\/script>\n<!-- \/ Yoast SEO plugin. -->","yoast_head_json":{"title":"\"No puede ser que los violentos sigan gozando de impunidad\"","description":"\"No puede ser que los violentos sigan gozando de impunidad\", as\u00ed lo dijo Yessica Almeida esta tarde en una movilizaci\u00f3n","robots":{"index":"index","follow":"follow","max-snippet":"max-snippet:-1","max-image-preview":"max-image-preview:large","max-video-preview":"max-video-preview:-1"},"canonical":"https:\/\/experienciadevida.com.ar\/portalurbano\/no-puede-ser-que-los-violentos-sigan-gozando-de-impunidad\/","og_locale":"es_ES","og_type":"article","og_title":"\"No puede ser que los violentos sigan gozando de impunidad\"","og_description":"\"No puede ser que los violentos sigan gozando de impunidad\", as\u00ed lo dijo Yessica Almeida esta tarde en una movilizaci\u00f3n","og_url":"https:\/\/experienciadevida.com.ar\/portalurbano\/no-puede-ser-que-los-violentos-sigan-gozando-de-impunidad\/","article_publisher":"https:\/\/www.facebook.com\/Portal-Urbano-171542830093757\/","article_published_time":"2022-03-07T01:07:35+00:00","article_modified_time":"2022-03-07T01:13:00+00:00","og_image":[{"width":1600,"height":900,"url":"https:\/\/experienciadevida.com.ar\/portalurbano\/wp-content\/uploads\/2022\/03\/No-puede-ser-que.jpg","type":"image\/jpeg"}],"author":"admpu17wp","twitter_card":"summary_large_image","twitter_creator":"@portalurbanook","twitter_site":"@portalurbanook","twitter_misc":{"Escrito por":"admpu17wp","Tiempo de lectura":"2 minutos"},"schema":{"@context":"https:\/\/schema.org","@graph":[{"@type":"Article","@id":"https:\/\/experienciadevida.com.ar\/portalurbano\/no-puede-ser-que-los-violentos-sigan-gozando-de-impunidad\/#article","isPartOf":{"@id":"https:\/\/experienciadevida.com.ar\/portalurbano\/no-puede-ser-que-los-violentos-sigan-gozando-de-impunidad\/"},"author":{"name":"admpu17wp","@id":"https:\/\/experienciadevida.com.ar\/portalurbano\/#\/schema\/person\/02dd326b1c4b056e9cc972486934a3a7"},"headline":"&#8220;No puede ser que los violentos sigan gozando de impunidad&#8221;","datePublished":"2022-03-07T01:07:35+00:00","dateModified":"2022-03-07T01:13:00+00:00","mainEntityOfPage":{"@id":"https:\/\/experienciadevida.com.ar\/portalurbano\/no-puede-ser-que-los-violentos-sigan-gozando-de-impunidad\/"},"wordCount":446,"publisher":{"@id":"https:\/\/experienciadevida.com.ar\/portalurbano\/#organization"},"articleSection":["Ciudad","Destacadas"],"inLanguage":"es"},{"@type":"WebPage","@id":"https:\/\/experienciadevida.com.ar\/portalurbano\/no-puede-ser-que-los-violentos-sigan-gozando-de-impunidad\/","url":"https:\/\/experienciadevida.com.ar\/portalurbano\/no-puede-ser-que-los-violentos-sigan-gozando-de-impunidad\/","name":"\"No puede ser que los violentos sigan gozando de impunidad\"","isPartOf":{"@id":"https:\/\/experienciadevida.com.ar\/portalurbano\/#website"},"datePublished":"2022-03-07T01:07:35+00:00","dateModified":"2022-03-07T01:13:00+00:00","description":"\"No puede ser que los violentos sigan gozando de impunidad\", as\u00ed lo dijo Yessica Almeida esta tarde en una movilizaci\u00f3n","breadcrumb":{"@id":"https:\/\/experienciadevida.com.ar\/portalurbano\/no-puede-ser-que-los-violentos-sigan-gozando-de-impunidad\/#breadcrumb"},"inLanguage":"es","potentialAction":[{"@type":"ReadAction","target":["https:\/\/experienciadevida.com.ar\/portalurbano\/no-puede-ser-que-los-violentos-sigan-gozando-de-impunidad\/"]}]},{"@type":"BreadcrumbList","@id":"https:\/\/experienciadevida.com.ar\/portalurbano\/no-puede-ser-que-los-violentos-sigan-gozando-de-impunidad\/#breadcrumb","itemListElement":[{"@type":"ListItem","position":1,"name":"Portada","item":"https:\/\/experienciadevida.com.ar\/portalurbano\/"},{"@type":"ListItem","position":2,"name":"\u00abNo puede ser que los violentos sigan gozando de impunidad\u00bb"}]},{"@type":"WebSite","@id":"https:\/\/experienciadevida.com.ar\/portalurbano\/#website","url":"https:\/\/experienciadevida.com.ar\/portalurbano\/","name":"","description":"","publisher":{"@id":"https:\/\/experienciadevida.com.ar\/portalurbano\/#organization"},"potentialAction":[{"@type":"SearchAction","target":{"@type":"EntryPoint","urlTemplate":"https:\/\/experienciadevida.com.ar\/portalurbano\/?s={search_term_string}"},"query-input":"required name=search_term_string"}],"inLanguage":"es"},{"@type":"Organization","@id":"https:\/\/experienciadevida.com.ar\/portalurbano\/#organization","name":"Portal Urbano","url":"https:\/\/experienciadevida.com.ar\/portalurbano\/","logo":{"@type":"ImageObject","inLanguage":"es","@id":"https:\/\/experienciadevida.com.ar\/portalurbano\/#\/schema\/logo\/image\/","url":"https:\/\/experienciadevida.com.ar\/portalurbano\/wp-content\/uploads\/2019\/09\/Logo-Original.png","contentUrl":"https:\/\/experienciadevida.com.ar\/portalurbano\/wp-content\/uploads\/2019\/09\/Logo-Original.png","width":2236,"height":1216,"caption":"Portal Urbano"},"image":{"@id":"https:\/\/experienciadevida.com.ar\/portalurbano\/#\/schema\/logo\/image\/"},"sameAs":["https:\/\/www.facebook.com\/Portal-Urbano-171542830093757\/","https:\/\/twitter.com\/portalurbanook","https:\/\/www.instagram.com\/_portalurbano\/","https:\/\/www.youtube.com\/channel\/UCXhagIfszH8KxFiOok79zbA?view_as=subscriber"]},{"@type":"Person","@id":"https:\/\/experienciadevida.com.ar\/portalurbano\/#\/schema\/person\/02dd326b1c4b056e9cc972486934a3a7","name":"admpu17wp","image":{"@type":"ImageObject","inLanguage":"es","@id":"https:\/\/experienciadevida.com.ar\/portalurbano\/#\/schema\/person\/image\/","url":"https:\/\/secure.gravatar.com\/avatar\/830d4c57adaae6630765e449a6908047?s=96&d=mm&r=g","contentUrl":"https:\/\/secure.gravatar.com\/avatar\/830d4c57adaae6630765e449a6908047?s=96&d=mm&r=g","caption":"admpu17wp"}}]}},"featured_image_urls":{"full":["https:\/\/experienciadevida.com.ar\/portalurbano\/wp-content\/uploads\/2022\/03\/No-puede-ser-que.jpg",1600,900,false],"thumbnail":["https:\/\/experienciadevida.com.ar\/portalurbano\/wp-content\/uploads\/2022\/03\/No-puede-ser-que-150x150.jpg",150,150,true],"medium":["https:\/\/experienciadevida.com.ar\/portalurbano\/wp-content\/uploads\/2022\/03\/No-puede-ser-que-300x169.jpg",300,169,true],"medium_large":["https:\/\/experienciadevida.com.ar\/portalurbano\/wp-content\/uploads\/2022\/03\/No-puede-ser-que-768x432.jpg",640,360,true],"large":["https:\/\/experienciadevida.com.ar\/portalurbano\/wp-content\/uploads\/2022\/03\/No-puede-ser-que-1024x576.jpg",640,360,true],"ug_big":["https:\/\/experienciadevida.com.ar\/portalurbano\/wp-content\/uploads\/2022\/03\/No-puede-ser-que-768x432.jpg",768,432,true],"1536x1536":["https:\/\/experienciadevida.com.ar\/portalurbano\/wp-content\/uploads\/2022\/03\/No-puede-ser-que-1536x864.jpg",1536,864,true],"2048x2048":["https:\/\/experienciadevida.com.ar\/portalurbano\/wp-content\/uploads\/2022\/03\/No-puede-ser-que.jpg",1600,900,false],"newsever-slider-full":["https:\/\/experienciadevida.com.ar\/portalurbano\/wp-content\/uploads\/2022\/03\/No-puede-ser-que.jpg",1280,720,false],"newsever-featured":["https:\/\/experienciadevida.com.ar\/portalurbano\/wp-content\/uploads\/2022\/03\/No-puede-ser-que.jpg",1024,576,false],"newsever-medium":["https:\/\/experienciadevida.com.ar\/portalurbano\/wp-content\/uploads\/2022\/03\/No-puede-ser-que.jpg",720,405,false],"web-stories-poster-portrait":["https:\/\/experienciadevida.com.ar\/portalurbano\/wp-content\/uploads\/2022\/03\/No-puede-ser-que.jpg",640,360,false],"web-stories-publisher-logo":["https:\/\/experienciadevida.com.ar\/portalurbano\/wp-content\/uploads\/2022\/03\/No-puede-ser-que.jpg",96,54,false],"web-stories-thumbnail":["https:\/\/experienciadevida.com.ar\/portalurbano\/wp-content\/uploads\/2022\/03\/No-puede-ser-que.jpg",150,84,false]},"author_info":{"display_name":"admpu17wp","author_link":"https:\/\/experienciadevida.com.ar\/portalurbano\/author\/admpu17wp\/"},"category_info":"<a href=\"https:\/\/experienciadevida.com.ar\/portalurbano\/category\/ciudad\/\" rel=\"category tag\">Ciudad<\/a> <a href=\"https:\/\/experienciadevida.com.ar\/portalurbano\/category\/destacadas\/\" rel=\"category tag\">Destacadas<\/a>","tag_info":"Destacadas","comment_count":"0","amp_enabled":true,"_links":{"self":[{"href":"https:\/\/experienciadevida.com.ar\/portalurbano\/wp-json\/wp\/v2\/posts\/163054"}],"collection":[{"href":"https:\/\/experienciadevida.com.ar\/portalurbano\/wp-json\/wp\/v2\/posts"}],"about":[{"href":"https:\/\/experienciadevida.com.ar\/portalurbano\/wp-json\/wp\/v2\/types\/post"}],"author":[{"embeddable":true,"href":"https:\/\/experienciadevida.com.ar\/portalurbano\/wp-json\/wp\/v2\/users\/1"}],"replies":[{"embeddable":true,"href":"https:\/\/experienciadevida.com.ar\/portalurbano\/wp-json\/wp\/v2\/comments?post=163054"}],"version-history":[{"count":3,"href":"https:\/\/experienciadevida.com.ar\/portalurbano\/wp-json\/wp\/v2\/posts\/163054\/revisions"}],"predecessor-version":[{"id":163060,"href":"https:\/\/experienciadevida.com.ar\/portalurbano\/wp-json\/wp\/v2\/posts\/163054\/revisions\/163060"}],"wp:featuredmedia":[{"embeddable":true,"href":"https:\/\/experienciadevida.com.ar\/portalurbano\/wp-json\/wp\/v2\/media\/163055"}],"wp:attachment":[{"href":"https:\/\/experienciadevida.com.ar\/portalurbano\/wp-json\/wp\/v2\/media?parent=163054"}],"wp:term":[{"taxonomy":"category","embeddable":true,"href":"https:\/\/experienciadevida.com.ar\/portalurbano\/wp-json\/wp\/v2\/categories?post=163054"},{"taxonomy":"post_tag","embeddable":true,"href":"https:\/\/experienciadevida.com.ar\/portalurbano\/wp-json\/wp\/v2\/tags?post=163054"}],"curies":[{"name":"wp","href":"https:\/\/api.w.org\/{rel}","templated":true}]}}