{"id":163047,"date":"2022-03-06T15:59:49","date_gmt":"2022-03-06T18:59:49","guid":{"rendered":"https:\/\/experienciadevida.com.ar\/portalurbano\/?p=163047"},"modified":"2022-03-06T16:00:13","modified_gmt":"2022-03-06T19:00:13","slug":"con-presencialidad-plena-comenzo-el-ciclo-lectivo-en-las-escuelas-de-las-unidades-2-27-y-38-de-sierra-chica","status":"publish","type":"post","link":"https:\/\/experienciadevida.com.ar\/portalurbano\/con-presencialidad-plena-comenzo-el-ciclo-lectivo-en-las-escuelas-de-las-unidades-2-27-y-38-de-sierra-chica\/","title":{"rendered":"Con presencialidad plena comenz\u00f3 el ciclo lectivo en las escuelas de las Unidades 2, 27 y 38 de Sierra Chica"},"content":{"rendered":"<p>Con presencialidad plena comenz\u00f3 el ciclo lectivo en las escuelas de las Unidades 2, 27 y 38 de Sierra Chica, el mi\u00e9rcoles se llevaron a cabo los actos de inicio del ciclo lectivo en las escuelas de los niveles primario y secundario de las Unidades Penitenciarias N\u00ba 2, 27 y 38 de Sierra Chica. Tras dos a\u00f1os en los cuales la virtualidad fue protagonista debido a la pandemia del coronavirus, m\u00e1s de 900 estudiantes volvieron a las aulas junto a sus docentes en la Escuela Primaria de Adultos N\u00b0 701 \u201cMadre Teresa de Calcuta\u201d y en el Centro Educativo de Nivel Secundario N\u00b0 455.<\/p>\n<p><a href=\"https:\/\/experienciadevida.com.ar\/portalurbano\/con-presencialidad-plena-comenzo-el-ciclo-lectivo-en-las-escuelas-de-las-unidades-2-27-y-38-de-sierra-chica\/presencialidad\/\" rel=\"attachment wp-att-163050\"><img decoding=\"async\" class=\"alignnone size-large wp-image-163050\" src=\"https:\/\/experienciadevida.com.ar\/portalurbano\/wp-content\/uploads\/2022\/03\/presencialidad-1024x769.jpeg\" alt=\"presencialidad \" width=\"900\" height=\"676\" srcset=\"https:\/\/experienciadevida.com.ar\/portalurbano\/wp-content\/uploads\/2022\/03\/presencialidad-1024x769.jpeg 1024w, https:\/\/experienciadevida.com.ar\/portalurbano\/wp-content\/uploads\/2022\/03\/presencialidad-300x225.jpeg 300w, https:\/\/experienciadevida.com.ar\/portalurbano\/wp-content\/uploads\/2022\/03\/presencialidad-768x576.jpeg 768w, https:\/\/experienciadevida.com.ar\/portalurbano\/wp-content\/uploads\/2022\/03\/presencialidad-1536x1153.jpeg 1536w, https:\/\/experienciadevida.com.ar\/portalurbano\/wp-content\/uploads\/2022\/03\/presencialidad.jpeg 1600w\" sizes=\"(max-width: 900px) 100vw, 900px\" \/><\/a><\/p>\n<p>Con la presencia de la directora de la primaria, Mariel Lasso, el director\u00a0 del CENS, Ezequiel Maitini, personal penitenciario, docentes y alumnos de las instituciones, en cada dependencia se realizaron los actos de inicio<br \/>\nescolar donde el reencuentro fue la gran expectativa, como as\u00ed tambi\u00e9n el compromiso de mantener la presencialidad plena.<\/p>\n<p>La directora de la Escuela 701 remarc\u00f3 que junto a su equipo \u201ccelebramos el retorno a la presencialidad cuidada desde el respeto de uno para los otros, de respetar cada uno su salud, de cuidarla con un compromiso de sostener la<br \/>\npresencialidad, para lograr los aprendizajes. Les recordamos a los alumnos que la escuela es un espacio donde aprenden a simbolizar, a poner en palabras todo lo que piensan, lo que sienten y a fortalecer el v\u00ednculo<br \/>\npedag\u00f3gico entre docentes y alumnos\u201d.<\/p>\n<p>Con presencialidad plena comenz\u00f3 el ciclo lectivo en las escuelas de las Unidades 2, los docentes remarcaron el valor del acompa\u00f1amiento de las trayectorias educativas, como as\u00ed tambi\u00e9n el significado y la implicancia que tienen las<br \/>\npr\u00e1cticas cotidianas de la escuela y de las aulas, tambi\u00e9n la manera en cada docente toma lo que cada estudiante trae como aprendizaje en su recorrido por las diferentes escuelas por las que ha pasado y lo pone en valor en cada actividad que se realiza.<\/p>\n<p>\u201cApelamos al compromiso diario de estar presentes en las aulas para lograr la continuidad pedag\u00f3gica. Trabajaremos en el acompa\u00f1amiento y la inclusi\u00f3n de todos los alumnos posibles, somos 34 docentes en la escuela y con ellos<br \/>\nse da respuesta aproximadamente entre 16 a 18 alumnos por secci\u00f3n. Les hablamos de la educaci\u00f3n como derecho y que la escuela en contexto de encierro representa la garant\u00eda de que ese derecho a la educaci\u00f3n es efectivo desde el momento en que el interno se matricula hasta que promociona de un ciclo a otro o cuando egresa y termina el nivel primario\u201d, mencion\u00f3 Lasso.<\/p>\n<p>En cuanto al nivel secundario, luego del acto de inicio del ciclo lectivo, los profesores repartieron \u00fatiles escolares y comenzaron con sus actividades curriculares.<\/p>\n<p>Ezequiel Maitini, destac\u00f3 que \u201ces un momento de alegr\u00eda poder iniciar este ciclo lectivo con una presencialidad cuidada al cien por ciento, por eso informamos a los alumnos sobre el nuevo protocolo y las medidas que tenemos<br \/>\nque cumplir dentro de la escuela. Hicimos hincapi\u00e9 en la vacunaci\u00f3n como \u00fanico m\u00e9todo para poder cuidarnos entre todos y poder salir de esta pandemia\u201d.<\/p>\n<p>Los profesores leyeron un cuento de bienvenida de Mamerto Menapace con el objetivo de que los alumnos reflexionen, \u201cla intenci\u00f3n es que miren hacia adentro de s\u00ed mismos y puedan repensar el beneficio de asistir a la escuela en un contexto dif\u00edcil, donde hay muchas personas que quieren acceder a \u00e9l.\u00a0 Que obtengan esos objetivos que quedaron truncos en su infancia porque no tuvieron la posibilidad de terminar el secundario y que puedan convertirse en las personas que quieren ser para dejar atr\u00e1s ese pasado que los llev\u00f3 a estar detenidos\u201d, dijo Maitini.<\/p>\n<p>La escuela asegura el derecho a la educaci\u00f3n de los internos y su posterior inserci\u00f3n social y laboral. Este es el motivo por el cual es fundamental el trabajo conjunto con el personal del Servicio Penitenciario para que, en el<br \/>\ncaso de las Unidades 2, 27 y 38, m\u00e1s de 500 alumnos en el nivel primario y casi 400 en el secundario finalicen sus estudios y logren la tan necesaria reinserci\u00f3n.<\/p>\n<p>Fuente y Fotos: Servicio Penitenciario Bonaerense<\/p>\n","protected":false},"excerpt":{"rendered":"<p>Con presencialidad plena comenz\u00f3 el ciclo lectivo en las escuelas de las Unidades 2, 27&#8230;<\/p>\n","protected":false},"author":1,"featured_media":163049,"comment_status":"closed","ping_status":"closed","sticky":false,"template":"","format":"standard","meta":{"content-type":""},"categories":[27],"tags":[],"nelio_content":{"isAutoShareEnabled":false,"autoShareEndMode":"default","automationSources":{"useContentSentences":true,"useSocialTemplates":true,"useCustomSentences":false,"customSentences":[]},"followers":[1],"suggestedReferences":[],"includedReferences":[],"efiUrl":"","efiAlt":"","highlights":[]},"yoast_head":"<!-- This site is optimized with the Yoast SEO plugin v20.7 - https:\/\/yoast.com\/wordpress\/plugins\/seo\/ -->\n<title>Con presencialidad plena comenz\u00f3 el ciclo lectivo en S. Chica<\/title>\n<meta name=\"description\" content=\"Con presencialidad plena comenz\u00f3 el ciclo lectivo en las escuelas de las Unidades 2, 27 y 38 de Sierra Chica de la localidad de S.Chica\" \/>\n<meta name=\"robots\" content=\"index, follow, max-snippet:-1, max-image-preview:large, max-video-preview:-1\" \/>\n<link rel=\"canonical\" href=\"https:\/\/experienciadevida.com.ar\/portalurbano\/con-presencialidad-plena-comenzo-el-ciclo-lectivo-en-las-escuelas-de-las-unidades-2-27-y-38-de-sierra-chica\/\" \/>\n<meta property=\"og:locale\" content=\"es_ES\" \/>\n<meta property=\"og:type\" content=\"article\" \/>\n<meta property=\"og:title\" content=\"Con presencialidad plena comenz\u00f3 el ciclo lectivo en S. Chica\" \/>\n<meta property=\"og:description\" content=\"Con presencialidad plena comenz\u00f3 el ciclo lectivo en las escuelas de las Unidades 2, 27 y 38 de Sierra Chica de la localidad de S.Chica\" \/>\n<meta property=\"og:url\" content=\"https:\/\/experienciadevida.com.ar\/portalurbano\/con-presencialidad-plena-comenzo-el-ciclo-lectivo-en-las-escuelas-de-las-unidades-2-27-y-38-de-sierra-chica\/\" \/>\n<meta property=\"article:publisher\" content=\"https:\/\/www.facebook.com\/Portal-Urbano-171542830093757\/\" \/>\n<meta property=\"article:published_time\" content=\"2022-03-06T18:59:49+00:00\" \/>\n<meta property=\"article:modified_time\" content=\"2022-03-06T19:00:13+00:00\" \/>\n<meta property=\"og:image\" content=\"https:\/\/experienciadevida.com.ar\/portalurbano\/wp-content\/uploads\/2022\/03\/Con-presencialidad-plena-comenzo.jpeg\" \/>\n\t<meta property=\"og:image:width\" content=\"768\" \/>\n\t<meta property=\"og:image:height\" content=\"512\" \/>\n\t<meta property=\"og:image:type\" content=\"image\/jpeg\" \/>\n<meta name=\"author\" content=\"admpu17wp\" \/>\n<meta name=\"twitter:card\" content=\"summary_large_image\" \/>\n<meta name=\"twitter:creator\" content=\"@portalurbanook\" \/>\n<meta name=\"twitter:site\" content=\"@portalurbanook\" \/>\n<meta name=\"twitter:label1\" content=\"Escrito por\" \/>\n\t<meta name=\"twitter:data1\" content=\"admpu17wp\" \/>\n\t<meta name=\"twitter:label2\" content=\"Tiempo de lectura\" \/>\n\t<meta name=\"twitter:data2\" content=\"4 minutos\" \/>\n<script type=\"application\/ld+json\" class=\"yoast-schema-graph\">{\"@context\":\"https:\/\/schema.org\",\"@graph\":[{\"@type\":\"Article\",\"@id\":\"https:\/\/experienciadevida.com.ar\/portalurbano\/con-presencialidad-plena-comenzo-el-ciclo-lectivo-en-las-escuelas-de-las-unidades-2-27-y-38-de-sierra-chica\/#article\",\"isPartOf\":{\"@id\":\"https:\/\/experienciadevida.com.ar\/portalurbano\/con-presencialidad-plena-comenzo-el-ciclo-lectivo-en-las-escuelas-de-las-unidades-2-27-y-38-de-sierra-chica\/\"},\"author\":{\"name\":\"admpu17wp\",\"@id\":\"https:\/\/experienciadevida.com.ar\/portalurbano\/#\/schema\/person\/02dd326b1c4b056e9cc972486934a3a7\"},\"headline\":\"Con presencialidad plena comenz\u00f3 el ciclo lectivo en las escuelas de las Unidades 2, 27 y 38 de Sierra Chica\",\"datePublished\":\"2022-03-06T18:59:49+00:00\",\"dateModified\":\"2022-03-06T19:00:13+00:00\",\"mainEntityOfPage\":{\"@id\":\"https:\/\/experienciadevida.com.ar\/portalurbano\/con-presencialidad-plena-comenzo-el-ciclo-lectivo-en-las-escuelas-de-las-unidades-2-27-y-38-de-sierra-chica\/\"},\"wordCount\":702,\"publisher\":{\"@id\":\"https:\/\/experienciadevida.com.ar\/portalurbano\/#organization\"},\"articleSection\":[\"Ciudad\"],\"inLanguage\":\"es\"},{\"@type\":\"WebPage\",\"@id\":\"https:\/\/experienciadevida.com.ar\/portalurbano\/con-presencialidad-plena-comenzo-el-ciclo-lectivo-en-las-escuelas-de-las-unidades-2-27-y-38-de-sierra-chica\/\",\"url\":\"https:\/\/experienciadevida.com.ar\/portalurbano\/con-presencialidad-plena-comenzo-el-ciclo-lectivo-en-las-escuelas-de-las-unidades-2-27-y-38-de-sierra-chica\/\",\"name\":\"Con presencialidad plena comenz\u00f3 el ciclo lectivo en S. Chica\",\"isPartOf\":{\"@id\":\"https:\/\/experienciadevida.com.ar\/portalurbano\/#website\"},\"datePublished\":\"2022-03-06T18:59:49+00:00\",\"dateModified\":\"2022-03-06T19:00:13+00:00\",\"description\":\"Con presencialidad plena comenz\u00f3 el ciclo lectivo en las escuelas de las Unidades 2, 27 y 38 de Sierra Chica de la localidad de S.Chica\",\"breadcrumb\":{\"@id\":\"https:\/\/experienciadevida.com.ar\/portalurbano\/con-presencialidad-plena-comenzo-el-ciclo-lectivo-en-las-escuelas-de-las-unidades-2-27-y-38-de-sierra-chica\/#breadcrumb\"},\"inLanguage\":\"es\",\"potentialAction\":[{\"@type\":\"ReadAction\",\"target\":[\"https:\/\/experienciadevida.com.ar\/portalurbano\/con-presencialidad-plena-comenzo-el-ciclo-lectivo-en-las-escuelas-de-las-unidades-2-27-y-38-de-sierra-chica\/\"]}]},{\"@type\":\"BreadcrumbList\",\"@id\":\"https:\/\/experienciadevida.com.ar\/portalurbano\/con-presencialidad-plena-comenzo-el-ciclo-lectivo-en-las-escuelas-de-las-unidades-2-27-y-38-de-sierra-chica\/#breadcrumb\",\"itemListElement\":[{\"@type\":\"ListItem\",\"position\":1,\"name\":\"Portada\",\"item\":\"https:\/\/experienciadevida.com.ar\/portalurbano\/\"},{\"@type\":\"ListItem\",\"position\":2,\"name\":\"Con presencialidad plena comenz\u00f3 el ciclo lectivo en las escuelas de las Unidades 2, 27 y 38 de Sierra Chica\"}]},{\"@type\":\"WebSite\",\"@id\":\"https:\/\/experienciadevida.com.ar\/portalurbano\/#website\",\"url\":\"https:\/\/experienciadevida.com.ar\/portalurbano\/\",\"name\":\"\",\"description\":\"\",\"publisher\":{\"@id\":\"https:\/\/experienciadevida.com.ar\/portalurbano\/#organization\"},\"potentialAction\":[{\"@type\":\"SearchAction\",\"target\":{\"@type\":\"EntryPoint\",\"urlTemplate\":\"https:\/\/experienciadevida.com.ar\/portalurbano\/?s={search_term_string}\"},\"query-input\":\"required name=search_term_string\"}],\"inLanguage\":\"es\"},{\"@type\":\"Organization\",\"@id\":\"https:\/\/experienciadevida.com.ar\/portalurbano\/#organization\",\"name\":\"Portal Urbano\",\"url\":\"https:\/\/experienciadevida.com.ar\/portalurbano\/\",\"logo\":{\"@type\":\"ImageObject\",\"inLanguage\":\"es\",\"@id\":\"https:\/\/experienciadevida.com.ar\/portalurbano\/#\/schema\/logo\/image\/\",\"url\":\"https:\/\/experienciadevida.com.ar\/portalurbano\/wp-content\/uploads\/2019\/09\/Logo-Original.png\",\"contentUrl\":\"https:\/\/experienciadevida.com.ar\/portalurbano\/wp-content\/uploads\/2019\/09\/Logo-Original.png\",\"width\":2236,\"height\":1216,\"caption\":\"Portal Urbano\"},\"image\":{\"@id\":\"https:\/\/experienciadevida.com.ar\/portalurbano\/#\/schema\/logo\/image\/\"},\"sameAs\":[\"https:\/\/www.facebook.com\/Portal-Urbano-171542830093757\/\",\"https:\/\/twitter.com\/portalurbanook\",\"https:\/\/www.instagram.com\/_portalurbano\/\",\"https:\/\/www.youtube.com\/channel\/UCXhagIfszH8KxFiOok79zbA?view_as=subscriber\"]},{\"@type\":\"Person\",\"@id\":\"https:\/\/experienciadevida.com.ar\/portalurbano\/#\/schema\/person\/02dd326b1c4b056e9cc972486934a3a7\",\"name\":\"admpu17wp\",\"image\":{\"@type\":\"ImageObject\",\"inLanguage\":\"es\",\"@id\":\"https:\/\/experienciadevida.com.ar\/portalurbano\/#\/schema\/person\/image\/\",\"url\":\"https:\/\/secure.gravatar.com\/avatar\/830d4c57adaae6630765e449a6908047?s=96&d=mm&r=g\",\"contentUrl\":\"https:\/\/secure.gravatar.com\/avatar\/830d4c57adaae6630765e449a6908047?s=96&d=mm&r=g\",\"caption\":\"admpu17wp\"}}]}<\/script>\n<!-- \/ Yoast SEO plugin. -->","yoast_head_json":{"title":"Con presencialidad plena comenz\u00f3 el ciclo lectivo en S. Chica","description":"Con presencialidad plena comenz\u00f3 el ciclo lectivo en las escuelas de las Unidades 2, 27 y 38 de Sierra Chica de la localidad de S.Chica","robots":{"index":"index","follow":"follow","max-snippet":"max-snippet:-1","max-image-preview":"max-image-preview:large","max-video-preview":"max-video-preview:-1"},"canonical":"https:\/\/experienciadevida.com.ar\/portalurbano\/con-presencialidad-plena-comenzo-el-ciclo-lectivo-en-las-escuelas-de-las-unidades-2-27-y-38-de-sierra-chica\/","og_locale":"es_ES","og_type":"article","og_title":"Con presencialidad plena comenz\u00f3 el ciclo lectivo en S. Chica","og_description":"Con presencialidad plena comenz\u00f3 el ciclo lectivo en las escuelas de las Unidades 2, 27 y 38 de Sierra Chica de la localidad de S.Chica","og_url":"https:\/\/experienciadevida.com.ar\/portalurbano\/con-presencialidad-plena-comenzo-el-ciclo-lectivo-en-las-escuelas-de-las-unidades-2-27-y-38-de-sierra-chica\/","article_publisher":"https:\/\/www.facebook.com\/Portal-Urbano-171542830093757\/","article_published_time":"2022-03-06T18:59:49+00:00","article_modified_time":"2022-03-06T19:00:13+00:00","og_image":[{"width":768,"height":512,"url":"https:\/\/experienciadevida.com.ar\/portalurbano\/wp-content\/uploads\/2022\/03\/Con-presencialidad-plena-comenzo.jpeg","type":"image\/jpeg"}],"author":"admpu17wp","twitter_card":"summary_large_image","twitter_creator":"@portalurbanook","twitter_site":"@portalurbanook","twitter_misc":{"Escrito por":"admpu17wp","Tiempo de lectura":"4 minutos"},"schema":{"@context":"https:\/\/schema.org","@graph":[{"@type":"Article","@id":"https:\/\/experienciadevida.com.ar\/portalurbano\/con-presencialidad-plena-comenzo-el-ciclo-lectivo-en-las-escuelas-de-las-unidades-2-27-y-38-de-sierra-chica\/#article","isPartOf":{"@id":"https:\/\/experienciadevida.com.ar\/portalurbano\/con-presencialidad-plena-comenzo-el-ciclo-lectivo-en-las-escuelas-de-las-unidades-2-27-y-38-de-sierra-chica\/"},"author":{"name":"admpu17wp","@id":"https:\/\/experienciadevida.com.ar\/portalurbano\/#\/schema\/person\/02dd326b1c4b056e9cc972486934a3a7"},"headline":"Con presencialidad plena comenz\u00f3 el ciclo lectivo en las escuelas de las Unidades 2, 27 y 38 de Sierra Chica","datePublished":"2022-03-06T18:59:49+00:00","dateModified":"2022-03-06T19:00:13+00:00","mainEntityOfPage":{"@id":"https:\/\/experienciadevida.com.ar\/portalurbano\/con-presencialidad-plena-comenzo-el-ciclo-lectivo-en-las-escuelas-de-las-unidades-2-27-y-38-de-sierra-chica\/"},"wordCount":702,"publisher":{"@id":"https:\/\/experienciadevida.com.ar\/portalurbano\/#organization"},"articleSection":["Ciudad"],"inLanguage":"es"},{"@type":"WebPage","@id":"https:\/\/experienciadevida.com.ar\/portalurbano\/con-presencialidad-plena-comenzo-el-ciclo-lectivo-en-las-escuelas-de-las-unidades-2-27-y-38-de-sierra-chica\/","url":"https:\/\/experienciadevida.com.ar\/portalurbano\/con-presencialidad-plena-comenzo-el-ciclo-lectivo-en-las-escuelas-de-las-unidades-2-27-y-38-de-sierra-chica\/","name":"Con presencialidad plena comenz\u00f3 el ciclo lectivo en S. Chica","isPartOf":{"@id":"https:\/\/experienciadevida.com.ar\/portalurbano\/#website"},"datePublished":"2022-03-06T18:59:49+00:00","dateModified":"2022-03-06T19:00:13+00:00","description":"Con presencialidad plena comenz\u00f3 el ciclo lectivo en las escuelas de las Unidades 2, 27 y 38 de Sierra Chica de la localidad de S.Chica","breadcrumb":{"@id":"https:\/\/experienciadevida.com.ar\/portalurbano\/con-presencialidad-plena-comenzo-el-ciclo-lectivo-en-las-escuelas-de-las-unidades-2-27-y-38-de-sierra-chica\/#breadcrumb"},"inLanguage":"es","potentialAction":[{"@type":"ReadAction","target":["https:\/\/experienciadevida.com.ar\/portalurbano\/con-presencialidad-plena-comenzo-el-ciclo-lectivo-en-las-escuelas-de-las-unidades-2-27-y-38-de-sierra-chica\/"]}]},{"@type":"BreadcrumbList","@id":"https:\/\/experienciadevida.com.ar\/portalurbano\/con-presencialidad-plena-comenzo-el-ciclo-lectivo-en-las-escuelas-de-las-unidades-2-27-y-38-de-sierra-chica\/#breadcrumb","itemListElement":[{"@type":"ListItem","position":1,"name":"Portada","item":"https:\/\/experienciadevida.com.ar\/portalurbano\/"},{"@type":"ListItem","position":2,"name":"Con presencialidad plena comenz\u00f3 el ciclo lectivo en las escuelas de las Unidades 2, 27 y 38 de Sierra Chica"}]},{"@type":"WebSite","@id":"https:\/\/experienciadevida.com.ar\/portalurbano\/#website","url":"https:\/\/experienciadevida.com.ar\/portalurbano\/","name":"","description":"","publisher":{"@id":"https:\/\/experienciadevida.com.ar\/portalurbano\/#organization"},"potentialAction":[{"@type":"SearchAction","target":{"@type":"EntryPoint","urlTemplate":"https:\/\/experienciadevida.com.ar\/portalurbano\/?s={search_term_string}"},"query-input":"required name=search_term_string"}],"inLanguage":"es"},{"@type":"Organization","@id":"https:\/\/experienciadevida.com.ar\/portalurbano\/#organization","name":"Portal Urbano","url":"https:\/\/experienciadevida.com.ar\/portalurbano\/","logo":{"@type":"ImageObject","inLanguage":"es","@id":"https:\/\/experienciadevida.com.ar\/portalurbano\/#\/schema\/logo\/image\/","url":"https:\/\/experienciadevida.com.ar\/portalurbano\/wp-content\/uploads\/2019\/09\/Logo-Original.png","contentUrl":"https:\/\/experienciadevida.com.ar\/portalurbano\/wp-content\/uploads\/2019\/09\/Logo-Original.png","width":2236,"height":1216,"caption":"Portal Urbano"},"image":{"@id":"https:\/\/experienciadevida.com.ar\/portalurbano\/#\/schema\/logo\/image\/"},"sameAs":["https:\/\/www.facebook.com\/Portal-Urbano-171542830093757\/","https:\/\/twitter.com\/portalurbanook","https:\/\/www.instagram.com\/_portalurbano\/","https:\/\/www.youtube.com\/channel\/UCXhagIfszH8KxFiOok79zbA?view_as=subscriber"]},{"@type":"Person","@id":"https:\/\/experienciadevida.com.ar\/portalurbano\/#\/schema\/person\/02dd326b1c4b056e9cc972486934a3a7","name":"admpu17wp","image":{"@type":"ImageObject","inLanguage":"es","@id":"https:\/\/experienciadevida.com.ar\/portalurbano\/#\/schema\/person\/image\/","url":"https:\/\/secure.gravatar.com\/avatar\/830d4c57adaae6630765e449a6908047?s=96&d=mm&r=g","contentUrl":"https:\/\/secure.gravatar.com\/avatar\/830d4c57adaae6630765e449a6908047?s=96&d=mm&r=g","caption":"admpu17wp"}}]}},"featured_image_urls":{"full":["https:\/\/experienciadevida.com.ar\/portalurbano\/wp-content\/uploads\/2022\/03\/Con-presencialidad-plena-comenzo.jpeg",768,512,false],"thumbnail":["https:\/\/experienciadevida.com.ar\/portalurbano\/wp-content\/uploads\/2022\/03\/Con-presencialidad-plena-comenzo-150x150.jpeg",150,150,true],"medium":["https:\/\/experienciadevida.com.ar\/portalurbano\/wp-content\/uploads\/2022\/03\/Con-presencialidad-plena-comenzo-300x200.jpeg",300,200,true],"medium_large":["https:\/\/experienciadevida.com.ar\/portalurbano\/wp-content\/uploads\/2022\/03\/Con-presencialidad-plena-comenzo.jpeg",640,427,false],"large":["https:\/\/experienciadevida.com.ar\/portalurbano\/wp-content\/uploads\/2022\/03\/Con-presencialidad-plena-comenzo.jpeg",640,427,false],"ug_big":["https:\/\/experienciadevida.com.ar\/portalurbano\/wp-content\/uploads\/2022\/03\/Con-presencialidad-plena-comenzo.jpeg",768,512,false],"1536x1536":["https:\/\/experienciadevida.com.ar\/portalurbano\/wp-content\/uploads\/2022\/03\/Con-presencialidad-plena-comenzo.jpeg",768,512,false],"2048x2048":["https:\/\/experienciadevida.com.ar\/portalurbano\/wp-content\/uploads\/2022\/03\/Con-presencialidad-plena-comenzo.jpeg",768,512,false],"newsever-slider-full":["https:\/\/experienciadevida.com.ar\/portalurbano\/wp-content\/uploads\/2022\/03\/Con-presencialidad-plena-comenzo.jpeg",768,512,false],"newsever-featured":["https:\/\/experienciadevida.com.ar\/portalurbano\/wp-content\/uploads\/2022\/03\/Con-presencialidad-plena-comenzo.jpeg",768,512,false],"newsever-medium":["https:\/\/experienciadevida.com.ar\/portalurbano\/wp-content\/uploads\/2022\/03\/Con-presencialidad-plena-comenzo.jpeg",713,475,false],"web-stories-poster-portrait":["https:\/\/experienciadevida.com.ar\/portalurbano\/wp-content\/uploads\/2022\/03\/Con-presencialidad-plena-comenzo.jpeg",640,427,false],"web-stories-publisher-logo":["https:\/\/experienciadevida.com.ar\/portalurbano\/wp-content\/uploads\/2022\/03\/Con-presencialidad-plena-comenzo.jpeg",96,64,false],"web-stories-thumbnail":["https:\/\/experienciadevida.com.ar\/portalurbano\/wp-content\/uploads\/2022\/03\/Con-presencialidad-plena-comenzo.jpeg",150,100,false]},"author_info":{"display_name":"admpu17wp","author_link":"https:\/\/experienciadevida.com.ar\/portalurbano\/author\/admpu17wp\/"},"category_info":"<a href=\"https:\/\/experienciadevida.com.ar\/portalurbano\/category\/ciudad\/\" rel=\"category tag\">Ciudad<\/a>","tag_info":"Ciudad","comment_count":"0","amp_enabled":true,"_links":{"self":[{"href":"https:\/\/experienciadevida.com.ar\/portalurbano\/wp-json\/wp\/v2\/posts\/163047"}],"collection":[{"href":"https:\/\/experienciadevida.com.ar\/portalurbano\/wp-json\/wp\/v2\/posts"}],"about":[{"href":"https:\/\/experienciadevida.com.ar\/portalurbano\/wp-json\/wp\/v2\/types\/post"}],"author":[{"embeddable":true,"href":"https:\/\/experienciadevida.com.ar\/portalurbano\/wp-json\/wp\/v2\/users\/1"}],"replies":[{"embeddable":true,"href":"https:\/\/experienciadevida.com.ar\/portalurbano\/wp-json\/wp\/v2\/comments?post=163047"}],"version-history":[{"count":3,"href":"https:\/\/experienciadevida.com.ar\/portalurbano\/wp-json\/wp\/v2\/posts\/163047\/revisions"}],"predecessor-version":[{"id":163053,"href":"https:\/\/experienciadevida.com.ar\/portalurbano\/wp-json\/wp\/v2\/posts\/163047\/revisions\/163053"}],"wp:featuredmedia":[{"embeddable":true,"href":"https:\/\/experienciadevida.com.ar\/portalurbano\/wp-json\/wp\/v2\/media\/163049"}],"wp:attachment":[{"href":"https:\/\/experienciadevida.com.ar\/portalurbano\/wp-json\/wp\/v2\/media?parent=163047"}],"wp:term":[{"taxonomy":"category","embeddable":true,"href":"https:\/\/experienciadevida.com.ar\/portalurbano\/wp-json\/wp\/v2\/categories?post=163047"},{"taxonomy":"post_tag","embeddable":true,"href":"https:\/\/experienciadevida.com.ar\/portalurbano\/wp-json\/wp\/v2\/tags?post=163047"}],"curies":[{"name":"wp","href":"https:\/\/api.w.org\/{rel}","templated":true}]}}