{"id":162984,"date":"2022-03-05T20:28:46","date_gmt":"2022-03-05T23:28:46","guid":{"rendered":"https:\/\/experienciadevida.com.ar\/portalurbano\/?p=162984"},"modified":"2022-03-05T20:47:04","modified_gmt":"2022-03-05T23:47:04","slug":"monumento-al-trabajo-la-recuperacion-de-un-simbolo-emblematico-de-olavarria","status":"publish","type":"post","link":"https:\/\/experienciadevida.com.ar\/portalurbano\/monumento-al-trabajo-la-recuperacion-de-un-simbolo-emblematico-de-olavarria\/","title":{"rendered":"Monumento al Trabajo: la recuperaci\u00f3n de un s\u00edmbolo emblem\u00e1tico de Olavarr\u00eda"},"content":{"rendered":"<p>Monumento al Trabajo: la recuperaci\u00f3n de un s\u00edmbolo emblem\u00e1tico de Olavarr\u00eda, el Intendente Ezequiel Galli recibi\u00f3 a integrantes de la Comisi\u00f3n Pro Monumento al Trabajo, Claudio Filardo y Julio Bid\u00e9, en la Sala de Reuniones del Palacio San Mart\u00edn.<\/p>\n<p><a href=\"https:\/\/experienciadevida.com.ar\/portalurbano\/monumento-al-trabajo-la-recuperacion-de-un-simbolo-emblematico-de-olavarria\/monumento-2\/\" rel=\"attachment wp-att-163009\"><img decoding=\"async\" class=\"alignnone size-large wp-image-163009\" src=\"https:\/\/experienciadevida.com.ar\/portalurbano\/wp-content\/uploads\/2022\/03\/Monumento-1024x684.jpg\" alt=\"Monumento \" width=\"900\" height=\"601\" srcset=\"https:\/\/experienciadevida.com.ar\/portalurbano\/wp-content\/uploads\/2022\/03\/Monumento-1024x684.jpg 1024w, https:\/\/experienciadevida.com.ar\/portalurbano\/wp-content\/uploads\/2022\/03\/Monumento-300x201.jpg 300w, https:\/\/experienciadevida.com.ar\/portalurbano\/wp-content\/uploads\/2022\/03\/Monumento-768x513.jpg 768w, https:\/\/experienciadevida.com.ar\/portalurbano\/wp-content\/uploads\/2022\/03\/Monumento-1536x1027.jpg 1536w, https:\/\/experienciadevida.com.ar\/portalurbano\/wp-content\/uploads\/2022\/03\/Monumento-2048x1369.jpg 2048w\" sizes=\"(max-width: 900px) 100vw, 900px\" \/><\/a><\/p>\n<p>De la reuni\u00f3n participaron adem\u00e1s, los secretarios de Desarrollo Humano y Calidad de Vida Diego Robbiani y de Mantenimiento y Obras P\u00fablicas Julio Ferraro.<\/p>\n<p>Cabe recordar que dicha comisi\u00f3n se conform\u00f3 en el a\u00f1o 2016, y en dicha oportunidad, en el mes de marzo mantuvieron un primer encuentro con el intendente Galli, con la intenci\u00f3n de recuperar una obra emblem\u00e1tica, en el marco de los 150 a\u00f1os de la fundaci\u00f3n de la ciudad de Olavarr\u00eda.<\/p>\n<p>El monumento original estuvo ubicado en Avda. Pringles y Rep\u00fablica del L\u00edbano, entre 1938 y 1964, tras ser demolido por obras realizadas en la ciudad en aquel entonces.<\/p>\n<p>La obra, cuya autor\u00eda es de Leopoldo Bocazzi, ten\u00eda 15 metros de altura, con tres figuras que simbolizaban la agricultura, la ganader\u00eda y la miner\u00eda, que se encontraban erigidas sobre una base y escalinatas.<\/p>\n<p>En el mes de diciembre de 2017 se coloc\u00f3 la piedra fundacional del Monumento al Trabajo, en Avda. Pringles casi Ruta Nacional N\u00ba 226, en el marco de un acto protocolar que cont\u00f3 con la participaci\u00f3n de integrantes de la comisi\u00f3n y concejales.<\/p>\n<p>En el marco del \u00faltimo encuentro con el intendente Galli, que se llev\u00f3 a cabo d\u00edas atr\u00e1s, se present\u00f3 un proyecto de emplazamiento con otro sentido, que propone colocar una parte recuperada del antiguo monumento, concretamente un yunque, que actualmente se encuentra en la Biblioteca Popular \u201c1\u00ba de Mayo\u201d.<\/p>\n<p>Al respecto, el secretario de Desarrollo Humano y Calidad de Vida Diego Robbiani, explic\u00f3 que \u201chace a\u00f1os atr\u00e1s el monumento estaba instalado en una de las avenidas principales de Olavarr\u00eda y fue demolido a ra\u00edz de obras de modernizaci\u00f3n de la ciudad, que llev\u00f3 adelante la gesti\u00f3n del ex intendente Carlos V. Portarrieu\u201d.<\/p>\n<p>\u201cHay un gran trabajo por parte de un grupo de vecinos (entre ellos Julio Bid\u00e9 y Claudio Filardo) interesados en resaltar a Olavarr\u00eda como ciudad pujante y de trabajo, conformaron esta comisi\u00f3n con la intenci\u00f3n de recuperar una parte de este monumento, una obra emblem\u00e1tica, que form\u00f3 parte de nuestra historia, patrimonio e identidad como olavarrienses\u201d, sostuvo Robbiani.<\/p>\n<p>\u201cEste monumento viene a resaltar valores que nos forjaron y a recuperar el patrimonio de la ciudad\u201d, concluy\u00f3.<\/p>\n<p>Proyecto de la Comisi\u00f3n Pro Monumento al Trabajo<\/p>\n<p>El proyecto \u2013elaborado por integrantes de la Comisi\u00f3n Pro Monumento al Trabajo- toma como principio respetar el eje fundacional del anterior, la Av. Pringles, en el acceso m\u00e1s importante de la ciudad desde Ruta 226.<\/p>\n<p>Un monumento, es un modo hist\u00f3rico de construir memoria. Es la representaci\u00f3n del pasado y del futuro concentrado en una obra.<\/p>\n<p>Cuando se trata de abordar el espacio p\u00fablico, tenemos miradas. Nos elevamos al pensar en la macro escala, y definir el espacio, con una materialidad cargada de esa identidad construida por la acci\u00f3n de la historia.<\/p>\n<p>Es importante que la obra, adquiera su propia identidad, su propia claridad, y su propia cualidad estructural.<\/p>\n<p>Una obra simple, despojada, donde materia y materiales est\u00e1n en silencio, pero que expresen la potencialidad de nuestra ciudad. Dos asunciones fundamentales convergen en la obra: primero, la naturaleza hist\u00f3rica, segundo: la naturaleza cultural.<\/p>\n<p>Por eso el monumento es una especie de masa gris neutra, esculpida y r\u00edgida. Su est\u00e9tica es el resultado de una estructura llana con cierta elegancia, primitiva y a la vez el resultado de la investigaci\u00f3n hist\u00f3rica.<\/p>\n<p>En aquel monumento que yace en la memoria, destruido, emerg\u00eda una gran columna cuadrada, con cuatro caras y figuras esculpidas exquisitamente y rematada con un \u00e1guila de alas desplegadas.<\/p>\n<p>En esta obra abrimos las cuatro caras, y forman cuatro bloques intensos de hormig\u00f3n a la vista, con improntas emblem\u00e1ticas. Del perfil del volumen emergen placas plegadas que se abren en clara alusi\u00f3n al \u00e1guila predecesora.<\/p>\n<p>La cara que mira a la ciudad, ostenta y sostiene como una palma de mano al \u00fanico vestigio del pasado: el yunque.<\/p>\n<p>El volumen es sencillo pero a la vez singular, y las improntas rehundidas, aluden a las entra\u00f1as de nuestro potencial, la industria, la ganader\u00eda, agricultura y educaci\u00f3n, s\u00edmbolos innegables siempre presentes.<\/p>\n<p>Aleda\u00f1o al monumento se adhiere visualmente y espacialmente, un grupo de \u00e1rboles, con bancos de hormig\u00f3n y un suelo encespado, un lugar de estancia y contemplaci\u00f3n.<\/p>\n<p>Fusi\u00f3n de pensamiento y sentimiento en una obra esencial, en un paisaje esencial.<\/p>\n<p>&nbsp;<\/p>\n","protected":false},"excerpt":{"rendered":"<p>Monumento al Trabajo: la recuperaci\u00f3n de un s\u00edmbolo emblem\u00e1tico de Olavarr\u00eda, el Intendente Ezequiel Galli&#8230;<\/p>\n","protected":false},"author":1,"featured_media":162985,"comment_status":"closed","ping_status":"closed","sticky":false,"template":"","format":"standard","meta":{"content-type":""},"categories":[27,51],"tags":[],"nelio_content":{"isAutoShareEnabled":false,"autoShareEndMode":"default","automationSources":{"useContentSentences":true,"useSocialTemplates":true,"useCustomSentences":false,"customSentences":[]},"followers":[1],"suggestedReferences":[],"includedReferences":[],"efiUrl":"","efiAlt":"","highlights":[]},"yoast_head":"<!-- This site is optimized with the Yoast SEO plugin v20.7 - https:\/\/yoast.com\/wordpress\/plugins\/seo\/ -->\n<title>Monumento al trabajo: la recuperaci\u00f3n de un s\u00edmbolo emblem\u00e1tico<\/title>\n<meta name=\"description\" content=\"Monumento al Trabajo: la recuperaci\u00f3n de un s\u00edmbolo emblem\u00e1tico de Olavarr\u00eda, el Intendente Ezequiel Galli recibi\u00f3 a integrantes\" \/>\n<meta name=\"robots\" content=\"index, follow, max-snippet:-1, max-image-preview:large, max-video-preview:-1\" \/>\n<link rel=\"canonical\" href=\"https:\/\/experienciadevida.com.ar\/portalurbano\/monumento-al-trabajo-la-recuperacion-de-un-simbolo-emblematico-de-olavarria\/\" \/>\n<meta property=\"og:locale\" content=\"es_ES\" \/>\n<meta property=\"og:type\" content=\"article\" \/>\n<meta property=\"og:title\" content=\"Monumento al trabajo: la recuperaci\u00f3n de un s\u00edmbolo emblem\u00e1tico\" \/>\n<meta property=\"og:description\" content=\"Monumento al Trabajo: la recuperaci\u00f3n de un s\u00edmbolo emblem\u00e1tico de Olavarr\u00eda, el Intendente Ezequiel Galli recibi\u00f3 a integrantes\" \/>\n<meta property=\"og:url\" content=\"https:\/\/experienciadevida.com.ar\/portalurbano\/monumento-al-trabajo-la-recuperacion-de-un-simbolo-emblematico-de-olavarria\/\" \/>\n<meta property=\"article:publisher\" content=\"https:\/\/www.facebook.com\/Portal-Urbano-171542830093757\/\" \/>\n<meta property=\"article:published_time\" content=\"2022-03-05T23:28:46+00:00\" \/>\n<meta property=\"article:modified_time\" content=\"2022-03-05T23:47:04+00:00\" \/>\n<meta property=\"og:image\" content=\"https:\/\/experienciadevida.com.ar\/portalurbano\/wp-content\/uploads\/2022\/03\/Monumento-al-trabajo.jpg\" \/>\n\t<meta property=\"og:image:width\" content=\"2560\" \/>\n\t<meta property=\"og:image:height\" content=\"1711\" \/>\n\t<meta property=\"og:image:type\" content=\"image\/jpeg\" \/>\n<meta name=\"author\" content=\"admpu17wp\" \/>\n<meta name=\"twitter:card\" content=\"summary_large_image\" \/>\n<meta name=\"twitter:creator\" content=\"@portalurbanook\" \/>\n<meta name=\"twitter:site\" content=\"@portalurbanook\" \/>\n<meta name=\"twitter:label1\" content=\"Escrito por\" \/>\n\t<meta name=\"twitter:data1\" content=\"admpu17wp\" \/>\n\t<meta name=\"twitter:label2\" content=\"Tiempo de lectura\" \/>\n\t<meta name=\"twitter:data2\" content=\"4 minutos\" \/>\n<script type=\"application\/ld+json\" class=\"yoast-schema-graph\">{\"@context\":\"https:\/\/schema.org\",\"@graph\":[{\"@type\":\"Article\",\"@id\":\"https:\/\/experienciadevida.com.ar\/portalurbano\/monumento-al-trabajo-la-recuperacion-de-un-simbolo-emblematico-de-olavarria\/#article\",\"isPartOf\":{\"@id\":\"https:\/\/experienciadevida.com.ar\/portalurbano\/monumento-al-trabajo-la-recuperacion-de-un-simbolo-emblematico-de-olavarria\/\"},\"author\":{\"name\":\"admpu17wp\",\"@id\":\"https:\/\/experienciadevida.com.ar\/portalurbano\/#\/schema\/person\/02dd326b1c4b056e9cc972486934a3a7\"},\"headline\":\"Monumento al Trabajo: la recuperaci\u00f3n de un s\u00edmbolo emblem\u00e1tico de Olavarr\u00eda\",\"datePublished\":\"2022-03-05T23:28:46+00:00\",\"dateModified\":\"2022-03-05T23:47:04+00:00\",\"mainEntityOfPage\":{\"@id\":\"https:\/\/experienciadevida.com.ar\/portalurbano\/monumento-al-trabajo-la-recuperacion-de-un-simbolo-emblematico-de-olavarria\/\"},\"wordCount\":810,\"publisher\":{\"@id\":\"https:\/\/experienciadevida.com.ar\/portalurbano\/#organization\"},\"articleSection\":[\"Ciudad\",\"Destacadas\"],\"inLanguage\":\"es\"},{\"@type\":\"WebPage\",\"@id\":\"https:\/\/experienciadevida.com.ar\/portalurbano\/monumento-al-trabajo-la-recuperacion-de-un-simbolo-emblematico-de-olavarria\/\",\"url\":\"https:\/\/experienciadevida.com.ar\/portalurbano\/monumento-al-trabajo-la-recuperacion-de-un-simbolo-emblematico-de-olavarria\/\",\"name\":\"Monumento al trabajo: la recuperaci\u00f3n de un s\u00edmbolo emblem\u00e1tico\",\"isPartOf\":{\"@id\":\"https:\/\/experienciadevida.com.ar\/portalurbano\/#website\"},\"datePublished\":\"2022-03-05T23:28:46+00:00\",\"dateModified\":\"2022-03-05T23:47:04+00:00\",\"description\":\"Monumento al Trabajo: la recuperaci\u00f3n de un s\u00edmbolo emblem\u00e1tico de Olavarr\u00eda, el Intendente Ezequiel Galli recibi\u00f3 a integrantes\",\"breadcrumb\":{\"@id\":\"https:\/\/experienciadevida.com.ar\/portalurbano\/monumento-al-trabajo-la-recuperacion-de-un-simbolo-emblematico-de-olavarria\/#breadcrumb\"},\"inLanguage\":\"es\",\"potentialAction\":[{\"@type\":\"ReadAction\",\"target\":[\"https:\/\/experienciadevida.com.ar\/portalurbano\/monumento-al-trabajo-la-recuperacion-de-un-simbolo-emblematico-de-olavarria\/\"]}]},{\"@type\":\"BreadcrumbList\",\"@id\":\"https:\/\/experienciadevida.com.ar\/portalurbano\/monumento-al-trabajo-la-recuperacion-de-un-simbolo-emblematico-de-olavarria\/#breadcrumb\",\"itemListElement\":[{\"@type\":\"ListItem\",\"position\":1,\"name\":\"Portada\",\"item\":\"https:\/\/experienciadevida.com.ar\/portalurbano\/\"},{\"@type\":\"ListItem\",\"position\":2,\"name\":\"Monumento al Trabajo: la recuperaci\u00f3n de un s\u00edmbolo emblem\u00e1tico de Olavarr\u00eda\"}]},{\"@type\":\"WebSite\",\"@id\":\"https:\/\/experienciadevida.com.ar\/portalurbano\/#website\",\"url\":\"https:\/\/experienciadevida.com.ar\/portalurbano\/\",\"name\":\"\",\"description\":\"\",\"publisher\":{\"@id\":\"https:\/\/experienciadevida.com.ar\/portalurbano\/#organization\"},\"potentialAction\":[{\"@type\":\"SearchAction\",\"target\":{\"@type\":\"EntryPoint\",\"urlTemplate\":\"https:\/\/experienciadevida.com.ar\/portalurbano\/?s={search_term_string}\"},\"query-input\":\"required name=search_term_string\"}],\"inLanguage\":\"es\"},{\"@type\":\"Organization\",\"@id\":\"https:\/\/experienciadevida.com.ar\/portalurbano\/#organization\",\"name\":\"Portal Urbano\",\"url\":\"https:\/\/experienciadevida.com.ar\/portalurbano\/\",\"logo\":{\"@type\":\"ImageObject\",\"inLanguage\":\"es\",\"@id\":\"https:\/\/experienciadevida.com.ar\/portalurbano\/#\/schema\/logo\/image\/\",\"url\":\"https:\/\/experienciadevida.com.ar\/portalurbano\/wp-content\/uploads\/2019\/09\/Logo-Original.png\",\"contentUrl\":\"https:\/\/experienciadevida.com.ar\/portalurbano\/wp-content\/uploads\/2019\/09\/Logo-Original.png\",\"width\":2236,\"height\":1216,\"caption\":\"Portal Urbano\"},\"image\":{\"@id\":\"https:\/\/experienciadevida.com.ar\/portalurbano\/#\/schema\/logo\/image\/\"},\"sameAs\":[\"https:\/\/www.facebook.com\/Portal-Urbano-171542830093757\/\",\"https:\/\/twitter.com\/portalurbanook\",\"https:\/\/www.instagram.com\/_portalurbano\/\",\"https:\/\/www.youtube.com\/channel\/UCXhagIfszH8KxFiOok79zbA?view_as=subscriber\"]},{\"@type\":\"Person\",\"@id\":\"https:\/\/experienciadevida.com.ar\/portalurbano\/#\/schema\/person\/02dd326b1c4b056e9cc972486934a3a7\",\"name\":\"admpu17wp\",\"image\":{\"@type\":\"ImageObject\",\"inLanguage\":\"es\",\"@id\":\"https:\/\/experienciadevida.com.ar\/portalurbano\/#\/schema\/person\/image\/\",\"url\":\"https:\/\/secure.gravatar.com\/avatar\/830d4c57adaae6630765e449a6908047?s=96&d=mm&r=g\",\"contentUrl\":\"https:\/\/secure.gravatar.com\/avatar\/830d4c57adaae6630765e449a6908047?s=96&d=mm&r=g\",\"caption\":\"admpu17wp\"}}]}<\/script>\n<!-- \/ Yoast SEO plugin. -->","yoast_head_json":{"title":"Monumento al trabajo: la recuperaci\u00f3n de un s\u00edmbolo emblem\u00e1tico","description":"Monumento al Trabajo: la recuperaci\u00f3n de un s\u00edmbolo emblem\u00e1tico de Olavarr\u00eda, el Intendente Ezequiel Galli recibi\u00f3 a integrantes","robots":{"index":"index","follow":"follow","max-snippet":"max-snippet:-1","max-image-preview":"max-image-preview:large","max-video-preview":"max-video-preview:-1"},"canonical":"https:\/\/experienciadevida.com.ar\/portalurbano\/monumento-al-trabajo-la-recuperacion-de-un-simbolo-emblematico-de-olavarria\/","og_locale":"es_ES","og_type":"article","og_title":"Monumento al trabajo: la recuperaci\u00f3n de un s\u00edmbolo emblem\u00e1tico","og_description":"Monumento al Trabajo: la recuperaci\u00f3n de un s\u00edmbolo emblem\u00e1tico de Olavarr\u00eda, el Intendente Ezequiel Galli recibi\u00f3 a integrantes","og_url":"https:\/\/experienciadevida.com.ar\/portalurbano\/monumento-al-trabajo-la-recuperacion-de-un-simbolo-emblematico-de-olavarria\/","article_publisher":"https:\/\/www.facebook.com\/Portal-Urbano-171542830093757\/","article_published_time":"2022-03-05T23:28:46+00:00","article_modified_time":"2022-03-05T23:47:04+00:00","og_image":[{"width":2560,"height":1711,"url":"https:\/\/experienciadevida.com.ar\/portalurbano\/wp-content\/uploads\/2022\/03\/Monumento-al-trabajo.jpg","type":"image\/jpeg"}],"author":"admpu17wp","twitter_card":"summary_large_image","twitter_creator":"@portalurbanook","twitter_site":"@portalurbanook","twitter_misc":{"Escrito por":"admpu17wp","Tiempo de lectura":"4 minutos"},"schema":{"@context":"https:\/\/schema.org","@graph":[{"@type":"Article","@id":"https:\/\/experienciadevida.com.ar\/portalurbano\/monumento-al-trabajo-la-recuperacion-de-un-simbolo-emblematico-de-olavarria\/#article","isPartOf":{"@id":"https:\/\/experienciadevida.com.ar\/portalurbano\/monumento-al-trabajo-la-recuperacion-de-un-simbolo-emblematico-de-olavarria\/"},"author":{"name":"admpu17wp","@id":"https:\/\/experienciadevida.com.ar\/portalurbano\/#\/schema\/person\/02dd326b1c4b056e9cc972486934a3a7"},"headline":"Monumento al Trabajo: la recuperaci\u00f3n de un s\u00edmbolo emblem\u00e1tico de Olavarr\u00eda","datePublished":"2022-03-05T23:28:46+00:00","dateModified":"2022-03-05T23:47:04+00:00","mainEntityOfPage":{"@id":"https:\/\/experienciadevida.com.ar\/portalurbano\/monumento-al-trabajo-la-recuperacion-de-un-simbolo-emblematico-de-olavarria\/"},"wordCount":810,"publisher":{"@id":"https:\/\/experienciadevida.com.ar\/portalurbano\/#organization"},"articleSection":["Ciudad","Destacadas"],"inLanguage":"es"},{"@type":"WebPage","@id":"https:\/\/experienciadevida.com.ar\/portalurbano\/monumento-al-trabajo-la-recuperacion-de-un-simbolo-emblematico-de-olavarria\/","url":"https:\/\/experienciadevida.com.ar\/portalurbano\/monumento-al-trabajo-la-recuperacion-de-un-simbolo-emblematico-de-olavarria\/","name":"Monumento al trabajo: la recuperaci\u00f3n de un s\u00edmbolo emblem\u00e1tico","isPartOf":{"@id":"https:\/\/experienciadevida.com.ar\/portalurbano\/#website"},"datePublished":"2022-03-05T23:28:46+00:00","dateModified":"2022-03-05T23:47:04+00:00","description":"Monumento al Trabajo: la recuperaci\u00f3n de un s\u00edmbolo emblem\u00e1tico de Olavarr\u00eda, el Intendente Ezequiel Galli recibi\u00f3 a integrantes","breadcrumb":{"@id":"https:\/\/experienciadevida.com.ar\/portalurbano\/monumento-al-trabajo-la-recuperacion-de-un-simbolo-emblematico-de-olavarria\/#breadcrumb"},"inLanguage":"es","potentialAction":[{"@type":"ReadAction","target":["https:\/\/experienciadevida.com.ar\/portalurbano\/monumento-al-trabajo-la-recuperacion-de-un-simbolo-emblematico-de-olavarria\/"]}]},{"@type":"BreadcrumbList","@id":"https:\/\/experienciadevida.com.ar\/portalurbano\/monumento-al-trabajo-la-recuperacion-de-un-simbolo-emblematico-de-olavarria\/#breadcrumb","itemListElement":[{"@type":"ListItem","position":1,"name":"Portada","item":"https:\/\/experienciadevida.com.ar\/portalurbano\/"},{"@type":"ListItem","position":2,"name":"Monumento al Trabajo: la recuperaci\u00f3n de un s\u00edmbolo emblem\u00e1tico de Olavarr\u00eda"}]},{"@type":"WebSite","@id":"https:\/\/experienciadevida.com.ar\/portalurbano\/#website","url":"https:\/\/experienciadevida.com.ar\/portalurbano\/","name":"","description":"","publisher":{"@id":"https:\/\/experienciadevida.com.ar\/portalurbano\/#organization"},"potentialAction":[{"@type":"SearchAction","target":{"@type":"EntryPoint","urlTemplate":"https:\/\/experienciadevida.com.ar\/portalurbano\/?s={search_term_string}"},"query-input":"required name=search_term_string"}],"inLanguage":"es"},{"@type":"Organization","@id":"https:\/\/experienciadevida.com.ar\/portalurbano\/#organization","name":"Portal Urbano","url":"https:\/\/experienciadevida.com.ar\/portalurbano\/","logo":{"@type":"ImageObject","inLanguage":"es","@id":"https:\/\/experienciadevida.com.ar\/portalurbano\/#\/schema\/logo\/image\/","url":"https:\/\/experienciadevida.com.ar\/portalurbano\/wp-content\/uploads\/2019\/09\/Logo-Original.png","contentUrl":"https:\/\/experienciadevida.com.ar\/portalurbano\/wp-content\/uploads\/2019\/09\/Logo-Original.png","width":2236,"height":1216,"caption":"Portal Urbano"},"image":{"@id":"https:\/\/experienciadevida.com.ar\/portalurbano\/#\/schema\/logo\/image\/"},"sameAs":["https:\/\/www.facebook.com\/Portal-Urbano-171542830093757\/","https:\/\/twitter.com\/portalurbanook","https:\/\/www.instagram.com\/_portalurbano\/","https:\/\/www.youtube.com\/channel\/UCXhagIfszH8KxFiOok79zbA?view_as=subscriber"]},{"@type":"Person","@id":"https:\/\/experienciadevida.com.ar\/portalurbano\/#\/schema\/person\/02dd326b1c4b056e9cc972486934a3a7","name":"admpu17wp","image":{"@type":"ImageObject","inLanguage":"es","@id":"https:\/\/experienciadevida.com.ar\/portalurbano\/#\/schema\/person\/image\/","url":"https:\/\/secure.gravatar.com\/avatar\/830d4c57adaae6630765e449a6908047?s=96&d=mm&r=g","contentUrl":"https:\/\/secure.gravatar.com\/avatar\/830d4c57adaae6630765e449a6908047?s=96&d=mm&r=g","caption":"admpu17wp"}}]}},"featured_image_urls":{"full":["https:\/\/experienciadevida.com.ar\/portalurbano\/wp-content\/uploads\/2022\/03\/Monumento-al-trabajo.jpg",2560,1711,false],"thumbnail":["https:\/\/experienciadevida.com.ar\/portalurbano\/wp-content\/uploads\/2022\/03\/Monumento-al-trabajo-150x150.jpg",150,150,true],"medium":["https:\/\/experienciadevida.com.ar\/portalurbano\/wp-content\/uploads\/2022\/03\/Monumento-al-trabajo-300x201.jpg",300,201,true],"medium_large":["https:\/\/experienciadevida.com.ar\/portalurbano\/wp-content\/uploads\/2022\/03\/Monumento-al-trabajo-768x513.jpg",640,428,true],"large":["https:\/\/experienciadevida.com.ar\/portalurbano\/wp-content\/uploads\/2022\/03\/Monumento-al-trabajo-1024x684.jpg",640,428,true],"ug_big":["https:\/\/experienciadevida.com.ar\/portalurbano\/wp-content\/uploads\/2022\/03\/Monumento-al-trabajo-768x513.jpg",768,513,true],"1536x1536":["https:\/\/experienciadevida.com.ar\/portalurbano\/wp-content\/uploads\/2022\/03\/Monumento-al-trabajo-1536x1027.jpg",1536,1027,true],"2048x2048":["https:\/\/experienciadevida.com.ar\/portalurbano\/wp-content\/uploads\/2022\/03\/Monumento-al-trabajo-2048x1369.jpg",2048,1369,true],"newsever-slider-full":["https:\/\/experienciadevida.com.ar\/portalurbano\/wp-content\/uploads\/2022\/03\/Monumento-al-trabajo.jpg",1264,845,false],"newsever-featured":["https:\/\/experienciadevida.com.ar\/portalurbano\/wp-content\/uploads\/2022\/03\/Monumento-al-trabajo.jpg",1024,684,false],"newsever-medium":["https:\/\/experienciadevida.com.ar\/portalurbano\/wp-content\/uploads\/2022\/03\/Monumento-al-trabajo.jpg",711,475,false],"web-stories-poster-portrait":["https:\/\/experienciadevida.com.ar\/portalurbano\/wp-content\/uploads\/2022\/03\/Monumento-al-trabajo.jpg",640,428,false],"web-stories-publisher-logo":["https:\/\/experienciadevida.com.ar\/portalurbano\/wp-content\/uploads\/2022\/03\/Monumento-al-trabajo.jpg",96,64,false],"web-stories-thumbnail":["https:\/\/experienciadevida.com.ar\/portalurbano\/wp-content\/uploads\/2022\/03\/Monumento-al-trabajo.jpg",150,100,false]},"author_info":{"display_name":"admpu17wp","author_link":"https:\/\/experienciadevida.com.ar\/portalurbano\/author\/admpu17wp\/"},"category_info":"<a href=\"https:\/\/experienciadevida.com.ar\/portalurbano\/category\/ciudad\/\" rel=\"category tag\">Ciudad<\/a> <a href=\"https:\/\/experienciadevida.com.ar\/portalurbano\/category\/destacadas\/\" rel=\"category tag\">Destacadas<\/a>","tag_info":"Destacadas","comment_count":"0","amp_enabled":true,"_links":{"self":[{"href":"https:\/\/experienciadevida.com.ar\/portalurbano\/wp-json\/wp\/v2\/posts\/162984"}],"collection":[{"href":"https:\/\/experienciadevida.com.ar\/portalurbano\/wp-json\/wp\/v2\/posts"}],"about":[{"href":"https:\/\/experienciadevida.com.ar\/portalurbano\/wp-json\/wp\/v2\/types\/post"}],"author":[{"embeddable":true,"href":"https:\/\/experienciadevida.com.ar\/portalurbano\/wp-json\/wp\/v2\/users\/1"}],"replies":[{"embeddable":true,"href":"https:\/\/experienciadevida.com.ar\/portalurbano\/wp-json\/wp\/v2\/comments?post=162984"}],"version-history":[{"count":2,"href":"https:\/\/experienciadevida.com.ar\/portalurbano\/wp-json\/wp\/v2\/posts\/162984\/revisions"}],"predecessor-version":[{"id":163010,"href":"https:\/\/experienciadevida.com.ar\/portalurbano\/wp-json\/wp\/v2\/posts\/162984\/revisions\/163010"}],"wp:featuredmedia":[{"embeddable":true,"href":"https:\/\/experienciadevida.com.ar\/portalurbano\/wp-json\/wp\/v2\/media\/162985"}],"wp:attachment":[{"href":"https:\/\/experienciadevida.com.ar\/portalurbano\/wp-json\/wp\/v2\/media?parent=162984"}],"wp:term":[{"taxonomy":"category","embeddable":true,"href":"https:\/\/experienciadevida.com.ar\/portalurbano\/wp-json\/wp\/v2\/categories?post=162984"},{"taxonomy":"post_tag","embeddable":true,"href":"https:\/\/experienciadevida.com.ar\/portalurbano\/wp-json\/wp\/v2\/tags?post=162984"}],"curies":[{"name":"wp","href":"https:\/\/api.w.org\/{rel}","templated":true}]}}