{"id":162973,"date":"2022-03-05T09:45:35","date_gmt":"2022-03-05T12:45:35","guid":{"rendered":"https:\/\/experienciadevida.com.ar\/portalurbano\/?p=162973"},"modified":"2022-03-05T09:46:58","modified_gmt":"2022-03-05T12:46:58","slug":"5-de-marzo-dia-de-los-datos-abiertos","status":"publish","type":"post","link":"https:\/\/experienciadevida.com.ar\/portalurbano\/5-de-marzo-dia-de-los-datos-abiertos\/","title":{"rendered":"5 de marzo: D\u00eda de los Datos Abiertos"},"content":{"rendered":"<p>5 de marzo: D\u00eda de los Datos Abiertos, el s\u00e1bado 5 de marzo se celebra en todo el mundo el D\u00eda de los Datos Abiertos. Esta efem\u00e9ride ha sido creada en el a\u00f1o 2010 y es impulsada por la Open Knowledge Foundation, para generar conciencia de la importancia que tiene ejercer el derecho al acceso a la informaci\u00f3n p\u00fablica.<\/p>\n<p>Cabe recordar que la Open Knowledge Foundation o Fundaci\u00f3n Conocimiento Abierto es una organizaci\u00f3n global sin fines de lucro, enfocada en hacer realidad el valor de los datos abiertos para la sociedad, que ayuda a los grupos de la sociedad civil a acceder y usar datos para la toma de decisiones.<\/p>\n<p>Bajo esta misi\u00f3n, publica de manera anual, el \u00cdndice de Datos Abiertos de Ciudades de Argentina, en el cual Olavarr\u00eda ha logrado mantener el tercer puesto, por tercer a\u00f1o consecutivo.<\/p>\n<p>Los datos abiertos son una herramienta importante para una pol\u00edtica de acceso a la informaci\u00f3n p\u00fablica, permiten difundir cada vez m\u00e1s informaci\u00f3n y que dicha informaci\u00f3n pueda ser reutilizada. Un documento en formato abierto garantiza que las personas puedan crear, conocer, utilizar y reutilizar esa informaci\u00f3n. Tener a disposici\u00f3n y acceder a informaci\u00f3n p\u00fablica permite un mejor conocimiento de c\u00f3mo funciona el Estado y esto genera un contacto directo con la sociedad, sin intermediarios.<\/p>\n<p>Publicar datos no se trata solamente de ponerlos en l\u00ednea, sino de hacerlos accesibles, comprensibles, \u00e1giles y din\u00e1micos, y de este modo permitir que su reutilizaci\u00f3n genere cambios.<\/p>\n<p>Entendiendo estos principios, el Municipio de Olavarr\u00eda no ha dejado de trabajar en la publicaci\u00f3n de datos de inter\u00e9s, desde el lanzamiento de su Portal de Gobierno Abierto, avanza de manera continua en la incorporaci\u00f3n de nuevos datos y la actualizaci\u00f3n peri\u00f3dica de los que ya se encuentran publicados en las secciones: An\u00e1lisis de Datos, Transparencia y Datos Abiertos.<\/p>\n<p>Actualmente se encuentran disponibles 1038 registros abiertos y 311 visualizaciones, todas publicaciones descargables en distintos formatos y visualizaciones simples que cuentan con la posibilidad de descargar los archivos que dan origen a las mismas.<\/p>\n<p>Desde la Subsecretar\u00eda de Modernizaci\u00f3n, perteneciente a la Secretar\u00eda de Desarrollo Econ\u00f3mico, invitamos a todos los ciudadanos a ingresar y recorrer la secci\u00f3n de Datos Abiertos del Portal de Gobierno Abierto.<\/p>\n<p>Se busca promover as\u00ed la b\u00fasqueda y el conocimiento de los datos publicados y que se haga uso del espacio adecuado para la solicitud de informaci\u00f3n espec\u00edfica -siempre que responda a la Ley de Acceso a la Informaci\u00f3n P\u00fablica- que pueda ser de utilidad y no se encuentre disponible.<\/p>\n","protected":false},"excerpt":{"rendered":"<p>5 de marzo: D\u00eda de los Datos Abiertos, el s\u00e1bado 5 de marzo se celebra&#8230;<\/p>\n","protected":false},"author":1,"featured_media":162974,"comment_status":"closed","ping_status":"closed","sticky":false,"template":"","format":"standard","meta":{"content-type":""},"categories":[27],"tags":[],"nelio_content":{"isAutoShareEnabled":false,"autoShareEndMode":"default","automationSources":{"useContentSentences":true,"useSocialTemplates":true,"useCustomSentences":false,"customSentences":[]},"followers":[1],"suggestedReferences":[],"includedReferences":[],"efiUrl":"","efiAlt":"","highlights":[]},"yoast_head":"<!-- This site is optimized with the Yoast SEO plugin v20.7 - https:\/\/yoast.com\/wordpress\/plugins\/seo\/ -->\n<title>5 de marzo: d\u00eda de los datos abiertos<\/title>\n<meta name=\"description\" content=\"5 de marzo: D\u00eda de los Datos Abiertos, el s\u00e1bado 5 de marzo se celebra en todo el mundo el D\u00eda de los Datos Abiertos, efem\u00e9ride del 2010\" \/>\n<meta name=\"robots\" content=\"index, follow, max-snippet:-1, max-image-preview:large, max-video-preview:-1\" \/>\n<link rel=\"canonical\" href=\"https:\/\/experienciadevida.com.ar\/portalurbano\/5-de-marzo-dia-de-los-datos-abiertos\/\" \/>\n<meta property=\"og:locale\" content=\"es_ES\" \/>\n<meta property=\"og:type\" content=\"article\" \/>\n<meta property=\"og:title\" content=\"5 de marzo: d\u00eda de los datos abiertos\" \/>\n<meta property=\"og:description\" content=\"5 de marzo: D\u00eda de los Datos Abiertos, el s\u00e1bado 5 de marzo se celebra en todo el mundo el D\u00eda de los Datos Abiertos, efem\u00e9ride del 2010\" \/>\n<meta property=\"og:url\" content=\"https:\/\/experienciadevida.com.ar\/portalurbano\/5-de-marzo-dia-de-los-datos-abiertos\/\" \/>\n<meta property=\"article:publisher\" content=\"https:\/\/www.facebook.com\/Portal-Urbano-171542830093757\/\" \/>\n<meta property=\"article:published_time\" content=\"2022-03-05T12:45:35+00:00\" \/>\n<meta property=\"article:modified_time\" content=\"2022-03-05T12:46:58+00:00\" \/>\n<meta property=\"og:image\" content=\"https:\/\/experienciadevida.com.ar\/portalurbano\/wp-content\/uploads\/2022\/03\/5-de-marzo.jpg\" \/>\n\t<meta property=\"og:image:width\" content=\"1024\" \/>\n\t<meta property=\"og:image:height\" content=\"683\" \/>\n\t<meta property=\"og:image:type\" content=\"image\/jpeg\" \/>\n<meta name=\"author\" content=\"admpu17wp\" \/>\n<meta name=\"twitter:card\" content=\"summary_large_image\" \/>\n<meta name=\"twitter:creator\" content=\"@portalurbanook\" \/>\n<meta name=\"twitter:site\" content=\"@portalurbanook\" \/>\n<meta name=\"twitter:label1\" content=\"Escrito por\" \/>\n\t<meta name=\"twitter:data1\" content=\"admpu17wp\" \/>\n\t<meta name=\"twitter:label2\" content=\"Tiempo de lectura\" \/>\n\t<meta name=\"twitter:data2\" content=\"2 minutos\" \/>\n<script type=\"application\/ld+json\" class=\"yoast-schema-graph\">{\"@context\":\"https:\/\/schema.org\",\"@graph\":[{\"@type\":\"Article\",\"@id\":\"https:\/\/experienciadevida.com.ar\/portalurbano\/5-de-marzo-dia-de-los-datos-abiertos\/#article\",\"isPartOf\":{\"@id\":\"https:\/\/experienciadevida.com.ar\/portalurbano\/5-de-marzo-dia-de-los-datos-abiertos\/\"},\"author\":{\"name\":\"admpu17wp\",\"@id\":\"https:\/\/experienciadevida.com.ar\/portalurbano\/#\/schema\/person\/02dd326b1c4b056e9cc972486934a3a7\"},\"headline\":\"5 de marzo: D\u00eda de los Datos Abiertos\",\"datePublished\":\"2022-03-05T12:45:35+00:00\",\"dateModified\":\"2022-03-05T12:46:58+00:00\",\"mainEntityOfPage\":{\"@id\":\"https:\/\/experienciadevida.com.ar\/portalurbano\/5-de-marzo-dia-de-los-datos-abiertos\/\"},\"wordCount\":461,\"publisher\":{\"@id\":\"https:\/\/experienciadevida.com.ar\/portalurbano\/#organization\"},\"articleSection\":[\"Ciudad\"],\"inLanguage\":\"es\"},{\"@type\":\"WebPage\",\"@id\":\"https:\/\/experienciadevida.com.ar\/portalurbano\/5-de-marzo-dia-de-los-datos-abiertos\/\",\"url\":\"https:\/\/experienciadevida.com.ar\/portalurbano\/5-de-marzo-dia-de-los-datos-abiertos\/\",\"name\":\"5 de marzo: d\u00eda de los datos abiertos\",\"isPartOf\":{\"@id\":\"https:\/\/experienciadevida.com.ar\/portalurbano\/#website\"},\"datePublished\":\"2022-03-05T12:45:35+00:00\",\"dateModified\":\"2022-03-05T12:46:58+00:00\",\"description\":\"5 de marzo: D\u00eda de los Datos Abiertos, el s\u00e1bado 5 de marzo se celebra en todo el mundo el D\u00eda de los Datos Abiertos, efem\u00e9ride del 2010\",\"breadcrumb\":{\"@id\":\"https:\/\/experienciadevida.com.ar\/portalurbano\/5-de-marzo-dia-de-los-datos-abiertos\/#breadcrumb\"},\"inLanguage\":\"es\",\"potentialAction\":[{\"@type\":\"ReadAction\",\"target\":[\"https:\/\/experienciadevida.com.ar\/portalurbano\/5-de-marzo-dia-de-los-datos-abiertos\/\"]}]},{\"@type\":\"BreadcrumbList\",\"@id\":\"https:\/\/experienciadevida.com.ar\/portalurbano\/5-de-marzo-dia-de-los-datos-abiertos\/#breadcrumb\",\"itemListElement\":[{\"@type\":\"ListItem\",\"position\":1,\"name\":\"Portada\",\"item\":\"https:\/\/experienciadevida.com.ar\/portalurbano\/\"},{\"@type\":\"ListItem\",\"position\":2,\"name\":\"5 de marzo: D\u00eda de los Datos Abiertos\"}]},{\"@type\":\"WebSite\",\"@id\":\"https:\/\/experienciadevida.com.ar\/portalurbano\/#website\",\"url\":\"https:\/\/experienciadevida.com.ar\/portalurbano\/\",\"name\":\"\",\"description\":\"\",\"publisher\":{\"@id\":\"https:\/\/experienciadevida.com.ar\/portalurbano\/#organization\"},\"potentialAction\":[{\"@type\":\"SearchAction\",\"target\":{\"@type\":\"EntryPoint\",\"urlTemplate\":\"https:\/\/experienciadevida.com.ar\/portalurbano\/?s={search_term_string}\"},\"query-input\":\"required name=search_term_string\"}],\"inLanguage\":\"es\"},{\"@type\":\"Organization\",\"@id\":\"https:\/\/experienciadevida.com.ar\/portalurbano\/#organization\",\"name\":\"Portal Urbano\",\"url\":\"https:\/\/experienciadevida.com.ar\/portalurbano\/\",\"logo\":{\"@type\":\"ImageObject\",\"inLanguage\":\"es\",\"@id\":\"https:\/\/experienciadevida.com.ar\/portalurbano\/#\/schema\/logo\/image\/\",\"url\":\"https:\/\/experienciadevida.com.ar\/portalurbano\/wp-content\/uploads\/2019\/09\/Logo-Original.png\",\"contentUrl\":\"https:\/\/experienciadevida.com.ar\/portalurbano\/wp-content\/uploads\/2019\/09\/Logo-Original.png\",\"width\":2236,\"height\":1216,\"caption\":\"Portal Urbano\"},\"image\":{\"@id\":\"https:\/\/experienciadevida.com.ar\/portalurbano\/#\/schema\/logo\/image\/\"},\"sameAs\":[\"https:\/\/www.facebook.com\/Portal-Urbano-171542830093757\/\",\"https:\/\/twitter.com\/portalurbanook\",\"https:\/\/www.instagram.com\/_portalurbano\/\",\"https:\/\/www.youtube.com\/channel\/UCXhagIfszH8KxFiOok79zbA?view_as=subscriber\"]},{\"@type\":\"Person\",\"@id\":\"https:\/\/experienciadevida.com.ar\/portalurbano\/#\/schema\/person\/02dd326b1c4b056e9cc972486934a3a7\",\"name\":\"admpu17wp\",\"image\":{\"@type\":\"ImageObject\",\"inLanguage\":\"es\",\"@id\":\"https:\/\/experienciadevida.com.ar\/portalurbano\/#\/schema\/person\/image\/\",\"url\":\"https:\/\/secure.gravatar.com\/avatar\/830d4c57adaae6630765e449a6908047?s=96&d=mm&r=g\",\"contentUrl\":\"https:\/\/secure.gravatar.com\/avatar\/830d4c57adaae6630765e449a6908047?s=96&d=mm&r=g\",\"caption\":\"admpu17wp\"}}]}<\/script>\n<!-- \/ Yoast SEO plugin. -->","yoast_head_json":{"title":"5 de marzo: d\u00eda de los datos abiertos","description":"5 de marzo: D\u00eda de los Datos Abiertos, el s\u00e1bado 5 de marzo se celebra en todo el mundo el D\u00eda de los Datos Abiertos, efem\u00e9ride del 2010","robots":{"index":"index","follow":"follow","max-snippet":"max-snippet:-1","max-image-preview":"max-image-preview:large","max-video-preview":"max-video-preview:-1"},"canonical":"https:\/\/experienciadevida.com.ar\/portalurbano\/5-de-marzo-dia-de-los-datos-abiertos\/","og_locale":"es_ES","og_type":"article","og_title":"5 de marzo: d\u00eda de los datos abiertos","og_description":"5 de marzo: D\u00eda de los Datos Abiertos, el s\u00e1bado 5 de marzo se celebra en todo el mundo el D\u00eda de los Datos Abiertos, efem\u00e9ride del 2010","og_url":"https:\/\/experienciadevida.com.ar\/portalurbano\/5-de-marzo-dia-de-los-datos-abiertos\/","article_publisher":"https:\/\/www.facebook.com\/Portal-Urbano-171542830093757\/","article_published_time":"2022-03-05T12:45:35+00:00","article_modified_time":"2022-03-05T12:46:58+00:00","og_image":[{"width":1024,"height":683,"url":"https:\/\/experienciadevida.com.ar\/portalurbano\/wp-content\/uploads\/2022\/03\/5-de-marzo.jpg","type":"image\/jpeg"}],"author":"admpu17wp","twitter_card":"summary_large_image","twitter_creator":"@portalurbanook","twitter_site":"@portalurbanook","twitter_misc":{"Escrito por":"admpu17wp","Tiempo de lectura":"2 minutos"},"schema":{"@context":"https:\/\/schema.org","@graph":[{"@type":"Article","@id":"https:\/\/experienciadevida.com.ar\/portalurbano\/5-de-marzo-dia-de-los-datos-abiertos\/#article","isPartOf":{"@id":"https:\/\/experienciadevida.com.ar\/portalurbano\/5-de-marzo-dia-de-los-datos-abiertos\/"},"author":{"name":"admpu17wp","@id":"https:\/\/experienciadevida.com.ar\/portalurbano\/#\/schema\/person\/02dd326b1c4b056e9cc972486934a3a7"},"headline":"5 de marzo: D\u00eda de los Datos Abiertos","datePublished":"2022-03-05T12:45:35+00:00","dateModified":"2022-03-05T12:46:58+00:00","mainEntityOfPage":{"@id":"https:\/\/experienciadevida.com.ar\/portalurbano\/5-de-marzo-dia-de-los-datos-abiertos\/"},"wordCount":461,"publisher":{"@id":"https:\/\/experienciadevida.com.ar\/portalurbano\/#organization"},"articleSection":["Ciudad"],"inLanguage":"es"},{"@type":"WebPage","@id":"https:\/\/experienciadevida.com.ar\/portalurbano\/5-de-marzo-dia-de-los-datos-abiertos\/","url":"https:\/\/experienciadevida.com.ar\/portalurbano\/5-de-marzo-dia-de-los-datos-abiertos\/","name":"5 de marzo: d\u00eda de los datos abiertos","isPartOf":{"@id":"https:\/\/experienciadevida.com.ar\/portalurbano\/#website"},"datePublished":"2022-03-05T12:45:35+00:00","dateModified":"2022-03-05T12:46:58+00:00","description":"5 de marzo: D\u00eda de los Datos Abiertos, el s\u00e1bado 5 de marzo se celebra en todo el mundo el D\u00eda de los Datos Abiertos, efem\u00e9ride del 2010","breadcrumb":{"@id":"https:\/\/experienciadevida.com.ar\/portalurbano\/5-de-marzo-dia-de-los-datos-abiertos\/#breadcrumb"},"inLanguage":"es","potentialAction":[{"@type":"ReadAction","target":["https:\/\/experienciadevida.com.ar\/portalurbano\/5-de-marzo-dia-de-los-datos-abiertos\/"]}]},{"@type":"BreadcrumbList","@id":"https:\/\/experienciadevida.com.ar\/portalurbano\/5-de-marzo-dia-de-los-datos-abiertos\/#breadcrumb","itemListElement":[{"@type":"ListItem","position":1,"name":"Portada","item":"https:\/\/experienciadevida.com.ar\/portalurbano\/"},{"@type":"ListItem","position":2,"name":"5 de marzo: D\u00eda de los Datos Abiertos"}]},{"@type":"WebSite","@id":"https:\/\/experienciadevida.com.ar\/portalurbano\/#website","url":"https:\/\/experienciadevida.com.ar\/portalurbano\/","name":"","description":"","publisher":{"@id":"https:\/\/experienciadevida.com.ar\/portalurbano\/#organization"},"potentialAction":[{"@type":"SearchAction","target":{"@type":"EntryPoint","urlTemplate":"https:\/\/experienciadevida.com.ar\/portalurbano\/?s={search_term_string}"},"query-input":"required name=search_term_string"}],"inLanguage":"es"},{"@type":"Organization","@id":"https:\/\/experienciadevida.com.ar\/portalurbano\/#organization","name":"Portal Urbano","url":"https:\/\/experienciadevida.com.ar\/portalurbano\/","logo":{"@type":"ImageObject","inLanguage":"es","@id":"https:\/\/experienciadevida.com.ar\/portalurbano\/#\/schema\/logo\/image\/","url":"https:\/\/experienciadevida.com.ar\/portalurbano\/wp-content\/uploads\/2019\/09\/Logo-Original.png","contentUrl":"https:\/\/experienciadevida.com.ar\/portalurbano\/wp-content\/uploads\/2019\/09\/Logo-Original.png","width":2236,"height":1216,"caption":"Portal Urbano"},"image":{"@id":"https:\/\/experienciadevida.com.ar\/portalurbano\/#\/schema\/logo\/image\/"},"sameAs":["https:\/\/www.facebook.com\/Portal-Urbano-171542830093757\/","https:\/\/twitter.com\/portalurbanook","https:\/\/www.instagram.com\/_portalurbano\/","https:\/\/www.youtube.com\/channel\/UCXhagIfszH8KxFiOok79zbA?view_as=subscriber"]},{"@type":"Person","@id":"https:\/\/experienciadevida.com.ar\/portalurbano\/#\/schema\/person\/02dd326b1c4b056e9cc972486934a3a7","name":"admpu17wp","image":{"@type":"ImageObject","inLanguage":"es","@id":"https:\/\/experienciadevida.com.ar\/portalurbano\/#\/schema\/person\/image\/","url":"https:\/\/secure.gravatar.com\/avatar\/830d4c57adaae6630765e449a6908047?s=96&d=mm&r=g","contentUrl":"https:\/\/secure.gravatar.com\/avatar\/830d4c57adaae6630765e449a6908047?s=96&d=mm&r=g","caption":"admpu17wp"}}]}},"featured_image_urls":{"full":["https:\/\/experienciadevida.com.ar\/portalurbano\/wp-content\/uploads\/2022\/03\/5-de-marzo.jpg",1024,683,false],"thumbnail":["https:\/\/experienciadevida.com.ar\/portalurbano\/wp-content\/uploads\/2022\/03\/5-de-marzo-150x150.jpg",150,150,true],"medium":["https:\/\/experienciadevida.com.ar\/portalurbano\/wp-content\/uploads\/2022\/03\/5-de-marzo-300x200.jpg",300,200,true],"medium_large":["https:\/\/experienciadevida.com.ar\/portalurbano\/wp-content\/uploads\/2022\/03\/5-de-marzo-768x512.jpg",640,427,true],"large":["https:\/\/experienciadevida.com.ar\/portalurbano\/wp-content\/uploads\/2022\/03\/5-de-marzo.jpg",640,427,false],"ug_big":["https:\/\/experienciadevida.com.ar\/portalurbano\/wp-content\/uploads\/2022\/03\/5-de-marzo-768x512.jpg",768,512,true],"1536x1536":["https:\/\/experienciadevida.com.ar\/portalurbano\/wp-content\/uploads\/2022\/03\/5-de-marzo.jpg",1024,683,false],"2048x2048":["https:\/\/experienciadevida.com.ar\/portalurbano\/wp-content\/uploads\/2022\/03\/5-de-marzo.jpg",1024,683,false],"newsever-slider-full":["https:\/\/experienciadevida.com.ar\/portalurbano\/wp-content\/uploads\/2022\/03\/5-de-marzo.jpg",1024,683,false],"newsever-featured":["https:\/\/experienciadevida.com.ar\/portalurbano\/wp-content\/uploads\/2022\/03\/5-de-marzo.jpg",1024,683,false],"newsever-medium":["https:\/\/experienciadevida.com.ar\/portalurbano\/wp-content\/uploads\/2022\/03\/5-de-marzo.jpg",712,475,false],"web-stories-poster-portrait":["https:\/\/experienciadevida.com.ar\/portalurbano\/wp-content\/uploads\/2022\/03\/5-de-marzo.jpg",640,427,false],"web-stories-publisher-logo":["https:\/\/experienciadevida.com.ar\/portalurbano\/wp-content\/uploads\/2022\/03\/5-de-marzo.jpg",96,64,false],"web-stories-thumbnail":["https:\/\/experienciadevida.com.ar\/portalurbano\/wp-content\/uploads\/2022\/03\/5-de-marzo.jpg",150,100,false]},"author_info":{"display_name":"admpu17wp","author_link":"https:\/\/experienciadevida.com.ar\/portalurbano\/author\/admpu17wp\/"},"category_info":"<a href=\"https:\/\/experienciadevida.com.ar\/portalurbano\/category\/ciudad\/\" rel=\"category tag\">Ciudad<\/a>","tag_info":"Ciudad","comment_count":"0","amp_enabled":true,"_links":{"self":[{"href":"https:\/\/experienciadevida.com.ar\/portalurbano\/wp-json\/wp\/v2\/posts\/162973"}],"collection":[{"href":"https:\/\/experienciadevida.com.ar\/portalurbano\/wp-json\/wp\/v2\/posts"}],"about":[{"href":"https:\/\/experienciadevida.com.ar\/portalurbano\/wp-json\/wp\/v2\/types\/post"}],"author":[{"embeddable":true,"href":"https:\/\/experienciadevida.com.ar\/portalurbano\/wp-json\/wp\/v2\/users\/1"}],"replies":[{"embeddable":true,"href":"https:\/\/experienciadevida.com.ar\/portalurbano\/wp-json\/wp\/v2\/comments?post=162973"}],"version-history":[{"count":1,"href":"https:\/\/experienciadevida.com.ar\/portalurbano\/wp-json\/wp\/v2\/posts\/162973\/revisions"}],"predecessor-version":[{"id":162975,"href":"https:\/\/experienciadevida.com.ar\/portalurbano\/wp-json\/wp\/v2\/posts\/162973\/revisions\/162975"}],"wp:featuredmedia":[{"embeddable":true,"href":"https:\/\/experienciadevida.com.ar\/portalurbano\/wp-json\/wp\/v2\/media\/162974"}],"wp:attachment":[{"href":"https:\/\/experienciadevida.com.ar\/portalurbano\/wp-json\/wp\/v2\/media?parent=162973"}],"wp:term":[{"taxonomy":"category","embeddable":true,"href":"https:\/\/experienciadevida.com.ar\/portalurbano\/wp-json\/wp\/v2\/categories?post=162973"},{"taxonomy":"post_tag","embeddable":true,"href":"https:\/\/experienciadevida.com.ar\/portalurbano\/wp-json\/wp\/v2\/tags?post=162973"}],"curies":[{"name":"wp","href":"https:\/\/api.w.org\/{rel}","templated":true}]}}