{"id":162961,"date":"2022-03-05T09:32:48","date_gmt":"2022-03-05T12:32:48","guid":{"rendered":"https:\/\/experienciadevida.com.ar\/portalurbano\/?p=162961"},"modified":"2022-03-05T09:35:42","modified_gmt":"2022-03-05T12:35:42","slug":"peronismo-republicano-sostenemos-y-apoyamos-la-gestion-de-ezequiel-galli","status":"publish","type":"post","link":"https:\/\/experienciadevida.com.ar\/portalurbano\/peronismo-republicano-sostenemos-y-apoyamos-la-gestion-de-ezequiel-galli\/","title":{"rendered":"Peronismo Republicano: &#8220;Sostenemos  y apoyamos la Gesti\u00f3n de Ezequiel Galli&#8221;"},"content":{"rendered":"<p><a href=\"https:\/\/www.facebook.com\/Peronismo-Republicano-Olavarr%C3%ADa-101901045719073\">Peronismo Republicano<\/a>: &#8220;Sostenemos y apoyamos la Gesti\u00f3n de Ezequiel Galli&#8221;, as\u00ed lo dijeron en un comunicado de prensa.<\/p>\n<p>En el d\u00eda de ayer se dio inicio a las sesiones ordinarias del Honorable Concejo Deliberante de nuestra ciudad y nuestros concejales, Nicol\u00e1s Marinangeli y Miriam Mosescu, participaron de la misma.<\/p>\n<p>La sesi\u00f3n comenz\u00f3 con la palabra de la presidenta del Honorable Concejo Deliberante, Cecilia Krivochen quien dio la bienvenida a los presentes y luego se entonaron las estrofas del Himno Nacional.<\/p>\n<p>Prontamente tras el minuto de silencio por el fallecimiento del Maestro Mario Patan\u00e9, el intendente de nuestro partido tom\u00f3 la palabra y realiz\u00f3 su discurso ante todo los presentes de cara al a\u00f1o 2022.<\/p>\n<p>Desde nuestro espacio sostenemos y apoyamos la gesti\u00f3n de Ezequiel Galli y creemos que trabajando de forma mancomunada, se lograr\u00e1 seguir avanzando en la construcci\u00f3n de un partido mejor en todos sus \u00e1mbitos, partiendo<br \/>\ndesde los pilares fundamentales como la Salud, Educaci\u00f3n, Cultura, Turismo y Trabajo.<\/p>\n<p>Tambi\u00e9n vamos dar el m\u00e1ximo en cada comisi\u00f3n, sesi\u00f3n y todo aquel tema que se presente durante este a\u00f1o, para poder lograr una Olavarr\u00eda mejor y que cada vecino sienta que nuestro aporte es mejorarle la calidad de vida en su<br \/>\nd\u00eda a d\u00eda.<\/p>\n<p>El Peronismo Republicano Olavarr\u00eda dentro \u201cJuntos Por el Cambio\u201d tanto a nivel local, provincial y nacional seguir\u00e1 construyendo y aportando para colocar a nuestra Argentina, en un rumbo, donde la producci\u00f3n y el trabajo,<br \/>\nsean los principales valores.<\/p>\n","protected":false},"excerpt":{"rendered":"<p>Peronismo Republicano: &#8220;Sostenemos y apoyamos la Gesti\u00f3n de Ezequiel Galli&#8221;, as\u00ed lo dijeron en un&#8230;<\/p>\n","protected":false},"author":1,"featured_media":162962,"comment_status":"closed","ping_status":"closed","sticky":false,"template":"","format":"standard","meta":{"content-type":""},"categories":[27,64],"tags":[],"nelio_content":{"isAutoShareEnabled":false,"autoShareEndMode":"default","automationSources":{"useContentSentences":true,"useSocialTemplates":true,"useCustomSentences":false,"customSentences":[]},"followers":[1],"suggestedReferences":[],"includedReferences":[],"efiUrl":"","efiAlt":"","highlights":[]},"yoast_head":"<!-- This site is optimized with the Yoast SEO plugin v20.7 - https:\/\/yoast.com\/wordpress\/plugins\/seo\/ -->\n<title>Peronismo Republicano: &quot;Sostenemos y apoyamos la gesti\u00f3n de Galli&quot;<\/title>\n<meta name=\"description\" content=\"Peronismo Republicano: &quot;Sostenemos y apoyamos la Gesti\u00f3n de Ezequiel Galli&quot;, as\u00ed lo dijeron en un comunicado de prensa.\" \/>\n<meta name=\"robots\" content=\"index, follow, max-snippet:-1, max-image-preview:large, max-video-preview:-1\" \/>\n<link rel=\"canonical\" href=\"https:\/\/experienciadevida.com.ar\/portalurbano\/peronismo-republicano-sostenemos-y-apoyamos-la-gestion-de-ezequiel-galli\/\" \/>\n<meta property=\"og:locale\" content=\"es_ES\" \/>\n<meta property=\"og:type\" content=\"article\" \/>\n<meta property=\"og:title\" content=\"Peronismo Republicano: &quot;Sostenemos y apoyamos la gesti\u00f3n de Galli&quot;\" \/>\n<meta property=\"og:description\" content=\"Peronismo Republicano: &quot;Sostenemos y apoyamos la Gesti\u00f3n de Ezequiel Galli&quot;, as\u00ed lo dijeron en un comunicado de prensa.\" \/>\n<meta property=\"og:url\" content=\"https:\/\/experienciadevida.com.ar\/portalurbano\/peronismo-republicano-sostenemos-y-apoyamos-la-gestion-de-ezequiel-galli\/\" \/>\n<meta property=\"article:publisher\" content=\"https:\/\/www.facebook.com\/Portal-Urbano-171542830093757\/\" \/>\n<meta property=\"article:published_time\" content=\"2022-03-05T12:32:48+00:00\" \/>\n<meta property=\"article:modified_time\" content=\"2022-03-05T12:35:42+00:00\" \/>\n<meta property=\"og:image\" content=\"https:\/\/experienciadevida.com.ar\/portalurbano\/wp-content\/uploads\/2022\/03\/Peronismo-Republicano-scaled-e1646483557350.jpg\" \/>\n\t<meta property=\"og:image:width\" content=\"765\" \/>\n\t<meta property=\"og:image:height\" content=\"344\" \/>\n\t<meta property=\"og:image:type\" content=\"image\/jpeg\" \/>\n<meta name=\"author\" content=\"admpu17wp\" \/>\n<meta name=\"twitter:card\" content=\"summary_large_image\" \/>\n<meta name=\"twitter:creator\" content=\"@portalurbanook\" \/>\n<meta name=\"twitter:site\" content=\"@portalurbanook\" \/>\n<meta name=\"twitter:label1\" content=\"Escrito por\" \/>\n\t<meta name=\"twitter:data1\" content=\"admpu17wp\" \/>\n\t<meta name=\"twitter:label2\" content=\"Tiempo de lectura\" \/>\n\t<meta name=\"twitter:data2\" content=\"2 minutos\" \/>\n<script type=\"application\/ld+json\" class=\"yoast-schema-graph\">{\"@context\":\"https:\/\/schema.org\",\"@graph\":[{\"@type\":\"Article\",\"@id\":\"https:\/\/experienciadevida.com.ar\/portalurbano\/peronismo-republicano-sostenemos-y-apoyamos-la-gestion-de-ezequiel-galli\/#article\",\"isPartOf\":{\"@id\":\"https:\/\/experienciadevida.com.ar\/portalurbano\/peronismo-republicano-sostenemos-y-apoyamos-la-gestion-de-ezequiel-galli\/\"},\"author\":{\"name\":\"admpu17wp\",\"@id\":\"https:\/\/experienciadevida.com.ar\/portalurbano\/#\/schema\/person\/02dd326b1c4b056e9cc972486934a3a7\"},\"headline\":\"Peronismo Republicano: &#8220;Sostenemos y apoyamos la Gesti\u00f3n de Ezequiel Galli&#8221;\",\"datePublished\":\"2022-03-05T12:32:48+00:00\",\"dateModified\":\"2022-03-05T12:35:42+00:00\",\"mainEntityOfPage\":{\"@id\":\"https:\/\/experienciadevida.com.ar\/portalurbano\/peronismo-republicano-sostenemos-y-apoyamos-la-gestion-de-ezequiel-galli\/\"},\"wordCount\":270,\"publisher\":{\"@id\":\"https:\/\/experienciadevida.com.ar\/portalurbano\/#organization\"},\"articleSection\":[\"Ciudad\",\"Destacadas 2\"],\"inLanguage\":\"es\"},{\"@type\":\"WebPage\",\"@id\":\"https:\/\/experienciadevida.com.ar\/portalurbano\/peronismo-republicano-sostenemos-y-apoyamos-la-gestion-de-ezequiel-galli\/\",\"url\":\"https:\/\/experienciadevida.com.ar\/portalurbano\/peronismo-republicano-sostenemos-y-apoyamos-la-gestion-de-ezequiel-galli\/\",\"name\":\"Peronismo Republicano: \\\"Sostenemos y apoyamos la gesti\u00f3n de Galli\\\"\",\"isPartOf\":{\"@id\":\"https:\/\/experienciadevida.com.ar\/portalurbano\/#website\"},\"datePublished\":\"2022-03-05T12:32:48+00:00\",\"dateModified\":\"2022-03-05T12:35:42+00:00\",\"description\":\"Peronismo Republicano: \\\"Sostenemos y apoyamos la Gesti\u00f3n de Ezequiel Galli\\\", as\u00ed lo dijeron en un comunicado de prensa.\",\"breadcrumb\":{\"@id\":\"https:\/\/experienciadevida.com.ar\/portalurbano\/peronismo-republicano-sostenemos-y-apoyamos-la-gestion-de-ezequiel-galli\/#breadcrumb\"},\"inLanguage\":\"es\",\"potentialAction\":[{\"@type\":\"ReadAction\",\"target\":[\"https:\/\/experienciadevida.com.ar\/portalurbano\/peronismo-republicano-sostenemos-y-apoyamos-la-gestion-de-ezequiel-galli\/\"]}]},{\"@type\":\"BreadcrumbList\",\"@id\":\"https:\/\/experienciadevida.com.ar\/portalurbano\/peronismo-republicano-sostenemos-y-apoyamos-la-gestion-de-ezequiel-galli\/#breadcrumb\",\"itemListElement\":[{\"@type\":\"ListItem\",\"position\":1,\"name\":\"Portada\",\"item\":\"https:\/\/experienciadevida.com.ar\/portalurbano\/\"},{\"@type\":\"ListItem\",\"position\":2,\"name\":\"Peronismo Republicano: \u00abSostenemos y apoyamos la Gesti\u00f3n de Ezequiel Galli\u00bb\"}]},{\"@type\":\"WebSite\",\"@id\":\"https:\/\/experienciadevida.com.ar\/portalurbano\/#website\",\"url\":\"https:\/\/experienciadevida.com.ar\/portalurbano\/\",\"name\":\"\",\"description\":\"\",\"publisher\":{\"@id\":\"https:\/\/experienciadevida.com.ar\/portalurbano\/#organization\"},\"potentialAction\":[{\"@type\":\"SearchAction\",\"target\":{\"@type\":\"EntryPoint\",\"urlTemplate\":\"https:\/\/experienciadevida.com.ar\/portalurbano\/?s={search_term_string}\"},\"query-input\":\"required name=search_term_string\"}],\"inLanguage\":\"es\"},{\"@type\":\"Organization\",\"@id\":\"https:\/\/experienciadevida.com.ar\/portalurbano\/#organization\",\"name\":\"Portal Urbano\",\"url\":\"https:\/\/experienciadevida.com.ar\/portalurbano\/\",\"logo\":{\"@type\":\"ImageObject\",\"inLanguage\":\"es\",\"@id\":\"https:\/\/experienciadevida.com.ar\/portalurbano\/#\/schema\/logo\/image\/\",\"url\":\"https:\/\/experienciadevida.com.ar\/portalurbano\/wp-content\/uploads\/2019\/09\/Logo-Original.png\",\"contentUrl\":\"https:\/\/experienciadevida.com.ar\/portalurbano\/wp-content\/uploads\/2019\/09\/Logo-Original.png\",\"width\":2236,\"height\":1216,\"caption\":\"Portal Urbano\"},\"image\":{\"@id\":\"https:\/\/experienciadevida.com.ar\/portalurbano\/#\/schema\/logo\/image\/\"},\"sameAs\":[\"https:\/\/www.facebook.com\/Portal-Urbano-171542830093757\/\",\"https:\/\/twitter.com\/portalurbanook\",\"https:\/\/www.instagram.com\/_portalurbano\/\",\"https:\/\/www.youtube.com\/channel\/UCXhagIfszH8KxFiOok79zbA?view_as=subscriber\"]},{\"@type\":\"Person\",\"@id\":\"https:\/\/experienciadevida.com.ar\/portalurbano\/#\/schema\/person\/02dd326b1c4b056e9cc972486934a3a7\",\"name\":\"admpu17wp\",\"image\":{\"@type\":\"ImageObject\",\"inLanguage\":\"es\",\"@id\":\"https:\/\/experienciadevida.com.ar\/portalurbano\/#\/schema\/person\/image\/\",\"url\":\"https:\/\/secure.gravatar.com\/avatar\/830d4c57adaae6630765e449a6908047?s=96&d=mm&r=g\",\"contentUrl\":\"https:\/\/secure.gravatar.com\/avatar\/830d4c57adaae6630765e449a6908047?s=96&d=mm&r=g\",\"caption\":\"admpu17wp\"}}]}<\/script>\n<!-- \/ Yoast SEO plugin. -->","yoast_head_json":{"title":"Peronismo Republicano: \"Sostenemos y apoyamos la gesti\u00f3n de Galli\"","description":"Peronismo Republicano: \"Sostenemos y apoyamos la Gesti\u00f3n de Ezequiel Galli\", as\u00ed lo dijeron en un comunicado de prensa.","robots":{"index":"index","follow":"follow","max-snippet":"max-snippet:-1","max-image-preview":"max-image-preview:large","max-video-preview":"max-video-preview:-1"},"canonical":"https:\/\/experienciadevida.com.ar\/portalurbano\/peronismo-republicano-sostenemos-y-apoyamos-la-gestion-de-ezequiel-galli\/","og_locale":"es_ES","og_type":"article","og_title":"Peronismo Republicano: \"Sostenemos y apoyamos la gesti\u00f3n de Galli\"","og_description":"Peronismo Republicano: \"Sostenemos y apoyamos la Gesti\u00f3n de Ezequiel Galli\", as\u00ed lo dijeron en un comunicado de prensa.","og_url":"https:\/\/experienciadevida.com.ar\/portalurbano\/peronismo-republicano-sostenemos-y-apoyamos-la-gestion-de-ezequiel-galli\/","article_publisher":"https:\/\/www.facebook.com\/Portal-Urbano-171542830093757\/","article_published_time":"2022-03-05T12:32:48+00:00","article_modified_time":"2022-03-05T12:35:42+00:00","og_image":[{"width":765,"height":344,"url":"https:\/\/experienciadevida.com.ar\/portalurbano\/wp-content\/uploads\/2022\/03\/Peronismo-Republicano-scaled-e1646483557350.jpg","type":"image\/jpeg"}],"author":"admpu17wp","twitter_card":"summary_large_image","twitter_creator":"@portalurbanook","twitter_site":"@portalurbanook","twitter_misc":{"Escrito por":"admpu17wp","Tiempo de lectura":"2 minutos"},"schema":{"@context":"https:\/\/schema.org","@graph":[{"@type":"Article","@id":"https:\/\/experienciadevida.com.ar\/portalurbano\/peronismo-republicano-sostenemos-y-apoyamos-la-gestion-de-ezequiel-galli\/#article","isPartOf":{"@id":"https:\/\/experienciadevida.com.ar\/portalurbano\/peronismo-republicano-sostenemos-y-apoyamos-la-gestion-de-ezequiel-galli\/"},"author":{"name":"admpu17wp","@id":"https:\/\/experienciadevida.com.ar\/portalurbano\/#\/schema\/person\/02dd326b1c4b056e9cc972486934a3a7"},"headline":"Peronismo Republicano: &#8220;Sostenemos y apoyamos la Gesti\u00f3n de Ezequiel Galli&#8221;","datePublished":"2022-03-05T12:32:48+00:00","dateModified":"2022-03-05T12:35:42+00:00","mainEntityOfPage":{"@id":"https:\/\/experienciadevida.com.ar\/portalurbano\/peronismo-republicano-sostenemos-y-apoyamos-la-gestion-de-ezequiel-galli\/"},"wordCount":270,"publisher":{"@id":"https:\/\/experienciadevida.com.ar\/portalurbano\/#organization"},"articleSection":["Ciudad","Destacadas 2"],"inLanguage":"es"},{"@type":"WebPage","@id":"https:\/\/experienciadevida.com.ar\/portalurbano\/peronismo-republicano-sostenemos-y-apoyamos-la-gestion-de-ezequiel-galli\/","url":"https:\/\/experienciadevida.com.ar\/portalurbano\/peronismo-republicano-sostenemos-y-apoyamos-la-gestion-de-ezequiel-galli\/","name":"Peronismo Republicano: \"Sostenemos y apoyamos la gesti\u00f3n de Galli\"","isPartOf":{"@id":"https:\/\/experienciadevida.com.ar\/portalurbano\/#website"},"datePublished":"2022-03-05T12:32:48+00:00","dateModified":"2022-03-05T12:35:42+00:00","description":"Peronismo Republicano: \"Sostenemos y apoyamos la Gesti\u00f3n de Ezequiel Galli\", as\u00ed lo dijeron en un comunicado de prensa.","breadcrumb":{"@id":"https:\/\/experienciadevida.com.ar\/portalurbano\/peronismo-republicano-sostenemos-y-apoyamos-la-gestion-de-ezequiel-galli\/#breadcrumb"},"inLanguage":"es","potentialAction":[{"@type":"ReadAction","target":["https:\/\/experienciadevida.com.ar\/portalurbano\/peronismo-republicano-sostenemos-y-apoyamos-la-gestion-de-ezequiel-galli\/"]}]},{"@type":"BreadcrumbList","@id":"https:\/\/experienciadevida.com.ar\/portalurbano\/peronismo-republicano-sostenemos-y-apoyamos-la-gestion-de-ezequiel-galli\/#breadcrumb","itemListElement":[{"@type":"ListItem","position":1,"name":"Portada","item":"https:\/\/experienciadevida.com.ar\/portalurbano\/"},{"@type":"ListItem","position":2,"name":"Peronismo Republicano: \u00abSostenemos y apoyamos la Gesti\u00f3n de Ezequiel Galli\u00bb"}]},{"@type":"WebSite","@id":"https:\/\/experienciadevida.com.ar\/portalurbano\/#website","url":"https:\/\/experienciadevida.com.ar\/portalurbano\/","name":"","description":"","publisher":{"@id":"https:\/\/experienciadevida.com.ar\/portalurbano\/#organization"},"potentialAction":[{"@type":"SearchAction","target":{"@type":"EntryPoint","urlTemplate":"https:\/\/experienciadevida.com.ar\/portalurbano\/?s={search_term_string}"},"query-input":"required name=search_term_string"}],"inLanguage":"es"},{"@type":"Organization","@id":"https:\/\/experienciadevida.com.ar\/portalurbano\/#organization","name":"Portal Urbano","url":"https:\/\/experienciadevida.com.ar\/portalurbano\/","logo":{"@type":"ImageObject","inLanguage":"es","@id":"https:\/\/experienciadevida.com.ar\/portalurbano\/#\/schema\/logo\/image\/","url":"https:\/\/experienciadevida.com.ar\/portalurbano\/wp-content\/uploads\/2019\/09\/Logo-Original.png","contentUrl":"https:\/\/experienciadevida.com.ar\/portalurbano\/wp-content\/uploads\/2019\/09\/Logo-Original.png","width":2236,"height":1216,"caption":"Portal Urbano"},"image":{"@id":"https:\/\/experienciadevida.com.ar\/portalurbano\/#\/schema\/logo\/image\/"},"sameAs":["https:\/\/www.facebook.com\/Portal-Urbano-171542830093757\/","https:\/\/twitter.com\/portalurbanook","https:\/\/www.instagram.com\/_portalurbano\/","https:\/\/www.youtube.com\/channel\/UCXhagIfszH8KxFiOok79zbA?view_as=subscriber"]},{"@type":"Person","@id":"https:\/\/experienciadevida.com.ar\/portalurbano\/#\/schema\/person\/02dd326b1c4b056e9cc972486934a3a7","name":"admpu17wp","image":{"@type":"ImageObject","inLanguage":"es","@id":"https:\/\/experienciadevida.com.ar\/portalurbano\/#\/schema\/person\/image\/","url":"https:\/\/secure.gravatar.com\/avatar\/830d4c57adaae6630765e449a6908047?s=96&d=mm&r=g","contentUrl":"https:\/\/secure.gravatar.com\/avatar\/830d4c57adaae6630765e449a6908047?s=96&d=mm&r=g","caption":"admpu17wp"}}]}},"featured_image_urls":{"full":["https:\/\/experienciadevida.com.ar\/portalurbano\/wp-content\/uploads\/2022\/03\/Peronismo-Republicano-scaled-e1646483557350.jpg",765,344,false],"thumbnail":["https:\/\/experienciadevida.com.ar\/portalurbano\/wp-content\/uploads\/2022\/03\/Peronismo-Republicano-150x150.jpg",150,150,true],"medium":["https:\/\/experienciadevida.com.ar\/portalurbano\/wp-content\/uploads\/2022\/03\/Peronismo-Republicano-300x135.jpg",300,135,true],"medium_large":["https:\/\/experienciadevida.com.ar\/portalurbano\/wp-content\/uploads\/2022\/03\/Peronismo-Republicano-768x346.jpg",640,288,true],"large":["https:\/\/experienciadevida.com.ar\/portalurbano\/wp-content\/uploads\/2022\/03\/Peronismo-Republicano-1024x461.jpg",640,288,true],"ug_big":["https:\/\/experienciadevida.com.ar\/portalurbano\/wp-content\/uploads\/2022\/03\/Peronismo-Republicano-768x346.jpg",768,346,true],"1536x1536":["https:\/\/experienciadevida.com.ar\/portalurbano\/wp-content\/uploads\/2022\/03\/Peronismo-Republicano-1536x691.jpg",1536,691,true],"2048x2048":["https:\/\/experienciadevida.com.ar\/portalurbano\/wp-content\/uploads\/2022\/03\/Peronismo-Republicano-2048x922.jpg",2048,922,true],"newsever-slider-full":["https:\/\/experienciadevida.com.ar\/portalurbano\/wp-content\/uploads\/2022\/03\/Peronismo-Republicano-scaled-e1646483557350.jpg",765,344,false],"newsever-featured":["https:\/\/experienciadevida.com.ar\/portalurbano\/wp-content\/uploads\/2022\/03\/Peronismo-Republicano-scaled-e1646483557350.jpg",765,344,false],"newsever-medium":["https:\/\/experienciadevida.com.ar\/portalurbano\/wp-content\/uploads\/2022\/03\/Peronismo-Republicano-scaled-e1646483557350.jpg",720,324,false],"web-stories-poster-portrait":["https:\/\/experienciadevida.com.ar\/portalurbano\/wp-content\/uploads\/2022\/03\/Peronismo-Republicano-scaled-e1646483557350.jpg",640,288,false],"web-stories-publisher-logo":["https:\/\/experienciadevida.com.ar\/portalurbano\/wp-content\/uploads\/2022\/03\/Peronismo-Republicano-scaled-e1646483557350.jpg",96,43,false],"web-stories-thumbnail":["https:\/\/experienciadevida.com.ar\/portalurbano\/wp-content\/uploads\/2022\/03\/Peronismo-Republicano-scaled-e1646483557350.jpg",150,67,false]},"author_info":{"display_name":"admpu17wp","author_link":"https:\/\/experienciadevida.com.ar\/portalurbano\/author\/admpu17wp\/"},"category_info":"<a href=\"https:\/\/experienciadevida.com.ar\/portalurbano\/category\/ciudad\/\" rel=\"category tag\">Ciudad<\/a> <a href=\"https:\/\/experienciadevida.com.ar\/portalurbano\/category\/destacadas-2\/\" rel=\"category tag\">Destacadas 2<\/a>","tag_info":"Destacadas 2","comment_count":"0","amp_enabled":true,"_links":{"self":[{"href":"https:\/\/experienciadevida.com.ar\/portalurbano\/wp-json\/wp\/v2\/posts\/162961"}],"collection":[{"href":"https:\/\/experienciadevida.com.ar\/portalurbano\/wp-json\/wp\/v2\/posts"}],"about":[{"href":"https:\/\/experienciadevida.com.ar\/portalurbano\/wp-json\/wp\/v2\/types\/post"}],"author":[{"embeddable":true,"href":"https:\/\/experienciadevida.com.ar\/portalurbano\/wp-json\/wp\/v2\/users\/1"}],"replies":[{"embeddable":true,"href":"https:\/\/experienciadevida.com.ar\/portalurbano\/wp-json\/wp\/v2\/comments?post=162961"}],"version-history":[{"count":3,"href":"https:\/\/experienciadevida.com.ar\/portalurbano\/wp-json\/wp\/v2\/posts\/162961\/revisions"}],"predecessor-version":[{"id":162965,"href":"https:\/\/experienciadevida.com.ar\/portalurbano\/wp-json\/wp\/v2\/posts\/162961\/revisions\/162965"}],"wp:featuredmedia":[{"embeddable":true,"href":"https:\/\/experienciadevida.com.ar\/portalurbano\/wp-json\/wp\/v2\/media\/162962"}],"wp:attachment":[{"href":"https:\/\/experienciadevida.com.ar\/portalurbano\/wp-json\/wp\/v2\/media?parent=162961"}],"wp:term":[{"taxonomy":"category","embeddable":true,"href":"https:\/\/experienciadevida.com.ar\/portalurbano\/wp-json\/wp\/v2\/categories?post=162961"},{"taxonomy":"post_tag","embeddable":true,"href":"https:\/\/experienciadevida.com.ar\/portalurbano\/wp-json\/wp\/v2\/tags?post=162961"}],"curies":[{"name":"wp","href":"https:\/\/api.w.org\/{rel}","templated":true}]}}