{"id":162955,"date":"2022-03-05T09:25:26","date_gmt":"2022-03-05T12:25:26","guid":{"rendered":"https:\/\/experienciadevida.com.ar\/portalurbano\/?p=162955"},"modified":"2022-03-05T09:29:08","modified_gmt":"2022-03-05T12:29:08","slug":"el-discurso-de-galli-fue-vacio-sin-autocritica-sin-proyecto-de-ciudad-ni-anuncios","status":"publish","type":"post","link":"https:\/\/experienciadevida.com.ar\/portalurbano\/el-discurso-de-galli-fue-vacio-sin-autocritica-sin-proyecto-de-ciudad-ni-anuncios\/","title":{"rendered":"\u201dEl discurso de Galli fue vac\u00edo, sin autocr\u00edtica, sin proyecto de ciudad, ni anuncios\u201d"},"content":{"rendered":"<p>\u201dEl discurso de <a href=\"https:\/\/www.facebook.com\/galliezequiel\">Galli<\/a> fue vac\u00edo, sin autocr\u00edtica, sin proyecto de ciudad, ni anuncios\u201d, as\u00ed lo indicaron desde el <a href=\"https:\/\/www.facebook.com\/FrenteDeTodosOlavarria\">Frente de Todos<\/a> luego de la apertura de sesiones ordinarias donde el intendente dio su habitual discurso.<\/p>\n<p><a href=\"https:\/\/experienciadevida.com.ar\/portalurbano\/el-discurso-de-galli-fue-vacio-sin-autocritica-sin-proyecto-de-ciudad-ni-anuncios\/el-discurso\/\" rel=\"attachment wp-att-162958\"><img decoding=\"async\" class=\"alignnone size-full wp-image-162958\" src=\"https:\/\/experienciadevida.com.ar\/portalurbano\/wp-content\/uploads\/2022\/03\/El-discurso.jpg\" alt=\"El discurso \" width=\"666\" height=\"444\" srcset=\"https:\/\/experienciadevida.com.ar\/portalurbano\/wp-content\/uploads\/2022\/03\/El-discurso.jpg 666w, https:\/\/experienciadevida.com.ar\/portalurbano\/wp-content\/uploads\/2022\/03\/El-discurso-300x200.jpg 300w\" sizes=\"(max-width: 666px) 100vw, 666px\" \/><\/a><\/p>\n<p>\u201cGalli dice que no importa de d\u00f3nde vienen las obras, si con fondos nacionales, provinciales o municipales, ni el color pol\u00edtico de donde vienen, pero no mencion\u00f3 ni valor\u00f3 ninguna obra nacional o provincial, ni la cantidad de millones de pesos que representan, solo detalla las obras con fondos municipales con una clara distinci\u00f3n e intencionalidad pol\u00edtica. Para el intendente las obras de Naci\u00f3n y Provincia son una obligaci\u00f3n, las municipales un logro de la gesti\u00f3n\u201d, comenzaron.<\/p>\n<p>A continuaci\u00f3n indicaron: \u201cAsimismo en cuanto a inversi\u00f3n, por cuarto a\u00f1o consecutivo la obra m\u00e1s importante que mencion\u00f3 es la ampliaci\u00f3n del Hospital Municipal. Fue un discurso sin ninguna autocr\u00edtica a la gesti\u00f3n, ni a la falta de respuesta a graves problem\u00e1ticas. No hace referencia alguna a la causa de los terrenos, pero es importante destacar que al mismo tiempo la transparencia y la lucha contra la corrupci\u00f3n por primera vez no fueron uno de los principales ejes de su discurso\u201d.<\/p>\n<p>En la misma l\u00ednea expresaron: \u201cTenemos un Municipio rico como bien reiter\u00f3 el intendente, en un Municipio rico hacer menci\u00f3n a 20 viviendas TuVi como \u00fanica pol\u00edtica habitacional en 6 a\u00f1os, deja a las claras la falta de gesti\u00f3n y de inter\u00e9s.<br \/>\nTampoco hubo grandes anuncios para las localidades, el nivel de inversi\u00f3n municipal sigue siendo de los m\u00e1s bajos de los \u00faltimos a\u00f1os, de ah\u00ed se explica el falso super\u00e1vit\u201d.<\/p>\n<p>Para terminar enfatizaron: \u201cDurante gran parte del discurso hizo hincapi\u00e9 en el trabajo, en lo que representa ser la ciudad del trabajo y como \u00e9ste se genera con la obra p\u00fablica. Desde que comenz\u00f3 a administrar \u00e9l, Olavarr\u00eda perdi\u00f3 8 puntos porcentuales en su presupuesto de inversi\u00f3n. El discurso de Galli fue vac\u00edo, sin autocr\u00edtica, sin proyecto de ciudad, ni anuncios para Olavarr\u00eda. Como novedad solo adelant\u00f3 que construir\u00e1n un monumento. Fin del relato\u201d.<\/p>\n","protected":false},"excerpt":{"rendered":"<p>\u201dEl discurso de Galli fue vac\u00edo, sin autocr\u00edtica, sin proyecto de ciudad, ni anuncios\u201d, as\u00ed&#8230;<\/p>\n","protected":false},"author":1,"featured_media":162957,"comment_status":"closed","ping_status":"closed","sticky":false,"template":"","format":"standard","meta":{"content-type":""},"categories":[27,51],"tags":[],"nelio_content":{"isAutoShareEnabled":false,"autoShareEndMode":"default","automationSources":{"useContentSentences":true,"useSocialTemplates":true,"useCustomSentences":false,"customSentences":[]},"followers":[1],"suggestedReferences":[],"includedReferences":[],"efiUrl":"","efiAlt":"","highlights":[]},"yoast_head":"<!-- This site is optimized with the Yoast SEO plugin v20.7 - https:\/\/yoast.com\/wordpress\/plugins\/seo\/ -->\n<title>&quot;El discurso de Galli fue vac\u00edo, sin autocr\u00edtica, sin proyecto de ciudad&quot;<\/title>\n<meta name=\"description\" content=\"\u201dEl discurso de Galli fue vac\u00edo, sin autocr\u00edtica, sin proyecto de ciudad, ni anuncios\u201d, as\u00ed lo indicaron desde el Frente de Todos\" \/>\n<meta name=\"robots\" content=\"index, follow, max-snippet:-1, max-image-preview:large, max-video-preview:-1\" \/>\n<link rel=\"canonical\" href=\"https:\/\/experienciadevida.com.ar\/portalurbano\/el-discurso-de-galli-fue-vacio-sin-autocritica-sin-proyecto-de-ciudad-ni-anuncios\/\" \/>\n<meta property=\"og:locale\" content=\"es_ES\" \/>\n<meta property=\"og:type\" content=\"article\" \/>\n<meta property=\"og:title\" content=\"&quot;El discurso de Galli fue vac\u00edo, sin autocr\u00edtica, sin proyecto de ciudad&quot;\" \/>\n<meta property=\"og:description\" content=\"\u201dEl discurso de Galli fue vac\u00edo, sin autocr\u00edtica, sin proyecto de ciudad, ni anuncios\u201d, as\u00ed lo indicaron desde el Frente de Todos\" \/>\n<meta property=\"og:url\" content=\"https:\/\/experienciadevida.com.ar\/portalurbano\/el-discurso-de-galli-fue-vacio-sin-autocritica-sin-proyecto-de-ciudad-ni-anuncios\/\" \/>\n<meta property=\"article:publisher\" content=\"https:\/\/www.facebook.com\/Portal-Urbano-171542830093757\/\" \/>\n<meta property=\"article:published_time\" content=\"2022-03-05T12:25:26+00:00\" \/>\n<meta property=\"article:modified_time\" content=\"2022-03-05T12:29:08+00:00\" \/>\n<meta property=\"og:image\" content=\"https:\/\/experienciadevida.com.ar\/portalurbano\/wp-content\/uploads\/2022\/03\/El-discurso-de-Galli.jpg\" \/>\n\t<meta property=\"og:image:width\" content=\"960\" \/>\n\t<meta property=\"og:image:height\" content=\"596\" \/>\n\t<meta property=\"og:image:type\" content=\"image\/jpeg\" \/>\n<meta name=\"author\" content=\"admpu17wp\" \/>\n<meta name=\"twitter:card\" content=\"summary_large_image\" \/>\n<meta name=\"twitter:creator\" content=\"@portalurbanook\" \/>\n<meta name=\"twitter:site\" content=\"@portalurbanook\" \/>\n<meta name=\"twitter:label1\" content=\"Escrito por\" \/>\n\t<meta name=\"twitter:data1\" content=\"admpu17wp\" \/>\n\t<meta name=\"twitter:label2\" content=\"Tiempo de lectura\" \/>\n\t<meta name=\"twitter:data2\" content=\"2 minutos\" \/>\n<script type=\"application\/ld+json\" class=\"yoast-schema-graph\">{\"@context\":\"https:\/\/schema.org\",\"@graph\":[{\"@type\":\"Article\",\"@id\":\"https:\/\/experienciadevida.com.ar\/portalurbano\/el-discurso-de-galli-fue-vacio-sin-autocritica-sin-proyecto-de-ciudad-ni-anuncios\/#article\",\"isPartOf\":{\"@id\":\"https:\/\/experienciadevida.com.ar\/portalurbano\/el-discurso-de-galli-fue-vacio-sin-autocritica-sin-proyecto-de-ciudad-ni-anuncios\/\"},\"author\":{\"name\":\"admpu17wp\",\"@id\":\"https:\/\/experienciadevida.com.ar\/portalurbano\/#\/schema\/person\/02dd326b1c4b056e9cc972486934a3a7\"},\"headline\":\"\u201dEl discurso de Galli fue vac\u00edo, sin autocr\u00edtica, sin proyecto de ciudad, ni anuncios\u201d\",\"datePublished\":\"2022-03-05T12:25:26+00:00\",\"dateModified\":\"2022-03-05T12:29:08+00:00\",\"mainEntityOfPage\":{\"@id\":\"https:\/\/experienciadevida.com.ar\/portalurbano\/el-discurso-de-galli-fue-vacio-sin-autocritica-sin-proyecto-de-ciudad-ni-anuncios\/\"},\"wordCount\":387,\"publisher\":{\"@id\":\"https:\/\/experienciadevida.com.ar\/portalurbano\/#organization\"},\"articleSection\":[\"Ciudad\",\"Destacadas\"],\"inLanguage\":\"es\"},{\"@type\":\"WebPage\",\"@id\":\"https:\/\/experienciadevida.com.ar\/portalurbano\/el-discurso-de-galli-fue-vacio-sin-autocritica-sin-proyecto-de-ciudad-ni-anuncios\/\",\"url\":\"https:\/\/experienciadevida.com.ar\/portalurbano\/el-discurso-de-galli-fue-vacio-sin-autocritica-sin-proyecto-de-ciudad-ni-anuncios\/\",\"name\":\"\\\"El discurso de Galli fue vac\u00edo, sin autocr\u00edtica, sin proyecto de ciudad\\\"\",\"isPartOf\":{\"@id\":\"https:\/\/experienciadevida.com.ar\/portalurbano\/#website\"},\"datePublished\":\"2022-03-05T12:25:26+00:00\",\"dateModified\":\"2022-03-05T12:29:08+00:00\",\"description\":\"\u201dEl discurso de Galli fue vac\u00edo, sin autocr\u00edtica, sin proyecto de ciudad, ni anuncios\u201d, as\u00ed lo indicaron desde el Frente de Todos\",\"breadcrumb\":{\"@id\":\"https:\/\/experienciadevida.com.ar\/portalurbano\/el-discurso-de-galli-fue-vacio-sin-autocritica-sin-proyecto-de-ciudad-ni-anuncios\/#breadcrumb\"},\"inLanguage\":\"es\",\"potentialAction\":[{\"@type\":\"ReadAction\",\"target\":[\"https:\/\/experienciadevida.com.ar\/portalurbano\/el-discurso-de-galli-fue-vacio-sin-autocritica-sin-proyecto-de-ciudad-ni-anuncios\/\"]}]},{\"@type\":\"BreadcrumbList\",\"@id\":\"https:\/\/experienciadevida.com.ar\/portalurbano\/el-discurso-de-galli-fue-vacio-sin-autocritica-sin-proyecto-de-ciudad-ni-anuncios\/#breadcrumb\",\"itemListElement\":[{\"@type\":\"ListItem\",\"position\":1,\"name\":\"Portada\",\"item\":\"https:\/\/experienciadevida.com.ar\/portalurbano\/\"},{\"@type\":\"ListItem\",\"position\":2,\"name\":\"\u201dEl discurso de Galli fue vac\u00edo, sin autocr\u00edtica, sin proyecto de ciudad, ni anuncios\u201d\"}]},{\"@type\":\"WebSite\",\"@id\":\"https:\/\/experienciadevida.com.ar\/portalurbano\/#website\",\"url\":\"https:\/\/experienciadevida.com.ar\/portalurbano\/\",\"name\":\"\",\"description\":\"\",\"publisher\":{\"@id\":\"https:\/\/experienciadevida.com.ar\/portalurbano\/#organization\"},\"potentialAction\":[{\"@type\":\"SearchAction\",\"target\":{\"@type\":\"EntryPoint\",\"urlTemplate\":\"https:\/\/experienciadevida.com.ar\/portalurbano\/?s={search_term_string}\"},\"query-input\":\"required name=search_term_string\"}],\"inLanguage\":\"es\"},{\"@type\":\"Organization\",\"@id\":\"https:\/\/experienciadevida.com.ar\/portalurbano\/#organization\",\"name\":\"Portal Urbano\",\"url\":\"https:\/\/experienciadevida.com.ar\/portalurbano\/\",\"logo\":{\"@type\":\"ImageObject\",\"inLanguage\":\"es\",\"@id\":\"https:\/\/experienciadevida.com.ar\/portalurbano\/#\/schema\/logo\/image\/\",\"url\":\"https:\/\/experienciadevida.com.ar\/portalurbano\/wp-content\/uploads\/2019\/09\/Logo-Original.png\",\"contentUrl\":\"https:\/\/experienciadevida.com.ar\/portalurbano\/wp-content\/uploads\/2019\/09\/Logo-Original.png\",\"width\":2236,\"height\":1216,\"caption\":\"Portal Urbano\"},\"image\":{\"@id\":\"https:\/\/experienciadevida.com.ar\/portalurbano\/#\/schema\/logo\/image\/\"},\"sameAs\":[\"https:\/\/www.facebook.com\/Portal-Urbano-171542830093757\/\",\"https:\/\/twitter.com\/portalurbanook\",\"https:\/\/www.instagram.com\/_portalurbano\/\",\"https:\/\/www.youtube.com\/channel\/UCXhagIfszH8KxFiOok79zbA?view_as=subscriber\"]},{\"@type\":\"Person\",\"@id\":\"https:\/\/experienciadevida.com.ar\/portalurbano\/#\/schema\/person\/02dd326b1c4b056e9cc972486934a3a7\",\"name\":\"admpu17wp\",\"image\":{\"@type\":\"ImageObject\",\"inLanguage\":\"es\",\"@id\":\"https:\/\/experienciadevida.com.ar\/portalurbano\/#\/schema\/person\/image\/\",\"url\":\"https:\/\/secure.gravatar.com\/avatar\/830d4c57adaae6630765e449a6908047?s=96&d=mm&r=g\",\"contentUrl\":\"https:\/\/secure.gravatar.com\/avatar\/830d4c57adaae6630765e449a6908047?s=96&d=mm&r=g\",\"caption\":\"admpu17wp\"}}]}<\/script>\n<!-- \/ Yoast SEO plugin. -->","yoast_head_json":{"title":"\"El discurso de Galli fue vac\u00edo, sin autocr\u00edtica, sin proyecto de ciudad\"","description":"\u201dEl discurso de Galli fue vac\u00edo, sin autocr\u00edtica, sin proyecto de ciudad, ni anuncios\u201d, as\u00ed lo indicaron desde el Frente de Todos","robots":{"index":"index","follow":"follow","max-snippet":"max-snippet:-1","max-image-preview":"max-image-preview:large","max-video-preview":"max-video-preview:-1"},"canonical":"https:\/\/experienciadevida.com.ar\/portalurbano\/el-discurso-de-galli-fue-vacio-sin-autocritica-sin-proyecto-de-ciudad-ni-anuncios\/","og_locale":"es_ES","og_type":"article","og_title":"\"El discurso de Galli fue vac\u00edo, sin autocr\u00edtica, sin proyecto de ciudad\"","og_description":"\u201dEl discurso de Galli fue vac\u00edo, sin autocr\u00edtica, sin proyecto de ciudad, ni anuncios\u201d, as\u00ed lo indicaron desde el Frente de Todos","og_url":"https:\/\/experienciadevida.com.ar\/portalurbano\/el-discurso-de-galli-fue-vacio-sin-autocritica-sin-proyecto-de-ciudad-ni-anuncios\/","article_publisher":"https:\/\/www.facebook.com\/Portal-Urbano-171542830093757\/","article_published_time":"2022-03-05T12:25:26+00:00","article_modified_time":"2022-03-05T12:29:08+00:00","og_image":[{"width":960,"height":596,"url":"https:\/\/experienciadevida.com.ar\/portalurbano\/wp-content\/uploads\/2022\/03\/El-discurso-de-Galli.jpg","type":"image\/jpeg"}],"author":"admpu17wp","twitter_card":"summary_large_image","twitter_creator":"@portalurbanook","twitter_site":"@portalurbanook","twitter_misc":{"Escrito por":"admpu17wp","Tiempo de lectura":"2 minutos"},"schema":{"@context":"https:\/\/schema.org","@graph":[{"@type":"Article","@id":"https:\/\/experienciadevida.com.ar\/portalurbano\/el-discurso-de-galli-fue-vacio-sin-autocritica-sin-proyecto-de-ciudad-ni-anuncios\/#article","isPartOf":{"@id":"https:\/\/experienciadevida.com.ar\/portalurbano\/el-discurso-de-galli-fue-vacio-sin-autocritica-sin-proyecto-de-ciudad-ni-anuncios\/"},"author":{"name":"admpu17wp","@id":"https:\/\/experienciadevida.com.ar\/portalurbano\/#\/schema\/person\/02dd326b1c4b056e9cc972486934a3a7"},"headline":"\u201dEl discurso de Galli fue vac\u00edo, sin autocr\u00edtica, sin proyecto de ciudad, ni anuncios\u201d","datePublished":"2022-03-05T12:25:26+00:00","dateModified":"2022-03-05T12:29:08+00:00","mainEntityOfPage":{"@id":"https:\/\/experienciadevida.com.ar\/portalurbano\/el-discurso-de-galli-fue-vacio-sin-autocritica-sin-proyecto-de-ciudad-ni-anuncios\/"},"wordCount":387,"publisher":{"@id":"https:\/\/experienciadevida.com.ar\/portalurbano\/#organization"},"articleSection":["Ciudad","Destacadas"],"inLanguage":"es"},{"@type":"WebPage","@id":"https:\/\/experienciadevida.com.ar\/portalurbano\/el-discurso-de-galli-fue-vacio-sin-autocritica-sin-proyecto-de-ciudad-ni-anuncios\/","url":"https:\/\/experienciadevida.com.ar\/portalurbano\/el-discurso-de-galli-fue-vacio-sin-autocritica-sin-proyecto-de-ciudad-ni-anuncios\/","name":"\"El discurso de Galli fue vac\u00edo, sin autocr\u00edtica, sin proyecto de ciudad\"","isPartOf":{"@id":"https:\/\/experienciadevida.com.ar\/portalurbano\/#website"},"datePublished":"2022-03-05T12:25:26+00:00","dateModified":"2022-03-05T12:29:08+00:00","description":"\u201dEl discurso de Galli fue vac\u00edo, sin autocr\u00edtica, sin proyecto de ciudad, ni anuncios\u201d, as\u00ed lo indicaron desde el Frente de Todos","breadcrumb":{"@id":"https:\/\/experienciadevida.com.ar\/portalurbano\/el-discurso-de-galli-fue-vacio-sin-autocritica-sin-proyecto-de-ciudad-ni-anuncios\/#breadcrumb"},"inLanguage":"es","potentialAction":[{"@type":"ReadAction","target":["https:\/\/experienciadevida.com.ar\/portalurbano\/el-discurso-de-galli-fue-vacio-sin-autocritica-sin-proyecto-de-ciudad-ni-anuncios\/"]}]},{"@type":"BreadcrumbList","@id":"https:\/\/experienciadevida.com.ar\/portalurbano\/el-discurso-de-galli-fue-vacio-sin-autocritica-sin-proyecto-de-ciudad-ni-anuncios\/#breadcrumb","itemListElement":[{"@type":"ListItem","position":1,"name":"Portada","item":"https:\/\/experienciadevida.com.ar\/portalurbano\/"},{"@type":"ListItem","position":2,"name":"\u201dEl discurso de Galli fue vac\u00edo, sin autocr\u00edtica, sin proyecto de ciudad, ni anuncios\u201d"}]},{"@type":"WebSite","@id":"https:\/\/experienciadevida.com.ar\/portalurbano\/#website","url":"https:\/\/experienciadevida.com.ar\/portalurbano\/","name":"","description":"","publisher":{"@id":"https:\/\/experienciadevida.com.ar\/portalurbano\/#organization"},"potentialAction":[{"@type":"SearchAction","target":{"@type":"EntryPoint","urlTemplate":"https:\/\/experienciadevida.com.ar\/portalurbano\/?s={search_term_string}"},"query-input":"required name=search_term_string"}],"inLanguage":"es"},{"@type":"Organization","@id":"https:\/\/experienciadevida.com.ar\/portalurbano\/#organization","name":"Portal Urbano","url":"https:\/\/experienciadevida.com.ar\/portalurbano\/","logo":{"@type":"ImageObject","inLanguage":"es","@id":"https:\/\/experienciadevida.com.ar\/portalurbano\/#\/schema\/logo\/image\/","url":"https:\/\/experienciadevida.com.ar\/portalurbano\/wp-content\/uploads\/2019\/09\/Logo-Original.png","contentUrl":"https:\/\/experienciadevida.com.ar\/portalurbano\/wp-content\/uploads\/2019\/09\/Logo-Original.png","width":2236,"height":1216,"caption":"Portal Urbano"},"image":{"@id":"https:\/\/experienciadevida.com.ar\/portalurbano\/#\/schema\/logo\/image\/"},"sameAs":["https:\/\/www.facebook.com\/Portal-Urbano-171542830093757\/","https:\/\/twitter.com\/portalurbanook","https:\/\/www.instagram.com\/_portalurbano\/","https:\/\/www.youtube.com\/channel\/UCXhagIfszH8KxFiOok79zbA?view_as=subscriber"]},{"@type":"Person","@id":"https:\/\/experienciadevida.com.ar\/portalurbano\/#\/schema\/person\/02dd326b1c4b056e9cc972486934a3a7","name":"admpu17wp","image":{"@type":"ImageObject","inLanguage":"es","@id":"https:\/\/experienciadevida.com.ar\/portalurbano\/#\/schema\/person\/image\/","url":"https:\/\/secure.gravatar.com\/avatar\/830d4c57adaae6630765e449a6908047?s=96&d=mm&r=g","contentUrl":"https:\/\/secure.gravatar.com\/avatar\/830d4c57adaae6630765e449a6908047?s=96&d=mm&r=g","caption":"admpu17wp"}}]}},"featured_image_urls":{"full":["https:\/\/experienciadevida.com.ar\/portalurbano\/wp-content\/uploads\/2022\/03\/El-discurso-de-Galli.jpg",960,596,false],"thumbnail":["https:\/\/experienciadevida.com.ar\/portalurbano\/wp-content\/uploads\/2022\/03\/El-discurso-de-Galli-150x150.jpg",150,150,true],"medium":["https:\/\/experienciadevida.com.ar\/portalurbano\/wp-content\/uploads\/2022\/03\/El-discurso-de-Galli-300x186.jpg",300,186,true],"medium_large":["https:\/\/experienciadevida.com.ar\/portalurbano\/wp-content\/uploads\/2022\/03\/El-discurso-de-Galli-768x477.jpg",640,398,true],"large":["https:\/\/experienciadevida.com.ar\/portalurbano\/wp-content\/uploads\/2022\/03\/El-discurso-de-Galli.jpg",640,397,false],"ug_big":["https:\/\/experienciadevida.com.ar\/portalurbano\/wp-content\/uploads\/2022\/03\/El-discurso-de-Galli-768x477.jpg",768,477,true],"1536x1536":["https:\/\/experienciadevida.com.ar\/portalurbano\/wp-content\/uploads\/2022\/03\/El-discurso-de-Galli.jpg",960,596,false],"2048x2048":["https:\/\/experienciadevida.com.ar\/portalurbano\/wp-content\/uploads\/2022\/03\/El-discurso-de-Galli.jpg",960,596,false],"newsever-slider-full":["https:\/\/experienciadevida.com.ar\/portalurbano\/wp-content\/uploads\/2022\/03\/El-discurso-de-Galli.jpg",960,596,false],"newsever-featured":["https:\/\/experienciadevida.com.ar\/portalurbano\/wp-content\/uploads\/2022\/03\/El-discurso-de-Galli.jpg",960,596,false],"newsever-medium":["https:\/\/experienciadevida.com.ar\/portalurbano\/wp-content\/uploads\/2022\/03\/El-discurso-de-Galli.jpg",720,447,false],"web-stories-poster-portrait":["https:\/\/experienciadevida.com.ar\/portalurbano\/wp-content\/uploads\/2022\/03\/El-discurso-de-Galli.jpg",640,397,false],"web-stories-publisher-logo":["https:\/\/experienciadevida.com.ar\/portalurbano\/wp-content\/uploads\/2022\/03\/El-discurso-de-Galli.jpg",96,60,false],"web-stories-thumbnail":["https:\/\/experienciadevida.com.ar\/portalurbano\/wp-content\/uploads\/2022\/03\/El-discurso-de-Galli.jpg",150,93,false]},"author_info":{"display_name":"admpu17wp","author_link":"https:\/\/experienciadevida.com.ar\/portalurbano\/author\/admpu17wp\/"},"category_info":"<a href=\"https:\/\/experienciadevida.com.ar\/portalurbano\/category\/ciudad\/\" rel=\"category tag\">Ciudad<\/a> <a href=\"https:\/\/experienciadevida.com.ar\/portalurbano\/category\/destacadas\/\" rel=\"category tag\">Destacadas<\/a>","tag_info":"Destacadas","comment_count":"0","amp_enabled":true,"_links":{"self":[{"href":"https:\/\/experienciadevida.com.ar\/portalurbano\/wp-json\/wp\/v2\/posts\/162955"}],"collection":[{"href":"https:\/\/experienciadevida.com.ar\/portalurbano\/wp-json\/wp\/v2\/posts"}],"about":[{"href":"https:\/\/experienciadevida.com.ar\/portalurbano\/wp-json\/wp\/v2\/types\/post"}],"author":[{"embeddable":true,"href":"https:\/\/experienciadevida.com.ar\/portalurbano\/wp-json\/wp\/v2\/users\/1"}],"replies":[{"embeddable":true,"href":"https:\/\/experienciadevida.com.ar\/portalurbano\/wp-json\/wp\/v2\/comments?post=162955"}],"version-history":[{"count":3,"href":"https:\/\/experienciadevida.com.ar\/portalurbano\/wp-json\/wp\/v2\/posts\/162955\/revisions"}],"predecessor-version":[{"id":162960,"href":"https:\/\/experienciadevida.com.ar\/portalurbano\/wp-json\/wp\/v2\/posts\/162955\/revisions\/162960"}],"wp:featuredmedia":[{"embeddable":true,"href":"https:\/\/experienciadevida.com.ar\/portalurbano\/wp-json\/wp\/v2\/media\/162957"}],"wp:attachment":[{"href":"https:\/\/experienciadevida.com.ar\/portalurbano\/wp-json\/wp\/v2\/media?parent=162955"}],"wp:term":[{"taxonomy":"category","embeddable":true,"href":"https:\/\/experienciadevida.com.ar\/portalurbano\/wp-json\/wp\/v2\/categories?post=162955"},{"taxonomy":"post_tag","embeddable":true,"href":"https:\/\/experienciadevida.com.ar\/portalurbano\/wp-json\/wp\/v2\/tags?post=162955"}],"curies":[{"name":"wp","href":"https:\/\/api.w.org\/{rel}","templated":true}]}}