{"id":162952,"date":"2022-03-04T20:56:46","date_gmt":"2022-03-04T23:56:46","guid":{"rendered":"https:\/\/experienciadevida.com.ar\/portalurbano\/?p=162952"},"modified":"2022-03-04T20:57:14","modified_gmt":"2022-03-04T23:57:14","slug":"una-gran-cantidad-de-referentes-barriales-participaron-de-una-reunion-preparatoria-de-el-estado-cerca-tuyo","status":"publish","type":"post","link":"https:\/\/experienciadevida.com.ar\/portalurbano\/una-gran-cantidad-de-referentes-barriales-participaron-de-una-reunion-preparatoria-de-el-estado-cerca-tuyo\/","title":{"rendered":"Una gran cantidad de referentes barriales participaron de una reuni\u00f3n preparatoria de \u201cEl Estado Cerca Tuyo\u201d"},"content":{"rendered":"<p>Una gran cantidad de referentes barriales participaron de una reuni\u00f3n preparatoria de \u201cEl Estado Cerca Tuyo\u201d.<\/p>\n<p>Organizadores del operativo interministerial que se llevar\u00e1 a cabo este s\u00e1bado en el barrio Bancario 1 mantuvieron un encuentro con referentes y autoridades de distintas instituciones para realizar un trabajo articulado.<\/p>\n<p>El encuentro previo a &#8220;El Estado Cerca Tuyo&#8221; cont\u00f3 con la presencia de referentes y autoridades barriales con el objetivo de promover y enriquecer la jornada, al mismo tiempo que se busca acercar los organismos nacionales y provinciales a cada rinc\u00f3n de la ciudad.<\/p>\n<p>Por su parte Maximiliano Wesner, director de ANSES y uno de los organizadores de la jornada explic\u00f3: \u201cEsta reuni\u00f3n previa se ir\u00e1 realizando antes de cada operativo con el objetivo de construir un diagn\u00f3stico de las demandas territoriales y as\u00ed poder avanzar en la construcci\u00f3n de pol\u00edticas p\u00fablicas que tiendan a dar respuestas, para nosotros es fundamental el intercambio y poder brindar soluciones de manera articulada\u201d.<\/p>\n<p>La reuni\u00f3n cont\u00f3 con la presencia de Pablo Wagner Director EES 1, Laura Lozano Directora EP 57, Marta Casanella Directora EP 24, Isabel R\u00edos presidenta Sociedad de Fomento Barrio 10 de junio, Viv\u00edan Meringer Trabajadora Social EP 56, Jorge Videla presidente Sociedad de Fomento Barrio Martin Fierro, Carlos Brunet Vicedirector EES1, Andrea Parra vecina del barrio Nicol\u00e1s Avellaneda, Fernando Bianco de la Iglesia Nuevo Tiempo, Nicol\u00e1s Bruno y Jos\u00e9 Ben\u00edtez de la Olla Popular Nicol\u00e1s Avellaneda.<\/p>\n<p>Cabe destacar que la Jornada se llevar\u00e1 a cabo ma\u00f1ana s\u00e1bado 5 de marzo de 10:00 a 13:00 horas en la Plaza \u201cJulio Argentino Pagano\u201d, ubicada en Urquiza y Calle 20, barrio Bancario 1, organismos provinciales y nacionales estar\u00e1n presentes para acercar y facilitar el acceso a controles de salud, como as\u00ed tambi\u00e9n asesorar sobre los distintos tr\u00e1mites y programas que se encuentran habilitados paras vecinos y vecinas.<\/p>\n<p>La actividad estar\u00e1 a cargo de ANSES, IOMA, INADI, PAMI, Desarrollo social, Regi\u00f3n Sanitaria IX, Min. de las Mujeres, Min. de Trabajo, Plan Fines, INTA, Registro Provincial y Nacional de las Personas, Hospital Provincial de Oncolog\u00eda, Subsecretaria de DD HH, Sedronar-Red puentes, Jefatura Distrital de Educaci\u00f3n, Comisi\u00f3n Nacional de Regulaci\u00f3n de Transporte y Defensor\u00eda del Pueblo.<\/p>\n","protected":false},"excerpt":{"rendered":"<p>Una gran cantidad de referentes barriales participaron de una reuni\u00f3n preparatoria de \u201cEl Estado Cerca&#8230;<\/p>\n","protected":false},"author":1,"featured_media":162953,"comment_status":"closed","ping_status":"closed","sticky":false,"template":"","format":"standard","meta":{"content-type":""},"categories":[27,64],"tags":[],"nelio_content":{"isAutoShareEnabled":false,"autoShareEndMode":"default","automationSources":{"useContentSentences":true,"useSocialTemplates":true,"useCustomSentences":false,"customSentences":[]},"followers":[1],"suggestedReferences":[],"includedReferences":[],"efiUrl":"","efiAlt":"","highlights":[]},"yoast_head":"<!-- This site is optimized with the Yoast SEO plugin v20.7 - https:\/\/yoast.com\/wordpress\/plugins\/seo\/ -->\n<title>Una gran cantidad de referentes barriales participaron de una reuni\u00f3n preparatoria de \u201cEl Estado Cerca Tuyo\u201d -<\/title>\n<meta name=\"robots\" content=\"index, follow, max-snippet:-1, max-image-preview:large, max-video-preview:-1\" \/>\n<link rel=\"canonical\" href=\"https:\/\/experienciadevida.com.ar\/portalurbano\/una-gran-cantidad-de-referentes-barriales-participaron-de-una-reunion-preparatoria-de-el-estado-cerca-tuyo\/\" \/>\n<meta property=\"og:locale\" content=\"es_ES\" \/>\n<meta property=\"og:type\" content=\"article\" \/>\n<meta property=\"og:title\" content=\"Una gran cantidad de referentes barriales participaron de una reuni\u00f3n preparatoria de \u201cEl Estado Cerca Tuyo\u201d -\" \/>\n<meta property=\"og:description\" content=\"Una gran cantidad de referentes barriales participaron de una reuni\u00f3n preparatoria de \u201cEl Estado Cerca...\" \/>\n<meta property=\"og:url\" content=\"https:\/\/experienciadevida.com.ar\/portalurbano\/una-gran-cantidad-de-referentes-barriales-participaron-de-una-reunion-preparatoria-de-el-estado-cerca-tuyo\/\" \/>\n<meta property=\"article:publisher\" content=\"https:\/\/www.facebook.com\/Portal-Urbano-171542830093757\/\" \/>\n<meta property=\"article:published_time\" content=\"2022-03-04T23:56:46+00:00\" \/>\n<meta property=\"article:modified_time\" content=\"2022-03-04T23:57:14+00:00\" \/>\n<meta property=\"og:image\" content=\"https:\/\/experienciadevida.com.ar\/portalurbano\/wp-content\/uploads\/2022\/03\/Una-gran-cantidad-de.jpg\" \/>\n\t<meta property=\"og:image:width\" content=\"1600\" \/>\n\t<meta property=\"og:image:height\" content=\"1200\" \/>\n\t<meta property=\"og:image:type\" content=\"image\/jpeg\" \/>\n<meta name=\"author\" content=\"admpu17wp\" \/>\n<meta name=\"twitter:card\" content=\"summary_large_image\" \/>\n<meta name=\"twitter:creator\" content=\"@portalurbanook\" \/>\n<meta name=\"twitter:site\" content=\"@portalurbanook\" \/>\n<meta name=\"twitter:label1\" content=\"Escrito por\" \/>\n\t<meta name=\"twitter:data1\" content=\"admpu17wp\" \/>\n\t<meta name=\"twitter:label2\" content=\"Tiempo de lectura\" \/>\n\t<meta name=\"twitter:data2\" content=\"2 minutos\" \/>\n<script type=\"application\/ld+json\" class=\"yoast-schema-graph\">{\"@context\":\"https:\/\/schema.org\",\"@graph\":[{\"@type\":\"Article\",\"@id\":\"https:\/\/experienciadevida.com.ar\/portalurbano\/una-gran-cantidad-de-referentes-barriales-participaron-de-una-reunion-preparatoria-de-el-estado-cerca-tuyo\/#article\",\"isPartOf\":{\"@id\":\"https:\/\/experienciadevida.com.ar\/portalurbano\/una-gran-cantidad-de-referentes-barriales-participaron-de-una-reunion-preparatoria-de-el-estado-cerca-tuyo\/\"},\"author\":{\"name\":\"admpu17wp\",\"@id\":\"https:\/\/experienciadevida.com.ar\/portalurbano\/#\/schema\/person\/02dd326b1c4b056e9cc972486934a3a7\"},\"headline\":\"Una gran cantidad de referentes barriales participaron de una reuni\u00f3n preparatoria de \u201cEl Estado Cerca Tuyo\u201d\",\"datePublished\":\"2022-03-04T23:56:46+00:00\",\"dateModified\":\"2022-03-04T23:57:14+00:00\",\"mainEntityOfPage\":{\"@id\":\"https:\/\/experienciadevida.com.ar\/portalurbano\/una-gran-cantidad-de-referentes-barriales-participaron-de-una-reunion-preparatoria-de-el-estado-cerca-tuyo\/\"},\"wordCount\":389,\"publisher\":{\"@id\":\"https:\/\/experienciadevida.com.ar\/portalurbano\/#organization\"},\"articleSection\":[\"Ciudad\",\"Destacadas 2\"],\"inLanguage\":\"es\"},{\"@type\":\"WebPage\",\"@id\":\"https:\/\/experienciadevida.com.ar\/portalurbano\/una-gran-cantidad-de-referentes-barriales-participaron-de-una-reunion-preparatoria-de-el-estado-cerca-tuyo\/\",\"url\":\"https:\/\/experienciadevida.com.ar\/portalurbano\/una-gran-cantidad-de-referentes-barriales-participaron-de-una-reunion-preparatoria-de-el-estado-cerca-tuyo\/\",\"name\":\"Una gran cantidad de referentes barriales participaron de una reuni\u00f3n preparatoria de \u201cEl Estado Cerca Tuyo\u201d -\",\"isPartOf\":{\"@id\":\"https:\/\/experienciadevida.com.ar\/portalurbano\/#website\"},\"datePublished\":\"2022-03-04T23:56:46+00:00\",\"dateModified\":\"2022-03-04T23:57:14+00:00\",\"breadcrumb\":{\"@id\":\"https:\/\/experienciadevida.com.ar\/portalurbano\/una-gran-cantidad-de-referentes-barriales-participaron-de-una-reunion-preparatoria-de-el-estado-cerca-tuyo\/#breadcrumb\"},\"inLanguage\":\"es\",\"potentialAction\":[{\"@type\":\"ReadAction\",\"target\":[\"https:\/\/experienciadevida.com.ar\/portalurbano\/una-gran-cantidad-de-referentes-barriales-participaron-de-una-reunion-preparatoria-de-el-estado-cerca-tuyo\/\"]}]},{\"@type\":\"BreadcrumbList\",\"@id\":\"https:\/\/experienciadevida.com.ar\/portalurbano\/una-gran-cantidad-de-referentes-barriales-participaron-de-una-reunion-preparatoria-de-el-estado-cerca-tuyo\/#breadcrumb\",\"itemListElement\":[{\"@type\":\"ListItem\",\"position\":1,\"name\":\"Portada\",\"item\":\"https:\/\/experienciadevida.com.ar\/portalurbano\/\"},{\"@type\":\"ListItem\",\"position\":2,\"name\":\"Una gran cantidad de referentes barriales participaron de una reuni\u00f3n preparatoria de \u201cEl Estado Cerca Tuyo\u201d\"}]},{\"@type\":\"WebSite\",\"@id\":\"https:\/\/experienciadevida.com.ar\/portalurbano\/#website\",\"url\":\"https:\/\/experienciadevida.com.ar\/portalurbano\/\",\"name\":\"\",\"description\":\"\",\"publisher\":{\"@id\":\"https:\/\/experienciadevida.com.ar\/portalurbano\/#organization\"},\"potentialAction\":[{\"@type\":\"SearchAction\",\"target\":{\"@type\":\"EntryPoint\",\"urlTemplate\":\"https:\/\/experienciadevida.com.ar\/portalurbano\/?s={search_term_string}\"},\"query-input\":\"required name=search_term_string\"}],\"inLanguage\":\"es\"},{\"@type\":\"Organization\",\"@id\":\"https:\/\/experienciadevida.com.ar\/portalurbano\/#organization\",\"name\":\"Portal Urbano\",\"url\":\"https:\/\/experienciadevida.com.ar\/portalurbano\/\",\"logo\":{\"@type\":\"ImageObject\",\"inLanguage\":\"es\",\"@id\":\"https:\/\/experienciadevida.com.ar\/portalurbano\/#\/schema\/logo\/image\/\",\"url\":\"https:\/\/experienciadevida.com.ar\/portalurbano\/wp-content\/uploads\/2019\/09\/Logo-Original.png\",\"contentUrl\":\"https:\/\/experienciadevida.com.ar\/portalurbano\/wp-content\/uploads\/2019\/09\/Logo-Original.png\",\"width\":2236,\"height\":1216,\"caption\":\"Portal Urbano\"},\"image\":{\"@id\":\"https:\/\/experienciadevida.com.ar\/portalurbano\/#\/schema\/logo\/image\/\"},\"sameAs\":[\"https:\/\/www.facebook.com\/Portal-Urbano-171542830093757\/\",\"https:\/\/twitter.com\/portalurbanook\",\"https:\/\/www.instagram.com\/_portalurbano\/\",\"https:\/\/www.youtube.com\/channel\/UCXhagIfszH8KxFiOok79zbA?view_as=subscriber\"]},{\"@type\":\"Person\",\"@id\":\"https:\/\/experienciadevida.com.ar\/portalurbano\/#\/schema\/person\/02dd326b1c4b056e9cc972486934a3a7\",\"name\":\"admpu17wp\",\"image\":{\"@type\":\"ImageObject\",\"inLanguage\":\"es\",\"@id\":\"https:\/\/experienciadevida.com.ar\/portalurbano\/#\/schema\/person\/image\/\",\"url\":\"https:\/\/secure.gravatar.com\/avatar\/830d4c57adaae6630765e449a6908047?s=96&d=mm&r=g\",\"contentUrl\":\"https:\/\/secure.gravatar.com\/avatar\/830d4c57adaae6630765e449a6908047?s=96&d=mm&r=g\",\"caption\":\"admpu17wp\"}}]}<\/script>\n<!-- \/ Yoast SEO plugin. -->","yoast_head_json":{"title":"Una gran cantidad de referentes barriales participaron de una reuni\u00f3n preparatoria de \u201cEl Estado Cerca Tuyo\u201d -","robots":{"index":"index","follow":"follow","max-snippet":"max-snippet:-1","max-image-preview":"max-image-preview:large","max-video-preview":"max-video-preview:-1"},"canonical":"https:\/\/experienciadevida.com.ar\/portalurbano\/una-gran-cantidad-de-referentes-barriales-participaron-de-una-reunion-preparatoria-de-el-estado-cerca-tuyo\/","og_locale":"es_ES","og_type":"article","og_title":"Una gran cantidad de referentes barriales participaron de una reuni\u00f3n preparatoria de \u201cEl Estado Cerca Tuyo\u201d -","og_description":"Una gran cantidad de referentes barriales participaron de una reuni\u00f3n preparatoria de \u201cEl Estado Cerca...","og_url":"https:\/\/experienciadevida.com.ar\/portalurbano\/una-gran-cantidad-de-referentes-barriales-participaron-de-una-reunion-preparatoria-de-el-estado-cerca-tuyo\/","article_publisher":"https:\/\/www.facebook.com\/Portal-Urbano-171542830093757\/","article_published_time":"2022-03-04T23:56:46+00:00","article_modified_time":"2022-03-04T23:57:14+00:00","og_image":[{"width":1600,"height":1200,"url":"https:\/\/experienciadevida.com.ar\/portalurbano\/wp-content\/uploads\/2022\/03\/Una-gran-cantidad-de.jpg","type":"image\/jpeg"}],"author":"admpu17wp","twitter_card":"summary_large_image","twitter_creator":"@portalurbanook","twitter_site":"@portalurbanook","twitter_misc":{"Escrito por":"admpu17wp","Tiempo de lectura":"2 minutos"},"schema":{"@context":"https:\/\/schema.org","@graph":[{"@type":"Article","@id":"https:\/\/experienciadevida.com.ar\/portalurbano\/una-gran-cantidad-de-referentes-barriales-participaron-de-una-reunion-preparatoria-de-el-estado-cerca-tuyo\/#article","isPartOf":{"@id":"https:\/\/experienciadevida.com.ar\/portalurbano\/una-gran-cantidad-de-referentes-barriales-participaron-de-una-reunion-preparatoria-de-el-estado-cerca-tuyo\/"},"author":{"name":"admpu17wp","@id":"https:\/\/experienciadevida.com.ar\/portalurbano\/#\/schema\/person\/02dd326b1c4b056e9cc972486934a3a7"},"headline":"Una gran cantidad de referentes barriales participaron de una reuni\u00f3n preparatoria de \u201cEl Estado Cerca Tuyo\u201d","datePublished":"2022-03-04T23:56:46+00:00","dateModified":"2022-03-04T23:57:14+00:00","mainEntityOfPage":{"@id":"https:\/\/experienciadevida.com.ar\/portalurbano\/una-gran-cantidad-de-referentes-barriales-participaron-de-una-reunion-preparatoria-de-el-estado-cerca-tuyo\/"},"wordCount":389,"publisher":{"@id":"https:\/\/experienciadevida.com.ar\/portalurbano\/#organization"},"articleSection":["Ciudad","Destacadas 2"],"inLanguage":"es"},{"@type":"WebPage","@id":"https:\/\/experienciadevida.com.ar\/portalurbano\/una-gran-cantidad-de-referentes-barriales-participaron-de-una-reunion-preparatoria-de-el-estado-cerca-tuyo\/","url":"https:\/\/experienciadevida.com.ar\/portalurbano\/una-gran-cantidad-de-referentes-barriales-participaron-de-una-reunion-preparatoria-de-el-estado-cerca-tuyo\/","name":"Una gran cantidad de referentes barriales participaron de una reuni\u00f3n preparatoria de \u201cEl Estado Cerca Tuyo\u201d -","isPartOf":{"@id":"https:\/\/experienciadevida.com.ar\/portalurbano\/#website"},"datePublished":"2022-03-04T23:56:46+00:00","dateModified":"2022-03-04T23:57:14+00:00","breadcrumb":{"@id":"https:\/\/experienciadevida.com.ar\/portalurbano\/una-gran-cantidad-de-referentes-barriales-participaron-de-una-reunion-preparatoria-de-el-estado-cerca-tuyo\/#breadcrumb"},"inLanguage":"es","potentialAction":[{"@type":"ReadAction","target":["https:\/\/experienciadevida.com.ar\/portalurbano\/una-gran-cantidad-de-referentes-barriales-participaron-de-una-reunion-preparatoria-de-el-estado-cerca-tuyo\/"]}]},{"@type":"BreadcrumbList","@id":"https:\/\/experienciadevida.com.ar\/portalurbano\/una-gran-cantidad-de-referentes-barriales-participaron-de-una-reunion-preparatoria-de-el-estado-cerca-tuyo\/#breadcrumb","itemListElement":[{"@type":"ListItem","position":1,"name":"Portada","item":"https:\/\/experienciadevida.com.ar\/portalurbano\/"},{"@type":"ListItem","position":2,"name":"Una gran cantidad de referentes barriales participaron de una reuni\u00f3n preparatoria de \u201cEl Estado Cerca Tuyo\u201d"}]},{"@type":"WebSite","@id":"https:\/\/experienciadevida.com.ar\/portalurbano\/#website","url":"https:\/\/experienciadevida.com.ar\/portalurbano\/","name":"","description":"","publisher":{"@id":"https:\/\/experienciadevida.com.ar\/portalurbano\/#organization"},"potentialAction":[{"@type":"SearchAction","target":{"@type":"EntryPoint","urlTemplate":"https:\/\/experienciadevida.com.ar\/portalurbano\/?s={search_term_string}"},"query-input":"required name=search_term_string"}],"inLanguage":"es"},{"@type":"Organization","@id":"https:\/\/experienciadevida.com.ar\/portalurbano\/#organization","name":"Portal Urbano","url":"https:\/\/experienciadevida.com.ar\/portalurbano\/","logo":{"@type":"ImageObject","inLanguage":"es","@id":"https:\/\/experienciadevida.com.ar\/portalurbano\/#\/schema\/logo\/image\/","url":"https:\/\/experienciadevida.com.ar\/portalurbano\/wp-content\/uploads\/2019\/09\/Logo-Original.png","contentUrl":"https:\/\/experienciadevida.com.ar\/portalurbano\/wp-content\/uploads\/2019\/09\/Logo-Original.png","width":2236,"height":1216,"caption":"Portal Urbano"},"image":{"@id":"https:\/\/experienciadevida.com.ar\/portalurbano\/#\/schema\/logo\/image\/"},"sameAs":["https:\/\/www.facebook.com\/Portal-Urbano-171542830093757\/","https:\/\/twitter.com\/portalurbanook","https:\/\/www.instagram.com\/_portalurbano\/","https:\/\/www.youtube.com\/channel\/UCXhagIfszH8KxFiOok79zbA?view_as=subscriber"]},{"@type":"Person","@id":"https:\/\/experienciadevida.com.ar\/portalurbano\/#\/schema\/person\/02dd326b1c4b056e9cc972486934a3a7","name":"admpu17wp","image":{"@type":"ImageObject","inLanguage":"es","@id":"https:\/\/experienciadevida.com.ar\/portalurbano\/#\/schema\/person\/image\/","url":"https:\/\/secure.gravatar.com\/avatar\/830d4c57adaae6630765e449a6908047?s=96&d=mm&r=g","contentUrl":"https:\/\/secure.gravatar.com\/avatar\/830d4c57adaae6630765e449a6908047?s=96&d=mm&r=g","caption":"admpu17wp"}}]}},"featured_image_urls":{"full":["https:\/\/experienciadevida.com.ar\/portalurbano\/wp-content\/uploads\/2022\/03\/Una-gran-cantidad-de.jpg",1600,1200,false],"thumbnail":["https:\/\/experienciadevida.com.ar\/portalurbano\/wp-content\/uploads\/2022\/03\/Una-gran-cantidad-de-150x150.jpg",150,150,true],"medium":["https:\/\/experienciadevida.com.ar\/portalurbano\/wp-content\/uploads\/2022\/03\/Una-gran-cantidad-de-300x225.jpg",300,225,true],"medium_large":["https:\/\/experienciadevida.com.ar\/portalurbano\/wp-content\/uploads\/2022\/03\/Una-gran-cantidad-de-768x576.jpg",640,480,true],"large":["https:\/\/experienciadevida.com.ar\/portalurbano\/wp-content\/uploads\/2022\/03\/Una-gran-cantidad-de-1024x768.jpg",640,480,true],"ug_big":["https:\/\/experienciadevida.com.ar\/portalurbano\/wp-content\/uploads\/2022\/03\/Una-gran-cantidad-de-768x576.jpg",768,576,true],"1536x1536":["https:\/\/experienciadevida.com.ar\/portalurbano\/wp-content\/uploads\/2022\/03\/Una-gran-cantidad-de-1536x1152.jpg",1536,1152,true],"2048x2048":["https:\/\/experienciadevida.com.ar\/portalurbano\/wp-content\/uploads\/2022\/03\/Una-gran-cantidad-de.jpg",1600,1200,false],"newsever-slider-full":["https:\/\/experienciadevida.com.ar\/portalurbano\/wp-content\/uploads\/2022\/03\/Una-gran-cantidad-de.jpg",1127,845,false],"newsever-featured":["https:\/\/experienciadevida.com.ar\/portalurbano\/wp-content\/uploads\/2022\/03\/Una-gran-cantidad-de.jpg",1024,768,false],"newsever-medium":["https:\/\/experienciadevida.com.ar\/portalurbano\/wp-content\/uploads\/2022\/03\/Una-gran-cantidad-de.jpg",633,475,false],"web-stories-poster-portrait":["https:\/\/experienciadevida.com.ar\/portalurbano\/wp-content\/uploads\/2022\/03\/Una-gran-cantidad-de.jpg",640,480,false],"web-stories-publisher-logo":["https:\/\/experienciadevida.com.ar\/portalurbano\/wp-content\/uploads\/2022\/03\/Una-gran-cantidad-de.jpg",96,72,false],"web-stories-thumbnail":["https:\/\/experienciadevida.com.ar\/portalurbano\/wp-content\/uploads\/2022\/03\/Una-gran-cantidad-de.jpg",150,113,false]},"author_info":{"display_name":"admpu17wp","author_link":"https:\/\/experienciadevida.com.ar\/portalurbano\/author\/admpu17wp\/"},"category_info":"<a href=\"https:\/\/experienciadevida.com.ar\/portalurbano\/category\/ciudad\/\" rel=\"category tag\">Ciudad<\/a> <a href=\"https:\/\/experienciadevida.com.ar\/portalurbano\/category\/destacadas-2\/\" rel=\"category tag\">Destacadas 2<\/a>","tag_info":"Destacadas 2","comment_count":"0","amp_enabled":true,"_links":{"self":[{"href":"https:\/\/experienciadevida.com.ar\/portalurbano\/wp-json\/wp\/v2\/posts\/162952"}],"collection":[{"href":"https:\/\/experienciadevida.com.ar\/portalurbano\/wp-json\/wp\/v2\/posts"}],"about":[{"href":"https:\/\/experienciadevida.com.ar\/portalurbano\/wp-json\/wp\/v2\/types\/post"}],"author":[{"embeddable":true,"href":"https:\/\/experienciadevida.com.ar\/portalurbano\/wp-json\/wp\/v2\/users\/1"}],"replies":[{"embeddable":true,"href":"https:\/\/experienciadevida.com.ar\/portalurbano\/wp-json\/wp\/v2\/comments?post=162952"}],"version-history":[{"count":1,"href":"https:\/\/experienciadevida.com.ar\/portalurbano\/wp-json\/wp\/v2\/posts\/162952\/revisions"}],"predecessor-version":[{"id":162954,"href":"https:\/\/experienciadevida.com.ar\/portalurbano\/wp-json\/wp\/v2\/posts\/162952\/revisions\/162954"}],"wp:featuredmedia":[{"embeddable":true,"href":"https:\/\/experienciadevida.com.ar\/portalurbano\/wp-json\/wp\/v2\/media\/162953"}],"wp:attachment":[{"href":"https:\/\/experienciadevida.com.ar\/portalurbano\/wp-json\/wp\/v2\/media?parent=162952"}],"wp:term":[{"taxonomy":"category","embeddable":true,"href":"https:\/\/experienciadevida.com.ar\/portalurbano\/wp-json\/wp\/v2\/categories?post=162952"},{"taxonomy":"post_tag","embeddable":true,"href":"https:\/\/experienciadevida.com.ar\/portalurbano\/wp-json\/wp\/v2\/tags?post=162952"}],"curies":[{"name":"wp","href":"https:\/\/api.w.org\/{rel}","templated":true}]}}