{"id":162946,"date":"2022-03-04T20:50:28","date_gmt":"2022-03-04T23:50:28","guid":{"rendered":"https:\/\/experienciadevida.com.ar\/portalurbano\/?p=162946"},"modified":"2022-03-04T20:53:23","modified_gmt":"2022-03-04T23:53:23","slug":"el-intendente-ezequiel-galli-inicio-las-sesiones-ordinarias-2022-del-hcd","status":"publish","type":"post","link":"https:\/\/experienciadevida.com.ar\/portalurbano\/el-intendente-ezequiel-galli-inicio-las-sesiones-ordinarias-2022-del-hcd\/","title":{"rendered":"El intendente Ezequiel Galli inici\u00f3 las Sesiones Ordinarias 2022 del HCD"},"content":{"rendered":"<p>El intendente Ezequiel <a href=\"https:\/\/www.facebook.com\/galliezequiel\">Galli<\/a> inici\u00f3 las Sesiones Ordinarias 2022 del HCD, en la tarde de este viernes, el intendente Ezequiel Galli brind\u00f3 su discurso anual e inici\u00f3 el periodo de sesiones ordinarias 2022 del Honorable Concejo Deliberante.<\/p>\n<p><a href=\"https:\/\/experienciadevida.com.ar\/portalurbano\/el-intendente-ezequiel-galli-inicio-las-sesiones-ordinarias-2022-del-hcd\/el-intendente-23\/\" rel=\"attachment wp-att-162950\"><img decoding=\"async\" class=\"alignnone size-large wp-image-162950\" src=\"https:\/\/experienciadevida.com.ar\/portalurbano\/wp-content\/uploads\/2022\/03\/El-Intendente-1024x684.jpg\" alt=\"El Intendente \" width=\"900\" height=\"601\" srcset=\"https:\/\/experienciadevida.com.ar\/portalurbano\/wp-content\/uploads\/2022\/03\/El-Intendente-1024x684.jpg 1024w, https:\/\/experienciadevida.com.ar\/portalurbano\/wp-content\/uploads\/2022\/03\/El-Intendente-300x201.jpg 300w, https:\/\/experienciadevida.com.ar\/portalurbano\/wp-content\/uploads\/2022\/03\/El-Intendente-768x513.jpg 768w, https:\/\/experienciadevida.com.ar\/portalurbano\/wp-content\/uploads\/2022\/03\/El-Intendente-1536x1027.jpg 1536w, https:\/\/experienciadevida.com.ar\/portalurbano\/wp-content\/uploads\/2022\/03\/El-Intendente-2048x1369.jpg 2048w\" sizes=\"(max-width: 900px) 100vw, 900px\" \/><\/a><\/p>\n<p>La presidente del cuerpo Cecilia Krivochen, dio la bienvenida a los presentes e invit\u00f3 al Jefe Comunal a izar la Bandera.<\/p>\n<p>Tras ello, se realiz\u00f3 un minuto de silencio a la memoria del Mtro. Mario Patan\u00e9 y se entonaron las estrofas del Himno Nacional Argentino.<\/p>\n<p>Se ley\u00f3 una salutaci\u00f3n por parte del diputado Facundo Manes y la secretaria del HCD Margarita Arregui dio lectura a las actuaciones realizadas por el cuerpo deliberativo en el periodo 2021\/2022.<\/p>\n<p>Tras ello tom\u00f3 la palabra el intendente Ezequiel Galli. Su discurso dijo lo siguiente:<\/p>\n<p>\u201cSra. Presidente del Honorable Concejo Deliberante Cecilia Krivochen, Concejales presentes, autoridades y miembros de las instituciones de nuestra comunidad, medios de comunicaci\u00f3n, funcionarios \u2026.<\/p>\n<p>Queridos vecinos de Olavarr\u00eda\u2026. Buenas tardes<\/p>\n<p>Estamos iniciando el per\u00edodo ordinario de sesiones de este 2022 que esperamos sea diferente al 2021.<\/p>\n<p>Estamos transitando la salida de la pandemia del Covid-19 y nos invita a pensar que tendremos un a\u00f1o con la mirada puesta en proyectos y objetivos que se vieron afectados por la pandemia\u2026<\/p>\n<p>\u2026 Pero antes de comenzar con la habitual descripci\u00f3n de los hechos y decisiones que el ejecutivo traz\u00f3 durante el a\u00f1o pasado, deseo destacar un hito que est\u00e1 presente, pero debe cobrar mayor notoriedad\u2026<\/p>\n<p>\u2026. hoy frente a nosotros tenemos a una Presidente del Concejo Deliberante, a una secretaria y a mujeres que forman parte del mismo.<\/p>\n<p>Este es un hecho positivo y saludable, porque son mujeres que por su trabajo y esfuerzo ocupan posiciones vitales.<\/p>\n<p>Y es un orgullo para m\u00ed como padre, esposo e hijo de mujeres tener a mi lado, mujeres que han sabido trabajar y crecer\u2026.<\/p>\n<p>Y este hito se complementa con la capacidad de di\u00e1logo que se ha logrado entre el poder ejecutivo y el legislativo.<\/p>\n<p>Las ordenanzas que inciden directa y positivamente en la vida del vecino, que fueron presentadas por el ejecutivo en el Honorable Concejo Deliberante, son una muestra total de la capacidad que el di\u00e1logo tiene en la resoluci\u00f3n efectiva de los conflictos.<\/p>\n<p>Ese di\u00e1logo que comenz\u00f3 hace 6 a\u00f1os, y que, sin dudas, ser\u00e1 la bandera que flamear\u00e1 siempre en nuestra gesti\u00f3n. Porque el di\u00e1logo es sin\u00f3nimo de inteligencia, de madurez y de beneficio para todos.<\/p>\n<p>Durante el 2021 volvimos a reforzar nuestro sistema de salud, el que nos permiti\u00f3 transitar los duros momentos que nos gener\u00f3 la pandemia. Con el Dr. Germ\u00e1n Caputo a la cabeza, nuestro equipo de Salud, como en 2020, volvi\u00f3 a demostrar que estamos en muy buenas manos.<\/p>\n<p>Solo durante el 2021, el sistema de salud realiz\u00f3 un total de 650.000 consultas m\u00e9dicas y 6.500 hospitalizaciones, pudiendo paliar el efecto de gran impacto del COVID-19 durante la segunda ola, en nuestro partido.<\/p>\n<p>En materia de salud p\u00fablica el 2022 ser\u00e1 el a\u00f1o de la puesta en funcionamiento de la primera etapa de ampliaci\u00f3n del sector de internaci\u00f3n de adultos de nuestro Hospital Municipal \u201cDr. H\u00e9ctor Cura\u201d, y de la nueva \u00e1rea de gastroenterolog\u00eda y quir\u00f3fano. Esto implica una mayor oferta de camas disponibles, m\u00e1s comodidad y tecnolog\u00eda para pacientes y personal a cargo.<\/p>\n<p>Tenemos previsto comenzar este a\u00f1o la segunda etapa de esta gran obra que requerir\u00e1 una inversi\u00f3n superior a los 80 millones de pesos, y de esta manera, podremos concretar el sue\u00f1o de seguir dotando a nuestro Hospital de infraestructura y recursos para que contin\u00fae destac\u00e1ndose a nivel regional y provincial. Tal como lo imaginaron nuestros antecesores en la gesti\u00f3n.<\/p>\n<p>Tambi\u00e9n se reorganizar\u00e1n las instalaciones hospitalarias a las necesidades y protocolos adecuados a la nueva normalidad post- COVID.<\/p>\n<p>En 2022, nos proponemos retomar el sendero trazado en los \u00faltimos a\u00f1os con:<\/p>\n<p>Continuidad del sistema de residencias provinciales y concurrencias municipales, que incluyen m\u00e1s de 70 profesionales y 12 especialidades m\u00e9dicas y enfermer\u00eda.<br \/>\nContinuidad con el apoyo al sistema de formaci\u00f3n de grado de la Facultad de Ciencias de la Salud de nuestra ciudad, poniendo a disposici\u00f3n nuestro sistema sanitario, el centro de convenciones y la adecuaci\u00f3n de aulas dentro del hospital municipal para su uso por docentes y alumnos.<br \/>\nDurante octubre, realizaremos el tercer congreso del Hospital Dr. H\u00e9ctor Cura, reuniendo a profesionales de prestigio de Olavarr\u00eda y del pa\u00eds.<br \/>\nLanzaremos la primera revista de salud multidisciplinaria de nuestra ciudad, dando la oportunidad a toda la comunidad de salud de compartir y difundir la informaci\u00f3n cient\u00edfica referente a Olavarr\u00eda.<br \/>\nY si bien gran parte del a\u00f1o estuvimos abocados al manejo de la pandemia, pudimos materializar objetivos que nos hab\u00edamos planteado al inicio del 2021 y que expuse hace un a\u00f1o en este recinto.<\/p>\n<p>No dejamos de estar cerca de los vecinos, caminamos, escuchamos y respondimos con una gesti\u00f3n que tiene como prioridad mejorar la calidad de vida de los vecinos de todo el Partido de Olavarr\u00eda.<\/p>\n<p>En un a\u00f1o marcado por el calendario electoral, los olavarrienses nos volvieron a elegir en las urnas porque conocen nuestro compromiso con la gesti\u00f3n. A todos ellos, GRACIAS por seguir reafirmando que ESTE es el camino.<\/p>\n<p>En los momentos m\u00e1s dif\u00edciles que nos dej\u00f3 la pandemia, la Subsecretar\u00eda de Desarrollo Social asisti\u00f3 a m\u00e1s de 3500 familias del Partido de Olavarr\u00eda y continuamos con el Programa de Mejoramiento Habitacional.<\/p>\n<p>Se dio continuidad al Programa \u201cUn Vaso de Leche por D\u00eda\u201d que prev\u00e9 la cobertura total de la raci\u00f3n de leche diaria estipulada por la Organizaci\u00f3n Mundial de la Salud para ni\u00f1os de entre 0 y 6 a\u00f1os de edad.<\/p>\n<p>En relaci\u00f3n al trabajo en los Servicios Municipales Territoriales y NIDOS, durante el a\u00f1o 2021 se logr\u00f3 retomar la articulaci\u00f3n con diferentes organizaciones y direcciones a nivel Municipal y Provincial, con el objetivo de llegar a todas las personas que en aquellos sectores de nuestra ciudad conviven, promoviendo y fortaleciendo la adquisici\u00f3n de herramientas te\u00f3rico-pr\u00e1cticas a trav\u00e9s de diferentes talleres y cursos<\/p>\n<p>Este a\u00f1o, a fin de mejorar el servicio al vecino, buscaremos modificar la ayuda alimentaria que actualmente se efectiviza con la \u201cbolsa de alimentos\u201d implementando una tarjeta magn\u00e9tica, con el objetivo de mejorar la calidad alimentaria familiar, intentando incorporar a la dieta diaria los nutrientes necesarios para una alimentaci\u00f3n saludable.<\/p>\n<p>Comenzamos un camino de autonom\u00eda del grupo familiar, para poder dejar atr\u00e1s el nefasto asistencialismo.<\/p>\n<p>Continuaremos con el trabajo permanente en nuestros Jardines Municipales de primera infancia, que para este a\u00f1o cuentan con un r\u00e9cord de inscripci\u00f3n de matr\u00edcula superior a los 365 ni\u00f1os de entre 1 y 3 a\u00f1os, distribuidos en los 12 jardines.<\/p>\n<p>Estamos trabajando para incorporar m\u00e1s ni\u00f1os, y adolescentes a los servicios como los Centros de D\u00eda y las Callejeadas, donde actualmente asisten m\u00e1s de 500 j\u00f3venes, y que tienen la misi\u00f3n de propiciar valores y autoestima a la formaci\u00f3n de los ni\u00f1os y adolescentes, desarrollando su autonom\u00eda por medio de las din\u00e1micas y del ejemplo dado por sus equipos de trabajo.<\/p>\n<p>En este mismo sentido trabaja la Subsecretar\u00eda de Derecho, Igualdad y Oportunidades a trav\u00e9s de la Direcci\u00f3n de Pol\u00edticas de G\u00e9nero, creada por esta gesti\u00f3n en 2015 y que ya capacit\u00f3 en Ley Micaela al 85% del personal municipal.<\/p>\n<p>Se continuar\u00e1 trabajando en conjunto con otras \u00e1reas del Municipio y organizaciones para seguir reforzando y consolidando el \u00e1rea, dando respuestas a la comunidad en una problem\u00e1tica que nos atraviesa a todos y con la cual estamos comprometidos desde que iniciamos nuestra primera gesti\u00f3n.<\/p>\n<p>En esta l\u00ednea y con el mismo compromiso, el Servicio Local super\u00f3 ampliamente las intervenciones llevadas a cabo por su equipo de trabajo, con un total de 22.490 al 31 de diciembre.<\/p>\n<p>En el \u00e1rea de Seguridad seguimos trabajando codo a codo con todas las fuerzas y con la Justicia, porque es una problem\u00e1tica que requiere de la uni\u00f3n de todos los actores involucrados.<\/p>\n<p>Desde la Subsecretar\u00eda de Seguridad vamos a seguir fortaleciendo nuestro sistema de monitoreo con la instalaci\u00f3n de 60 c\u00e1maras, fijas y domos en las localidades de nuestro Partido. Este trabajo ya comenz\u00f3 con la instalaci\u00f3n de las c\u00e1maras en Sierra Chica.<\/p>\n<p>Adem\u00e1s, renovaremos y ampliaremos el sistema de monitoreo, con la colocaci\u00f3n de nuevos monitores e incorporaci\u00f3n de personal id\u00f3neo para el manejo y visualizaci\u00f3n de c\u00e1maras que ser\u00e1n colocadas en el transcurso del a\u00f1o.<\/p>\n<p>Tambi\u00e9n vamos a adquirir nuevos veh\u00edculos para la Polic\u00eda de Tr\u00e1nsito, para poder seguir dando apoyo al personal de Polic\u00eda de Seguridad, disponi\u00e9ndose su recorrido de acuerdo a reuniones mantenidas con el jefe de Estaci\u00f3n Departamental de Seguridad Olavarr\u00eda; y vamos a seguir sumando vecinos al programa Ojos en Alerta, ya son 4029 los vecinos conectados, y solo en 2021 tuvimos un promedio de 15 contactos diarios para cuidarnos entre todos.<\/p>\n<p>En materia cultural, en 2021 lo m\u00e1s relevante fue la vuelta a la presencialidad total de p\u00fablico dentro de los espacios culturales. Museos, el teatro, las escuelas municipales, los centros culturales y la Casa del Bicentenario. Se retomaron las fiestas populares y se viabilizaron herramientas para continuar dando apoyo a los artistas y espacios emergentes.<\/p>\n<p>Hace solo tres d\u00edas pudimos disfrutar de la vuelta de los Corsos, hoy mismo, se dio inicio a el Festival de Doma y Folclore, y la semana que viene vuelve la tradicional Kreppelfest, una de las tantas fiestas que refuerza la identidad popular de nuestro Partido.<\/p>\n<p>Para 2022, la Subsecretar\u00eda de Cultura proyecta la gesti\u00f3n de exposiciones anuales de car\u00e1cter nacional y local que permitan la inclusi\u00f3n de toda la comunidad en propuestas participativas, interactivas y educativas.<\/p>\n<p>El sostenimiento de las instituciones culturales como espacios de resguardo del patrimonio local y legado de la identidad de nuestra ciudad, tambi\u00e9n es prioritario.<\/p>\n<p>Si hablamos de identidad no debemos soslayar que nuestra Olavarr\u00eda es la ciudad del trabajo. Por eso, iniciamos el proceso para que, en el ingreso de nuestra ciudad, en la Avenida Pringles, Olavarr\u00eda recupere su \u00a8Monumento al Trabajo\u00a8.<\/p>\n<p>Un Monumento es un modo hist\u00f3rico de construir memoria. Es la representaci\u00f3n del pasado y del futuro concentrado en una obra.<\/p>\n<p>Ser\u00e1 una obra simple, despojada, donde materia y materiales est\u00e1n en silencio, pero que expresan la potencialidad de nuestro Partido.<\/p>\n<p>Y hay diversas maneras de estar cerca de nuestros vecinos, desde la salud, la protecci\u00f3n o la cultura. Tambi\u00e9n lo hicimos, y lo haremos con obras que modifican la realidad de cada olavarriense.<\/p>\n<p>Porque m\u00e1s all\u00e1 del lugar del que provengan los fondos, los olavarrienses pagamos nuestros impuestos provinciales y nacionales y es imprescindible que esto retorne a la ciudad en obras que mejoren la calidad de vida de los vecinos.<\/p>\n<p>Y desde el gobierno municipal tomamos las decisiones necesarias para atender las demandas de los barrios y localidades, escuchando, gestionando, licitando, poniendo en marcha, controlando y haciendo realidad las obras para vivir mejor, ya sea que se materialicen con fondos municipales, provinciales o nacionales.<\/p>\n<p>Tambi\u00e9n vamos a continuar con la gran inversi\u00f3n que venimos realizando en los caminos rurales de nuestro Partido. Conocemos la importancia que el sector agropecuario tiene en nuestra regi\u00f3n y lo seguiremos acompa\u00f1ando.<\/p>\n<p>En 2021 se invirtieron 80 millones de pesos para continuar con el mejoramiento de nuestros caminos rurales para que tanto productores como trabajadores del sector, tengan las mejores condiciones y siga siendo uno de los motores de nuestra econom\u00eda.<\/p>\n<p>Adem\u00e1s, invertimos casi 200 millones de pesos en obras de pavimentaci\u00f3n y repavimentaci\u00f3n, extendimos la red de cloacas en 87 cuadras en el Partido, ampliamos la red de agua potable y vamos a realizar obras hidr\u00e1ulicas para prevenir inundaciones.<\/p>\n<p>En materia de pol\u00edtica habitacional impulsamos el Plan TUVI, que permite, mediante un c\u00edrculo virtuoso, que muchas familias olavarrienses puedan cumplir el sue\u00f1o de la casa propia con la intervenci\u00f3n de un Estado Municipal que reconoce la problem\u00e1tica y trabaja en consecuencia.<\/p>\n<p>Afirmamos siempre y lo seguiremos haciendo, que la educaci\u00f3n es nuestra prioridad y actuamos en consecuencia. Cuando asumimos en diciembre de 2015 nos encontramos con escuelas y jardines en muy mal estado y tuvimos que atender lo urgente y prioritario, para que los chicos puedan tener clases.<\/p>\n<p>Hoy, tras seis a\u00f1os de gesti\u00f3n y producto de una fuerte decisi\u00f3n pol\u00edtica, dejamos de atender lo urgente y pudimos entrar en la etapa de construcci\u00f3n de nuevos edificios escolares.<\/p>\n<p>Tambi\u00e9n pudimos cumplir con demandas hist\u00f3ricas como las remodelaciones de las escuelas Primaria N\u00ba 50, la Secundaria N\u00ba 7, el Jard\u00edn N\u00ba 930, por citar ejemplos m\u00e1s recientes. Este a\u00f1o, vamos a iniciar la construcci\u00f3n en un terreno municipal del Jard\u00edn N\u00ba 929. Jard\u00edn que tantos inconvenientes tuvo en los \u00faltimos a\u00f1os con mudanzas y alquileres impagos.<\/p>\n<p>Para el a\u00f1o 2022 prevemos una inversi\u00f3n superior a los 220 millones de pesos en obras para establecimientos educativos en distintos sectores del Partido: Escuela T\u00e9cnica N\u00ba 1, Secundaria N\u00ba 10, Primaria N\u00ba 8, Primaria N\u00b0 1 y Jard\u00edn Fray Mamerto Esqui\u00fa, entre otras.<\/p>\n<p>Ya licitamos la construcci\u00f3n del nuevo edificio del Instituto de Educaci\u00f3n F\u00edsica en lo que ser\u00e1 el Complejo Deportivo Municipal emplazado en el Parque Avellaneda. Una promesa hecha realidad que avanza con el firme objetivo de instalar a Olavarr\u00eda como punto de referencia y polo deportivo en el \u00e1mbito provincial. M\u00e1s de 100 millones de pesos destinados a fortalecer la educaci\u00f3n terciaria de nuestros profes.<\/p>\n<p>En materia deportiva tenemos un gran desaf\u00edo por delante, atravesamos un a\u00f1o y medio muy dif\u00edcil. Al deporte tambi\u00e9n lo afect\u00f3 la pandemia, dirigentes, deportistas y dem\u00e1s actores tuvieron que adaptarse a la nueva realidad.<\/p>\n<p>Continuaremos con los espacios de vinculaci\u00f3n con la familia en los programas de deporte barrial y con la promoci\u00f3n de distintos deportes a trav\u00e9s del programa \u201cDeporte escuela de vida\u201d, que incluye al \u00e1mbito educativo, los Clubes, las Asociaciones y el Municipio.<\/p>\n<p>En el marco del plan estrat\u00e9gico deportivo, seguimos invirtiendo en infraestructura para alcanzar el nivel de equipamiento, recursos materiales y humanos y asistencia t\u00e9cnica que garantice el desarrollo del deporte, de recreaci\u00f3n y la educaci\u00f3n f\u00edsica.<\/p>\n<p>Poder concretar estas obras nos dan la tranquilidad de que nuestros hijos y nietos pueden estudiar en un lugar seguro, moderno y confortable.<\/p>\n<p>Al iniciar la gesti\u00f3n, como un trabajo o un proyecto, un intendente piensa, dise\u00f1a y trabaja para lograr beneficiar la vida de los vecinos. Es su prioridad, su raz\u00f3n de ser.<\/p>\n<p>\u2026 Es el motor que me hace levantar todos los d\u00edas.<\/p>\n<p>Y gracias a la planificaci\u00f3n, al trabajo en equipo, al di\u00e1logo con el vecino y a los que quieren construir en lugar de destruir, podemos sentirnos orgullosos, porque faltan muy pocos meses para la inauguraci\u00f3n de la nueva planta del Hospital Municipal, una obra que marcar\u00e1 un antes y un despu\u00e9s en la historia de la salud de nuestro partido.<\/p>\n<p>Lo mismo con el ya mencionado Complejo Deportivo Municipal o el Centro de Atenci\u00f3n Veterinaria, que permitir\u00e1 incrementar la capacidad de castraciones a 11.000 anuales.<\/p>\n<p>Obras que se inician y se finalizan.<br \/>\nHechos, no palabras.<br \/>\nDatos, no relatos.<br \/>\nAcciones, no deseos.<br \/>\nConstrucci\u00f3n en el lugar de la destrucci\u00f3n.<br \/>\nProgreso. 100 % progreso.<br \/>\nY las obras, adem\u00e1s de mejorar la calidad de vida de los vecinos, generan trabajo genuino\u2026<\/p>\n<p>Y es una prioridad de nuestra gesti\u00f3n: El trabajo.<\/p>\n<p>Somos la ciudad del trabajo y vamos a seguir fortaleciendo y asistiendo a las PyMes de nuestro Partido porque somos respetuosos de nuestra historia y estamos convencidos que el futuro es m\u00e1s que alentador en materia de inversiones.<\/p>\n<p>En el \u00e1mbito industrial del partido de Olavarr\u00eda, trabajamos para concretar avances en infraestructura.<\/p>\n<p>En los parques industriales realizamos obras en la red de tensi\u00f3n, subestaciones e iluminaci\u00f3n, tambi\u00e9n se pavimentaron calles principales y se pusieron en marcha servicios.<\/p>\n<p>Las nuevas incorporaciones de empresas, teniendo en cuenta la asignaci\u00f3n de esos ingresos, sumado a la inversi\u00f3n que haremos desde el Municipio har\u00e1n que este 2022 sea un a\u00f1o de obras.<\/p>\n<p>Se trabajar\u00e1 para continuar con obras que dar\u00e1n energ\u00eda, transitabilidad, iluminaci\u00f3n y seguridad a los olavarrienses que apuestan al desarrollo dentro de nuestros parques industriales.<\/p>\n<p>Seguiremos desarrollando tambi\u00e9n el ambicioso proyecto de transporte ferroviario con terminal de transferencia, en las tierras reservadas para tal fin dentro del sector log\u00edstico y de granos.<\/p>\n<p>No olvidar\u00e9 mencionar que estamos trabajando en conjunto con la Facultad de Ingenier\u00eda en un proyecto de infraestructura para camiones en Sierras Bayas, una de las obras necesarias para avanzar en los servicios que necesita nuestro transporte.<\/p>\n<p>Trabajaremos en conjunto con las instituciones locales para que Olavarr\u00eda contin\u00fae siendo referente industrial y log\u00edstico.<\/p>\n<p>Olavarr\u00eda es trabajo y m\u00e1s de 2.000 personas fueron asistidas a lo largo del a\u00f1o en la b\u00fasqueda de empleo a trav\u00e9s de entrevistas laborales, confecciones de curriculum vitae y diversas herramientas para potenciar sus condiciones de empleabilidad.<\/p>\n<p>En forma paralela, por medio del portal de empleo en el sitio Invertir se registraron 1.400 personas y se asisti\u00f3 a m\u00e1s de 150 empresas con el servicio de selecci\u00f3n de personal.<\/p>\n<p>Es nuestra prioridad para este 2022 ampliar y diversificar el servicio desde el municipio para los olavarrienses acompa\u00f1\u00e1ndolos y capacit\u00e1ndolos en su camino.<\/p>\n<p>Cabe mencionar al Iteco como actor fundamental, sumado al resto de las instituciones educativas que trabajan d\u00eda a d\u00eda junto a nosotros, donde este a\u00f1o redoblaremos esfuerzos para recuperar lo sufrido en pandemia.<\/p>\n<p>En los sectores productivos y de servicios; y en conjunto con las instituciones mencionadas, estamos trabajando para relanzar actividades afectadas por la pandemia.<\/p>\n<p>Estamos renovando toda la propuesta tur\u00edstica del partido de Olavarr\u00eda y su marca, para potenciar el turismo deportivo, rural, cultural, de reuniones y patrimonial.<\/p>\n<p>La asignaci\u00f3n de fondos de la actividad minera para infraestructura tur\u00edstica, muestra la intenci\u00f3n de diversificar las ofertas y la coexistencia de los rubros en un entorno sustentable y econ\u00f3micamente pr\u00f3spero para todos.<\/p>\n<p>Tambi\u00e9n trabajamos mucho, duplicando cada a\u00f1o las asistencias con el sector emprendedor de Olavarr\u00eda:<\/p>\n<p>Capacitaciones, Mercado Olavarriense, microcr\u00e9ditos, jornadas de innovaci\u00f3n, Compre Olavarr\u00eda, apoyo a ceramistas y otras actividades espec\u00edficas.<br \/>\nSeguiremos en el camino de fortalecer los servicios y herramientas para que cada d\u00eda, m\u00e1s olavarrienses concreten sus sue\u00f1os, emprendiendo en esta tierra.<\/p>\n<p>Este 2022 nos necesita reforzando el trabajo que hacemos en el sector agropecuario local, fuente de tanto valor y desarrollo olavarriense.<\/p>\n<p>Seguiremos con las actividades de forestaci\u00f3n, producci\u00f3n hort\u00edcola, control de plagas, infraestructura rural y agroecolog\u00eda, entre otras.<\/p>\n<p>Y en este 2022 esperamos ver que los inversores que apostaron por el Frigor\u00edfico, concreten esa primera etapa.<\/p>\n<p>Si hablamos de forestaci\u00f3n tenemos que mencionar que el vivero Municipal sigue adelante con la producci\u00f3n para los sectores productivos del Partido.<\/p>\n<p>En materia de sustentabilidad el hito m\u00e1s destacado de este 2022 ser\u00e1 el programa Giro (Gesti\u00f3n Integral de residuos Olavarr\u00eda).<\/p>\n<p>Transitamos las etapas pilotos con la planta manual de separaci\u00f3n y este a\u00f1o tenemos las inversiones en infraestructura y maquinaria de tratamiento, simult\u00e1neamente con los trabajos de dise\u00f1o de recolecci\u00f3n para desarrollar y ampliar nuestra capacidad.<\/p>\n<p>Trabajando con actores locales e instituciones acad\u00e9micas estamos seguros de que nos transformaremos en una Olavarr\u00eda m\u00e1s sustentable y eficiente.<\/p>\n<p>Todo este proceso seguir\u00e1 acompa\u00f1ado de capacitaciones y trabajos de campo junto a los vecinos, como venimos desarrollando hace tiempo.<\/p>\n<p>Estamos convencidos de que debemos avanzar en pol\u00edticas que tiendan al cuidado del medio ambiente y por eso vamos a realizar la ampliaci\u00f3n de la Planta de Clasificaci\u00f3n de Residuos S\u00f3lidos Urbanos.<\/p>\n<p>M\u00e1s trabajo es menos planes sociales, m\u00e1s trabajo es m\u00e1s desarrollo, m\u00e1s trabajo es mayor consumo, m\u00e1s trabajo es crecimiento.<\/p>\n<p>Para facilitarle la vida a los trabajadores y los estudiantes llevamos adelante la nueva concesi\u00f3n del transporte p\u00fablico de pasajeros interurbano, que traslada a miles de vecinos de las localidades.<\/p>\n<p>Con un trabajo integrado con este cuerpo legislativo, pudimos realizar reuniones con todos los espacios pol\u00edticos, con referentes del sector y con vecinos de las localidades para que tres empresas locales se presenten a la licitaci\u00f3n de este significativo servicio para la comunidad.<\/p>\n<p>Este nuevo servicio, con unidades nuevas e inclusivas, que comenzara a funcionar el 1 de mayo es el cierre de un ciclo que transformo el transporte p\u00fablico de Olavarr\u00eda, ciclo que comenz\u00f3 hace 6 a\u00f1os con la implementaci\u00f3n de la SUBE, continuo con el Boleto Estudiantil Gratuito y la renovaci\u00f3n del transporte urbano en 2019.<\/p>\n<p>Con respecto a las localidades, este 2022 retornar\u00e1 la elecci\u00f3n de delegados, una propuesta que llevamos en nuestra plataforma de 2015 y que continuaremos con la segunda elecci\u00f3n, con un incremento en la participaci\u00f3n ciudadana.<\/p>\n<p>Nuestro compromiso con la ciudadan\u00eda y la democracia es irrevocable. Durante 2021 trabajamos integralmente con este cuerpo legislativo para acompa\u00f1ar a sectores de la sociedad que se vieron perjudicados por el contexto de pandemia, como fueron las ordenanzas de eximici\u00f3n de tasas a agencias de viaje, servicios de apoyo al turismo y servicios de salones y tambi\u00e9n a instituciones de salud del \u00e1mbito privado que trabajaron codo a codo -y lo siguen haciendo-, con nuestro sistema de salud p\u00fablico.<\/p>\n<p>Mediante este trabajo mancomunado pudimos promulgar las ordenanzas de:<\/p>\n<p>Fomento a la inversi\u00f3n en el Partido de Olavarr\u00eda,<\/p>\n<p>La Creaci\u00f3n del Vivero Municipal,<\/p>\n<p>El sello olavarriense,<\/p>\n<p>La figura del Taproom que benefici\u00f3 a productores cerveceros locales<\/p>\n<p>Y la concesi\u00f3n del mencionado Transporte P\u00fablico Interurbano.<\/p>\n<p>Y tambi\u00e9n los m\u00e1s de 100 proyectos de ordenanzas aprobados por este Cuerpo relacionados a la donaci\u00f3n de inmuebles a familias olavarrienses. Tenemos una clara y precisa pol\u00edtica p\u00fablica y es nuestro compromiso de que los vecinos cuenten con la escritura de sus hogares, muchos de los cuales vienen esperando por d\u00e9cadas tener ese documento que los hace propietarios.<\/p>\n<p>A todos los concejales, gracias por el trabajo en conjunto, por los debates y los aportes que hicieron posible poner en vigencia las ordenanzas mencionadas y otras importantes que le mejoran sustancialmente la calidad de vida a los olavarrienses.<\/p>\n<p>Tambi\u00e9n continuamos priorizando la modernizaci\u00f3n del estado, donde se impuls\u00f3 la ordenanza del premio al buen contribuyente electr\u00f3nico. Promovimos la adhesi\u00f3n a la boleta electr\u00f3nica, con sorteos mensuales y uno anual de un autom\u00f3vil 0 km, buscando incentivar el buen cumplimiento y dar un reconocimiento al m\u00e9rito y conducta fiscal de los contribuyentes electr\u00f3nicos que cumplan en tiempo y forma con el pago de sus obligaciones tributarias.<\/p>\n<p>El a\u00f1o 2021, desde el punto de vista econ\u00f3mico y financiero, fue un a\u00f1o complejo, con una fuerte aceleraci\u00f3n de precios.<\/p>\n<p>Gracias a una gesti\u00f3n responsable y prudente en materia de gastos, en un contexto de obligaciones por la pandemia, pudimos reactivar las obras y la apertura del resto de las actividades, as\u00ed como la recomposici\u00f3n de los salarios de los empleados municipales.<\/p>\n<p>Producto de una gesti\u00f3n financiera ordenada y eficaz, logramos valernos de nuestros propios recursos con un 55% de participaci\u00f3n. Es decir, m\u00e1s de la mitad de los fondos son municipales.<\/p>\n<p>Seguimos llevando a cabo una administraci\u00f3n solvente que nos permite seguir concretando obras para la ciudad y las localidades, dando seguridad respecto de los pagos a los proveedores y contratistas a la hora de licitar o cotizar para el municipio.<\/p>\n<p>Tal es as\u00ed que a semanas de estar presentando la rendici\u00f3n de cuentas del ejercicio 2021, podemos adelantar que hemos terminado el ejercicio con un super\u00e1vit cercano a los $220 millones.<\/p>\n<p>Estimados Concejales, vecinos, instituciones intermedias, funcionarios y periodistas, para finalizar con esta apertura de sesiones ordinarias deseo manifestar un enf\u00e1tico llamado a la paz.<\/p>\n<p>No importa si es en el sur o en el norte, en el este o en el oeste, en Europa o en Argentina, a 21 a\u00f1os de iniciado un nuevo milenio, la humanidad entera debe cobijarse bajo una sola bandera, la de la Paz.<\/p>\n<p>No hay motivo, excusa o raz\u00f3n para utilizar la fuerza contra una poblaci\u00f3n.<\/p>\n<p>El di\u00e1logo, el respeto y la educaci\u00f3n ser\u00e1n los cimientos sobre los que siempre se construye el progreso y la paz.<\/p>\n<p>As\u00ed debe ser en Olavarr\u00eda, en Europa y en cualquier regi\u00f3n.<\/p>\n<p>No hay motor social m\u00e1s efectivo que la colaboraci\u00f3n.<\/p>\n<p>Esa colaboraci\u00f3n puede tener varios nombres: Se puede llamar escuela, ONG, Vecinos, universidades, Sociedades de Fomento, Iglesias\u2026.<\/p>\n<p>\u2026. y todos tienen una premisa, trabajar por el otro.<\/p>\n<p>\u2026. Desde nuestro municipio, nos aferramos siempre al di\u00e1logo y a la paz, porque no es el mejor camino, es el \u00fanico.<\/p>\n<p>Muchas gracias y de esta manera doy por iniciadas las Sesiones Ordinarias\u201d.<\/p>\n<p>Al finalizar, el presidente de la Asociaci\u00f3n Bomberos Voluntarios de Olavarr\u00eda Hugo Fayan\u00e1s arri\u00f3 la Bandera.<\/p>\n","protected":false},"excerpt":{"rendered":"<p>El intendente Ezequiel Galli inici\u00f3 las Sesiones Ordinarias 2022 del HCD, en la tarde de&#8230;<\/p>\n","protected":false},"author":1,"featured_media":162947,"comment_status":"closed","ping_status":"closed","sticky":false,"template":"","format":"standard","meta":{"content-type":""},"categories":[27,51],"tags":[],"nelio_content":{"isAutoShareEnabled":false,"autoShareEndMode":"default","automationSources":{"useContentSentences":true,"useSocialTemplates":true,"useCustomSentences":false,"customSentences":[]},"followers":[1],"suggestedReferences":[],"includedReferences":[],"efiUrl":"","efiAlt":"","highlights":[]},"yoast_head":"<!-- This site is optimized with the Yoast SEO plugin v20.7 - https:\/\/yoast.com\/wordpress\/plugins\/seo\/ -->\n<title>El Intendente Ezequiel Galli inici\u00f3 las sesiones ordinarias 2022 del HCD<\/title>\n<meta name=\"description\" content=\"El intendente Ezequiel Galli inici\u00f3 las Sesiones Ordinarias 2022 del HCD, en la tarde de este viernes, brind\u00f3 su discurso anual\" \/>\n<meta name=\"robots\" content=\"index, follow, max-snippet:-1, max-image-preview:large, max-video-preview:-1\" \/>\n<link rel=\"canonical\" href=\"https:\/\/experienciadevida.com.ar\/portalurbano\/el-intendente-ezequiel-galli-inicio-las-sesiones-ordinarias-2022-del-hcd\/\" \/>\n<meta property=\"og:locale\" content=\"es_ES\" \/>\n<meta property=\"og:type\" content=\"article\" \/>\n<meta property=\"og:title\" content=\"El Intendente Ezequiel Galli inici\u00f3 las sesiones ordinarias 2022 del HCD\" \/>\n<meta property=\"og:description\" content=\"El intendente Ezequiel Galli inici\u00f3 las Sesiones Ordinarias 2022 del HCD, en la tarde de este viernes, brind\u00f3 su discurso anual\" \/>\n<meta property=\"og:url\" content=\"https:\/\/experienciadevida.com.ar\/portalurbano\/el-intendente-ezequiel-galli-inicio-las-sesiones-ordinarias-2022-del-hcd\/\" \/>\n<meta property=\"article:publisher\" content=\"https:\/\/www.facebook.com\/Portal-Urbano-171542830093757\/\" \/>\n<meta property=\"article:published_time\" content=\"2022-03-04T23:50:28+00:00\" \/>\n<meta property=\"article:modified_time\" content=\"2022-03-04T23:53:23+00:00\" \/>\n<meta property=\"og:image\" content=\"https:\/\/experienciadevida.com.ar\/portalurbano\/wp-content\/uploads\/2022\/03\/El-intendente-Ezequiel-Galli.jpg\" \/>\n\t<meta property=\"og:image:width\" content=\"2560\" \/>\n\t<meta property=\"og:image:height\" content=\"1711\" \/>\n\t<meta property=\"og:image:type\" content=\"image\/jpeg\" \/>\n<meta name=\"author\" content=\"admpu17wp\" \/>\n<meta name=\"twitter:card\" content=\"summary_large_image\" \/>\n<meta name=\"twitter:creator\" content=\"@portalurbanook\" \/>\n<meta name=\"twitter:site\" content=\"@portalurbanook\" \/>\n<meta name=\"twitter:label1\" content=\"Escrito por\" \/>\n\t<meta name=\"twitter:data1\" content=\"admpu17wp\" \/>\n\t<meta name=\"twitter:label2\" content=\"Tiempo de lectura\" \/>\n\t<meta name=\"twitter:data2\" content=\"19 minutos\" \/>\n<script type=\"application\/ld+json\" class=\"yoast-schema-graph\">{\"@context\":\"https:\/\/schema.org\",\"@graph\":[{\"@type\":\"Article\",\"@id\":\"https:\/\/experienciadevida.com.ar\/portalurbano\/el-intendente-ezequiel-galli-inicio-las-sesiones-ordinarias-2022-del-hcd\/#article\",\"isPartOf\":{\"@id\":\"https:\/\/experienciadevida.com.ar\/portalurbano\/el-intendente-ezequiel-galli-inicio-las-sesiones-ordinarias-2022-del-hcd\/\"},\"author\":{\"name\":\"admpu17wp\",\"@id\":\"https:\/\/experienciadevida.com.ar\/portalurbano\/#\/schema\/person\/02dd326b1c4b056e9cc972486934a3a7\"},\"headline\":\"El intendente Ezequiel Galli inici\u00f3 las Sesiones Ordinarias 2022 del HCD\",\"datePublished\":\"2022-03-04T23:50:28+00:00\",\"dateModified\":\"2022-03-04T23:53:23+00:00\",\"mainEntityOfPage\":{\"@id\":\"https:\/\/experienciadevida.com.ar\/portalurbano\/el-intendente-ezequiel-galli-inicio-las-sesiones-ordinarias-2022-del-hcd\/\"},\"wordCount\":4294,\"publisher\":{\"@id\":\"https:\/\/experienciadevida.com.ar\/portalurbano\/#organization\"},\"articleSection\":[\"Ciudad\",\"Destacadas\"],\"inLanguage\":\"es\"},{\"@type\":\"WebPage\",\"@id\":\"https:\/\/experienciadevida.com.ar\/portalurbano\/el-intendente-ezequiel-galli-inicio-las-sesiones-ordinarias-2022-del-hcd\/\",\"url\":\"https:\/\/experienciadevida.com.ar\/portalurbano\/el-intendente-ezequiel-galli-inicio-las-sesiones-ordinarias-2022-del-hcd\/\",\"name\":\"El Intendente Ezequiel Galli inici\u00f3 las sesiones ordinarias 2022 del HCD\",\"isPartOf\":{\"@id\":\"https:\/\/experienciadevida.com.ar\/portalurbano\/#website\"},\"datePublished\":\"2022-03-04T23:50:28+00:00\",\"dateModified\":\"2022-03-04T23:53:23+00:00\",\"description\":\"El intendente Ezequiel Galli inici\u00f3 las Sesiones Ordinarias 2022 del HCD, en la tarde de este viernes, brind\u00f3 su discurso anual\",\"breadcrumb\":{\"@id\":\"https:\/\/experienciadevida.com.ar\/portalurbano\/el-intendente-ezequiel-galli-inicio-las-sesiones-ordinarias-2022-del-hcd\/#breadcrumb\"},\"inLanguage\":\"es\",\"potentialAction\":[{\"@type\":\"ReadAction\",\"target\":[\"https:\/\/experienciadevida.com.ar\/portalurbano\/el-intendente-ezequiel-galli-inicio-las-sesiones-ordinarias-2022-del-hcd\/\"]}]},{\"@type\":\"BreadcrumbList\",\"@id\":\"https:\/\/experienciadevida.com.ar\/portalurbano\/el-intendente-ezequiel-galli-inicio-las-sesiones-ordinarias-2022-del-hcd\/#breadcrumb\",\"itemListElement\":[{\"@type\":\"ListItem\",\"position\":1,\"name\":\"Portada\",\"item\":\"https:\/\/experienciadevida.com.ar\/portalurbano\/\"},{\"@type\":\"ListItem\",\"position\":2,\"name\":\"El intendente Ezequiel Galli inici\u00f3 las Sesiones Ordinarias 2022 del HCD\"}]},{\"@type\":\"WebSite\",\"@id\":\"https:\/\/experienciadevida.com.ar\/portalurbano\/#website\",\"url\":\"https:\/\/experienciadevida.com.ar\/portalurbano\/\",\"name\":\"\",\"description\":\"\",\"publisher\":{\"@id\":\"https:\/\/experienciadevida.com.ar\/portalurbano\/#organization\"},\"potentialAction\":[{\"@type\":\"SearchAction\",\"target\":{\"@type\":\"EntryPoint\",\"urlTemplate\":\"https:\/\/experienciadevida.com.ar\/portalurbano\/?s={search_term_string}\"},\"query-input\":\"required name=search_term_string\"}],\"inLanguage\":\"es\"},{\"@type\":\"Organization\",\"@id\":\"https:\/\/experienciadevida.com.ar\/portalurbano\/#organization\",\"name\":\"Portal Urbano\",\"url\":\"https:\/\/experienciadevida.com.ar\/portalurbano\/\",\"logo\":{\"@type\":\"ImageObject\",\"inLanguage\":\"es\",\"@id\":\"https:\/\/experienciadevida.com.ar\/portalurbano\/#\/schema\/logo\/image\/\",\"url\":\"https:\/\/experienciadevida.com.ar\/portalurbano\/wp-content\/uploads\/2019\/09\/Logo-Original.png\",\"contentUrl\":\"https:\/\/experienciadevida.com.ar\/portalurbano\/wp-content\/uploads\/2019\/09\/Logo-Original.png\",\"width\":2236,\"height\":1216,\"caption\":\"Portal Urbano\"},\"image\":{\"@id\":\"https:\/\/experienciadevida.com.ar\/portalurbano\/#\/schema\/logo\/image\/\"},\"sameAs\":[\"https:\/\/www.facebook.com\/Portal-Urbano-171542830093757\/\",\"https:\/\/twitter.com\/portalurbanook\",\"https:\/\/www.instagram.com\/_portalurbano\/\",\"https:\/\/www.youtube.com\/channel\/UCXhagIfszH8KxFiOok79zbA?view_as=subscriber\"]},{\"@type\":\"Person\",\"@id\":\"https:\/\/experienciadevida.com.ar\/portalurbano\/#\/schema\/person\/02dd326b1c4b056e9cc972486934a3a7\",\"name\":\"admpu17wp\",\"image\":{\"@type\":\"ImageObject\",\"inLanguage\":\"es\",\"@id\":\"https:\/\/experienciadevida.com.ar\/portalurbano\/#\/schema\/person\/image\/\",\"url\":\"https:\/\/secure.gravatar.com\/avatar\/830d4c57adaae6630765e449a6908047?s=96&d=mm&r=g\",\"contentUrl\":\"https:\/\/secure.gravatar.com\/avatar\/830d4c57adaae6630765e449a6908047?s=96&d=mm&r=g\",\"caption\":\"admpu17wp\"}}]}<\/script>\n<!-- \/ Yoast SEO plugin. -->","yoast_head_json":{"title":"El Intendente Ezequiel Galli inici\u00f3 las sesiones ordinarias 2022 del HCD","description":"El intendente Ezequiel Galli inici\u00f3 las Sesiones Ordinarias 2022 del HCD, en la tarde de este viernes, brind\u00f3 su discurso anual","robots":{"index":"index","follow":"follow","max-snippet":"max-snippet:-1","max-image-preview":"max-image-preview:large","max-video-preview":"max-video-preview:-1"},"canonical":"https:\/\/experienciadevida.com.ar\/portalurbano\/el-intendente-ezequiel-galli-inicio-las-sesiones-ordinarias-2022-del-hcd\/","og_locale":"es_ES","og_type":"article","og_title":"El Intendente Ezequiel Galli inici\u00f3 las sesiones ordinarias 2022 del HCD","og_description":"El intendente Ezequiel Galli inici\u00f3 las Sesiones Ordinarias 2022 del HCD, en la tarde de este viernes, brind\u00f3 su discurso anual","og_url":"https:\/\/experienciadevida.com.ar\/portalurbano\/el-intendente-ezequiel-galli-inicio-las-sesiones-ordinarias-2022-del-hcd\/","article_publisher":"https:\/\/www.facebook.com\/Portal-Urbano-171542830093757\/","article_published_time":"2022-03-04T23:50:28+00:00","article_modified_time":"2022-03-04T23:53:23+00:00","og_image":[{"width":2560,"height":1711,"url":"https:\/\/experienciadevida.com.ar\/portalurbano\/wp-content\/uploads\/2022\/03\/El-intendente-Ezequiel-Galli.jpg","type":"image\/jpeg"}],"author":"admpu17wp","twitter_card":"summary_large_image","twitter_creator":"@portalurbanook","twitter_site":"@portalurbanook","twitter_misc":{"Escrito por":"admpu17wp","Tiempo de lectura":"19 minutos"},"schema":{"@context":"https:\/\/schema.org","@graph":[{"@type":"Article","@id":"https:\/\/experienciadevida.com.ar\/portalurbano\/el-intendente-ezequiel-galli-inicio-las-sesiones-ordinarias-2022-del-hcd\/#article","isPartOf":{"@id":"https:\/\/experienciadevida.com.ar\/portalurbano\/el-intendente-ezequiel-galli-inicio-las-sesiones-ordinarias-2022-del-hcd\/"},"author":{"name":"admpu17wp","@id":"https:\/\/experienciadevida.com.ar\/portalurbano\/#\/schema\/person\/02dd326b1c4b056e9cc972486934a3a7"},"headline":"El intendente Ezequiel Galli inici\u00f3 las Sesiones Ordinarias 2022 del HCD","datePublished":"2022-03-04T23:50:28+00:00","dateModified":"2022-03-04T23:53:23+00:00","mainEntityOfPage":{"@id":"https:\/\/experienciadevida.com.ar\/portalurbano\/el-intendente-ezequiel-galli-inicio-las-sesiones-ordinarias-2022-del-hcd\/"},"wordCount":4294,"publisher":{"@id":"https:\/\/experienciadevida.com.ar\/portalurbano\/#organization"},"articleSection":["Ciudad","Destacadas"],"inLanguage":"es"},{"@type":"WebPage","@id":"https:\/\/experienciadevida.com.ar\/portalurbano\/el-intendente-ezequiel-galli-inicio-las-sesiones-ordinarias-2022-del-hcd\/","url":"https:\/\/experienciadevida.com.ar\/portalurbano\/el-intendente-ezequiel-galli-inicio-las-sesiones-ordinarias-2022-del-hcd\/","name":"El Intendente Ezequiel Galli inici\u00f3 las sesiones ordinarias 2022 del HCD","isPartOf":{"@id":"https:\/\/experienciadevida.com.ar\/portalurbano\/#website"},"datePublished":"2022-03-04T23:50:28+00:00","dateModified":"2022-03-04T23:53:23+00:00","description":"El intendente Ezequiel Galli inici\u00f3 las Sesiones Ordinarias 2022 del HCD, en la tarde de este viernes, brind\u00f3 su discurso anual","breadcrumb":{"@id":"https:\/\/experienciadevida.com.ar\/portalurbano\/el-intendente-ezequiel-galli-inicio-las-sesiones-ordinarias-2022-del-hcd\/#breadcrumb"},"inLanguage":"es","potentialAction":[{"@type":"ReadAction","target":["https:\/\/experienciadevida.com.ar\/portalurbano\/el-intendente-ezequiel-galli-inicio-las-sesiones-ordinarias-2022-del-hcd\/"]}]},{"@type":"BreadcrumbList","@id":"https:\/\/experienciadevida.com.ar\/portalurbano\/el-intendente-ezequiel-galli-inicio-las-sesiones-ordinarias-2022-del-hcd\/#breadcrumb","itemListElement":[{"@type":"ListItem","position":1,"name":"Portada","item":"https:\/\/experienciadevida.com.ar\/portalurbano\/"},{"@type":"ListItem","position":2,"name":"El intendente Ezequiel Galli inici\u00f3 las Sesiones Ordinarias 2022 del HCD"}]},{"@type":"WebSite","@id":"https:\/\/experienciadevida.com.ar\/portalurbano\/#website","url":"https:\/\/experienciadevida.com.ar\/portalurbano\/","name":"","description":"","publisher":{"@id":"https:\/\/experienciadevida.com.ar\/portalurbano\/#organization"},"potentialAction":[{"@type":"SearchAction","target":{"@type":"EntryPoint","urlTemplate":"https:\/\/experienciadevida.com.ar\/portalurbano\/?s={search_term_string}"},"query-input":"required name=search_term_string"}],"inLanguage":"es"},{"@type":"Organization","@id":"https:\/\/experienciadevida.com.ar\/portalurbano\/#organization","name":"Portal Urbano","url":"https:\/\/experienciadevida.com.ar\/portalurbano\/","logo":{"@type":"ImageObject","inLanguage":"es","@id":"https:\/\/experienciadevida.com.ar\/portalurbano\/#\/schema\/logo\/image\/","url":"https:\/\/experienciadevida.com.ar\/portalurbano\/wp-content\/uploads\/2019\/09\/Logo-Original.png","contentUrl":"https:\/\/experienciadevida.com.ar\/portalurbano\/wp-content\/uploads\/2019\/09\/Logo-Original.png","width":2236,"height":1216,"caption":"Portal Urbano"},"image":{"@id":"https:\/\/experienciadevida.com.ar\/portalurbano\/#\/schema\/logo\/image\/"},"sameAs":["https:\/\/www.facebook.com\/Portal-Urbano-171542830093757\/","https:\/\/twitter.com\/portalurbanook","https:\/\/www.instagram.com\/_portalurbano\/","https:\/\/www.youtube.com\/channel\/UCXhagIfszH8KxFiOok79zbA?view_as=subscriber"]},{"@type":"Person","@id":"https:\/\/experienciadevida.com.ar\/portalurbano\/#\/schema\/person\/02dd326b1c4b056e9cc972486934a3a7","name":"admpu17wp","image":{"@type":"ImageObject","inLanguage":"es","@id":"https:\/\/experienciadevida.com.ar\/portalurbano\/#\/schema\/person\/image\/","url":"https:\/\/secure.gravatar.com\/avatar\/830d4c57adaae6630765e449a6908047?s=96&d=mm&r=g","contentUrl":"https:\/\/secure.gravatar.com\/avatar\/830d4c57adaae6630765e449a6908047?s=96&d=mm&r=g","caption":"admpu17wp"}}]}},"featured_image_urls":{"full":["https:\/\/experienciadevida.com.ar\/portalurbano\/wp-content\/uploads\/2022\/03\/El-intendente-Ezequiel-Galli.jpg",2560,1711,false],"thumbnail":["https:\/\/experienciadevida.com.ar\/portalurbano\/wp-content\/uploads\/2022\/03\/El-intendente-Ezequiel-Galli-150x150.jpg",150,150,true],"medium":["https:\/\/experienciadevida.com.ar\/portalurbano\/wp-content\/uploads\/2022\/03\/El-intendente-Ezequiel-Galli-300x201.jpg",300,201,true],"medium_large":["https:\/\/experienciadevida.com.ar\/portalurbano\/wp-content\/uploads\/2022\/03\/El-intendente-Ezequiel-Galli-768x513.jpg",640,428,true],"large":["https:\/\/experienciadevida.com.ar\/portalurbano\/wp-content\/uploads\/2022\/03\/El-intendente-Ezequiel-Galli-1024x684.jpg",640,428,true],"ug_big":["https:\/\/experienciadevida.com.ar\/portalurbano\/wp-content\/uploads\/2022\/03\/El-intendente-Ezequiel-Galli-768x513.jpg",768,513,true],"1536x1536":["https:\/\/experienciadevida.com.ar\/portalurbano\/wp-content\/uploads\/2022\/03\/El-intendente-Ezequiel-Galli-1536x1027.jpg",1536,1027,true],"2048x2048":["https:\/\/experienciadevida.com.ar\/portalurbano\/wp-content\/uploads\/2022\/03\/El-intendente-Ezequiel-Galli-2048x1369.jpg",2048,1369,true],"newsever-slider-full":["https:\/\/experienciadevida.com.ar\/portalurbano\/wp-content\/uploads\/2022\/03\/El-intendente-Ezequiel-Galli.jpg",1264,845,false],"newsever-featured":["https:\/\/experienciadevida.com.ar\/portalurbano\/wp-content\/uploads\/2022\/03\/El-intendente-Ezequiel-Galli.jpg",1024,684,false],"newsever-medium":["https:\/\/experienciadevida.com.ar\/portalurbano\/wp-content\/uploads\/2022\/03\/El-intendente-Ezequiel-Galli.jpg",711,475,false],"web-stories-poster-portrait":["https:\/\/experienciadevida.com.ar\/portalurbano\/wp-content\/uploads\/2022\/03\/El-intendente-Ezequiel-Galli.jpg",640,428,false],"web-stories-publisher-logo":["https:\/\/experienciadevida.com.ar\/portalurbano\/wp-content\/uploads\/2022\/03\/El-intendente-Ezequiel-Galli.jpg",96,64,false],"web-stories-thumbnail":["https:\/\/experienciadevida.com.ar\/portalurbano\/wp-content\/uploads\/2022\/03\/El-intendente-Ezequiel-Galli.jpg",150,100,false]},"author_info":{"display_name":"admpu17wp","author_link":"https:\/\/experienciadevida.com.ar\/portalurbano\/author\/admpu17wp\/"},"category_info":"<a href=\"https:\/\/experienciadevida.com.ar\/portalurbano\/category\/ciudad\/\" rel=\"category tag\">Ciudad<\/a> <a href=\"https:\/\/experienciadevida.com.ar\/portalurbano\/category\/destacadas\/\" rel=\"category tag\">Destacadas<\/a>","tag_info":"Destacadas","comment_count":"0","amp_enabled":true,"_links":{"self":[{"href":"https:\/\/experienciadevida.com.ar\/portalurbano\/wp-json\/wp\/v2\/posts\/162946"}],"collection":[{"href":"https:\/\/experienciadevida.com.ar\/portalurbano\/wp-json\/wp\/v2\/posts"}],"about":[{"href":"https:\/\/experienciadevida.com.ar\/portalurbano\/wp-json\/wp\/v2\/types\/post"}],"author":[{"embeddable":true,"href":"https:\/\/experienciadevida.com.ar\/portalurbano\/wp-json\/wp\/v2\/users\/1"}],"replies":[{"embeddable":true,"href":"https:\/\/experienciadevida.com.ar\/portalurbano\/wp-json\/wp\/v2\/comments?post=162946"}],"version-history":[{"count":3,"href":"https:\/\/experienciadevida.com.ar\/portalurbano\/wp-json\/wp\/v2\/posts\/162946\/revisions"}],"predecessor-version":[{"id":162951,"href":"https:\/\/experienciadevida.com.ar\/portalurbano\/wp-json\/wp\/v2\/posts\/162946\/revisions\/162951"}],"wp:featuredmedia":[{"embeddable":true,"href":"https:\/\/experienciadevida.com.ar\/portalurbano\/wp-json\/wp\/v2\/media\/162947"}],"wp:attachment":[{"href":"https:\/\/experienciadevida.com.ar\/portalurbano\/wp-json\/wp\/v2\/media?parent=162946"}],"wp:term":[{"taxonomy":"category","embeddable":true,"href":"https:\/\/experienciadevida.com.ar\/portalurbano\/wp-json\/wp\/v2\/categories?post=162946"},{"taxonomy":"post_tag","embeddable":true,"href":"https:\/\/experienciadevida.com.ar\/portalurbano\/wp-json\/wp\/v2\/tags?post=162946"}],"curies":[{"name":"wp","href":"https:\/\/api.w.org\/{rel}","templated":true}]}}