{"id":162940,"date":"2022-03-04T19:21:03","date_gmt":"2022-03-04T22:21:03","guid":{"rendered":"https:\/\/experienciadevida.com.ar\/portalurbano\/?p=162940"},"modified":"2022-03-04T19:21:44","modified_gmt":"2022-03-04T22:21:44","slug":"conferencia-arqueologia-de-los-llanos-de-moxos-la-riqueza-esta-en-la-diversidad","status":"publish","type":"post","link":"https:\/\/experienciadevida.com.ar\/portalurbano\/conferencia-arqueologia-de-los-llanos-de-moxos-la-riqueza-esta-en-la-diversidad\/","title":{"rendered":"Conferencia: \u201cArqueolog\u00eda de los Llanos de Moxos: la riqueza est\u00e1 en la diversidad\u201d"},"content":{"rendered":"<p>Conferencia: \u201cArqueolog\u00eda de los Llanos de Moxos: la riqueza est\u00e1 en la diversidad\u201d, el pr\u00f3ximo mi\u00e9rcoles 9 de marzo se realizar\u00e1 la conferencia a cargo de la Dra. Carla Jaimes Betancourt, en la sede de la Facultad de Ciencias Sociales. La actividad es organizada por <a href=\"https:\/\/www.facebook.com\/facultadcienciassociales.unicen\">FACSO<\/a> y la Unidad Ejecutora INCUAPA (CONICET-UNICEN).<\/p>\n<p>\u201cArqueolog\u00eda de los Llanos de Moxos: la riqueza est\u00e1 en la diversidad\u201d, es el nombre de la conferencia que dictar\u00e1 el mi\u00e9rcoles 9 de marzo la Dra. Carla Jaimes Betancourt, profesora del Departamento de Antropolog\u00eda de las Am\u00e9ricas de la Universidad de Bonn (Alemania).<\/p>\n<p>La misma se desarrollar\u00e1 a partir de las 16 horas en el Aula C7 del Complejo Aulas Comunes del Campus Universitario. La conferencia es organizada por la Facultad de Ciencias Sociales y la Unidad Ejecutora INCUAPA (CONICET-UNICEN).<\/p>\n<p>Durante mucho tiempo, la regi\u00f3n amaz\u00f3nica ocup\u00f3 una posici\u00f3n marginal en la historia cultural precolombina de Am\u00e9rica. Sin embargo, en las \u00faltimas d\u00e9cadas, las investigaciones arqueol\u00f3gicas realizadas en numerosos proyectos han revelado una sorprendente complejidad y diversidad de los procesos culturales en la regi\u00f3n. Utilizando el caso de los Llanos de Moxos en Bolivia, esta presentaci\u00f3n resume los debates actuales y las diferentes posiciones sobre la domesticaci\u00f3n de plantas, el origen de la cer\u00e1mica, las transformaciones del paisaje, los bosques antropog\u00e9nicos y los complejos desarrollos culturales en el periodo precolombino en el suroeste de la Amazonia.<\/p>\n<p>Los Llanos de Moxos, en el actual departamento de Beni en Bolivia, se caracterizan por un paisaje casi totalmente transformado, resultado de varios milenios de intensa ocupaci\u00f3n humana. A partir del a\u00f1o 300 d.C., se desarrollaron aqu\u00ed cientos de sitios monumentales que, gracias a las t\u00e9cnicas prehisp\u00e1nicas adaptadas a la gesti\u00f3n de los recursos naturales, han dejado una fuerte huella en el paisaje.<\/p>\n<p>Moxos es una excelente ejemplo de c\u00f3mo la diversidad puede impulsar mejor el desarrollo cultural a lo largo del tiempo. Esta conferencia presenta una visi\u00f3n general de la investigaci\u00f3n arqueol\u00f3gica en Moxos y estudios de casos en \u00e1reas espec\u00edficas.<\/p>\n","protected":false},"excerpt":{"rendered":"<p>Conferencia: \u201cArqueolog\u00eda de los Llanos de Moxos: la riqueza est\u00e1 en la diversidad\u201d, el pr\u00f3ximo&#8230;<\/p>\n","protected":false},"author":1,"featured_media":162941,"comment_status":"closed","ping_status":"closed","sticky":false,"template":"","format":"standard","meta":{"content-type":""},"categories":[31],"tags":[],"nelio_content":{"isAutoShareEnabled":false,"autoShareEndMode":"default","automationSources":{"useContentSentences":true,"useSocialTemplates":true,"useCustomSentences":false,"customSentences":[]},"followers":[1],"suggestedReferences":[],"includedReferences":[],"efiUrl":"","efiAlt":"","highlights":[]},"yoast_head":"<!-- This site is optimized with the Yoast SEO plugin v20.7 - https:\/\/yoast.com\/wordpress\/plugins\/seo\/ -->\n<title>Conferencia: &quot;Arqueolog\u00eda de los llanos de Moxos: la riqueza&quot;<\/title>\n<meta name=\"description\" content=\"Conferencia: \u201cArqueolog\u00eda de los Llanos de Moxos: la riqueza est\u00e1 en la diversidad\u201d, el pr\u00f3ximo mi\u00e9rcoles 9 de marzo en Sociales\" \/>\n<meta name=\"robots\" content=\"index, follow, max-snippet:-1, max-image-preview:large, max-video-preview:-1\" \/>\n<link rel=\"canonical\" href=\"https:\/\/experienciadevida.com.ar\/portalurbano\/conferencia-arqueologia-de-los-llanos-de-moxos-la-riqueza-esta-en-la-diversidad\/\" \/>\n<meta property=\"og:locale\" content=\"es_ES\" \/>\n<meta property=\"og:type\" content=\"article\" \/>\n<meta property=\"og:title\" content=\"Conferencia: &quot;Arqueolog\u00eda de los llanos de Moxos: la riqueza&quot;\" \/>\n<meta property=\"og:description\" content=\"Conferencia: \u201cArqueolog\u00eda de los Llanos de Moxos: la riqueza est\u00e1 en la diversidad\u201d, el pr\u00f3ximo mi\u00e9rcoles 9 de marzo en Sociales\" \/>\n<meta property=\"og:url\" content=\"https:\/\/experienciadevida.com.ar\/portalurbano\/conferencia-arqueologia-de-los-llanos-de-moxos-la-riqueza-esta-en-la-diversidad\/\" \/>\n<meta property=\"article:publisher\" content=\"https:\/\/www.facebook.com\/Portal-Urbano-171542830093757\/\" \/>\n<meta property=\"article:published_time\" content=\"2022-03-04T22:21:03+00:00\" \/>\n<meta property=\"article:modified_time\" content=\"2022-03-04T22:21:44+00:00\" \/>\n<meta property=\"og:image\" content=\"https:\/\/experienciadevida.com.ar\/portalurbano\/wp-content\/uploads\/2022\/03\/conferencia.jpg\" \/>\n\t<meta property=\"og:image:width\" content=\"1000\" \/>\n\t<meta property=\"og:image:height\" content=\"667\" \/>\n\t<meta property=\"og:image:type\" content=\"image\/jpeg\" \/>\n<meta name=\"author\" content=\"admpu17wp\" \/>\n<meta name=\"twitter:card\" content=\"summary_large_image\" \/>\n<meta name=\"twitter:creator\" content=\"@portalurbanook\" \/>\n<meta name=\"twitter:site\" content=\"@portalurbanook\" \/>\n<meta name=\"twitter:label1\" content=\"Escrito por\" \/>\n\t<meta name=\"twitter:data1\" content=\"admpu17wp\" \/>\n\t<meta name=\"twitter:label2\" content=\"Tiempo de lectura\" \/>\n\t<meta name=\"twitter:data2\" content=\"2 minutos\" \/>\n<script type=\"application\/ld+json\" class=\"yoast-schema-graph\">{\"@context\":\"https:\/\/schema.org\",\"@graph\":[{\"@type\":\"Article\",\"@id\":\"https:\/\/experienciadevida.com.ar\/portalurbano\/conferencia-arqueologia-de-los-llanos-de-moxos-la-riqueza-esta-en-la-diversidad\/#article\",\"isPartOf\":{\"@id\":\"https:\/\/experienciadevida.com.ar\/portalurbano\/conferencia-arqueologia-de-los-llanos-de-moxos-la-riqueza-esta-en-la-diversidad\/\"},\"author\":{\"name\":\"admpu17wp\",\"@id\":\"https:\/\/experienciadevida.com.ar\/portalurbano\/#\/schema\/person\/02dd326b1c4b056e9cc972486934a3a7\"},\"headline\":\"Conferencia: \u201cArqueolog\u00eda de los Llanos de Moxos: la riqueza est\u00e1 en la diversidad\u201d\",\"datePublished\":\"2022-03-04T22:21:03+00:00\",\"dateModified\":\"2022-03-04T22:21:44+00:00\",\"mainEntityOfPage\":{\"@id\":\"https:\/\/experienciadevida.com.ar\/portalurbano\/conferencia-arqueologia-de-los-llanos-de-moxos-la-riqueza-esta-en-la-diversidad\/\"},\"wordCount\":370,\"publisher\":{\"@id\":\"https:\/\/experienciadevida.com.ar\/portalurbano\/#organization\"},\"articleSection\":[\"Educaci\u00f3n\"],\"inLanguage\":\"es\"},{\"@type\":\"WebPage\",\"@id\":\"https:\/\/experienciadevida.com.ar\/portalurbano\/conferencia-arqueologia-de-los-llanos-de-moxos-la-riqueza-esta-en-la-diversidad\/\",\"url\":\"https:\/\/experienciadevida.com.ar\/portalurbano\/conferencia-arqueologia-de-los-llanos-de-moxos-la-riqueza-esta-en-la-diversidad\/\",\"name\":\"Conferencia: \\\"Arqueolog\u00eda de los llanos de Moxos: la riqueza\\\"\",\"isPartOf\":{\"@id\":\"https:\/\/experienciadevida.com.ar\/portalurbano\/#website\"},\"datePublished\":\"2022-03-04T22:21:03+00:00\",\"dateModified\":\"2022-03-04T22:21:44+00:00\",\"description\":\"Conferencia: \u201cArqueolog\u00eda de los Llanos de Moxos: la riqueza est\u00e1 en la diversidad\u201d, el pr\u00f3ximo mi\u00e9rcoles 9 de marzo en Sociales\",\"breadcrumb\":{\"@id\":\"https:\/\/experienciadevida.com.ar\/portalurbano\/conferencia-arqueologia-de-los-llanos-de-moxos-la-riqueza-esta-en-la-diversidad\/#breadcrumb\"},\"inLanguage\":\"es\",\"potentialAction\":[{\"@type\":\"ReadAction\",\"target\":[\"https:\/\/experienciadevida.com.ar\/portalurbano\/conferencia-arqueologia-de-los-llanos-de-moxos-la-riqueza-esta-en-la-diversidad\/\"]}]},{\"@type\":\"BreadcrumbList\",\"@id\":\"https:\/\/experienciadevida.com.ar\/portalurbano\/conferencia-arqueologia-de-los-llanos-de-moxos-la-riqueza-esta-en-la-diversidad\/#breadcrumb\",\"itemListElement\":[{\"@type\":\"ListItem\",\"position\":1,\"name\":\"Portada\",\"item\":\"https:\/\/experienciadevida.com.ar\/portalurbano\/\"},{\"@type\":\"ListItem\",\"position\":2,\"name\":\"Conferencia: \u201cArqueolog\u00eda de los Llanos de Moxos: la riqueza est\u00e1 en la diversidad\u201d\"}]},{\"@type\":\"WebSite\",\"@id\":\"https:\/\/experienciadevida.com.ar\/portalurbano\/#website\",\"url\":\"https:\/\/experienciadevida.com.ar\/portalurbano\/\",\"name\":\"\",\"description\":\"\",\"publisher\":{\"@id\":\"https:\/\/experienciadevida.com.ar\/portalurbano\/#organization\"},\"potentialAction\":[{\"@type\":\"SearchAction\",\"target\":{\"@type\":\"EntryPoint\",\"urlTemplate\":\"https:\/\/experienciadevida.com.ar\/portalurbano\/?s={search_term_string}\"},\"query-input\":\"required name=search_term_string\"}],\"inLanguage\":\"es\"},{\"@type\":\"Organization\",\"@id\":\"https:\/\/experienciadevida.com.ar\/portalurbano\/#organization\",\"name\":\"Portal Urbano\",\"url\":\"https:\/\/experienciadevida.com.ar\/portalurbano\/\",\"logo\":{\"@type\":\"ImageObject\",\"inLanguage\":\"es\",\"@id\":\"https:\/\/experienciadevida.com.ar\/portalurbano\/#\/schema\/logo\/image\/\",\"url\":\"https:\/\/experienciadevida.com.ar\/portalurbano\/wp-content\/uploads\/2019\/09\/Logo-Original.png\",\"contentUrl\":\"https:\/\/experienciadevida.com.ar\/portalurbano\/wp-content\/uploads\/2019\/09\/Logo-Original.png\",\"width\":2236,\"height\":1216,\"caption\":\"Portal Urbano\"},\"image\":{\"@id\":\"https:\/\/experienciadevida.com.ar\/portalurbano\/#\/schema\/logo\/image\/\"},\"sameAs\":[\"https:\/\/www.facebook.com\/Portal-Urbano-171542830093757\/\",\"https:\/\/twitter.com\/portalurbanook\",\"https:\/\/www.instagram.com\/_portalurbano\/\",\"https:\/\/www.youtube.com\/channel\/UCXhagIfszH8KxFiOok79zbA?view_as=subscriber\"]},{\"@type\":\"Person\",\"@id\":\"https:\/\/experienciadevida.com.ar\/portalurbano\/#\/schema\/person\/02dd326b1c4b056e9cc972486934a3a7\",\"name\":\"admpu17wp\",\"image\":{\"@type\":\"ImageObject\",\"inLanguage\":\"es\",\"@id\":\"https:\/\/experienciadevida.com.ar\/portalurbano\/#\/schema\/person\/image\/\",\"url\":\"https:\/\/secure.gravatar.com\/avatar\/830d4c57adaae6630765e449a6908047?s=96&d=mm&r=g\",\"contentUrl\":\"https:\/\/secure.gravatar.com\/avatar\/830d4c57adaae6630765e449a6908047?s=96&d=mm&r=g\",\"caption\":\"admpu17wp\"}}]}<\/script>\n<!-- \/ Yoast SEO plugin. -->","yoast_head_json":{"title":"Conferencia: \"Arqueolog\u00eda de los llanos de Moxos: la riqueza\"","description":"Conferencia: \u201cArqueolog\u00eda de los Llanos de Moxos: la riqueza est\u00e1 en la diversidad\u201d, el pr\u00f3ximo mi\u00e9rcoles 9 de marzo en Sociales","robots":{"index":"index","follow":"follow","max-snippet":"max-snippet:-1","max-image-preview":"max-image-preview:large","max-video-preview":"max-video-preview:-1"},"canonical":"https:\/\/experienciadevida.com.ar\/portalurbano\/conferencia-arqueologia-de-los-llanos-de-moxos-la-riqueza-esta-en-la-diversidad\/","og_locale":"es_ES","og_type":"article","og_title":"Conferencia: \"Arqueolog\u00eda de los llanos de Moxos: la riqueza\"","og_description":"Conferencia: \u201cArqueolog\u00eda de los Llanos de Moxos: la riqueza est\u00e1 en la diversidad\u201d, el pr\u00f3ximo mi\u00e9rcoles 9 de marzo en Sociales","og_url":"https:\/\/experienciadevida.com.ar\/portalurbano\/conferencia-arqueologia-de-los-llanos-de-moxos-la-riqueza-esta-en-la-diversidad\/","article_publisher":"https:\/\/www.facebook.com\/Portal-Urbano-171542830093757\/","article_published_time":"2022-03-04T22:21:03+00:00","article_modified_time":"2022-03-04T22:21:44+00:00","og_image":[{"width":1000,"height":667,"url":"https:\/\/experienciadevida.com.ar\/portalurbano\/wp-content\/uploads\/2022\/03\/conferencia.jpg","type":"image\/jpeg"}],"author":"admpu17wp","twitter_card":"summary_large_image","twitter_creator":"@portalurbanook","twitter_site":"@portalurbanook","twitter_misc":{"Escrito por":"admpu17wp","Tiempo de lectura":"2 minutos"},"schema":{"@context":"https:\/\/schema.org","@graph":[{"@type":"Article","@id":"https:\/\/experienciadevida.com.ar\/portalurbano\/conferencia-arqueologia-de-los-llanos-de-moxos-la-riqueza-esta-en-la-diversidad\/#article","isPartOf":{"@id":"https:\/\/experienciadevida.com.ar\/portalurbano\/conferencia-arqueologia-de-los-llanos-de-moxos-la-riqueza-esta-en-la-diversidad\/"},"author":{"name":"admpu17wp","@id":"https:\/\/experienciadevida.com.ar\/portalurbano\/#\/schema\/person\/02dd326b1c4b056e9cc972486934a3a7"},"headline":"Conferencia: \u201cArqueolog\u00eda de los Llanos de Moxos: la riqueza est\u00e1 en la diversidad\u201d","datePublished":"2022-03-04T22:21:03+00:00","dateModified":"2022-03-04T22:21:44+00:00","mainEntityOfPage":{"@id":"https:\/\/experienciadevida.com.ar\/portalurbano\/conferencia-arqueologia-de-los-llanos-de-moxos-la-riqueza-esta-en-la-diversidad\/"},"wordCount":370,"publisher":{"@id":"https:\/\/experienciadevida.com.ar\/portalurbano\/#organization"},"articleSection":["Educaci\u00f3n"],"inLanguage":"es"},{"@type":"WebPage","@id":"https:\/\/experienciadevida.com.ar\/portalurbano\/conferencia-arqueologia-de-los-llanos-de-moxos-la-riqueza-esta-en-la-diversidad\/","url":"https:\/\/experienciadevida.com.ar\/portalurbano\/conferencia-arqueologia-de-los-llanos-de-moxos-la-riqueza-esta-en-la-diversidad\/","name":"Conferencia: \"Arqueolog\u00eda de los llanos de Moxos: la riqueza\"","isPartOf":{"@id":"https:\/\/experienciadevida.com.ar\/portalurbano\/#website"},"datePublished":"2022-03-04T22:21:03+00:00","dateModified":"2022-03-04T22:21:44+00:00","description":"Conferencia: \u201cArqueolog\u00eda de los Llanos de Moxos: la riqueza est\u00e1 en la diversidad\u201d, el pr\u00f3ximo mi\u00e9rcoles 9 de marzo en Sociales","breadcrumb":{"@id":"https:\/\/experienciadevida.com.ar\/portalurbano\/conferencia-arqueologia-de-los-llanos-de-moxos-la-riqueza-esta-en-la-diversidad\/#breadcrumb"},"inLanguage":"es","potentialAction":[{"@type":"ReadAction","target":["https:\/\/experienciadevida.com.ar\/portalurbano\/conferencia-arqueologia-de-los-llanos-de-moxos-la-riqueza-esta-en-la-diversidad\/"]}]},{"@type":"BreadcrumbList","@id":"https:\/\/experienciadevida.com.ar\/portalurbano\/conferencia-arqueologia-de-los-llanos-de-moxos-la-riqueza-esta-en-la-diversidad\/#breadcrumb","itemListElement":[{"@type":"ListItem","position":1,"name":"Portada","item":"https:\/\/experienciadevida.com.ar\/portalurbano\/"},{"@type":"ListItem","position":2,"name":"Conferencia: \u201cArqueolog\u00eda de los Llanos de Moxos: la riqueza est\u00e1 en la diversidad\u201d"}]},{"@type":"WebSite","@id":"https:\/\/experienciadevida.com.ar\/portalurbano\/#website","url":"https:\/\/experienciadevida.com.ar\/portalurbano\/","name":"","description":"","publisher":{"@id":"https:\/\/experienciadevida.com.ar\/portalurbano\/#organization"},"potentialAction":[{"@type":"SearchAction","target":{"@type":"EntryPoint","urlTemplate":"https:\/\/experienciadevida.com.ar\/portalurbano\/?s={search_term_string}"},"query-input":"required name=search_term_string"}],"inLanguage":"es"},{"@type":"Organization","@id":"https:\/\/experienciadevida.com.ar\/portalurbano\/#organization","name":"Portal Urbano","url":"https:\/\/experienciadevida.com.ar\/portalurbano\/","logo":{"@type":"ImageObject","inLanguage":"es","@id":"https:\/\/experienciadevida.com.ar\/portalurbano\/#\/schema\/logo\/image\/","url":"https:\/\/experienciadevida.com.ar\/portalurbano\/wp-content\/uploads\/2019\/09\/Logo-Original.png","contentUrl":"https:\/\/experienciadevida.com.ar\/portalurbano\/wp-content\/uploads\/2019\/09\/Logo-Original.png","width":2236,"height":1216,"caption":"Portal Urbano"},"image":{"@id":"https:\/\/experienciadevida.com.ar\/portalurbano\/#\/schema\/logo\/image\/"},"sameAs":["https:\/\/www.facebook.com\/Portal-Urbano-171542830093757\/","https:\/\/twitter.com\/portalurbanook","https:\/\/www.instagram.com\/_portalurbano\/","https:\/\/www.youtube.com\/channel\/UCXhagIfszH8KxFiOok79zbA?view_as=subscriber"]},{"@type":"Person","@id":"https:\/\/experienciadevida.com.ar\/portalurbano\/#\/schema\/person\/02dd326b1c4b056e9cc972486934a3a7","name":"admpu17wp","image":{"@type":"ImageObject","inLanguage":"es","@id":"https:\/\/experienciadevida.com.ar\/portalurbano\/#\/schema\/person\/image\/","url":"https:\/\/secure.gravatar.com\/avatar\/830d4c57adaae6630765e449a6908047?s=96&d=mm&r=g","contentUrl":"https:\/\/secure.gravatar.com\/avatar\/830d4c57adaae6630765e449a6908047?s=96&d=mm&r=g","caption":"admpu17wp"}}]}},"featured_image_urls":{"full":["https:\/\/experienciadevida.com.ar\/portalurbano\/wp-content\/uploads\/2022\/03\/conferencia.jpg",1000,667,false],"thumbnail":["https:\/\/experienciadevida.com.ar\/portalurbano\/wp-content\/uploads\/2022\/03\/conferencia-150x150.jpg",150,150,true],"medium":["https:\/\/experienciadevida.com.ar\/portalurbano\/wp-content\/uploads\/2022\/03\/conferencia-300x200.jpg",300,200,true],"medium_large":["https:\/\/experienciadevida.com.ar\/portalurbano\/wp-content\/uploads\/2022\/03\/conferencia-768x512.jpg",640,427,true],"large":["https:\/\/experienciadevida.com.ar\/portalurbano\/wp-content\/uploads\/2022\/03\/conferencia.jpg",640,427,false],"ug_big":["https:\/\/experienciadevida.com.ar\/portalurbano\/wp-content\/uploads\/2022\/03\/conferencia-768x512.jpg",768,512,true],"1536x1536":["https:\/\/experienciadevida.com.ar\/portalurbano\/wp-content\/uploads\/2022\/03\/conferencia.jpg",1000,667,false],"2048x2048":["https:\/\/experienciadevida.com.ar\/portalurbano\/wp-content\/uploads\/2022\/03\/conferencia.jpg",1000,667,false],"newsever-slider-full":["https:\/\/experienciadevida.com.ar\/portalurbano\/wp-content\/uploads\/2022\/03\/conferencia.jpg",1000,667,false],"newsever-featured":["https:\/\/experienciadevida.com.ar\/portalurbano\/wp-content\/uploads\/2022\/03\/conferencia.jpg",1000,667,false],"newsever-medium":["https:\/\/experienciadevida.com.ar\/portalurbano\/wp-content\/uploads\/2022\/03\/conferencia.jpg",712,475,false],"web-stories-poster-portrait":["https:\/\/experienciadevida.com.ar\/portalurbano\/wp-content\/uploads\/2022\/03\/conferencia.jpg",640,427,false],"web-stories-publisher-logo":["https:\/\/experienciadevida.com.ar\/portalurbano\/wp-content\/uploads\/2022\/03\/conferencia.jpg",96,64,false],"web-stories-thumbnail":["https:\/\/experienciadevida.com.ar\/portalurbano\/wp-content\/uploads\/2022\/03\/conferencia.jpg",150,100,false]},"author_info":{"display_name":"admpu17wp","author_link":"https:\/\/experienciadevida.com.ar\/portalurbano\/author\/admpu17wp\/"},"category_info":"<a href=\"https:\/\/experienciadevida.com.ar\/portalurbano\/category\/ciudad\/educacion\/\" rel=\"category tag\">Educaci\u00f3n<\/a>","tag_info":"Educaci\u00f3n","comment_count":"0","amp_enabled":true,"_links":{"self":[{"href":"https:\/\/experienciadevida.com.ar\/portalurbano\/wp-json\/wp\/v2\/posts\/162940"}],"collection":[{"href":"https:\/\/experienciadevida.com.ar\/portalurbano\/wp-json\/wp\/v2\/posts"}],"about":[{"href":"https:\/\/experienciadevida.com.ar\/portalurbano\/wp-json\/wp\/v2\/types\/post"}],"author":[{"embeddable":true,"href":"https:\/\/experienciadevida.com.ar\/portalurbano\/wp-json\/wp\/v2\/users\/1"}],"replies":[{"embeddable":true,"href":"https:\/\/experienciadevida.com.ar\/portalurbano\/wp-json\/wp\/v2\/comments?post=162940"}],"version-history":[{"count":1,"href":"https:\/\/experienciadevida.com.ar\/portalurbano\/wp-json\/wp\/v2\/posts\/162940\/revisions"}],"predecessor-version":[{"id":162942,"href":"https:\/\/experienciadevida.com.ar\/portalurbano\/wp-json\/wp\/v2\/posts\/162940\/revisions\/162942"}],"wp:featuredmedia":[{"embeddable":true,"href":"https:\/\/experienciadevida.com.ar\/portalurbano\/wp-json\/wp\/v2\/media\/162941"}],"wp:attachment":[{"href":"https:\/\/experienciadevida.com.ar\/portalurbano\/wp-json\/wp\/v2\/media?parent=162940"}],"wp:term":[{"taxonomy":"category","embeddable":true,"href":"https:\/\/experienciadevida.com.ar\/portalurbano\/wp-json\/wp\/v2\/categories?post=162940"},{"taxonomy":"post_tag","embeddable":true,"href":"https:\/\/experienciadevida.com.ar\/portalurbano\/wp-json\/wp\/v2\/tags?post=162940"}],"curies":[{"name":"wp","href":"https:\/\/api.w.org\/{rel}","templated":true}]}}