{"id":162929,"date":"2022-03-04T19:05:10","date_gmt":"2022-03-04T22:05:10","guid":{"rendered":"https:\/\/experienciadevida.com.ar\/portalurbano\/?p=162929"},"modified":"2022-03-04T19:12:02","modified_gmt":"2022-03-04T22:12:02","slug":"8m-sociales-convoca-a-distintas-actividades-y-adhiere-al-paro-internacional-de-mujeres","status":"publish","type":"post","link":"https:\/\/experienciadevida.com.ar\/portalurbano\/8m-sociales-convoca-a-distintas-actividades-y-adhiere-al-paro-internacional-de-mujeres\/","title":{"rendered":"8M: Sociales convoca a distintas actividades y adhiere al Paro Internacional de Mujeres"},"content":{"rendered":"<p>8M: Sociales convoca a distintas actividades y adhiere al Paro Internacional de Mujeres, en el marco del D\u00eda Internacional de las Mujeres, la Facultad de Ciencias <a href=\"https:\/\/www.facebook.com\/facultadcienciassociales.unicen\">Sociales<\/a> propone diversas actividades, elaboradas en articulaci\u00f3n con otras organizaciones en conmemoraci\u00f3n a la fecha y ratificando su compromiso con la defensa de sus derechos.<\/p>\n<p>A trav\u00e9s de la Resoluci\u00f3n de Decanato N.\u00ba 027\/22 La Facultad de Ciencias Sociales adhiere al Paro Internacional de Mujeres en el marco del 8M y convoca a participar de las distintas propuestas con el fin de promover la participaci\u00f3n colectiva en espacios de debate y visibilizaci\u00f3n sobre la situaci\u00f3n actual de las mujeres y la lucha por la garant\u00eda de sus derechos.<\/p>\n<p>Cronograma de actividades<\/p>\n<p>Martes 8 de marzo<\/p>\n<p>-Adhesi\u00f3n al Paro Internacional de Mujeres.<\/p>\n<p>-10 horas &#8211; Asamblea Regional Virtual: en el marco de las l\u00edneas de trabajo que desde la UNICEN se vienen consolidando en torno a problem\u00e1ticas derivadas de las desigualdades de g\u00e9nero, el Programa de G\u00e9nero UNICEN convoca a seguir trabajando en una asamblea regional virtual en el marco del Paro Internacional. La misma se llevar\u00e1 adelante v\u00eda plataforma Zoom (ID de reuni\u00f3n: 836 7590 9470 \/\/ C\u00f3digo de acceso: 189843).<\/p>\n<p>-De 14 a 16.30 horas &#8211; Taller de arte \u201cQue tu cuerpo sea siempre amado espacio de revelaciones\u201d: la propuesta invita a la reconstrucci\u00f3n de patrones de costura para crear otras identidades. El taller es gratuito y abierto a la comunidad, estar\u00e1 a cargo de la Profesora Rosana Farana. Quienes tengan inter\u00e9s en participar deben inscribirse enviando un correo a centroculturalunicen@gmail.com. El mismo se desarrollar\u00e1 en el Centro Cultural Universitario (San Mart\u00edn 1955).<\/p>\n<p>A partir del 15 de marzo<\/p>\n<p>Muestra \u201cRefranes Populares: el lenguaje como herramienta machista\u201d: la misma presenta una serie de refranes y otras expresiones difundidas en el habla coloquial de la cultura popular, que producen discriminaci\u00f3n y violencia machista. La muestra es impulsada desde la Direcci\u00f3n de Pol\u00edticas de G\u00e9nero de la Municipalidad de Olavarr\u00eda y desarrollada en forma conjunta con el equipo de la Direcci\u00f3n de Dise\u00f1o Municipal, en base a los contenidos abordados en las jornadas de capacitaci\u00f3n sobre perspectiva de g\u00e9nero, enmarcada en la Ley Nacional 27499, m\u00e1s conocida como Ley Micaela. La misma se emplazar\u00e1 en la Facultad de Ciencias Sociales.<\/p>\n<p>Viernes 18 de marzo<\/p>\n<p>-19 horas &#8211; Obra de teatro Amores invisibles &#8211; Creaci\u00f3n Colectiva: esta obra aborda como tem\u00e1tica central la igualdad de derechos en g\u00e9nero y diversidad, y tiene como objetivo dar a conocer la historia de mujeres que han luchado (y contin\u00faan haci\u00e9ndolo) por una sociedad m\u00e1s justa e igualitaria, en Argentina y en Latinoam\u00e9rica. Se trata de un espect\u00e1culo teatral de creaci\u00f3n colectiva del Grupo Le Otre Recooparte Cooperativa, en el que participa la actriz F\u00e1tima Llano. La misma se realizar\u00e1 en el marco del Curso de Introducci\u00f3n a la Vida Universitaria (CIVU) de la FACSO.<\/p>\n<p>Otras propuestas<\/p>\n<p>-Producci\u00f3n en redes sociales del Programa Permanente de Estudios de la Mujer (PPEM) que propone visibilizar la tarea de las mujeres de las distintas unidades acad\u00e9micas y nivel pre universitario de la sede de Olavarr\u00eda de la UNICEN, en relaci\u00f3n al aporte de este trabajo en la concreci\u00f3n de los Objetivos de Desarrollo Sustentable (ODS). Instagram @ppemfacsounicen \/ Facebook PPEM. Programa Permanente de Estudios de la Mujer \/ Twitter @ppemfacsounicen<\/p>\n<p>-Producci\u00f3n en redes sociales de la Productora Audiovisual FACSO Producciones, sobre el Paro y Movilizaci\u00f3n de mujeres en la ciudad de Olavarr\u00eda. Instagram @facsoproducciones \/ Facebook FACSO Producciones \/ Twitter @FACSOProd<\/p>\n<p>-Ciclo de entrevistas \u201cMujeres de la UNICEN\u201d: se trata de una producci\u00f3n que recoge testimonios de mujeres trabajadoras de la UNICEN. Ser\u00e1 emitido a lo largo del mes de marzo en \u201cLa Tarde Radio Universidad\u201d, desde las 16 horas por Radio Universidad FM 90.1.<\/p>\n<p>Participan en la organizaci\u00f3n de estas actividades la Secretar\u00eda de Extensi\u00f3n, Bienestar y Transferencia; Centro Cultural Universitario; Programa Permanente de Estudios de la Mujer; FACSO Producciones; Radio Universidad; \u00c1rea de Cultura UNICEN y la Direcci\u00f3n de Pol\u00edticas de G\u00e9nero de la Municipalidad de Olavarr\u00eda.<\/p>\n","protected":false},"excerpt":{"rendered":"<p>8M: Sociales convoca a distintas actividades y adhiere al Paro Internacional de Mujeres, en el&#8230;<\/p>\n","protected":false},"author":1,"featured_media":162930,"comment_status":"closed","ping_status":"closed","sticky":false,"template":"","format":"standard","meta":{"content-type":""},"categories":[27],"tags":[],"nelio_content":{"isAutoShareEnabled":false,"autoShareEndMode":"default","automationSources":{"useContentSentences":true,"useSocialTemplates":true,"useCustomSentences":false,"customSentences":[]},"followers":[1],"suggestedReferences":[],"includedReferences":[],"efiUrl":"","efiAlt":"","highlights":[]},"yoast_head":"<!-- This site is optimized with the Yoast SEO plugin v20.7 - https:\/\/yoast.com\/wordpress\/plugins\/seo\/ -->\n<title>8M: Sociales convoca a distintas actividades y adhiere al paro<\/title>\n<meta name=\"description\" content=\"8M: Sociales convoca a distintas actividades y adhiere al Paro Internacional de Mujeres, proponiendo varias actividades en ese d\u00eda\" \/>\n<meta name=\"robots\" content=\"index, follow, max-snippet:-1, max-image-preview:large, max-video-preview:-1\" \/>\n<link rel=\"canonical\" href=\"https:\/\/experienciadevida.com.ar\/portalurbano\/8m-sociales-convoca-a-distintas-actividades-y-adhiere-al-paro-internacional-de-mujeres\/\" \/>\n<meta property=\"og:locale\" content=\"es_ES\" \/>\n<meta property=\"og:type\" content=\"article\" \/>\n<meta property=\"og:title\" content=\"8M: Sociales convoca a distintas actividades y adhiere al paro\" \/>\n<meta property=\"og:description\" content=\"8M: Sociales convoca a distintas actividades y adhiere al Paro Internacional de Mujeres, proponiendo varias actividades en ese d\u00eda\" \/>\n<meta property=\"og:url\" content=\"https:\/\/experienciadevida.com.ar\/portalurbano\/8m-sociales-convoca-a-distintas-actividades-y-adhiere-al-paro-internacional-de-mujeres\/\" \/>\n<meta property=\"article:publisher\" content=\"https:\/\/www.facebook.com\/Portal-Urbano-171542830093757\/\" \/>\n<meta property=\"article:published_time\" content=\"2022-03-04T22:05:10+00:00\" \/>\n<meta property=\"article:modified_time\" content=\"2022-03-04T22:12:02+00:00\" \/>\n<meta property=\"og:image\" content=\"https:\/\/experienciadevida.com.ar\/portalurbano\/wp-content\/uploads\/2022\/03\/8M.png\" \/>\n\t<meta property=\"og:image:width\" content=\"1110\" \/>\n\t<meta property=\"og:image:height\" content=\"1483\" \/>\n\t<meta property=\"og:image:type\" content=\"image\/png\" \/>\n<meta name=\"author\" content=\"admpu17wp\" \/>\n<meta name=\"twitter:card\" content=\"summary_large_image\" \/>\n<meta name=\"twitter:creator\" content=\"@portalurbanook\" \/>\n<meta name=\"twitter:site\" content=\"@portalurbanook\" \/>\n<meta name=\"twitter:label1\" content=\"Escrito por\" \/>\n\t<meta name=\"twitter:data1\" content=\"admpu17wp\" \/>\n\t<meta name=\"twitter:label2\" content=\"Tiempo de lectura\" \/>\n\t<meta name=\"twitter:data2\" content=\"4 minutos\" \/>\n<script type=\"application\/ld+json\" class=\"yoast-schema-graph\">{\"@context\":\"https:\/\/schema.org\",\"@graph\":[{\"@type\":\"Article\",\"@id\":\"https:\/\/experienciadevida.com.ar\/portalurbano\/8m-sociales-convoca-a-distintas-actividades-y-adhiere-al-paro-internacional-de-mujeres\/#article\",\"isPartOf\":{\"@id\":\"https:\/\/experienciadevida.com.ar\/portalurbano\/8m-sociales-convoca-a-distintas-actividades-y-adhiere-al-paro-internacional-de-mujeres\/\"},\"author\":{\"name\":\"admpu17wp\",\"@id\":\"https:\/\/experienciadevida.com.ar\/portalurbano\/#\/schema\/person\/02dd326b1c4b056e9cc972486934a3a7\"},\"headline\":\"8M: Sociales convoca a distintas actividades y adhiere al Paro Internacional de Mujeres\",\"datePublished\":\"2022-03-04T22:05:10+00:00\",\"dateModified\":\"2022-03-04T22:12:02+00:00\",\"mainEntityOfPage\":{\"@id\":\"https:\/\/experienciadevida.com.ar\/portalurbano\/8m-sociales-convoca-a-distintas-actividades-y-adhiere-al-paro-internacional-de-mujeres\/\"},\"wordCount\":719,\"publisher\":{\"@id\":\"https:\/\/experienciadevida.com.ar\/portalurbano\/#organization\"},\"articleSection\":[\"Ciudad\"],\"inLanguage\":\"es\"},{\"@type\":\"WebPage\",\"@id\":\"https:\/\/experienciadevida.com.ar\/portalurbano\/8m-sociales-convoca-a-distintas-actividades-y-adhiere-al-paro-internacional-de-mujeres\/\",\"url\":\"https:\/\/experienciadevida.com.ar\/portalurbano\/8m-sociales-convoca-a-distintas-actividades-y-adhiere-al-paro-internacional-de-mujeres\/\",\"name\":\"8M: Sociales convoca a distintas actividades y adhiere al paro\",\"isPartOf\":{\"@id\":\"https:\/\/experienciadevida.com.ar\/portalurbano\/#website\"},\"datePublished\":\"2022-03-04T22:05:10+00:00\",\"dateModified\":\"2022-03-04T22:12:02+00:00\",\"description\":\"8M: Sociales convoca a distintas actividades y adhiere al Paro Internacional de Mujeres, proponiendo varias actividades en ese d\u00eda\",\"breadcrumb\":{\"@id\":\"https:\/\/experienciadevida.com.ar\/portalurbano\/8m-sociales-convoca-a-distintas-actividades-y-adhiere-al-paro-internacional-de-mujeres\/#breadcrumb\"},\"inLanguage\":\"es\",\"potentialAction\":[{\"@type\":\"ReadAction\",\"target\":[\"https:\/\/experienciadevida.com.ar\/portalurbano\/8m-sociales-convoca-a-distintas-actividades-y-adhiere-al-paro-internacional-de-mujeres\/\"]}]},{\"@type\":\"BreadcrumbList\",\"@id\":\"https:\/\/experienciadevida.com.ar\/portalurbano\/8m-sociales-convoca-a-distintas-actividades-y-adhiere-al-paro-internacional-de-mujeres\/#breadcrumb\",\"itemListElement\":[{\"@type\":\"ListItem\",\"position\":1,\"name\":\"Portada\",\"item\":\"https:\/\/experienciadevida.com.ar\/portalurbano\/\"},{\"@type\":\"ListItem\",\"position\":2,\"name\":\"8M: Sociales convoca a distintas actividades y adhiere al Paro Internacional de Mujeres\"}]},{\"@type\":\"WebSite\",\"@id\":\"https:\/\/experienciadevida.com.ar\/portalurbano\/#website\",\"url\":\"https:\/\/experienciadevida.com.ar\/portalurbano\/\",\"name\":\"\",\"description\":\"\",\"publisher\":{\"@id\":\"https:\/\/experienciadevida.com.ar\/portalurbano\/#organization\"},\"potentialAction\":[{\"@type\":\"SearchAction\",\"target\":{\"@type\":\"EntryPoint\",\"urlTemplate\":\"https:\/\/experienciadevida.com.ar\/portalurbano\/?s={search_term_string}\"},\"query-input\":\"required name=search_term_string\"}],\"inLanguage\":\"es\"},{\"@type\":\"Organization\",\"@id\":\"https:\/\/experienciadevida.com.ar\/portalurbano\/#organization\",\"name\":\"Portal Urbano\",\"url\":\"https:\/\/experienciadevida.com.ar\/portalurbano\/\",\"logo\":{\"@type\":\"ImageObject\",\"inLanguage\":\"es\",\"@id\":\"https:\/\/experienciadevida.com.ar\/portalurbano\/#\/schema\/logo\/image\/\",\"url\":\"https:\/\/experienciadevida.com.ar\/portalurbano\/wp-content\/uploads\/2019\/09\/Logo-Original.png\",\"contentUrl\":\"https:\/\/experienciadevida.com.ar\/portalurbano\/wp-content\/uploads\/2019\/09\/Logo-Original.png\",\"width\":2236,\"height\":1216,\"caption\":\"Portal Urbano\"},\"image\":{\"@id\":\"https:\/\/experienciadevida.com.ar\/portalurbano\/#\/schema\/logo\/image\/\"},\"sameAs\":[\"https:\/\/www.facebook.com\/Portal-Urbano-171542830093757\/\",\"https:\/\/twitter.com\/portalurbanook\",\"https:\/\/www.instagram.com\/_portalurbano\/\",\"https:\/\/www.youtube.com\/channel\/UCXhagIfszH8KxFiOok79zbA?view_as=subscriber\"]},{\"@type\":\"Person\",\"@id\":\"https:\/\/experienciadevida.com.ar\/portalurbano\/#\/schema\/person\/02dd326b1c4b056e9cc972486934a3a7\",\"name\":\"admpu17wp\",\"image\":{\"@type\":\"ImageObject\",\"inLanguage\":\"es\",\"@id\":\"https:\/\/experienciadevida.com.ar\/portalurbano\/#\/schema\/person\/image\/\",\"url\":\"https:\/\/secure.gravatar.com\/avatar\/830d4c57adaae6630765e449a6908047?s=96&d=mm&r=g\",\"contentUrl\":\"https:\/\/secure.gravatar.com\/avatar\/830d4c57adaae6630765e449a6908047?s=96&d=mm&r=g\",\"caption\":\"admpu17wp\"}}]}<\/script>\n<!-- \/ Yoast SEO plugin. -->","yoast_head_json":{"title":"8M: Sociales convoca a distintas actividades y adhiere al paro","description":"8M: Sociales convoca a distintas actividades y adhiere al Paro Internacional de Mujeres, proponiendo varias actividades en ese d\u00eda","robots":{"index":"index","follow":"follow","max-snippet":"max-snippet:-1","max-image-preview":"max-image-preview:large","max-video-preview":"max-video-preview:-1"},"canonical":"https:\/\/experienciadevida.com.ar\/portalurbano\/8m-sociales-convoca-a-distintas-actividades-y-adhiere-al-paro-internacional-de-mujeres\/","og_locale":"es_ES","og_type":"article","og_title":"8M: Sociales convoca a distintas actividades y adhiere al paro","og_description":"8M: Sociales convoca a distintas actividades y adhiere al Paro Internacional de Mujeres, proponiendo varias actividades en ese d\u00eda","og_url":"https:\/\/experienciadevida.com.ar\/portalurbano\/8m-sociales-convoca-a-distintas-actividades-y-adhiere-al-paro-internacional-de-mujeres\/","article_publisher":"https:\/\/www.facebook.com\/Portal-Urbano-171542830093757\/","article_published_time":"2022-03-04T22:05:10+00:00","article_modified_time":"2022-03-04T22:12:02+00:00","og_image":[{"width":1110,"height":1483,"url":"https:\/\/experienciadevida.com.ar\/portalurbano\/wp-content\/uploads\/2022\/03\/8M.png","type":"image\/png"}],"author":"admpu17wp","twitter_card":"summary_large_image","twitter_creator":"@portalurbanook","twitter_site":"@portalurbanook","twitter_misc":{"Escrito por":"admpu17wp","Tiempo de lectura":"4 minutos"},"schema":{"@context":"https:\/\/schema.org","@graph":[{"@type":"Article","@id":"https:\/\/experienciadevida.com.ar\/portalurbano\/8m-sociales-convoca-a-distintas-actividades-y-adhiere-al-paro-internacional-de-mujeres\/#article","isPartOf":{"@id":"https:\/\/experienciadevida.com.ar\/portalurbano\/8m-sociales-convoca-a-distintas-actividades-y-adhiere-al-paro-internacional-de-mujeres\/"},"author":{"name":"admpu17wp","@id":"https:\/\/experienciadevida.com.ar\/portalurbano\/#\/schema\/person\/02dd326b1c4b056e9cc972486934a3a7"},"headline":"8M: Sociales convoca a distintas actividades y adhiere al Paro Internacional de Mujeres","datePublished":"2022-03-04T22:05:10+00:00","dateModified":"2022-03-04T22:12:02+00:00","mainEntityOfPage":{"@id":"https:\/\/experienciadevida.com.ar\/portalurbano\/8m-sociales-convoca-a-distintas-actividades-y-adhiere-al-paro-internacional-de-mujeres\/"},"wordCount":719,"publisher":{"@id":"https:\/\/experienciadevida.com.ar\/portalurbano\/#organization"},"articleSection":["Ciudad"],"inLanguage":"es"},{"@type":"WebPage","@id":"https:\/\/experienciadevida.com.ar\/portalurbano\/8m-sociales-convoca-a-distintas-actividades-y-adhiere-al-paro-internacional-de-mujeres\/","url":"https:\/\/experienciadevida.com.ar\/portalurbano\/8m-sociales-convoca-a-distintas-actividades-y-adhiere-al-paro-internacional-de-mujeres\/","name":"8M: Sociales convoca a distintas actividades y adhiere al paro","isPartOf":{"@id":"https:\/\/experienciadevida.com.ar\/portalurbano\/#website"},"datePublished":"2022-03-04T22:05:10+00:00","dateModified":"2022-03-04T22:12:02+00:00","description":"8M: Sociales convoca a distintas actividades y adhiere al Paro Internacional de Mujeres, proponiendo varias actividades en ese d\u00eda","breadcrumb":{"@id":"https:\/\/experienciadevida.com.ar\/portalurbano\/8m-sociales-convoca-a-distintas-actividades-y-adhiere-al-paro-internacional-de-mujeres\/#breadcrumb"},"inLanguage":"es","potentialAction":[{"@type":"ReadAction","target":["https:\/\/experienciadevida.com.ar\/portalurbano\/8m-sociales-convoca-a-distintas-actividades-y-adhiere-al-paro-internacional-de-mujeres\/"]}]},{"@type":"BreadcrumbList","@id":"https:\/\/experienciadevida.com.ar\/portalurbano\/8m-sociales-convoca-a-distintas-actividades-y-adhiere-al-paro-internacional-de-mujeres\/#breadcrumb","itemListElement":[{"@type":"ListItem","position":1,"name":"Portada","item":"https:\/\/experienciadevida.com.ar\/portalurbano\/"},{"@type":"ListItem","position":2,"name":"8M: Sociales convoca a distintas actividades y adhiere al Paro Internacional de Mujeres"}]},{"@type":"WebSite","@id":"https:\/\/experienciadevida.com.ar\/portalurbano\/#website","url":"https:\/\/experienciadevida.com.ar\/portalurbano\/","name":"","description":"","publisher":{"@id":"https:\/\/experienciadevida.com.ar\/portalurbano\/#organization"},"potentialAction":[{"@type":"SearchAction","target":{"@type":"EntryPoint","urlTemplate":"https:\/\/experienciadevida.com.ar\/portalurbano\/?s={search_term_string}"},"query-input":"required name=search_term_string"}],"inLanguage":"es"},{"@type":"Organization","@id":"https:\/\/experienciadevida.com.ar\/portalurbano\/#organization","name":"Portal Urbano","url":"https:\/\/experienciadevida.com.ar\/portalurbano\/","logo":{"@type":"ImageObject","inLanguage":"es","@id":"https:\/\/experienciadevida.com.ar\/portalurbano\/#\/schema\/logo\/image\/","url":"https:\/\/experienciadevida.com.ar\/portalurbano\/wp-content\/uploads\/2019\/09\/Logo-Original.png","contentUrl":"https:\/\/experienciadevida.com.ar\/portalurbano\/wp-content\/uploads\/2019\/09\/Logo-Original.png","width":2236,"height":1216,"caption":"Portal Urbano"},"image":{"@id":"https:\/\/experienciadevida.com.ar\/portalurbano\/#\/schema\/logo\/image\/"},"sameAs":["https:\/\/www.facebook.com\/Portal-Urbano-171542830093757\/","https:\/\/twitter.com\/portalurbanook","https:\/\/www.instagram.com\/_portalurbano\/","https:\/\/www.youtube.com\/channel\/UCXhagIfszH8KxFiOok79zbA?view_as=subscriber"]},{"@type":"Person","@id":"https:\/\/experienciadevida.com.ar\/portalurbano\/#\/schema\/person\/02dd326b1c4b056e9cc972486934a3a7","name":"admpu17wp","image":{"@type":"ImageObject","inLanguage":"es","@id":"https:\/\/experienciadevida.com.ar\/portalurbano\/#\/schema\/person\/image\/","url":"https:\/\/secure.gravatar.com\/avatar\/830d4c57adaae6630765e449a6908047?s=96&d=mm&r=g","contentUrl":"https:\/\/secure.gravatar.com\/avatar\/830d4c57adaae6630765e449a6908047?s=96&d=mm&r=g","caption":"admpu17wp"}}]}},"featured_image_urls":{"full":["https:\/\/experienciadevida.com.ar\/portalurbano\/wp-content\/uploads\/2022\/03\/8M.png",1110,1483,false],"thumbnail":["https:\/\/experienciadevida.com.ar\/portalurbano\/wp-content\/uploads\/2022\/03\/8M-150x150.png",150,150,true],"medium":["https:\/\/experienciadevida.com.ar\/portalurbano\/wp-content\/uploads\/2022\/03\/8M-225x300.png",225,300,true],"medium_large":["https:\/\/experienciadevida.com.ar\/portalurbano\/wp-content\/uploads\/2022\/03\/8M-768x1026.png",640,855,true],"large":["https:\/\/experienciadevida.com.ar\/portalurbano\/wp-content\/uploads\/2022\/03\/8M-766x1024.png",640,856,true],"ug_big":["https:\/\/experienciadevida.com.ar\/portalurbano\/wp-content\/uploads\/2022\/03\/8M-575x768.png",575,768,true],"1536x1536":["https:\/\/experienciadevida.com.ar\/portalurbano\/wp-content\/uploads\/2022\/03\/8M.png",1110,1483,false],"2048x2048":["https:\/\/experienciadevida.com.ar\/portalurbano\/wp-content\/uploads\/2022\/03\/8M.png",1110,1483,false],"newsever-slider-full":["https:\/\/experienciadevida.com.ar\/portalurbano\/wp-content\/uploads\/2022\/03\/8M.png",632,845,false],"newsever-featured":["https:\/\/experienciadevida.com.ar\/portalurbano\/wp-content\/uploads\/2022\/03\/8M.png",1024,1368,false],"newsever-medium":["https:\/\/experienciadevida.com.ar\/portalurbano\/wp-content\/uploads\/2022\/03\/8M.png",356,475,false],"web-stories-poster-portrait":["https:\/\/experienciadevida.com.ar\/portalurbano\/wp-content\/uploads\/2022\/03\/8M.png",638,853,false],"web-stories-publisher-logo":["https:\/\/experienciadevida.com.ar\/portalurbano\/wp-content\/uploads\/2022\/03\/8M.png",72,96,false],"web-stories-thumbnail":["https:\/\/experienciadevida.com.ar\/portalurbano\/wp-content\/uploads\/2022\/03\/8M.png",150,200,false]},"author_info":{"display_name":"admpu17wp","author_link":"https:\/\/experienciadevida.com.ar\/portalurbano\/author\/admpu17wp\/"},"category_info":"<a href=\"https:\/\/experienciadevida.com.ar\/portalurbano\/category\/ciudad\/\" rel=\"category tag\">Ciudad<\/a>","tag_info":"Ciudad","comment_count":"0","amp_enabled":true,"_links":{"self":[{"href":"https:\/\/experienciadevida.com.ar\/portalurbano\/wp-json\/wp\/v2\/posts\/162929"}],"collection":[{"href":"https:\/\/experienciadevida.com.ar\/portalurbano\/wp-json\/wp\/v2\/posts"}],"about":[{"href":"https:\/\/experienciadevida.com.ar\/portalurbano\/wp-json\/wp\/v2\/types\/post"}],"author":[{"embeddable":true,"href":"https:\/\/experienciadevida.com.ar\/portalurbano\/wp-json\/wp\/v2\/users\/1"}],"replies":[{"embeddable":true,"href":"https:\/\/experienciadevida.com.ar\/portalurbano\/wp-json\/wp\/v2\/comments?post=162929"}],"version-history":[{"count":3,"href":"https:\/\/experienciadevida.com.ar\/portalurbano\/wp-json\/wp\/v2\/posts\/162929\/revisions"}],"predecessor-version":[{"id":162933,"href":"https:\/\/experienciadevida.com.ar\/portalurbano\/wp-json\/wp\/v2\/posts\/162929\/revisions\/162933"}],"wp:featuredmedia":[{"embeddable":true,"href":"https:\/\/experienciadevida.com.ar\/portalurbano\/wp-json\/wp\/v2\/media\/162930"}],"wp:attachment":[{"href":"https:\/\/experienciadevida.com.ar\/portalurbano\/wp-json\/wp\/v2\/media?parent=162929"}],"wp:term":[{"taxonomy":"category","embeddable":true,"href":"https:\/\/experienciadevida.com.ar\/portalurbano\/wp-json\/wp\/v2\/categories?post=162929"},{"taxonomy":"post_tag","embeddable":true,"href":"https:\/\/experienciadevida.com.ar\/portalurbano\/wp-json\/wp\/v2\/tags?post=162929"}],"curies":[{"name":"wp","href":"https:\/\/api.w.org\/{rel}","templated":true}]}}