{"id":162907,"date":"2022-03-04T16:20:35","date_gmt":"2022-03-04T19:20:35","guid":{"rendered":"https:\/\/experienciadevida.com.ar\/portalurbano\/?p=162907"},"modified":"2022-03-04T16:32:09","modified_gmt":"2022-03-04T19:32:09","slug":"concentracion-en-pedido-de-justicia-por-malevo-queremos-estar-presentes-como-un-recordatorio","status":"publish","type":"post","link":"https:\/\/experienciadevida.com.ar\/portalurbano\/concentracion-en-pedido-de-justicia-por-malevo-queremos-estar-presentes-como-un-recordatorio\/","title":{"rendered":"Concentraci\u00f3n en pedido de justicia por Malevo: &#8220;Queremos estar presentes como un recordatorio&#8221;"},"content":{"rendered":"<p>Concentraci\u00f3n en pedido de justicia por Malevo: &#8220;Queremos estar presentes como un recordatorio&#8221;, as\u00ed lo dijo la abogada representante de <a href=\"https:\/\/www.facebook.com\/protectoraapoaa\">APOAA<\/a> Beatr\u00edz \u00c1lvarez sobre el asesinato del animal.<\/p>\n<p><a href=\"https:\/\/experienciadevida.com.ar\/portalurbano\/concentracion-en-pedido-de-justicia-por-malevo-queremos-estar-presentes-como-un-recordatorio\/concentracion-11\/\" rel=\"attachment wp-att-162912\"><img decoding=\"async\" class=\"alignnone size-full wp-image-162912\" src=\"https:\/\/experienciadevida.com.ar\/portalurbano\/wp-content\/uploads\/2022\/03\/Concentracion.jpg\" alt=\"Concentraci\u00f3n \" width=\"765\" height=\"510\" srcset=\"https:\/\/experienciadevida.com.ar\/portalurbano\/wp-content\/uploads\/2022\/03\/Concentracion.jpg 765w, https:\/\/experienciadevida.com.ar\/portalurbano\/wp-content\/uploads\/2022\/03\/Concentracion-300x200.jpg 300w\" sizes=\"(max-width: 765px) 100vw, 765px\" \/><\/a><\/p>\n<p>Al mediod\u00eda de este viernes proteccionistas y autoconvocados se concentraron en el regimiento para pedir justicia por Malevo. El Jefe del Regimiento inform\u00f3 que el militar qued\u00f3 suspendido mientras se llevan adelante actuaciones administrativas e investigaciones.<\/p>\n<p>En el lugar la abogada dialog\u00f3 con los medios de comunicaci\u00f3n presentes &#8220;queremos estar presentes como un recordatorio al perro y decirles a los vecinos que acompa\u00f1en para que su nombre no quede en el olvido, sabemos que no est\u00e1n olvidados porque la causa est\u00e1 \u00e1gil, ya est\u00e1 todo en manos de la fiscal\u00eda, hoy a la ma\u00f1ana se tom\u00f3 declaraci\u00f3n a cinco testigos del ej\u00e9rcito. Tenemos una colaboraci\u00f3n perfecta, se han mostrado muy predispuestos ellos mismos se presentaron la semana pasada a hacer la denuncia en la fiscal\u00eda competente en estos casos&#8221;.<\/p>\n<p>&#8220;Estoy bastante asombrada de lo r\u00e1pido y bien que est\u00e1 transcurriendo esto. Reci\u00e9n se est\u00e1n llevando a cabo las tareas judiciales, como reuni\u00f3n de las pruebas, vamos a pedir la aplicaci\u00f3n de la ley 14346, entendemos que adem\u00e1s de las sanciones que le corresponden administrativas, queremos proseguir la causa judicial&#8221;.<\/p>\n<p>Por otro lado dijo &#8220;desde APOAA estamos esperando que est\u00e9 caratulada la causa para presentarnos en Azul como querellantes, esto es, para poder impulsar el procedimiento, pedir medidas de prueba, para poder participar, y el resto de las chicas son las quienes convocan a las movilizaciones&#8221;.<\/p>\n<p>&#8220;Se est\u00e1 trabajando para que esto se convierta en un caso emblem\u00e1tico y concientizar en la gente que los animales tienen derechos, hay gente que est\u00e1n ocup\u00e1ndose de defenderlo. Estoy realmente asombrada por el trabajo de la polic\u00eda&#8221;.<\/p>\n<p><a href=\"https:\/\/experienciadevida.com.ar\/portalurbano\/concentracion-en-pedido-de-justicia-por-malevo-queremos-estar-presentes-como-un-recordatorio\/en-5\/\" rel=\"attachment wp-att-162914\"><img decoding=\"async\" class=\"alignnone size-full wp-image-162914\" src=\"https:\/\/experienciadevida.com.ar\/portalurbano\/wp-content\/uploads\/2022\/03\/en.jpg\" alt=\"en \" width=\"765\" height=\"510\" srcset=\"https:\/\/experienciadevida.com.ar\/portalurbano\/wp-content\/uploads\/2022\/03\/en.jpg 765w, https:\/\/experienciadevida.com.ar\/portalurbano\/wp-content\/uploads\/2022\/03\/en-300x200.jpg 300w\" sizes=\"(max-width: 765px) 100vw, 765px\" \/><\/a><\/p>\n<p><a href=\"https:\/\/experienciadevida.com.ar\/portalurbano\/concentracion-en-pedido-de-justicia-por-malevo-queremos-estar-presentes-como-un-recordatorio\/pedido-2\/\" rel=\"attachment wp-att-162916\"><img decoding=\"async\" class=\"alignnone size-full wp-image-162916\" src=\"https:\/\/experienciadevida.com.ar\/portalurbano\/wp-content\/uploads\/2022\/03\/pedido.jpg\" alt=\"pedido \" width=\"765\" height=\"510\" srcset=\"https:\/\/experienciadevida.com.ar\/portalurbano\/wp-content\/uploads\/2022\/03\/pedido.jpg 765w, https:\/\/experienciadevida.com.ar\/portalurbano\/wp-content\/uploads\/2022\/03\/pedido-300x200.jpg 300w\" sizes=\"(max-width: 765px) 100vw, 765px\" \/><\/a><\/p>\n<p><a href=\"https:\/\/experienciadevida.com.ar\/portalurbano\/concentracion-en-pedido-de-justicia-por-malevo-queremos-estar-presentes-como-un-recordatorio\/de-14\/\" rel=\"attachment wp-att-162917\"><img decoding=\"async\" class=\"alignnone size-full wp-image-162917\" src=\"https:\/\/experienciadevida.com.ar\/portalurbano\/wp-content\/uploads\/2022\/03\/de.jpg\" alt=\"de \" width=\"765\" height=\"510\" srcset=\"https:\/\/experienciadevida.com.ar\/portalurbano\/wp-content\/uploads\/2022\/03\/de.jpg 765w, https:\/\/experienciadevida.com.ar\/portalurbano\/wp-content\/uploads\/2022\/03\/de-300x200.jpg 300w\" sizes=\"(max-width: 765px) 100vw, 765px\" \/><\/a><\/p>\n","protected":false},"excerpt":{"rendered":"<p>Concentraci\u00f3n en pedido de justicia por Malevo: &#8220;Queremos estar presentes como un recordatorio&#8221;, as\u00ed lo&#8230;<\/p>\n","protected":false},"author":1,"featured_media":162908,"comment_status":"closed","ping_status":"closed","sticky":false,"template":"","format":"standard","meta":{"content-type":""},"categories":[27,64],"tags":[],"nelio_content":{"isAutoShareEnabled":false,"autoShareEndMode":"default","automationSources":{"useContentSentences":true,"useSocialTemplates":true,"useCustomSentences":false,"customSentences":[]},"followers":[1],"suggestedReferences":[],"includedReferences":[],"efiUrl":"","efiAlt":"","highlights":[]},"yoast_head":"<!-- This site is optimized with the Yoast SEO plugin v20.7 - https:\/\/yoast.com\/wordpress\/plugins\/seo\/ -->\n<title>Concentraci\u00f3n en pedido de justicia por Malevo: &quot;Queremos estar&quot;<\/title>\n<meta name=\"description\" content=\"Concentraci\u00f3n en pedido de justicia por Malevo: &quot;Queremos estar presentes como un recordatorio&quot;, as\u00ed lo dijo la abogada\" \/>\n<meta name=\"robots\" content=\"index, follow, max-snippet:-1, max-image-preview:large, max-video-preview:-1\" \/>\n<link rel=\"canonical\" href=\"https:\/\/experienciadevida.com.ar\/portalurbano\/concentracion-en-pedido-de-justicia-por-malevo-queremos-estar-presentes-como-un-recordatorio\/\" \/>\n<meta property=\"og:locale\" content=\"es_ES\" \/>\n<meta property=\"og:type\" content=\"article\" \/>\n<meta property=\"og:title\" content=\"Concentraci\u00f3n en pedido de justicia por Malevo: &quot;Queremos estar&quot;\" \/>\n<meta property=\"og:description\" content=\"Concentraci\u00f3n en pedido de justicia por Malevo: &quot;Queremos estar presentes como un recordatorio&quot;, as\u00ed lo dijo la abogada\" \/>\n<meta property=\"og:url\" content=\"https:\/\/experienciadevida.com.ar\/portalurbano\/concentracion-en-pedido-de-justicia-por-malevo-queremos-estar-presentes-como-un-recordatorio\/\" \/>\n<meta property=\"article:publisher\" content=\"https:\/\/www.facebook.com\/Portal-Urbano-171542830093757\/\" \/>\n<meta property=\"article:published_time\" content=\"2022-03-04T19:20:35+00:00\" \/>\n<meta property=\"article:modified_time\" content=\"2022-03-04T19:32:09+00:00\" \/>\n<meta property=\"og:image\" content=\"https:\/\/experienciadevida.com.ar\/portalurbano\/wp-content\/uploads\/2022\/03\/Concentracion-en-pedido-de.jpg\" \/>\n\t<meta property=\"og:image:width\" content=\"765\" \/>\n\t<meta property=\"og:image:height\" content=\"510\" \/>\n\t<meta property=\"og:image:type\" content=\"image\/jpeg\" \/>\n<meta name=\"author\" content=\"admpu17wp\" \/>\n<meta name=\"twitter:card\" content=\"summary_large_image\" \/>\n<meta name=\"twitter:creator\" content=\"@portalurbanook\" \/>\n<meta name=\"twitter:site\" content=\"@portalurbanook\" \/>\n<meta name=\"twitter:label1\" content=\"Escrito por\" \/>\n\t<meta name=\"twitter:data1\" content=\"admpu17wp\" \/>\n\t<meta name=\"twitter:label2\" content=\"Tiempo de lectura\" \/>\n\t<meta name=\"twitter:data2\" content=\"2 minutos\" \/>\n<script type=\"application\/ld+json\" class=\"yoast-schema-graph\">{\"@context\":\"https:\/\/schema.org\",\"@graph\":[{\"@type\":\"Article\",\"@id\":\"https:\/\/experienciadevida.com.ar\/portalurbano\/concentracion-en-pedido-de-justicia-por-malevo-queremos-estar-presentes-como-un-recordatorio\/#article\",\"isPartOf\":{\"@id\":\"https:\/\/experienciadevida.com.ar\/portalurbano\/concentracion-en-pedido-de-justicia-por-malevo-queremos-estar-presentes-como-un-recordatorio\/\"},\"author\":{\"name\":\"admpu17wp\",\"@id\":\"https:\/\/experienciadevida.com.ar\/portalurbano\/#\/schema\/person\/02dd326b1c4b056e9cc972486934a3a7\"},\"headline\":\"Concentraci\u00f3n en pedido de justicia por Malevo: &#8220;Queremos estar presentes como un recordatorio&#8221;\",\"datePublished\":\"2022-03-04T19:20:35+00:00\",\"dateModified\":\"2022-03-04T19:32:09+00:00\",\"mainEntityOfPage\":{\"@id\":\"https:\/\/experienciadevida.com.ar\/portalurbano\/concentracion-en-pedido-de-justicia-por-malevo-queremos-estar-presentes-como-un-recordatorio\/\"},\"wordCount\":326,\"publisher\":{\"@id\":\"https:\/\/experienciadevida.com.ar\/portalurbano\/#organization\"},\"articleSection\":[\"Ciudad\",\"Destacadas 2\"],\"inLanguage\":\"es\"},{\"@type\":\"WebPage\",\"@id\":\"https:\/\/experienciadevida.com.ar\/portalurbano\/concentracion-en-pedido-de-justicia-por-malevo-queremos-estar-presentes-como-un-recordatorio\/\",\"url\":\"https:\/\/experienciadevida.com.ar\/portalurbano\/concentracion-en-pedido-de-justicia-por-malevo-queremos-estar-presentes-como-un-recordatorio\/\",\"name\":\"Concentraci\u00f3n en pedido de justicia por Malevo: \\\"Queremos estar\\\"\",\"isPartOf\":{\"@id\":\"https:\/\/experienciadevida.com.ar\/portalurbano\/#website\"},\"datePublished\":\"2022-03-04T19:20:35+00:00\",\"dateModified\":\"2022-03-04T19:32:09+00:00\",\"description\":\"Concentraci\u00f3n en pedido de justicia por Malevo: \\\"Queremos estar presentes como un recordatorio\\\", as\u00ed lo dijo la abogada\",\"breadcrumb\":{\"@id\":\"https:\/\/experienciadevida.com.ar\/portalurbano\/concentracion-en-pedido-de-justicia-por-malevo-queremos-estar-presentes-como-un-recordatorio\/#breadcrumb\"},\"inLanguage\":\"es\",\"potentialAction\":[{\"@type\":\"ReadAction\",\"target\":[\"https:\/\/experienciadevida.com.ar\/portalurbano\/concentracion-en-pedido-de-justicia-por-malevo-queremos-estar-presentes-como-un-recordatorio\/\"]}]},{\"@type\":\"BreadcrumbList\",\"@id\":\"https:\/\/experienciadevida.com.ar\/portalurbano\/concentracion-en-pedido-de-justicia-por-malevo-queremos-estar-presentes-como-un-recordatorio\/#breadcrumb\",\"itemListElement\":[{\"@type\":\"ListItem\",\"position\":1,\"name\":\"Portada\",\"item\":\"https:\/\/experienciadevida.com.ar\/portalurbano\/\"},{\"@type\":\"ListItem\",\"position\":2,\"name\":\"Concentraci\u00f3n en pedido de justicia por Malevo: \u00abQueremos estar presentes como un recordatorio\u00bb\"}]},{\"@type\":\"WebSite\",\"@id\":\"https:\/\/experienciadevida.com.ar\/portalurbano\/#website\",\"url\":\"https:\/\/experienciadevida.com.ar\/portalurbano\/\",\"name\":\"\",\"description\":\"\",\"publisher\":{\"@id\":\"https:\/\/experienciadevida.com.ar\/portalurbano\/#organization\"},\"potentialAction\":[{\"@type\":\"SearchAction\",\"target\":{\"@type\":\"EntryPoint\",\"urlTemplate\":\"https:\/\/experienciadevida.com.ar\/portalurbano\/?s={search_term_string}\"},\"query-input\":\"required name=search_term_string\"}],\"inLanguage\":\"es\"},{\"@type\":\"Organization\",\"@id\":\"https:\/\/experienciadevida.com.ar\/portalurbano\/#organization\",\"name\":\"Portal Urbano\",\"url\":\"https:\/\/experienciadevida.com.ar\/portalurbano\/\",\"logo\":{\"@type\":\"ImageObject\",\"inLanguage\":\"es\",\"@id\":\"https:\/\/experienciadevida.com.ar\/portalurbano\/#\/schema\/logo\/image\/\",\"url\":\"https:\/\/experienciadevida.com.ar\/portalurbano\/wp-content\/uploads\/2019\/09\/Logo-Original.png\",\"contentUrl\":\"https:\/\/experienciadevida.com.ar\/portalurbano\/wp-content\/uploads\/2019\/09\/Logo-Original.png\",\"width\":2236,\"height\":1216,\"caption\":\"Portal Urbano\"},\"image\":{\"@id\":\"https:\/\/experienciadevida.com.ar\/portalurbano\/#\/schema\/logo\/image\/\"},\"sameAs\":[\"https:\/\/www.facebook.com\/Portal-Urbano-171542830093757\/\",\"https:\/\/twitter.com\/portalurbanook\",\"https:\/\/www.instagram.com\/_portalurbano\/\",\"https:\/\/www.youtube.com\/channel\/UCXhagIfszH8KxFiOok79zbA?view_as=subscriber\"]},{\"@type\":\"Person\",\"@id\":\"https:\/\/experienciadevida.com.ar\/portalurbano\/#\/schema\/person\/02dd326b1c4b056e9cc972486934a3a7\",\"name\":\"admpu17wp\",\"image\":{\"@type\":\"ImageObject\",\"inLanguage\":\"es\",\"@id\":\"https:\/\/experienciadevida.com.ar\/portalurbano\/#\/schema\/person\/image\/\",\"url\":\"https:\/\/secure.gravatar.com\/avatar\/830d4c57adaae6630765e449a6908047?s=96&d=mm&r=g\",\"contentUrl\":\"https:\/\/secure.gravatar.com\/avatar\/830d4c57adaae6630765e449a6908047?s=96&d=mm&r=g\",\"caption\":\"admpu17wp\"}}]}<\/script>\n<!-- \/ Yoast SEO plugin. -->","yoast_head_json":{"title":"Concentraci\u00f3n en pedido de justicia por Malevo: \"Queremos estar\"","description":"Concentraci\u00f3n en pedido de justicia por Malevo: \"Queremos estar presentes como un recordatorio\", as\u00ed lo dijo la abogada","robots":{"index":"index","follow":"follow","max-snippet":"max-snippet:-1","max-image-preview":"max-image-preview:large","max-video-preview":"max-video-preview:-1"},"canonical":"https:\/\/experienciadevida.com.ar\/portalurbano\/concentracion-en-pedido-de-justicia-por-malevo-queremos-estar-presentes-como-un-recordatorio\/","og_locale":"es_ES","og_type":"article","og_title":"Concentraci\u00f3n en pedido de justicia por Malevo: \"Queremos estar\"","og_description":"Concentraci\u00f3n en pedido de justicia por Malevo: \"Queremos estar presentes como un recordatorio\", as\u00ed lo dijo la abogada","og_url":"https:\/\/experienciadevida.com.ar\/portalurbano\/concentracion-en-pedido-de-justicia-por-malevo-queremos-estar-presentes-como-un-recordatorio\/","article_publisher":"https:\/\/www.facebook.com\/Portal-Urbano-171542830093757\/","article_published_time":"2022-03-04T19:20:35+00:00","article_modified_time":"2022-03-04T19:32:09+00:00","og_image":[{"width":765,"height":510,"url":"https:\/\/experienciadevida.com.ar\/portalurbano\/wp-content\/uploads\/2022\/03\/Concentracion-en-pedido-de.jpg","type":"image\/jpeg"}],"author":"admpu17wp","twitter_card":"summary_large_image","twitter_creator":"@portalurbanook","twitter_site":"@portalurbanook","twitter_misc":{"Escrito por":"admpu17wp","Tiempo de lectura":"2 minutos"},"schema":{"@context":"https:\/\/schema.org","@graph":[{"@type":"Article","@id":"https:\/\/experienciadevida.com.ar\/portalurbano\/concentracion-en-pedido-de-justicia-por-malevo-queremos-estar-presentes-como-un-recordatorio\/#article","isPartOf":{"@id":"https:\/\/experienciadevida.com.ar\/portalurbano\/concentracion-en-pedido-de-justicia-por-malevo-queremos-estar-presentes-como-un-recordatorio\/"},"author":{"name":"admpu17wp","@id":"https:\/\/experienciadevida.com.ar\/portalurbano\/#\/schema\/person\/02dd326b1c4b056e9cc972486934a3a7"},"headline":"Concentraci\u00f3n en pedido de justicia por Malevo: &#8220;Queremos estar presentes como un recordatorio&#8221;","datePublished":"2022-03-04T19:20:35+00:00","dateModified":"2022-03-04T19:32:09+00:00","mainEntityOfPage":{"@id":"https:\/\/experienciadevida.com.ar\/portalurbano\/concentracion-en-pedido-de-justicia-por-malevo-queremos-estar-presentes-como-un-recordatorio\/"},"wordCount":326,"publisher":{"@id":"https:\/\/experienciadevida.com.ar\/portalurbano\/#organization"},"articleSection":["Ciudad","Destacadas 2"],"inLanguage":"es"},{"@type":"WebPage","@id":"https:\/\/experienciadevida.com.ar\/portalurbano\/concentracion-en-pedido-de-justicia-por-malevo-queremos-estar-presentes-como-un-recordatorio\/","url":"https:\/\/experienciadevida.com.ar\/portalurbano\/concentracion-en-pedido-de-justicia-por-malevo-queremos-estar-presentes-como-un-recordatorio\/","name":"Concentraci\u00f3n en pedido de justicia por Malevo: \"Queremos estar\"","isPartOf":{"@id":"https:\/\/experienciadevida.com.ar\/portalurbano\/#website"},"datePublished":"2022-03-04T19:20:35+00:00","dateModified":"2022-03-04T19:32:09+00:00","description":"Concentraci\u00f3n en pedido de justicia por Malevo: \"Queremos estar presentes como un recordatorio\", as\u00ed lo dijo la abogada","breadcrumb":{"@id":"https:\/\/experienciadevida.com.ar\/portalurbano\/concentracion-en-pedido-de-justicia-por-malevo-queremos-estar-presentes-como-un-recordatorio\/#breadcrumb"},"inLanguage":"es","potentialAction":[{"@type":"ReadAction","target":["https:\/\/experienciadevida.com.ar\/portalurbano\/concentracion-en-pedido-de-justicia-por-malevo-queremos-estar-presentes-como-un-recordatorio\/"]}]},{"@type":"BreadcrumbList","@id":"https:\/\/experienciadevida.com.ar\/portalurbano\/concentracion-en-pedido-de-justicia-por-malevo-queremos-estar-presentes-como-un-recordatorio\/#breadcrumb","itemListElement":[{"@type":"ListItem","position":1,"name":"Portada","item":"https:\/\/experienciadevida.com.ar\/portalurbano\/"},{"@type":"ListItem","position":2,"name":"Concentraci\u00f3n en pedido de justicia por Malevo: \u00abQueremos estar presentes como un recordatorio\u00bb"}]},{"@type":"WebSite","@id":"https:\/\/experienciadevida.com.ar\/portalurbano\/#website","url":"https:\/\/experienciadevida.com.ar\/portalurbano\/","name":"","description":"","publisher":{"@id":"https:\/\/experienciadevida.com.ar\/portalurbano\/#organization"},"potentialAction":[{"@type":"SearchAction","target":{"@type":"EntryPoint","urlTemplate":"https:\/\/experienciadevida.com.ar\/portalurbano\/?s={search_term_string}"},"query-input":"required name=search_term_string"}],"inLanguage":"es"},{"@type":"Organization","@id":"https:\/\/experienciadevida.com.ar\/portalurbano\/#organization","name":"Portal Urbano","url":"https:\/\/experienciadevida.com.ar\/portalurbano\/","logo":{"@type":"ImageObject","inLanguage":"es","@id":"https:\/\/experienciadevida.com.ar\/portalurbano\/#\/schema\/logo\/image\/","url":"https:\/\/experienciadevida.com.ar\/portalurbano\/wp-content\/uploads\/2019\/09\/Logo-Original.png","contentUrl":"https:\/\/experienciadevida.com.ar\/portalurbano\/wp-content\/uploads\/2019\/09\/Logo-Original.png","width":2236,"height":1216,"caption":"Portal Urbano"},"image":{"@id":"https:\/\/experienciadevida.com.ar\/portalurbano\/#\/schema\/logo\/image\/"},"sameAs":["https:\/\/www.facebook.com\/Portal-Urbano-171542830093757\/","https:\/\/twitter.com\/portalurbanook","https:\/\/www.instagram.com\/_portalurbano\/","https:\/\/www.youtube.com\/channel\/UCXhagIfszH8KxFiOok79zbA?view_as=subscriber"]},{"@type":"Person","@id":"https:\/\/experienciadevida.com.ar\/portalurbano\/#\/schema\/person\/02dd326b1c4b056e9cc972486934a3a7","name":"admpu17wp","image":{"@type":"ImageObject","inLanguage":"es","@id":"https:\/\/experienciadevida.com.ar\/portalurbano\/#\/schema\/person\/image\/","url":"https:\/\/secure.gravatar.com\/avatar\/830d4c57adaae6630765e449a6908047?s=96&d=mm&r=g","contentUrl":"https:\/\/secure.gravatar.com\/avatar\/830d4c57adaae6630765e449a6908047?s=96&d=mm&r=g","caption":"admpu17wp"}}]}},"featured_image_urls":{"full":["https:\/\/experienciadevida.com.ar\/portalurbano\/wp-content\/uploads\/2022\/03\/Concentracion-en-pedido-de.jpg",765,510,false],"thumbnail":["https:\/\/experienciadevida.com.ar\/portalurbano\/wp-content\/uploads\/2022\/03\/Concentracion-en-pedido-de-150x150.jpg",150,150,true],"medium":["https:\/\/experienciadevida.com.ar\/portalurbano\/wp-content\/uploads\/2022\/03\/Concentracion-en-pedido-de-300x200.jpg",300,200,true],"medium_large":["https:\/\/experienciadevida.com.ar\/portalurbano\/wp-content\/uploads\/2022\/03\/Concentracion-en-pedido-de.jpg",640,427,false],"large":["https:\/\/experienciadevida.com.ar\/portalurbano\/wp-content\/uploads\/2022\/03\/Concentracion-en-pedido-de.jpg",640,427,false],"ug_big":["https:\/\/experienciadevida.com.ar\/portalurbano\/wp-content\/uploads\/2022\/03\/Concentracion-en-pedido-de.jpg",765,510,false],"1536x1536":["https:\/\/experienciadevida.com.ar\/portalurbano\/wp-content\/uploads\/2022\/03\/Concentracion-en-pedido-de.jpg",765,510,false],"2048x2048":["https:\/\/experienciadevida.com.ar\/portalurbano\/wp-content\/uploads\/2022\/03\/Concentracion-en-pedido-de.jpg",765,510,false],"newsever-slider-full":["https:\/\/experienciadevida.com.ar\/portalurbano\/wp-content\/uploads\/2022\/03\/Concentracion-en-pedido-de.jpg",765,510,false],"newsever-featured":["https:\/\/experienciadevida.com.ar\/portalurbano\/wp-content\/uploads\/2022\/03\/Concentracion-en-pedido-de.jpg",765,510,false],"newsever-medium":["https:\/\/experienciadevida.com.ar\/portalurbano\/wp-content\/uploads\/2022\/03\/Concentracion-en-pedido-de.jpg",713,475,false],"web-stories-poster-portrait":["https:\/\/experienciadevida.com.ar\/portalurbano\/wp-content\/uploads\/2022\/03\/Concentracion-en-pedido-de.jpg",640,427,false],"web-stories-publisher-logo":["https:\/\/experienciadevida.com.ar\/portalurbano\/wp-content\/uploads\/2022\/03\/Concentracion-en-pedido-de.jpg",96,64,false],"web-stories-thumbnail":["https:\/\/experienciadevida.com.ar\/portalurbano\/wp-content\/uploads\/2022\/03\/Concentracion-en-pedido-de.jpg",150,100,false]},"author_info":{"display_name":"admpu17wp","author_link":"https:\/\/experienciadevida.com.ar\/portalurbano\/author\/admpu17wp\/"},"category_info":"<a href=\"https:\/\/experienciadevida.com.ar\/portalurbano\/category\/ciudad\/\" rel=\"category tag\">Ciudad<\/a> <a href=\"https:\/\/experienciadevida.com.ar\/portalurbano\/category\/destacadas-2\/\" rel=\"category tag\">Destacadas 2<\/a>","tag_info":"Destacadas 2","comment_count":"0","amp_enabled":true,"_links":{"self":[{"href":"https:\/\/experienciadevida.com.ar\/portalurbano\/wp-json\/wp\/v2\/posts\/162907"}],"collection":[{"href":"https:\/\/experienciadevida.com.ar\/portalurbano\/wp-json\/wp\/v2\/posts"}],"about":[{"href":"https:\/\/experienciadevida.com.ar\/portalurbano\/wp-json\/wp\/v2\/types\/post"}],"author":[{"embeddable":true,"href":"https:\/\/experienciadevida.com.ar\/portalurbano\/wp-json\/wp\/v2\/users\/1"}],"replies":[{"embeddable":true,"href":"https:\/\/experienciadevida.com.ar\/portalurbano\/wp-json\/wp\/v2\/comments?post=162907"}],"version-history":[{"count":6,"href":"https:\/\/experienciadevida.com.ar\/portalurbano\/wp-json\/wp\/v2\/posts\/162907\/revisions"}],"predecessor-version":[{"id":162918,"href":"https:\/\/experienciadevida.com.ar\/portalurbano\/wp-json\/wp\/v2\/posts\/162907\/revisions\/162918"}],"wp:featuredmedia":[{"embeddable":true,"href":"https:\/\/experienciadevida.com.ar\/portalurbano\/wp-json\/wp\/v2\/media\/162908"}],"wp:attachment":[{"href":"https:\/\/experienciadevida.com.ar\/portalurbano\/wp-json\/wp\/v2\/media?parent=162907"}],"wp:term":[{"taxonomy":"category","embeddable":true,"href":"https:\/\/experienciadevida.com.ar\/portalurbano\/wp-json\/wp\/v2\/categories?post=162907"},{"taxonomy":"post_tag","embeddable":true,"href":"https:\/\/experienciadevida.com.ar\/portalurbano\/wp-json\/wp\/v2\/tags?post=162907"}],"curies":[{"name":"wp","href":"https:\/\/api.w.org\/{rel}","templated":true}]}}