{"id":162846,"date":"2022-03-03T17:50:34","date_gmt":"2022-03-03T20:50:34","guid":{"rendered":"https:\/\/experienciadevida.com.ar\/portalurbano\/?p=162846"},"modified":"2022-03-03T17:51:08","modified_gmt":"2022-03-03T20:51:08","slug":"la-fio-avanza-con-la-capacitacion-online-sobre-energias-renovables-en-loberia","status":"publish","type":"post","link":"https:\/\/experienciadevida.com.ar\/portalurbano\/la-fio-avanza-con-la-capacitacion-online-sobre-energias-renovables-en-loberia\/","title":{"rendered":"La FIO avanza con la capacitaci\u00f3n online sobre energ\u00edas renovables en Lober\u00eda"},"content":{"rendered":"<p>La <a href=\"https:\/\/www.facebook.com\/FIO.UNICEN\">FIO<\/a> avanza con la capacitaci\u00f3n online sobre energ\u00edas renovables en Lober\u00eda, es en el marco del segundo semestre de la Diplomatura en Energ\u00edas Renovables y Tecnolog\u00edas para el Desarrollo Sustentable que la facultad dicta a trav\u00e9s de un convenio con el municipio costero.<\/p>\n<p>En la agenda 2022 hay un seminario sobre energ\u00eda y dos cursos sobre tecnolog\u00edas ambientales y formulaci\u00f3n de proyectos.<\/p>\n<p>Tecnolog\u00edas Ambientales, formulaci\u00f3n de proyectos y almacenamiento de energ\u00eda en supercapacitores ser\u00e1n los ejes de las capacitaciones previstas que se dictar\u00e1n a trav\u00e9s del Municipio de Lober\u00eda, en el marco de la Diplomatura en Energ\u00edas Renovables y Tecnolog\u00edas para el Desarrollo Sustentable 2021. La iniciativa es impulsada por la Facultad de Ingenier\u00eda de la UNICEN y forma parte de un acuerdo de vinculaci\u00f3n firmado con ese distrito costero.<\/p>\n<p>Pero m\u00e1s all\u00e1 de este acuerdo puntual, la propuesta tiene ediciones previas desde su primer intento en 2018, con un alto nivel de convocatoria y por ese motivo las\/os referentes de la FIO decidieron seguir apostando a este tipo de formaci\u00f3n asociada a las ciencias ambientales.<\/p>\n<p>Sin embargo, la pandemia posterg\u00f3 los planes hasta que, finalmente, oblig\u00f3 a redefinir el formato y lanzar una capacitaci\u00f3n online sobre energ\u00edas alternativas en funci\u00f3n de un convenio vigente desde 2019 entre Ingenier\u00eda y la Municipalidad de Lober\u00eda, para trabajar la eficiencia energ\u00e9tica y capacitar personas en el \u00e1rea de las energ\u00edas renovables.<\/p>\n<p>La FIO avanza con la capacitaci\u00f3n online sobre energ\u00edas renovables en Lober\u00eda, en julio de 2021 se abri\u00f3 la cursada de manera virtual que se retomar\u00e1 en marzo de 2022 para cumplir con el dictado del segundo semestre de la diplomatura. Uno de los seminarios que se dictar\u00e1n ser\u00e1 sobre \u201cAlmacenamiento de energ\u00eda en supercapacitores\u201d. La iniciativa estar\u00e1 a cargo de la doctora Marcela Bavio, la ingeniera Florencia Jerez y el ingeniero Federico Ponce y se dictar\u00e1 el 9 de marzo a las 18.<\/p>\n<p>La agenda de contenidos tambi\u00e9n contempla otros dos cursos, uno de los cuales es sobre \u201cTecnolog\u00edas Ambientales\u201d, que ser\u00e1 dictado por la licenciada Romina Baldi y Luciano Villalba, prevista del 14 de marzo al 4 de abril. El objetivo de este curso es introducir conceptos sobre tecnolog\u00edas ambientales y acciones de mitigaci\u00f3n de impactos ambientales en el contexto del cambio clim\u00e1tico y desarrollos sustentable, a trav\u00e9s del an\u00e1lisis de proyectos tecnol\u00f3gicos y manejo de la legislaci\u00f3n ambiental.<\/p>\n<p>El otro curso apunta a la \u201cFormulaci\u00f3n de Proyectos\u201d, que ser\u00e1 abordado por el Mg. Ing Gabriel Blanco y tiene como prop\u00f3sito que las\/os alumnas\/os piensen la formulaci\u00f3n de proyectos productivos y su evaluaci\u00f3n a trav\u00e9s de nuevos enfoques y herramientas que integran a los aspectos t\u00e9cnicos, econ\u00f3micos, ambientales y sociales inherentes asociados al desarrollo e implementaci\u00f3n de todo proyecto. Se extender\u00e1 desde el 11 de abril al 2 de mayo.<\/p>\n<p>Otra de las actividades previstas en el marco de la Diplomatura ser\u00e1 la visita de campo, que tambi\u00e9n se desarrollar\u00e1 en el transcurso de este a\u00f1o.<\/p>\n<p>Tecnolog\u00edas Ambientales, formulaci\u00f3n de proyectos y almacenamiento de energ\u00eda en supercapacitores ser\u00e1n los ejes de las capacitaciones previstas que se dictar\u00e1n a trav\u00e9s del Municipio de Lober\u00eda, en el marco de la Diplomatura en Energ\u00edas Renovables y Tecnolog\u00edas para el Desarrollo Sustentable 2021. La iniciativa es impulsada por la Facultad de Ingenier\u00eda de la UNICEN y forma parte de un acuerdo de vinculaci\u00f3n firmado con ese distrito costero.<\/p>\n<p>Pero m\u00e1s all\u00e1 de este acuerdo puntual, la propuesta tiene ediciones previas desde su primer intento en 2018, con un alto nivel de convocatoria y por ese motivo las\/os referentes de la FIO decidieron seguir apostando a este tipo de formaci\u00f3n asociada a las ciencias ambientales.<\/p>\n<p>Sin embargo, la pandemia posterg\u00f3 los planes hasta que, finalmente, oblig\u00f3 a redefinir el formato y lanzar una capacitaci\u00f3n online sobre energ\u00edas alternativas en funci\u00f3n de un convenio vigente desde 2019 entre Ingenier\u00eda y la Municipalidad de Lober\u00eda, para trabajar la eficiencia energ\u00e9tica y capacitar personas en el \u00e1rea de las energ\u00edas renovables.<\/p>\n<p>En julio de 2021 se abri\u00f3 la cursada de manera virtual que se retomar\u00e1 en marzo de 2022 para cumplir con el dictado del segundo semestre de la diplomatura. Uno de los seminarios que se dictar\u00e1n ser\u00e1 sobre \u201cAlmacenamiento de energ\u00eda en supercapacitores\u201d, que estar\u00e1 a cargo de la doctora Marcela Bavio, la ingeniera Florencia Jerez y el ingeniero Federico Ponce.<\/p>\n<p>La FIO avanza con la capacitaci\u00f3n online sobre energ\u00edas renovables en Lober\u00eda, la agenda de contenidos tambi\u00e9n contempla otros dos cursos, uno de los cuales es sobre \u201cTecnolog\u00edas Ambientales\u201d, que ser\u00e1 dictado por la licenciada Romina Baldi y Luciano Villalba. El objetivo de este curso es introducir conceptos sobre tecnolog\u00edas ambientales y acciones de mitigaci\u00f3n de impactos ambientales en el contexto del cambio clim\u00e1tico y desarrollos sustentable, a trav\u00e9s del an\u00e1lisis de proyectos tecnol\u00f3gicos y manejo de la legislaci\u00f3n ambiental.<\/p>\n<p>El otro curso apunta a la \u201cFormulaci\u00f3n de Proyectos\u201d, que ser\u00e1 abordado por el Mg. Ing Gabriel Blanco y tiene como prop\u00f3sito que las\/os alumnas\/os piensen la formulaci\u00f3n de proyectos productivos y su evaluaci\u00f3n a trav\u00e9s de nuevos enfoques y herramientas que integran a los aspectos t\u00e9cnicos, econ\u00f3micos, ambientales y sociales inherentes asociados al desarrollo e implementaci\u00f3n de todo proyecto.<\/p>\n<p>Otra de las actividades previstas en el marco de la Diplomatura ser\u00e1 la visita de campo, que tambi\u00e9n se desarrollar\u00e1 en el transcurso de este a\u00f1o.<\/p>\n<p>Objetivos de la formaci\u00f3n:<\/p>\n<p>El objetivo de la Diplomatura es la formaci\u00f3n recursos humanos con conocimientos para colaborar en la formulaci\u00f3n, desarrollo y gesti\u00f3n de proyectos de energ\u00eda renovables y de otros proyectos que implementen tecnolog\u00edas y procesos productivos que contribuyan al desarrollo sustentable del pa\u00eds. Esta formaci\u00f3n comprende el conocimiento de las tecnolog\u00edas, sus principios de funcionamiento y su integraci\u00f3n a sistemas de generaci\u00f3n de energ\u00eda.<\/p>\n<p>Se espera que al concluir la diplomatura los diplomados puedan comprender los v\u00ednculos entre los aspectos ambientales, econ\u00f3micos y sociales que hacen al desarrollo sustentable; adem\u00e1s de los principios b\u00e1sicos de funcionamiento de tecnolog\u00edas para el aprovechamiento de recursos energ\u00e9ticos renovables y otras para la producci\u00f3n limpia.<\/p>\n<p>Tambi\u00e9n se busca que puedan colaborar en la formulaci\u00f3n de proyectos de energ\u00edas renovables y otros proyectos de producci\u00f3n limpia; y participar en an\u00e1lisis de factibilidad t\u00e9cnica, econ\u00f3mica, social y ambiental y e) colaborar en la gesti\u00f3n del proceso de implementaci\u00f3n de proyectos de energ\u00edas renovables y otros proyectos de producci\u00f3n limpia.<\/p>\n<p>La propuesta tiene como destinatarios a ingenieros, arquitectos, economistas, licenciados, docentes, t\u00e9cnicos e interesados en la tem\u00e1tica.<\/p>\n<p>La coordinadora acad\u00e9mica est\u00e1 a cargo de la doctora Ver\u00f3nica C\u00f3rdoba y se sostiene mediante un equipo docente integrado por el Ing. Marcelo Spina, el Dr. Cristian Ruschetti, la Ing. Mar\u00eda Jos\u00e9 Bouciguez, el Mg. Ing. Gabriel Blanco y la Lic. Romina Baldi.<\/p>\n<p>Las tem\u00e1ticas son amplias y diversas y abarcan desde energ\u00eda solar fotovoltaica, energ\u00eda e\u00f3lica, bioenerg\u00eda y tecnolog\u00edas ambientales hasta ecolog\u00eda industrial, formulaci\u00f3n y evaluaci\u00f3n de proyectos, energ\u00eda solar t\u00e9rmica, problem\u00e1tica energ\u00e9tica y desarrollo sustentable, huella de carbono, inventarios de GEIs, mercado el\u00e9ctrico y esquema regulatorio, edificaci\u00f3n sustentable y problem\u00e1ticas socioambientales.<\/p>\n<p>Tiene una duraci\u00f3n de 12 meses y contempla visitas de campo m\u00e1s un trabajo final de la diplomatura.<\/p>\n<p>Quienes deseen obtener informaci\u00f3n pueden consultar en\u00a0<span id=\"cloak1ab137e46f6115bd9797815f7871f3a4\"><a href=\"mailto:diplomaturas@fio.unicen.edu.ar\">diplomaturas@fio.unicen.edu.ar<\/a><\/span>, o dirigirse a la Secretar\u00eda de Extensi\u00f3n, Vinculaci\u00f3n y Transferencia, Tel.02284-451055 (int. 251).<\/p>\n","protected":false},"excerpt":{"rendered":"<p>La FIO avanza con la capacitaci\u00f3n online sobre energ\u00edas renovables en Lober\u00eda, es en el&#8230;<\/p>\n","protected":false},"author":1,"featured_media":162847,"comment_status":"closed","ping_status":"closed","sticky":false,"template":"","format":"standard","meta":{"content-type":""},"categories":[31],"tags":[],"nelio_content":{"isAutoShareEnabled":false,"autoShareEndMode":"default","automationSources":{"useContentSentences":true,"useSocialTemplates":true,"useCustomSentences":false,"customSentences":[]},"followers":[1],"suggestedReferences":[],"includedReferences":[],"efiUrl":"","efiAlt":"","highlights":[]},"yoast_head":"<!-- This site is optimized with the Yoast SEO plugin v20.7 - https:\/\/yoast.com\/wordpress\/plugins\/seo\/ -->\n<title>La FIO avanza con la capacitaci\u00f3n online sobre energ\u00edas renovables<\/title>\n<meta name=\"description\" content=\"La FIO avanza con la capacitaci\u00f3n online sobre energ\u00edas renovables en Lober\u00eda, es en el marco del segundo semestre de la Diplomatura\" \/>\n<meta name=\"robots\" content=\"index, follow, max-snippet:-1, max-image-preview:large, max-video-preview:-1\" \/>\n<link rel=\"canonical\" href=\"https:\/\/experienciadevida.com.ar\/portalurbano\/la-fio-avanza-con-la-capacitacion-online-sobre-energias-renovables-en-loberia\/\" \/>\n<meta property=\"og:locale\" content=\"es_ES\" \/>\n<meta property=\"og:type\" content=\"article\" \/>\n<meta property=\"og:title\" content=\"La FIO avanza con la capacitaci\u00f3n online sobre energ\u00edas renovables\" \/>\n<meta property=\"og:description\" content=\"La FIO avanza con la capacitaci\u00f3n online sobre energ\u00edas renovables en Lober\u00eda, es en el marco del segundo semestre de la Diplomatura\" \/>\n<meta property=\"og:url\" content=\"https:\/\/experienciadevida.com.ar\/portalurbano\/la-fio-avanza-con-la-capacitacion-online-sobre-energias-renovables-en-loberia\/\" \/>\n<meta property=\"article:publisher\" content=\"https:\/\/www.facebook.com\/Portal-Urbano-171542830093757\/\" \/>\n<meta property=\"article:published_time\" content=\"2022-03-03T20:50:34+00:00\" \/>\n<meta property=\"article:modified_time\" content=\"2022-03-03T20:51:08+00:00\" \/>\n<meta property=\"og:image\" content=\"https:\/\/experienciadevida.com.ar\/portalurbano\/wp-content\/uploads\/2022\/03\/La-FIO-avanza-con.jpg\" \/>\n\t<meta property=\"og:image:width\" content=\"600\" \/>\n\t<meta property=\"og:image:height\" content=\"337\" \/>\n\t<meta property=\"og:image:type\" content=\"image\/jpeg\" \/>\n<meta name=\"author\" content=\"admpu17wp\" \/>\n<meta name=\"twitter:card\" content=\"summary_large_image\" \/>\n<meta name=\"twitter:creator\" content=\"@portalurbanook\" \/>\n<meta name=\"twitter:site\" content=\"@portalurbanook\" \/>\n<meta name=\"twitter:label1\" content=\"Escrito por\" \/>\n\t<meta name=\"twitter:data1\" content=\"admpu17wp\" \/>\n\t<meta name=\"twitter:label2\" content=\"Tiempo de lectura\" \/>\n\t<meta name=\"twitter:data2\" content=\"6 minutos\" \/>\n<script type=\"application\/ld+json\" class=\"yoast-schema-graph\">{\"@context\":\"https:\/\/schema.org\",\"@graph\":[{\"@type\":\"Article\",\"@id\":\"https:\/\/experienciadevida.com.ar\/portalurbano\/la-fio-avanza-con-la-capacitacion-online-sobre-energias-renovables-en-loberia\/#article\",\"isPartOf\":{\"@id\":\"https:\/\/experienciadevida.com.ar\/portalurbano\/la-fio-avanza-con-la-capacitacion-online-sobre-energias-renovables-en-loberia\/\"},\"author\":{\"name\":\"admpu17wp\",\"@id\":\"https:\/\/experienciadevida.com.ar\/portalurbano\/#\/schema\/person\/02dd326b1c4b056e9cc972486934a3a7\"},\"headline\":\"La FIO avanza con la capacitaci\u00f3n online sobre energ\u00edas renovables en Lober\u00eda\",\"datePublished\":\"2022-03-03T20:50:34+00:00\",\"dateModified\":\"2022-03-03T20:51:08+00:00\",\"mainEntityOfPage\":{\"@id\":\"https:\/\/experienciadevida.com.ar\/portalurbano\/la-fio-avanza-con-la-capacitacion-online-sobre-energias-renovables-en-loberia\/\"},\"wordCount\":1359,\"publisher\":{\"@id\":\"https:\/\/experienciadevida.com.ar\/portalurbano\/#organization\"},\"articleSection\":[\"Educaci\u00f3n\"],\"inLanguage\":\"es\"},{\"@type\":\"WebPage\",\"@id\":\"https:\/\/experienciadevida.com.ar\/portalurbano\/la-fio-avanza-con-la-capacitacion-online-sobre-energias-renovables-en-loberia\/\",\"url\":\"https:\/\/experienciadevida.com.ar\/portalurbano\/la-fio-avanza-con-la-capacitacion-online-sobre-energias-renovables-en-loberia\/\",\"name\":\"La FIO avanza con la capacitaci\u00f3n online sobre energ\u00edas renovables\",\"isPartOf\":{\"@id\":\"https:\/\/experienciadevida.com.ar\/portalurbano\/#website\"},\"datePublished\":\"2022-03-03T20:50:34+00:00\",\"dateModified\":\"2022-03-03T20:51:08+00:00\",\"description\":\"La FIO avanza con la capacitaci\u00f3n online sobre energ\u00edas renovables en Lober\u00eda, es en el marco del segundo semestre de la Diplomatura\",\"breadcrumb\":{\"@id\":\"https:\/\/experienciadevida.com.ar\/portalurbano\/la-fio-avanza-con-la-capacitacion-online-sobre-energias-renovables-en-loberia\/#breadcrumb\"},\"inLanguage\":\"es\",\"potentialAction\":[{\"@type\":\"ReadAction\",\"target\":[\"https:\/\/experienciadevida.com.ar\/portalurbano\/la-fio-avanza-con-la-capacitacion-online-sobre-energias-renovables-en-loberia\/\"]}]},{\"@type\":\"BreadcrumbList\",\"@id\":\"https:\/\/experienciadevida.com.ar\/portalurbano\/la-fio-avanza-con-la-capacitacion-online-sobre-energias-renovables-en-loberia\/#breadcrumb\",\"itemListElement\":[{\"@type\":\"ListItem\",\"position\":1,\"name\":\"Portada\",\"item\":\"https:\/\/experienciadevida.com.ar\/portalurbano\/\"},{\"@type\":\"ListItem\",\"position\":2,\"name\":\"La FIO avanza con la capacitaci\u00f3n online sobre energ\u00edas renovables en Lober\u00eda\"}]},{\"@type\":\"WebSite\",\"@id\":\"https:\/\/experienciadevida.com.ar\/portalurbano\/#website\",\"url\":\"https:\/\/experienciadevida.com.ar\/portalurbano\/\",\"name\":\"\",\"description\":\"\",\"publisher\":{\"@id\":\"https:\/\/experienciadevida.com.ar\/portalurbano\/#organization\"},\"potentialAction\":[{\"@type\":\"SearchAction\",\"target\":{\"@type\":\"EntryPoint\",\"urlTemplate\":\"https:\/\/experienciadevida.com.ar\/portalurbano\/?s={search_term_string}\"},\"query-input\":\"required name=search_term_string\"}],\"inLanguage\":\"es\"},{\"@type\":\"Organization\",\"@id\":\"https:\/\/experienciadevida.com.ar\/portalurbano\/#organization\",\"name\":\"Portal Urbano\",\"url\":\"https:\/\/experienciadevida.com.ar\/portalurbano\/\",\"logo\":{\"@type\":\"ImageObject\",\"inLanguage\":\"es\",\"@id\":\"https:\/\/experienciadevida.com.ar\/portalurbano\/#\/schema\/logo\/image\/\",\"url\":\"https:\/\/experienciadevida.com.ar\/portalurbano\/wp-content\/uploads\/2019\/09\/Logo-Original.png\",\"contentUrl\":\"https:\/\/experienciadevida.com.ar\/portalurbano\/wp-content\/uploads\/2019\/09\/Logo-Original.png\",\"width\":2236,\"height\":1216,\"caption\":\"Portal Urbano\"},\"image\":{\"@id\":\"https:\/\/experienciadevida.com.ar\/portalurbano\/#\/schema\/logo\/image\/\"},\"sameAs\":[\"https:\/\/www.facebook.com\/Portal-Urbano-171542830093757\/\",\"https:\/\/twitter.com\/portalurbanook\",\"https:\/\/www.instagram.com\/_portalurbano\/\",\"https:\/\/www.youtube.com\/channel\/UCXhagIfszH8KxFiOok79zbA?view_as=subscriber\"]},{\"@type\":\"Person\",\"@id\":\"https:\/\/experienciadevida.com.ar\/portalurbano\/#\/schema\/person\/02dd326b1c4b056e9cc972486934a3a7\",\"name\":\"admpu17wp\",\"image\":{\"@type\":\"ImageObject\",\"inLanguage\":\"es\",\"@id\":\"https:\/\/experienciadevida.com.ar\/portalurbano\/#\/schema\/person\/image\/\",\"url\":\"https:\/\/secure.gravatar.com\/avatar\/830d4c57adaae6630765e449a6908047?s=96&d=mm&r=g\",\"contentUrl\":\"https:\/\/secure.gravatar.com\/avatar\/830d4c57adaae6630765e449a6908047?s=96&d=mm&r=g\",\"caption\":\"admpu17wp\"}}]}<\/script>\n<!-- \/ Yoast SEO plugin. -->","yoast_head_json":{"title":"La FIO avanza con la capacitaci\u00f3n online sobre energ\u00edas renovables","description":"La FIO avanza con la capacitaci\u00f3n online sobre energ\u00edas renovables en Lober\u00eda, es en el marco del segundo semestre de la Diplomatura","robots":{"index":"index","follow":"follow","max-snippet":"max-snippet:-1","max-image-preview":"max-image-preview:large","max-video-preview":"max-video-preview:-1"},"canonical":"https:\/\/experienciadevida.com.ar\/portalurbano\/la-fio-avanza-con-la-capacitacion-online-sobre-energias-renovables-en-loberia\/","og_locale":"es_ES","og_type":"article","og_title":"La FIO avanza con la capacitaci\u00f3n online sobre energ\u00edas renovables","og_description":"La FIO avanza con la capacitaci\u00f3n online sobre energ\u00edas renovables en Lober\u00eda, es en el marco del segundo semestre de la Diplomatura","og_url":"https:\/\/experienciadevida.com.ar\/portalurbano\/la-fio-avanza-con-la-capacitacion-online-sobre-energias-renovables-en-loberia\/","article_publisher":"https:\/\/www.facebook.com\/Portal-Urbano-171542830093757\/","article_published_time":"2022-03-03T20:50:34+00:00","article_modified_time":"2022-03-03T20:51:08+00:00","og_image":[{"width":600,"height":337,"url":"https:\/\/experienciadevida.com.ar\/portalurbano\/wp-content\/uploads\/2022\/03\/La-FIO-avanza-con.jpg","type":"image\/jpeg"}],"author":"admpu17wp","twitter_card":"summary_large_image","twitter_creator":"@portalurbanook","twitter_site":"@portalurbanook","twitter_misc":{"Escrito por":"admpu17wp","Tiempo de lectura":"6 minutos"},"schema":{"@context":"https:\/\/schema.org","@graph":[{"@type":"Article","@id":"https:\/\/experienciadevida.com.ar\/portalurbano\/la-fio-avanza-con-la-capacitacion-online-sobre-energias-renovables-en-loberia\/#article","isPartOf":{"@id":"https:\/\/experienciadevida.com.ar\/portalurbano\/la-fio-avanza-con-la-capacitacion-online-sobre-energias-renovables-en-loberia\/"},"author":{"name":"admpu17wp","@id":"https:\/\/experienciadevida.com.ar\/portalurbano\/#\/schema\/person\/02dd326b1c4b056e9cc972486934a3a7"},"headline":"La FIO avanza con la capacitaci\u00f3n online sobre energ\u00edas renovables en Lober\u00eda","datePublished":"2022-03-03T20:50:34+00:00","dateModified":"2022-03-03T20:51:08+00:00","mainEntityOfPage":{"@id":"https:\/\/experienciadevida.com.ar\/portalurbano\/la-fio-avanza-con-la-capacitacion-online-sobre-energias-renovables-en-loberia\/"},"wordCount":1359,"publisher":{"@id":"https:\/\/experienciadevida.com.ar\/portalurbano\/#organization"},"articleSection":["Educaci\u00f3n"],"inLanguage":"es"},{"@type":"WebPage","@id":"https:\/\/experienciadevida.com.ar\/portalurbano\/la-fio-avanza-con-la-capacitacion-online-sobre-energias-renovables-en-loberia\/","url":"https:\/\/experienciadevida.com.ar\/portalurbano\/la-fio-avanza-con-la-capacitacion-online-sobre-energias-renovables-en-loberia\/","name":"La FIO avanza con la capacitaci\u00f3n online sobre energ\u00edas renovables","isPartOf":{"@id":"https:\/\/experienciadevida.com.ar\/portalurbano\/#website"},"datePublished":"2022-03-03T20:50:34+00:00","dateModified":"2022-03-03T20:51:08+00:00","description":"La FIO avanza con la capacitaci\u00f3n online sobre energ\u00edas renovables en Lober\u00eda, es en el marco del segundo semestre de la Diplomatura","breadcrumb":{"@id":"https:\/\/experienciadevida.com.ar\/portalurbano\/la-fio-avanza-con-la-capacitacion-online-sobre-energias-renovables-en-loberia\/#breadcrumb"},"inLanguage":"es","potentialAction":[{"@type":"ReadAction","target":["https:\/\/experienciadevida.com.ar\/portalurbano\/la-fio-avanza-con-la-capacitacion-online-sobre-energias-renovables-en-loberia\/"]}]},{"@type":"BreadcrumbList","@id":"https:\/\/experienciadevida.com.ar\/portalurbano\/la-fio-avanza-con-la-capacitacion-online-sobre-energias-renovables-en-loberia\/#breadcrumb","itemListElement":[{"@type":"ListItem","position":1,"name":"Portada","item":"https:\/\/experienciadevida.com.ar\/portalurbano\/"},{"@type":"ListItem","position":2,"name":"La FIO avanza con la capacitaci\u00f3n online sobre energ\u00edas renovables en Lober\u00eda"}]},{"@type":"WebSite","@id":"https:\/\/experienciadevida.com.ar\/portalurbano\/#website","url":"https:\/\/experienciadevida.com.ar\/portalurbano\/","name":"","description":"","publisher":{"@id":"https:\/\/experienciadevida.com.ar\/portalurbano\/#organization"},"potentialAction":[{"@type":"SearchAction","target":{"@type":"EntryPoint","urlTemplate":"https:\/\/experienciadevida.com.ar\/portalurbano\/?s={search_term_string}"},"query-input":"required name=search_term_string"}],"inLanguage":"es"},{"@type":"Organization","@id":"https:\/\/experienciadevida.com.ar\/portalurbano\/#organization","name":"Portal Urbano","url":"https:\/\/experienciadevida.com.ar\/portalurbano\/","logo":{"@type":"ImageObject","inLanguage":"es","@id":"https:\/\/experienciadevida.com.ar\/portalurbano\/#\/schema\/logo\/image\/","url":"https:\/\/experienciadevida.com.ar\/portalurbano\/wp-content\/uploads\/2019\/09\/Logo-Original.png","contentUrl":"https:\/\/experienciadevida.com.ar\/portalurbano\/wp-content\/uploads\/2019\/09\/Logo-Original.png","width":2236,"height":1216,"caption":"Portal Urbano"},"image":{"@id":"https:\/\/experienciadevida.com.ar\/portalurbano\/#\/schema\/logo\/image\/"},"sameAs":["https:\/\/www.facebook.com\/Portal-Urbano-171542830093757\/","https:\/\/twitter.com\/portalurbanook","https:\/\/www.instagram.com\/_portalurbano\/","https:\/\/www.youtube.com\/channel\/UCXhagIfszH8KxFiOok79zbA?view_as=subscriber"]},{"@type":"Person","@id":"https:\/\/experienciadevida.com.ar\/portalurbano\/#\/schema\/person\/02dd326b1c4b056e9cc972486934a3a7","name":"admpu17wp","image":{"@type":"ImageObject","inLanguage":"es","@id":"https:\/\/experienciadevida.com.ar\/portalurbano\/#\/schema\/person\/image\/","url":"https:\/\/secure.gravatar.com\/avatar\/830d4c57adaae6630765e449a6908047?s=96&d=mm&r=g","contentUrl":"https:\/\/secure.gravatar.com\/avatar\/830d4c57adaae6630765e449a6908047?s=96&d=mm&r=g","caption":"admpu17wp"}}]}},"featured_image_urls":{"full":["https:\/\/experienciadevida.com.ar\/portalurbano\/wp-content\/uploads\/2022\/03\/La-FIO-avanza-con.jpg",600,337,false],"thumbnail":["https:\/\/experienciadevida.com.ar\/portalurbano\/wp-content\/uploads\/2022\/03\/La-FIO-avanza-con-150x150.jpg",150,150,true],"medium":["https:\/\/experienciadevida.com.ar\/portalurbano\/wp-content\/uploads\/2022\/03\/La-FIO-avanza-con-300x169.jpg",300,169,true],"medium_large":["https:\/\/experienciadevida.com.ar\/portalurbano\/wp-content\/uploads\/2022\/03\/La-FIO-avanza-con.jpg",600,337,false],"large":["https:\/\/experienciadevida.com.ar\/portalurbano\/wp-content\/uploads\/2022\/03\/La-FIO-avanza-con.jpg",600,337,false],"ug_big":["https:\/\/experienciadevida.com.ar\/portalurbano\/wp-content\/uploads\/2022\/03\/La-FIO-avanza-con.jpg",600,337,false],"1536x1536":["https:\/\/experienciadevida.com.ar\/portalurbano\/wp-content\/uploads\/2022\/03\/La-FIO-avanza-con.jpg",600,337,false],"2048x2048":["https:\/\/experienciadevida.com.ar\/portalurbano\/wp-content\/uploads\/2022\/03\/La-FIO-avanza-con.jpg",600,337,false],"newsever-slider-full":["https:\/\/experienciadevida.com.ar\/portalurbano\/wp-content\/uploads\/2022\/03\/La-FIO-avanza-con.jpg",600,337,false],"newsever-featured":["https:\/\/experienciadevida.com.ar\/portalurbano\/wp-content\/uploads\/2022\/03\/La-FIO-avanza-con.jpg",600,337,false],"newsever-medium":["https:\/\/experienciadevida.com.ar\/portalurbano\/wp-content\/uploads\/2022\/03\/La-FIO-avanza-con.jpg",600,337,false],"web-stories-poster-portrait":["https:\/\/experienciadevida.com.ar\/portalurbano\/wp-content\/uploads\/2022\/03\/La-FIO-avanza-con.jpg",600,337,false],"web-stories-publisher-logo":["https:\/\/experienciadevida.com.ar\/portalurbano\/wp-content\/uploads\/2022\/03\/La-FIO-avanza-con.jpg",96,54,false],"web-stories-thumbnail":["https:\/\/experienciadevida.com.ar\/portalurbano\/wp-content\/uploads\/2022\/03\/La-FIO-avanza-con.jpg",150,84,false]},"author_info":{"display_name":"admpu17wp","author_link":"https:\/\/experienciadevida.com.ar\/portalurbano\/author\/admpu17wp\/"},"category_info":"<a href=\"https:\/\/experienciadevida.com.ar\/portalurbano\/category\/ciudad\/educacion\/\" rel=\"category tag\">Educaci\u00f3n<\/a>","tag_info":"Educaci\u00f3n","comment_count":"0","amp_enabled":true,"_links":{"self":[{"href":"https:\/\/experienciadevida.com.ar\/portalurbano\/wp-json\/wp\/v2\/posts\/162846"}],"collection":[{"href":"https:\/\/experienciadevida.com.ar\/portalurbano\/wp-json\/wp\/v2\/posts"}],"about":[{"href":"https:\/\/experienciadevida.com.ar\/portalurbano\/wp-json\/wp\/v2\/types\/post"}],"author":[{"embeddable":true,"href":"https:\/\/experienciadevida.com.ar\/portalurbano\/wp-json\/wp\/v2\/users\/1"}],"replies":[{"embeddable":true,"href":"https:\/\/experienciadevida.com.ar\/portalurbano\/wp-json\/wp\/v2\/comments?post=162846"}],"version-history":[{"count":1,"href":"https:\/\/experienciadevida.com.ar\/portalurbano\/wp-json\/wp\/v2\/posts\/162846\/revisions"}],"predecessor-version":[{"id":162848,"href":"https:\/\/experienciadevida.com.ar\/portalurbano\/wp-json\/wp\/v2\/posts\/162846\/revisions\/162848"}],"wp:featuredmedia":[{"embeddable":true,"href":"https:\/\/experienciadevida.com.ar\/portalurbano\/wp-json\/wp\/v2\/media\/162847"}],"wp:attachment":[{"href":"https:\/\/experienciadevida.com.ar\/portalurbano\/wp-json\/wp\/v2\/media?parent=162846"}],"wp:term":[{"taxonomy":"category","embeddable":true,"href":"https:\/\/experienciadevida.com.ar\/portalurbano\/wp-json\/wp\/v2\/categories?post=162846"},{"taxonomy":"post_tag","embeddable":true,"href":"https:\/\/experienciadevida.com.ar\/portalurbano\/wp-json\/wp\/v2\/tags?post=162846"}],"curies":[{"name":"wp","href":"https:\/\/api.w.org\/{rel}","templated":true}]}}