{"id":162836,"date":"2022-03-03T17:26:08","date_gmt":"2022-03-03T20:26:08","guid":{"rendered":"https:\/\/experienciadevida.com.ar\/portalurbano\/?p=162836"},"modified":"2022-03-03T17:26:38","modified_gmt":"2022-03-03T20:26:38","slug":"nestor-ferreyra-la-clave-del-exito-es-que-siempre-se-trabajo-en-funcion-de-la-pertinencia-social","status":"publish","type":"post","link":"https:\/\/experienciadevida.com.ar\/portalurbano\/nestor-ferreyra-la-clave-del-exito-es-que-siempre-se-trabajo-en-funcion-de-la-pertinencia-social\/","title":{"rendered":"N\u00e9stor Ferreyra: \u201cLa clave del \u00e9xito es que siempre se trabaj\u00f3 en funci\u00f3n de la pertinencia social\u201d"},"content":{"rendered":"<p>N\u00e9stor Ferreyra: \u201cLa clave del \u00e9xito es que siempre se trabaj\u00f3 en funci\u00f3n de la pertinencia social\u201d, si alguien puede considerarse con derecho a mirar la Facultad de Ingenier\u00eda en perspectiva, es N\u00e9stor Ferreyra. Egresado en esta unidad acad\u00e9mica como Ingeniero en Construcciones, lleva m\u00e1s de 25 a\u00f1os ejerciendo la docencia y, en paralelo, ocupando cargos de gesti\u00f3n. Actualmente dirige la Secretar\u00eda General de la <a href=\"https:\/\/www.facebook.com\/FIO.UNICEN\">FIO<\/a>, y carga sobre su espalda antecedentes de militancia estudiantil, pasando por el Consejo Acad\u00e9mico y otras funciones de conducci\u00f3n. Lalo, un apodo que super\u00f3 a su propio nombre, mira hacia atr\u00e1s para proyectar lo que viene.<\/p>\n<p>\u00bfC\u00f3mo ve en perspectiva la evoluci\u00f3n de la Facultad de Ingenier\u00eda, desde que comenz\u00f3 como Instituto Universitario hasta ahora?<\/p>\n<p>Somos parte de este proceso hist\u00f3rico que es la Facultad de Ingenier\u00eda que, desde su creaci\u00f3n, tuvo un impulso muy marcado para que la facultad tenga inserci\u00f3n social. Siempre hemos estado escuchando a la comunidad y esto ha dado nuestra orientaci\u00f3n, posicionamiento y reconocimiento que creo tenemos de la sociedad. Tambi\u00e9n hubo un acompa\u00f1amiento al crecimiento de la Universidad en su conjunto cuando las tem\u00e1ticas trasvasaban el continente que puede tener la FIO. Cuando se cre\u00f3 la Facultad de Ciencias Sociales, Ingenier\u00eda tuvo una tarea importante en el desarrollo y acompa\u00f1amiento de esa \u201cnueva facultad\u201d para Olavarr\u00eda, que se elabor\u00f3 en funci\u00f3n de la demanda de su comunidad. Posteriormente fue a trav\u00e9s de Ciencias de la Salud, cuyo origen se dio desde el Gobierno Municipal y, como parte de la Universidad, apoyamos a encauzar el proyecto en el seno de la Universidad, y hoy tenemos tres unidades acad\u00e9micas de la envergadura de Ingenier\u00eda, Sociales y Salud.<\/p>\n<p>Hemos estado respondiendo a las necesidades tanto en el \u00e1mbito social como productivo que en los or\u00edgenes tuvieron un apoyo, con un impulso muy importante de parte del Municipio y de alguna de las compa\u00f1\u00edas mineras de Olavarr\u00eda. Ese Instituto Universitario absorbi\u00f3 una demanda social contenida de j\u00f3venes que necesitaban formarse y la cuesti\u00f3n econ\u00f3mica era una limitante. En los \u201870, esos j\u00f3venes ten\u00edan que ir a Buenos Aires, La Plata o Bah\u00eda Blanca para poder estudiar. En los \u00faltimos a\u00f1os, a nivel nacional hay una pol\u00edtica de creaci\u00f3n de universidades con pol\u00edtica similar, mayormente en el Conurbano, de acercar la Universidad a sectores que no pod\u00edan acceder a ella por cuestiones econ\u00f3micas; pol\u00edtica que ac\u00e1 se viene desarrollando desde los a\u00f1os \u201860.<\/p>\n<p>Asumiendo que la FIO se ha insertado exitosamente en la regi\u00f3n, \u00bfcu\u00e1les cree que fueron las claves de ese proceso?<\/p>\n<p>N\u00e9stor Ferreyra contest\u00f3, la clave del \u00e9xito tiene que ver con que siempre se trabaj\u00f3 en funci\u00f3n de la pertinencia social, orientada a las demandas socioproductivas de la regi\u00f3n, acompa\u00f1ando con la calidad que es algo que se imprime permanentemente en los procesos tanto educativos como de investigaci\u00f3n, de transferencia de conocimiento al medio. La calidad y la equidad en funci\u00f3n de un mandato de origen que era poder acercar la Universidad a sectores que no pod\u00edan. Las falencias que tenemos obedecen a un problema central del sistema educativo general donde est\u00e1 incluida la Universidad. Una de las acciones para mejorar este proceso tiene que ver con articulaci\u00f3n con niveles previos, y se hace muy dif\u00edcil cuando la estructura del sistema educativo secundario est\u00e1 tan centralizada y nunca se lleva a un contacto con los responsables primeros que tienen que tomar acciones para hacer alguna reforma. En Olavarr\u00eda trabajamos con muchas escuelas que hacen procesos a voluntad pero con la limitante en el accionar.<\/p>\n<p>\u00bfC\u00f3mo ve la inserci\u00f3n de la Facultad de Ingenier\u00eda en el tejido pol\u00edtico, social y productivo de la regi\u00f3n?<\/p>\n<p>La inserci\u00f3n de la Facultad es esta cuesti\u00f3n de origen, de la pertinencia social de su actividad. Eso hace que la relaci\u00f3n con sectores sociales tanto de gobierno, la comunidad y sector productivo sea muy fluida en funci\u00f3n de que se responde siempre, en la medida de las posibilidades, a las demandas. Una de los mayores orgullos de la Facultad es que los graduados est\u00e1n mayoritariamente insertos en lo laboral. Buscamos alumnos muy avanzados o reci\u00e9n graduados y no los conseguimos porque est\u00e1n insertos en distintos trabajos o municipios de la regi\u00f3n. Una acci\u00f3n que hicimos fue ayudar a profesionalizar municipios de la regi\u00f3n y hoy hay muchos graduados insertos en estos lugares.<\/p>\n<p><a href=\"https:\/\/experienciadevida.com.ar\/portalurbano\/nestor-ferreyra-la-clave-del-exito-es-que-siempre-se-trabajo-en-funcion-de-la-pertinencia-social\/nestor-3\/\" rel=\"attachment wp-att-162838\"><img decoding=\"async\" class=\"alignnone size-full wp-image-162838\" src=\"https:\/\/experienciadevida.com.ar\/portalurbano\/wp-content\/uploads\/2022\/03\/Nestor.jpg\" alt=\"N\u00e9stor \" width=\"1000\" height=\"564\" srcset=\"https:\/\/experienciadevida.com.ar\/portalurbano\/wp-content\/uploads\/2022\/03\/Nestor.jpg 1000w, https:\/\/experienciadevida.com.ar\/portalurbano\/wp-content\/uploads\/2022\/03\/Nestor-300x169.jpg 300w, https:\/\/experienciadevida.com.ar\/portalurbano\/wp-content\/uploads\/2022\/03\/Nestor-768x433.jpg 768w\" sizes=\"(max-width: 1000px) 100vw, 1000px\" \/><\/a><\/p>\n<p>La pertinencia en cuanto a los sectores de lo laboral ha hecho que en muchas de las industrias de la regi\u00f3n haya graduados de la Facultad trabajando no solo en \u00e1reas t\u00e9cnicas sino de gesti\u00f3n y de mando. Esto al principio de la historia no ocurri\u00f3, pero hoy la colaboraci\u00f3n para el desarrollo de muchas actividades en empresas de la regi\u00f3n es muy fluida; esto es porque son graduados nuestros lo que est\u00e1n trabajando en esos lugares y la relaci\u00f3n es mutua. Los beneficios que tenemos al conocer cu\u00e1les son sus necesidades nos ayudan a reposicionarnos y replantearnos en procesos de mejora continua y las empresas tienen el beneficio de que, cuando requieran de profesionales, los que salen de esta Facultad pueden ser insertados en ese mercado laboral local, regional e internacional por el reconocimiento que tenemos. Tratamos de mantener el contacto con los graduados y el Centro de Graduados de la FIO est\u00e1 colaborando fuertemente en tener localizados y posicionados a graduados para saber qu\u00e9 hacen y necesitan, y con qu\u00e9 pueden ayudar, dijo N\u00e9stor Ferreyra.<\/p>\n<p>\u00bfQu\u00e9 cambios en la visi\u00f3n institucional forz\u00f3 la pandemia?<\/p>\n<p>La pandemia forz\u00f3 la necesidad de estructurarnos personal e individualmente, cada uno de los docentes, para desarrollar de forma virtual las actividades. Gracias a eso se pudo salir adelante en una situaci\u00f3n que no estaba planeada ni conoc\u00edamos nuestras capacidades de hacerlo. En paralelo, la activad administrativa y de gesti\u00f3n tambi\u00e9n desarroll\u00f3 actividades con colaboraci\u00f3n personal, m\u00e1s all\u00e1 del compromiso institucional y la relaci\u00f3n de dependencia laboral, en funci\u00f3n de poder seguir adelante en forma remota. La adquisici\u00f3n de algunos bienes empez\u00f3 a ser parte de la programaci\u00f3n de la instituci\u00f3n para repensar c\u00f3mo iba a ser la vuelta en la pospandemia, proceso en el que estamos actualmente. Logramos equipar y formar las aulas h\u00edbridas, donde se da una clase presencial y otros actores participan en forma remota. Tambi\u00e9n tuvimos que adaptar r\u00e1pidamente el desarrollo de actividades pr\u00e1cticas. Ingenier\u00eda no es una carrera que se pueda hacer en forma virtual o a distancia, participan en laboratorio, en tareas de campo y lo adaptamos para hacer actividades en forma segura el primer a\u00f1o. La graduaci\u00f3n no se vio afectada en t\u00e9rminos num\u00e9ricos.<\/p>\n<p>La inscripci\u00f3n tampoco se vio afectada, y quiz\u00e1 en alg\u00fan sector, se vio beneficiada. Muchos no se hubieran inscripto, pero viendo que era a distancia y hab\u00eda actividades asincr\u00f3nicas, se inscribieron. El numero de la matr\u00edcula central no se vio fuertemente afectada. El impacto que la pandemia nos dej\u00f3 como beneficioso es esta posibilidad de hacer actividades no tan presenciales. Las carreras de ingenier\u00eda no son virtuales pero pueden tener componentes que se hagan en virtualidad.<\/p>\n<p>\u00bfCu\u00e1l es su mirada de lo que se viene?<\/p>\n<p>N\u00e9stor Ferreyra expres\u00f3, Dentro de la pertinencia social, lo que se viene en la sociedad tiene que ver con las cuestiones de igualdad de g\u00e9nero y esto tambi\u00e9n viene aparejado con una pol\u00edtica muy fuerte que viene desarrollando la FIO dentro de este estereotipo consolidado de que era una carrera mayoritariamente de hombres. Tenemos datos concretos de que esto se ha revertido y trabajamos para eso. En la FIO tenemos un grado de avance mayor que a nivel nacional.<\/p>\n<p>La equidad es uno de los componentes de \u00e9xito y hoy esa inserci\u00f3n se da no solo por lo econ\u00f3mico sino por cuestiones de g\u00e9nero.<\/p>\n<p>La otra cuesti\u00f3n que estamos abordando transversalmente en todas las carreras es el tema ambiental. Muchas veces la Ingenier\u00eda es vista como el avasallamiento, con la tecnolog\u00eda, del medioambiente. Trabajamos para lo contrario, trabajamos para la sustentabilidad del desarrollo productivo de la regi\u00f3n y, en general, acompa\u00f1ando lo que tiene que ver con el abordaje de la afecci\u00f3n del clima y c\u00f3mo mitigar el cambio clim\u00e1tico. G\u00e9nero, medio ambiente y sustentabilidad. En esas l\u00edneas se est\u00e1 trabajando.<\/p>\n<p>&nbsp;<\/p>\n","protected":false},"excerpt":{"rendered":"<p>N\u00e9stor Ferreyra: \u201cLa clave del \u00e9xito es que siempre se trabaj\u00f3 en funci\u00f3n de la&#8230;<\/p>\n","protected":false},"author":1,"featured_media":162837,"comment_status":"closed","ping_status":"closed","sticky":false,"template":"","format":"standard","meta":{"content-type":""},"categories":[31],"tags":[],"nelio_content":{"isAutoShareEnabled":false,"autoShareEndMode":"default","automationSources":{"useContentSentences":true,"useSocialTemplates":true,"useCustomSentences":false,"customSentences":[]},"followers":[1],"suggestedReferences":[],"includedReferences":[],"efiUrl":"","efiAlt":"","highlights":[]},"yoast_head":"<!-- This site is optimized with the Yoast SEO plugin v20.7 - https:\/\/yoast.com\/wordpress\/plugins\/seo\/ -->\n<title>N\u00e9stor Ferreyra: &quot;La clave del \u00e9xito es que siempre se trabaj\u00f3&quot;<\/title>\n<meta name=\"description\" content=\"N\u00e9stor Ferreyra: \u201cLa clave del \u00e9xito es que siempre se trabaj\u00f3 en funci\u00f3n de la pertinencia social\u201d, Egresado en esta unidad acad\u00e9mica\" \/>\n<meta name=\"robots\" content=\"index, follow, max-snippet:-1, max-image-preview:large, max-video-preview:-1\" \/>\n<link rel=\"canonical\" href=\"https:\/\/experienciadevida.com.ar\/portalurbano\/nestor-ferreyra-la-clave-del-exito-es-que-siempre-se-trabajo-en-funcion-de-la-pertinencia-social\/\" \/>\n<meta property=\"og:locale\" content=\"es_ES\" \/>\n<meta property=\"og:type\" content=\"article\" \/>\n<meta property=\"og:title\" content=\"N\u00e9stor Ferreyra: &quot;La clave del \u00e9xito es que siempre se trabaj\u00f3&quot;\" \/>\n<meta property=\"og:description\" content=\"N\u00e9stor Ferreyra: \u201cLa clave del \u00e9xito es que siempre se trabaj\u00f3 en funci\u00f3n de la pertinencia social\u201d, Egresado en esta unidad acad\u00e9mica\" \/>\n<meta property=\"og:url\" content=\"https:\/\/experienciadevida.com.ar\/portalurbano\/nestor-ferreyra-la-clave-del-exito-es-que-siempre-se-trabajo-en-funcion-de-la-pertinencia-social\/\" \/>\n<meta property=\"article:publisher\" content=\"https:\/\/www.facebook.com\/Portal-Urbano-171542830093757\/\" \/>\n<meta property=\"article:published_time\" content=\"2022-03-03T20:26:08+00:00\" \/>\n<meta property=\"article:modified_time\" content=\"2022-03-03T20:26:38+00:00\" \/>\n<meta property=\"og:image\" content=\"https:\/\/experienciadevida.com.ar\/portalurbano\/wp-content\/uploads\/2022\/03\/Nestor-Ferreyra.jpg\" \/>\n\t<meta property=\"og:image:width\" content=\"1652\" \/>\n\t<meta property=\"og:image:height\" content=\"994\" \/>\n\t<meta property=\"og:image:type\" content=\"image\/jpeg\" \/>\n<meta name=\"author\" content=\"admpu17wp\" \/>\n<meta name=\"twitter:card\" content=\"summary_large_image\" \/>\n<meta name=\"twitter:creator\" content=\"@portalurbanook\" \/>\n<meta name=\"twitter:site\" content=\"@portalurbanook\" \/>\n<meta name=\"twitter:label1\" content=\"Escrito por\" \/>\n\t<meta name=\"twitter:data1\" content=\"admpu17wp\" \/>\n\t<meta name=\"twitter:label2\" content=\"Tiempo de lectura\" \/>\n\t<meta name=\"twitter:data2\" content=\"7 minutos\" \/>\n<script type=\"application\/ld+json\" class=\"yoast-schema-graph\">{\"@context\":\"https:\/\/schema.org\",\"@graph\":[{\"@type\":\"Article\",\"@id\":\"https:\/\/experienciadevida.com.ar\/portalurbano\/nestor-ferreyra-la-clave-del-exito-es-que-siempre-se-trabajo-en-funcion-de-la-pertinencia-social\/#article\",\"isPartOf\":{\"@id\":\"https:\/\/experienciadevida.com.ar\/portalurbano\/nestor-ferreyra-la-clave-del-exito-es-que-siempre-se-trabajo-en-funcion-de-la-pertinencia-social\/\"},\"author\":{\"name\":\"admpu17wp\",\"@id\":\"https:\/\/experienciadevida.com.ar\/portalurbano\/#\/schema\/person\/02dd326b1c4b056e9cc972486934a3a7\"},\"headline\":\"N\u00e9stor Ferreyra: \u201cLa clave del \u00e9xito es que siempre se trabaj\u00f3 en funci\u00f3n de la pertinencia social\u201d\",\"datePublished\":\"2022-03-03T20:26:08+00:00\",\"dateModified\":\"2022-03-03T20:26:38+00:00\",\"mainEntityOfPage\":{\"@id\":\"https:\/\/experienciadevida.com.ar\/portalurbano\/nestor-ferreyra-la-clave-del-exito-es-que-siempre-se-trabajo-en-funcion-de-la-pertinencia-social\/\"},\"wordCount\":1495,\"publisher\":{\"@id\":\"https:\/\/experienciadevida.com.ar\/portalurbano\/#organization\"},\"articleSection\":[\"Educaci\u00f3n\"],\"inLanguage\":\"es\"},{\"@type\":\"WebPage\",\"@id\":\"https:\/\/experienciadevida.com.ar\/portalurbano\/nestor-ferreyra-la-clave-del-exito-es-que-siempre-se-trabajo-en-funcion-de-la-pertinencia-social\/\",\"url\":\"https:\/\/experienciadevida.com.ar\/portalurbano\/nestor-ferreyra-la-clave-del-exito-es-que-siempre-se-trabajo-en-funcion-de-la-pertinencia-social\/\",\"name\":\"N\u00e9stor Ferreyra: \\\"La clave del \u00e9xito es que siempre se trabaj\u00f3\\\"\",\"isPartOf\":{\"@id\":\"https:\/\/experienciadevida.com.ar\/portalurbano\/#website\"},\"datePublished\":\"2022-03-03T20:26:08+00:00\",\"dateModified\":\"2022-03-03T20:26:38+00:00\",\"description\":\"N\u00e9stor Ferreyra: \u201cLa clave del \u00e9xito es que siempre se trabaj\u00f3 en funci\u00f3n de la pertinencia social\u201d, Egresado en esta unidad acad\u00e9mica\",\"breadcrumb\":{\"@id\":\"https:\/\/experienciadevida.com.ar\/portalurbano\/nestor-ferreyra-la-clave-del-exito-es-que-siempre-se-trabajo-en-funcion-de-la-pertinencia-social\/#breadcrumb\"},\"inLanguage\":\"es\",\"potentialAction\":[{\"@type\":\"ReadAction\",\"target\":[\"https:\/\/experienciadevida.com.ar\/portalurbano\/nestor-ferreyra-la-clave-del-exito-es-que-siempre-se-trabajo-en-funcion-de-la-pertinencia-social\/\"]}]},{\"@type\":\"BreadcrumbList\",\"@id\":\"https:\/\/experienciadevida.com.ar\/portalurbano\/nestor-ferreyra-la-clave-del-exito-es-que-siempre-se-trabajo-en-funcion-de-la-pertinencia-social\/#breadcrumb\",\"itemListElement\":[{\"@type\":\"ListItem\",\"position\":1,\"name\":\"Portada\",\"item\":\"https:\/\/experienciadevida.com.ar\/portalurbano\/\"},{\"@type\":\"ListItem\",\"position\":2,\"name\":\"N\u00e9stor Ferreyra: \u201cLa clave del \u00e9xito es que siempre se trabaj\u00f3 en funci\u00f3n de la pertinencia social\u201d\"}]},{\"@type\":\"WebSite\",\"@id\":\"https:\/\/experienciadevida.com.ar\/portalurbano\/#website\",\"url\":\"https:\/\/experienciadevida.com.ar\/portalurbano\/\",\"name\":\"\",\"description\":\"\",\"publisher\":{\"@id\":\"https:\/\/experienciadevida.com.ar\/portalurbano\/#organization\"},\"potentialAction\":[{\"@type\":\"SearchAction\",\"target\":{\"@type\":\"EntryPoint\",\"urlTemplate\":\"https:\/\/experienciadevida.com.ar\/portalurbano\/?s={search_term_string}\"},\"query-input\":\"required name=search_term_string\"}],\"inLanguage\":\"es\"},{\"@type\":\"Organization\",\"@id\":\"https:\/\/experienciadevida.com.ar\/portalurbano\/#organization\",\"name\":\"Portal Urbano\",\"url\":\"https:\/\/experienciadevida.com.ar\/portalurbano\/\",\"logo\":{\"@type\":\"ImageObject\",\"inLanguage\":\"es\",\"@id\":\"https:\/\/experienciadevida.com.ar\/portalurbano\/#\/schema\/logo\/image\/\",\"url\":\"https:\/\/experienciadevida.com.ar\/portalurbano\/wp-content\/uploads\/2019\/09\/Logo-Original.png\",\"contentUrl\":\"https:\/\/experienciadevida.com.ar\/portalurbano\/wp-content\/uploads\/2019\/09\/Logo-Original.png\",\"width\":2236,\"height\":1216,\"caption\":\"Portal Urbano\"},\"image\":{\"@id\":\"https:\/\/experienciadevida.com.ar\/portalurbano\/#\/schema\/logo\/image\/\"},\"sameAs\":[\"https:\/\/www.facebook.com\/Portal-Urbano-171542830093757\/\",\"https:\/\/twitter.com\/portalurbanook\",\"https:\/\/www.instagram.com\/_portalurbano\/\",\"https:\/\/www.youtube.com\/channel\/UCXhagIfszH8KxFiOok79zbA?view_as=subscriber\"]},{\"@type\":\"Person\",\"@id\":\"https:\/\/experienciadevida.com.ar\/portalurbano\/#\/schema\/person\/02dd326b1c4b056e9cc972486934a3a7\",\"name\":\"admpu17wp\",\"image\":{\"@type\":\"ImageObject\",\"inLanguage\":\"es\",\"@id\":\"https:\/\/experienciadevida.com.ar\/portalurbano\/#\/schema\/person\/image\/\",\"url\":\"https:\/\/secure.gravatar.com\/avatar\/830d4c57adaae6630765e449a6908047?s=96&d=mm&r=g\",\"contentUrl\":\"https:\/\/secure.gravatar.com\/avatar\/830d4c57adaae6630765e449a6908047?s=96&d=mm&r=g\",\"caption\":\"admpu17wp\"}}]}<\/script>\n<!-- \/ Yoast SEO plugin. -->","yoast_head_json":{"title":"N\u00e9stor Ferreyra: \"La clave del \u00e9xito es que siempre se trabaj\u00f3\"","description":"N\u00e9stor Ferreyra: \u201cLa clave del \u00e9xito es que siempre se trabaj\u00f3 en funci\u00f3n de la pertinencia social\u201d, Egresado en esta unidad acad\u00e9mica","robots":{"index":"index","follow":"follow","max-snippet":"max-snippet:-1","max-image-preview":"max-image-preview:large","max-video-preview":"max-video-preview:-1"},"canonical":"https:\/\/experienciadevida.com.ar\/portalurbano\/nestor-ferreyra-la-clave-del-exito-es-que-siempre-se-trabajo-en-funcion-de-la-pertinencia-social\/","og_locale":"es_ES","og_type":"article","og_title":"N\u00e9stor Ferreyra: \"La clave del \u00e9xito es que siempre se trabaj\u00f3\"","og_description":"N\u00e9stor Ferreyra: \u201cLa clave del \u00e9xito es que siempre se trabaj\u00f3 en funci\u00f3n de la pertinencia social\u201d, Egresado en esta unidad acad\u00e9mica","og_url":"https:\/\/experienciadevida.com.ar\/portalurbano\/nestor-ferreyra-la-clave-del-exito-es-que-siempre-se-trabajo-en-funcion-de-la-pertinencia-social\/","article_publisher":"https:\/\/www.facebook.com\/Portal-Urbano-171542830093757\/","article_published_time":"2022-03-03T20:26:08+00:00","article_modified_time":"2022-03-03T20:26:38+00:00","og_image":[{"width":1652,"height":994,"url":"https:\/\/experienciadevida.com.ar\/portalurbano\/wp-content\/uploads\/2022\/03\/Nestor-Ferreyra.jpg","type":"image\/jpeg"}],"author":"admpu17wp","twitter_card":"summary_large_image","twitter_creator":"@portalurbanook","twitter_site":"@portalurbanook","twitter_misc":{"Escrito por":"admpu17wp","Tiempo de lectura":"7 minutos"},"schema":{"@context":"https:\/\/schema.org","@graph":[{"@type":"Article","@id":"https:\/\/experienciadevida.com.ar\/portalurbano\/nestor-ferreyra-la-clave-del-exito-es-que-siempre-se-trabajo-en-funcion-de-la-pertinencia-social\/#article","isPartOf":{"@id":"https:\/\/experienciadevida.com.ar\/portalurbano\/nestor-ferreyra-la-clave-del-exito-es-que-siempre-se-trabajo-en-funcion-de-la-pertinencia-social\/"},"author":{"name":"admpu17wp","@id":"https:\/\/experienciadevida.com.ar\/portalurbano\/#\/schema\/person\/02dd326b1c4b056e9cc972486934a3a7"},"headline":"N\u00e9stor Ferreyra: \u201cLa clave del \u00e9xito es que siempre se trabaj\u00f3 en funci\u00f3n de la pertinencia social\u201d","datePublished":"2022-03-03T20:26:08+00:00","dateModified":"2022-03-03T20:26:38+00:00","mainEntityOfPage":{"@id":"https:\/\/experienciadevida.com.ar\/portalurbano\/nestor-ferreyra-la-clave-del-exito-es-que-siempre-se-trabajo-en-funcion-de-la-pertinencia-social\/"},"wordCount":1495,"publisher":{"@id":"https:\/\/experienciadevida.com.ar\/portalurbano\/#organization"},"articleSection":["Educaci\u00f3n"],"inLanguage":"es"},{"@type":"WebPage","@id":"https:\/\/experienciadevida.com.ar\/portalurbano\/nestor-ferreyra-la-clave-del-exito-es-que-siempre-se-trabajo-en-funcion-de-la-pertinencia-social\/","url":"https:\/\/experienciadevida.com.ar\/portalurbano\/nestor-ferreyra-la-clave-del-exito-es-que-siempre-se-trabajo-en-funcion-de-la-pertinencia-social\/","name":"N\u00e9stor Ferreyra: \"La clave del \u00e9xito es que siempre se trabaj\u00f3\"","isPartOf":{"@id":"https:\/\/experienciadevida.com.ar\/portalurbano\/#website"},"datePublished":"2022-03-03T20:26:08+00:00","dateModified":"2022-03-03T20:26:38+00:00","description":"N\u00e9stor Ferreyra: \u201cLa clave del \u00e9xito es que siempre se trabaj\u00f3 en funci\u00f3n de la pertinencia social\u201d, Egresado en esta unidad acad\u00e9mica","breadcrumb":{"@id":"https:\/\/experienciadevida.com.ar\/portalurbano\/nestor-ferreyra-la-clave-del-exito-es-que-siempre-se-trabajo-en-funcion-de-la-pertinencia-social\/#breadcrumb"},"inLanguage":"es","potentialAction":[{"@type":"ReadAction","target":["https:\/\/experienciadevida.com.ar\/portalurbano\/nestor-ferreyra-la-clave-del-exito-es-que-siempre-se-trabajo-en-funcion-de-la-pertinencia-social\/"]}]},{"@type":"BreadcrumbList","@id":"https:\/\/experienciadevida.com.ar\/portalurbano\/nestor-ferreyra-la-clave-del-exito-es-que-siempre-se-trabajo-en-funcion-de-la-pertinencia-social\/#breadcrumb","itemListElement":[{"@type":"ListItem","position":1,"name":"Portada","item":"https:\/\/experienciadevida.com.ar\/portalurbano\/"},{"@type":"ListItem","position":2,"name":"N\u00e9stor Ferreyra: \u201cLa clave del \u00e9xito es que siempre se trabaj\u00f3 en funci\u00f3n de la pertinencia social\u201d"}]},{"@type":"WebSite","@id":"https:\/\/experienciadevida.com.ar\/portalurbano\/#website","url":"https:\/\/experienciadevida.com.ar\/portalurbano\/","name":"","description":"","publisher":{"@id":"https:\/\/experienciadevida.com.ar\/portalurbano\/#organization"},"potentialAction":[{"@type":"SearchAction","target":{"@type":"EntryPoint","urlTemplate":"https:\/\/experienciadevida.com.ar\/portalurbano\/?s={search_term_string}"},"query-input":"required name=search_term_string"}],"inLanguage":"es"},{"@type":"Organization","@id":"https:\/\/experienciadevida.com.ar\/portalurbano\/#organization","name":"Portal Urbano","url":"https:\/\/experienciadevida.com.ar\/portalurbano\/","logo":{"@type":"ImageObject","inLanguage":"es","@id":"https:\/\/experienciadevida.com.ar\/portalurbano\/#\/schema\/logo\/image\/","url":"https:\/\/experienciadevida.com.ar\/portalurbano\/wp-content\/uploads\/2019\/09\/Logo-Original.png","contentUrl":"https:\/\/experienciadevida.com.ar\/portalurbano\/wp-content\/uploads\/2019\/09\/Logo-Original.png","width":2236,"height":1216,"caption":"Portal Urbano"},"image":{"@id":"https:\/\/experienciadevida.com.ar\/portalurbano\/#\/schema\/logo\/image\/"},"sameAs":["https:\/\/www.facebook.com\/Portal-Urbano-171542830093757\/","https:\/\/twitter.com\/portalurbanook","https:\/\/www.instagram.com\/_portalurbano\/","https:\/\/www.youtube.com\/channel\/UCXhagIfszH8KxFiOok79zbA?view_as=subscriber"]},{"@type":"Person","@id":"https:\/\/experienciadevida.com.ar\/portalurbano\/#\/schema\/person\/02dd326b1c4b056e9cc972486934a3a7","name":"admpu17wp","image":{"@type":"ImageObject","inLanguage":"es","@id":"https:\/\/experienciadevida.com.ar\/portalurbano\/#\/schema\/person\/image\/","url":"https:\/\/secure.gravatar.com\/avatar\/830d4c57adaae6630765e449a6908047?s=96&d=mm&r=g","contentUrl":"https:\/\/secure.gravatar.com\/avatar\/830d4c57adaae6630765e449a6908047?s=96&d=mm&r=g","caption":"admpu17wp"}}]}},"featured_image_urls":{"full":["https:\/\/experienciadevida.com.ar\/portalurbano\/wp-content\/uploads\/2022\/03\/Nestor-Ferreyra.jpg",1652,994,false],"thumbnail":["https:\/\/experienciadevida.com.ar\/portalurbano\/wp-content\/uploads\/2022\/03\/Nestor-Ferreyra-150x150.jpg",150,150,true],"medium":["https:\/\/experienciadevida.com.ar\/portalurbano\/wp-content\/uploads\/2022\/03\/Nestor-Ferreyra-300x181.jpg",300,181,true],"medium_large":["https:\/\/experienciadevida.com.ar\/portalurbano\/wp-content\/uploads\/2022\/03\/Nestor-Ferreyra-768x462.jpg",640,385,true],"large":["https:\/\/experienciadevida.com.ar\/portalurbano\/wp-content\/uploads\/2022\/03\/Nestor-Ferreyra-1024x616.jpg",640,385,true],"ug_big":["https:\/\/experienciadevida.com.ar\/portalurbano\/wp-content\/uploads\/2022\/03\/Nestor-Ferreyra-768x462.jpg",768,462,true],"1536x1536":["https:\/\/experienciadevida.com.ar\/portalurbano\/wp-content\/uploads\/2022\/03\/Nestor-Ferreyra-1536x924.jpg",1536,924,true],"2048x2048":["https:\/\/experienciadevida.com.ar\/portalurbano\/wp-content\/uploads\/2022\/03\/Nestor-Ferreyra.jpg",1652,994,false],"newsever-slider-full":["https:\/\/experienciadevida.com.ar\/portalurbano\/wp-content\/uploads\/2022\/03\/Nestor-Ferreyra.jpg",1280,770,false],"newsever-featured":["https:\/\/experienciadevida.com.ar\/portalurbano\/wp-content\/uploads\/2022\/03\/Nestor-Ferreyra.jpg",1024,616,false],"newsever-medium":["https:\/\/experienciadevida.com.ar\/portalurbano\/wp-content\/uploads\/2022\/03\/Nestor-Ferreyra.jpg",720,433,false],"web-stories-poster-portrait":["https:\/\/experienciadevida.com.ar\/portalurbano\/wp-content\/uploads\/2022\/03\/Nestor-Ferreyra.jpg",640,385,false],"web-stories-publisher-logo":["https:\/\/experienciadevida.com.ar\/portalurbano\/wp-content\/uploads\/2022\/03\/Nestor-Ferreyra.jpg",96,58,false],"web-stories-thumbnail":["https:\/\/experienciadevida.com.ar\/portalurbano\/wp-content\/uploads\/2022\/03\/Nestor-Ferreyra.jpg",150,90,false]},"author_info":{"display_name":"admpu17wp","author_link":"https:\/\/experienciadevida.com.ar\/portalurbano\/author\/admpu17wp\/"},"category_info":"<a href=\"https:\/\/experienciadevida.com.ar\/portalurbano\/category\/ciudad\/educacion\/\" rel=\"category tag\">Educaci\u00f3n<\/a>","tag_info":"Educaci\u00f3n","comment_count":"0","amp_enabled":true,"_links":{"self":[{"href":"https:\/\/experienciadevida.com.ar\/portalurbano\/wp-json\/wp\/v2\/posts\/162836"}],"collection":[{"href":"https:\/\/experienciadevida.com.ar\/portalurbano\/wp-json\/wp\/v2\/posts"}],"about":[{"href":"https:\/\/experienciadevida.com.ar\/portalurbano\/wp-json\/wp\/v2\/types\/post"}],"author":[{"embeddable":true,"href":"https:\/\/experienciadevida.com.ar\/portalurbano\/wp-json\/wp\/v2\/users\/1"}],"replies":[{"embeddable":true,"href":"https:\/\/experienciadevida.com.ar\/portalurbano\/wp-json\/wp\/v2\/comments?post=162836"}],"version-history":[{"count":2,"href":"https:\/\/experienciadevida.com.ar\/portalurbano\/wp-json\/wp\/v2\/posts\/162836\/revisions"}],"predecessor-version":[{"id":162840,"href":"https:\/\/experienciadevida.com.ar\/portalurbano\/wp-json\/wp\/v2\/posts\/162836\/revisions\/162840"}],"wp:featuredmedia":[{"embeddable":true,"href":"https:\/\/experienciadevida.com.ar\/portalurbano\/wp-json\/wp\/v2\/media\/162837"}],"wp:attachment":[{"href":"https:\/\/experienciadevida.com.ar\/portalurbano\/wp-json\/wp\/v2\/media?parent=162836"}],"wp:term":[{"taxonomy":"category","embeddable":true,"href":"https:\/\/experienciadevida.com.ar\/portalurbano\/wp-json\/wp\/v2\/categories?post=162836"},{"taxonomy":"post_tag","embeddable":true,"href":"https:\/\/experienciadevida.com.ar\/portalurbano\/wp-json\/wp\/v2\/tags?post=162836"}],"curies":[{"name":"wp","href":"https:\/\/api.w.org\/{rel}","templated":true}]}}