{"id":162821,"date":"2022-03-03T16:42:13","date_gmt":"2022-03-03T19:42:13","guid":{"rendered":"https:\/\/experienciadevida.com.ar\/portalurbano\/?p=162821"},"modified":"2022-03-03T16:42:45","modified_gmt":"2022-03-03T19:42:45","slug":"florencia-caro-es-la-nueva-directora-de-politicas-de-genero","status":"publish","type":"post","link":"https:\/\/experienciadevida.com.ar\/portalurbano\/florencia-caro-es-la-nueva-directora-de-politicas-de-genero\/","title":{"rendered":"Florencia Caro es la nueva directora de Pol\u00edticas de G\u00e9nero"},"content":{"rendered":"<p>Florencia Caro es la nueva directora de Pol\u00edticas de G\u00e9nero, en la ma\u00f1ana de este jueves el intendente Ezequiel <a href=\"https:\/\/www.facebook.com\/galliezequiel\">Galli<\/a> se reuni\u00f3 con todo el equipo de la Direcci\u00f3n de Pol\u00edticas de G\u00e9nero, en la sede del espacio que funciona en San Mart\u00edn 1106.<\/p>\n<p><a href=\"https:\/\/experienciadevida.com.ar\/portalurbano\/florencia-caro-es-la-nueva-directora-de-politicas-de-genero\/florencia\/\" rel=\"attachment wp-att-162823\"><img decoding=\"async\" class=\"alignnone size-large wp-image-162823\" src=\"https:\/\/experienciadevida.com.ar\/portalurbano\/wp-content\/uploads\/2022\/03\/Florencia-1024x684.jpg\" alt=\"Florencia \" width=\"900\" height=\"601\" srcset=\"https:\/\/experienciadevida.com.ar\/portalurbano\/wp-content\/uploads\/2022\/03\/Florencia-1024x684.jpg 1024w, https:\/\/experienciadevida.com.ar\/portalurbano\/wp-content\/uploads\/2022\/03\/Florencia-300x201.jpg 300w, https:\/\/experienciadevida.com.ar\/portalurbano\/wp-content\/uploads\/2022\/03\/Florencia-768x513.jpg 768w, https:\/\/experienciadevida.com.ar\/portalurbano\/wp-content\/uploads\/2022\/03\/Florencia-1536x1027.jpg 1536w, https:\/\/experienciadevida.com.ar\/portalurbano\/wp-content\/uploads\/2022\/03\/Florencia-2048x1369.jpg 2048w\" sizes=\"(max-width: 900px) 100vw, 900px\" \/><\/a><\/p>\n<p>En la oportunidad, se present\u00f3 a la Lic. Florencia Caro, como la nueva directora del \u00e1rea, tras la reciente renuncia de la Lic. Florencia Ju\u00e1rez, quien pasar\u00e1 a ocupar otras funciones dentro del Ejecutivo Municipal.<\/p>\n<p>Del encuentro participaron adem\u00e1s el secretario de Desarrollo Humano y Calidad de Vida Diego Robbiani y la subsecretaria de Derechos, Igualdad y Oportunidades Valeria Chiramberro.<\/p>\n<p>En primer lugar el Intendente destac\u00f3 que \u201chay un gran equipo de trabajo\u201d, que est\u00e1 integrado por 29 personas. En relaci\u00f3n a la designaci\u00f3n de Florencia Caro, al frente de la dependencia municipal, dese\u00f3 que \u201ctengas muchos \u00e9xitos. Conf\u00edo en tu criterio y s\u00e9 que est\u00e1s muy involucrada con la tem\u00e1tica\u201d.<\/p>\n<p>Por su parte, la flamante directora Lic. Florencia Caro reconoci\u00f3 en primer lugar que \u201cFlor (Ju\u00e1rez) hizo un gran trabajo. Se han podido multiplicar los equipos. Hay un gran equipo humano y profesional. Con muchas ganas, mucha energ\u00eda y compromiso\u201d.<\/p>\n<p>\u201cHay temas que son urgentes, impostergables. Todo el trabajo que hacemos pareciera que no alcanza y hay que redoblar la apuesta todos los d\u00edas\u201d, sostuvo la Lic. Caro.<\/p>\n<p>\u201cTener este espacio, que es precursor, en relaci\u00f3n a otros municipios de la provincia se destaca\u201d, resalt\u00f3.<\/p>\n<p>Durante el encuentro, dialogaron sobre las propuestas de cara al 8M que se concentrar\u00e1n en el Paseo \u201cJes\u00fas Mend\u00eda\u201d y sobre las actividades en vinculaci\u00f3n con otras instituciones, como la Facultad de Ciencias Sociales.<\/p>\n<p>En la oportunidad, destacaron la importancia de la implementaci\u00f3n de la Ley Micaela en Olavarr\u00eda, que establece la capacitaci\u00f3n obligatoria y permanente en materia de g\u00e9nero de todo el personal estatal de la gesti\u00f3n p\u00fablica, en el marco de la Ordenanza Municipal 4406\/19 que as\u00ed lo reglamenta.<\/p>\n<p>Desde su puesta en vigencia \u2013a mediados del 2019- se han capacitado a 1870 personas, pertenecientes a distintas \u00e1reas de gesti\u00f3n, que representa el 85% de la planta municipal.<\/p>\n<p>Tambi\u00e9n en el marco de la reuni\u00f3n se refirieron a los proyectos e ideas a trabajar desde el \u00e1rea de Masculinidades.<\/p>\n","protected":false},"excerpt":{"rendered":"<p>Florencia Caro es la nueva directora de Pol\u00edticas de G\u00e9nero, en la ma\u00f1ana de este&#8230;<\/p>\n","protected":false},"author":1,"featured_media":162822,"comment_status":"closed","ping_status":"closed","sticky":false,"template":"","format":"standard","meta":{"content-type":""},"categories":[27],"tags":[],"nelio_content":{"isAutoShareEnabled":false,"autoShareEndMode":"default","automationSources":{"useContentSentences":true,"useSocialTemplates":true,"useCustomSentences":false,"customSentences":[]},"followers":[1],"suggestedReferences":[],"includedReferences":[],"efiUrl":"","efiAlt":"","highlights":[]},"yoast_head":"<!-- This site is optimized with the Yoast SEO plugin v20.7 - https:\/\/yoast.com\/wordpress\/plugins\/seo\/ -->\n<title>Florencia Caro es la nueva Directora de pol\u00edticas de G\u00e9nero<\/title>\n<meta name=\"description\" content=\"Florencia Caro es la nueva directora de Pol\u00edticas de G\u00e9nero, en la ma\u00f1ana de este jueves el intendente Ezequiel Galli se reuni\u00f3 con el equipo\" \/>\n<meta name=\"robots\" content=\"index, follow, max-snippet:-1, max-image-preview:large, max-video-preview:-1\" \/>\n<link rel=\"canonical\" href=\"https:\/\/experienciadevida.com.ar\/portalurbano\/florencia-caro-es-la-nueva-directora-de-politicas-de-genero\/\" \/>\n<meta property=\"og:locale\" content=\"es_ES\" \/>\n<meta property=\"og:type\" content=\"article\" \/>\n<meta property=\"og:title\" content=\"Florencia Caro es la nueva Directora de pol\u00edticas de G\u00e9nero\" \/>\n<meta property=\"og:description\" content=\"Florencia Caro es la nueva directora de Pol\u00edticas de G\u00e9nero, en la ma\u00f1ana de este jueves el intendente Ezequiel Galli se reuni\u00f3 con el equipo\" \/>\n<meta property=\"og:url\" content=\"https:\/\/experienciadevida.com.ar\/portalurbano\/florencia-caro-es-la-nueva-directora-de-politicas-de-genero\/\" \/>\n<meta property=\"article:publisher\" content=\"https:\/\/www.facebook.com\/Portal-Urbano-171542830093757\/\" \/>\n<meta property=\"article:published_time\" content=\"2022-03-03T19:42:13+00:00\" \/>\n<meta property=\"article:modified_time\" content=\"2022-03-03T19:42:45+00:00\" \/>\n<meta property=\"og:image\" content=\"https:\/\/experienciadevida.com.ar\/portalurbano\/wp-content\/uploads\/2022\/03\/Florencia-Caro-es-la.jpg\" \/>\n\t<meta property=\"og:image:width\" content=\"2560\" \/>\n\t<meta property=\"og:image:height\" content=\"1711\" \/>\n\t<meta property=\"og:image:type\" content=\"image\/jpeg\" \/>\n<meta name=\"author\" content=\"admpu17wp\" \/>\n<meta name=\"twitter:card\" content=\"summary_large_image\" \/>\n<meta name=\"twitter:creator\" content=\"@portalurbanook\" \/>\n<meta name=\"twitter:site\" content=\"@portalurbanook\" \/>\n<meta name=\"twitter:label1\" content=\"Escrito por\" \/>\n\t<meta name=\"twitter:data1\" content=\"admpu17wp\" \/>\n\t<meta name=\"twitter:label2\" content=\"Tiempo de lectura\" \/>\n\t<meta name=\"twitter:data2\" content=\"2 minutos\" \/>\n<script type=\"application\/ld+json\" class=\"yoast-schema-graph\">{\"@context\":\"https:\/\/schema.org\",\"@graph\":[{\"@type\":\"Article\",\"@id\":\"https:\/\/experienciadevida.com.ar\/portalurbano\/florencia-caro-es-la-nueva-directora-de-politicas-de-genero\/#article\",\"isPartOf\":{\"@id\":\"https:\/\/experienciadevida.com.ar\/portalurbano\/florencia-caro-es-la-nueva-directora-de-politicas-de-genero\/\"},\"author\":{\"name\":\"admpu17wp\",\"@id\":\"https:\/\/experienciadevida.com.ar\/portalurbano\/#\/schema\/person\/02dd326b1c4b056e9cc972486934a3a7\"},\"headline\":\"Florencia Caro es la nueva directora de Pol\u00edticas de G\u00e9nero\",\"datePublished\":\"2022-03-03T19:42:13+00:00\",\"dateModified\":\"2022-03-03T19:42:45+00:00\",\"mainEntityOfPage\":{\"@id\":\"https:\/\/experienciadevida.com.ar\/portalurbano\/florencia-caro-es-la-nueva-directora-de-politicas-de-genero\/\"},\"wordCount\":409,\"publisher\":{\"@id\":\"https:\/\/experienciadevida.com.ar\/portalurbano\/#organization\"},\"articleSection\":[\"Ciudad\"],\"inLanguage\":\"es\"},{\"@type\":\"WebPage\",\"@id\":\"https:\/\/experienciadevida.com.ar\/portalurbano\/florencia-caro-es-la-nueva-directora-de-politicas-de-genero\/\",\"url\":\"https:\/\/experienciadevida.com.ar\/portalurbano\/florencia-caro-es-la-nueva-directora-de-politicas-de-genero\/\",\"name\":\"Florencia Caro es la nueva Directora de pol\u00edticas de G\u00e9nero\",\"isPartOf\":{\"@id\":\"https:\/\/experienciadevida.com.ar\/portalurbano\/#website\"},\"datePublished\":\"2022-03-03T19:42:13+00:00\",\"dateModified\":\"2022-03-03T19:42:45+00:00\",\"description\":\"Florencia Caro es la nueva directora de Pol\u00edticas de G\u00e9nero, en la ma\u00f1ana de este jueves el intendente Ezequiel Galli se reuni\u00f3 con el equipo\",\"breadcrumb\":{\"@id\":\"https:\/\/experienciadevida.com.ar\/portalurbano\/florencia-caro-es-la-nueva-directora-de-politicas-de-genero\/#breadcrumb\"},\"inLanguage\":\"es\",\"potentialAction\":[{\"@type\":\"ReadAction\",\"target\":[\"https:\/\/experienciadevida.com.ar\/portalurbano\/florencia-caro-es-la-nueva-directora-de-politicas-de-genero\/\"]}]},{\"@type\":\"BreadcrumbList\",\"@id\":\"https:\/\/experienciadevida.com.ar\/portalurbano\/florencia-caro-es-la-nueva-directora-de-politicas-de-genero\/#breadcrumb\",\"itemListElement\":[{\"@type\":\"ListItem\",\"position\":1,\"name\":\"Portada\",\"item\":\"https:\/\/experienciadevida.com.ar\/portalurbano\/\"},{\"@type\":\"ListItem\",\"position\":2,\"name\":\"Florencia Caro es la nueva directora de Pol\u00edticas de G\u00e9nero\"}]},{\"@type\":\"WebSite\",\"@id\":\"https:\/\/experienciadevida.com.ar\/portalurbano\/#website\",\"url\":\"https:\/\/experienciadevida.com.ar\/portalurbano\/\",\"name\":\"\",\"description\":\"\",\"publisher\":{\"@id\":\"https:\/\/experienciadevida.com.ar\/portalurbano\/#organization\"},\"potentialAction\":[{\"@type\":\"SearchAction\",\"target\":{\"@type\":\"EntryPoint\",\"urlTemplate\":\"https:\/\/experienciadevida.com.ar\/portalurbano\/?s={search_term_string}\"},\"query-input\":\"required name=search_term_string\"}],\"inLanguage\":\"es\"},{\"@type\":\"Organization\",\"@id\":\"https:\/\/experienciadevida.com.ar\/portalurbano\/#organization\",\"name\":\"Portal Urbano\",\"url\":\"https:\/\/experienciadevida.com.ar\/portalurbano\/\",\"logo\":{\"@type\":\"ImageObject\",\"inLanguage\":\"es\",\"@id\":\"https:\/\/experienciadevida.com.ar\/portalurbano\/#\/schema\/logo\/image\/\",\"url\":\"https:\/\/experienciadevida.com.ar\/portalurbano\/wp-content\/uploads\/2019\/09\/Logo-Original.png\",\"contentUrl\":\"https:\/\/experienciadevida.com.ar\/portalurbano\/wp-content\/uploads\/2019\/09\/Logo-Original.png\",\"width\":2236,\"height\":1216,\"caption\":\"Portal Urbano\"},\"image\":{\"@id\":\"https:\/\/experienciadevida.com.ar\/portalurbano\/#\/schema\/logo\/image\/\"},\"sameAs\":[\"https:\/\/www.facebook.com\/Portal-Urbano-171542830093757\/\",\"https:\/\/twitter.com\/portalurbanook\",\"https:\/\/www.instagram.com\/_portalurbano\/\",\"https:\/\/www.youtube.com\/channel\/UCXhagIfszH8KxFiOok79zbA?view_as=subscriber\"]},{\"@type\":\"Person\",\"@id\":\"https:\/\/experienciadevida.com.ar\/portalurbano\/#\/schema\/person\/02dd326b1c4b056e9cc972486934a3a7\",\"name\":\"admpu17wp\",\"image\":{\"@type\":\"ImageObject\",\"inLanguage\":\"es\",\"@id\":\"https:\/\/experienciadevida.com.ar\/portalurbano\/#\/schema\/person\/image\/\",\"url\":\"https:\/\/secure.gravatar.com\/avatar\/830d4c57adaae6630765e449a6908047?s=96&d=mm&r=g\",\"contentUrl\":\"https:\/\/secure.gravatar.com\/avatar\/830d4c57adaae6630765e449a6908047?s=96&d=mm&r=g\",\"caption\":\"admpu17wp\"}}]}<\/script>\n<!-- \/ Yoast SEO plugin. -->","yoast_head_json":{"title":"Florencia Caro es la nueva Directora de pol\u00edticas de G\u00e9nero","description":"Florencia Caro es la nueva directora de Pol\u00edticas de G\u00e9nero, en la ma\u00f1ana de este jueves el intendente Ezequiel Galli se reuni\u00f3 con el equipo","robots":{"index":"index","follow":"follow","max-snippet":"max-snippet:-1","max-image-preview":"max-image-preview:large","max-video-preview":"max-video-preview:-1"},"canonical":"https:\/\/experienciadevida.com.ar\/portalurbano\/florencia-caro-es-la-nueva-directora-de-politicas-de-genero\/","og_locale":"es_ES","og_type":"article","og_title":"Florencia Caro es la nueva Directora de pol\u00edticas de G\u00e9nero","og_description":"Florencia Caro es la nueva directora de Pol\u00edticas de G\u00e9nero, en la ma\u00f1ana de este jueves el intendente Ezequiel Galli se reuni\u00f3 con el equipo","og_url":"https:\/\/experienciadevida.com.ar\/portalurbano\/florencia-caro-es-la-nueva-directora-de-politicas-de-genero\/","article_publisher":"https:\/\/www.facebook.com\/Portal-Urbano-171542830093757\/","article_published_time":"2022-03-03T19:42:13+00:00","article_modified_time":"2022-03-03T19:42:45+00:00","og_image":[{"width":2560,"height":1711,"url":"https:\/\/experienciadevida.com.ar\/portalurbano\/wp-content\/uploads\/2022\/03\/Florencia-Caro-es-la.jpg","type":"image\/jpeg"}],"author":"admpu17wp","twitter_card":"summary_large_image","twitter_creator":"@portalurbanook","twitter_site":"@portalurbanook","twitter_misc":{"Escrito por":"admpu17wp","Tiempo de lectura":"2 minutos"},"schema":{"@context":"https:\/\/schema.org","@graph":[{"@type":"Article","@id":"https:\/\/experienciadevida.com.ar\/portalurbano\/florencia-caro-es-la-nueva-directora-de-politicas-de-genero\/#article","isPartOf":{"@id":"https:\/\/experienciadevida.com.ar\/portalurbano\/florencia-caro-es-la-nueva-directora-de-politicas-de-genero\/"},"author":{"name":"admpu17wp","@id":"https:\/\/experienciadevida.com.ar\/portalurbano\/#\/schema\/person\/02dd326b1c4b056e9cc972486934a3a7"},"headline":"Florencia Caro es la nueva directora de Pol\u00edticas de G\u00e9nero","datePublished":"2022-03-03T19:42:13+00:00","dateModified":"2022-03-03T19:42:45+00:00","mainEntityOfPage":{"@id":"https:\/\/experienciadevida.com.ar\/portalurbano\/florencia-caro-es-la-nueva-directora-de-politicas-de-genero\/"},"wordCount":409,"publisher":{"@id":"https:\/\/experienciadevida.com.ar\/portalurbano\/#organization"},"articleSection":["Ciudad"],"inLanguage":"es"},{"@type":"WebPage","@id":"https:\/\/experienciadevida.com.ar\/portalurbano\/florencia-caro-es-la-nueva-directora-de-politicas-de-genero\/","url":"https:\/\/experienciadevida.com.ar\/portalurbano\/florencia-caro-es-la-nueva-directora-de-politicas-de-genero\/","name":"Florencia Caro es la nueva Directora de pol\u00edticas de G\u00e9nero","isPartOf":{"@id":"https:\/\/experienciadevida.com.ar\/portalurbano\/#website"},"datePublished":"2022-03-03T19:42:13+00:00","dateModified":"2022-03-03T19:42:45+00:00","description":"Florencia Caro es la nueva directora de Pol\u00edticas de G\u00e9nero, en la ma\u00f1ana de este jueves el intendente Ezequiel Galli se reuni\u00f3 con el equipo","breadcrumb":{"@id":"https:\/\/experienciadevida.com.ar\/portalurbano\/florencia-caro-es-la-nueva-directora-de-politicas-de-genero\/#breadcrumb"},"inLanguage":"es","potentialAction":[{"@type":"ReadAction","target":["https:\/\/experienciadevida.com.ar\/portalurbano\/florencia-caro-es-la-nueva-directora-de-politicas-de-genero\/"]}]},{"@type":"BreadcrumbList","@id":"https:\/\/experienciadevida.com.ar\/portalurbano\/florencia-caro-es-la-nueva-directora-de-politicas-de-genero\/#breadcrumb","itemListElement":[{"@type":"ListItem","position":1,"name":"Portada","item":"https:\/\/experienciadevida.com.ar\/portalurbano\/"},{"@type":"ListItem","position":2,"name":"Florencia Caro es la nueva directora de Pol\u00edticas de G\u00e9nero"}]},{"@type":"WebSite","@id":"https:\/\/experienciadevida.com.ar\/portalurbano\/#website","url":"https:\/\/experienciadevida.com.ar\/portalurbano\/","name":"","description":"","publisher":{"@id":"https:\/\/experienciadevida.com.ar\/portalurbano\/#organization"},"potentialAction":[{"@type":"SearchAction","target":{"@type":"EntryPoint","urlTemplate":"https:\/\/experienciadevida.com.ar\/portalurbano\/?s={search_term_string}"},"query-input":"required name=search_term_string"}],"inLanguage":"es"},{"@type":"Organization","@id":"https:\/\/experienciadevida.com.ar\/portalurbano\/#organization","name":"Portal Urbano","url":"https:\/\/experienciadevida.com.ar\/portalurbano\/","logo":{"@type":"ImageObject","inLanguage":"es","@id":"https:\/\/experienciadevida.com.ar\/portalurbano\/#\/schema\/logo\/image\/","url":"https:\/\/experienciadevida.com.ar\/portalurbano\/wp-content\/uploads\/2019\/09\/Logo-Original.png","contentUrl":"https:\/\/experienciadevida.com.ar\/portalurbano\/wp-content\/uploads\/2019\/09\/Logo-Original.png","width":2236,"height":1216,"caption":"Portal Urbano"},"image":{"@id":"https:\/\/experienciadevida.com.ar\/portalurbano\/#\/schema\/logo\/image\/"},"sameAs":["https:\/\/www.facebook.com\/Portal-Urbano-171542830093757\/","https:\/\/twitter.com\/portalurbanook","https:\/\/www.instagram.com\/_portalurbano\/","https:\/\/www.youtube.com\/channel\/UCXhagIfszH8KxFiOok79zbA?view_as=subscriber"]},{"@type":"Person","@id":"https:\/\/experienciadevida.com.ar\/portalurbano\/#\/schema\/person\/02dd326b1c4b056e9cc972486934a3a7","name":"admpu17wp","image":{"@type":"ImageObject","inLanguage":"es","@id":"https:\/\/experienciadevida.com.ar\/portalurbano\/#\/schema\/person\/image\/","url":"https:\/\/secure.gravatar.com\/avatar\/830d4c57adaae6630765e449a6908047?s=96&d=mm&r=g","contentUrl":"https:\/\/secure.gravatar.com\/avatar\/830d4c57adaae6630765e449a6908047?s=96&d=mm&r=g","caption":"admpu17wp"}}]}},"featured_image_urls":{"full":["https:\/\/experienciadevida.com.ar\/portalurbano\/wp-content\/uploads\/2022\/03\/Florencia-Caro-es-la.jpg",2560,1711,false],"thumbnail":["https:\/\/experienciadevida.com.ar\/portalurbano\/wp-content\/uploads\/2022\/03\/Florencia-Caro-es-la-150x150.jpg",150,150,true],"medium":["https:\/\/experienciadevida.com.ar\/portalurbano\/wp-content\/uploads\/2022\/03\/Florencia-Caro-es-la-300x201.jpg",300,201,true],"medium_large":["https:\/\/experienciadevida.com.ar\/portalurbano\/wp-content\/uploads\/2022\/03\/Florencia-Caro-es-la-768x513.jpg",640,428,true],"large":["https:\/\/experienciadevida.com.ar\/portalurbano\/wp-content\/uploads\/2022\/03\/Florencia-Caro-es-la-1024x684.jpg",640,428,true],"ug_big":["https:\/\/experienciadevida.com.ar\/portalurbano\/wp-content\/uploads\/2022\/03\/Florencia-Caro-es-la-768x513.jpg",768,513,true],"1536x1536":["https:\/\/experienciadevida.com.ar\/portalurbano\/wp-content\/uploads\/2022\/03\/Florencia-Caro-es-la-1536x1027.jpg",1536,1027,true],"2048x2048":["https:\/\/experienciadevida.com.ar\/portalurbano\/wp-content\/uploads\/2022\/03\/Florencia-Caro-es-la-2048x1369.jpg",2048,1369,true],"newsever-slider-full":["https:\/\/experienciadevida.com.ar\/portalurbano\/wp-content\/uploads\/2022\/03\/Florencia-Caro-es-la.jpg",1264,845,false],"newsever-featured":["https:\/\/experienciadevida.com.ar\/portalurbano\/wp-content\/uploads\/2022\/03\/Florencia-Caro-es-la.jpg",1024,684,false],"newsever-medium":["https:\/\/experienciadevida.com.ar\/portalurbano\/wp-content\/uploads\/2022\/03\/Florencia-Caro-es-la.jpg",711,475,false],"web-stories-poster-portrait":["https:\/\/experienciadevida.com.ar\/portalurbano\/wp-content\/uploads\/2022\/03\/Florencia-Caro-es-la.jpg",640,428,false],"web-stories-publisher-logo":["https:\/\/experienciadevida.com.ar\/portalurbano\/wp-content\/uploads\/2022\/03\/Florencia-Caro-es-la.jpg",96,64,false],"web-stories-thumbnail":["https:\/\/experienciadevida.com.ar\/portalurbano\/wp-content\/uploads\/2022\/03\/Florencia-Caro-es-la.jpg",150,100,false]},"author_info":{"display_name":"admpu17wp","author_link":"https:\/\/experienciadevida.com.ar\/portalurbano\/author\/admpu17wp\/"},"category_info":"<a href=\"https:\/\/experienciadevida.com.ar\/portalurbano\/category\/ciudad\/\" rel=\"category tag\">Ciudad<\/a>","tag_info":"Ciudad","comment_count":"0","amp_enabled":true,"_links":{"self":[{"href":"https:\/\/experienciadevida.com.ar\/portalurbano\/wp-json\/wp\/v2\/posts\/162821"}],"collection":[{"href":"https:\/\/experienciadevida.com.ar\/portalurbano\/wp-json\/wp\/v2\/posts"}],"about":[{"href":"https:\/\/experienciadevida.com.ar\/portalurbano\/wp-json\/wp\/v2\/types\/post"}],"author":[{"embeddable":true,"href":"https:\/\/experienciadevida.com.ar\/portalurbano\/wp-json\/wp\/v2\/users\/1"}],"replies":[{"embeddable":true,"href":"https:\/\/experienciadevida.com.ar\/portalurbano\/wp-json\/wp\/v2\/comments?post=162821"}],"version-history":[{"count":2,"href":"https:\/\/experienciadevida.com.ar\/portalurbano\/wp-json\/wp\/v2\/posts\/162821\/revisions"}],"predecessor-version":[{"id":162825,"href":"https:\/\/experienciadevida.com.ar\/portalurbano\/wp-json\/wp\/v2\/posts\/162821\/revisions\/162825"}],"wp:featuredmedia":[{"embeddable":true,"href":"https:\/\/experienciadevida.com.ar\/portalurbano\/wp-json\/wp\/v2\/media\/162822"}],"wp:attachment":[{"href":"https:\/\/experienciadevida.com.ar\/portalurbano\/wp-json\/wp\/v2\/media?parent=162821"}],"wp:term":[{"taxonomy":"category","embeddable":true,"href":"https:\/\/experienciadevida.com.ar\/portalurbano\/wp-json\/wp\/v2\/categories?post=162821"},{"taxonomy":"post_tag","embeddable":true,"href":"https:\/\/experienciadevida.com.ar\/portalurbano\/wp-json\/wp\/v2\/tags?post=162821"}],"curies":[{"name":"wp","href":"https:\/\/api.w.org\/{rel}","templated":true}]}}