{"id":162811,"date":"2022-03-03T16:21:50","date_gmt":"2022-03-03T19:21:50","guid":{"rendered":"https:\/\/experienciadevida.com.ar\/portalurbano\/?p=162811"},"modified":"2022-03-03T16:22:21","modified_gmt":"2022-03-03T19:22:21","slug":"nacio-un-nuevo-pichon-de-condor-andino-en-el-bioparque-municipal-la-maxima","status":"publish","type":"post","link":"https:\/\/experienciadevida.com.ar\/portalurbano\/nacio-un-nuevo-pichon-de-condor-andino-en-el-bioparque-municipal-la-maxima\/","title":{"rendered":"Naci\u00f3 un nuevo pich\u00f3n de c\u00f3ndor andino en el Bioparque Municipal \u201cLa M\u00e1xima\u201d"},"content":{"rendered":"<div class=\"page-title\">\n<p>Naci\u00f3 un nuevo pich\u00f3n de c\u00f3ndor andino en el Bioparque Municipal \u201c<a href=\"https:\/\/www.facebook.com\/bioparquelamaximaoficial\">La M\u00e1xima<\/a>\u201d, desde el Bioparque Municipal se anunci\u00f3 que se produjo, con \u00e9xito, la segunda postura de la pareja reproductiva de c\u00f3ndores andinos de \u201cLa M\u00e1xima\u201d con el nacimiento de un nuevo pich\u00f3n.<\/p>\n<p>\u201cPara nuestra instituci\u00f3n, que trabaja para la conservaci\u00f3n de la biodiversidad y los espacios naturales es un objetivo alcanzado y representa una alegr\u00eda inmensa para todos lograr este objetivo\u201d, destac\u00f3 Flavio Maldonado, director del Bioparque.<\/p>\n<p>El \u00faltimo nacimiento se produjo en el a\u00f1o 2020 hab\u00eda sido una hembra \u201cLihuen\u201d que fue reintroducida en la Patagonia en el mes de septiembre del 2021, junto a su hermana \u201cMawun\u201d una hembra nacida en el Ecoparque Buenos Aires.<\/p>\n<p>La consolidaci\u00f3n de la pareja reproductiva \u201cRawson y Cur\u00e1\u201d, no deja de sorprender ya que es el primer nacimiento que se produce en esta \u00e9poca del a\u00f1o (marzo) en Olavarr\u00eda y en el programa a nivel nacional.<\/p>\n<p>El encargado de dar el aviso a la madrugada fue de personal de seguridad del Bioparque, Gustavo Rodr\u00edguez, y luego, el m\u00e9dico veterinario Sebasti\u00e1n Valdez, pudo observar durante la ma\u00f1ana el proceso.<\/p>\n<p>Es importante resaltar el trabajo del cuidador Pablo Cajal, quien lleva adelante la tarea de cuidar a estos animales con gran dedicaci\u00f3n y responsabilidad, junto al encargado de Bienestar Animal Mat\u00edas Graciarena y el trabajo del equipo veterinario formado por Horacio Grand y Federico Larraoud\u00e9.<\/p>\n<p>Ese trabajo es fundamental para darle sustentabilidad al programa de conservaci\u00f3n que tiene su base en el bienestar de los animales y el cuidado sanitario.<\/p>\n<p>El pich\u00f3n de c\u00f3ndor estar\u00e1 al cuidado de sus padres y recibir\u00e1 en todo momento los cuidados parentales.<\/p>\n<p>A\u00fan resta definir el sexo de la cr\u00eda porque para hacerlo se necesita realizar un acercamiento fotogr\u00e1fico y en este momento resulta fundamental no estresar los animales y respetar el proceso de crianza, una vez confirmado el sexo llegar\u00e1 el momento del nombre y para ello vamos a repetir el concurso comunitario.<\/p>\n<p>En el futuro est\u00e1 previsto que este pich\u00f3n sea liberado luego de pasar por un per\u00edodo de adaptaci\u00f3n y entrenamiento, junto a otros ejemplares j\u00f3venes en el Ecoparque Buenos Aires.<\/p>\n<p>Cabe destacar que los procesos biol\u00f3gicos necesitan de tiempo para consolidarse, tenemos mucho que aprender de la naturaleza, ella dicta y determina el \u00e9xito en estos programas por lo que es necesario tenerlos en cuenta respetarlos y acompa\u00f1arlos.<\/p>\n<p>Para obtener este resultado fue determinante el acompa\u00f1amiento de pol\u00edticas impulsada desde la gesti\u00f3n municipal, que est\u00e1 comprometida con la ampliaci\u00f3n del programa de Conservaci\u00f3n.<\/p>\n<p>Trabajar en conjunto con otras instituciones como Fundaci\u00f3n Bioandina, Ecoparque Buenos Aires y Bioparque Temaik\u00e9n, permite valorar y continuar las pol\u00edticas p\u00fablicas de largo plazo, consolidando el trabajo de velar por la conservaci\u00f3n de la naturaleza.<\/p>\n<p>Es sabido que no alcanza con la reproducci\u00f3n de animales y que no alcanza con la construcci\u00f3n de nuevos ambientes, por esto se convoca a instituciones educativas que quieran llevar adelante una alianza educativa por la conservaci\u00f3n de la naturaleza, para generar materiales educativos que nos permita realizar un abordaje integral del Programa de Conservaci\u00f3n del C\u00f3ndor Andino.<\/p>\n<p>(Foto Ilustrativa)<\/p>\n<p>&nbsp;<\/p>\n<\/div>\n<div class=\"breadcrumbs\"><\/div>\n","protected":false},"excerpt":{"rendered":"<p>Naci\u00f3 un nuevo pich\u00f3n de c\u00f3ndor andino en el Bioparque Municipal \u201cLa M\u00e1xima\u201d, desde el&#8230;<\/p>\n","protected":false},"author":1,"featured_media":162812,"comment_status":"closed","ping_status":"closed","sticky":false,"template":"","format":"standard","meta":{"content-type":""},"categories":[27],"tags":[],"nelio_content":{"isAutoShareEnabled":false,"autoShareEndMode":"default","automationSources":{"useContentSentences":true,"useSocialTemplates":true,"useCustomSentences":false,"customSentences":[]},"followers":[1],"suggestedReferences":[],"includedReferences":[],"efiUrl":"","efiAlt":"","highlights":[]},"yoast_head":"<!-- This site is optimized with the Yoast SEO plugin v20.7 - https:\/\/yoast.com\/wordpress\/plugins\/seo\/ -->\n<title>Naci\u00f3 un nuevo pich\u00f3n de C\u00f3ndor Andino en el bioparque La m\u00e1xima<\/title>\n<meta name=\"description\" content=\"Naci\u00f3 un nuevo pich\u00f3n de c\u00f3ndor andino en el Bioparque Municipal \u201cLa M\u00e1xima\u201d, se produjo la segunda postura de la pareja reproductiva\" \/>\n<meta name=\"robots\" content=\"index, follow, max-snippet:-1, max-image-preview:large, max-video-preview:-1\" \/>\n<link rel=\"canonical\" href=\"https:\/\/experienciadevida.com.ar\/portalurbano\/nacio-un-nuevo-pichon-de-condor-andino-en-el-bioparque-municipal-la-maxima\/\" \/>\n<meta property=\"og:locale\" content=\"es_ES\" \/>\n<meta property=\"og:type\" content=\"article\" \/>\n<meta property=\"og:title\" content=\"Naci\u00f3 un nuevo pich\u00f3n de C\u00f3ndor Andino en el bioparque La m\u00e1xima\" \/>\n<meta property=\"og:description\" content=\"Naci\u00f3 un nuevo pich\u00f3n de c\u00f3ndor andino en el Bioparque Municipal \u201cLa M\u00e1xima\u201d, se produjo la segunda postura de la pareja reproductiva\" \/>\n<meta property=\"og:url\" content=\"https:\/\/experienciadevida.com.ar\/portalurbano\/nacio-un-nuevo-pichon-de-condor-andino-en-el-bioparque-municipal-la-maxima\/\" \/>\n<meta property=\"article:publisher\" content=\"https:\/\/www.facebook.com\/Portal-Urbano-171542830093757\/\" \/>\n<meta property=\"article:published_time\" content=\"2022-03-03T19:21:50+00:00\" \/>\n<meta property=\"article:modified_time\" content=\"2022-03-03T19:22:21+00:00\" \/>\n<meta property=\"og:image\" content=\"https:\/\/experienciadevida.com.ar\/portalurbano\/wp-content\/uploads\/2022\/03\/Nacio-un-nuevo-pichon.jpeg\" \/>\n\t<meta property=\"og:image:width\" content=\"1024\" \/>\n\t<meta property=\"og:image:height\" content=\"576\" \/>\n\t<meta property=\"og:image:type\" content=\"image\/jpeg\" \/>\n<meta name=\"author\" content=\"admpu17wp\" \/>\n<meta name=\"twitter:card\" content=\"summary_large_image\" \/>\n<meta name=\"twitter:creator\" content=\"@portalurbanook\" \/>\n<meta name=\"twitter:site\" content=\"@portalurbanook\" \/>\n<meta name=\"twitter:label1\" content=\"Escrito por\" \/>\n\t<meta name=\"twitter:data1\" content=\"admpu17wp\" \/>\n\t<meta name=\"twitter:label2\" content=\"Tiempo de lectura\" \/>\n\t<meta name=\"twitter:data2\" content=\"3 minutos\" \/>\n<script type=\"application\/ld+json\" class=\"yoast-schema-graph\">{\"@context\":\"https:\/\/schema.org\",\"@graph\":[{\"@type\":\"Article\",\"@id\":\"https:\/\/experienciadevida.com.ar\/portalurbano\/nacio-un-nuevo-pichon-de-condor-andino-en-el-bioparque-municipal-la-maxima\/#article\",\"isPartOf\":{\"@id\":\"https:\/\/experienciadevida.com.ar\/portalurbano\/nacio-un-nuevo-pichon-de-condor-andino-en-el-bioparque-municipal-la-maxima\/\"},\"author\":{\"name\":\"admpu17wp\",\"@id\":\"https:\/\/experienciadevida.com.ar\/portalurbano\/#\/schema\/person\/02dd326b1c4b056e9cc972486934a3a7\"},\"headline\":\"Naci\u00f3 un nuevo pich\u00f3n de c\u00f3ndor andino en el Bioparque Municipal \u201cLa M\u00e1xima\u201d\",\"datePublished\":\"2022-03-03T19:21:50+00:00\",\"dateModified\":\"2022-03-03T19:22:21+00:00\",\"mainEntityOfPage\":{\"@id\":\"https:\/\/experienciadevida.com.ar\/portalurbano\/nacio-un-nuevo-pichon-de-condor-andino-en-el-bioparque-municipal-la-maxima\/\"},\"wordCount\":579,\"publisher\":{\"@id\":\"https:\/\/experienciadevida.com.ar\/portalurbano\/#organization\"},\"articleSection\":[\"Ciudad\"],\"inLanguage\":\"es\"},{\"@type\":\"WebPage\",\"@id\":\"https:\/\/experienciadevida.com.ar\/portalurbano\/nacio-un-nuevo-pichon-de-condor-andino-en-el-bioparque-municipal-la-maxima\/\",\"url\":\"https:\/\/experienciadevida.com.ar\/portalurbano\/nacio-un-nuevo-pichon-de-condor-andino-en-el-bioparque-municipal-la-maxima\/\",\"name\":\"Naci\u00f3 un nuevo pich\u00f3n de C\u00f3ndor Andino en el bioparque La m\u00e1xima\",\"isPartOf\":{\"@id\":\"https:\/\/experienciadevida.com.ar\/portalurbano\/#website\"},\"datePublished\":\"2022-03-03T19:21:50+00:00\",\"dateModified\":\"2022-03-03T19:22:21+00:00\",\"description\":\"Naci\u00f3 un nuevo pich\u00f3n de c\u00f3ndor andino en el Bioparque Municipal \u201cLa M\u00e1xima\u201d, se produjo la segunda postura de la pareja reproductiva\",\"breadcrumb\":{\"@id\":\"https:\/\/experienciadevida.com.ar\/portalurbano\/nacio-un-nuevo-pichon-de-condor-andino-en-el-bioparque-municipal-la-maxima\/#breadcrumb\"},\"inLanguage\":\"es\",\"potentialAction\":[{\"@type\":\"ReadAction\",\"target\":[\"https:\/\/experienciadevida.com.ar\/portalurbano\/nacio-un-nuevo-pichon-de-condor-andino-en-el-bioparque-municipal-la-maxima\/\"]}]},{\"@type\":\"BreadcrumbList\",\"@id\":\"https:\/\/experienciadevida.com.ar\/portalurbano\/nacio-un-nuevo-pichon-de-condor-andino-en-el-bioparque-municipal-la-maxima\/#breadcrumb\",\"itemListElement\":[{\"@type\":\"ListItem\",\"position\":1,\"name\":\"Portada\",\"item\":\"https:\/\/experienciadevida.com.ar\/portalurbano\/\"},{\"@type\":\"ListItem\",\"position\":2,\"name\":\"Naci\u00f3 un nuevo pich\u00f3n de c\u00f3ndor andino en el Bioparque Municipal \u201cLa M\u00e1xima\u201d\"}]},{\"@type\":\"WebSite\",\"@id\":\"https:\/\/experienciadevida.com.ar\/portalurbano\/#website\",\"url\":\"https:\/\/experienciadevida.com.ar\/portalurbano\/\",\"name\":\"\",\"description\":\"\",\"publisher\":{\"@id\":\"https:\/\/experienciadevida.com.ar\/portalurbano\/#organization\"},\"potentialAction\":[{\"@type\":\"SearchAction\",\"target\":{\"@type\":\"EntryPoint\",\"urlTemplate\":\"https:\/\/experienciadevida.com.ar\/portalurbano\/?s={search_term_string}\"},\"query-input\":\"required name=search_term_string\"}],\"inLanguage\":\"es\"},{\"@type\":\"Organization\",\"@id\":\"https:\/\/experienciadevida.com.ar\/portalurbano\/#organization\",\"name\":\"Portal Urbano\",\"url\":\"https:\/\/experienciadevida.com.ar\/portalurbano\/\",\"logo\":{\"@type\":\"ImageObject\",\"inLanguage\":\"es\",\"@id\":\"https:\/\/experienciadevida.com.ar\/portalurbano\/#\/schema\/logo\/image\/\",\"url\":\"https:\/\/experienciadevida.com.ar\/portalurbano\/wp-content\/uploads\/2019\/09\/Logo-Original.png\",\"contentUrl\":\"https:\/\/experienciadevida.com.ar\/portalurbano\/wp-content\/uploads\/2019\/09\/Logo-Original.png\",\"width\":2236,\"height\":1216,\"caption\":\"Portal Urbano\"},\"image\":{\"@id\":\"https:\/\/experienciadevida.com.ar\/portalurbano\/#\/schema\/logo\/image\/\"},\"sameAs\":[\"https:\/\/www.facebook.com\/Portal-Urbano-171542830093757\/\",\"https:\/\/twitter.com\/portalurbanook\",\"https:\/\/www.instagram.com\/_portalurbano\/\",\"https:\/\/www.youtube.com\/channel\/UCXhagIfszH8KxFiOok79zbA?view_as=subscriber\"]},{\"@type\":\"Person\",\"@id\":\"https:\/\/experienciadevida.com.ar\/portalurbano\/#\/schema\/person\/02dd326b1c4b056e9cc972486934a3a7\",\"name\":\"admpu17wp\",\"image\":{\"@type\":\"ImageObject\",\"inLanguage\":\"es\",\"@id\":\"https:\/\/experienciadevida.com.ar\/portalurbano\/#\/schema\/person\/image\/\",\"url\":\"https:\/\/secure.gravatar.com\/avatar\/830d4c57adaae6630765e449a6908047?s=96&d=mm&r=g\",\"contentUrl\":\"https:\/\/secure.gravatar.com\/avatar\/830d4c57adaae6630765e449a6908047?s=96&d=mm&r=g\",\"caption\":\"admpu17wp\"}}]}<\/script>\n<!-- \/ Yoast SEO plugin. -->","yoast_head_json":{"title":"Naci\u00f3 un nuevo pich\u00f3n de C\u00f3ndor Andino en el bioparque La m\u00e1xima","description":"Naci\u00f3 un nuevo pich\u00f3n de c\u00f3ndor andino en el Bioparque Municipal \u201cLa M\u00e1xima\u201d, se produjo la segunda postura de la pareja reproductiva","robots":{"index":"index","follow":"follow","max-snippet":"max-snippet:-1","max-image-preview":"max-image-preview:large","max-video-preview":"max-video-preview:-1"},"canonical":"https:\/\/experienciadevida.com.ar\/portalurbano\/nacio-un-nuevo-pichon-de-condor-andino-en-el-bioparque-municipal-la-maxima\/","og_locale":"es_ES","og_type":"article","og_title":"Naci\u00f3 un nuevo pich\u00f3n de C\u00f3ndor Andino en el bioparque La m\u00e1xima","og_description":"Naci\u00f3 un nuevo pich\u00f3n de c\u00f3ndor andino en el Bioparque Municipal \u201cLa M\u00e1xima\u201d, se produjo la segunda postura de la pareja reproductiva","og_url":"https:\/\/experienciadevida.com.ar\/portalurbano\/nacio-un-nuevo-pichon-de-condor-andino-en-el-bioparque-municipal-la-maxima\/","article_publisher":"https:\/\/www.facebook.com\/Portal-Urbano-171542830093757\/","article_published_time":"2022-03-03T19:21:50+00:00","article_modified_time":"2022-03-03T19:22:21+00:00","og_image":[{"width":1024,"height":576,"url":"https:\/\/experienciadevida.com.ar\/portalurbano\/wp-content\/uploads\/2022\/03\/Nacio-un-nuevo-pichon.jpeg","type":"image\/jpeg"}],"author":"admpu17wp","twitter_card":"summary_large_image","twitter_creator":"@portalurbanook","twitter_site":"@portalurbanook","twitter_misc":{"Escrito por":"admpu17wp","Tiempo de lectura":"3 minutos"},"schema":{"@context":"https:\/\/schema.org","@graph":[{"@type":"Article","@id":"https:\/\/experienciadevida.com.ar\/portalurbano\/nacio-un-nuevo-pichon-de-condor-andino-en-el-bioparque-municipal-la-maxima\/#article","isPartOf":{"@id":"https:\/\/experienciadevida.com.ar\/portalurbano\/nacio-un-nuevo-pichon-de-condor-andino-en-el-bioparque-municipal-la-maxima\/"},"author":{"name":"admpu17wp","@id":"https:\/\/experienciadevida.com.ar\/portalurbano\/#\/schema\/person\/02dd326b1c4b056e9cc972486934a3a7"},"headline":"Naci\u00f3 un nuevo pich\u00f3n de c\u00f3ndor andino en el Bioparque Municipal \u201cLa M\u00e1xima\u201d","datePublished":"2022-03-03T19:21:50+00:00","dateModified":"2022-03-03T19:22:21+00:00","mainEntityOfPage":{"@id":"https:\/\/experienciadevida.com.ar\/portalurbano\/nacio-un-nuevo-pichon-de-condor-andino-en-el-bioparque-municipal-la-maxima\/"},"wordCount":579,"publisher":{"@id":"https:\/\/experienciadevida.com.ar\/portalurbano\/#organization"},"articleSection":["Ciudad"],"inLanguage":"es"},{"@type":"WebPage","@id":"https:\/\/experienciadevida.com.ar\/portalurbano\/nacio-un-nuevo-pichon-de-condor-andino-en-el-bioparque-municipal-la-maxima\/","url":"https:\/\/experienciadevida.com.ar\/portalurbano\/nacio-un-nuevo-pichon-de-condor-andino-en-el-bioparque-municipal-la-maxima\/","name":"Naci\u00f3 un nuevo pich\u00f3n de C\u00f3ndor Andino en el bioparque La m\u00e1xima","isPartOf":{"@id":"https:\/\/experienciadevida.com.ar\/portalurbano\/#website"},"datePublished":"2022-03-03T19:21:50+00:00","dateModified":"2022-03-03T19:22:21+00:00","description":"Naci\u00f3 un nuevo pich\u00f3n de c\u00f3ndor andino en el Bioparque Municipal \u201cLa M\u00e1xima\u201d, se produjo la segunda postura de la pareja reproductiva","breadcrumb":{"@id":"https:\/\/experienciadevida.com.ar\/portalurbano\/nacio-un-nuevo-pichon-de-condor-andino-en-el-bioparque-municipal-la-maxima\/#breadcrumb"},"inLanguage":"es","potentialAction":[{"@type":"ReadAction","target":["https:\/\/experienciadevida.com.ar\/portalurbano\/nacio-un-nuevo-pichon-de-condor-andino-en-el-bioparque-municipal-la-maxima\/"]}]},{"@type":"BreadcrumbList","@id":"https:\/\/experienciadevida.com.ar\/portalurbano\/nacio-un-nuevo-pichon-de-condor-andino-en-el-bioparque-municipal-la-maxima\/#breadcrumb","itemListElement":[{"@type":"ListItem","position":1,"name":"Portada","item":"https:\/\/experienciadevida.com.ar\/portalurbano\/"},{"@type":"ListItem","position":2,"name":"Naci\u00f3 un nuevo pich\u00f3n de c\u00f3ndor andino en el Bioparque Municipal \u201cLa M\u00e1xima\u201d"}]},{"@type":"WebSite","@id":"https:\/\/experienciadevida.com.ar\/portalurbano\/#website","url":"https:\/\/experienciadevida.com.ar\/portalurbano\/","name":"","description":"","publisher":{"@id":"https:\/\/experienciadevida.com.ar\/portalurbano\/#organization"},"potentialAction":[{"@type":"SearchAction","target":{"@type":"EntryPoint","urlTemplate":"https:\/\/experienciadevida.com.ar\/portalurbano\/?s={search_term_string}"},"query-input":"required name=search_term_string"}],"inLanguage":"es"},{"@type":"Organization","@id":"https:\/\/experienciadevida.com.ar\/portalurbano\/#organization","name":"Portal Urbano","url":"https:\/\/experienciadevida.com.ar\/portalurbano\/","logo":{"@type":"ImageObject","inLanguage":"es","@id":"https:\/\/experienciadevida.com.ar\/portalurbano\/#\/schema\/logo\/image\/","url":"https:\/\/experienciadevida.com.ar\/portalurbano\/wp-content\/uploads\/2019\/09\/Logo-Original.png","contentUrl":"https:\/\/experienciadevida.com.ar\/portalurbano\/wp-content\/uploads\/2019\/09\/Logo-Original.png","width":2236,"height":1216,"caption":"Portal Urbano"},"image":{"@id":"https:\/\/experienciadevida.com.ar\/portalurbano\/#\/schema\/logo\/image\/"},"sameAs":["https:\/\/www.facebook.com\/Portal-Urbano-171542830093757\/","https:\/\/twitter.com\/portalurbanook","https:\/\/www.instagram.com\/_portalurbano\/","https:\/\/www.youtube.com\/channel\/UCXhagIfszH8KxFiOok79zbA?view_as=subscriber"]},{"@type":"Person","@id":"https:\/\/experienciadevida.com.ar\/portalurbano\/#\/schema\/person\/02dd326b1c4b056e9cc972486934a3a7","name":"admpu17wp","image":{"@type":"ImageObject","inLanguage":"es","@id":"https:\/\/experienciadevida.com.ar\/portalurbano\/#\/schema\/person\/image\/","url":"https:\/\/secure.gravatar.com\/avatar\/830d4c57adaae6630765e449a6908047?s=96&d=mm&r=g","contentUrl":"https:\/\/secure.gravatar.com\/avatar\/830d4c57adaae6630765e449a6908047?s=96&d=mm&r=g","caption":"admpu17wp"}}]}},"featured_image_urls":{"full":["https:\/\/experienciadevida.com.ar\/portalurbano\/wp-content\/uploads\/2022\/03\/Nacio-un-nuevo-pichon.jpeg",1024,576,false],"thumbnail":["https:\/\/experienciadevida.com.ar\/portalurbano\/wp-content\/uploads\/2022\/03\/Nacio-un-nuevo-pichon-150x150.jpeg",150,150,true],"medium":["https:\/\/experienciadevida.com.ar\/portalurbano\/wp-content\/uploads\/2022\/03\/Nacio-un-nuevo-pichon-300x169.jpeg",300,169,true],"medium_large":["https:\/\/experienciadevida.com.ar\/portalurbano\/wp-content\/uploads\/2022\/03\/Nacio-un-nuevo-pichon-768x432.jpeg",640,360,true],"large":["https:\/\/experienciadevida.com.ar\/portalurbano\/wp-content\/uploads\/2022\/03\/Nacio-un-nuevo-pichon.jpeg",640,360,false],"ug_big":["https:\/\/experienciadevida.com.ar\/portalurbano\/wp-content\/uploads\/2022\/03\/Nacio-un-nuevo-pichon-768x432.jpeg",768,432,true],"1536x1536":["https:\/\/experienciadevida.com.ar\/portalurbano\/wp-content\/uploads\/2022\/03\/Nacio-un-nuevo-pichon.jpeg",1024,576,false],"2048x2048":["https:\/\/experienciadevida.com.ar\/portalurbano\/wp-content\/uploads\/2022\/03\/Nacio-un-nuevo-pichon.jpeg",1024,576,false],"newsever-slider-full":["https:\/\/experienciadevida.com.ar\/portalurbano\/wp-content\/uploads\/2022\/03\/Nacio-un-nuevo-pichon.jpeg",1024,576,false],"newsever-featured":["https:\/\/experienciadevida.com.ar\/portalurbano\/wp-content\/uploads\/2022\/03\/Nacio-un-nuevo-pichon.jpeg",1024,576,false],"newsever-medium":["https:\/\/experienciadevida.com.ar\/portalurbano\/wp-content\/uploads\/2022\/03\/Nacio-un-nuevo-pichon.jpeg",720,405,false],"web-stories-poster-portrait":["https:\/\/experienciadevida.com.ar\/portalurbano\/wp-content\/uploads\/2022\/03\/Nacio-un-nuevo-pichon.jpeg",640,360,false],"web-stories-publisher-logo":["https:\/\/experienciadevida.com.ar\/portalurbano\/wp-content\/uploads\/2022\/03\/Nacio-un-nuevo-pichon.jpeg",96,54,false],"web-stories-thumbnail":["https:\/\/experienciadevida.com.ar\/portalurbano\/wp-content\/uploads\/2022\/03\/Nacio-un-nuevo-pichon.jpeg",150,84,false]},"author_info":{"display_name":"admpu17wp","author_link":"https:\/\/experienciadevida.com.ar\/portalurbano\/author\/admpu17wp\/"},"category_info":"<a href=\"https:\/\/experienciadevida.com.ar\/portalurbano\/category\/ciudad\/\" rel=\"category tag\">Ciudad<\/a>","tag_info":"Ciudad","comment_count":"0","amp_enabled":true,"_links":{"self":[{"href":"https:\/\/experienciadevida.com.ar\/portalurbano\/wp-json\/wp\/v2\/posts\/162811"}],"collection":[{"href":"https:\/\/experienciadevida.com.ar\/portalurbano\/wp-json\/wp\/v2\/posts"}],"about":[{"href":"https:\/\/experienciadevida.com.ar\/portalurbano\/wp-json\/wp\/v2\/types\/post"}],"author":[{"embeddable":true,"href":"https:\/\/experienciadevida.com.ar\/portalurbano\/wp-json\/wp\/v2\/users\/1"}],"replies":[{"embeddable":true,"href":"https:\/\/experienciadevida.com.ar\/portalurbano\/wp-json\/wp\/v2\/comments?post=162811"}],"version-history":[{"count":1,"href":"https:\/\/experienciadevida.com.ar\/portalurbano\/wp-json\/wp\/v2\/posts\/162811\/revisions"}],"predecessor-version":[{"id":162813,"href":"https:\/\/experienciadevida.com.ar\/portalurbano\/wp-json\/wp\/v2\/posts\/162811\/revisions\/162813"}],"wp:featuredmedia":[{"embeddable":true,"href":"https:\/\/experienciadevida.com.ar\/portalurbano\/wp-json\/wp\/v2\/media\/162812"}],"wp:attachment":[{"href":"https:\/\/experienciadevida.com.ar\/portalurbano\/wp-json\/wp\/v2\/media?parent=162811"}],"wp:term":[{"taxonomy":"category","embeddable":true,"href":"https:\/\/experienciadevida.com.ar\/portalurbano\/wp-json\/wp\/v2\/categories?post=162811"},{"taxonomy":"post_tag","embeddable":true,"href":"https:\/\/experienciadevida.com.ar\/portalurbano\/wp-json\/wp\/v2\/tags?post=162811"}],"curies":[{"name":"wp","href":"https:\/\/api.w.org\/{rel}","templated":true}]}}