{"id":162807,"date":"2022-03-03T16:03:11","date_gmt":"2022-03-03T19:03:11","guid":{"rendered":"https:\/\/experienciadevida.com.ar\/portalurbano\/?p=162807"},"modified":"2022-03-03T16:05:56","modified_gmt":"2022-03-03T19:05:56","slug":"hondo-pesar-por-el-fallecimiento-del-mtro-mario-patane","status":"publish","type":"post","link":"https:\/\/experienciadevida.com.ar\/portalurbano\/hondo-pesar-por-el-fallecimiento-del-mtro-mario-patane\/","title":{"rendered":"Hondo pesar por el fallecimiento del Mtro. Mario Patan\u00e9"},"content":{"rendered":"<p>Hondo pesar por el fallecimiento del Mtro. Mario Patan\u00e9, comenz\u00f3 sus estudios con los maestros Ernesto Mog\u00e1vero, Luis Giancola, Alfredo Pareja y Juan A. Iacovacci.<\/p>\n<p>Se perfeccion\u00f3 en Buenos Aires con importantes profesores como Adolfo Fasoli, Cosme Pomerico y V\u00edctor De Rubertis, asistiendo a cursos con el maestro Luis Gianneo, la experta gu\u00eda del profesor y compositor Jos\u00e9 Marto Lorca y un viaje de estudios por Europa le permiti\u00f3 un excelente desempe\u00f1o en la actividad musical.<\/p>\n<p>En el a\u00f1o 1961 reorganiz\u00f3 al Orquesta Estable que luego se transform\u00f3 en Orquesta Sinf\u00f3nica Municipal, a la que dirigi\u00f3 hasta el a\u00f1o 2009 en el que fue nombrado Director Honor\u00edfico de Olavarr\u00eda.<\/p>\n<p>Durante seis a\u00f1os cumpli\u00f3 funciones como director del Conservatorio Provincial de M\u00fasica de Olavarr\u00eda, marcando un camino para todos los que continuar\u00edan en esa tarea.<\/p>\n<p>Un hombre noble, de principios, que brind\u00f3 oportunidades a quienes \u00e9l consideraba que lo merec\u00edan. Un m\u00fasico de gran sensibilidad y que supo llevar a la Orquesta Sinf\u00f3nica Municipal a un nivel superior.<\/p>\n<p>Una orquesta a la que le dedic\u00f3 su vida y que la consider\u00f3 como uno de sus proyectos m\u00e1s valiosos.<\/p>\n<p>Sin dudas, siempre se mantendr\u00e1 en el recuerdo de todos los olavarrienses.<\/p>\n","protected":false},"excerpt":{"rendered":"<p>Hondo pesar por el fallecimiento del Mtro. Mario Patan\u00e9, comenz\u00f3 sus estudios con los maestros&#8230;<\/p>\n","protected":false},"author":1,"featured_media":162808,"comment_status":"closed","ping_status":"closed","sticky":false,"template":"","format":"standard","meta":{"content-type":""},"categories":[27],"tags":[],"nelio_content":{"isAutoShareEnabled":false,"autoShareEndMode":"default","automationSources":{"useContentSentences":true,"useSocialTemplates":true,"useCustomSentences":false,"customSentences":[]},"followers":[1],"suggestedReferences":[],"includedReferences":[],"efiUrl":"","efiAlt":"","highlights":[]},"yoast_head":"<!-- This site is optimized with the Yoast SEO plugin v20.7 - https:\/\/yoast.com\/wordpress\/plugins\/seo\/ -->\n<title>Hondo pesar por el fallecimiento del Mtro. Mario Patern\u00f3<\/title>\n<meta name=\"description\" content=\"Hondo pesar por el fallecimiento del Mtro. Mario Patan\u00e9, comenz\u00f3 sus estudios con los maestros Ernesto Mog\u00e1vero, Luis Giancola\" \/>\n<meta name=\"robots\" content=\"index, follow, max-snippet:-1, max-image-preview:large, max-video-preview:-1\" \/>\n<link rel=\"canonical\" href=\"https:\/\/experienciadevida.com.ar\/portalurbano\/hondo-pesar-por-el-fallecimiento-del-mtro-mario-patane\/\" \/>\n<meta property=\"og:locale\" content=\"es_ES\" \/>\n<meta property=\"og:type\" content=\"article\" \/>\n<meta property=\"og:title\" content=\"Hondo pesar por el fallecimiento del Mtro. Mario Patern\u00f3\" \/>\n<meta property=\"og:description\" content=\"Hondo pesar por el fallecimiento del Mtro. Mario Patan\u00e9, comenz\u00f3 sus estudios con los maestros Ernesto Mog\u00e1vero, Luis Giancola\" \/>\n<meta property=\"og:url\" content=\"https:\/\/experienciadevida.com.ar\/portalurbano\/hondo-pesar-por-el-fallecimiento-del-mtro-mario-patane\/\" \/>\n<meta property=\"article:publisher\" content=\"https:\/\/www.facebook.com\/Portal-Urbano-171542830093757\/\" \/>\n<meta property=\"article:published_time\" content=\"2022-03-03T19:03:11+00:00\" \/>\n<meta property=\"article:modified_time\" content=\"2022-03-03T19:05:56+00:00\" \/>\n<meta property=\"og:image\" content=\"https:\/\/experienciadevida.com.ar\/portalurbano\/wp-content\/uploads\/2022\/03\/Hondo-pesar-por-el.jpg\" \/>\n\t<meta property=\"og:image:width\" content=\"1024\" \/>\n\t<meta property=\"og:image:height\" content=\"685\" \/>\n\t<meta property=\"og:image:type\" content=\"image\/jpeg\" \/>\n<meta name=\"author\" content=\"admpu17wp\" \/>\n<meta name=\"twitter:card\" content=\"summary_large_image\" \/>\n<meta name=\"twitter:creator\" content=\"@portalurbanook\" \/>\n<meta name=\"twitter:site\" content=\"@portalurbanook\" \/>\n<meta name=\"twitter:label1\" content=\"Escrito por\" \/>\n\t<meta name=\"twitter:data1\" content=\"admpu17wp\" \/>\n\t<meta name=\"twitter:label2\" content=\"Tiempo de lectura\" \/>\n\t<meta name=\"twitter:data2\" content=\"1 minuto\" \/>\n<script type=\"application\/ld+json\" class=\"yoast-schema-graph\">{\"@context\":\"https:\/\/schema.org\",\"@graph\":[{\"@type\":\"Article\",\"@id\":\"https:\/\/experienciadevida.com.ar\/portalurbano\/hondo-pesar-por-el-fallecimiento-del-mtro-mario-patane\/#article\",\"isPartOf\":{\"@id\":\"https:\/\/experienciadevida.com.ar\/portalurbano\/hondo-pesar-por-el-fallecimiento-del-mtro-mario-patane\/\"},\"author\":{\"name\":\"admpu17wp\",\"@id\":\"https:\/\/experienciadevida.com.ar\/portalurbano\/#\/schema\/person\/02dd326b1c4b056e9cc972486934a3a7\"},\"headline\":\"Hondo pesar por el fallecimiento del Mtro. Mario Patan\u00e9\",\"datePublished\":\"2022-03-03T19:03:11+00:00\",\"dateModified\":\"2022-03-03T19:05:56+00:00\",\"mainEntityOfPage\":{\"@id\":\"https:\/\/experienciadevida.com.ar\/portalurbano\/hondo-pesar-por-el-fallecimiento-del-mtro-mario-patane\/\"},\"wordCount\":223,\"publisher\":{\"@id\":\"https:\/\/experienciadevida.com.ar\/portalurbano\/#organization\"},\"articleSection\":[\"Ciudad\"],\"inLanguage\":\"es\"},{\"@type\":\"WebPage\",\"@id\":\"https:\/\/experienciadevida.com.ar\/portalurbano\/hondo-pesar-por-el-fallecimiento-del-mtro-mario-patane\/\",\"url\":\"https:\/\/experienciadevida.com.ar\/portalurbano\/hondo-pesar-por-el-fallecimiento-del-mtro-mario-patane\/\",\"name\":\"Hondo pesar por el fallecimiento del Mtro. Mario Patern\u00f3\",\"isPartOf\":{\"@id\":\"https:\/\/experienciadevida.com.ar\/portalurbano\/#website\"},\"datePublished\":\"2022-03-03T19:03:11+00:00\",\"dateModified\":\"2022-03-03T19:05:56+00:00\",\"description\":\"Hondo pesar por el fallecimiento del Mtro. Mario Patan\u00e9, comenz\u00f3 sus estudios con los maestros Ernesto Mog\u00e1vero, Luis Giancola\",\"breadcrumb\":{\"@id\":\"https:\/\/experienciadevida.com.ar\/portalurbano\/hondo-pesar-por-el-fallecimiento-del-mtro-mario-patane\/#breadcrumb\"},\"inLanguage\":\"es\",\"potentialAction\":[{\"@type\":\"ReadAction\",\"target\":[\"https:\/\/experienciadevida.com.ar\/portalurbano\/hondo-pesar-por-el-fallecimiento-del-mtro-mario-patane\/\"]}]},{\"@type\":\"BreadcrumbList\",\"@id\":\"https:\/\/experienciadevida.com.ar\/portalurbano\/hondo-pesar-por-el-fallecimiento-del-mtro-mario-patane\/#breadcrumb\",\"itemListElement\":[{\"@type\":\"ListItem\",\"position\":1,\"name\":\"Portada\",\"item\":\"https:\/\/experienciadevida.com.ar\/portalurbano\/\"},{\"@type\":\"ListItem\",\"position\":2,\"name\":\"Hondo pesar por el fallecimiento del Mtro. Mario Patan\u00e9\"}]},{\"@type\":\"WebSite\",\"@id\":\"https:\/\/experienciadevida.com.ar\/portalurbano\/#website\",\"url\":\"https:\/\/experienciadevida.com.ar\/portalurbano\/\",\"name\":\"\",\"description\":\"\",\"publisher\":{\"@id\":\"https:\/\/experienciadevida.com.ar\/portalurbano\/#organization\"},\"potentialAction\":[{\"@type\":\"SearchAction\",\"target\":{\"@type\":\"EntryPoint\",\"urlTemplate\":\"https:\/\/experienciadevida.com.ar\/portalurbano\/?s={search_term_string}\"},\"query-input\":\"required name=search_term_string\"}],\"inLanguage\":\"es\"},{\"@type\":\"Organization\",\"@id\":\"https:\/\/experienciadevida.com.ar\/portalurbano\/#organization\",\"name\":\"Portal Urbano\",\"url\":\"https:\/\/experienciadevida.com.ar\/portalurbano\/\",\"logo\":{\"@type\":\"ImageObject\",\"inLanguage\":\"es\",\"@id\":\"https:\/\/experienciadevida.com.ar\/portalurbano\/#\/schema\/logo\/image\/\",\"url\":\"https:\/\/experienciadevida.com.ar\/portalurbano\/wp-content\/uploads\/2019\/09\/Logo-Original.png\",\"contentUrl\":\"https:\/\/experienciadevida.com.ar\/portalurbano\/wp-content\/uploads\/2019\/09\/Logo-Original.png\",\"width\":2236,\"height\":1216,\"caption\":\"Portal Urbano\"},\"image\":{\"@id\":\"https:\/\/experienciadevida.com.ar\/portalurbano\/#\/schema\/logo\/image\/\"},\"sameAs\":[\"https:\/\/www.facebook.com\/Portal-Urbano-171542830093757\/\",\"https:\/\/twitter.com\/portalurbanook\",\"https:\/\/www.instagram.com\/_portalurbano\/\",\"https:\/\/www.youtube.com\/channel\/UCXhagIfszH8KxFiOok79zbA?view_as=subscriber\"]},{\"@type\":\"Person\",\"@id\":\"https:\/\/experienciadevida.com.ar\/portalurbano\/#\/schema\/person\/02dd326b1c4b056e9cc972486934a3a7\",\"name\":\"admpu17wp\",\"image\":{\"@type\":\"ImageObject\",\"inLanguage\":\"es\",\"@id\":\"https:\/\/experienciadevida.com.ar\/portalurbano\/#\/schema\/person\/image\/\",\"url\":\"https:\/\/secure.gravatar.com\/avatar\/830d4c57adaae6630765e449a6908047?s=96&d=mm&r=g\",\"contentUrl\":\"https:\/\/secure.gravatar.com\/avatar\/830d4c57adaae6630765e449a6908047?s=96&d=mm&r=g\",\"caption\":\"admpu17wp\"}}]}<\/script>\n<!-- \/ Yoast SEO plugin. -->","yoast_head_json":{"title":"Hondo pesar por el fallecimiento del Mtro. Mario Patern\u00f3","description":"Hondo pesar por el fallecimiento del Mtro. Mario Patan\u00e9, comenz\u00f3 sus estudios con los maestros Ernesto Mog\u00e1vero, Luis Giancola","robots":{"index":"index","follow":"follow","max-snippet":"max-snippet:-1","max-image-preview":"max-image-preview:large","max-video-preview":"max-video-preview:-1"},"canonical":"https:\/\/experienciadevida.com.ar\/portalurbano\/hondo-pesar-por-el-fallecimiento-del-mtro-mario-patane\/","og_locale":"es_ES","og_type":"article","og_title":"Hondo pesar por el fallecimiento del Mtro. Mario Patern\u00f3","og_description":"Hondo pesar por el fallecimiento del Mtro. Mario Patan\u00e9, comenz\u00f3 sus estudios con los maestros Ernesto Mog\u00e1vero, Luis Giancola","og_url":"https:\/\/experienciadevida.com.ar\/portalurbano\/hondo-pesar-por-el-fallecimiento-del-mtro-mario-patane\/","article_publisher":"https:\/\/www.facebook.com\/Portal-Urbano-171542830093757\/","article_published_time":"2022-03-03T19:03:11+00:00","article_modified_time":"2022-03-03T19:05:56+00:00","og_image":[{"width":1024,"height":685,"url":"https:\/\/experienciadevida.com.ar\/portalurbano\/wp-content\/uploads\/2022\/03\/Hondo-pesar-por-el.jpg","type":"image\/jpeg"}],"author":"admpu17wp","twitter_card":"summary_large_image","twitter_creator":"@portalurbanook","twitter_site":"@portalurbanook","twitter_misc":{"Escrito por":"admpu17wp","Tiempo de lectura":"1 minuto"},"schema":{"@context":"https:\/\/schema.org","@graph":[{"@type":"Article","@id":"https:\/\/experienciadevida.com.ar\/portalurbano\/hondo-pesar-por-el-fallecimiento-del-mtro-mario-patane\/#article","isPartOf":{"@id":"https:\/\/experienciadevida.com.ar\/portalurbano\/hondo-pesar-por-el-fallecimiento-del-mtro-mario-patane\/"},"author":{"name":"admpu17wp","@id":"https:\/\/experienciadevida.com.ar\/portalurbano\/#\/schema\/person\/02dd326b1c4b056e9cc972486934a3a7"},"headline":"Hondo pesar por el fallecimiento del Mtro. Mario Patan\u00e9","datePublished":"2022-03-03T19:03:11+00:00","dateModified":"2022-03-03T19:05:56+00:00","mainEntityOfPage":{"@id":"https:\/\/experienciadevida.com.ar\/portalurbano\/hondo-pesar-por-el-fallecimiento-del-mtro-mario-patane\/"},"wordCount":223,"publisher":{"@id":"https:\/\/experienciadevida.com.ar\/portalurbano\/#organization"},"articleSection":["Ciudad"],"inLanguage":"es"},{"@type":"WebPage","@id":"https:\/\/experienciadevida.com.ar\/portalurbano\/hondo-pesar-por-el-fallecimiento-del-mtro-mario-patane\/","url":"https:\/\/experienciadevida.com.ar\/portalurbano\/hondo-pesar-por-el-fallecimiento-del-mtro-mario-patane\/","name":"Hondo pesar por el fallecimiento del Mtro. Mario Patern\u00f3","isPartOf":{"@id":"https:\/\/experienciadevida.com.ar\/portalurbano\/#website"},"datePublished":"2022-03-03T19:03:11+00:00","dateModified":"2022-03-03T19:05:56+00:00","description":"Hondo pesar por el fallecimiento del Mtro. Mario Patan\u00e9, comenz\u00f3 sus estudios con los maestros Ernesto Mog\u00e1vero, Luis Giancola","breadcrumb":{"@id":"https:\/\/experienciadevida.com.ar\/portalurbano\/hondo-pesar-por-el-fallecimiento-del-mtro-mario-patane\/#breadcrumb"},"inLanguage":"es","potentialAction":[{"@type":"ReadAction","target":["https:\/\/experienciadevida.com.ar\/portalurbano\/hondo-pesar-por-el-fallecimiento-del-mtro-mario-patane\/"]}]},{"@type":"BreadcrumbList","@id":"https:\/\/experienciadevida.com.ar\/portalurbano\/hondo-pesar-por-el-fallecimiento-del-mtro-mario-patane\/#breadcrumb","itemListElement":[{"@type":"ListItem","position":1,"name":"Portada","item":"https:\/\/experienciadevida.com.ar\/portalurbano\/"},{"@type":"ListItem","position":2,"name":"Hondo pesar por el fallecimiento del Mtro. Mario Patan\u00e9"}]},{"@type":"WebSite","@id":"https:\/\/experienciadevida.com.ar\/portalurbano\/#website","url":"https:\/\/experienciadevida.com.ar\/portalurbano\/","name":"","description":"","publisher":{"@id":"https:\/\/experienciadevida.com.ar\/portalurbano\/#organization"},"potentialAction":[{"@type":"SearchAction","target":{"@type":"EntryPoint","urlTemplate":"https:\/\/experienciadevida.com.ar\/portalurbano\/?s={search_term_string}"},"query-input":"required name=search_term_string"}],"inLanguage":"es"},{"@type":"Organization","@id":"https:\/\/experienciadevida.com.ar\/portalurbano\/#organization","name":"Portal Urbano","url":"https:\/\/experienciadevida.com.ar\/portalurbano\/","logo":{"@type":"ImageObject","inLanguage":"es","@id":"https:\/\/experienciadevida.com.ar\/portalurbano\/#\/schema\/logo\/image\/","url":"https:\/\/experienciadevida.com.ar\/portalurbano\/wp-content\/uploads\/2019\/09\/Logo-Original.png","contentUrl":"https:\/\/experienciadevida.com.ar\/portalurbano\/wp-content\/uploads\/2019\/09\/Logo-Original.png","width":2236,"height":1216,"caption":"Portal Urbano"},"image":{"@id":"https:\/\/experienciadevida.com.ar\/portalurbano\/#\/schema\/logo\/image\/"},"sameAs":["https:\/\/www.facebook.com\/Portal-Urbano-171542830093757\/","https:\/\/twitter.com\/portalurbanook","https:\/\/www.instagram.com\/_portalurbano\/","https:\/\/www.youtube.com\/channel\/UCXhagIfszH8KxFiOok79zbA?view_as=subscriber"]},{"@type":"Person","@id":"https:\/\/experienciadevida.com.ar\/portalurbano\/#\/schema\/person\/02dd326b1c4b056e9cc972486934a3a7","name":"admpu17wp","image":{"@type":"ImageObject","inLanguage":"es","@id":"https:\/\/experienciadevida.com.ar\/portalurbano\/#\/schema\/person\/image\/","url":"https:\/\/secure.gravatar.com\/avatar\/830d4c57adaae6630765e449a6908047?s=96&d=mm&r=g","contentUrl":"https:\/\/secure.gravatar.com\/avatar\/830d4c57adaae6630765e449a6908047?s=96&d=mm&r=g","caption":"admpu17wp"}}]}},"featured_image_urls":{"full":["https:\/\/experienciadevida.com.ar\/portalurbano\/wp-content\/uploads\/2022\/03\/Hondo-pesar-por-el.jpg",1024,685,false],"thumbnail":["https:\/\/experienciadevida.com.ar\/portalurbano\/wp-content\/uploads\/2022\/03\/Hondo-pesar-por-el-150x150.jpg",150,150,true],"medium":["https:\/\/experienciadevida.com.ar\/portalurbano\/wp-content\/uploads\/2022\/03\/Hondo-pesar-por-el-300x201.jpg",300,201,true],"medium_large":["https:\/\/experienciadevida.com.ar\/portalurbano\/wp-content\/uploads\/2022\/03\/Hondo-pesar-por-el-768x514.jpg",640,428,true],"large":["https:\/\/experienciadevida.com.ar\/portalurbano\/wp-content\/uploads\/2022\/03\/Hondo-pesar-por-el.jpg",640,428,false],"ug_big":["https:\/\/experienciadevida.com.ar\/portalurbano\/wp-content\/uploads\/2022\/03\/Hondo-pesar-por-el-768x514.jpg",768,514,true],"1536x1536":["https:\/\/experienciadevida.com.ar\/portalurbano\/wp-content\/uploads\/2022\/03\/Hondo-pesar-por-el.jpg",1024,685,false],"2048x2048":["https:\/\/experienciadevida.com.ar\/portalurbano\/wp-content\/uploads\/2022\/03\/Hondo-pesar-por-el.jpg",1024,685,false],"newsever-slider-full":["https:\/\/experienciadevida.com.ar\/portalurbano\/wp-content\/uploads\/2022\/03\/Hondo-pesar-por-el.jpg",1024,685,false],"newsever-featured":["https:\/\/experienciadevida.com.ar\/portalurbano\/wp-content\/uploads\/2022\/03\/Hondo-pesar-por-el.jpg",1024,685,false],"newsever-medium":["https:\/\/experienciadevida.com.ar\/portalurbano\/wp-content\/uploads\/2022\/03\/Hondo-pesar-por-el.jpg",710,475,false],"web-stories-poster-portrait":["https:\/\/experienciadevida.com.ar\/portalurbano\/wp-content\/uploads\/2022\/03\/Hondo-pesar-por-el.jpg",640,428,false],"web-stories-publisher-logo":["https:\/\/experienciadevida.com.ar\/portalurbano\/wp-content\/uploads\/2022\/03\/Hondo-pesar-por-el.jpg",96,64,false],"web-stories-thumbnail":["https:\/\/experienciadevida.com.ar\/portalurbano\/wp-content\/uploads\/2022\/03\/Hondo-pesar-por-el.jpg",150,100,false]},"author_info":{"display_name":"admpu17wp","author_link":"https:\/\/experienciadevida.com.ar\/portalurbano\/author\/admpu17wp\/"},"category_info":"<a href=\"https:\/\/experienciadevida.com.ar\/portalurbano\/category\/ciudad\/\" rel=\"category tag\">Ciudad<\/a>","tag_info":"Ciudad","comment_count":"0","amp_enabled":true,"_links":{"self":[{"href":"https:\/\/experienciadevida.com.ar\/portalurbano\/wp-json\/wp\/v2\/posts\/162807"}],"collection":[{"href":"https:\/\/experienciadevida.com.ar\/portalurbano\/wp-json\/wp\/v2\/posts"}],"about":[{"href":"https:\/\/experienciadevida.com.ar\/portalurbano\/wp-json\/wp\/v2\/types\/post"}],"author":[{"embeddable":true,"href":"https:\/\/experienciadevida.com.ar\/portalurbano\/wp-json\/wp\/v2\/users\/1"}],"replies":[{"embeddable":true,"href":"https:\/\/experienciadevida.com.ar\/portalurbano\/wp-json\/wp\/v2\/comments?post=162807"}],"version-history":[{"count":2,"href":"https:\/\/experienciadevida.com.ar\/portalurbano\/wp-json\/wp\/v2\/posts\/162807\/revisions"}],"predecessor-version":[{"id":162810,"href":"https:\/\/experienciadevida.com.ar\/portalurbano\/wp-json\/wp\/v2\/posts\/162807\/revisions\/162810"}],"wp:featuredmedia":[{"embeddable":true,"href":"https:\/\/experienciadevida.com.ar\/portalurbano\/wp-json\/wp\/v2\/media\/162808"}],"wp:attachment":[{"href":"https:\/\/experienciadevida.com.ar\/portalurbano\/wp-json\/wp\/v2\/media?parent=162807"}],"wp:term":[{"taxonomy":"category","embeddable":true,"href":"https:\/\/experienciadevida.com.ar\/portalurbano\/wp-json\/wp\/v2\/categories?post=162807"},{"taxonomy":"post_tag","embeddable":true,"href":"https:\/\/experienciadevida.com.ar\/portalurbano\/wp-json\/wp\/v2\/tags?post=162807"}],"curies":[{"name":"wp","href":"https:\/\/api.w.org\/{rel}","templated":true}]}}