{"id":162800,"date":"2022-03-03T15:57:20","date_gmt":"2022-03-03T18:57:20","guid":{"rendered":"https:\/\/experienciadevida.com.ar\/portalurbano\/?p=162800"},"modified":"2022-03-03T16:01:29","modified_gmt":"2022-03-03T19:01:29","slug":"descentralizacion-de-la-secretaria-de-desarrollo-economico-en-el-parque-industrial","status":"publish","type":"post","link":"https:\/\/experienciadevida.com.ar\/portalurbano\/descentralizacion-de-la-secretaria-de-desarrollo-economico-en-el-parque-industrial\/","title":{"rendered":"Descentralizaci\u00f3n de la Secretar\u00eda de Desarrollo Econ\u00f3mico en el Parque Industrial"},"content":{"rendered":"<p>Descentralizaci\u00f3n de la Secretar\u00eda de Desarrollo Econ\u00f3mico en el Parque Industrial, en la ma\u00f1ana de este jueves el intendente Ezequiel <a href=\"https:\/\/www.facebook.com\/galliezequiel\">Galli<\/a> encabez\u00f3 una visita al Parque Industrial, donde se emplaz\u00f3 una oficina administrativa municipal, dependiente de la Secretar\u00eda de Desarrollo Econ\u00f3mico.<\/p>\n<p><a href=\"https:\/\/experienciadevida.com.ar\/portalurbano\/descentralizacion-de-la-secretaria-de-desarrollo-economico-en-el-parque-industrial\/descentralizacion\/\" rel=\"attachment wp-att-162804\"><img decoding=\"async\" class=\"alignnone size-large wp-image-162804\" src=\"https:\/\/experienciadevida.com.ar\/portalurbano\/wp-content\/uploads\/2022\/03\/Descentralizacion-1024x684.jpg\" alt=\"Descentralizaci\u00f3n \" width=\"900\" height=\"601\" srcset=\"https:\/\/experienciadevida.com.ar\/portalurbano\/wp-content\/uploads\/2022\/03\/Descentralizacion-1024x684.jpg 1024w, https:\/\/experienciadevida.com.ar\/portalurbano\/wp-content\/uploads\/2022\/03\/Descentralizacion-300x201.jpg 300w, https:\/\/experienciadevida.com.ar\/portalurbano\/wp-content\/uploads\/2022\/03\/Descentralizacion-768x513.jpg 768w, https:\/\/experienciadevida.com.ar\/portalurbano\/wp-content\/uploads\/2022\/03\/Descentralizacion-1536x1027.jpg 1536w, https:\/\/experienciadevida.com.ar\/portalurbano\/wp-content\/uploads\/2022\/03\/Descentralizacion-2048x1369.jpg 2048w\" sizes=\"(max-width: 900px) 100vw, 900px\" \/><\/a><\/p>\n<p>Dicha oficina est\u00e1 a cargo de Ivana Pezet y facilitar\u00e1 la descentralizaci\u00f3n de los servicios que ofrece la cartera de Desarrollo Econ\u00f3mico, orientados espec\u00edficamente al sector empresarial e industrial.<\/p>\n<p>Durante el encuentro, el Intendente estuvo acompa\u00f1ado por el secretario de Desarrollo Econ\u00f3mico Julio Valetutto, la directora de Empresas Edith Schoos e Ivana Pezet, a cargo de la nueva dependencia.<\/p>\n<p>All\u00ed fueron recibidos por Tom\u00e1s Barbieri, presidente de la Asociaci\u00f3n de Parques Industriales y dem\u00e1s referentes de la agrupaci\u00f3n.<\/p>\n<p>M\u00e1s all\u00e1 del di\u00e1logo sobre la recientemente inaugurada Oficina, el Intendente Galli convers\u00f3 con las autoridades del Parque sobre anuncios en beneficio del sector, por parte de la gesti\u00f3n municipal.<\/p>\n<p>\u201cQuiero agradecerles muy especialmente por su tiempo, agradecerles que hayan venido, que nos acompa\u00f1en hoy ac\u00e1. Como bien dice Tom\u00e1s (Barbieri) venimos trabajando desde hace un tiempo en silencio, en algunas cuestiones que tienen que ver con pedidos que conoc\u00edamos acerca del estado de situaci\u00f3n del sector, que (no se los tengo que contar a ustedes) es el mas importante de Olavarria\u201d, destac\u00f3 Galli.<\/p>\n<p>\u201cPara nosotros es muy importante poder recuperar la relaci\u00f3n que supimos tener, y esto simplemente se logra con di\u00e1logo y trabajo en equipo. Nuestra idea es fortalecer ese v\u00ednculo lo m\u00e1s que se pueda. Queremos que cuenten con nosotros\u201d, afirm\u00f3 el intendente. \u201cPor eso \u2013 a\u00f1adi\u00f3 \u2013 hemos decidido tener una oficina dependiente de Desarrollo Econ\u00f3mico ac\u00e1 en el Parque Industrial, para todo lo que tenga que ver con gestiones y asesoramientos del d\u00eda a d\u00eda: informaci\u00f3n sobre l\u00edneas de cr\u00e9dito, intermediaci\u00f3n laboral, tramites administrativos: todo lo que ustedes necesiten de la Municipalidad lo van a tener a mano\u201d.<\/p>\n<p>\u201cVenimos trabajando con muchas empresas, en lo que tiene que ver con l\u00edneas de financiamiento, con la Oficina de Empleo, etc. Nuestra oficina tiene un recorrido que nos da la posibilidad de poder colaborar con ustedes desde este lugar. Sabemos que hoy conseguir mano de obra calificada es pr\u00e1cticamente imposible, por eso tenemos que trabajar sobre eso, sobre las capacitaciones con el ITecO: tanto el ITecO como la Oficina de Desarrollo Econ\u00f3mico est\u00e1n a su entera disposici\u00f3n\u201d, resalt\u00f3 el Intendente.<\/p>\n<p>Al mismo tiempo, Galli anticip\u00f3 \u201calgunas cuestiones que tienen que ver con pedidos hist\u00f3ricos del sector\u201d Por un lado, explic\u00f3, \u201cles queremos contar en primer lugar que desde el mes de abril nos vamos a hacer cargo desde la Municipalidad del corte de pasto. Por otro lado, en cuanto a Residuos S\u00f3lidos Urbanos, habr\u00e1 tres contenedores \u2013 uno en cada Parque \u2013 con recolecci\u00f3n tres veces por semana. Esto tambi\u00e9n es algo que se ven\u00eda pidiendo y venimos trabajando con Tom\u00e1s\u201d.<\/p>\n<p>Por otro lado, Galli afirm\u00f3 que: \u201cAlgo muy importante que tiene que ver con la seguridad del Parque, es la demolici\u00f3n de las UMI (Unidades Modulares Industriales) con riesgo de derrumbe. Vamos a afrontar los costos desde el Municipio\u201d.<\/p>\n<p><a href=\"https:\/\/experienciadevida.com.ar\/portalurbano\/descentralizacion-de-la-secretaria-de-desarrollo-economico-en-el-parque-industrial\/de-la-5\/\" rel=\"attachment wp-att-162805\"><img decoding=\"async\" class=\"alignnone size-large wp-image-162805\" src=\"https:\/\/experienciadevida.com.ar\/portalurbano\/wp-content\/uploads\/2022\/03\/de-la-1024x684.jpg\" alt=\"de la \" width=\"900\" height=\"601\" srcset=\"https:\/\/experienciadevida.com.ar\/portalurbano\/wp-content\/uploads\/2022\/03\/de-la-1024x684.jpg 1024w, https:\/\/experienciadevida.com.ar\/portalurbano\/wp-content\/uploads\/2022\/03\/de-la-300x201.jpg 300w, https:\/\/experienciadevida.com.ar\/portalurbano\/wp-content\/uploads\/2022\/03\/de-la-768x513.jpg 768w, https:\/\/experienciadevida.com.ar\/portalurbano\/wp-content\/uploads\/2022\/03\/de-la-1536x1027.jpg 1536w, https:\/\/experienciadevida.com.ar\/portalurbano\/wp-content\/uploads\/2022\/03\/de-la-2048x1369.jpg 2048w\" sizes=\"(max-width: 900px) 100vw, 900px\" \/><\/a><\/p>\n","protected":false},"excerpt":{"rendered":"<p>Descentralizaci\u00f3n de la Secretar\u00eda de Desarrollo Econ\u00f3mico en el Parque Industrial, en la ma\u00f1ana de&#8230;<\/p>\n","protected":false},"author":1,"featured_media":162801,"comment_status":"closed","ping_status":"closed","sticky":false,"template":"","format":"standard","meta":{"content-type":""},"categories":[27,64],"tags":[],"nelio_content":{"isAutoShareEnabled":false,"autoShareEndMode":"default","automationSources":{"useContentSentences":true,"useSocialTemplates":true,"useCustomSentences":false,"customSentences":[]},"followers":[1],"suggestedReferences":[],"includedReferences":[],"efiUrl":"","efiAlt":"","highlights":[]},"yoast_head":"<!-- This site is optimized with the Yoast SEO plugin v20.7 - https:\/\/yoast.com\/wordpress\/plugins\/seo\/ -->\n<title>Descentralizaci\u00f3n de la Secretar\u00eda de Desarrollo Econ\u00f3mico<\/title>\n<meta name=\"description\" content=\"Descentralizaci\u00f3n de la Secretar\u00eda de Desarrollo Econ\u00f3mico en el Parque Industrial, Galli visit\u00f3 este jueves el Parque Industrial\" \/>\n<meta name=\"robots\" content=\"index, follow, max-snippet:-1, max-image-preview:large, max-video-preview:-1\" \/>\n<link rel=\"canonical\" href=\"https:\/\/experienciadevida.com.ar\/portalurbano\/descentralizacion-de-la-secretaria-de-desarrollo-economico-en-el-parque-industrial\/\" \/>\n<meta property=\"og:locale\" content=\"es_ES\" \/>\n<meta property=\"og:type\" content=\"article\" \/>\n<meta property=\"og:title\" content=\"Descentralizaci\u00f3n de la Secretar\u00eda de Desarrollo Econ\u00f3mico\" \/>\n<meta property=\"og:description\" content=\"Descentralizaci\u00f3n de la Secretar\u00eda de Desarrollo Econ\u00f3mico en el Parque Industrial, Galli visit\u00f3 este jueves el Parque Industrial\" \/>\n<meta property=\"og:url\" content=\"https:\/\/experienciadevida.com.ar\/portalurbano\/descentralizacion-de-la-secretaria-de-desarrollo-economico-en-el-parque-industrial\/\" \/>\n<meta property=\"article:publisher\" content=\"https:\/\/www.facebook.com\/Portal-Urbano-171542830093757\/\" \/>\n<meta property=\"article:published_time\" content=\"2022-03-03T18:57:20+00:00\" \/>\n<meta property=\"article:modified_time\" content=\"2022-03-03T19:01:29+00:00\" \/>\n<meta property=\"og:image\" content=\"https:\/\/experienciadevida.com.ar\/portalurbano\/wp-content\/uploads\/2022\/03\/Descentralizacion-de-la-Secretaria.jpg\" \/>\n\t<meta property=\"og:image:width\" content=\"2560\" \/>\n\t<meta property=\"og:image:height\" content=\"1711\" \/>\n\t<meta property=\"og:image:type\" content=\"image\/jpeg\" \/>\n<meta name=\"author\" content=\"admpu17wp\" \/>\n<meta name=\"twitter:card\" content=\"summary_large_image\" \/>\n<meta name=\"twitter:creator\" content=\"@portalurbanook\" \/>\n<meta name=\"twitter:site\" content=\"@portalurbanook\" \/>\n<meta name=\"twitter:label1\" content=\"Escrito por\" \/>\n\t<meta name=\"twitter:data1\" content=\"admpu17wp\" \/>\n\t<meta name=\"twitter:label2\" content=\"Tiempo de lectura\" \/>\n\t<meta name=\"twitter:data2\" content=\"3 minutos\" \/>\n<script type=\"application\/ld+json\" class=\"yoast-schema-graph\">{\"@context\":\"https:\/\/schema.org\",\"@graph\":[{\"@type\":\"Article\",\"@id\":\"https:\/\/experienciadevida.com.ar\/portalurbano\/descentralizacion-de-la-secretaria-de-desarrollo-economico-en-el-parque-industrial\/#article\",\"isPartOf\":{\"@id\":\"https:\/\/experienciadevida.com.ar\/portalurbano\/descentralizacion-de-la-secretaria-de-desarrollo-economico-en-el-parque-industrial\/\"},\"author\":{\"name\":\"admpu17wp\",\"@id\":\"https:\/\/experienciadevida.com.ar\/portalurbano\/#\/schema\/person\/02dd326b1c4b056e9cc972486934a3a7\"},\"headline\":\"Descentralizaci\u00f3n de la Secretar\u00eda de Desarrollo Econ\u00f3mico en el Parque Industrial\",\"datePublished\":\"2022-03-03T18:57:20+00:00\",\"dateModified\":\"2022-03-03T19:01:29+00:00\",\"mainEntityOfPage\":{\"@id\":\"https:\/\/experienciadevida.com.ar\/portalurbano\/descentralizacion-de-la-secretaria-de-desarrollo-economico-en-el-parque-industrial\/\"},\"wordCount\":568,\"publisher\":{\"@id\":\"https:\/\/experienciadevida.com.ar\/portalurbano\/#organization\"},\"articleSection\":[\"Ciudad\",\"Destacadas 2\"],\"inLanguage\":\"es\"},{\"@type\":\"WebPage\",\"@id\":\"https:\/\/experienciadevida.com.ar\/portalurbano\/descentralizacion-de-la-secretaria-de-desarrollo-economico-en-el-parque-industrial\/\",\"url\":\"https:\/\/experienciadevida.com.ar\/portalurbano\/descentralizacion-de-la-secretaria-de-desarrollo-economico-en-el-parque-industrial\/\",\"name\":\"Descentralizaci\u00f3n de la Secretar\u00eda de Desarrollo Econ\u00f3mico\",\"isPartOf\":{\"@id\":\"https:\/\/experienciadevida.com.ar\/portalurbano\/#website\"},\"datePublished\":\"2022-03-03T18:57:20+00:00\",\"dateModified\":\"2022-03-03T19:01:29+00:00\",\"description\":\"Descentralizaci\u00f3n de la Secretar\u00eda de Desarrollo Econ\u00f3mico en el Parque Industrial, Galli visit\u00f3 este jueves el Parque Industrial\",\"breadcrumb\":{\"@id\":\"https:\/\/experienciadevida.com.ar\/portalurbano\/descentralizacion-de-la-secretaria-de-desarrollo-economico-en-el-parque-industrial\/#breadcrumb\"},\"inLanguage\":\"es\",\"potentialAction\":[{\"@type\":\"ReadAction\",\"target\":[\"https:\/\/experienciadevida.com.ar\/portalurbano\/descentralizacion-de-la-secretaria-de-desarrollo-economico-en-el-parque-industrial\/\"]}]},{\"@type\":\"BreadcrumbList\",\"@id\":\"https:\/\/experienciadevida.com.ar\/portalurbano\/descentralizacion-de-la-secretaria-de-desarrollo-economico-en-el-parque-industrial\/#breadcrumb\",\"itemListElement\":[{\"@type\":\"ListItem\",\"position\":1,\"name\":\"Portada\",\"item\":\"https:\/\/experienciadevida.com.ar\/portalurbano\/\"},{\"@type\":\"ListItem\",\"position\":2,\"name\":\"Descentralizaci\u00f3n de la Secretar\u00eda de Desarrollo Econ\u00f3mico en el Parque Industrial\"}]},{\"@type\":\"WebSite\",\"@id\":\"https:\/\/experienciadevida.com.ar\/portalurbano\/#website\",\"url\":\"https:\/\/experienciadevida.com.ar\/portalurbano\/\",\"name\":\"\",\"description\":\"\",\"publisher\":{\"@id\":\"https:\/\/experienciadevida.com.ar\/portalurbano\/#organization\"},\"potentialAction\":[{\"@type\":\"SearchAction\",\"target\":{\"@type\":\"EntryPoint\",\"urlTemplate\":\"https:\/\/experienciadevida.com.ar\/portalurbano\/?s={search_term_string}\"},\"query-input\":\"required name=search_term_string\"}],\"inLanguage\":\"es\"},{\"@type\":\"Organization\",\"@id\":\"https:\/\/experienciadevida.com.ar\/portalurbano\/#organization\",\"name\":\"Portal Urbano\",\"url\":\"https:\/\/experienciadevida.com.ar\/portalurbano\/\",\"logo\":{\"@type\":\"ImageObject\",\"inLanguage\":\"es\",\"@id\":\"https:\/\/experienciadevida.com.ar\/portalurbano\/#\/schema\/logo\/image\/\",\"url\":\"https:\/\/experienciadevida.com.ar\/portalurbano\/wp-content\/uploads\/2019\/09\/Logo-Original.png\",\"contentUrl\":\"https:\/\/experienciadevida.com.ar\/portalurbano\/wp-content\/uploads\/2019\/09\/Logo-Original.png\",\"width\":2236,\"height\":1216,\"caption\":\"Portal Urbano\"},\"image\":{\"@id\":\"https:\/\/experienciadevida.com.ar\/portalurbano\/#\/schema\/logo\/image\/\"},\"sameAs\":[\"https:\/\/www.facebook.com\/Portal-Urbano-171542830093757\/\",\"https:\/\/twitter.com\/portalurbanook\",\"https:\/\/www.instagram.com\/_portalurbano\/\",\"https:\/\/www.youtube.com\/channel\/UCXhagIfszH8KxFiOok79zbA?view_as=subscriber\"]},{\"@type\":\"Person\",\"@id\":\"https:\/\/experienciadevida.com.ar\/portalurbano\/#\/schema\/person\/02dd326b1c4b056e9cc972486934a3a7\",\"name\":\"admpu17wp\",\"image\":{\"@type\":\"ImageObject\",\"inLanguage\":\"es\",\"@id\":\"https:\/\/experienciadevida.com.ar\/portalurbano\/#\/schema\/person\/image\/\",\"url\":\"https:\/\/secure.gravatar.com\/avatar\/830d4c57adaae6630765e449a6908047?s=96&d=mm&r=g\",\"contentUrl\":\"https:\/\/secure.gravatar.com\/avatar\/830d4c57adaae6630765e449a6908047?s=96&d=mm&r=g\",\"caption\":\"admpu17wp\"}}]}<\/script>\n<!-- \/ Yoast SEO plugin. -->","yoast_head_json":{"title":"Descentralizaci\u00f3n de la Secretar\u00eda de Desarrollo Econ\u00f3mico","description":"Descentralizaci\u00f3n de la Secretar\u00eda de Desarrollo Econ\u00f3mico en el Parque Industrial, Galli visit\u00f3 este jueves el Parque Industrial","robots":{"index":"index","follow":"follow","max-snippet":"max-snippet:-1","max-image-preview":"max-image-preview:large","max-video-preview":"max-video-preview:-1"},"canonical":"https:\/\/experienciadevida.com.ar\/portalurbano\/descentralizacion-de-la-secretaria-de-desarrollo-economico-en-el-parque-industrial\/","og_locale":"es_ES","og_type":"article","og_title":"Descentralizaci\u00f3n de la Secretar\u00eda de Desarrollo Econ\u00f3mico","og_description":"Descentralizaci\u00f3n de la Secretar\u00eda de Desarrollo Econ\u00f3mico en el Parque Industrial, Galli visit\u00f3 este jueves el Parque Industrial","og_url":"https:\/\/experienciadevida.com.ar\/portalurbano\/descentralizacion-de-la-secretaria-de-desarrollo-economico-en-el-parque-industrial\/","article_publisher":"https:\/\/www.facebook.com\/Portal-Urbano-171542830093757\/","article_published_time":"2022-03-03T18:57:20+00:00","article_modified_time":"2022-03-03T19:01:29+00:00","og_image":[{"width":2560,"height":1711,"url":"https:\/\/experienciadevida.com.ar\/portalurbano\/wp-content\/uploads\/2022\/03\/Descentralizacion-de-la-Secretaria.jpg","type":"image\/jpeg"}],"author":"admpu17wp","twitter_card":"summary_large_image","twitter_creator":"@portalurbanook","twitter_site":"@portalurbanook","twitter_misc":{"Escrito por":"admpu17wp","Tiempo de lectura":"3 minutos"},"schema":{"@context":"https:\/\/schema.org","@graph":[{"@type":"Article","@id":"https:\/\/experienciadevida.com.ar\/portalurbano\/descentralizacion-de-la-secretaria-de-desarrollo-economico-en-el-parque-industrial\/#article","isPartOf":{"@id":"https:\/\/experienciadevida.com.ar\/portalurbano\/descentralizacion-de-la-secretaria-de-desarrollo-economico-en-el-parque-industrial\/"},"author":{"name":"admpu17wp","@id":"https:\/\/experienciadevida.com.ar\/portalurbano\/#\/schema\/person\/02dd326b1c4b056e9cc972486934a3a7"},"headline":"Descentralizaci\u00f3n de la Secretar\u00eda de Desarrollo Econ\u00f3mico en el Parque Industrial","datePublished":"2022-03-03T18:57:20+00:00","dateModified":"2022-03-03T19:01:29+00:00","mainEntityOfPage":{"@id":"https:\/\/experienciadevida.com.ar\/portalurbano\/descentralizacion-de-la-secretaria-de-desarrollo-economico-en-el-parque-industrial\/"},"wordCount":568,"publisher":{"@id":"https:\/\/experienciadevida.com.ar\/portalurbano\/#organization"},"articleSection":["Ciudad","Destacadas 2"],"inLanguage":"es"},{"@type":"WebPage","@id":"https:\/\/experienciadevida.com.ar\/portalurbano\/descentralizacion-de-la-secretaria-de-desarrollo-economico-en-el-parque-industrial\/","url":"https:\/\/experienciadevida.com.ar\/portalurbano\/descentralizacion-de-la-secretaria-de-desarrollo-economico-en-el-parque-industrial\/","name":"Descentralizaci\u00f3n de la Secretar\u00eda de Desarrollo Econ\u00f3mico","isPartOf":{"@id":"https:\/\/experienciadevida.com.ar\/portalurbano\/#website"},"datePublished":"2022-03-03T18:57:20+00:00","dateModified":"2022-03-03T19:01:29+00:00","description":"Descentralizaci\u00f3n de la Secretar\u00eda de Desarrollo Econ\u00f3mico en el Parque Industrial, Galli visit\u00f3 este jueves el Parque Industrial","breadcrumb":{"@id":"https:\/\/experienciadevida.com.ar\/portalurbano\/descentralizacion-de-la-secretaria-de-desarrollo-economico-en-el-parque-industrial\/#breadcrumb"},"inLanguage":"es","potentialAction":[{"@type":"ReadAction","target":["https:\/\/experienciadevida.com.ar\/portalurbano\/descentralizacion-de-la-secretaria-de-desarrollo-economico-en-el-parque-industrial\/"]}]},{"@type":"BreadcrumbList","@id":"https:\/\/experienciadevida.com.ar\/portalurbano\/descentralizacion-de-la-secretaria-de-desarrollo-economico-en-el-parque-industrial\/#breadcrumb","itemListElement":[{"@type":"ListItem","position":1,"name":"Portada","item":"https:\/\/experienciadevida.com.ar\/portalurbano\/"},{"@type":"ListItem","position":2,"name":"Descentralizaci\u00f3n de la Secretar\u00eda de Desarrollo Econ\u00f3mico en el Parque Industrial"}]},{"@type":"WebSite","@id":"https:\/\/experienciadevida.com.ar\/portalurbano\/#website","url":"https:\/\/experienciadevida.com.ar\/portalurbano\/","name":"","description":"","publisher":{"@id":"https:\/\/experienciadevida.com.ar\/portalurbano\/#organization"},"potentialAction":[{"@type":"SearchAction","target":{"@type":"EntryPoint","urlTemplate":"https:\/\/experienciadevida.com.ar\/portalurbano\/?s={search_term_string}"},"query-input":"required name=search_term_string"}],"inLanguage":"es"},{"@type":"Organization","@id":"https:\/\/experienciadevida.com.ar\/portalurbano\/#organization","name":"Portal Urbano","url":"https:\/\/experienciadevida.com.ar\/portalurbano\/","logo":{"@type":"ImageObject","inLanguage":"es","@id":"https:\/\/experienciadevida.com.ar\/portalurbano\/#\/schema\/logo\/image\/","url":"https:\/\/experienciadevida.com.ar\/portalurbano\/wp-content\/uploads\/2019\/09\/Logo-Original.png","contentUrl":"https:\/\/experienciadevida.com.ar\/portalurbano\/wp-content\/uploads\/2019\/09\/Logo-Original.png","width":2236,"height":1216,"caption":"Portal Urbano"},"image":{"@id":"https:\/\/experienciadevida.com.ar\/portalurbano\/#\/schema\/logo\/image\/"},"sameAs":["https:\/\/www.facebook.com\/Portal-Urbano-171542830093757\/","https:\/\/twitter.com\/portalurbanook","https:\/\/www.instagram.com\/_portalurbano\/","https:\/\/www.youtube.com\/channel\/UCXhagIfszH8KxFiOok79zbA?view_as=subscriber"]},{"@type":"Person","@id":"https:\/\/experienciadevida.com.ar\/portalurbano\/#\/schema\/person\/02dd326b1c4b056e9cc972486934a3a7","name":"admpu17wp","image":{"@type":"ImageObject","inLanguage":"es","@id":"https:\/\/experienciadevida.com.ar\/portalurbano\/#\/schema\/person\/image\/","url":"https:\/\/secure.gravatar.com\/avatar\/830d4c57adaae6630765e449a6908047?s=96&d=mm&r=g","contentUrl":"https:\/\/secure.gravatar.com\/avatar\/830d4c57adaae6630765e449a6908047?s=96&d=mm&r=g","caption":"admpu17wp"}}]}},"featured_image_urls":{"full":["https:\/\/experienciadevida.com.ar\/portalurbano\/wp-content\/uploads\/2022\/03\/Descentralizacion-de-la-Secretaria.jpg",2560,1711,false],"thumbnail":["https:\/\/experienciadevida.com.ar\/portalurbano\/wp-content\/uploads\/2022\/03\/Descentralizacion-de-la-Secretaria-150x150.jpg",150,150,true],"medium":["https:\/\/experienciadevida.com.ar\/portalurbano\/wp-content\/uploads\/2022\/03\/Descentralizacion-de-la-Secretaria-300x201.jpg",300,201,true],"medium_large":["https:\/\/experienciadevida.com.ar\/portalurbano\/wp-content\/uploads\/2022\/03\/Descentralizacion-de-la-Secretaria-768x513.jpg",640,428,true],"large":["https:\/\/experienciadevida.com.ar\/portalurbano\/wp-content\/uploads\/2022\/03\/Descentralizacion-de-la-Secretaria-1024x684.jpg",640,428,true],"ug_big":["https:\/\/experienciadevida.com.ar\/portalurbano\/wp-content\/uploads\/2022\/03\/Descentralizacion-de-la-Secretaria-768x513.jpg",768,513,true],"1536x1536":["https:\/\/experienciadevida.com.ar\/portalurbano\/wp-content\/uploads\/2022\/03\/Descentralizacion-de-la-Secretaria-1536x1027.jpg",1536,1027,true],"2048x2048":["https:\/\/experienciadevida.com.ar\/portalurbano\/wp-content\/uploads\/2022\/03\/Descentralizacion-de-la-Secretaria-2048x1369.jpg",2048,1369,true],"newsever-slider-full":["https:\/\/experienciadevida.com.ar\/portalurbano\/wp-content\/uploads\/2022\/03\/Descentralizacion-de-la-Secretaria.jpg",1264,845,false],"newsever-featured":["https:\/\/experienciadevida.com.ar\/portalurbano\/wp-content\/uploads\/2022\/03\/Descentralizacion-de-la-Secretaria.jpg",1024,684,false],"newsever-medium":["https:\/\/experienciadevida.com.ar\/portalurbano\/wp-content\/uploads\/2022\/03\/Descentralizacion-de-la-Secretaria.jpg",711,475,false],"web-stories-poster-portrait":["https:\/\/experienciadevida.com.ar\/portalurbano\/wp-content\/uploads\/2022\/03\/Descentralizacion-de-la-Secretaria.jpg",640,428,false],"web-stories-publisher-logo":["https:\/\/experienciadevida.com.ar\/portalurbano\/wp-content\/uploads\/2022\/03\/Descentralizacion-de-la-Secretaria.jpg",96,64,false],"web-stories-thumbnail":["https:\/\/experienciadevida.com.ar\/portalurbano\/wp-content\/uploads\/2022\/03\/Descentralizacion-de-la-Secretaria.jpg",150,100,false]},"author_info":{"display_name":"admpu17wp","author_link":"https:\/\/experienciadevida.com.ar\/portalurbano\/author\/admpu17wp\/"},"category_info":"<a href=\"https:\/\/experienciadevida.com.ar\/portalurbano\/category\/ciudad\/\" rel=\"category tag\">Ciudad<\/a> <a href=\"https:\/\/experienciadevida.com.ar\/portalurbano\/category\/destacadas-2\/\" rel=\"category tag\">Destacadas 2<\/a>","tag_info":"Destacadas 2","comment_count":"0","amp_enabled":true,"_links":{"self":[{"href":"https:\/\/experienciadevida.com.ar\/portalurbano\/wp-json\/wp\/v2\/posts\/162800"}],"collection":[{"href":"https:\/\/experienciadevida.com.ar\/portalurbano\/wp-json\/wp\/v2\/posts"}],"about":[{"href":"https:\/\/experienciadevida.com.ar\/portalurbano\/wp-json\/wp\/v2\/types\/post"}],"author":[{"embeddable":true,"href":"https:\/\/experienciadevida.com.ar\/portalurbano\/wp-json\/wp\/v2\/users\/1"}],"replies":[{"embeddable":true,"href":"https:\/\/experienciadevida.com.ar\/portalurbano\/wp-json\/wp\/v2\/comments?post=162800"}],"version-history":[{"count":3,"href":"https:\/\/experienciadevida.com.ar\/portalurbano\/wp-json\/wp\/v2\/posts\/162800\/revisions"}],"predecessor-version":[{"id":162806,"href":"https:\/\/experienciadevida.com.ar\/portalurbano\/wp-json\/wp\/v2\/posts\/162800\/revisions\/162806"}],"wp:featuredmedia":[{"embeddable":true,"href":"https:\/\/experienciadevida.com.ar\/portalurbano\/wp-json\/wp\/v2\/media\/162801"}],"wp:attachment":[{"href":"https:\/\/experienciadevida.com.ar\/portalurbano\/wp-json\/wp\/v2\/media?parent=162800"}],"wp:term":[{"taxonomy":"category","embeddable":true,"href":"https:\/\/experienciadevida.com.ar\/portalurbano\/wp-json\/wp\/v2\/categories?post=162800"},{"taxonomy":"post_tag","embeddable":true,"href":"https:\/\/experienciadevida.com.ar\/portalurbano\/wp-json\/wp\/v2\/tags?post=162800"}],"curies":[{"name":"wp","href":"https:\/\/api.w.org\/{rel}","templated":true}]}}