{"id":162796,"date":"2022-03-03T15:49:08","date_gmt":"2022-03-03T18:49:08","guid":{"rendered":"https:\/\/experienciadevida.com.ar\/portalurbano\/?p=162796"},"modified":"2022-03-03T15:55:48","modified_gmt":"2022-03-03T18:55:48","slug":"la-pista-de-atletismo-municipal-se-llamara-cecilia-marcobechio","status":"publish","type":"post","link":"https:\/\/experienciadevida.com.ar\/portalurbano\/la-pista-de-atletismo-municipal-se-llamara-cecilia-marcobechio\/","title":{"rendered":"La Pista de Atletismo Municipal se llamar\u00e1 Cecilia Marcobechio"},"content":{"rendered":"<p>La Pista de Atletismo <a href=\"https:\/\/www.facebook.com\/municipiodeolavarria\">Municipal<\/a> se llamar\u00e1 Cecilia Marcobechio, Cecilia Marcobechio naci\u00f3 en 1973 y falleci\u00f3 a los 42 a\u00f1os de edad en 2015. Fue profesora de educaci\u00f3n f\u00edsica que dej\u00f3 su huella como docente en varios establecimientos educativos de la ciudad y las sierras.<\/p>\n<p>Es una referente del atletismo olavarriense, habiendo obtenido en su trayectoria t\u00edtulos a nivel provincial, nacional y sudamericano. M\u00e1s tarde se decidi\u00f3 por el triatl\u00f3n a lo que dedic\u00f3 su esfuerzo para prepararse y convertirse en una figura destacada de la modalidad. Su capacidad, tes\u00f3n, fortaleza y voluntad hicieron que ganara t\u00edtulos y que diera un gran ejemplo de vida que hoy recuerdan todos aquellos que tuvieron el honor de convocarla.<\/p>\n<p>Por todo lo anteriormente expresado, el nombre Cecilia Marcobechio fue propuesto como nombre de la Pista municipal de atletismo, dado que 731 de los 1348 votantes, resultaron favorables, obteniendo su menci\u00f3n un 54% del total de los votos.<\/p>\n<p>Cabe recordar, como antecedente, que a ra\u00edz de los encuentros realizados entre la Subsecretar\u00eda de Deportes y Recreaci\u00f3n con deportistas locales e instituciones deportivas relacionadas con el atletismo y\/o con el deporte en general, surgi\u00f3 la propuesta de varios nombres importantes en la historia de la actividad para ser parte de la pista de atletismo motivo por el cual se hizo necesaria la participaci\u00f3n comunitaria en dicha elecci\u00f3n.<\/p>\n<p>En este sentido, el Municipio de Olavarr\u00eda procedi\u00f3 a implementar a trav\u00e9s de la p\u00e1gina web oficial de la Municipalidad de Olavarr\u00eda un sistema de votaci\u00f3n, que permiti\u00f3 a los ciudadanos elegir el nombre de la pista de atletismo municipal, permitiendo a todos los vecinos participar de la elecci\u00f3n.<\/p>\n<p>Los nombres propuestos fueron Cecilia Marcobechio, Jorge Alberto \u201cBoby\u201d Bellinzoni, Victor Gin\u00e9s Sal\u00edas, Ricardo C\u00e9sar \u201cPirata\u201d Vigo, Juan Osvaldo Su\u00e1rez, H\u00e9ctor Gr\u00fcnewald, Victor Edgardo Corradi, An\u00edbal Guillermo \u00c1valos, Rafael Lamarque, sin perjuicio de que se habilit\u00f3 a los ciudadanos la posibilidad de proponer otros deportistas a trav\u00e9s de la p\u00e1gina web mencionada.<\/p>\n<p>En este sentido, desde el Departamento Ejecutivo se envi\u00f3 al HCD el Proyecto de Ordenanza para su aprobaci\u00f3n, con la finalidad de instaurar el nombre de \u201cCecilia Marcobechio\u201d a la Pista Municipal de Atletismo, ubicada en Parque Avellaneda de la Ciudad de Olavarr\u00eda.<\/p>\n<p>&nbsp;<\/p>\n","protected":false},"excerpt":{"rendered":"<p>La Pista de Atletismo Municipal se llamar\u00e1 Cecilia Marcobechio, Cecilia Marcobechio naci\u00f3 en 1973 y&#8230;<\/p>\n","protected":false},"author":1,"featured_media":162797,"comment_status":"closed","ping_status":"closed","sticky":false,"template":"","format":"standard","meta":{"content-type":""},"categories":[27,51],"tags":[],"nelio_content":{"isAutoShareEnabled":false,"autoShareEndMode":"default","automationSources":{"useContentSentences":true,"useSocialTemplates":true,"useCustomSentences":false,"customSentences":[]},"followers":[1],"suggestedReferences":[],"includedReferences":[],"efiUrl":"","efiAlt":"","highlights":[]},"yoast_head":"<!-- This site is optimized with the Yoast SEO plugin v20.7 - https:\/\/yoast.com\/wordpress\/plugins\/seo\/ -->\n<title>La pista de Atletismo Municipal se llamar\u00e1 Cecilia Marcobechio<\/title>\n<meta name=\"description\" content=\"La Pista de Atletismo Municipal se llamar\u00e1 Cecilia Marcobechio, Cecilia Marcobechio naci\u00f3 en 1973 y falleci\u00f3 a los 42 a\u00f1os de edad en 2015\" \/>\n<meta name=\"robots\" content=\"index, follow, max-snippet:-1, max-image-preview:large, max-video-preview:-1\" \/>\n<link rel=\"canonical\" href=\"https:\/\/experienciadevida.com.ar\/portalurbano\/la-pista-de-atletismo-municipal-se-llamara-cecilia-marcobechio\/\" \/>\n<meta property=\"og:locale\" content=\"es_ES\" \/>\n<meta property=\"og:type\" content=\"article\" \/>\n<meta property=\"og:title\" content=\"La pista de Atletismo Municipal se llamar\u00e1 Cecilia Marcobechio\" \/>\n<meta property=\"og:description\" content=\"La Pista de Atletismo Municipal se llamar\u00e1 Cecilia Marcobechio, Cecilia Marcobechio naci\u00f3 en 1973 y falleci\u00f3 a los 42 a\u00f1os de edad en 2015\" \/>\n<meta property=\"og:url\" content=\"https:\/\/experienciadevida.com.ar\/portalurbano\/la-pista-de-atletismo-municipal-se-llamara-cecilia-marcobechio\/\" \/>\n<meta property=\"article:publisher\" content=\"https:\/\/www.facebook.com\/Portal-Urbano-171542830093757\/\" \/>\n<meta property=\"article:published_time\" content=\"2022-03-03T18:49:08+00:00\" \/>\n<meta property=\"article:modified_time\" content=\"2022-03-03T18:55:48+00:00\" \/>\n<meta property=\"og:image\" content=\"https:\/\/experienciadevida.com.ar\/portalurbano\/wp-content\/uploads\/2022\/03\/La-Pista-de-Atletismo.jpg\" \/>\n\t<meta property=\"og:image:width\" content=\"1024\" \/>\n\t<meta property=\"og:image:height\" content=\"685\" \/>\n\t<meta property=\"og:image:type\" content=\"image\/jpeg\" \/>\n<meta name=\"author\" content=\"admpu17wp\" \/>\n<meta name=\"twitter:card\" content=\"summary_large_image\" \/>\n<meta name=\"twitter:creator\" content=\"@portalurbanook\" \/>\n<meta name=\"twitter:site\" content=\"@portalurbanook\" \/>\n<meta name=\"twitter:label1\" content=\"Escrito por\" \/>\n\t<meta name=\"twitter:data1\" content=\"admpu17wp\" \/>\n\t<meta name=\"twitter:label2\" content=\"Tiempo de lectura\" \/>\n\t<meta name=\"twitter:data2\" content=\"2 minutos\" \/>\n<script type=\"application\/ld+json\" class=\"yoast-schema-graph\">{\"@context\":\"https:\/\/schema.org\",\"@graph\":[{\"@type\":\"Article\",\"@id\":\"https:\/\/experienciadevida.com.ar\/portalurbano\/la-pista-de-atletismo-municipal-se-llamara-cecilia-marcobechio\/#article\",\"isPartOf\":{\"@id\":\"https:\/\/experienciadevida.com.ar\/portalurbano\/la-pista-de-atletismo-municipal-se-llamara-cecilia-marcobechio\/\"},\"author\":{\"name\":\"admpu17wp\",\"@id\":\"https:\/\/experienciadevida.com.ar\/portalurbano\/#\/schema\/person\/02dd326b1c4b056e9cc972486934a3a7\"},\"headline\":\"La Pista de Atletismo Municipal se llamar\u00e1 Cecilia Marcobechio\",\"datePublished\":\"2022-03-03T18:49:08+00:00\",\"dateModified\":\"2022-03-03T18:55:48+00:00\",\"mainEntityOfPage\":{\"@id\":\"https:\/\/experienciadevida.com.ar\/portalurbano\/la-pista-de-atletismo-municipal-se-llamara-cecilia-marcobechio\/\"},\"wordCount\":402,\"publisher\":{\"@id\":\"https:\/\/experienciadevida.com.ar\/portalurbano\/#organization\"},\"articleSection\":[\"Ciudad\",\"Destacadas\"],\"inLanguage\":\"es\"},{\"@type\":\"WebPage\",\"@id\":\"https:\/\/experienciadevida.com.ar\/portalurbano\/la-pista-de-atletismo-municipal-se-llamara-cecilia-marcobechio\/\",\"url\":\"https:\/\/experienciadevida.com.ar\/portalurbano\/la-pista-de-atletismo-municipal-se-llamara-cecilia-marcobechio\/\",\"name\":\"La pista de Atletismo Municipal se llamar\u00e1 Cecilia Marcobechio\",\"isPartOf\":{\"@id\":\"https:\/\/experienciadevida.com.ar\/portalurbano\/#website\"},\"datePublished\":\"2022-03-03T18:49:08+00:00\",\"dateModified\":\"2022-03-03T18:55:48+00:00\",\"description\":\"La Pista de Atletismo Municipal se llamar\u00e1 Cecilia Marcobechio, Cecilia Marcobechio naci\u00f3 en 1973 y falleci\u00f3 a los 42 a\u00f1os de edad en 2015\",\"breadcrumb\":{\"@id\":\"https:\/\/experienciadevida.com.ar\/portalurbano\/la-pista-de-atletismo-municipal-se-llamara-cecilia-marcobechio\/#breadcrumb\"},\"inLanguage\":\"es\",\"potentialAction\":[{\"@type\":\"ReadAction\",\"target\":[\"https:\/\/experienciadevida.com.ar\/portalurbano\/la-pista-de-atletismo-municipal-se-llamara-cecilia-marcobechio\/\"]}]},{\"@type\":\"BreadcrumbList\",\"@id\":\"https:\/\/experienciadevida.com.ar\/portalurbano\/la-pista-de-atletismo-municipal-se-llamara-cecilia-marcobechio\/#breadcrumb\",\"itemListElement\":[{\"@type\":\"ListItem\",\"position\":1,\"name\":\"Portada\",\"item\":\"https:\/\/experienciadevida.com.ar\/portalurbano\/\"},{\"@type\":\"ListItem\",\"position\":2,\"name\":\"La Pista de Atletismo Municipal se llamar\u00e1 Cecilia Marcobechio\"}]},{\"@type\":\"WebSite\",\"@id\":\"https:\/\/experienciadevida.com.ar\/portalurbano\/#website\",\"url\":\"https:\/\/experienciadevida.com.ar\/portalurbano\/\",\"name\":\"\",\"description\":\"\",\"publisher\":{\"@id\":\"https:\/\/experienciadevida.com.ar\/portalurbano\/#organization\"},\"potentialAction\":[{\"@type\":\"SearchAction\",\"target\":{\"@type\":\"EntryPoint\",\"urlTemplate\":\"https:\/\/experienciadevida.com.ar\/portalurbano\/?s={search_term_string}\"},\"query-input\":\"required name=search_term_string\"}],\"inLanguage\":\"es\"},{\"@type\":\"Organization\",\"@id\":\"https:\/\/experienciadevida.com.ar\/portalurbano\/#organization\",\"name\":\"Portal Urbano\",\"url\":\"https:\/\/experienciadevida.com.ar\/portalurbano\/\",\"logo\":{\"@type\":\"ImageObject\",\"inLanguage\":\"es\",\"@id\":\"https:\/\/experienciadevida.com.ar\/portalurbano\/#\/schema\/logo\/image\/\",\"url\":\"https:\/\/experienciadevida.com.ar\/portalurbano\/wp-content\/uploads\/2019\/09\/Logo-Original.png\",\"contentUrl\":\"https:\/\/experienciadevida.com.ar\/portalurbano\/wp-content\/uploads\/2019\/09\/Logo-Original.png\",\"width\":2236,\"height\":1216,\"caption\":\"Portal Urbano\"},\"image\":{\"@id\":\"https:\/\/experienciadevida.com.ar\/portalurbano\/#\/schema\/logo\/image\/\"},\"sameAs\":[\"https:\/\/www.facebook.com\/Portal-Urbano-171542830093757\/\",\"https:\/\/twitter.com\/portalurbanook\",\"https:\/\/www.instagram.com\/_portalurbano\/\",\"https:\/\/www.youtube.com\/channel\/UCXhagIfszH8KxFiOok79zbA?view_as=subscriber\"]},{\"@type\":\"Person\",\"@id\":\"https:\/\/experienciadevida.com.ar\/portalurbano\/#\/schema\/person\/02dd326b1c4b056e9cc972486934a3a7\",\"name\":\"admpu17wp\",\"image\":{\"@type\":\"ImageObject\",\"inLanguage\":\"es\",\"@id\":\"https:\/\/experienciadevida.com.ar\/portalurbano\/#\/schema\/person\/image\/\",\"url\":\"https:\/\/secure.gravatar.com\/avatar\/830d4c57adaae6630765e449a6908047?s=96&d=mm&r=g\",\"contentUrl\":\"https:\/\/secure.gravatar.com\/avatar\/830d4c57adaae6630765e449a6908047?s=96&d=mm&r=g\",\"caption\":\"admpu17wp\"}}]}<\/script>\n<!-- \/ Yoast SEO plugin. -->","yoast_head_json":{"title":"La pista de Atletismo Municipal se llamar\u00e1 Cecilia Marcobechio","description":"La Pista de Atletismo Municipal se llamar\u00e1 Cecilia Marcobechio, Cecilia Marcobechio naci\u00f3 en 1973 y falleci\u00f3 a los 42 a\u00f1os de edad en 2015","robots":{"index":"index","follow":"follow","max-snippet":"max-snippet:-1","max-image-preview":"max-image-preview:large","max-video-preview":"max-video-preview:-1"},"canonical":"https:\/\/experienciadevida.com.ar\/portalurbano\/la-pista-de-atletismo-municipal-se-llamara-cecilia-marcobechio\/","og_locale":"es_ES","og_type":"article","og_title":"La pista de Atletismo Municipal se llamar\u00e1 Cecilia Marcobechio","og_description":"La Pista de Atletismo Municipal se llamar\u00e1 Cecilia Marcobechio, Cecilia Marcobechio naci\u00f3 en 1973 y falleci\u00f3 a los 42 a\u00f1os de edad en 2015","og_url":"https:\/\/experienciadevida.com.ar\/portalurbano\/la-pista-de-atletismo-municipal-se-llamara-cecilia-marcobechio\/","article_publisher":"https:\/\/www.facebook.com\/Portal-Urbano-171542830093757\/","article_published_time":"2022-03-03T18:49:08+00:00","article_modified_time":"2022-03-03T18:55:48+00:00","og_image":[{"width":1024,"height":685,"url":"https:\/\/experienciadevida.com.ar\/portalurbano\/wp-content\/uploads\/2022\/03\/La-Pista-de-Atletismo.jpg","type":"image\/jpeg"}],"author":"admpu17wp","twitter_card":"summary_large_image","twitter_creator":"@portalurbanook","twitter_site":"@portalurbanook","twitter_misc":{"Escrito por":"admpu17wp","Tiempo de lectura":"2 minutos"},"schema":{"@context":"https:\/\/schema.org","@graph":[{"@type":"Article","@id":"https:\/\/experienciadevida.com.ar\/portalurbano\/la-pista-de-atletismo-municipal-se-llamara-cecilia-marcobechio\/#article","isPartOf":{"@id":"https:\/\/experienciadevida.com.ar\/portalurbano\/la-pista-de-atletismo-municipal-se-llamara-cecilia-marcobechio\/"},"author":{"name":"admpu17wp","@id":"https:\/\/experienciadevida.com.ar\/portalurbano\/#\/schema\/person\/02dd326b1c4b056e9cc972486934a3a7"},"headline":"La Pista de Atletismo Municipal se llamar\u00e1 Cecilia Marcobechio","datePublished":"2022-03-03T18:49:08+00:00","dateModified":"2022-03-03T18:55:48+00:00","mainEntityOfPage":{"@id":"https:\/\/experienciadevida.com.ar\/portalurbano\/la-pista-de-atletismo-municipal-se-llamara-cecilia-marcobechio\/"},"wordCount":402,"publisher":{"@id":"https:\/\/experienciadevida.com.ar\/portalurbano\/#organization"},"articleSection":["Ciudad","Destacadas"],"inLanguage":"es"},{"@type":"WebPage","@id":"https:\/\/experienciadevida.com.ar\/portalurbano\/la-pista-de-atletismo-municipal-se-llamara-cecilia-marcobechio\/","url":"https:\/\/experienciadevida.com.ar\/portalurbano\/la-pista-de-atletismo-municipal-se-llamara-cecilia-marcobechio\/","name":"La pista de Atletismo Municipal se llamar\u00e1 Cecilia Marcobechio","isPartOf":{"@id":"https:\/\/experienciadevida.com.ar\/portalurbano\/#website"},"datePublished":"2022-03-03T18:49:08+00:00","dateModified":"2022-03-03T18:55:48+00:00","description":"La Pista de Atletismo Municipal se llamar\u00e1 Cecilia Marcobechio, Cecilia Marcobechio naci\u00f3 en 1973 y falleci\u00f3 a los 42 a\u00f1os de edad en 2015","breadcrumb":{"@id":"https:\/\/experienciadevida.com.ar\/portalurbano\/la-pista-de-atletismo-municipal-se-llamara-cecilia-marcobechio\/#breadcrumb"},"inLanguage":"es","potentialAction":[{"@type":"ReadAction","target":["https:\/\/experienciadevida.com.ar\/portalurbano\/la-pista-de-atletismo-municipal-se-llamara-cecilia-marcobechio\/"]}]},{"@type":"BreadcrumbList","@id":"https:\/\/experienciadevida.com.ar\/portalurbano\/la-pista-de-atletismo-municipal-se-llamara-cecilia-marcobechio\/#breadcrumb","itemListElement":[{"@type":"ListItem","position":1,"name":"Portada","item":"https:\/\/experienciadevida.com.ar\/portalurbano\/"},{"@type":"ListItem","position":2,"name":"La Pista de Atletismo Municipal se llamar\u00e1 Cecilia Marcobechio"}]},{"@type":"WebSite","@id":"https:\/\/experienciadevida.com.ar\/portalurbano\/#website","url":"https:\/\/experienciadevida.com.ar\/portalurbano\/","name":"","description":"","publisher":{"@id":"https:\/\/experienciadevida.com.ar\/portalurbano\/#organization"},"potentialAction":[{"@type":"SearchAction","target":{"@type":"EntryPoint","urlTemplate":"https:\/\/experienciadevida.com.ar\/portalurbano\/?s={search_term_string}"},"query-input":"required name=search_term_string"}],"inLanguage":"es"},{"@type":"Organization","@id":"https:\/\/experienciadevida.com.ar\/portalurbano\/#organization","name":"Portal Urbano","url":"https:\/\/experienciadevida.com.ar\/portalurbano\/","logo":{"@type":"ImageObject","inLanguage":"es","@id":"https:\/\/experienciadevida.com.ar\/portalurbano\/#\/schema\/logo\/image\/","url":"https:\/\/experienciadevida.com.ar\/portalurbano\/wp-content\/uploads\/2019\/09\/Logo-Original.png","contentUrl":"https:\/\/experienciadevida.com.ar\/portalurbano\/wp-content\/uploads\/2019\/09\/Logo-Original.png","width":2236,"height":1216,"caption":"Portal Urbano"},"image":{"@id":"https:\/\/experienciadevida.com.ar\/portalurbano\/#\/schema\/logo\/image\/"},"sameAs":["https:\/\/www.facebook.com\/Portal-Urbano-171542830093757\/","https:\/\/twitter.com\/portalurbanook","https:\/\/www.instagram.com\/_portalurbano\/","https:\/\/www.youtube.com\/channel\/UCXhagIfszH8KxFiOok79zbA?view_as=subscriber"]},{"@type":"Person","@id":"https:\/\/experienciadevida.com.ar\/portalurbano\/#\/schema\/person\/02dd326b1c4b056e9cc972486934a3a7","name":"admpu17wp","image":{"@type":"ImageObject","inLanguage":"es","@id":"https:\/\/experienciadevida.com.ar\/portalurbano\/#\/schema\/person\/image\/","url":"https:\/\/secure.gravatar.com\/avatar\/830d4c57adaae6630765e449a6908047?s=96&d=mm&r=g","contentUrl":"https:\/\/secure.gravatar.com\/avatar\/830d4c57adaae6630765e449a6908047?s=96&d=mm&r=g","caption":"admpu17wp"}}]}},"featured_image_urls":{"full":["https:\/\/experienciadevida.com.ar\/portalurbano\/wp-content\/uploads\/2022\/03\/La-Pista-de-Atletismo.jpg",1024,685,false],"thumbnail":["https:\/\/experienciadevida.com.ar\/portalurbano\/wp-content\/uploads\/2022\/03\/La-Pista-de-Atletismo-150x150.jpg",150,150,true],"medium":["https:\/\/experienciadevida.com.ar\/portalurbano\/wp-content\/uploads\/2022\/03\/La-Pista-de-Atletismo-300x201.jpg",300,201,true],"medium_large":["https:\/\/experienciadevida.com.ar\/portalurbano\/wp-content\/uploads\/2022\/03\/La-Pista-de-Atletismo-768x514.jpg",640,428,true],"large":["https:\/\/experienciadevida.com.ar\/portalurbano\/wp-content\/uploads\/2022\/03\/La-Pista-de-Atletismo.jpg",640,428,false],"ug_big":["https:\/\/experienciadevida.com.ar\/portalurbano\/wp-content\/uploads\/2022\/03\/La-Pista-de-Atletismo-768x514.jpg",768,514,true],"1536x1536":["https:\/\/experienciadevida.com.ar\/portalurbano\/wp-content\/uploads\/2022\/03\/La-Pista-de-Atletismo.jpg",1024,685,false],"2048x2048":["https:\/\/experienciadevida.com.ar\/portalurbano\/wp-content\/uploads\/2022\/03\/La-Pista-de-Atletismo.jpg",1024,685,false],"newsever-slider-full":["https:\/\/experienciadevida.com.ar\/portalurbano\/wp-content\/uploads\/2022\/03\/La-Pista-de-Atletismo.jpg",1024,685,false],"newsever-featured":["https:\/\/experienciadevida.com.ar\/portalurbano\/wp-content\/uploads\/2022\/03\/La-Pista-de-Atletismo.jpg",1024,685,false],"newsever-medium":["https:\/\/experienciadevida.com.ar\/portalurbano\/wp-content\/uploads\/2022\/03\/La-Pista-de-Atletismo.jpg",710,475,false],"web-stories-poster-portrait":["https:\/\/experienciadevida.com.ar\/portalurbano\/wp-content\/uploads\/2022\/03\/La-Pista-de-Atletismo.jpg",640,428,false],"web-stories-publisher-logo":["https:\/\/experienciadevida.com.ar\/portalurbano\/wp-content\/uploads\/2022\/03\/La-Pista-de-Atletismo.jpg",96,64,false],"web-stories-thumbnail":["https:\/\/experienciadevida.com.ar\/portalurbano\/wp-content\/uploads\/2022\/03\/La-Pista-de-Atletismo.jpg",150,100,false]},"author_info":{"display_name":"admpu17wp","author_link":"https:\/\/experienciadevida.com.ar\/portalurbano\/author\/admpu17wp\/"},"category_info":"<a href=\"https:\/\/experienciadevida.com.ar\/portalurbano\/category\/ciudad\/\" rel=\"category tag\">Ciudad<\/a> <a href=\"https:\/\/experienciadevida.com.ar\/portalurbano\/category\/destacadas\/\" rel=\"category tag\">Destacadas<\/a>","tag_info":"Destacadas","comment_count":"0","amp_enabled":true,"_links":{"self":[{"href":"https:\/\/experienciadevida.com.ar\/portalurbano\/wp-json\/wp\/v2\/posts\/162796"}],"collection":[{"href":"https:\/\/experienciadevida.com.ar\/portalurbano\/wp-json\/wp\/v2\/posts"}],"about":[{"href":"https:\/\/experienciadevida.com.ar\/portalurbano\/wp-json\/wp\/v2\/types\/post"}],"author":[{"embeddable":true,"href":"https:\/\/experienciadevida.com.ar\/portalurbano\/wp-json\/wp\/v2\/users\/1"}],"replies":[{"embeddable":true,"href":"https:\/\/experienciadevida.com.ar\/portalurbano\/wp-json\/wp\/v2\/comments?post=162796"}],"version-history":[{"count":2,"href":"https:\/\/experienciadevida.com.ar\/portalurbano\/wp-json\/wp\/v2\/posts\/162796\/revisions"}],"predecessor-version":[{"id":162799,"href":"https:\/\/experienciadevida.com.ar\/portalurbano\/wp-json\/wp\/v2\/posts\/162796\/revisions\/162799"}],"wp:featuredmedia":[{"embeddable":true,"href":"https:\/\/experienciadevida.com.ar\/portalurbano\/wp-json\/wp\/v2\/media\/162797"}],"wp:attachment":[{"href":"https:\/\/experienciadevida.com.ar\/portalurbano\/wp-json\/wp\/v2\/media?parent=162796"}],"wp:term":[{"taxonomy":"category","embeddable":true,"href":"https:\/\/experienciadevida.com.ar\/portalurbano\/wp-json\/wp\/v2\/categories?post=162796"},{"taxonomy":"post_tag","embeddable":true,"href":"https:\/\/experienciadevida.com.ar\/portalurbano\/wp-json\/wp\/v2\/tags?post=162796"}],"curies":[{"name":"wp","href":"https:\/\/api.w.org\/{rel}","templated":true}]}}