{"id":162739,"date":"2022-03-02T10:38:04","date_gmt":"2022-03-02T13:38:04","guid":{"rendered":"https:\/\/experienciadevida.com.ar\/portalurbano\/?p=162739"},"modified":"2022-03-02T14:25:14","modified_gmt":"2022-03-02T17:25:14","slug":"que-las-condiciones-edilicias-para-los-chicos-sean-las-mejores-porque-eso-es-igualar-oportunidades","status":"publish","type":"post","link":"https:\/\/experienciadevida.com.ar\/portalurbano\/que-las-condiciones-edilicias-para-los-chicos-sean-las-mejores-porque-eso-es-igualar-oportunidades\/","title":{"rendered":"\u201cQue las condiciones edilicias para los chicos sean las mejores, porque eso es igualar oportunidades\u201d"},"content":{"rendered":"<p>\u201cQue las condiciones edilicias para los chicos sean las mejores, porque eso es igualar oportunidades\u201d, el intendente Ezequiel <a href=\"https:\/\/www.facebook.com\/galliezequiel\">Galli<\/a>, junto a la directora Yanina Zanetti, inaugur\u00f3 el ciclo lectivo 2022, en la ma\u00f1ana de este lunes, en la Escuela Primaria N\u00ba 50 \u201cIslas Malvinas\u201d, que fue totalmente renovada, con una inversi\u00f3n de 17 millones de pesos.<\/p>\n<p><a href=\"https:\/\/experienciadevida.com.ar\/portalurbano\/que-las-condiciones-edilicias-para-los-chicos-sean-las-mejores-porque-eso-es-igualar-oportunidades\/que-las\/\" rel=\"attachment wp-att-162742\"><img decoding=\"async\" class=\"alignnone size-large wp-image-162742\" src=\"https:\/\/experienciadevida.com.ar\/portalurbano\/wp-content\/uploads\/2022\/03\/Que-las-1024x684.jpg\" alt=\"Que las \" width=\"900\" height=\"601\" srcset=\"https:\/\/experienciadevida.com.ar\/portalurbano\/wp-content\/uploads\/2022\/03\/Que-las-1024x684.jpg 1024w, https:\/\/experienciadevida.com.ar\/portalurbano\/wp-content\/uploads\/2022\/03\/Que-las-300x201.jpg 300w, https:\/\/experienciadevida.com.ar\/portalurbano\/wp-content\/uploads\/2022\/03\/Que-las-768x513.jpg 768w, https:\/\/experienciadevida.com.ar\/portalurbano\/wp-content\/uploads\/2022\/03\/Que-las-1536x1027.jpg 1536w, https:\/\/experienciadevida.com.ar\/portalurbano\/wp-content\/uploads\/2022\/03\/Que-las-2048x1369.jpg 2048w\" sizes=\"(max-width: 900px) 100vw, 900px\" \/><\/a><\/p>\n<p>En la oportunidad, estuvieron presentes la sub directora de Psicolog\u00eda Comunitaria y Pedagog\u00eda Social Claudia Lajud, la jefa regional M\u00f3nica Wagner, la jefa regional de DIEGEP Romina Altafini, el jefe distrital Julio Ben\u00edtez, el presidente del Consejo Escolar Bruno Di Carlo, dem\u00e1s inspectores, y autoridades educativas.<\/p>\n<p>Tambi\u00e9n participaron del acto, la presidenta del Concejo Deliberante Cecilia Krivochen, el secretario de Desarrollo Humano y Calidad de Vida Diego Robbiani, el subsecretario de Cultura y Educaci\u00f3n Bruno Cenizo y funcionarios municipales, junto a referentes de instituciones de la comunidad.<\/p>\n<p>\u201cMientras escuchaba los discursos y las notas enviadas, pensaba en las palabras de Lilian, que dej\u00f3 parte de su vida en la escuela y que quisiera estar hoy ac\u00e1, en esta inauguraci\u00f3n, en este inicio de ciclo\u201d, manifest\u00f3 Ezequiel Galli.<\/p>\n<p><a href=\"https:\/\/experienciadevida.com.ar\/portalurbano\/que-las-condiciones-edilicias-para-los-chicos-sean-las-mejores-porque-eso-es-igualar-oportunidades\/condiciones\/\" rel=\"attachment wp-att-162743\"><img decoding=\"async\" class=\"alignnone size-large wp-image-162743\" src=\"https:\/\/experienciadevida.com.ar\/portalurbano\/wp-content\/uploads\/2022\/03\/condiciones-1024x684.jpg\" alt=\"condiciones \" width=\"900\" height=\"601\" srcset=\"https:\/\/experienciadevida.com.ar\/portalurbano\/wp-content\/uploads\/2022\/03\/condiciones-1024x684.jpg 1024w, https:\/\/experienciadevida.com.ar\/portalurbano\/wp-content\/uploads\/2022\/03\/condiciones-300x201.jpg 300w, https:\/\/experienciadevida.com.ar\/portalurbano\/wp-content\/uploads\/2022\/03\/condiciones-768x513.jpg 768w, https:\/\/experienciadevida.com.ar\/portalurbano\/wp-content\/uploads\/2022\/03\/condiciones-1536x1027.jpg 1536w, https:\/\/experienciadevida.com.ar\/portalurbano\/wp-content\/uploads\/2022\/03\/condiciones-2048x1369.jpg 2048w\" sizes=\"(max-width: 900px) 100vw, 900px\" \/><\/a><\/p>\n<p>\u201cPensaba en la palabra ciclo, que tanto hemos hablado de los fines de ciclo, y para nosotros y el equipo de la Escuela N\u00ba 50 \u201cIslas Malvinas esto fue un ciclo que se inici\u00f3 hace unos tres a\u00f1os, cuando vinimos a la escuela a reunirnos con el equipo docente y auxiliar. Trajimos unos planos enormes, que desplegamos arriba de la mesa y empezamos a pensar y a mostrarles qu\u00e9 es lo quer\u00edamos hacer en la escuela\u201d, cont\u00f3 el Intendente.<\/p>\n<p>\u201cHoy despu\u00e9s de m\u00e1s de tres a\u00f1os y de muchas idas y vueltas, problemas, obst\u00e1culos, estamos ac\u00e1 cortando la cinta en una instituci\u00f3n de Olavarr\u00eda que tiene m\u00e1s de 60 a\u00f1os\u201d, sostuvo.<\/p>\n<p>\u201cEsto nos hace repasar todo lo que venimos haciendo por la educaci\u00f3n, cada uno desde su lugar, a mi me toca como Intendente, en estos m\u00e1s de 6 a\u00f1os de trabajo al frente de la Municipalidad intervenimos m\u00e1s de 70 edificios p\u00fablicos y pudimos hacer jardines nuevos, renovar ba\u00f1os y mejorar la infraestructura de tantos colegios\u201d, destac\u00f3.<\/p>\n<p>\u201cEn este caso, esta escuela ten\u00eda techos de fibrocemento, cuando asumimos en 2015 era un desaf\u00edo pensar en que ninguna escuela del partido de Olavarr\u00eda tenga techo de fibrocemento, que ninguna escuela tenga letrina y que las condiciones para los chicos sean las mejores. Porque eso es igualar oportunidades\u201d consider\u00f3 el Intendente, al tiempo que a\u00f1adi\u00f3: \u201cLa educaci\u00f3n p\u00fablica es el pilar fundamental de nuestro pa\u00eds, porque ellos son el futuro, ellos se merecen lo mejor de cada uno de nosotros, lo mejor de las maestras, que ponen d\u00eda a d\u00eda su empe\u00f1o, nada m\u00e1s y nada menos que para educar\u201d.<\/p>\n<p>Afirm\u00f3 Galli: \u201cAc\u00e1 adentro se educan personas, se forman personas, se complementa lo que pasa en casa. Para mi es un orgullo y un placer enorme poder llevar adelante obras como estas, que los chicos la puedan disfrutar y cuidar\u201d.<\/p>\n<p>\u201cRealmente para todos este 2022 es un a\u00f1o lleno de desaf\u00edos. Venimos dejando atr\u00e1s una pandemia: tuvimos un 2020 con una prueba gigante para el cuerpo docente y para los alumnos que fue la virtualidad. Venimos de un 2021 en el que, en Olavarr\u00eda, tuvimos presencialidad todo el a\u00f1o, gracias a Dios y a todos los que han trabajado para que eso suceda\u201d, resalt\u00f3 Galli.<\/p>\n<p>\u201cEste 2022 nos encuentra llenos de desaf\u00edos: el desaf\u00edo de ustedes ser\u00e1 aprender, el desaf\u00edo nuestro ser\u00e1 seguir trabajando para mejorar la educaci\u00f3n en cada uno de los lugares de nuestra provincia y de nuestra Patria\u201d.<\/p>\n<p>Asimismo, el Intendente especific\u00f3: \u201cUn p\u00e1rrafo aparte para la empresa PECMA que llev\u00f3 adelante la obra: siempre los mencionamos, porque en el ida y vuelta y en esa cantidad de problemas que van apareciendo el intercambio es permanente con la Secretar\u00eda de Obras P\u00fablicas\u201d.<\/p>\n<p>Tambi\u00e9n, Galli agradeci\u00f3 \u201ca Jos\u00e9 Luis Veyrand, porque sin el acompa\u00f1amiento de las instituciones intermedias este tipo de obras no se podr\u00edan hacer, porque los chicos no tendr\u00edan lugar para tener clases, nada m\u00e1s y nada menos\u201d.<\/p>\n<p>\u201cHoy me acordaba de mi primer d\u00eda de clases con la se\u00f1o Susana en la Escuela Normal, hace muchos a\u00f1os ya, y son im\u00e1genes que se repiten. Uno va entrando y ve a uno llorando que no quiere entrar, agarrado a la pierna del padre, abrazado al abuelo, porque est\u00e1 plagado de miedos el primer d\u00eda. Pensaba en todos ellos que est\u00e1n encarando este nuevo desaf\u00edo que es la escuela primaria, y que lo puedan hacer en un edificio con las condiciones que se merecen es gracias al esfuerzo de todos. Gracias y felicidades\u201d, concluy\u00f3.<\/p>\n<p>Anteriormente la directora Yanina Zanetti expres\u00f3 \u201cestamos felices de comenzar este ciclo lectivo en nuestro querido y tan ansiado edificio. Queremos realizar un agradecimiento especial al intendente Galli, que asumi\u00f3 el compromiso de mejorar nuestra escuela, obteniendo tan buenos resultados\u201d.<\/p>\n<p>\u201cFue un gran esfuerzo colectivo pero hoy lleg\u00f3 el gran d\u00eda. La presencialidad vuelve a las aulas con una esperanza renovada\u201d, dijo.<\/p>\n<p>Sobre la obra<\/p>\n<p>En una primera etapa, se realiz\u00f3 el retiro completo del techo de fibrocemento (asbesto), que fue reemplazado por uno totalmente nuevo de chapa acanalada.<\/p>\n<p>Las obras comprendieron adem\u00e1s el sector de ba\u00f1os de la escuela, que se encontraban en desuso, en malas condiciones, por lo cual se llev\u00f3 a cabo la reforma completa en los sanitarios, que involucr\u00f3 instalaciones, ca\u00f1er\u00edas, artefactos, divisiones interiores, terminaciones, grifer\u00edas y suministro de agua.<\/p>\n<p>Adem\u00e1s se realiz\u00f3 un nuevo acceso al patio, con la demolici\u00f3n de la oficina pedag\u00f3gica, que ser\u00e1 reubicada y pasar\u00e1 a formar parte de la ampliaci\u00f3n, al igual que la cocina y el gabinete. En tanto que la superficie donde se encontraba la cocina (junto con la bater\u00eda de ba\u00f1os) fue destinada para construir un ba\u00f1o para personas con movilidad reducida.<\/p>\n<p>Por otra parte, el espacio que ocupaba el gabinete, el kiosco y el dep\u00f3sito, fue cedido al taller de pl\u00e1stica. Adem\u00e1s a este \u00faltimo se le agreg\u00f3 una mesada y dos piletas para poder ser utilizado tambi\u00e9n como laboratorio.<\/p>\n<p>En la ampliaci\u00f3n se incluy\u00f3 adem\u00e1s un ba\u00f1o para docentes, un dep\u00f3sito de cocina, porter\u00eda y kiosco.<\/p>\n<p>En el marco de la obra, se instal\u00f3 un nuevo tablero el\u00e9ctrico, medidor con conexi\u00f3n trif\u00e1sica, tomas, corrientes y artefactos de iluminaci\u00f3n led e iluminaci\u00f3n exterior.<\/p>\n<p>El proyecto de obra general contempl\u00f3 la colocaci\u00f3n de nuevas aberturas (que se ejecuta en la actualidad) y las tareas de pintura, tanto interior como exterior, de todo el establecimiento educativo.<\/p>\n<p>Cabe aclarar que durante la ejecuci\u00f3n de las obras, la Escuela N\u00ba 50 funcion\u00f3 en instalaciones de la Sociedad de Fomento \u201cMariano Moreno\u201d, que se encuentra pr\u00f3xima al establecimiento educativo.<\/p>\n","protected":false},"excerpt":{"rendered":"<p>\u201cQue las condiciones edilicias para los chicos sean las mejores, porque eso es igualar oportunidades\u201d,&#8230;<\/p>\n","protected":false},"author":1,"featured_media":162740,"comment_status":"closed","ping_status":"closed","sticky":false,"template":"","format":"standard","meta":{"content-type":""},"categories":[27,51],"tags":[],"nelio_content":{"isAutoShareEnabled":false,"autoShareEndMode":"default","automationSources":{"useContentSentences":true,"useSocialTemplates":true,"useCustomSentences":false,"customSentences":[]},"followers":[1],"suggestedReferences":[],"includedReferences":[],"efiUrl":"","efiAlt":"","highlights":[]},"yoast_head":"<!-- This site is optimized with the Yoast SEO plugin v20.7 - https:\/\/yoast.com\/wordpress\/plugins\/seo\/ -->\n<title>&quot;Que las condiciones edilicias para los chicos sean las mejoras&quot;<\/title>\n<meta name=\"description\" content=\"\u201cQue las condiciones edilicias para los chicos sean las mejores, porque eso es igualar oportunidades\u201d, el intendente Ezequiel Galli\" \/>\n<meta name=\"robots\" content=\"index, follow, max-snippet:-1, max-image-preview:large, max-video-preview:-1\" \/>\n<link rel=\"canonical\" href=\"https:\/\/experienciadevida.com.ar\/portalurbano\/que-las-condiciones-edilicias-para-los-chicos-sean-las-mejores-porque-eso-es-igualar-oportunidades\/\" \/>\n<meta property=\"og:locale\" content=\"es_ES\" \/>\n<meta property=\"og:type\" content=\"article\" \/>\n<meta property=\"og:title\" content=\"&quot;Que las condiciones edilicias para los chicos sean las mejoras&quot;\" \/>\n<meta property=\"og:description\" content=\"\u201cQue las condiciones edilicias para los chicos sean las mejores, porque eso es igualar oportunidades\u201d, el intendente Ezequiel Galli\" \/>\n<meta property=\"og:url\" content=\"https:\/\/experienciadevida.com.ar\/portalurbano\/que-las-condiciones-edilicias-para-los-chicos-sean-las-mejores-porque-eso-es-igualar-oportunidades\/\" \/>\n<meta property=\"article:publisher\" content=\"https:\/\/www.facebook.com\/Portal-Urbano-171542830093757\/\" \/>\n<meta property=\"article:published_time\" content=\"2022-03-02T13:38:04+00:00\" \/>\n<meta property=\"article:modified_time\" content=\"2022-03-02T17:25:14+00:00\" \/>\n<meta property=\"og:image\" content=\"https:\/\/experienciadevida.com.ar\/portalurbano\/wp-content\/uploads\/2022\/03\/Que-las-condiciones-edilicias.jpg\" \/>\n\t<meta property=\"og:image:width\" content=\"2560\" \/>\n\t<meta property=\"og:image:height\" content=\"1711\" \/>\n\t<meta property=\"og:image:type\" content=\"image\/jpeg\" \/>\n<meta name=\"author\" content=\"admpu17wp\" \/>\n<meta name=\"twitter:card\" content=\"summary_large_image\" \/>\n<meta name=\"twitter:creator\" content=\"@portalurbanook\" \/>\n<meta name=\"twitter:site\" content=\"@portalurbanook\" \/>\n<meta name=\"twitter:label1\" content=\"Escrito por\" \/>\n\t<meta name=\"twitter:data1\" content=\"admpu17wp\" \/>\n\t<meta name=\"twitter:label2\" content=\"Tiempo de lectura\" \/>\n\t<meta name=\"twitter:data2\" content=\"6 minutos\" \/>\n<script type=\"application\/ld+json\" class=\"yoast-schema-graph\">{\"@context\":\"https:\/\/schema.org\",\"@graph\":[{\"@type\":\"Article\",\"@id\":\"https:\/\/experienciadevida.com.ar\/portalurbano\/que-las-condiciones-edilicias-para-los-chicos-sean-las-mejores-porque-eso-es-igualar-oportunidades\/#article\",\"isPartOf\":{\"@id\":\"https:\/\/experienciadevida.com.ar\/portalurbano\/que-las-condiciones-edilicias-para-los-chicos-sean-las-mejores-porque-eso-es-igualar-oportunidades\/\"},\"author\":{\"name\":\"admpu17wp\",\"@id\":\"https:\/\/experienciadevida.com.ar\/portalurbano\/#\/schema\/person\/02dd326b1c4b056e9cc972486934a3a7\"},\"headline\":\"\u201cQue las condiciones edilicias para los chicos sean las mejores, porque eso es igualar oportunidades\u201d\",\"datePublished\":\"2022-03-02T13:38:04+00:00\",\"dateModified\":\"2022-03-02T17:25:14+00:00\",\"mainEntityOfPage\":{\"@id\":\"https:\/\/experienciadevida.com.ar\/portalurbano\/que-las-condiciones-edilicias-para-los-chicos-sean-las-mejores-porque-eso-es-igualar-oportunidades\/\"},\"wordCount\":1200,\"publisher\":{\"@id\":\"https:\/\/experienciadevida.com.ar\/portalurbano\/#organization\"},\"articleSection\":[\"Ciudad\",\"Destacadas\"],\"inLanguage\":\"es\"},{\"@type\":\"WebPage\",\"@id\":\"https:\/\/experienciadevida.com.ar\/portalurbano\/que-las-condiciones-edilicias-para-los-chicos-sean-las-mejores-porque-eso-es-igualar-oportunidades\/\",\"url\":\"https:\/\/experienciadevida.com.ar\/portalurbano\/que-las-condiciones-edilicias-para-los-chicos-sean-las-mejores-porque-eso-es-igualar-oportunidades\/\",\"name\":\"\\\"Que las condiciones edilicias para los chicos sean las mejoras\\\"\",\"isPartOf\":{\"@id\":\"https:\/\/experienciadevida.com.ar\/portalurbano\/#website\"},\"datePublished\":\"2022-03-02T13:38:04+00:00\",\"dateModified\":\"2022-03-02T17:25:14+00:00\",\"description\":\"\u201cQue las condiciones edilicias para los chicos sean las mejores, porque eso es igualar oportunidades\u201d, el intendente Ezequiel Galli\",\"breadcrumb\":{\"@id\":\"https:\/\/experienciadevida.com.ar\/portalurbano\/que-las-condiciones-edilicias-para-los-chicos-sean-las-mejores-porque-eso-es-igualar-oportunidades\/#breadcrumb\"},\"inLanguage\":\"es\",\"potentialAction\":[{\"@type\":\"ReadAction\",\"target\":[\"https:\/\/experienciadevida.com.ar\/portalurbano\/que-las-condiciones-edilicias-para-los-chicos-sean-las-mejores-porque-eso-es-igualar-oportunidades\/\"]}]},{\"@type\":\"BreadcrumbList\",\"@id\":\"https:\/\/experienciadevida.com.ar\/portalurbano\/que-las-condiciones-edilicias-para-los-chicos-sean-las-mejores-porque-eso-es-igualar-oportunidades\/#breadcrumb\",\"itemListElement\":[{\"@type\":\"ListItem\",\"position\":1,\"name\":\"Portada\",\"item\":\"https:\/\/experienciadevida.com.ar\/portalurbano\/\"},{\"@type\":\"ListItem\",\"position\":2,\"name\":\"\u201cQue las condiciones edilicias para los chicos sean las mejores, porque eso es igualar oportunidades\u201d\"}]},{\"@type\":\"WebSite\",\"@id\":\"https:\/\/experienciadevida.com.ar\/portalurbano\/#website\",\"url\":\"https:\/\/experienciadevida.com.ar\/portalurbano\/\",\"name\":\"\",\"description\":\"\",\"publisher\":{\"@id\":\"https:\/\/experienciadevida.com.ar\/portalurbano\/#organization\"},\"potentialAction\":[{\"@type\":\"SearchAction\",\"target\":{\"@type\":\"EntryPoint\",\"urlTemplate\":\"https:\/\/experienciadevida.com.ar\/portalurbano\/?s={search_term_string}\"},\"query-input\":\"required name=search_term_string\"}],\"inLanguage\":\"es\"},{\"@type\":\"Organization\",\"@id\":\"https:\/\/experienciadevida.com.ar\/portalurbano\/#organization\",\"name\":\"Portal Urbano\",\"url\":\"https:\/\/experienciadevida.com.ar\/portalurbano\/\",\"logo\":{\"@type\":\"ImageObject\",\"inLanguage\":\"es\",\"@id\":\"https:\/\/experienciadevida.com.ar\/portalurbano\/#\/schema\/logo\/image\/\",\"url\":\"https:\/\/experienciadevida.com.ar\/portalurbano\/wp-content\/uploads\/2019\/09\/Logo-Original.png\",\"contentUrl\":\"https:\/\/experienciadevida.com.ar\/portalurbano\/wp-content\/uploads\/2019\/09\/Logo-Original.png\",\"width\":2236,\"height\":1216,\"caption\":\"Portal Urbano\"},\"image\":{\"@id\":\"https:\/\/experienciadevida.com.ar\/portalurbano\/#\/schema\/logo\/image\/\"},\"sameAs\":[\"https:\/\/www.facebook.com\/Portal-Urbano-171542830093757\/\",\"https:\/\/twitter.com\/portalurbanook\",\"https:\/\/www.instagram.com\/_portalurbano\/\",\"https:\/\/www.youtube.com\/channel\/UCXhagIfszH8KxFiOok79zbA?view_as=subscriber\"]},{\"@type\":\"Person\",\"@id\":\"https:\/\/experienciadevida.com.ar\/portalurbano\/#\/schema\/person\/02dd326b1c4b056e9cc972486934a3a7\",\"name\":\"admpu17wp\",\"image\":{\"@type\":\"ImageObject\",\"inLanguage\":\"es\",\"@id\":\"https:\/\/experienciadevida.com.ar\/portalurbano\/#\/schema\/person\/image\/\",\"url\":\"https:\/\/secure.gravatar.com\/avatar\/830d4c57adaae6630765e449a6908047?s=96&d=mm&r=g\",\"contentUrl\":\"https:\/\/secure.gravatar.com\/avatar\/830d4c57adaae6630765e449a6908047?s=96&d=mm&r=g\",\"caption\":\"admpu17wp\"}}]}<\/script>\n<!-- \/ Yoast SEO plugin. -->","yoast_head_json":{"title":"\"Que las condiciones edilicias para los chicos sean las mejoras\"","description":"\u201cQue las condiciones edilicias para los chicos sean las mejores, porque eso es igualar oportunidades\u201d, el intendente Ezequiel Galli","robots":{"index":"index","follow":"follow","max-snippet":"max-snippet:-1","max-image-preview":"max-image-preview:large","max-video-preview":"max-video-preview:-1"},"canonical":"https:\/\/experienciadevida.com.ar\/portalurbano\/que-las-condiciones-edilicias-para-los-chicos-sean-las-mejores-porque-eso-es-igualar-oportunidades\/","og_locale":"es_ES","og_type":"article","og_title":"\"Que las condiciones edilicias para los chicos sean las mejoras\"","og_description":"\u201cQue las condiciones edilicias para los chicos sean las mejores, porque eso es igualar oportunidades\u201d, el intendente Ezequiel Galli","og_url":"https:\/\/experienciadevida.com.ar\/portalurbano\/que-las-condiciones-edilicias-para-los-chicos-sean-las-mejores-porque-eso-es-igualar-oportunidades\/","article_publisher":"https:\/\/www.facebook.com\/Portal-Urbano-171542830093757\/","article_published_time":"2022-03-02T13:38:04+00:00","article_modified_time":"2022-03-02T17:25:14+00:00","og_image":[{"width":2560,"height":1711,"url":"https:\/\/experienciadevida.com.ar\/portalurbano\/wp-content\/uploads\/2022\/03\/Que-las-condiciones-edilicias.jpg","type":"image\/jpeg"}],"author":"admpu17wp","twitter_card":"summary_large_image","twitter_creator":"@portalurbanook","twitter_site":"@portalurbanook","twitter_misc":{"Escrito por":"admpu17wp","Tiempo de lectura":"6 minutos"},"schema":{"@context":"https:\/\/schema.org","@graph":[{"@type":"Article","@id":"https:\/\/experienciadevida.com.ar\/portalurbano\/que-las-condiciones-edilicias-para-los-chicos-sean-las-mejores-porque-eso-es-igualar-oportunidades\/#article","isPartOf":{"@id":"https:\/\/experienciadevida.com.ar\/portalurbano\/que-las-condiciones-edilicias-para-los-chicos-sean-las-mejores-porque-eso-es-igualar-oportunidades\/"},"author":{"name":"admpu17wp","@id":"https:\/\/experienciadevida.com.ar\/portalurbano\/#\/schema\/person\/02dd326b1c4b056e9cc972486934a3a7"},"headline":"\u201cQue las condiciones edilicias para los chicos sean las mejores, porque eso es igualar oportunidades\u201d","datePublished":"2022-03-02T13:38:04+00:00","dateModified":"2022-03-02T17:25:14+00:00","mainEntityOfPage":{"@id":"https:\/\/experienciadevida.com.ar\/portalurbano\/que-las-condiciones-edilicias-para-los-chicos-sean-las-mejores-porque-eso-es-igualar-oportunidades\/"},"wordCount":1200,"publisher":{"@id":"https:\/\/experienciadevida.com.ar\/portalurbano\/#organization"},"articleSection":["Ciudad","Destacadas"],"inLanguage":"es"},{"@type":"WebPage","@id":"https:\/\/experienciadevida.com.ar\/portalurbano\/que-las-condiciones-edilicias-para-los-chicos-sean-las-mejores-porque-eso-es-igualar-oportunidades\/","url":"https:\/\/experienciadevida.com.ar\/portalurbano\/que-las-condiciones-edilicias-para-los-chicos-sean-las-mejores-porque-eso-es-igualar-oportunidades\/","name":"\"Que las condiciones edilicias para los chicos sean las mejoras\"","isPartOf":{"@id":"https:\/\/experienciadevida.com.ar\/portalurbano\/#website"},"datePublished":"2022-03-02T13:38:04+00:00","dateModified":"2022-03-02T17:25:14+00:00","description":"\u201cQue las condiciones edilicias para los chicos sean las mejores, porque eso es igualar oportunidades\u201d, el intendente Ezequiel Galli","breadcrumb":{"@id":"https:\/\/experienciadevida.com.ar\/portalurbano\/que-las-condiciones-edilicias-para-los-chicos-sean-las-mejores-porque-eso-es-igualar-oportunidades\/#breadcrumb"},"inLanguage":"es","potentialAction":[{"@type":"ReadAction","target":["https:\/\/experienciadevida.com.ar\/portalurbano\/que-las-condiciones-edilicias-para-los-chicos-sean-las-mejores-porque-eso-es-igualar-oportunidades\/"]}]},{"@type":"BreadcrumbList","@id":"https:\/\/experienciadevida.com.ar\/portalurbano\/que-las-condiciones-edilicias-para-los-chicos-sean-las-mejores-porque-eso-es-igualar-oportunidades\/#breadcrumb","itemListElement":[{"@type":"ListItem","position":1,"name":"Portada","item":"https:\/\/experienciadevida.com.ar\/portalurbano\/"},{"@type":"ListItem","position":2,"name":"\u201cQue las condiciones edilicias para los chicos sean las mejores, porque eso es igualar oportunidades\u201d"}]},{"@type":"WebSite","@id":"https:\/\/experienciadevida.com.ar\/portalurbano\/#website","url":"https:\/\/experienciadevida.com.ar\/portalurbano\/","name":"","description":"","publisher":{"@id":"https:\/\/experienciadevida.com.ar\/portalurbano\/#organization"},"potentialAction":[{"@type":"SearchAction","target":{"@type":"EntryPoint","urlTemplate":"https:\/\/experienciadevida.com.ar\/portalurbano\/?s={search_term_string}"},"query-input":"required name=search_term_string"}],"inLanguage":"es"},{"@type":"Organization","@id":"https:\/\/experienciadevida.com.ar\/portalurbano\/#organization","name":"Portal Urbano","url":"https:\/\/experienciadevida.com.ar\/portalurbano\/","logo":{"@type":"ImageObject","inLanguage":"es","@id":"https:\/\/experienciadevida.com.ar\/portalurbano\/#\/schema\/logo\/image\/","url":"https:\/\/experienciadevida.com.ar\/portalurbano\/wp-content\/uploads\/2019\/09\/Logo-Original.png","contentUrl":"https:\/\/experienciadevida.com.ar\/portalurbano\/wp-content\/uploads\/2019\/09\/Logo-Original.png","width":2236,"height":1216,"caption":"Portal Urbano"},"image":{"@id":"https:\/\/experienciadevida.com.ar\/portalurbano\/#\/schema\/logo\/image\/"},"sameAs":["https:\/\/www.facebook.com\/Portal-Urbano-171542830093757\/","https:\/\/twitter.com\/portalurbanook","https:\/\/www.instagram.com\/_portalurbano\/","https:\/\/www.youtube.com\/channel\/UCXhagIfszH8KxFiOok79zbA?view_as=subscriber"]},{"@type":"Person","@id":"https:\/\/experienciadevida.com.ar\/portalurbano\/#\/schema\/person\/02dd326b1c4b056e9cc972486934a3a7","name":"admpu17wp","image":{"@type":"ImageObject","inLanguage":"es","@id":"https:\/\/experienciadevida.com.ar\/portalurbano\/#\/schema\/person\/image\/","url":"https:\/\/secure.gravatar.com\/avatar\/830d4c57adaae6630765e449a6908047?s=96&d=mm&r=g","contentUrl":"https:\/\/secure.gravatar.com\/avatar\/830d4c57adaae6630765e449a6908047?s=96&d=mm&r=g","caption":"admpu17wp"}}]}},"featured_image_urls":{"full":["https:\/\/experienciadevida.com.ar\/portalurbano\/wp-content\/uploads\/2022\/03\/Que-las-condiciones-edilicias.jpg",2560,1711,false],"thumbnail":["https:\/\/experienciadevida.com.ar\/portalurbano\/wp-content\/uploads\/2022\/03\/Que-las-condiciones-edilicias-150x150.jpg",150,150,true],"medium":["https:\/\/experienciadevida.com.ar\/portalurbano\/wp-content\/uploads\/2022\/03\/Que-las-condiciones-edilicias-300x201.jpg",300,201,true],"medium_large":["https:\/\/experienciadevida.com.ar\/portalurbano\/wp-content\/uploads\/2022\/03\/Que-las-condiciones-edilicias-768x513.jpg",640,428,true],"large":["https:\/\/experienciadevida.com.ar\/portalurbano\/wp-content\/uploads\/2022\/03\/Que-las-condiciones-edilicias-1024x684.jpg",640,428,true],"ug_big":["https:\/\/experienciadevida.com.ar\/portalurbano\/wp-content\/uploads\/2022\/03\/Que-las-condiciones-edilicias-768x513.jpg",768,513,true],"1536x1536":["https:\/\/experienciadevida.com.ar\/portalurbano\/wp-content\/uploads\/2022\/03\/Que-las-condiciones-edilicias-1536x1027.jpg",1536,1027,true],"2048x2048":["https:\/\/experienciadevida.com.ar\/portalurbano\/wp-content\/uploads\/2022\/03\/Que-las-condiciones-edilicias-2048x1369.jpg",2048,1369,true],"newsever-slider-full":["https:\/\/experienciadevida.com.ar\/portalurbano\/wp-content\/uploads\/2022\/03\/Que-las-condiciones-edilicias.jpg",1264,845,false],"newsever-featured":["https:\/\/experienciadevida.com.ar\/portalurbano\/wp-content\/uploads\/2022\/03\/Que-las-condiciones-edilicias.jpg",1024,684,false],"newsever-medium":["https:\/\/experienciadevida.com.ar\/portalurbano\/wp-content\/uploads\/2022\/03\/Que-las-condiciones-edilicias.jpg",711,475,false],"web-stories-poster-portrait":["https:\/\/experienciadevida.com.ar\/portalurbano\/wp-content\/uploads\/2022\/03\/Que-las-condiciones-edilicias.jpg",640,428,false],"web-stories-publisher-logo":["https:\/\/experienciadevida.com.ar\/portalurbano\/wp-content\/uploads\/2022\/03\/Que-las-condiciones-edilicias.jpg",96,64,false],"web-stories-thumbnail":["https:\/\/experienciadevida.com.ar\/portalurbano\/wp-content\/uploads\/2022\/03\/Que-las-condiciones-edilicias.jpg",150,100,false]},"author_info":{"display_name":"admpu17wp","author_link":"https:\/\/experienciadevida.com.ar\/portalurbano\/author\/admpu17wp\/"},"category_info":"<a href=\"https:\/\/experienciadevida.com.ar\/portalurbano\/category\/ciudad\/\" rel=\"category tag\">Ciudad<\/a> <a href=\"https:\/\/experienciadevida.com.ar\/portalurbano\/category\/destacadas\/\" rel=\"category tag\">Destacadas<\/a>","tag_info":"Destacadas","comment_count":"0","amp_enabled":true,"_links":{"self":[{"href":"https:\/\/experienciadevida.com.ar\/portalurbano\/wp-json\/wp\/v2\/posts\/162739"}],"collection":[{"href":"https:\/\/experienciadevida.com.ar\/portalurbano\/wp-json\/wp\/v2\/posts"}],"about":[{"href":"https:\/\/experienciadevida.com.ar\/portalurbano\/wp-json\/wp\/v2\/types\/post"}],"author":[{"embeddable":true,"href":"https:\/\/experienciadevida.com.ar\/portalurbano\/wp-json\/wp\/v2\/users\/1"}],"replies":[{"embeddable":true,"href":"https:\/\/experienciadevida.com.ar\/portalurbano\/wp-json\/wp\/v2\/comments?post=162739"}],"version-history":[{"count":3,"href":"https:\/\/experienciadevida.com.ar\/portalurbano\/wp-json\/wp\/v2\/posts\/162739\/revisions"}],"predecessor-version":[{"id":162745,"href":"https:\/\/experienciadevida.com.ar\/portalurbano\/wp-json\/wp\/v2\/posts\/162739\/revisions\/162745"}],"wp:featuredmedia":[{"embeddable":true,"href":"https:\/\/experienciadevida.com.ar\/portalurbano\/wp-json\/wp\/v2\/media\/162740"}],"wp:attachment":[{"href":"https:\/\/experienciadevida.com.ar\/portalurbano\/wp-json\/wp\/v2\/media?parent=162739"}],"wp:term":[{"taxonomy":"category","embeddable":true,"href":"https:\/\/experienciadevida.com.ar\/portalurbano\/wp-json\/wp\/v2\/categories?post=162739"},{"taxonomy":"post_tag","embeddable":true,"href":"https:\/\/experienciadevida.com.ar\/portalurbano\/wp-json\/wp\/v2\/tags?post=162739"}],"curies":[{"name":"wp","href":"https:\/\/api.w.org\/{rel}","templated":true}]}}