{"id":162565,"date":"2022-02-28T10:50:29","date_gmt":"2022-02-28T13:50:29","guid":{"rendered":"https:\/\/experienciadevida.com.ar\/portalurbano\/?p=162565"},"modified":"2022-02-28T14:10:19","modified_gmt":"2022-02-28T17:10:19","slug":"sol-malacuso-entre-lagrimas-al-hacerse-cargo-de-la-hija-de-su-camarografo-es-mi-familia-ahora-el-vuelve-a-la-guerra","status":"publish","type":"post","link":"https:\/\/experienciadevida.com.ar\/portalurbano\/sol-malacuso-entre-lagrimas-al-hacerse-cargo-de-la-hija-de-su-camarografo-es-mi-familia-ahora-el-vuelve-a-la-guerra\/","title":{"rendered":"Sol Macaluso, entre l\u00e1grimas al hacerse cargo de la hija de su c\u00e1marografo: &#8220;Es mi familia ahora, \u00e9l vuelve a la guerra&#8221;"},"content":{"rendered":"<div class=\"site_font summaryElement__content_opening-1bMe\">\n<p class=\"summaryElement__summary-2uMb\"><strong>La Olavarriense Sol Macaluso se quiebra al confesar que se va a hacer cargo de la hija peque\u00f1a de su operador de c\u00e1mara al serle imposible salir de Ucrania<\/strong><\/p>\n<p><strong>Sol Macaluso se encuentra radicada en Espa\u00f1a desde hace varios a\u00f1os con su familia y ahora se encuentra cubriendo los horrores de la guerra como corresponsal de Telecinco de Espa\u00f1a y de C5N de Argentina.<\/strong><\/p>\n<hr \/>\n<p class=\"summaryElement__summary-2uMb\">&#8220;Es muy duro que se tengan que quedar a defender a su pa\u00eds, dejar a su familia y que vengan y te digan &#8216;por favor, ll\u00e9vate a mi hija y hazte cargo de ella, que no le falte nada&#8230;&#8221;<\/p>\n<p class=\"summaryElement__summary-2uMb\">El hombre vuelve a Kiev a por su mujer y despu\u00e9s defender\u00e1 a su pa\u00eds en el conflicto ruso<\/p>\n<\/div>\n<div>\n<p class=\"color_eta\"><strong>Sol Macaluso se rompe durante el directo de &#8216;El programa de Ana Rosa&#8217; al confesar que se va a hacer cargo de la hija de su compa\u00f1ero.\u00a0<\/strong>Tras cinco d\u00edas desde el inicio de la invasi\u00f3n de Rusia a Ucrania, la periodista pone rumbo hacia la frontera mientras los fallecidos ascienden a m\u00e1s de 200 personas.<\/p>\n<\/div>\n<div class=\"article__first_doblerroba_ART-29xd\">\n<div class=\"ads__ad_container-20bh ads__ad_container_roba-3QcB background_color_zeta\">\n<div id=\"div-gpt-ad-roba-1-3290446085\" class=\"ads__ad_element-2X02 ads__uncollapsed-yLk7 ads__roba_pos1-3uOX\" data-ms-ad-type=\"roba_pos1\" data-google-query-id=\"COewg9_BovYCFdAFuQYdYucPYA\">\n<div>La reportera sale con su equipo en busca de provisiones e informa de la dram\u00e1tica situaci\u00f3n en la que se encuentran: <strong>&#8220;Es especialmente sensible porque nos acercamos a la frontera, lo cual indica que la familia de mi c\u00e1mara y mi gu\u00eda cruzan y ellos se quedan aqu\u00ed&#8221;<\/strong>.<\/div>\n<\/div>\n<\/div>\n<\/div>\n<div>\n<p class=\"color_eta\">Adem\u00e1s, la periodista cont\u00f3 con todo tipo de detalles el horror que vivi\u00f3 junto a sus compa\u00f1eros y familiares durante su intento de<strong>\u00a0escapada de Kiev, marcada por los bombardeos: &#8220;Sentimos muy de cerca el caos generado por los rusos&#8230;&#8221;<\/strong>.<\/p>\n<\/div>\n<div class=\"embeddedBodyItem__video-34Eg\">\n<div class=\"video__video_container-38oA\">\n<div class=\"msplayer__selfsize-1rFs\">\n<div class=\"msplayer__container-3PNC \">\n<div id=\"MDSVOD20220228_0049_3290446085_body_3\" class=\"videoPlayer videoPlayer__container-352b small \">\n<div class=\"ads__container-IqjB\">\n<div class=\"ads__adsContainer-1GaO \"><\/div>\n<\/div>\n<div class=\"prePlayer__container-qpJt\">\n<div class=\"poster__container-1cEv\"><img decoding=\"async\" class=\"poster__img-205H alignnone\" src=\"https:\/\/album.mediaset.es\/eimg\/10000\/2022\/02\/28\/clipping_pGkm8G_e123.jpg?w=1200\" sizes=\"(min-resolution: 3dppx) 33.3vw, (min-resolution: 2dppx) 50vw, (min-width: 960px) 634px, 100vw\" srcset=\"https:\/\/album.mediaset.es\/eimg\/10000\/2022\/02\/28\/clipping_pGkm8G_e123.jpg?w=1200 1200w, https:\/\/album.mediaset.es\/eimg\/10000\/2022\/02\/28\/clipping_pGkm8G_e123.jpg?w=800 800w, https:\/\/album.mediaset.es\/eimg\/10000\/2022\/02\/28\/clipping_pGkm8G_e123.jpg?w=768 768w, https:\/\/album.mediaset.es\/eimg\/10000\/2022\/02\/28\/clipping_pGkm8G_e123.jpg?w=640 640w, https:\/\/album.mediaset.es\/eimg\/10000\/2022\/02\/28\/clipping_pGkm8G_e123.jpg?w=600 600w, https:\/\/album.mediaset.es\/eimg\/10000\/2022\/02\/28\/clipping_pGkm8G_e123.jpg?w=480 480w, https:\/\/album.mediaset.es\/eimg\/10000\/2022\/02\/28\/clipping_pGkm8G_e123.jpg?w=360 360w, https:\/\/album.mediaset.es\/eimg\/10000\/2022\/02\/28\/clipping_pGkm8G_e123.jpg?w=320 320w\" alt=\"\" width=\"845\" height=\"475\" \/><\/div>\n<div class=\"prePlayer__playIcon-2lx6\" data-agth=\"playerPreplayer\"><\/div>\n<\/div>\n<\/div>\n<\/div>\n<\/div>\n<\/div>\n<div class=\"embeddedBodyItem__articleFooter-3K07\"><span class=\"embeddedBodyItem__info-_TOx\">Sol Macaluso narra con todo tipo de detalles el horror vivido en su escapada de Kiev.<\/span><\/div>\n<\/div>\n<div class=\"article__second_doblerroba_ART-mHir\">\n<div class=\"ads__ad_container-20bh ads__ad_container_roba-3QcB background_color_zeta\">\n<div id=\"div-gpt-ad-roba-2-3290446085\" class=\"ads__ad_element-2X02 ads__uncollapsed-yLk7 ads__roba_pos2-3Ea8\" data-ms-ad-type=\"roba_pos2\" data-google-query-id=\"COiwg9_BovYCFdAFuQYdYucPYA\">\n<div id=\"google_ads_iframe_\/20370287687\/telecinco.es\/programas\/anarosa_7__container__\"><\/div>\n<\/div>\n<\/div>\n<\/div>\n<div>\n<p>Al borde de las l\u00e1grimas, Sol declara que &#8220;van minuto a minuto&#8221;, sin un plan preestablecido para salir del pa\u00eds. &#8220;Tenemos gente que est\u00e1 en la frontera y nos va informando de la situaci\u00f3n&#8221;, dice la reportera. Por otro lado, comenta que las familias de sus compa\u00f1eros,<strong>\u00a0&#8220;al no tener acreditaci\u00f3n de prensa deber\u00e1n hacer mucha cola, estamos hablando de hasta 20 o 25 horas de cola&#8221;<\/strong>.<\/p>\n<\/div>\n<div>\n<p class=\"color_eta\">Sin embargo, Sol Macaluso no puede contener la emoci\u00f3n y rompe a llorar desconsolada durante el directo:\u00a0<strong>&#8220;Nuestro c\u00e1mara nos ha pedido muy emotivamente que nos llevemos a su hija, por favor&#8221;<\/strong>. La periodista, sin apenas poder hablar, confiesa: &#8220;Y claro,\u00a0<strong>\u00bfqu\u00e9 le vas a decir?<\/strong>&#8220;.<\/p>\n<\/div>\n<p>La periodista contin\u00faa desconsolada durante la retransmisi\u00f3n y sigue llorando mientras cuenta la historia de su compa\u00f1ero y el especial v\u00ednculo formado con su equipo: <strong>&#8220;Nadie est\u00e1 preparado para eso&#8221;<\/strong>.<\/p>\n<div>\n<p>Con informaci\u00f3n de Telecinco Espa\u00f1a<\/p>\n<\/div>\n","protected":false},"excerpt":{"rendered":"<p>La Olavarriense Sol Macaluso se quiebra al confesar que se va a hacer cargo de&#8230;<\/p>\n","protected":false},"author":1,"featured_media":162573,"comment_status":"closed","ping_status":"closed","sticky":false,"template":"","format":"standard","meta":{"content-type":""},"categories":[27,64],"tags":[],"nelio_content":{"isAutoShareEnabled":false,"autoShareEndMode":"default","automationSources":{"useContentSentences":true,"useSocialTemplates":true,"useCustomSentences":false,"customSentences":[]},"followers":[1],"suggestedReferences":[],"includedReferences":[],"efiUrl":"","efiAlt":"","highlights":[]},"yoast_head":"<!-- This site is optimized with the Yoast SEO plugin v20.7 - https:\/\/yoast.com\/wordpress\/plugins\/seo\/ -->\n<title>Sol Macaluso, entre l\u00e1grimas al hacerse cargo de la hija de su c\u00e1marogr<\/title>\n<meta name=\"description\" content=\"La Olavarriense Sol Macaluso se rompe al confesar que se va a hacer cargo de la hija peque\u00f1a de su operador de c\u00e1mara al serle imposible\" \/>\n<meta name=\"robots\" content=\"index, follow, max-snippet:-1, max-image-preview:large, max-video-preview:-1\" \/>\n<link rel=\"canonical\" href=\"https:\/\/experienciadevida.com.ar\/portalurbano\/sol-malacuso-entre-lagrimas-al-hacerse-cargo-de-la-hija-de-su-camarografo-es-mi-familia-ahora-el-vuelve-a-la-guerra\/\" \/>\n<meta property=\"og:locale\" content=\"es_ES\" \/>\n<meta property=\"og:type\" content=\"article\" \/>\n<meta property=\"og:title\" content=\"Sol Macaluso, entre l\u00e1grimas al hacerse cargo de la hija de su c\u00e1marogr\" \/>\n<meta property=\"og:description\" content=\"La Olavarriense Sol Macaluso se rompe al confesar que se va a hacer cargo de la hija peque\u00f1a de su operador de c\u00e1mara al serle imposible\" \/>\n<meta property=\"og:url\" content=\"https:\/\/experienciadevida.com.ar\/portalurbano\/sol-malacuso-entre-lagrimas-al-hacerse-cargo-de-la-hija-de-su-camarografo-es-mi-familia-ahora-el-vuelve-a-la-guerra\/\" \/>\n<meta property=\"article:publisher\" content=\"https:\/\/www.facebook.com\/Portal-Urbano-171542830093757\/\" \/>\n<meta property=\"article:published_time\" content=\"2022-02-28T13:50:29+00:00\" \/>\n<meta property=\"article:modified_time\" content=\"2022-02-28T17:10:19+00:00\" \/>\n<meta property=\"og:image\" content=\"https:\/\/experienciadevida.com.ar\/portalurbano\/wp-content\/uploads\/2022\/02\/clipping_pGkm8G_e123-e1646056031591.jpg\" \/>\n\t<meta property=\"og:image:width\" content=\"800\" \/>\n\t<meta property=\"og:image:height\" content=\"450\" \/>\n\t<meta property=\"og:image:type\" content=\"image\/jpeg\" \/>\n<meta name=\"author\" content=\"admpu17wp\" \/>\n<meta name=\"twitter:card\" content=\"summary_large_image\" \/>\n<meta name=\"twitter:creator\" content=\"@portalurbanook\" \/>\n<meta name=\"twitter:site\" content=\"@portalurbanook\" \/>\n<meta name=\"twitter:label1\" content=\"Escrito por\" \/>\n\t<meta name=\"twitter:data1\" content=\"admpu17wp\" \/>\n\t<meta name=\"twitter:label2\" content=\"Tiempo de lectura\" \/>\n\t<meta name=\"twitter:data2\" content=\"3 minutos\" \/>\n<script type=\"application\/ld+json\" class=\"yoast-schema-graph\">{\"@context\":\"https:\/\/schema.org\",\"@graph\":[{\"@type\":\"Article\",\"@id\":\"https:\/\/experienciadevida.com.ar\/portalurbano\/sol-malacuso-entre-lagrimas-al-hacerse-cargo-de-la-hija-de-su-camarografo-es-mi-familia-ahora-el-vuelve-a-la-guerra\/#article\",\"isPartOf\":{\"@id\":\"https:\/\/experienciadevida.com.ar\/portalurbano\/sol-malacuso-entre-lagrimas-al-hacerse-cargo-de-la-hija-de-su-camarografo-es-mi-familia-ahora-el-vuelve-a-la-guerra\/\"},\"author\":{\"name\":\"admpu17wp\",\"@id\":\"https:\/\/experienciadevida.com.ar\/portalurbano\/#\/schema\/person\/02dd326b1c4b056e9cc972486934a3a7\"},\"headline\":\"Sol Macaluso, entre l\u00e1grimas al hacerse cargo de la hija de su c\u00e1marografo: &#8220;Es mi familia ahora, \u00e9l vuelve a la guerra&#8221;\",\"datePublished\":\"2022-02-28T13:50:29+00:00\",\"dateModified\":\"2022-02-28T17:10:19+00:00\",\"mainEntityOfPage\":{\"@id\":\"https:\/\/experienciadevida.com.ar\/portalurbano\/sol-malacuso-entre-lagrimas-al-hacerse-cargo-de-la-hija-de-su-camarografo-es-mi-familia-ahora-el-vuelve-a-la-guerra\/\"},\"wordCount\":485,\"publisher\":{\"@id\":\"https:\/\/experienciadevida.com.ar\/portalurbano\/#organization\"},\"articleSection\":[\"Ciudad\",\"Destacadas 2\"],\"inLanguage\":\"es\"},{\"@type\":\"WebPage\",\"@id\":\"https:\/\/experienciadevida.com.ar\/portalurbano\/sol-malacuso-entre-lagrimas-al-hacerse-cargo-de-la-hija-de-su-camarografo-es-mi-familia-ahora-el-vuelve-a-la-guerra\/\",\"url\":\"https:\/\/experienciadevida.com.ar\/portalurbano\/sol-malacuso-entre-lagrimas-al-hacerse-cargo-de-la-hija-de-su-camarografo-es-mi-familia-ahora-el-vuelve-a-la-guerra\/\",\"name\":\"Sol Macaluso, entre l\u00e1grimas al hacerse cargo de la hija de su c\u00e1marogr\",\"isPartOf\":{\"@id\":\"https:\/\/experienciadevida.com.ar\/portalurbano\/#website\"},\"datePublished\":\"2022-02-28T13:50:29+00:00\",\"dateModified\":\"2022-02-28T17:10:19+00:00\",\"description\":\"La Olavarriense Sol Macaluso se rompe al confesar que se va a hacer cargo de la hija peque\u00f1a de su operador de c\u00e1mara al serle imposible\",\"breadcrumb\":{\"@id\":\"https:\/\/experienciadevida.com.ar\/portalurbano\/sol-malacuso-entre-lagrimas-al-hacerse-cargo-de-la-hija-de-su-camarografo-es-mi-familia-ahora-el-vuelve-a-la-guerra\/#breadcrumb\"},\"inLanguage\":\"es\",\"potentialAction\":[{\"@type\":\"ReadAction\",\"target\":[\"https:\/\/experienciadevida.com.ar\/portalurbano\/sol-malacuso-entre-lagrimas-al-hacerse-cargo-de-la-hija-de-su-camarografo-es-mi-familia-ahora-el-vuelve-a-la-guerra\/\"]}]},{\"@type\":\"BreadcrumbList\",\"@id\":\"https:\/\/experienciadevida.com.ar\/portalurbano\/sol-malacuso-entre-lagrimas-al-hacerse-cargo-de-la-hija-de-su-camarografo-es-mi-familia-ahora-el-vuelve-a-la-guerra\/#breadcrumb\",\"itemListElement\":[{\"@type\":\"ListItem\",\"position\":1,\"name\":\"Portada\",\"item\":\"https:\/\/experienciadevida.com.ar\/portalurbano\/\"},{\"@type\":\"ListItem\",\"position\":2,\"name\":\"Sol Macaluso, entre l\u00e1grimas al hacerse cargo de la hija de su c\u00e1marografo: \u00abEs mi familia ahora, \u00e9l vuelve a la guerra\u00bb\"}]},{\"@type\":\"WebSite\",\"@id\":\"https:\/\/experienciadevida.com.ar\/portalurbano\/#website\",\"url\":\"https:\/\/experienciadevida.com.ar\/portalurbano\/\",\"name\":\"\",\"description\":\"\",\"publisher\":{\"@id\":\"https:\/\/experienciadevida.com.ar\/portalurbano\/#organization\"},\"potentialAction\":[{\"@type\":\"SearchAction\",\"target\":{\"@type\":\"EntryPoint\",\"urlTemplate\":\"https:\/\/experienciadevida.com.ar\/portalurbano\/?s={search_term_string}\"},\"query-input\":\"required name=search_term_string\"}],\"inLanguage\":\"es\"},{\"@type\":\"Organization\",\"@id\":\"https:\/\/experienciadevida.com.ar\/portalurbano\/#organization\",\"name\":\"Portal Urbano\",\"url\":\"https:\/\/experienciadevida.com.ar\/portalurbano\/\",\"logo\":{\"@type\":\"ImageObject\",\"inLanguage\":\"es\",\"@id\":\"https:\/\/experienciadevida.com.ar\/portalurbano\/#\/schema\/logo\/image\/\",\"url\":\"https:\/\/experienciadevida.com.ar\/portalurbano\/wp-content\/uploads\/2019\/09\/Logo-Original.png\",\"contentUrl\":\"https:\/\/experienciadevida.com.ar\/portalurbano\/wp-content\/uploads\/2019\/09\/Logo-Original.png\",\"width\":2236,\"height\":1216,\"caption\":\"Portal Urbano\"},\"image\":{\"@id\":\"https:\/\/experienciadevida.com.ar\/portalurbano\/#\/schema\/logo\/image\/\"},\"sameAs\":[\"https:\/\/www.facebook.com\/Portal-Urbano-171542830093757\/\",\"https:\/\/twitter.com\/portalurbanook\",\"https:\/\/www.instagram.com\/_portalurbano\/\",\"https:\/\/www.youtube.com\/channel\/UCXhagIfszH8KxFiOok79zbA?view_as=subscriber\"]},{\"@type\":\"Person\",\"@id\":\"https:\/\/experienciadevida.com.ar\/portalurbano\/#\/schema\/person\/02dd326b1c4b056e9cc972486934a3a7\",\"name\":\"admpu17wp\",\"image\":{\"@type\":\"ImageObject\",\"inLanguage\":\"es\",\"@id\":\"https:\/\/experienciadevida.com.ar\/portalurbano\/#\/schema\/person\/image\/\",\"url\":\"https:\/\/secure.gravatar.com\/avatar\/830d4c57adaae6630765e449a6908047?s=96&d=mm&r=g\",\"contentUrl\":\"https:\/\/secure.gravatar.com\/avatar\/830d4c57adaae6630765e449a6908047?s=96&d=mm&r=g\",\"caption\":\"admpu17wp\"}}]}<\/script>\n<!-- \/ Yoast SEO plugin. -->","yoast_head_json":{"title":"Sol Macaluso, entre l\u00e1grimas al hacerse cargo de la hija de su c\u00e1marogr","description":"La Olavarriense Sol Macaluso se rompe al confesar que se va a hacer cargo de la hija peque\u00f1a de su operador de c\u00e1mara al serle imposible","robots":{"index":"index","follow":"follow","max-snippet":"max-snippet:-1","max-image-preview":"max-image-preview:large","max-video-preview":"max-video-preview:-1"},"canonical":"https:\/\/experienciadevida.com.ar\/portalurbano\/sol-malacuso-entre-lagrimas-al-hacerse-cargo-de-la-hija-de-su-camarografo-es-mi-familia-ahora-el-vuelve-a-la-guerra\/","og_locale":"es_ES","og_type":"article","og_title":"Sol Macaluso, entre l\u00e1grimas al hacerse cargo de la hija de su c\u00e1marogr","og_description":"La Olavarriense Sol Macaluso se rompe al confesar que se va a hacer cargo de la hija peque\u00f1a de su operador de c\u00e1mara al serle imposible","og_url":"https:\/\/experienciadevida.com.ar\/portalurbano\/sol-malacuso-entre-lagrimas-al-hacerse-cargo-de-la-hija-de-su-camarografo-es-mi-familia-ahora-el-vuelve-a-la-guerra\/","article_publisher":"https:\/\/www.facebook.com\/Portal-Urbano-171542830093757\/","article_published_time":"2022-02-28T13:50:29+00:00","article_modified_time":"2022-02-28T17:10:19+00:00","og_image":[{"width":800,"height":450,"url":"https:\/\/experienciadevida.com.ar\/portalurbano\/wp-content\/uploads\/2022\/02\/clipping_pGkm8G_e123-e1646056031591.jpg","type":"image\/jpeg"}],"author":"admpu17wp","twitter_card":"summary_large_image","twitter_creator":"@portalurbanook","twitter_site":"@portalurbanook","twitter_misc":{"Escrito por":"admpu17wp","Tiempo de lectura":"3 minutos"},"schema":{"@context":"https:\/\/schema.org","@graph":[{"@type":"Article","@id":"https:\/\/experienciadevida.com.ar\/portalurbano\/sol-malacuso-entre-lagrimas-al-hacerse-cargo-de-la-hija-de-su-camarografo-es-mi-familia-ahora-el-vuelve-a-la-guerra\/#article","isPartOf":{"@id":"https:\/\/experienciadevida.com.ar\/portalurbano\/sol-malacuso-entre-lagrimas-al-hacerse-cargo-de-la-hija-de-su-camarografo-es-mi-familia-ahora-el-vuelve-a-la-guerra\/"},"author":{"name":"admpu17wp","@id":"https:\/\/experienciadevida.com.ar\/portalurbano\/#\/schema\/person\/02dd326b1c4b056e9cc972486934a3a7"},"headline":"Sol Macaluso, entre l\u00e1grimas al hacerse cargo de la hija de su c\u00e1marografo: &#8220;Es mi familia ahora, \u00e9l vuelve a la guerra&#8221;","datePublished":"2022-02-28T13:50:29+00:00","dateModified":"2022-02-28T17:10:19+00:00","mainEntityOfPage":{"@id":"https:\/\/experienciadevida.com.ar\/portalurbano\/sol-malacuso-entre-lagrimas-al-hacerse-cargo-de-la-hija-de-su-camarografo-es-mi-familia-ahora-el-vuelve-a-la-guerra\/"},"wordCount":485,"publisher":{"@id":"https:\/\/experienciadevida.com.ar\/portalurbano\/#organization"},"articleSection":["Ciudad","Destacadas 2"],"inLanguage":"es"},{"@type":"WebPage","@id":"https:\/\/experienciadevida.com.ar\/portalurbano\/sol-malacuso-entre-lagrimas-al-hacerse-cargo-de-la-hija-de-su-camarografo-es-mi-familia-ahora-el-vuelve-a-la-guerra\/","url":"https:\/\/experienciadevida.com.ar\/portalurbano\/sol-malacuso-entre-lagrimas-al-hacerse-cargo-de-la-hija-de-su-camarografo-es-mi-familia-ahora-el-vuelve-a-la-guerra\/","name":"Sol Macaluso, entre l\u00e1grimas al hacerse cargo de la hija de su c\u00e1marogr","isPartOf":{"@id":"https:\/\/experienciadevida.com.ar\/portalurbano\/#website"},"datePublished":"2022-02-28T13:50:29+00:00","dateModified":"2022-02-28T17:10:19+00:00","description":"La Olavarriense Sol Macaluso se rompe al confesar que se va a hacer cargo de la hija peque\u00f1a de su operador de c\u00e1mara al serle imposible","breadcrumb":{"@id":"https:\/\/experienciadevida.com.ar\/portalurbano\/sol-malacuso-entre-lagrimas-al-hacerse-cargo-de-la-hija-de-su-camarografo-es-mi-familia-ahora-el-vuelve-a-la-guerra\/#breadcrumb"},"inLanguage":"es","potentialAction":[{"@type":"ReadAction","target":["https:\/\/experienciadevida.com.ar\/portalurbano\/sol-malacuso-entre-lagrimas-al-hacerse-cargo-de-la-hija-de-su-camarografo-es-mi-familia-ahora-el-vuelve-a-la-guerra\/"]}]},{"@type":"BreadcrumbList","@id":"https:\/\/experienciadevida.com.ar\/portalurbano\/sol-malacuso-entre-lagrimas-al-hacerse-cargo-de-la-hija-de-su-camarografo-es-mi-familia-ahora-el-vuelve-a-la-guerra\/#breadcrumb","itemListElement":[{"@type":"ListItem","position":1,"name":"Portada","item":"https:\/\/experienciadevida.com.ar\/portalurbano\/"},{"@type":"ListItem","position":2,"name":"Sol Macaluso, entre l\u00e1grimas al hacerse cargo de la hija de su c\u00e1marografo: \u00abEs mi familia ahora, \u00e9l vuelve a la guerra\u00bb"}]},{"@type":"WebSite","@id":"https:\/\/experienciadevida.com.ar\/portalurbano\/#website","url":"https:\/\/experienciadevida.com.ar\/portalurbano\/","name":"","description":"","publisher":{"@id":"https:\/\/experienciadevida.com.ar\/portalurbano\/#organization"},"potentialAction":[{"@type":"SearchAction","target":{"@type":"EntryPoint","urlTemplate":"https:\/\/experienciadevida.com.ar\/portalurbano\/?s={search_term_string}"},"query-input":"required name=search_term_string"}],"inLanguage":"es"},{"@type":"Organization","@id":"https:\/\/experienciadevida.com.ar\/portalurbano\/#organization","name":"Portal Urbano","url":"https:\/\/experienciadevida.com.ar\/portalurbano\/","logo":{"@type":"ImageObject","inLanguage":"es","@id":"https:\/\/experienciadevida.com.ar\/portalurbano\/#\/schema\/logo\/image\/","url":"https:\/\/experienciadevida.com.ar\/portalurbano\/wp-content\/uploads\/2019\/09\/Logo-Original.png","contentUrl":"https:\/\/experienciadevida.com.ar\/portalurbano\/wp-content\/uploads\/2019\/09\/Logo-Original.png","width":2236,"height":1216,"caption":"Portal Urbano"},"image":{"@id":"https:\/\/experienciadevida.com.ar\/portalurbano\/#\/schema\/logo\/image\/"},"sameAs":["https:\/\/www.facebook.com\/Portal-Urbano-171542830093757\/","https:\/\/twitter.com\/portalurbanook","https:\/\/www.instagram.com\/_portalurbano\/","https:\/\/www.youtube.com\/channel\/UCXhagIfszH8KxFiOok79zbA?view_as=subscriber"]},{"@type":"Person","@id":"https:\/\/experienciadevida.com.ar\/portalurbano\/#\/schema\/person\/02dd326b1c4b056e9cc972486934a3a7","name":"admpu17wp","image":{"@type":"ImageObject","inLanguage":"es","@id":"https:\/\/experienciadevida.com.ar\/portalurbano\/#\/schema\/person\/image\/","url":"https:\/\/secure.gravatar.com\/avatar\/830d4c57adaae6630765e449a6908047?s=96&d=mm&r=g","contentUrl":"https:\/\/secure.gravatar.com\/avatar\/830d4c57adaae6630765e449a6908047?s=96&d=mm&r=g","caption":"admpu17wp"}}]}},"featured_image_urls":{"full":["https:\/\/experienciadevida.com.ar\/portalurbano\/wp-content\/uploads\/2022\/02\/clipping_pGkm8G_e123-e1646056031591.jpg",800,450,false],"thumbnail":["https:\/\/experienciadevida.com.ar\/portalurbano\/wp-content\/uploads\/2022\/02\/clipping_pGkm8G_e123-150x150.jpg",150,150,true],"medium":["https:\/\/experienciadevida.com.ar\/portalurbano\/wp-content\/uploads\/2022\/02\/clipping_pGkm8G_e123-300x169.jpg",300,169,true],"medium_large":["https:\/\/experienciadevida.com.ar\/portalurbano\/wp-content\/uploads\/2022\/02\/clipping_pGkm8G_e123-768x432.jpg",640,360,true],"large":["https:\/\/experienciadevida.com.ar\/portalurbano\/wp-content\/uploads\/2022\/02\/clipping_pGkm8G_e123-1024x576.jpg",640,360,true],"ug_big":["https:\/\/experienciadevida.com.ar\/portalurbano\/wp-content\/uploads\/2022\/02\/clipping_pGkm8G_e123-768x432.jpg",768,432,true],"1536x1536":["https:\/\/experienciadevida.com.ar\/portalurbano\/wp-content\/uploads\/2022\/02\/clipping_pGkm8G_e123-e1646056031591.jpg",800,450,false],"2048x2048":["https:\/\/experienciadevida.com.ar\/portalurbano\/wp-content\/uploads\/2022\/02\/clipping_pGkm8G_e123-e1646056031591.jpg",800,450,false],"newsever-slider-full":["https:\/\/experienciadevida.com.ar\/portalurbano\/wp-content\/uploads\/2022\/02\/clipping_pGkm8G_e123-e1646056031591.jpg",800,450,false],"newsever-featured":["https:\/\/experienciadevida.com.ar\/portalurbano\/wp-content\/uploads\/2022\/02\/clipping_pGkm8G_e123-e1646056031591.jpg",800,450,false],"newsever-medium":["https:\/\/experienciadevida.com.ar\/portalurbano\/wp-content\/uploads\/2022\/02\/clipping_pGkm8G_e123-e1646056031591.jpg",720,405,false],"web-stories-poster-portrait":["https:\/\/experienciadevida.com.ar\/portalurbano\/wp-content\/uploads\/2022\/02\/clipping_pGkm8G_e123-e1646056031591.jpg",640,360,false],"web-stories-publisher-logo":["https:\/\/experienciadevida.com.ar\/portalurbano\/wp-content\/uploads\/2022\/02\/clipping_pGkm8G_e123-e1646056031591.jpg",96,54,false],"web-stories-thumbnail":["https:\/\/experienciadevida.com.ar\/portalurbano\/wp-content\/uploads\/2022\/02\/clipping_pGkm8G_e123-e1646056031591.jpg",150,84,false]},"author_info":{"display_name":"admpu17wp","author_link":"https:\/\/experienciadevida.com.ar\/portalurbano\/author\/admpu17wp\/"},"category_info":"<a href=\"https:\/\/experienciadevida.com.ar\/portalurbano\/category\/ciudad\/\" rel=\"category tag\">Ciudad<\/a> <a href=\"https:\/\/experienciadevida.com.ar\/portalurbano\/category\/destacadas-2\/\" rel=\"category tag\">Destacadas 2<\/a>","tag_info":"Destacadas 2","comment_count":"0","amp_enabled":true,"_links":{"self":[{"href":"https:\/\/experienciadevida.com.ar\/portalurbano\/wp-json\/wp\/v2\/posts\/162565"}],"collection":[{"href":"https:\/\/experienciadevida.com.ar\/portalurbano\/wp-json\/wp\/v2\/posts"}],"about":[{"href":"https:\/\/experienciadevida.com.ar\/portalurbano\/wp-json\/wp\/v2\/types\/post"}],"author":[{"embeddable":true,"href":"https:\/\/experienciadevida.com.ar\/portalurbano\/wp-json\/wp\/v2\/users\/1"}],"replies":[{"embeddable":true,"href":"https:\/\/experienciadevida.com.ar\/portalurbano\/wp-json\/wp\/v2\/comments?post=162565"}],"version-history":[{"count":12,"href":"https:\/\/experienciadevida.com.ar\/portalurbano\/wp-json\/wp\/v2\/posts\/162565\/revisions"}],"predecessor-version":[{"id":162619,"href":"https:\/\/experienciadevida.com.ar\/portalurbano\/wp-json\/wp\/v2\/posts\/162565\/revisions\/162619"}],"wp:featuredmedia":[{"embeddable":true,"href":"https:\/\/experienciadevida.com.ar\/portalurbano\/wp-json\/wp\/v2\/media\/162573"}],"wp:attachment":[{"href":"https:\/\/experienciadevida.com.ar\/portalurbano\/wp-json\/wp\/v2\/media?parent=162565"}],"wp:term":[{"taxonomy":"category","embeddable":true,"href":"https:\/\/experienciadevida.com.ar\/portalurbano\/wp-json\/wp\/v2\/categories?post=162565"},{"taxonomy":"post_tag","embeddable":true,"href":"https:\/\/experienciadevida.com.ar\/portalurbano\/wp-json\/wp\/v2\/tags?post=162565"}],"curies":[{"name":"wp","href":"https:\/\/api.w.org\/{rel}","templated":true}]}}