{"id":162527,"date":"2022-02-26T20:02:13","date_gmt":"2022-02-26T23:02:13","guid":{"rendered":"https:\/\/experienciadevida.com.ar\/portalurbano\/?p=162527"},"modified":"2022-02-26T20:02:44","modified_gmt":"2022-02-26T23:02:44","slug":"el-presidente-de-coopelectric-recibio-a-concejales-y-a-liliana-scwindt","status":"publish","type":"post","link":"https:\/\/experienciadevida.com.ar\/portalurbano\/el-presidente-de-coopelectric-recibio-a-concejales-y-a-liliana-scwindt\/","title":{"rendered":"El Presidente de Coopelectric recibi\u00f3 a concejales y a Liliana Scwindt"},"content":{"rendered":"<p>El Presidente de Coopelectric recibi\u00f3 a concejales y a Liliana Scwindt, el presidente del Consejo de Administraci\u00f3n de Coopelectric Cruz Arouxet, el secretario Alberto Miotti y el gerente de Coordinaci\u00f3n Ejecutiva Oscar L\u00f3pez, recibieron en las instalaciones de la Cooperativa a la subsecretaria de Acciones para la Defensa de las y los Consumidores de la Naci\u00f3n Liliana Schwindt y a las concejales del bloque Frente de Todos Telma Cazot y Natalia \u00c1lvarez.<\/p>\n<p>Durante el encuentro se plante\u00f3 la compleja situaci\u00f3n econ\u00f3mica que atraviesan Coopelectric y la totalidad de las distribuidoras bonaerenses debido a la extensi\u00f3n del congelamiento tarifario que se sostiene desde hace varios a\u00f1os. &#8220;Desde el a\u00f1o 2019 a esta parte el Valor Agregado de Distribuci\u00f3n aument\u00f3 s\u00f3lo un 15 % en el marco de un contexto inflacionario que nos afecta de forma directa&#8221; se\u00f1alaron.<\/p>\n<p>Tambi\u00e9n se brind\u00f3 informaci\u00f3n sobre c\u00f3mo se efect\u00faa la recaudaci\u00f3n, explicando que, en\u00a0 promedio, el 33% de lo recaudado por las facturas corresponde a Coopelectric a trav\u00e9s del Valor Agregado de Distribuci\u00f3n y se destina a afrontar los\u00a0 costos salariales, mantenimiento, compra de materiales e insumos y planes de inversi\u00f3n, entre otros. Otro 33% corresponde a la energ\u00eda mayorista y el restante 33 % son impuestos directos.<\/p>\n<p>En tal sentido, se abord\u00f3 la aplicaci\u00f3n de la Cuota Capital en el Servicio El\u00e9ctrico, &#8220;decision de Coopelectric que responde pura y exclusivamente a la necesidad de sostener la calidad de servicio que reciben los asociados&#8221; indicaron.<\/p>\n<p>Al mismo tiempo se aclar\u00f3 que al igual que en otras oportunidades, el concepto resultar\u00e1 eliminado de las facturas cuando las tarifas reconozcan los costos de prestaci\u00f3n.<\/p>\n<p>Otros temas destacados durante la reuni\u00f3n fueron la aplicaci\u00f3n de subsidios a la generaci\u00f3n de la energ\u00eda, el mercado el\u00e9ctrico rural, el consumo promedio de energ\u00eda en la ciudad y la Tarifa Social.<\/p>\n<p>Por \u00faltimo se hizo referencia al funcionamiento del Servicio Sanitario durante el per\u00edodo estival y a las obras realizadas con el Fondo para Obras de Infraestructura que se recauda a trav\u00e9s de la factura del servicio. &#8220;Ello nos permiti\u00f3 prestar un buen servicio durante el verano en la planta urbana de Olavarria y tambi\u00e9n poner en funcionamiento la Estacion de Bombeo en Sierras Bayas para garantizar la prestaci\u00f3n durante los d\u00edas de mayor consumo&#8221; informaron.<\/p>\n<p>Sobre el encuentro realizado, el titular de Coopelectric Cruz Arouxet manifest\u00f3 &#8220;destacamos la visita a nuestra sede, las puertas de la Cooperativa siempre est\u00e1n abiertas para intercambiar opiniones y brindar informaci\u00f3n sobre los servicios prestados&#8221;.<\/p>\n","protected":false},"excerpt":{"rendered":"<p>El Presidente de Coopelectric recibi\u00f3 a concejales y a Liliana Scwindt, el presidente del Consejo&#8230;<\/p>\n","protected":false},"author":1,"featured_media":162528,"comment_status":"closed","ping_status":"closed","sticky":false,"template":"","format":"standard","meta":{"content-type":""},"categories":[27,64],"tags":[],"nelio_content":{"isAutoShareEnabled":false,"autoShareEndMode":"default","automationSources":{"useContentSentences":true,"useSocialTemplates":true,"useCustomSentences":false,"customSentences":[]},"followers":[1],"suggestedReferences":[],"includedReferences":[],"efiUrl":"","efiAlt":"","highlights":[]},"yoast_head":"<!-- This site is optimized with the Yoast SEO plugin v20.7 - https:\/\/yoast.com\/wordpress\/plugins\/seo\/ -->\n<title>El Presidente de Coopelectric recibi\u00f3 a concejales y a Liliana Scwindt -<\/title>\n<meta name=\"robots\" content=\"index, follow, max-snippet:-1, max-image-preview:large, max-video-preview:-1\" \/>\n<link rel=\"canonical\" href=\"https:\/\/experienciadevida.com.ar\/portalurbano\/el-presidente-de-coopelectric-recibio-a-concejales-y-a-liliana-scwindt\/\" \/>\n<meta property=\"og:locale\" content=\"es_ES\" \/>\n<meta property=\"og:type\" content=\"article\" \/>\n<meta property=\"og:title\" content=\"El Presidente de Coopelectric recibi\u00f3 a concejales y a Liliana Scwindt -\" \/>\n<meta property=\"og:description\" content=\"El Presidente de Coopelectric recibi\u00f3 a concejales y a Liliana Scwindt, el presidente del Consejo...\" \/>\n<meta property=\"og:url\" content=\"https:\/\/experienciadevida.com.ar\/portalurbano\/el-presidente-de-coopelectric-recibio-a-concejales-y-a-liliana-scwindt\/\" \/>\n<meta property=\"article:publisher\" content=\"https:\/\/www.facebook.com\/Portal-Urbano-171542830093757\/\" \/>\n<meta property=\"article:published_time\" content=\"2022-02-26T23:02:13+00:00\" \/>\n<meta property=\"article:modified_time\" content=\"2022-02-26T23:02:44+00:00\" \/>\n<meta property=\"og:image\" content=\"https:\/\/experienciadevida.com.ar\/portalurbano\/wp-content\/uploads\/2022\/02\/Reunion.jpg\" \/>\n\t<meta property=\"og:image:width\" content=\"1024\" \/>\n\t<meta property=\"og:image:height\" content=\"768\" \/>\n\t<meta property=\"og:image:type\" content=\"image\/jpeg\" \/>\n<meta name=\"author\" content=\"admpu17wp\" \/>\n<meta name=\"twitter:card\" content=\"summary_large_image\" \/>\n<meta name=\"twitter:creator\" content=\"@portalurbanook\" \/>\n<meta name=\"twitter:site\" content=\"@portalurbanook\" \/>\n<meta name=\"twitter:label1\" content=\"Escrito por\" \/>\n\t<meta name=\"twitter:data1\" content=\"admpu17wp\" \/>\n\t<meta name=\"twitter:label2\" content=\"Tiempo de lectura\" \/>\n\t<meta name=\"twitter:data2\" content=\"2 minutos\" \/>\n<script type=\"application\/ld+json\" class=\"yoast-schema-graph\">{\"@context\":\"https:\/\/schema.org\",\"@graph\":[{\"@type\":\"Article\",\"@id\":\"https:\/\/experienciadevida.com.ar\/portalurbano\/el-presidente-de-coopelectric-recibio-a-concejales-y-a-liliana-scwindt\/#article\",\"isPartOf\":{\"@id\":\"https:\/\/experienciadevida.com.ar\/portalurbano\/el-presidente-de-coopelectric-recibio-a-concejales-y-a-liliana-scwindt\/\"},\"author\":{\"name\":\"admpu17wp\",\"@id\":\"https:\/\/experienciadevida.com.ar\/portalurbano\/#\/schema\/person\/02dd326b1c4b056e9cc972486934a3a7\"},\"headline\":\"El Presidente de Coopelectric recibi\u00f3 a concejales y a Liliana Scwindt\",\"datePublished\":\"2022-02-26T23:02:13+00:00\",\"dateModified\":\"2022-02-26T23:02:44+00:00\",\"mainEntityOfPage\":{\"@id\":\"https:\/\/experienciadevida.com.ar\/portalurbano\/el-presidente-de-coopelectric-recibio-a-concejales-y-a-liliana-scwindt\/\"},\"wordCount\":451,\"publisher\":{\"@id\":\"https:\/\/experienciadevida.com.ar\/portalurbano\/#organization\"},\"articleSection\":[\"Ciudad\",\"Destacadas 2\"],\"inLanguage\":\"es\"},{\"@type\":\"WebPage\",\"@id\":\"https:\/\/experienciadevida.com.ar\/portalurbano\/el-presidente-de-coopelectric-recibio-a-concejales-y-a-liliana-scwindt\/\",\"url\":\"https:\/\/experienciadevida.com.ar\/portalurbano\/el-presidente-de-coopelectric-recibio-a-concejales-y-a-liliana-scwindt\/\",\"name\":\"El Presidente de Coopelectric recibi\u00f3 a concejales y a Liliana Scwindt -\",\"isPartOf\":{\"@id\":\"https:\/\/experienciadevida.com.ar\/portalurbano\/#website\"},\"datePublished\":\"2022-02-26T23:02:13+00:00\",\"dateModified\":\"2022-02-26T23:02:44+00:00\",\"breadcrumb\":{\"@id\":\"https:\/\/experienciadevida.com.ar\/portalurbano\/el-presidente-de-coopelectric-recibio-a-concejales-y-a-liliana-scwindt\/#breadcrumb\"},\"inLanguage\":\"es\",\"potentialAction\":[{\"@type\":\"ReadAction\",\"target\":[\"https:\/\/experienciadevida.com.ar\/portalurbano\/el-presidente-de-coopelectric-recibio-a-concejales-y-a-liliana-scwindt\/\"]}]},{\"@type\":\"BreadcrumbList\",\"@id\":\"https:\/\/experienciadevida.com.ar\/portalurbano\/el-presidente-de-coopelectric-recibio-a-concejales-y-a-liliana-scwindt\/#breadcrumb\",\"itemListElement\":[{\"@type\":\"ListItem\",\"position\":1,\"name\":\"Portada\",\"item\":\"https:\/\/experienciadevida.com.ar\/portalurbano\/\"},{\"@type\":\"ListItem\",\"position\":2,\"name\":\"El Presidente de Coopelectric recibi\u00f3 a concejales y a Liliana Scwindt\"}]},{\"@type\":\"WebSite\",\"@id\":\"https:\/\/experienciadevida.com.ar\/portalurbano\/#website\",\"url\":\"https:\/\/experienciadevida.com.ar\/portalurbano\/\",\"name\":\"\",\"description\":\"\",\"publisher\":{\"@id\":\"https:\/\/experienciadevida.com.ar\/portalurbano\/#organization\"},\"potentialAction\":[{\"@type\":\"SearchAction\",\"target\":{\"@type\":\"EntryPoint\",\"urlTemplate\":\"https:\/\/experienciadevida.com.ar\/portalurbano\/?s={search_term_string}\"},\"query-input\":\"required name=search_term_string\"}],\"inLanguage\":\"es\"},{\"@type\":\"Organization\",\"@id\":\"https:\/\/experienciadevida.com.ar\/portalurbano\/#organization\",\"name\":\"Portal Urbano\",\"url\":\"https:\/\/experienciadevida.com.ar\/portalurbano\/\",\"logo\":{\"@type\":\"ImageObject\",\"inLanguage\":\"es\",\"@id\":\"https:\/\/experienciadevida.com.ar\/portalurbano\/#\/schema\/logo\/image\/\",\"url\":\"https:\/\/experienciadevida.com.ar\/portalurbano\/wp-content\/uploads\/2019\/09\/Logo-Original.png\",\"contentUrl\":\"https:\/\/experienciadevida.com.ar\/portalurbano\/wp-content\/uploads\/2019\/09\/Logo-Original.png\",\"width\":2236,\"height\":1216,\"caption\":\"Portal Urbano\"},\"image\":{\"@id\":\"https:\/\/experienciadevida.com.ar\/portalurbano\/#\/schema\/logo\/image\/\"},\"sameAs\":[\"https:\/\/www.facebook.com\/Portal-Urbano-171542830093757\/\",\"https:\/\/twitter.com\/portalurbanook\",\"https:\/\/www.instagram.com\/_portalurbano\/\",\"https:\/\/www.youtube.com\/channel\/UCXhagIfszH8KxFiOok79zbA?view_as=subscriber\"]},{\"@type\":\"Person\",\"@id\":\"https:\/\/experienciadevida.com.ar\/portalurbano\/#\/schema\/person\/02dd326b1c4b056e9cc972486934a3a7\",\"name\":\"admpu17wp\",\"image\":{\"@type\":\"ImageObject\",\"inLanguage\":\"es\",\"@id\":\"https:\/\/experienciadevida.com.ar\/portalurbano\/#\/schema\/person\/image\/\",\"url\":\"https:\/\/secure.gravatar.com\/avatar\/830d4c57adaae6630765e449a6908047?s=96&d=mm&r=g\",\"contentUrl\":\"https:\/\/secure.gravatar.com\/avatar\/830d4c57adaae6630765e449a6908047?s=96&d=mm&r=g\",\"caption\":\"admpu17wp\"}}]}<\/script>\n<!-- \/ Yoast SEO plugin. -->","yoast_head_json":{"title":"El Presidente de Coopelectric recibi\u00f3 a concejales y a Liliana Scwindt -","robots":{"index":"index","follow":"follow","max-snippet":"max-snippet:-1","max-image-preview":"max-image-preview:large","max-video-preview":"max-video-preview:-1"},"canonical":"https:\/\/experienciadevida.com.ar\/portalurbano\/el-presidente-de-coopelectric-recibio-a-concejales-y-a-liliana-scwindt\/","og_locale":"es_ES","og_type":"article","og_title":"El Presidente de Coopelectric recibi\u00f3 a concejales y a Liliana Scwindt -","og_description":"El Presidente de Coopelectric recibi\u00f3 a concejales y a Liliana Scwindt, el presidente del Consejo...","og_url":"https:\/\/experienciadevida.com.ar\/portalurbano\/el-presidente-de-coopelectric-recibio-a-concejales-y-a-liliana-scwindt\/","article_publisher":"https:\/\/www.facebook.com\/Portal-Urbano-171542830093757\/","article_published_time":"2022-02-26T23:02:13+00:00","article_modified_time":"2022-02-26T23:02:44+00:00","og_image":[{"width":1024,"height":768,"url":"https:\/\/experienciadevida.com.ar\/portalurbano\/wp-content\/uploads\/2022\/02\/Reunion.jpg","type":"image\/jpeg"}],"author":"admpu17wp","twitter_card":"summary_large_image","twitter_creator":"@portalurbanook","twitter_site":"@portalurbanook","twitter_misc":{"Escrito por":"admpu17wp","Tiempo de lectura":"2 minutos"},"schema":{"@context":"https:\/\/schema.org","@graph":[{"@type":"Article","@id":"https:\/\/experienciadevida.com.ar\/portalurbano\/el-presidente-de-coopelectric-recibio-a-concejales-y-a-liliana-scwindt\/#article","isPartOf":{"@id":"https:\/\/experienciadevida.com.ar\/portalurbano\/el-presidente-de-coopelectric-recibio-a-concejales-y-a-liliana-scwindt\/"},"author":{"name":"admpu17wp","@id":"https:\/\/experienciadevida.com.ar\/portalurbano\/#\/schema\/person\/02dd326b1c4b056e9cc972486934a3a7"},"headline":"El Presidente de Coopelectric recibi\u00f3 a concejales y a Liliana Scwindt","datePublished":"2022-02-26T23:02:13+00:00","dateModified":"2022-02-26T23:02:44+00:00","mainEntityOfPage":{"@id":"https:\/\/experienciadevida.com.ar\/portalurbano\/el-presidente-de-coopelectric-recibio-a-concejales-y-a-liliana-scwindt\/"},"wordCount":451,"publisher":{"@id":"https:\/\/experienciadevida.com.ar\/portalurbano\/#organization"},"articleSection":["Ciudad","Destacadas 2"],"inLanguage":"es"},{"@type":"WebPage","@id":"https:\/\/experienciadevida.com.ar\/portalurbano\/el-presidente-de-coopelectric-recibio-a-concejales-y-a-liliana-scwindt\/","url":"https:\/\/experienciadevida.com.ar\/portalurbano\/el-presidente-de-coopelectric-recibio-a-concejales-y-a-liliana-scwindt\/","name":"El Presidente de Coopelectric recibi\u00f3 a concejales y a Liliana Scwindt -","isPartOf":{"@id":"https:\/\/experienciadevida.com.ar\/portalurbano\/#website"},"datePublished":"2022-02-26T23:02:13+00:00","dateModified":"2022-02-26T23:02:44+00:00","breadcrumb":{"@id":"https:\/\/experienciadevida.com.ar\/portalurbano\/el-presidente-de-coopelectric-recibio-a-concejales-y-a-liliana-scwindt\/#breadcrumb"},"inLanguage":"es","potentialAction":[{"@type":"ReadAction","target":["https:\/\/experienciadevida.com.ar\/portalurbano\/el-presidente-de-coopelectric-recibio-a-concejales-y-a-liliana-scwindt\/"]}]},{"@type":"BreadcrumbList","@id":"https:\/\/experienciadevida.com.ar\/portalurbano\/el-presidente-de-coopelectric-recibio-a-concejales-y-a-liliana-scwindt\/#breadcrumb","itemListElement":[{"@type":"ListItem","position":1,"name":"Portada","item":"https:\/\/experienciadevida.com.ar\/portalurbano\/"},{"@type":"ListItem","position":2,"name":"El Presidente de Coopelectric recibi\u00f3 a concejales y a Liliana Scwindt"}]},{"@type":"WebSite","@id":"https:\/\/experienciadevida.com.ar\/portalurbano\/#website","url":"https:\/\/experienciadevida.com.ar\/portalurbano\/","name":"","description":"","publisher":{"@id":"https:\/\/experienciadevida.com.ar\/portalurbano\/#organization"},"potentialAction":[{"@type":"SearchAction","target":{"@type":"EntryPoint","urlTemplate":"https:\/\/experienciadevida.com.ar\/portalurbano\/?s={search_term_string}"},"query-input":"required name=search_term_string"}],"inLanguage":"es"},{"@type":"Organization","@id":"https:\/\/experienciadevida.com.ar\/portalurbano\/#organization","name":"Portal Urbano","url":"https:\/\/experienciadevida.com.ar\/portalurbano\/","logo":{"@type":"ImageObject","inLanguage":"es","@id":"https:\/\/experienciadevida.com.ar\/portalurbano\/#\/schema\/logo\/image\/","url":"https:\/\/experienciadevida.com.ar\/portalurbano\/wp-content\/uploads\/2019\/09\/Logo-Original.png","contentUrl":"https:\/\/experienciadevida.com.ar\/portalurbano\/wp-content\/uploads\/2019\/09\/Logo-Original.png","width":2236,"height":1216,"caption":"Portal Urbano"},"image":{"@id":"https:\/\/experienciadevida.com.ar\/portalurbano\/#\/schema\/logo\/image\/"},"sameAs":["https:\/\/www.facebook.com\/Portal-Urbano-171542830093757\/","https:\/\/twitter.com\/portalurbanook","https:\/\/www.instagram.com\/_portalurbano\/","https:\/\/www.youtube.com\/channel\/UCXhagIfszH8KxFiOok79zbA?view_as=subscriber"]},{"@type":"Person","@id":"https:\/\/experienciadevida.com.ar\/portalurbano\/#\/schema\/person\/02dd326b1c4b056e9cc972486934a3a7","name":"admpu17wp","image":{"@type":"ImageObject","inLanguage":"es","@id":"https:\/\/experienciadevida.com.ar\/portalurbano\/#\/schema\/person\/image\/","url":"https:\/\/secure.gravatar.com\/avatar\/830d4c57adaae6630765e449a6908047?s=96&d=mm&r=g","contentUrl":"https:\/\/secure.gravatar.com\/avatar\/830d4c57adaae6630765e449a6908047?s=96&d=mm&r=g","caption":"admpu17wp"}}]}},"featured_image_urls":{"full":["https:\/\/experienciadevida.com.ar\/portalurbano\/wp-content\/uploads\/2022\/02\/Reunion.jpg",1024,768,false],"thumbnail":["https:\/\/experienciadevida.com.ar\/portalurbano\/wp-content\/uploads\/2022\/02\/Reunion-150x150.jpg",150,150,true],"medium":["https:\/\/experienciadevida.com.ar\/portalurbano\/wp-content\/uploads\/2022\/02\/Reunion-300x225.jpg",300,225,true],"medium_large":["https:\/\/experienciadevida.com.ar\/portalurbano\/wp-content\/uploads\/2022\/02\/Reunion-768x576.jpg",640,480,true],"large":["https:\/\/experienciadevida.com.ar\/portalurbano\/wp-content\/uploads\/2022\/02\/Reunion.jpg",640,480,false],"ug_big":["https:\/\/experienciadevida.com.ar\/portalurbano\/wp-content\/uploads\/2022\/02\/Reunion-768x576.jpg",768,576,true],"1536x1536":["https:\/\/experienciadevida.com.ar\/portalurbano\/wp-content\/uploads\/2022\/02\/Reunion.jpg",1024,768,false],"2048x2048":["https:\/\/experienciadevida.com.ar\/portalurbano\/wp-content\/uploads\/2022\/02\/Reunion.jpg",1024,768,false],"newsever-slider-full":["https:\/\/experienciadevida.com.ar\/portalurbano\/wp-content\/uploads\/2022\/02\/Reunion.jpg",1024,768,false],"newsever-featured":["https:\/\/experienciadevida.com.ar\/portalurbano\/wp-content\/uploads\/2022\/02\/Reunion.jpg",1024,768,false],"newsever-medium":["https:\/\/experienciadevida.com.ar\/portalurbano\/wp-content\/uploads\/2022\/02\/Reunion.jpg",633,475,false],"web-stories-poster-portrait":["https:\/\/experienciadevida.com.ar\/portalurbano\/wp-content\/uploads\/2022\/02\/Reunion.jpg",640,480,false],"web-stories-publisher-logo":["https:\/\/experienciadevida.com.ar\/portalurbano\/wp-content\/uploads\/2022\/02\/Reunion.jpg",96,72,false],"web-stories-thumbnail":["https:\/\/experienciadevida.com.ar\/portalurbano\/wp-content\/uploads\/2022\/02\/Reunion.jpg",150,113,false]},"author_info":{"display_name":"admpu17wp","author_link":"https:\/\/experienciadevida.com.ar\/portalurbano\/author\/admpu17wp\/"},"category_info":"<a href=\"https:\/\/experienciadevida.com.ar\/portalurbano\/category\/ciudad\/\" rel=\"category tag\">Ciudad<\/a> <a href=\"https:\/\/experienciadevida.com.ar\/portalurbano\/category\/destacadas-2\/\" rel=\"category tag\">Destacadas 2<\/a>","tag_info":"Destacadas 2","comment_count":"0","amp_enabled":true,"_links":{"self":[{"href":"https:\/\/experienciadevida.com.ar\/portalurbano\/wp-json\/wp\/v2\/posts\/162527"}],"collection":[{"href":"https:\/\/experienciadevida.com.ar\/portalurbano\/wp-json\/wp\/v2\/posts"}],"about":[{"href":"https:\/\/experienciadevida.com.ar\/portalurbano\/wp-json\/wp\/v2\/types\/post"}],"author":[{"embeddable":true,"href":"https:\/\/experienciadevida.com.ar\/portalurbano\/wp-json\/wp\/v2\/users\/1"}],"replies":[{"embeddable":true,"href":"https:\/\/experienciadevida.com.ar\/portalurbano\/wp-json\/wp\/v2\/comments?post=162527"}],"version-history":[{"count":1,"href":"https:\/\/experienciadevida.com.ar\/portalurbano\/wp-json\/wp\/v2\/posts\/162527\/revisions"}],"predecessor-version":[{"id":162529,"href":"https:\/\/experienciadevida.com.ar\/portalurbano\/wp-json\/wp\/v2\/posts\/162527\/revisions\/162529"}],"wp:featuredmedia":[{"embeddable":true,"href":"https:\/\/experienciadevida.com.ar\/portalurbano\/wp-json\/wp\/v2\/media\/162528"}],"wp:attachment":[{"href":"https:\/\/experienciadevida.com.ar\/portalurbano\/wp-json\/wp\/v2\/media?parent=162527"}],"wp:term":[{"taxonomy":"category","embeddable":true,"href":"https:\/\/experienciadevida.com.ar\/portalurbano\/wp-json\/wp\/v2\/categories?post=162527"},{"taxonomy":"post_tag","embeddable":true,"href":"https:\/\/experienciadevida.com.ar\/portalurbano\/wp-json\/wp\/v2\/tags?post=162527"}],"curies":[{"name":"wp","href":"https:\/\/api.w.org\/{rel}","templated":true}]}}