{"id":162512,"date":"2022-02-26T12:51:31","date_gmt":"2022-02-26T15:51:31","guid":{"rendered":"https:\/\/experienciadevida.com.ar\/portalurbano\/?p=162512"},"modified":"2022-02-26T12:52:02","modified_gmt":"2022-02-26T15:52:02","slug":"los-jovenes-de-la-lista-amarilla-de-coopelectric-y-una-gran-colecta-de-utiles-para-la-sociedad-de-fomento-coronel-dorrego","status":"publish","type":"post","link":"https:\/\/experienciadevida.com.ar\/portalurbano\/los-jovenes-de-la-lista-amarilla-de-coopelectric-y-una-gran-colecta-de-utiles-para-la-sociedad-de-fomento-coronel-dorrego\/","title":{"rendered":"Los j\u00f3venes de la Lista Amarilla de Coopelectric y una gran colecta de \u00fatiles para la Sociedad de Fomento Coronel Dorrego"},"content":{"rendered":"<p>Los j\u00f3venes de la Lista Amarilla de Coopelectric y una gran colecta de \u00fatiles para la Sociedad de Fomento Coronel Dorrego.<\/p>\n<p><a href=\"https:\/\/experienciadevida.com.ar\/portalurbano\/los-jovenes-de-la-lista-amarilla-de-coopelectric-y-una-gran-colecta-de-utiles-para-la-sociedad-de-fomento-coronel-dorrego\/los-jovenes-2\/\" rel=\"attachment wp-att-162514\"><img decoding=\"async\" class=\"alignnone size-large wp-image-162514\" src=\"https:\/\/experienciadevida.com.ar\/portalurbano\/wp-content\/uploads\/2022\/02\/Los-jovenes-1024x460.jpeg\" alt=\"Los j\u00f3venes \" width=\"900\" height=\"404\" srcset=\"https:\/\/experienciadevida.com.ar\/portalurbano\/wp-content\/uploads\/2022\/02\/Los-jovenes-1024x460.jpeg 1024w, https:\/\/experienciadevida.com.ar\/portalurbano\/wp-content\/uploads\/2022\/02\/Los-jovenes-300x135.jpeg 300w, https:\/\/experienciadevida.com.ar\/portalurbano\/wp-content\/uploads\/2022\/02\/Los-jovenes-768x345.jpeg 768w, https:\/\/experienciadevida.com.ar\/portalurbano\/wp-content\/uploads\/2022\/02\/Los-jovenes-1536x690.jpeg 1536w, https:\/\/experienciadevida.com.ar\/portalurbano\/wp-content\/uploads\/2022\/02\/Los-jovenes.jpeg 1600w\" sizes=\"(max-width: 900px) 100vw, 900px\" \/><\/a><\/p>\n<p>Comienza el ciclo lectivo y los j\u00f3venes amarillos colaboramos con la sociedad de Fomento Coronel Dorrego, la cual es presidida por Mariana Sanabria, qui\u00e9n nos recibi\u00f3 de manera c\u00e1lida en el establecimiento. Esta entrega de \u00fatiles, es un granito de arena para la sociedad o los estudiantes que se acercan a esta instituci\u00f3n intermedia y reciben diferentes ayudas.<\/p>\n<p>En esta iniciativa por parte de la juventud amarilla, se pudo recolectar varios \u00fatiles, l\u00e1pices, biromes, cuaderno, carpetas, hojas, guardapolvos y muchas cosas m\u00e1s que fueron entregadas para este inicio de clases. \u201cEstoy muy agradecida con esta ayuda, ya que para nosotros es muy importante que todos nuestros chicos puedan comenzar las clases de la mejor manera, todo esto (por lo recibido) ser\u00e1 entregado por partes iguales y agradezco esta colaboraci\u00f3n de la Juventud Amarrilla\u201d, manifest\u00f3 Mariana Sanabria.<\/p>\n<p>Desde nuestro espacio y sabiendo la situaci\u00f3n actual de la instituci\u00f3n, cre\u00edmos que era lo correcto estar presentes con esta entrega de \u00fatiles, nuestro grupo sostiene como un pilar fundamental la educaci\u00f3n en todos los niveles, porque entendemos que es la mejor manera de progresar de manera grupal e individual. Por eso ni bien se tom\u00f3 notificaci\u00f3n \u201cLos J\u00f3venes de La Lista Amarilla de Coopelectric\u201d efectuaron con un gran compromiso esta ayuda ben\u00e9fica.<\/p>\n<p>Tras lo realizado cumplimos otro objetivo, el cual es estar presente y acompa\u00f1ar a las diferentes instituciones de nuestra querida Olavarr\u00eda, porque sentimos que los j\u00f3venes somos el futuro de la ciudad y tambi\u00e9n de<br \/>\nla cooperativa.<\/p>\n","protected":false},"excerpt":{"rendered":"<p>Los j\u00f3venes de la Lista Amarilla de Coopelectric y una gran colecta de \u00fatiles para&#8230;<\/p>\n","protected":false},"author":1,"featured_media":162513,"comment_status":"closed","ping_status":"closed","sticky":false,"template":"","format":"standard","meta":{"content-type":""},"categories":[27],"tags":[],"nelio_content":{"isAutoShareEnabled":false,"autoShareEndMode":"default","automationSources":{"useContentSentences":true,"useSocialTemplates":true,"useCustomSentences":false,"customSentences":[]},"followers":[1],"suggestedReferences":[],"includedReferences":[],"efiUrl":"","efiAlt":"","highlights":[]},"yoast_head":"<!-- This site is optimized with the Yoast SEO plugin v20.7 - https:\/\/yoast.com\/wordpress\/plugins\/seo\/ -->\n<title>Los j\u00f3venes de la lista marilla de Coopeelectric y una gran colecta de \u00fatiles<\/title>\n<meta name=\"description\" content=\"Los j\u00f3venes de la Lista Amarilla de Coopelectric y una gran colecta de \u00fatiles para la Sociedad de Fomento Coronel Dorrego.\" \/>\n<meta name=\"robots\" content=\"index, follow, max-snippet:-1, max-image-preview:large, max-video-preview:-1\" \/>\n<link rel=\"canonical\" href=\"https:\/\/experienciadevida.com.ar\/portalurbano\/los-jovenes-de-la-lista-amarilla-de-coopelectric-y-una-gran-colecta-de-utiles-para-la-sociedad-de-fomento-coronel-dorrego\/\" \/>\n<meta property=\"og:locale\" content=\"es_ES\" \/>\n<meta property=\"og:type\" content=\"article\" \/>\n<meta property=\"og:title\" content=\"Los j\u00f3venes de la lista marilla de Coopeelectric y una gran colecta de \u00fatiles\" \/>\n<meta property=\"og:description\" content=\"Los j\u00f3venes de la Lista Amarilla de Coopelectric y una gran colecta de \u00fatiles para la Sociedad de Fomento Coronel Dorrego.\" \/>\n<meta property=\"og:url\" content=\"https:\/\/experienciadevida.com.ar\/portalurbano\/los-jovenes-de-la-lista-amarilla-de-coopelectric-y-una-gran-colecta-de-utiles-para-la-sociedad-de-fomento-coronel-dorrego\/\" \/>\n<meta property=\"article:publisher\" content=\"https:\/\/www.facebook.com\/Portal-Urbano-171542830093757\/\" \/>\n<meta property=\"article:published_time\" content=\"2022-02-26T15:51:31+00:00\" \/>\n<meta property=\"article:modified_time\" content=\"2022-02-26T15:52:02+00:00\" \/>\n<meta property=\"og:image\" content=\"https:\/\/experienciadevida.com.ar\/portalurbano\/wp-content\/uploads\/2022\/02\/Los-jovenes-de-la.jpeg\" \/>\n\t<meta property=\"og:image:width\" content=\"1280\" \/>\n\t<meta property=\"og:image:height\" content=\"576\" \/>\n\t<meta property=\"og:image:type\" content=\"image\/jpeg\" \/>\n<meta name=\"author\" content=\"admpu17wp\" \/>\n<meta name=\"twitter:card\" content=\"summary_large_image\" \/>\n<meta name=\"twitter:creator\" content=\"@portalurbanook\" \/>\n<meta name=\"twitter:site\" content=\"@portalurbanook\" \/>\n<meta name=\"twitter:label1\" content=\"Escrito por\" \/>\n\t<meta name=\"twitter:data1\" content=\"admpu17wp\" \/>\n\t<meta name=\"twitter:label2\" content=\"Tiempo de lectura\" \/>\n\t<meta name=\"twitter:data2\" content=\"2 minutos\" \/>\n<script type=\"application\/ld+json\" class=\"yoast-schema-graph\">{\"@context\":\"https:\/\/schema.org\",\"@graph\":[{\"@type\":\"Article\",\"@id\":\"https:\/\/experienciadevida.com.ar\/portalurbano\/los-jovenes-de-la-lista-amarilla-de-coopelectric-y-una-gran-colecta-de-utiles-para-la-sociedad-de-fomento-coronel-dorrego\/#article\",\"isPartOf\":{\"@id\":\"https:\/\/experienciadevida.com.ar\/portalurbano\/los-jovenes-de-la-lista-amarilla-de-coopelectric-y-una-gran-colecta-de-utiles-para-la-sociedad-de-fomento-coronel-dorrego\/\"},\"author\":{\"name\":\"admpu17wp\",\"@id\":\"https:\/\/experienciadevida.com.ar\/portalurbano\/#\/schema\/person\/02dd326b1c4b056e9cc972486934a3a7\"},\"headline\":\"Los j\u00f3venes de la Lista Amarilla de Coopelectric y una gran colecta de \u00fatiles para la Sociedad de Fomento Coronel Dorrego\",\"datePublished\":\"2022-02-26T15:51:31+00:00\",\"dateModified\":\"2022-02-26T15:52:02+00:00\",\"mainEntityOfPage\":{\"@id\":\"https:\/\/experienciadevida.com.ar\/portalurbano\/los-jovenes-de-la-lista-amarilla-de-coopelectric-y-una-gran-colecta-de-utiles-para-la-sociedad-de-fomento-coronel-dorrego\/\"},\"wordCount\":308,\"publisher\":{\"@id\":\"https:\/\/experienciadevida.com.ar\/portalurbano\/#organization\"},\"articleSection\":[\"Ciudad\"],\"inLanguage\":\"es\"},{\"@type\":\"WebPage\",\"@id\":\"https:\/\/experienciadevida.com.ar\/portalurbano\/los-jovenes-de-la-lista-amarilla-de-coopelectric-y-una-gran-colecta-de-utiles-para-la-sociedad-de-fomento-coronel-dorrego\/\",\"url\":\"https:\/\/experienciadevida.com.ar\/portalurbano\/los-jovenes-de-la-lista-amarilla-de-coopelectric-y-una-gran-colecta-de-utiles-para-la-sociedad-de-fomento-coronel-dorrego\/\",\"name\":\"Los j\u00f3venes de la lista marilla de Coopeelectric y una gran colecta de \u00fatiles\",\"isPartOf\":{\"@id\":\"https:\/\/experienciadevida.com.ar\/portalurbano\/#website\"},\"datePublished\":\"2022-02-26T15:51:31+00:00\",\"dateModified\":\"2022-02-26T15:52:02+00:00\",\"description\":\"Los j\u00f3venes de la Lista Amarilla de Coopelectric y una gran colecta de \u00fatiles para la Sociedad de Fomento Coronel Dorrego.\",\"breadcrumb\":{\"@id\":\"https:\/\/experienciadevida.com.ar\/portalurbano\/los-jovenes-de-la-lista-amarilla-de-coopelectric-y-una-gran-colecta-de-utiles-para-la-sociedad-de-fomento-coronel-dorrego\/#breadcrumb\"},\"inLanguage\":\"es\",\"potentialAction\":[{\"@type\":\"ReadAction\",\"target\":[\"https:\/\/experienciadevida.com.ar\/portalurbano\/los-jovenes-de-la-lista-amarilla-de-coopelectric-y-una-gran-colecta-de-utiles-para-la-sociedad-de-fomento-coronel-dorrego\/\"]}]},{\"@type\":\"BreadcrumbList\",\"@id\":\"https:\/\/experienciadevida.com.ar\/portalurbano\/los-jovenes-de-la-lista-amarilla-de-coopelectric-y-una-gran-colecta-de-utiles-para-la-sociedad-de-fomento-coronel-dorrego\/#breadcrumb\",\"itemListElement\":[{\"@type\":\"ListItem\",\"position\":1,\"name\":\"Portada\",\"item\":\"https:\/\/experienciadevida.com.ar\/portalurbano\/\"},{\"@type\":\"ListItem\",\"position\":2,\"name\":\"Los j\u00f3venes de la Lista Amarilla de Coopelectric y una gran colecta de \u00fatiles para la Sociedad de Fomento Coronel Dorrego\"}]},{\"@type\":\"WebSite\",\"@id\":\"https:\/\/experienciadevida.com.ar\/portalurbano\/#website\",\"url\":\"https:\/\/experienciadevida.com.ar\/portalurbano\/\",\"name\":\"\",\"description\":\"\",\"publisher\":{\"@id\":\"https:\/\/experienciadevida.com.ar\/portalurbano\/#organization\"},\"potentialAction\":[{\"@type\":\"SearchAction\",\"target\":{\"@type\":\"EntryPoint\",\"urlTemplate\":\"https:\/\/experienciadevida.com.ar\/portalurbano\/?s={search_term_string}\"},\"query-input\":\"required name=search_term_string\"}],\"inLanguage\":\"es\"},{\"@type\":\"Organization\",\"@id\":\"https:\/\/experienciadevida.com.ar\/portalurbano\/#organization\",\"name\":\"Portal Urbano\",\"url\":\"https:\/\/experienciadevida.com.ar\/portalurbano\/\",\"logo\":{\"@type\":\"ImageObject\",\"inLanguage\":\"es\",\"@id\":\"https:\/\/experienciadevida.com.ar\/portalurbano\/#\/schema\/logo\/image\/\",\"url\":\"https:\/\/experienciadevida.com.ar\/portalurbano\/wp-content\/uploads\/2019\/09\/Logo-Original.png\",\"contentUrl\":\"https:\/\/experienciadevida.com.ar\/portalurbano\/wp-content\/uploads\/2019\/09\/Logo-Original.png\",\"width\":2236,\"height\":1216,\"caption\":\"Portal Urbano\"},\"image\":{\"@id\":\"https:\/\/experienciadevida.com.ar\/portalurbano\/#\/schema\/logo\/image\/\"},\"sameAs\":[\"https:\/\/www.facebook.com\/Portal-Urbano-171542830093757\/\",\"https:\/\/twitter.com\/portalurbanook\",\"https:\/\/www.instagram.com\/_portalurbano\/\",\"https:\/\/www.youtube.com\/channel\/UCXhagIfszH8KxFiOok79zbA?view_as=subscriber\"]},{\"@type\":\"Person\",\"@id\":\"https:\/\/experienciadevida.com.ar\/portalurbano\/#\/schema\/person\/02dd326b1c4b056e9cc972486934a3a7\",\"name\":\"admpu17wp\",\"image\":{\"@type\":\"ImageObject\",\"inLanguage\":\"es\",\"@id\":\"https:\/\/experienciadevida.com.ar\/portalurbano\/#\/schema\/person\/image\/\",\"url\":\"https:\/\/secure.gravatar.com\/avatar\/830d4c57adaae6630765e449a6908047?s=96&d=mm&r=g\",\"contentUrl\":\"https:\/\/secure.gravatar.com\/avatar\/830d4c57adaae6630765e449a6908047?s=96&d=mm&r=g\",\"caption\":\"admpu17wp\"}}]}<\/script>\n<!-- \/ Yoast SEO plugin. -->","yoast_head_json":{"title":"Los j\u00f3venes de la lista marilla de Coopeelectric y una gran colecta de \u00fatiles","description":"Los j\u00f3venes de la Lista Amarilla de Coopelectric y una gran colecta de \u00fatiles para la Sociedad de Fomento Coronel Dorrego.","robots":{"index":"index","follow":"follow","max-snippet":"max-snippet:-1","max-image-preview":"max-image-preview:large","max-video-preview":"max-video-preview:-1"},"canonical":"https:\/\/experienciadevida.com.ar\/portalurbano\/los-jovenes-de-la-lista-amarilla-de-coopelectric-y-una-gran-colecta-de-utiles-para-la-sociedad-de-fomento-coronel-dorrego\/","og_locale":"es_ES","og_type":"article","og_title":"Los j\u00f3venes de la lista marilla de Coopeelectric y una gran colecta de \u00fatiles","og_description":"Los j\u00f3venes de la Lista Amarilla de Coopelectric y una gran colecta de \u00fatiles para la Sociedad de Fomento Coronel Dorrego.","og_url":"https:\/\/experienciadevida.com.ar\/portalurbano\/los-jovenes-de-la-lista-amarilla-de-coopelectric-y-una-gran-colecta-de-utiles-para-la-sociedad-de-fomento-coronel-dorrego\/","article_publisher":"https:\/\/www.facebook.com\/Portal-Urbano-171542830093757\/","article_published_time":"2022-02-26T15:51:31+00:00","article_modified_time":"2022-02-26T15:52:02+00:00","og_image":[{"width":1280,"height":576,"url":"https:\/\/experienciadevida.com.ar\/portalurbano\/wp-content\/uploads\/2022\/02\/Los-jovenes-de-la.jpeg","type":"image\/jpeg"}],"author":"admpu17wp","twitter_card":"summary_large_image","twitter_creator":"@portalurbanook","twitter_site":"@portalurbanook","twitter_misc":{"Escrito por":"admpu17wp","Tiempo de lectura":"2 minutos"},"schema":{"@context":"https:\/\/schema.org","@graph":[{"@type":"Article","@id":"https:\/\/experienciadevida.com.ar\/portalurbano\/los-jovenes-de-la-lista-amarilla-de-coopelectric-y-una-gran-colecta-de-utiles-para-la-sociedad-de-fomento-coronel-dorrego\/#article","isPartOf":{"@id":"https:\/\/experienciadevida.com.ar\/portalurbano\/los-jovenes-de-la-lista-amarilla-de-coopelectric-y-una-gran-colecta-de-utiles-para-la-sociedad-de-fomento-coronel-dorrego\/"},"author":{"name":"admpu17wp","@id":"https:\/\/experienciadevida.com.ar\/portalurbano\/#\/schema\/person\/02dd326b1c4b056e9cc972486934a3a7"},"headline":"Los j\u00f3venes de la Lista Amarilla de Coopelectric y una gran colecta de \u00fatiles para la Sociedad de Fomento Coronel Dorrego","datePublished":"2022-02-26T15:51:31+00:00","dateModified":"2022-02-26T15:52:02+00:00","mainEntityOfPage":{"@id":"https:\/\/experienciadevida.com.ar\/portalurbano\/los-jovenes-de-la-lista-amarilla-de-coopelectric-y-una-gran-colecta-de-utiles-para-la-sociedad-de-fomento-coronel-dorrego\/"},"wordCount":308,"publisher":{"@id":"https:\/\/experienciadevida.com.ar\/portalurbano\/#organization"},"articleSection":["Ciudad"],"inLanguage":"es"},{"@type":"WebPage","@id":"https:\/\/experienciadevida.com.ar\/portalurbano\/los-jovenes-de-la-lista-amarilla-de-coopelectric-y-una-gran-colecta-de-utiles-para-la-sociedad-de-fomento-coronel-dorrego\/","url":"https:\/\/experienciadevida.com.ar\/portalurbano\/los-jovenes-de-la-lista-amarilla-de-coopelectric-y-una-gran-colecta-de-utiles-para-la-sociedad-de-fomento-coronel-dorrego\/","name":"Los j\u00f3venes de la lista marilla de Coopeelectric y una gran colecta de \u00fatiles","isPartOf":{"@id":"https:\/\/experienciadevida.com.ar\/portalurbano\/#website"},"datePublished":"2022-02-26T15:51:31+00:00","dateModified":"2022-02-26T15:52:02+00:00","description":"Los j\u00f3venes de la Lista Amarilla de Coopelectric y una gran colecta de \u00fatiles para la Sociedad de Fomento Coronel Dorrego.","breadcrumb":{"@id":"https:\/\/experienciadevida.com.ar\/portalurbano\/los-jovenes-de-la-lista-amarilla-de-coopelectric-y-una-gran-colecta-de-utiles-para-la-sociedad-de-fomento-coronel-dorrego\/#breadcrumb"},"inLanguage":"es","potentialAction":[{"@type":"ReadAction","target":["https:\/\/experienciadevida.com.ar\/portalurbano\/los-jovenes-de-la-lista-amarilla-de-coopelectric-y-una-gran-colecta-de-utiles-para-la-sociedad-de-fomento-coronel-dorrego\/"]}]},{"@type":"BreadcrumbList","@id":"https:\/\/experienciadevida.com.ar\/portalurbano\/los-jovenes-de-la-lista-amarilla-de-coopelectric-y-una-gran-colecta-de-utiles-para-la-sociedad-de-fomento-coronel-dorrego\/#breadcrumb","itemListElement":[{"@type":"ListItem","position":1,"name":"Portada","item":"https:\/\/experienciadevida.com.ar\/portalurbano\/"},{"@type":"ListItem","position":2,"name":"Los j\u00f3venes de la Lista Amarilla de Coopelectric y una gran colecta de \u00fatiles para la Sociedad de Fomento Coronel Dorrego"}]},{"@type":"WebSite","@id":"https:\/\/experienciadevida.com.ar\/portalurbano\/#website","url":"https:\/\/experienciadevida.com.ar\/portalurbano\/","name":"","description":"","publisher":{"@id":"https:\/\/experienciadevida.com.ar\/portalurbano\/#organization"},"potentialAction":[{"@type":"SearchAction","target":{"@type":"EntryPoint","urlTemplate":"https:\/\/experienciadevida.com.ar\/portalurbano\/?s={search_term_string}"},"query-input":"required name=search_term_string"}],"inLanguage":"es"},{"@type":"Organization","@id":"https:\/\/experienciadevida.com.ar\/portalurbano\/#organization","name":"Portal Urbano","url":"https:\/\/experienciadevida.com.ar\/portalurbano\/","logo":{"@type":"ImageObject","inLanguage":"es","@id":"https:\/\/experienciadevida.com.ar\/portalurbano\/#\/schema\/logo\/image\/","url":"https:\/\/experienciadevida.com.ar\/portalurbano\/wp-content\/uploads\/2019\/09\/Logo-Original.png","contentUrl":"https:\/\/experienciadevida.com.ar\/portalurbano\/wp-content\/uploads\/2019\/09\/Logo-Original.png","width":2236,"height":1216,"caption":"Portal Urbano"},"image":{"@id":"https:\/\/experienciadevida.com.ar\/portalurbano\/#\/schema\/logo\/image\/"},"sameAs":["https:\/\/www.facebook.com\/Portal-Urbano-171542830093757\/","https:\/\/twitter.com\/portalurbanook","https:\/\/www.instagram.com\/_portalurbano\/","https:\/\/www.youtube.com\/channel\/UCXhagIfszH8KxFiOok79zbA?view_as=subscriber"]},{"@type":"Person","@id":"https:\/\/experienciadevida.com.ar\/portalurbano\/#\/schema\/person\/02dd326b1c4b056e9cc972486934a3a7","name":"admpu17wp","image":{"@type":"ImageObject","inLanguage":"es","@id":"https:\/\/experienciadevida.com.ar\/portalurbano\/#\/schema\/person\/image\/","url":"https:\/\/secure.gravatar.com\/avatar\/830d4c57adaae6630765e449a6908047?s=96&d=mm&r=g","contentUrl":"https:\/\/secure.gravatar.com\/avatar\/830d4c57adaae6630765e449a6908047?s=96&d=mm&r=g","caption":"admpu17wp"}}]}},"featured_image_urls":{"full":["https:\/\/experienciadevida.com.ar\/portalurbano\/wp-content\/uploads\/2022\/02\/Los-jovenes-de-la.jpeg",1280,576,false],"thumbnail":["https:\/\/experienciadevida.com.ar\/portalurbano\/wp-content\/uploads\/2022\/02\/Los-jovenes-de-la-150x150.jpeg",150,150,true],"medium":["https:\/\/experienciadevida.com.ar\/portalurbano\/wp-content\/uploads\/2022\/02\/Los-jovenes-de-la-300x135.jpeg",300,135,true],"medium_large":["https:\/\/experienciadevida.com.ar\/portalurbano\/wp-content\/uploads\/2022\/02\/Los-jovenes-de-la-768x346.jpeg",640,288,true],"large":["https:\/\/experienciadevida.com.ar\/portalurbano\/wp-content\/uploads\/2022\/02\/Los-jovenes-de-la-1024x461.jpeg",640,288,true],"ug_big":["https:\/\/experienciadevida.com.ar\/portalurbano\/wp-content\/uploads\/2022\/02\/Los-jovenes-de-la-768x346.jpeg",768,346,true],"1536x1536":["https:\/\/experienciadevida.com.ar\/portalurbano\/wp-content\/uploads\/2022\/02\/Los-jovenes-de-la.jpeg",1280,576,false],"2048x2048":["https:\/\/experienciadevida.com.ar\/portalurbano\/wp-content\/uploads\/2022\/02\/Los-jovenes-de-la.jpeg",1280,576,false],"newsever-slider-full":["https:\/\/experienciadevida.com.ar\/portalurbano\/wp-content\/uploads\/2022\/02\/Los-jovenes-de-la.jpeg",1280,576,false],"newsever-featured":["https:\/\/experienciadevida.com.ar\/portalurbano\/wp-content\/uploads\/2022\/02\/Los-jovenes-de-la.jpeg",1024,461,false],"newsever-medium":["https:\/\/experienciadevida.com.ar\/portalurbano\/wp-content\/uploads\/2022\/02\/Los-jovenes-de-la.jpeg",720,324,false],"web-stories-poster-portrait":["https:\/\/experienciadevida.com.ar\/portalurbano\/wp-content\/uploads\/2022\/02\/Los-jovenes-de-la.jpeg",640,288,false],"web-stories-publisher-logo":["https:\/\/experienciadevida.com.ar\/portalurbano\/wp-content\/uploads\/2022\/02\/Los-jovenes-de-la.jpeg",96,43,false],"web-stories-thumbnail":["https:\/\/experienciadevida.com.ar\/portalurbano\/wp-content\/uploads\/2022\/02\/Los-jovenes-de-la.jpeg",150,68,false]},"author_info":{"display_name":"admpu17wp","author_link":"https:\/\/experienciadevida.com.ar\/portalurbano\/author\/admpu17wp\/"},"category_info":"<a href=\"https:\/\/experienciadevida.com.ar\/portalurbano\/category\/ciudad\/\" rel=\"category tag\">Ciudad<\/a>","tag_info":"Ciudad","comment_count":"0","amp_enabled":true,"_links":{"self":[{"href":"https:\/\/experienciadevida.com.ar\/portalurbano\/wp-json\/wp\/v2\/posts\/162512"}],"collection":[{"href":"https:\/\/experienciadevida.com.ar\/portalurbano\/wp-json\/wp\/v2\/posts"}],"about":[{"href":"https:\/\/experienciadevida.com.ar\/portalurbano\/wp-json\/wp\/v2\/types\/post"}],"author":[{"embeddable":true,"href":"https:\/\/experienciadevida.com.ar\/portalurbano\/wp-json\/wp\/v2\/users\/1"}],"replies":[{"embeddable":true,"href":"https:\/\/experienciadevida.com.ar\/portalurbano\/wp-json\/wp\/v2\/comments?post=162512"}],"version-history":[{"count":2,"href":"https:\/\/experienciadevida.com.ar\/portalurbano\/wp-json\/wp\/v2\/posts\/162512\/revisions"}],"predecessor-version":[{"id":162516,"href":"https:\/\/experienciadevida.com.ar\/portalurbano\/wp-json\/wp\/v2\/posts\/162512\/revisions\/162516"}],"wp:featuredmedia":[{"embeddable":true,"href":"https:\/\/experienciadevida.com.ar\/portalurbano\/wp-json\/wp\/v2\/media\/162513"}],"wp:attachment":[{"href":"https:\/\/experienciadevida.com.ar\/portalurbano\/wp-json\/wp\/v2\/media?parent=162512"}],"wp:term":[{"taxonomy":"category","embeddable":true,"href":"https:\/\/experienciadevida.com.ar\/portalurbano\/wp-json\/wp\/v2\/categories?post=162512"},{"taxonomy":"post_tag","embeddable":true,"href":"https:\/\/experienciadevida.com.ar\/portalurbano\/wp-json\/wp\/v2\/tags?post=162512"}],"curies":[{"name":"wp","href":"https:\/\/api.w.org\/{rel}","templated":true}]}}