{"id":162507,"date":"2022-02-26T12:42:45","date_gmt":"2022-02-26T15:42:45","guid":{"rendered":"https:\/\/experienciadevida.com.ar\/portalurbano\/?p=162507"},"modified":"2022-02-26T12:47:34","modified_gmt":"2022-02-26T15:47:34","slug":"sebastian-matrella-por-una-necesaria-mejora-del-mantenimiento-de-nuestras-rutas","status":"publish","type":"post","link":"https:\/\/experienciadevida.com.ar\/portalurbano\/sebastian-matrella-por-una-necesaria-mejora-del-mantenimiento-de-nuestras-rutas\/","title":{"rendered":"Sebasti\u00e1n Matrella: &#8220;Por una necesaria mejora del mantenimiento de nuestras rutas&#8221;"},"content":{"rendered":"<p><a href=\"https:\/\/www.facebook.com\/sebastian.matrella\">Sebasti\u00e1n Matrella<\/a>: &#8220;Por una necesaria mejora del mantenimiento de nuestras rutas&#8221;, a partir del 23 de diciembre de 2020 Vialidad Nacional, a trav\u00e9s del DNU 1036\/2020 firmado por el presidente Alberto Fern\u00e1ndez, retoma el control de obras y mantenimiento de varias rutas nacionales. Entre las que se encuentra la ruta nacional 226 que atraviesa el partido de Olavarr\u00eda.<\/p>\n<p>Desde ese momento y hasta el d\u00eda de hoy, el trabajo ha sido nulo, sin mantenimiento, sin infraestructura, desprotegiendo a los que circulamos por ah\u00ed diariamente.<\/p>\n<p>Esta desidia pol\u00edtica la podemos ver en los pastos y la vegetaci\u00f3n creciente de las banquinas. La falta de corte no solo perjudica la visibilizaci\u00f3n de las se\u00f1alizaciones correspondientes, sino tambi\u00e9n la entrada a caminos que confluyen hacia la ruta. Esta situaci\u00f3n, incrementa la posibilidad de accidentes.<\/p>\n<p>Esta falta de manteniendo, trae aparejada otra problem\u00e1tica, como las que est\u00e1n viviendo nuestros hermanos correntinos con los incendios. Es de primordial importancia mantener las banquinas mantenidas con el pasto corto porque es aqu\u00ed donde muchas veces se generan y empiezan los incendios de los campos ocasionando p\u00e9rdidas no solo al ecosistema sino tambi\u00e9n materiales.<\/p>\n<p>La involuci\u00f3n en Argentina es constante, no solo tenemos rutas de la d\u00e9cada del 60 sino que encima est\u00e1n p\u00e9simamente mantenidas, con un estado ausente y que pone en riesgo de accidentes al que circula por ellas.<\/p>\n<p>Es necesario comenzar a pensar en una Argentina integral donde las iniciativas y las problem\u00e1ticas se trabajen en forma superadora, en relaci\u00f3n a esto nuestro espacio presento un Proyecto de Resoluci\u00f3n en Julio de 2021, donde se busca colaborar con el mantenimiento de parte de las banquinas confeccionando rollos de pasto sin que ello implique ning\u00fan gasto extra y lo recaudado se destine a escuelas rurales.<\/p>\n<p>En esta misma l\u00ednea, desde el bloque UCR-JUNTOS, vamos a pedir que el Estado Nacional cumpla con el compromiso asumido, por la seguridad de todos los que la transitamos, estos problemas de simples soluciones son los que generan grandes problemas con resultados irreversibles.<\/p>\n","protected":false},"excerpt":{"rendered":"<p>Sebasti\u00e1n Matrella: &#8220;Por una necesaria mejora del mantenimiento de nuestras rutas&#8221;, a partir del 23&#8230;<\/p>\n","protected":false},"author":1,"featured_media":162508,"comment_status":"closed","ping_status":"closed","sticky":false,"template":"","format":"standard","meta":{"content-type":""},"categories":[27,64],"tags":[],"nelio_content":{"isAutoShareEnabled":false,"autoShareEndMode":"default","automationSources":{"useContentSentences":true,"useSocialTemplates":true,"useCustomSentences":false,"customSentences":[]},"followers":[1],"suggestedReferences":[],"includedReferences":[],"efiUrl":"","efiAlt":"","highlights":[]},"yoast_head":"<!-- This site is optimized with the Yoast SEO plugin v20.7 - https:\/\/yoast.com\/wordpress\/plugins\/seo\/ -->\n<title>Sebasti\u00e1n Matrella: &quot;Por una necesaria mejora de nuestras rutas&quot;<\/title>\n<meta name=\"description\" content=\"Sebasti\u00e1n Matrella: &quot;Por una necesaria mejora del mantenimiento de nuestras rutas&quot;, a partir del 23 de diciembre de 2020\" \/>\n<meta name=\"robots\" content=\"index, follow, max-snippet:-1, max-image-preview:large, max-video-preview:-1\" \/>\n<link rel=\"canonical\" href=\"https:\/\/experienciadevida.com.ar\/portalurbano\/sebastian-matrella-por-una-necesaria-mejora-del-mantenimiento-de-nuestras-rutas\/\" \/>\n<meta property=\"og:locale\" content=\"es_ES\" \/>\n<meta property=\"og:type\" content=\"article\" \/>\n<meta property=\"og:title\" content=\"Sebasti\u00e1n Matrella: &quot;Por una necesaria mejora de nuestras rutas&quot;\" \/>\n<meta property=\"og:description\" content=\"Sebasti\u00e1n Matrella: &quot;Por una necesaria mejora del mantenimiento de nuestras rutas&quot;, a partir del 23 de diciembre de 2020\" \/>\n<meta property=\"og:url\" content=\"https:\/\/experienciadevida.com.ar\/portalurbano\/sebastian-matrella-por-una-necesaria-mejora-del-mantenimiento-de-nuestras-rutas\/\" \/>\n<meta property=\"article:publisher\" content=\"https:\/\/www.facebook.com\/Portal-Urbano-171542830093757\/\" \/>\n<meta property=\"article:published_time\" content=\"2022-02-26T15:42:45+00:00\" \/>\n<meta property=\"article:modified_time\" content=\"2022-02-26T15:47:34+00:00\" \/>\n<meta property=\"og:image\" content=\"https:\/\/experienciadevida.com.ar\/portalurbano\/wp-content\/uploads\/2022\/02\/Sebastian-Matrella.jpeg\" \/>\n\t<meta property=\"og:image:width\" content=\"1280\" \/>\n\t<meta property=\"og:image:height\" content=\"853\" \/>\n\t<meta property=\"og:image:type\" content=\"image\/jpeg\" \/>\n<meta name=\"author\" content=\"admpu17wp\" \/>\n<meta name=\"twitter:card\" content=\"summary_large_image\" \/>\n<meta name=\"twitter:creator\" content=\"@portalurbanook\" \/>\n<meta name=\"twitter:site\" content=\"@portalurbanook\" \/>\n<meta name=\"twitter:label1\" content=\"Escrito por\" \/>\n\t<meta name=\"twitter:data1\" content=\"admpu17wp\" \/>\n\t<meta name=\"twitter:label2\" content=\"Tiempo de lectura\" \/>\n\t<meta name=\"twitter:data2\" content=\"2 minutos\" \/>\n<script type=\"application\/ld+json\" class=\"yoast-schema-graph\">{\"@context\":\"https:\/\/schema.org\",\"@graph\":[{\"@type\":\"Article\",\"@id\":\"https:\/\/experienciadevida.com.ar\/portalurbano\/sebastian-matrella-por-una-necesaria-mejora-del-mantenimiento-de-nuestras-rutas\/#article\",\"isPartOf\":{\"@id\":\"https:\/\/experienciadevida.com.ar\/portalurbano\/sebastian-matrella-por-una-necesaria-mejora-del-mantenimiento-de-nuestras-rutas\/\"},\"author\":{\"name\":\"admpu17wp\",\"@id\":\"https:\/\/experienciadevida.com.ar\/portalurbano\/#\/schema\/person\/02dd326b1c4b056e9cc972486934a3a7\"},\"headline\":\"Sebasti\u00e1n Matrella: &#8220;Por una necesaria mejora del mantenimiento de nuestras rutas&#8221;\",\"datePublished\":\"2022-02-26T15:42:45+00:00\",\"dateModified\":\"2022-02-26T15:47:34+00:00\",\"mainEntityOfPage\":{\"@id\":\"https:\/\/experienciadevida.com.ar\/portalurbano\/sebastian-matrella-por-una-necesaria-mejora-del-mantenimiento-de-nuestras-rutas\/\"},\"wordCount\":362,\"publisher\":{\"@id\":\"https:\/\/experienciadevida.com.ar\/portalurbano\/#organization\"},\"articleSection\":[\"Ciudad\",\"Destacadas 2\"],\"inLanguage\":\"es\"},{\"@type\":\"WebPage\",\"@id\":\"https:\/\/experienciadevida.com.ar\/portalurbano\/sebastian-matrella-por-una-necesaria-mejora-del-mantenimiento-de-nuestras-rutas\/\",\"url\":\"https:\/\/experienciadevida.com.ar\/portalurbano\/sebastian-matrella-por-una-necesaria-mejora-del-mantenimiento-de-nuestras-rutas\/\",\"name\":\"Sebasti\u00e1n Matrella: \\\"Por una necesaria mejora de nuestras rutas\\\"\",\"isPartOf\":{\"@id\":\"https:\/\/experienciadevida.com.ar\/portalurbano\/#website\"},\"datePublished\":\"2022-02-26T15:42:45+00:00\",\"dateModified\":\"2022-02-26T15:47:34+00:00\",\"description\":\"Sebasti\u00e1n Matrella: \\\"Por una necesaria mejora del mantenimiento de nuestras rutas\\\", a partir del 23 de diciembre de 2020\",\"breadcrumb\":{\"@id\":\"https:\/\/experienciadevida.com.ar\/portalurbano\/sebastian-matrella-por-una-necesaria-mejora-del-mantenimiento-de-nuestras-rutas\/#breadcrumb\"},\"inLanguage\":\"es\",\"potentialAction\":[{\"@type\":\"ReadAction\",\"target\":[\"https:\/\/experienciadevida.com.ar\/portalurbano\/sebastian-matrella-por-una-necesaria-mejora-del-mantenimiento-de-nuestras-rutas\/\"]}]},{\"@type\":\"BreadcrumbList\",\"@id\":\"https:\/\/experienciadevida.com.ar\/portalurbano\/sebastian-matrella-por-una-necesaria-mejora-del-mantenimiento-de-nuestras-rutas\/#breadcrumb\",\"itemListElement\":[{\"@type\":\"ListItem\",\"position\":1,\"name\":\"Portada\",\"item\":\"https:\/\/experienciadevida.com.ar\/portalurbano\/\"},{\"@type\":\"ListItem\",\"position\":2,\"name\":\"Sebasti\u00e1n Matrella: \u00abPor una necesaria mejora del mantenimiento de nuestras rutas\u00bb\"}]},{\"@type\":\"WebSite\",\"@id\":\"https:\/\/experienciadevida.com.ar\/portalurbano\/#website\",\"url\":\"https:\/\/experienciadevida.com.ar\/portalurbano\/\",\"name\":\"\",\"description\":\"\",\"publisher\":{\"@id\":\"https:\/\/experienciadevida.com.ar\/portalurbano\/#organization\"},\"potentialAction\":[{\"@type\":\"SearchAction\",\"target\":{\"@type\":\"EntryPoint\",\"urlTemplate\":\"https:\/\/experienciadevida.com.ar\/portalurbano\/?s={search_term_string}\"},\"query-input\":\"required name=search_term_string\"}],\"inLanguage\":\"es\"},{\"@type\":\"Organization\",\"@id\":\"https:\/\/experienciadevida.com.ar\/portalurbano\/#organization\",\"name\":\"Portal Urbano\",\"url\":\"https:\/\/experienciadevida.com.ar\/portalurbano\/\",\"logo\":{\"@type\":\"ImageObject\",\"inLanguage\":\"es\",\"@id\":\"https:\/\/experienciadevida.com.ar\/portalurbano\/#\/schema\/logo\/image\/\",\"url\":\"https:\/\/experienciadevida.com.ar\/portalurbano\/wp-content\/uploads\/2019\/09\/Logo-Original.png\",\"contentUrl\":\"https:\/\/experienciadevida.com.ar\/portalurbano\/wp-content\/uploads\/2019\/09\/Logo-Original.png\",\"width\":2236,\"height\":1216,\"caption\":\"Portal Urbano\"},\"image\":{\"@id\":\"https:\/\/experienciadevida.com.ar\/portalurbano\/#\/schema\/logo\/image\/\"},\"sameAs\":[\"https:\/\/www.facebook.com\/Portal-Urbano-171542830093757\/\",\"https:\/\/twitter.com\/portalurbanook\",\"https:\/\/www.instagram.com\/_portalurbano\/\",\"https:\/\/www.youtube.com\/channel\/UCXhagIfszH8KxFiOok79zbA?view_as=subscriber\"]},{\"@type\":\"Person\",\"@id\":\"https:\/\/experienciadevida.com.ar\/portalurbano\/#\/schema\/person\/02dd326b1c4b056e9cc972486934a3a7\",\"name\":\"admpu17wp\",\"image\":{\"@type\":\"ImageObject\",\"inLanguage\":\"es\",\"@id\":\"https:\/\/experienciadevida.com.ar\/portalurbano\/#\/schema\/person\/image\/\",\"url\":\"https:\/\/secure.gravatar.com\/avatar\/830d4c57adaae6630765e449a6908047?s=96&d=mm&r=g\",\"contentUrl\":\"https:\/\/secure.gravatar.com\/avatar\/830d4c57adaae6630765e449a6908047?s=96&d=mm&r=g\",\"caption\":\"admpu17wp\"}}]}<\/script>\n<!-- \/ Yoast SEO plugin. -->","yoast_head_json":{"title":"Sebasti\u00e1n Matrella: \"Por una necesaria mejora de nuestras rutas\"","description":"Sebasti\u00e1n Matrella: \"Por una necesaria mejora del mantenimiento de nuestras rutas\", a partir del 23 de diciembre de 2020","robots":{"index":"index","follow":"follow","max-snippet":"max-snippet:-1","max-image-preview":"max-image-preview:large","max-video-preview":"max-video-preview:-1"},"canonical":"https:\/\/experienciadevida.com.ar\/portalurbano\/sebastian-matrella-por-una-necesaria-mejora-del-mantenimiento-de-nuestras-rutas\/","og_locale":"es_ES","og_type":"article","og_title":"Sebasti\u00e1n Matrella: \"Por una necesaria mejora de nuestras rutas\"","og_description":"Sebasti\u00e1n Matrella: \"Por una necesaria mejora del mantenimiento de nuestras rutas\", a partir del 23 de diciembre de 2020","og_url":"https:\/\/experienciadevida.com.ar\/portalurbano\/sebastian-matrella-por-una-necesaria-mejora-del-mantenimiento-de-nuestras-rutas\/","article_publisher":"https:\/\/www.facebook.com\/Portal-Urbano-171542830093757\/","article_published_time":"2022-02-26T15:42:45+00:00","article_modified_time":"2022-02-26T15:47:34+00:00","og_image":[{"width":1280,"height":853,"url":"https:\/\/experienciadevida.com.ar\/portalurbano\/wp-content\/uploads\/2022\/02\/Sebastian-Matrella.jpeg","type":"image\/jpeg"}],"author":"admpu17wp","twitter_card":"summary_large_image","twitter_creator":"@portalurbanook","twitter_site":"@portalurbanook","twitter_misc":{"Escrito por":"admpu17wp","Tiempo de lectura":"2 minutos"},"schema":{"@context":"https:\/\/schema.org","@graph":[{"@type":"Article","@id":"https:\/\/experienciadevida.com.ar\/portalurbano\/sebastian-matrella-por-una-necesaria-mejora-del-mantenimiento-de-nuestras-rutas\/#article","isPartOf":{"@id":"https:\/\/experienciadevida.com.ar\/portalurbano\/sebastian-matrella-por-una-necesaria-mejora-del-mantenimiento-de-nuestras-rutas\/"},"author":{"name":"admpu17wp","@id":"https:\/\/experienciadevida.com.ar\/portalurbano\/#\/schema\/person\/02dd326b1c4b056e9cc972486934a3a7"},"headline":"Sebasti\u00e1n Matrella: &#8220;Por una necesaria mejora del mantenimiento de nuestras rutas&#8221;","datePublished":"2022-02-26T15:42:45+00:00","dateModified":"2022-02-26T15:47:34+00:00","mainEntityOfPage":{"@id":"https:\/\/experienciadevida.com.ar\/portalurbano\/sebastian-matrella-por-una-necesaria-mejora-del-mantenimiento-de-nuestras-rutas\/"},"wordCount":362,"publisher":{"@id":"https:\/\/experienciadevida.com.ar\/portalurbano\/#organization"},"articleSection":["Ciudad","Destacadas 2"],"inLanguage":"es"},{"@type":"WebPage","@id":"https:\/\/experienciadevida.com.ar\/portalurbano\/sebastian-matrella-por-una-necesaria-mejora-del-mantenimiento-de-nuestras-rutas\/","url":"https:\/\/experienciadevida.com.ar\/portalurbano\/sebastian-matrella-por-una-necesaria-mejora-del-mantenimiento-de-nuestras-rutas\/","name":"Sebasti\u00e1n Matrella: \"Por una necesaria mejora de nuestras rutas\"","isPartOf":{"@id":"https:\/\/experienciadevida.com.ar\/portalurbano\/#website"},"datePublished":"2022-02-26T15:42:45+00:00","dateModified":"2022-02-26T15:47:34+00:00","description":"Sebasti\u00e1n Matrella: \"Por una necesaria mejora del mantenimiento de nuestras rutas\", a partir del 23 de diciembre de 2020","breadcrumb":{"@id":"https:\/\/experienciadevida.com.ar\/portalurbano\/sebastian-matrella-por-una-necesaria-mejora-del-mantenimiento-de-nuestras-rutas\/#breadcrumb"},"inLanguage":"es","potentialAction":[{"@type":"ReadAction","target":["https:\/\/experienciadevida.com.ar\/portalurbano\/sebastian-matrella-por-una-necesaria-mejora-del-mantenimiento-de-nuestras-rutas\/"]}]},{"@type":"BreadcrumbList","@id":"https:\/\/experienciadevida.com.ar\/portalurbano\/sebastian-matrella-por-una-necesaria-mejora-del-mantenimiento-de-nuestras-rutas\/#breadcrumb","itemListElement":[{"@type":"ListItem","position":1,"name":"Portada","item":"https:\/\/experienciadevida.com.ar\/portalurbano\/"},{"@type":"ListItem","position":2,"name":"Sebasti\u00e1n Matrella: \u00abPor una necesaria mejora del mantenimiento de nuestras rutas\u00bb"}]},{"@type":"WebSite","@id":"https:\/\/experienciadevida.com.ar\/portalurbano\/#website","url":"https:\/\/experienciadevida.com.ar\/portalurbano\/","name":"","description":"","publisher":{"@id":"https:\/\/experienciadevida.com.ar\/portalurbano\/#organization"},"potentialAction":[{"@type":"SearchAction","target":{"@type":"EntryPoint","urlTemplate":"https:\/\/experienciadevida.com.ar\/portalurbano\/?s={search_term_string}"},"query-input":"required name=search_term_string"}],"inLanguage":"es"},{"@type":"Organization","@id":"https:\/\/experienciadevida.com.ar\/portalurbano\/#organization","name":"Portal Urbano","url":"https:\/\/experienciadevida.com.ar\/portalurbano\/","logo":{"@type":"ImageObject","inLanguage":"es","@id":"https:\/\/experienciadevida.com.ar\/portalurbano\/#\/schema\/logo\/image\/","url":"https:\/\/experienciadevida.com.ar\/portalurbano\/wp-content\/uploads\/2019\/09\/Logo-Original.png","contentUrl":"https:\/\/experienciadevida.com.ar\/portalurbano\/wp-content\/uploads\/2019\/09\/Logo-Original.png","width":2236,"height":1216,"caption":"Portal Urbano"},"image":{"@id":"https:\/\/experienciadevida.com.ar\/portalurbano\/#\/schema\/logo\/image\/"},"sameAs":["https:\/\/www.facebook.com\/Portal-Urbano-171542830093757\/","https:\/\/twitter.com\/portalurbanook","https:\/\/www.instagram.com\/_portalurbano\/","https:\/\/www.youtube.com\/channel\/UCXhagIfszH8KxFiOok79zbA?view_as=subscriber"]},{"@type":"Person","@id":"https:\/\/experienciadevida.com.ar\/portalurbano\/#\/schema\/person\/02dd326b1c4b056e9cc972486934a3a7","name":"admpu17wp","image":{"@type":"ImageObject","inLanguage":"es","@id":"https:\/\/experienciadevida.com.ar\/portalurbano\/#\/schema\/person\/image\/","url":"https:\/\/secure.gravatar.com\/avatar\/830d4c57adaae6630765e449a6908047?s=96&d=mm&r=g","contentUrl":"https:\/\/secure.gravatar.com\/avatar\/830d4c57adaae6630765e449a6908047?s=96&d=mm&r=g","caption":"admpu17wp"}}]}},"featured_image_urls":{"full":["https:\/\/experienciadevida.com.ar\/portalurbano\/wp-content\/uploads\/2022\/02\/Sebastian-Matrella.jpeg",1280,853,false],"thumbnail":["https:\/\/experienciadevida.com.ar\/portalurbano\/wp-content\/uploads\/2022\/02\/Sebastian-Matrella-150x150.jpeg",150,150,true],"medium":["https:\/\/experienciadevida.com.ar\/portalurbano\/wp-content\/uploads\/2022\/02\/Sebastian-Matrella-300x200.jpeg",300,200,true],"medium_large":["https:\/\/experienciadevida.com.ar\/portalurbano\/wp-content\/uploads\/2022\/02\/Sebastian-Matrella-768x512.jpeg",640,427,true],"large":["https:\/\/experienciadevida.com.ar\/portalurbano\/wp-content\/uploads\/2022\/02\/Sebastian-Matrella-1024x682.jpeg",640,426,true],"ug_big":["https:\/\/experienciadevida.com.ar\/portalurbano\/wp-content\/uploads\/2022\/02\/Sebastian-Matrella-768x512.jpeg",768,512,true],"1536x1536":["https:\/\/experienciadevida.com.ar\/portalurbano\/wp-content\/uploads\/2022\/02\/Sebastian-Matrella.jpeg",1280,853,false],"2048x2048":["https:\/\/experienciadevida.com.ar\/portalurbano\/wp-content\/uploads\/2022\/02\/Sebastian-Matrella.jpeg",1280,853,false],"newsever-slider-full":["https:\/\/experienciadevida.com.ar\/portalurbano\/wp-content\/uploads\/2022\/02\/Sebastian-Matrella.jpeg",1268,845,false],"newsever-featured":["https:\/\/experienciadevida.com.ar\/portalurbano\/wp-content\/uploads\/2022\/02\/Sebastian-Matrella.jpeg",1024,682,false],"newsever-medium":["https:\/\/experienciadevida.com.ar\/portalurbano\/wp-content\/uploads\/2022\/02\/Sebastian-Matrella.jpeg",713,475,false],"web-stories-poster-portrait":["https:\/\/experienciadevida.com.ar\/portalurbano\/wp-content\/uploads\/2022\/02\/Sebastian-Matrella.jpeg",640,427,false],"web-stories-publisher-logo":["https:\/\/experienciadevida.com.ar\/portalurbano\/wp-content\/uploads\/2022\/02\/Sebastian-Matrella.jpeg",96,64,false],"web-stories-thumbnail":["https:\/\/experienciadevida.com.ar\/portalurbano\/wp-content\/uploads\/2022\/02\/Sebastian-Matrella.jpeg",150,100,false]},"author_info":{"display_name":"admpu17wp","author_link":"https:\/\/experienciadevida.com.ar\/portalurbano\/author\/admpu17wp\/"},"category_info":"<a href=\"https:\/\/experienciadevida.com.ar\/portalurbano\/category\/ciudad\/\" rel=\"category tag\">Ciudad<\/a> <a href=\"https:\/\/experienciadevida.com.ar\/portalurbano\/category\/destacadas-2\/\" rel=\"category tag\">Destacadas 2<\/a>","tag_info":"Destacadas 2","comment_count":"0","amp_enabled":true,"_links":{"self":[{"href":"https:\/\/experienciadevida.com.ar\/portalurbano\/wp-json\/wp\/v2\/posts\/162507"}],"collection":[{"href":"https:\/\/experienciadevida.com.ar\/portalurbano\/wp-json\/wp\/v2\/posts"}],"about":[{"href":"https:\/\/experienciadevida.com.ar\/portalurbano\/wp-json\/wp\/v2\/types\/post"}],"author":[{"embeddable":true,"href":"https:\/\/experienciadevida.com.ar\/portalurbano\/wp-json\/wp\/v2\/users\/1"}],"replies":[{"embeddable":true,"href":"https:\/\/experienciadevida.com.ar\/portalurbano\/wp-json\/wp\/v2\/comments?post=162507"}],"version-history":[{"count":3,"href":"https:\/\/experienciadevida.com.ar\/portalurbano\/wp-json\/wp\/v2\/posts\/162507\/revisions"}],"predecessor-version":[{"id":162511,"href":"https:\/\/experienciadevida.com.ar\/portalurbano\/wp-json\/wp\/v2\/posts\/162507\/revisions\/162511"}],"wp:featuredmedia":[{"embeddable":true,"href":"https:\/\/experienciadevida.com.ar\/portalurbano\/wp-json\/wp\/v2\/media\/162508"}],"wp:attachment":[{"href":"https:\/\/experienciadevida.com.ar\/portalurbano\/wp-json\/wp\/v2\/media?parent=162507"}],"wp:term":[{"taxonomy":"category","embeddable":true,"href":"https:\/\/experienciadevida.com.ar\/portalurbano\/wp-json\/wp\/v2\/categories?post=162507"},{"taxonomy":"post_tag","embeddable":true,"href":"https:\/\/experienciadevida.com.ar\/portalurbano\/wp-json\/wp\/v2\/tags?post=162507"}],"curies":[{"name":"wp","href":"https:\/\/api.w.org\/{rel}","templated":true}]}}