{"id":162481,"date":"2022-02-25T20:45:08","date_gmt":"2022-02-25T23:45:08","guid":{"rendered":"https:\/\/experienciadevida.com.ar\/portalurbano\/?p=162481"},"modified":"2022-02-25T20:47:02","modified_gmt":"2022-02-25T23:47:02","slug":"ezequiel-galli-en-loma-negra-finalizo-la-obra-de-cloacas","status":"publish","type":"post","link":"https:\/\/experienciadevida.com.ar\/portalurbano\/ezequiel-galli-en-loma-negra-finalizo-la-obra-de-cloacas\/","title":{"rendered":"Ezequiel Galli en Loma Negra: finaliz\u00f3 la obra de cloacas"},"content":{"rendered":"<p>Ezequiel Galli en Loma Negra: finaliz\u00f3 la obra de cloacas, en la ma\u00f1ana de este viernes, el intendente Ezequiel Galli realiz\u00f3 una recorrida por la localidad de Loma Negra \u2013acompa\u00f1ado por funcionarios municipales- que incluy\u00f3 una visita por la planta depuradora, en el marco de la finalizaci\u00f3n de la obras de cloacas.<\/p>\n<p>Durante la visita, el Intendente estuvo acompa\u00f1ado por los secretarios de Gobierno Hilario Galli y de Mantenimiento y Obras P\u00fablicas Julio Ferraro y el director del \u00c1rea de Contralor de Servicios Emanuel Laportilla, quien explic\u00f3 el funcionamiento de la planta.<\/p>\n<p>Tambi\u00e9n participaron de la recorrida el subsecretario de Gobierno Emilio Vitale y el director de Delegaciones C\u00e9sar Bournot.<\/p>\n<p>En la planta, visitaron la sala de control, ubicada en el primer piso del edificio, donde el Ing. Laportilla mostr\u00f3 el tablero de comando, desde donde se manejan las bombas de elevaci\u00f3n, la estaci\u00f3n de bombeo, aireadores y pozo de agua potable, que hacen al funcionamiento del sistema de lagunas.<\/p>\n<p>Desde all\u00ed, se dirigieron a la localidad de Loma Negra, para recorrer la etapa final de obra de ampliaci\u00f3n del servicio de cloacas, que comprende 20 manzanas y permitir\u00e1 beneficiar a una poblaci\u00f3n de 760 habitantes.<\/p>\n<p>\u201cLa puesta en funcionamiento de la red de cloacas permite cerrar un ciclo que se inici\u00f3 con la construcci\u00f3n de la planta depuradora. Nos pusimos a trabajar, planificar y ejecutar obras pensando en la salud de los vecinos, la sustentabilidad y el planeamiento de la ciudad\u201d,<\/p>\n<p>La obra de ampliaci\u00f3n abarca las redes de desag\u00fces cloacales comprendidas entre: Av. Libertad, Av. de los Inmigrantes, calle J. Becker y Av. Alberdi. Cabe aclarar que en Av. Libertad el servicio llegar\u00e1 a ambas aceras desde Av. Alberdi hasta Av. 9 de Julio, donde el proyecto tiene su salida hacia el colector de 250 mm existente. De esta manera, se lograr\u00e1 cubrir con el servicio sanitario unas 318 conexiones.<\/p>\n<p>Las redes se conectar\u00e1n al colector existente en la Avda. 9 de Julio y calle Libertad y las mismas podr\u00e1n habilitarse inmediatamente luego de la finalizaci\u00f3n de la obra.<\/p>\n<p>En forma complementaria, tambi\u00e9n se ejecut\u00f3 la construcci\u00f3n de bocas de registro de hormig\u00f3n de di\u00e1metro 1200 mm, colocaci\u00f3n de conexiones domiciliarias cortas y reparaci\u00f3n de pavimento de hormig\u00f3n en traza de la nueva red cloacal.<\/p>\n<p>Puntualmente, la red recorrer\u00e1 las calles: Alberdi entre Av. De los Inmigrantes y Av. Libertad, Santa Elena entre Av. De los Inmigrantes y Av. Libertad, Sarmiento entre Av. De los Inmigrantes y Av. Libertad, Brown entre Av. De los Inmigrantes y Av. Libertad, Av. 25 de mayo entre Av. De los Inmigrantes y Av. Libertad, A. Argentina entre Av. De los Inmigrantes y Av. Libertad, J. Becker entre Pte. H. Yrigoyen y Av. Libertad, 1\u00b0 de Mayo entre Alberdi y J. Becker, Pte. H. Yrigoyen entre Alberdi y J. Becker y Av. Libertad entre Alberdi y Av. 9 de julio.<\/p>\n<p>La ampliaci\u00f3n de la red cloacal constituye el servicio de saneamiento N\u00ba2, para tener una adecuada estructura sanitaria, junto con el agua potable que est\u00e1 en funcionamiento.<\/p>\n","protected":false},"excerpt":{"rendered":"<p>Ezequiel Galli en Loma Negra: finaliz\u00f3 la obra de cloacas, en la ma\u00f1ana de este&#8230;<\/p>\n","protected":false},"author":1,"featured_media":162482,"comment_status":"closed","ping_status":"closed","sticky":false,"template":"","format":"standard","meta":{"content-type":""},"categories":[27,64],"tags":[],"nelio_content":{"isAutoShareEnabled":false,"autoShareEndMode":"default","automationSources":{"useContentSentences":true,"useSocialTemplates":true,"useCustomSentences":false,"customSentences":[]},"followers":[1],"suggestedReferences":[],"includedReferences":[],"efiUrl":"","efiAlt":"","highlights":[]},"yoast_head":"<!-- This site is optimized with the Yoast SEO plugin v20.7 - https:\/\/yoast.com\/wordpress\/plugins\/seo\/ -->\n<title>Ezequiel Galli en Loma Negra: finaliz\u00f3 la obra de cloacas -<\/title>\n<meta name=\"robots\" content=\"index, follow, max-snippet:-1, max-image-preview:large, max-video-preview:-1\" \/>\n<link rel=\"canonical\" href=\"https:\/\/experienciadevida.com.ar\/portalurbano\/ezequiel-galli-en-loma-negra-finalizo-la-obra-de-cloacas\/\" \/>\n<meta property=\"og:locale\" content=\"es_ES\" \/>\n<meta property=\"og:type\" content=\"article\" \/>\n<meta property=\"og:title\" content=\"Ezequiel Galli en Loma Negra: finaliz\u00f3 la obra de cloacas -\" \/>\n<meta property=\"og:description\" content=\"Ezequiel Galli en Loma Negra: finaliz\u00f3 la obra de cloacas, en la ma\u00f1ana de este...\" \/>\n<meta property=\"og:url\" content=\"https:\/\/experienciadevida.com.ar\/portalurbano\/ezequiel-galli-en-loma-negra-finalizo-la-obra-de-cloacas\/\" \/>\n<meta property=\"article:publisher\" content=\"https:\/\/www.facebook.com\/Portal-Urbano-171542830093757\/\" \/>\n<meta property=\"article:published_time\" content=\"2022-02-25T23:45:08+00:00\" \/>\n<meta property=\"article:modified_time\" content=\"2022-02-25T23:47:02+00:00\" \/>\n<meta property=\"og:image\" content=\"https:\/\/experienciadevida.com.ar\/portalurbano\/wp-content\/uploads\/2022\/02\/Ezequiel-Galli-en-Loma-Negra-e1645832699805.jpg\" \/>\n\t<meta property=\"og:image:width\" content=\"765\" \/>\n\t<meta property=\"og:image:height\" content=\"511\" \/>\n\t<meta property=\"og:image:type\" content=\"image\/jpeg\" \/>\n<meta name=\"author\" content=\"admpu17wp\" \/>\n<meta name=\"twitter:card\" content=\"summary_large_image\" \/>\n<meta name=\"twitter:creator\" content=\"@portalurbanook\" \/>\n<meta name=\"twitter:site\" content=\"@portalurbanook\" \/>\n<meta name=\"twitter:label1\" content=\"Escrito por\" \/>\n\t<meta name=\"twitter:data1\" content=\"admpu17wp\" \/>\n\t<meta name=\"twitter:label2\" content=\"Tiempo de lectura\" \/>\n\t<meta name=\"twitter:data2\" content=\"3 minutos\" \/>\n<script type=\"application\/ld+json\" class=\"yoast-schema-graph\">{\"@context\":\"https:\/\/schema.org\",\"@graph\":[{\"@type\":\"Article\",\"@id\":\"https:\/\/experienciadevida.com.ar\/portalurbano\/ezequiel-galli-en-loma-negra-finalizo-la-obra-de-cloacas\/#article\",\"isPartOf\":{\"@id\":\"https:\/\/experienciadevida.com.ar\/portalurbano\/ezequiel-galli-en-loma-negra-finalizo-la-obra-de-cloacas\/\"},\"author\":{\"name\":\"admpu17wp\",\"@id\":\"https:\/\/experienciadevida.com.ar\/portalurbano\/#\/schema\/person\/02dd326b1c4b056e9cc972486934a3a7\"},\"headline\":\"Ezequiel Galli en Loma Negra: finaliz\u00f3 la obra de cloacas\",\"datePublished\":\"2022-02-25T23:45:08+00:00\",\"dateModified\":\"2022-02-25T23:47:02+00:00\",\"mainEntityOfPage\":{\"@id\":\"https:\/\/experienciadevida.com.ar\/portalurbano\/ezequiel-galli-en-loma-negra-finalizo-la-obra-de-cloacas\/\"},\"wordCount\":529,\"publisher\":{\"@id\":\"https:\/\/experienciadevida.com.ar\/portalurbano\/#organization\"},\"articleSection\":[\"Ciudad\",\"Destacadas 2\"],\"inLanguage\":\"es\"},{\"@type\":\"WebPage\",\"@id\":\"https:\/\/experienciadevida.com.ar\/portalurbano\/ezequiel-galli-en-loma-negra-finalizo-la-obra-de-cloacas\/\",\"url\":\"https:\/\/experienciadevida.com.ar\/portalurbano\/ezequiel-galli-en-loma-negra-finalizo-la-obra-de-cloacas\/\",\"name\":\"Ezequiel Galli en Loma Negra: finaliz\u00f3 la obra de cloacas -\",\"isPartOf\":{\"@id\":\"https:\/\/experienciadevida.com.ar\/portalurbano\/#website\"},\"datePublished\":\"2022-02-25T23:45:08+00:00\",\"dateModified\":\"2022-02-25T23:47:02+00:00\",\"breadcrumb\":{\"@id\":\"https:\/\/experienciadevida.com.ar\/portalurbano\/ezequiel-galli-en-loma-negra-finalizo-la-obra-de-cloacas\/#breadcrumb\"},\"inLanguage\":\"es\",\"potentialAction\":[{\"@type\":\"ReadAction\",\"target\":[\"https:\/\/experienciadevida.com.ar\/portalurbano\/ezequiel-galli-en-loma-negra-finalizo-la-obra-de-cloacas\/\"]}]},{\"@type\":\"BreadcrumbList\",\"@id\":\"https:\/\/experienciadevida.com.ar\/portalurbano\/ezequiel-galli-en-loma-negra-finalizo-la-obra-de-cloacas\/#breadcrumb\",\"itemListElement\":[{\"@type\":\"ListItem\",\"position\":1,\"name\":\"Portada\",\"item\":\"https:\/\/experienciadevida.com.ar\/portalurbano\/\"},{\"@type\":\"ListItem\",\"position\":2,\"name\":\"Ezequiel Galli en Loma Negra: finaliz\u00f3 la obra de cloacas\"}]},{\"@type\":\"WebSite\",\"@id\":\"https:\/\/experienciadevida.com.ar\/portalurbano\/#website\",\"url\":\"https:\/\/experienciadevida.com.ar\/portalurbano\/\",\"name\":\"\",\"description\":\"\",\"publisher\":{\"@id\":\"https:\/\/experienciadevida.com.ar\/portalurbano\/#organization\"},\"potentialAction\":[{\"@type\":\"SearchAction\",\"target\":{\"@type\":\"EntryPoint\",\"urlTemplate\":\"https:\/\/experienciadevida.com.ar\/portalurbano\/?s={search_term_string}\"},\"query-input\":\"required name=search_term_string\"}],\"inLanguage\":\"es\"},{\"@type\":\"Organization\",\"@id\":\"https:\/\/experienciadevida.com.ar\/portalurbano\/#organization\",\"name\":\"Portal Urbano\",\"url\":\"https:\/\/experienciadevida.com.ar\/portalurbano\/\",\"logo\":{\"@type\":\"ImageObject\",\"inLanguage\":\"es\",\"@id\":\"https:\/\/experienciadevida.com.ar\/portalurbano\/#\/schema\/logo\/image\/\",\"url\":\"https:\/\/experienciadevida.com.ar\/portalurbano\/wp-content\/uploads\/2019\/09\/Logo-Original.png\",\"contentUrl\":\"https:\/\/experienciadevida.com.ar\/portalurbano\/wp-content\/uploads\/2019\/09\/Logo-Original.png\",\"width\":2236,\"height\":1216,\"caption\":\"Portal Urbano\"},\"image\":{\"@id\":\"https:\/\/experienciadevida.com.ar\/portalurbano\/#\/schema\/logo\/image\/\"},\"sameAs\":[\"https:\/\/www.facebook.com\/Portal-Urbano-171542830093757\/\",\"https:\/\/twitter.com\/portalurbanook\",\"https:\/\/www.instagram.com\/_portalurbano\/\",\"https:\/\/www.youtube.com\/channel\/UCXhagIfszH8KxFiOok79zbA?view_as=subscriber\"]},{\"@type\":\"Person\",\"@id\":\"https:\/\/experienciadevida.com.ar\/portalurbano\/#\/schema\/person\/02dd326b1c4b056e9cc972486934a3a7\",\"name\":\"admpu17wp\",\"image\":{\"@type\":\"ImageObject\",\"inLanguage\":\"es\",\"@id\":\"https:\/\/experienciadevida.com.ar\/portalurbano\/#\/schema\/person\/image\/\",\"url\":\"https:\/\/secure.gravatar.com\/avatar\/830d4c57adaae6630765e449a6908047?s=96&d=mm&r=g\",\"contentUrl\":\"https:\/\/secure.gravatar.com\/avatar\/830d4c57adaae6630765e449a6908047?s=96&d=mm&r=g\",\"caption\":\"admpu17wp\"}}]}<\/script>\n<!-- \/ Yoast SEO plugin. -->","yoast_head_json":{"title":"Ezequiel Galli en Loma Negra: finaliz\u00f3 la obra de cloacas -","robots":{"index":"index","follow":"follow","max-snippet":"max-snippet:-1","max-image-preview":"max-image-preview:large","max-video-preview":"max-video-preview:-1"},"canonical":"https:\/\/experienciadevida.com.ar\/portalurbano\/ezequiel-galli-en-loma-negra-finalizo-la-obra-de-cloacas\/","og_locale":"es_ES","og_type":"article","og_title":"Ezequiel Galli en Loma Negra: finaliz\u00f3 la obra de cloacas -","og_description":"Ezequiel Galli en Loma Negra: finaliz\u00f3 la obra de cloacas, en la ma\u00f1ana de este...","og_url":"https:\/\/experienciadevida.com.ar\/portalurbano\/ezequiel-galli-en-loma-negra-finalizo-la-obra-de-cloacas\/","article_publisher":"https:\/\/www.facebook.com\/Portal-Urbano-171542830093757\/","article_published_time":"2022-02-25T23:45:08+00:00","article_modified_time":"2022-02-25T23:47:02+00:00","og_image":[{"width":765,"height":511,"url":"https:\/\/experienciadevida.com.ar\/portalurbano\/wp-content\/uploads\/2022\/02\/Ezequiel-Galli-en-Loma-Negra-e1645832699805.jpg","type":"image\/jpeg"}],"author":"admpu17wp","twitter_card":"summary_large_image","twitter_creator":"@portalurbanook","twitter_site":"@portalurbanook","twitter_misc":{"Escrito por":"admpu17wp","Tiempo de lectura":"3 minutos"},"schema":{"@context":"https:\/\/schema.org","@graph":[{"@type":"Article","@id":"https:\/\/experienciadevida.com.ar\/portalurbano\/ezequiel-galli-en-loma-negra-finalizo-la-obra-de-cloacas\/#article","isPartOf":{"@id":"https:\/\/experienciadevida.com.ar\/portalurbano\/ezequiel-galli-en-loma-negra-finalizo-la-obra-de-cloacas\/"},"author":{"name":"admpu17wp","@id":"https:\/\/experienciadevida.com.ar\/portalurbano\/#\/schema\/person\/02dd326b1c4b056e9cc972486934a3a7"},"headline":"Ezequiel Galli en Loma Negra: finaliz\u00f3 la obra de cloacas","datePublished":"2022-02-25T23:45:08+00:00","dateModified":"2022-02-25T23:47:02+00:00","mainEntityOfPage":{"@id":"https:\/\/experienciadevida.com.ar\/portalurbano\/ezequiel-galli-en-loma-negra-finalizo-la-obra-de-cloacas\/"},"wordCount":529,"publisher":{"@id":"https:\/\/experienciadevida.com.ar\/portalurbano\/#organization"},"articleSection":["Ciudad","Destacadas 2"],"inLanguage":"es"},{"@type":"WebPage","@id":"https:\/\/experienciadevida.com.ar\/portalurbano\/ezequiel-galli-en-loma-negra-finalizo-la-obra-de-cloacas\/","url":"https:\/\/experienciadevida.com.ar\/portalurbano\/ezequiel-galli-en-loma-negra-finalizo-la-obra-de-cloacas\/","name":"Ezequiel Galli en Loma Negra: finaliz\u00f3 la obra de cloacas -","isPartOf":{"@id":"https:\/\/experienciadevida.com.ar\/portalurbano\/#website"},"datePublished":"2022-02-25T23:45:08+00:00","dateModified":"2022-02-25T23:47:02+00:00","breadcrumb":{"@id":"https:\/\/experienciadevida.com.ar\/portalurbano\/ezequiel-galli-en-loma-negra-finalizo-la-obra-de-cloacas\/#breadcrumb"},"inLanguage":"es","potentialAction":[{"@type":"ReadAction","target":["https:\/\/experienciadevida.com.ar\/portalurbano\/ezequiel-galli-en-loma-negra-finalizo-la-obra-de-cloacas\/"]}]},{"@type":"BreadcrumbList","@id":"https:\/\/experienciadevida.com.ar\/portalurbano\/ezequiel-galli-en-loma-negra-finalizo-la-obra-de-cloacas\/#breadcrumb","itemListElement":[{"@type":"ListItem","position":1,"name":"Portada","item":"https:\/\/experienciadevida.com.ar\/portalurbano\/"},{"@type":"ListItem","position":2,"name":"Ezequiel Galli en Loma Negra: finaliz\u00f3 la obra de cloacas"}]},{"@type":"WebSite","@id":"https:\/\/experienciadevida.com.ar\/portalurbano\/#website","url":"https:\/\/experienciadevida.com.ar\/portalurbano\/","name":"","description":"","publisher":{"@id":"https:\/\/experienciadevida.com.ar\/portalurbano\/#organization"},"potentialAction":[{"@type":"SearchAction","target":{"@type":"EntryPoint","urlTemplate":"https:\/\/experienciadevida.com.ar\/portalurbano\/?s={search_term_string}"},"query-input":"required name=search_term_string"}],"inLanguage":"es"},{"@type":"Organization","@id":"https:\/\/experienciadevida.com.ar\/portalurbano\/#organization","name":"Portal Urbano","url":"https:\/\/experienciadevida.com.ar\/portalurbano\/","logo":{"@type":"ImageObject","inLanguage":"es","@id":"https:\/\/experienciadevida.com.ar\/portalurbano\/#\/schema\/logo\/image\/","url":"https:\/\/experienciadevida.com.ar\/portalurbano\/wp-content\/uploads\/2019\/09\/Logo-Original.png","contentUrl":"https:\/\/experienciadevida.com.ar\/portalurbano\/wp-content\/uploads\/2019\/09\/Logo-Original.png","width":2236,"height":1216,"caption":"Portal Urbano"},"image":{"@id":"https:\/\/experienciadevida.com.ar\/portalurbano\/#\/schema\/logo\/image\/"},"sameAs":["https:\/\/www.facebook.com\/Portal-Urbano-171542830093757\/","https:\/\/twitter.com\/portalurbanook","https:\/\/www.instagram.com\/_portalurbano\/","https:\/\/www.youtube.com\/channel\/UCXhagIfszH8KxFiOok79zbA?view_as=subscriber"]},{"@type":"Person","@id":"https:\/\/experienciadevida.com.ar\/portalurbano\/#\/schema\/person\/02dd326b1c4b056e9cc972486934a3a7","name":"admpu17wp","image":{"@type":"ImageObject","inLanguage":"es","@id":"https:\/\/experienciadevida.com.ar\/portalurbano\/#\/schema\/person\/image\/","url":"https:\/\/secure.gravatar.com\/avatar\/830d4c57adaae6630765e449a6908047?s=96&d=mm&r=g","contentUrl":"https:\/\/secure.gravatar.com\/avatar\/830d4c57adaae6630765e449a6908047?s=96&d=mm&r=g","caption":"admpu17wp"}}]}},"featured_image_urls":{"full":["https:\/\/experienciadevida.com.ar\/portalurbano\/wp-content\/uploads\/2022\/02\/Ezequiel-Galli-en-Loma-Negra-e1645832699805.jpg",765,511,false],"thumbnail":["https:\/\/experienciadevida.com.ar\/portalurbano\/wp-content\/uploads\/2022\/02\/Ezequiel-Galli-en-Loma-Negra-150x150.jpg",150,150,true],"medium":["https:\/\/experienciadevida.com.ar\/portalurbano\/wp-content\/uploads\/2022\/02\/Ezequiel-Galli-en-Loma-Negra-300x201.jpg",300,201,true],"medium_large":["https:\/\/experienciadevida.com.ar\/portalurbano\/wp-content\/uploads\/2022\/02\/Ezequiel-Galli-en-Loma-Negra-768x513.jpg",640,428,true],"large":["https:\/\/experienciadevida.com.ar\/portalurbano\/wp-content\/uploads\/2022\/02\/Ezequiel-Galli-en-Loma-Negra-1024x684.jpg",640,428,true],"ug_big":["https:\/\/experienciadevida.com.ar\/portalurbano\/wp-content\/uploads\/2022\/02\/Ezequiel-Galli-en-Loma-Negra-768x513.jpg",768,513,true],"1536x1536":["https:\/\/experienciadevida.com.ar\/portalurbano\/wp-content\/uploads\/2022\/02\/Ezequiel-Galli-en-Loma-Negra-1536x1027.jpg",1536,1027,true],"2048x2048":["https:\/\/experienciadevida.com.ar\/portalurbano\/wp-content\/uploads\/2022\/02\/Ezequiel-Galli-en-Loma-Negra-2048x1369.jpg",2048,1369,true],"newsever-slider-full":["https:\/\/experienciadevida.com.ar\/portalurbano\/wp-content\/uploads\/2022\/02\/Ezequiel-Galli-en-Loma-Negra-e1645832699805.jpg",765,511,false],"newsever-featured":["https:\/\/experienciadevida.com.ar\/portalurbano\/wp-content\/uploads\/2022\/02\/Ezequiel-Galli-en-Loma-Negra-e1645832699805.jpg",765,511,false],"newsever-medium":["https:\/\/experienciadevida.com.ar\/portalurbano\/wp-content\/uploads\/2022\/02\/Ezequiel-Galli-en-Loma-Negra-e1645832699805.jpg",711,475,false],"web-stories-poster-portrait":["https:\/\/experienciadevida.com.ar\/portalurbano\/wp-content\/uploads\/2022\/02\/Ezequiel-Galli-en-Loma-Negra-e1645832699805.jpg",640,428,false],"web-stories-publisher-logo":["https:\/\/experienciadevida.com.ar\/portalurbano\/wp-content\/uploads\/2022\/02\/Ezequiel-Galli-en-Loma-Negra-e1645832699805.jpg",96,64,false],"web-stories-thumbnail":["https:\/\/experienciadevida.com.ar\/portalurbano\/wp-content\/uploads\/2022\/02\/Ezequiel-Galli-en-Loma-Negra-e1645832699805.jpg",150,100,false]},"author_info":{"display_name":"admpu17wp","author_link":"https:\/\/experienciadevida.com.ar\/portalurbano\/author\/admpu17wp\/"},"category_info":"<a href=\"https:\/\/experienciadevida.com.ar\/portalurbano\/category\/ciudad\/\" rel=\"category tag\">Ciudad<\/a> <a href=\"https:\/\/experienciadevida.com.ar\/portalurbano\/category\/destacadas-2\/\" rel=\"category tag\">Destacadas 2<\/a>","tag_info":"Destacadas 2","comment_count":"0","amp_enabled":true,"_links":{"self":[{"href":"https:\/\/experienciadevida.com.ar\/portalurbano\/wp-json\/wp\/v2\/posts\/162481"}],"collection":[{"href":"https:\/\/experienciadevida.com.ar\/portalurbano\/wp-json\/wp\/v2\/posts"}],"about":[{"href":"https:\/\/experienciadevida.com.ar\/portalurbano\/wp-json\/wp\/v2\/types\/post"}],"author":[{"embeddable":true,"href":"https:\/\/experienciadevida.com.ar\/portalurbano\/wp-json\/wp\/v2\/users\/1"}],"replies":[{"embeddable":true,"href":"https:\/\/experienciadevida.com.ar\/portalurbano\/wp-json\/wp\/v2\/comments?post=162481"}],"version-history":[{"count":1,"href":"https:\/\/experienciadevida.com.ar\/portalurbano\/wp-json\/wp\/v2\/posts\/162481\/revisions"}],"predecessor-version":[{"id":162483,"href":"https:\/\/experienciadevida.com.ar\/portalurbano\/wp-json\/wp\/v2\/posts\/162481\/revisions\/162483"}],"wp:featuredmedia":[{"embeddable":true,"href":"https:\/\/experienciadevida.com.ar\/portalurbano\/wp-json\/wp\/v2\/media\/162482"}],"wp:attachment":[{"href":"https:\/\/experienciadevida.com.ar\/portalurbano\/wp-json\/wp\/v2\/media?parent=162481"}],"wp:term":[{"taxonomy":"category","embeddable":true,"href":"https:\/\/experienciadevida.com.ar\/portalurbano\/wp-json\/wp\/v2\/categories?post=162481"},{"taxonomy":"post_tag","embeddable":true,"href":"https:\/\/experienciadevida.com.ar\/portalurbano\/wp-json\/wp\/v2\/tags?post=162481"}],"curies":[{"name":"wp","href":"https:\/\/api.w.org\/{rel}","templated":true}]}}