{"id":162449,"date":"2022-02-25T16:24:08","date_gmt":"2022-02-25T19:24:08","guid":{"rendered":"https:\/\/experienciadevida.com.ar\/portalurbano\/?p=162449"},"modified":"2022-02-25T16:24:44","modified_gmt":"2022-02-25T19:24:44","slug":"el-reconocido-futbolista-reinicio-las-visitas-presenciales-en-sierra-chica","status":"publish","type":"post","link":"https:\/\/experienciadevida.com.ar\/portalurbano\/el-reconocido-futbolista-reinicio-las-visitas-presenciales-en-sierra-chica\/","title":{"rendered":"El reconocido futbolista reinici\u00f3 las visitas presenciales en Sierra Chica"},"content":{"rendered":"<p>El reconocido futbolista reinici\u00f3 las visitas presenciales en Sierra Chica, Mat\u00edas Abelairas comparti\u00f3 su experiencia de vida deportiva con internos de la Unidad N\u00ba 27.<\/p>\n<p><a href=\"https:\/\/experienciadevida.com.ar\/portalurbano\/el-reconocido-futbolista-reinicio-las-visitas-presenciales-en-sierra-chica\/el-reconocido\/\" rel=\"attachment wp-att-162451\"><img decoding=\"async\" class=\"alignnone size-full wp-image-162451\" src=\"https:\/\/experienciadevida.com.ar\/portalurbano\/wp-content\/uploads\/2022\/02\/El-reconocido.jpeg\" alt=\"El reconocido \" width=\"780\" height=\"520\" srcset=\"https:\/\/experienciadevida.com.ar\/portalurbano\/wp-content\/uploads\/2022\/02\/El-reconocido.jpeg 780w, https:\/\/experienciadevida.com.ar\/portalurbano\/wp-content\/uploads\/2022\/02\/El-reconocido-300x200.jpeg 300w, https:\/\/experienciadevida.com.ar\/portalurbano\/wp-content\/uploads\/2022\/02\/El-reconocido-768x512.jpeg 768w\" sizes=\"(max-width: 780px) 100vw, 780px\" \/><\/a><\/p>\n<p>El jueves por la ma\u00f1ana Mat\u00edas Abelairas, reconocido futbolista olavarriense que jug\u00f3 en la primera de River Plate, brind\u00f3 una charla a los internos alojados en la Unidad Penitenciaria N\u00ba 27 de Sierra Chica en el marco de las actividades tratamentales que se llevan adelante en los establecimientos penales bonaerenses.<\/p>\n<p>Fue recibido por el subdirector de Seguridad Prefecto Mayor Pablo \u00c1vila, el Coordinador General de Educaci\u00f3n, Cultura y Deportes del Complejo Penitenciario Centro Zona Sur, Prefecto mayor Alejandro Luj\u00e1n, el profesor de Educaci\u00f3n F\u00edsica Subprefecto Mart\u00edn L\u00f3pez, el subjefe de Asistencia y Tratamiento Subprefecto Luciano Moulins y varios agentes que se acercaron a conocerlo personalmente y saludarlo.<\/p>\n<p>La charla fue gestionada a trav\u00e9s de Moulins, quien es amigo \u00edntimo del deportista y en un trabajo conjunto con el \u00e1rea de deportes de la Unidad, luego de analizar la cantidad de internos que participan en la pr\u00e1ctica del f\u00fatbol, oscilan entre 30 y 40 por d\u00eda, propusieron a los directivos la idea de convocar a Abelairas para incentivarlos.<\/p>\n<p>Desde la Direcci\u00f3n de la Unidad la propuesta es trabajar fuertemente en los procesos de tratamiento destinados a que los internos mejoren sus h\u00e1bitos para una vida saludable, f\u00edsica y mentalmente. En la actualidad, de los 188<br \/>\ndetenidos, cerca del 70 por ciento realizan actividades deportivas como bochas, tenis criollo, fierros, atletismo y f\u00fatbol.<\/p>\n<p>El reconocido futbolista reinici\u00f3 las visitas presenciales en Sierra Chica, la invitaci\u00f3n a Abelairas es un claro ejemplo de esto, quien con su sencillez como sello, una sonrisa c\u00e1lida y c\u00f3mplice capt\u00f3 la atenci\u00f3n de los m\u00e1s de 40 internos que r\u00e1pidamente generaron un ida y vuelta de preguntas que el \u201cPitu\u201d -como lo conocen- respondi\u00f3 sumando an\u00e9cdotas que todos disfrutaron, al relato de su carrera profesional.<\/p>\n<p>\u201cA los 12 a\u00f1os vinieron a Olavarr\u00eda a buscarme de River, club del cual soy hincha, mis padres no me permitieron irme, pero a los 13 llegu\u00e9 a la pensi\u00f3n del Millonario junto a otro mont\u00f3n de pibes llenos de sue\u00f1os, el m\u00edo estaba bien claro: quer\u00eda llegar a la primera divisi\u00f3n, el camino no fue f\u00e1cil y mis viejos me acompa\u00f1aron mucho. Fue un recorrido largo donde muchos chicos lamentablemente quedaron en el camino, River es un club muy grande\u201d, cont\u00f3 el jugador frente a un auditorio \u00e1vido de su historia.<\/p>\n<p>\u201cSi tuviera que decir c\u00f3mo llegu\u00e9 hasta ac\u00e1, dir\u00eda que tuve mucha constancia, trabajo y esfuerzo, todo lo que logre fue gracias a eso. Mucha fortaleza en la cabeza, disciplina, esas fueron las claves. Saber lo que uno quiere y no bajar jam\u00e1s los brazos, redoblar entrenamientos y reforzar el cuerpo\u201d, comprometido en cada una de sus palabras lleg\u00f3 al coraz\u00f3n de internos y agentes que lo escuchaban.<\/p>\n<p>Una de las an\u00e9cdotas que gener\u00f3 m\u00e1s y m\u00e1s preguntas fue el haber compartido la cancha con Messi. \u201cJugu\u00e9 con Messi cuando \u00e9l ten\u00eda 16 y yo 19, ni lo conoc\u00edamos, reci\u00e9n hab\u00eda llegado de Espa\u00f1a, estaba en las inferiores del Barcelona. En el entrenamiento no pod\u00edamos creer lo que jugaba, calladito, re humilde, la rompi\u00f3 en los dos partidos que jugamos juntos, meti\u00f3 2 goles terribles frente a Paraguay y 2 frente a Uruguay. A los dos meses arranc\u00f3 en la primera del Barcelona. Me qued\u00f3 la an\u00e9cdota de haber compartido la cancha con \u00e9l\u201d, relat\u00f3 con la misma humildad con la que reconoce que hoy \u201cdisfruto mucho jugar en el Club El Fort\u00edn, donde me inicie, ahora en primera divisi\u00f3n, en mi ciudad y con mi gente\u201d.<\/p>\n<p>En la actualidad Abelairas regres\u00f3 a El Fort\u00edn de Olavarr\u00eda, el club de sus inicios, con 36 a\u00f1os y de \u00faltimo paso por el Palmaflor de Bolivia. En Argentina pas\u00f3 por River, Banfield e Independiente de Rivadavia, en Escocia en el Glasgow Rangers, en Brasil en el Vasco da Gama, en M\u00e9xico en el Puebla, en la Uni\u00f3n Espa\u00f1ola de Chile, en Rumania en el Vaslui, en Chipre en el Nea Salamina Famagusta y Bolivia. Obtuvo dos Torneos Clausuras con el Millonario en 2004 y 2008 y dos competencias con Uni\u00f3n Espa\u00f1ola: la Primera Divisi\u00f3n y la Supercopa de Chile, ambas en 2013.<\/p>\n<p>Luego de la charla, que dur\u00f3 alrededor de dos horas, el futbolista comparti\u00f3 un refrigerio con los internos y los agentes penitenciarios, firm\u00f3 remeras, se sac\u00f3 fotos y videos en un clima de calidez y cercan\u00eda.<\/p>\n<p>Luciano Moulins, en nombre de la Unidad 27, le entreg\u00f3 un diploma de agradecimiento por haber brindado su tiempo y experiencia a los internos y tambi\u00e9n un bolso matero confeccionado por uno de los internos fiel hincha<br \/>\nde River. Para finalizar Abelairas se despidi\u00f3 con el compromiso de regresar para jugar con sus compa\u00f1eros de El Fort\u00edn en la cancha central de la Unidad que en este momento se encuentra en plenos trabajos de reacondicionamiento.<\/p>\n<p>Fuente y Fotos: Servicio Penitenciario Bonaerense<\/p>\n","protected":false},"excerpt":{"rendered":"<p>El reconocido futbolista reinici\u00f3 las visitas presenciales en Sierra Chica, Mat\u00edas Abelairas comparti\u00f3 su experiencia&#8230;<\/p>\n","protected":false},"author":1,"featured_media":162450,"comment_status":"closed","ping_status":"closed","sticky":false,"template":"","format":"standard","meta":{"content-type":""},"categories":[27],"tags":[],"nelio_content":{"isAutoShareEnabled":false,"autoShareEndMode":"default","automationSources":{"useContentSentences":true,"useSocialTemplates":true,"useCustomSentences":false,"customSentences":[]},"followers":[1],"suggestedReferences":[],"includedReferences":[],"efiUrl":"","efiAlt":"","highlights":[]},"yoast_head":"<!-- This site is optimized with the Yoast SEO plugin v20.7 - https:\/\/yoast.com\/wordpress\/plugins\/seo\/ -->\n<title>El reconocido futbolista reinici\u00f3 las visitas presenciales en S. Chica<\/title>\n<meta name=\"description\" content=\"El reconocido futbolista reinici\u00f3 las visitas presenciales en Sierra Chica, Mat\u00edas Abelairas comparti\u00f3 su experiencia de vida deportista\" \/>\n<meta name=\"robots\" content=\"index, follow, max-snippet:-1, max-image-preview:large, max-video-preview:-1\" \/>\n<link rel=\"canonical\" href=\"https:\/\/experienciadevida.com.ar\/portalurbano\/el-reconocido-futbolista-reinicio-las-visitas-presenciales-en-sierra-chica\/\" \/>\n<meta property=\"og:locale\" content=\"es_ES\" \/>\n<meta property=\"og:type\" content=\"article\" \/>\n<meta property=\"og:title\" content=\"El reconocido futbolista reinici\u00f3 las visitas presenciales en S. Chica\" \/>\n<meta property=\"og:description\" content=\"El reconocido futbolista reinici\u00f3 las visitas presenciales en Sierra Chica, Mat\u00edas Abelairas comparti\u00f3 su experiencia de vida deportista\" \/>\n<meta property=\"og:url\" content=\"https:\/\/experienciadevida.com.ar\/portalurbano\/el-reconocido-futbolista-reinicio-las-visitas-presenciales-en-sierra-chica\/\" \/>\n<meta property=\"article:publisher\" content=\"https:\/\/www.facebook.com\/Portal-Urbano-171542830093757\/\" \/>\n<meta property=\"article:published_time\" content=\"2022-02-25T19:24:08+00:00\" \/>\n<meta property=\"article:modified_time\" content=\"2022-02-25T19:24:44+00:00\" \/>\n<meta property=\"og:image\" content=\"https:\/\/experienciadevida.com.ar\/portalurbano\/wp-content\/uploads\/2022\/02\/El-reconocido-futbolista-reinicio.jpeg\" \/>\n\t<meta property=\"og:image:width\" content=\"1040\" \/>\n\t<meta property=\"og:image:height\" content=\"780\" \/>\n\t<meta property=\"og:image:type\" content=\"image\/jpeg\" \/>\n<meta name=\"author\" content=\"admpu17wp\" \/>\n<meta name=\"twitter:card\" content=\"summary_large_image\" \/>\n<meta name=\"twitter:creator\" content=\"@portalurbanook\" \/>\n<meta name=\"twitter:site\" content=\"@portalurbanook\" \/>\n<meta name=\"twitter:label1\" content=\"Escrito por\" \/>\n\t<meta name=\"twitter:data1\" content=\"admpu17wp\" \/>\n\t<meta name=\"twitter:label2\" content=\"Tiempo de lectura\" \/>\n\t<meta name=\"twitter:data2\" content=\"4 minutos\" \/>\n<script type=\"application\/ld+json\" class=\"yoast-schema-graph\">{\"@context\":\"https:\/\/schema.org\",\"@graph\":[{\"@type\":\"Article\",\"@id\":\"https:\/\/experienciadevida.com.ar\/portalurbano\/el-reconocido-futbolista-reinicio-las-visitas-presenciales-en-sierra-chica\/#article\",\"isPartOf\":{\"@id\":\"https:\/\/experienciadevida.com.ar\/portalurbano\/el-reconocido-futbolista-reinicio-las-visitas-presenciales-en-sierra-chica\/\"},\"author\":{\"name\":\"admpu17wp\",\"@id\":\"https:\/\/experienciadevida.com.ar\/portalurbano\/#\/schema\/person\/02dd326b1c4b056e9cc972486934a3a7\"},\"headline\":\"El reconocido futbolista reinici\u00f3 las visitas presenciales en Sierra Chica\",\"datePublished\":\"2022-02-25T19:24:08+00:00\",\"dateModified\":\"2022-02-25T19:24:44+00:00\",\"mainEntityOfPage\":{\"@id\":\"https:\/\/experienciadevida.com.ar\/portalurbano\/el-reconocido-futbolista-reinicio-las-visitas-presenciales-en-sierra-chica\/\"},\"wordCount\":877,\"publisher\":{\"@id\":\"https:\/\/experienciadevida.com.ar\/portalurbano\/#organization\"},\"articleSection\":[\"Ciudad\"],\"inLanguage\":\"es\"},{\"@type\":\"WebPage\",\"@id\":\"https:\/\/experienciadevida.com.ar\/portalurbano\/el-reconocido-futbolista-reinicio-las-visitas-presenciales-en-sierra-chica\/\",\"url\":\"https:\/\/experienciadevida.com.ar\/portalurbano\/el-reconocido-futbolista-reinicio-las-visitas-presenciales-en-sierra-chica\/\",\"name\":\"El reconocido futbolista reinici\u00f3 las visitas presenciales en S. Chica\",\"isPartOf\":{\"@id\":\"https:\/\/experienciadevida.com.ar\/portalurbano\/#website\"},\"datePublished\":\"2022-02-25T19:24:08+00:00\",\"dateModified\":\"2022-02-25T19:24:44+00:00\",\"description\":\"El reconocido futbolista reinici\u00f3 las visitas presenciales en Sierra Chica, Mat\u00edas Abelairas comparti\u00f3 su experiencia de vida deportista\",\"breadcrumb\":{\"@id\":\"https:\/\/experienciadevida.com.ar\/portalurbano\/el-reconocido-futbolista-reinicio-las-visitas-presenciales-en-sierra-chica\/#breadcrumb\"},\"inLanguage\":\"es\",\"potentialAction\":[{\"@type\":\"ReadAction\",\"target\":[\"https:\/\/experienciadevida.com.ar\/portalurbano\/el-reconocido-futbolista-reinicio-las-visitas-presenciales-en-sierra-chica\/\"]}]},{\"@type\":\"BreadcrumbList\",\"@id\":\"https:\/\/experienciadevida.com.ar\/portalurbano\/el-reconocido-futbolista-reinicio-las-visitas-presenciales-en-sierra-chica\/#breadcrumb\",\"itemListElement\":[{\"@type\":\"ListItem\",\"position\":1,\"name\":\"Portada\",\"item\":\"https:\/\/experienciadevida.com.ar\/portalurbano\/\"},{\"@type\":\"ListItem\",\"position\":2,\"name\":\"El reconocido futbolista reinici\u00f3 las visitas presenciales en Sierra Chica\"}]},{\"@type\":\"WebSite\",\"@id\":\"https:\/\/experienciadevida.com.ar\/portalurbano\/#website\",\"url\":\"https:\/\/experienciadevida.com.ar\/portalurbano\/\",\"name\":\"\",\"description\":\"\",\"publisher\":{\"@id\":\"https:\/\/experienciadevida.com.ar\/portalurbano\/#organization\"},\"potentialAction\":[{\"@type\":\"SearchAction\",\"target\":{\"@type\":\"EntryPoint\",\"urlTemplate\":\"https:\/\/experienciadevida.com.ar\/portalurbano\/?s={search_term_string}\"},\"query-input\":\"required name=search_term_string\"}],\"inLanguage\":\"es\"},{\"@type\":\"Organization\",\"@id\":\"https:\/\/experienciadevida.com.ar\/portalurbano\/#organization\",\"name\":\"Portal Urbano\",\"url\":\"https:\/\/experienciadevida.com.ar\/portalurbano\/\",\"logo\":{\"@type\":\"ImageObject\",\"inLanguage\":\"es\",\"@id\":\"https:\/\/experienciadevida.com.ar\/portalurbano\/#\/schema\/logo\/image\/\",\"url\":\"https:\/\/experienciadevida.com.ar\/portalurbano\/wp-content\/uploads\/2019\/09\/Logo-Original.png\",\"contentUrl\":\"https:\/\/experienciadevida.com.ar\/portalurbano\/wp-content\/uploads\/2019\/09\/Logo-Original.png\",\"width\":2236,\"height\":1216,\"caption\":\"Portal Urbano\"},\"image\":{\"@id\":\"https:\/\/experienciadevida.com.ar\/portalurbano\/#\/schema\/logo\/image\/\"},\"sameAs\":[\"https:\/\/www.facebook.com\/Portal-Urbano-171542830093757\/\",\"https:\/\/twitter.com\/portalurbanook\",\"https:\/\/www.instagram.com\/_portalurbano\/\",\"https:\/\/www.youtube.com\/channel\/UCXhagIfszH8KxFiOok79zbA?view_as=subscriber\"]},{\"@type\":\"Person\",\"@id\":\"https:\/\/experienciadevida.com.ar\/portalurbano\/#\/schema\/person\/02dd326b1c4b056e9cc972486934a3a7\",\"name\":\"admpu17wp\",\"image\":{\"@type\":\"ImageObject\",\"inLanguage\":\"es\",\"@id\":\"https:\/\/experienciadevida.com.ar\/portalurbano\/#\/schema\/person\/image\/\",\"url\":\"https:\/\/secure.gravatar.com\/avatar\/830d4c57adaae6630765e449a6908047?s=96&d=mm&r=g\",\"contentUrl\":\"https:\/\/secure.gravatar.com\/avatar\/830d4c57adaae6630765e449a6908047?s=96&d=mm&r=g\",\"caption\":\"admpu17wp\"}}]}<\/script>\n<!-- \/ Yoast SEO plugin. -->","yoast_head_json":{"title":"El reconocido futbolista reinici\u00f3 las visitas presenciales en S. Chica","description":"El reconocido futbolista reinici\u00f3 las visitas presenciales en Sierra Chica, Mat\u00edas Abelairas comparti\u00f3 su experiencia de vida deportista","robots":{"index":"index","follow":"follow","max-snippet":"max-snippet:-1","max-image-preview":"max-image-preview:large","max-video-preview":"max-video-preview:-1"},"canonical":"https:\/\/experienciadevida.com.ar\/portalurbano\/el-reconocido-futbolista-reinicio-las-visitas-presenciales-en-sierra-chica\/","og_locale":"es_ES","og_type":"article","og_title":"El reconocido futbolista reinici\u00f3 las visitas presenciales en S. Chica","og_description":"El reconocido futbolista reinici\u00f3 las visitas presenciales en Sierra Chica, Mat\u00edas Abelairas comparti\u00f3 su experiencia de vida deportista","og_url":"https:\/\/experienciadevida.com.ar\/portalurbano\/el-reconocido-futbolista-reinicio-las-visitas-presenciales-en-sierra-chica\/","article_publisher":"https:\/\/www.facebook.com\/Portal-Urbano-171542830093757\/","article_published_time":"2022-02-25T19:24:08+00:00","article_modified_time":"2022-02-25T19:24:44+00:00","og_image":[{"width":1040,"height":780,"url":"https:\/\/experienciadevida.com.ar\/portalurbano\/wp-content\/uploads\/2022\/02\/El-reconocido-futbolista-reinicio.jpeg","type":"image\/jpeg"}],"author":"admpu17wp","twitter_card":"summary_large_image","twitter_creator":"@portalurbanook","twitter_site":"@portalurbanook","twitter_misc":{"Escrito por":"admpu17wp","Tiempo de lectura":"4 minutos"},"schema":{"@context":"https:\/\/schema.org","@graph":[{"@type":"Article","@id":"https:\/\/experienciadevida.com.ar\/portalurbano\/el-reconocido-futbolista-reinicio-las-visitas-presenciales-en-sierra-chica\/#article","isPartOf":{"@id":"https:\/\/experienciadevida.com.ar\/portalurbano\/el-reconocido-futbolista-reinicio-las-visitas-presenciales-en-sierra-chica\/"},"author":{"name":"admpu17wp","@id":"https:\/\/experienciadevida.com.ar\/portalurbano\/#\/schema\/person\/02dd326b1c4b056e9cc972486934a3a7"},"headline":"El reconocido futbolista reinici\u00f3 las visitas presenciales en Sierra Chica","datePublished":"2022-02-25T19:24:08+00:00","dateModified":"2022-02-25T19:24:44+00:00","mainEntityOfPage":{"@id":"https:\/\/experienciadevida.com.ar\/portalurbano\/el-reconocido-futbolista-reinicio-las-visitas-presenciales-en-sierra-chica\/"},"wordCount":877,"publisher":{"@id":"https:\/\/experienciadevida.com.ar\/portalurbano\/#organization"},"articleSection":["Ciudad"],"inLanguage":"es"},{"@type":"WebPage","@id":"https:\/\/experienciadevida.com.ar\/portalurbano\/el-reconocido-futbolista-reinicio-las-visitas-presenciales-en-sierra-chica\/","url":"https:\/\/experienciadevida.com.ar\/portalurbano\/el-reconocido-futbolista-reinicio-las-visitas-presenciales-en-sierra-chica\/","name":"El reconocido futbolista reinici\u00f3 las visitas presenciales en S. Chica","isPartOf":{"@id":"https:\/\/experienciadevida.com.ar\/portalurbano\/#website"},"datePublished":"2022-02-25T19:24:08+00:00","dateModified":"2022-02-25T19:24:44+00:00","description":"El reconocido futbolista reinici\u00f3 las visitas presenciales en Sierra Chica, Mat\u00edas Abelairas comparti\u00f3 su experiencia de vida deportista","breadcrumb":{"@id":"https:\/\/experienciadevida.com.ar\/portalurbano\/el-reconocido-futbolista-reinicio-las-visitas-presenciales-en-sierra-chica\/#breadcrumb"},"inLanguage":"es","potentialAction":[{"@type":"ReadAction","target":["https:\/\/experienciadevida.com.ar\/portalurbano\/el-reconocido-futbolista-reinicio-las-visitas-presenciales-en-sierra-chica\/"]}]},{"@type":"BreadcrumbList","@id":"https:\/\/experienciadevida.com.ar\/portalurbano\/el-reconocido-futbolista-reinicio-las-visitas-presenciales-en-sierra-chica\/#breadcrumb","itemListElement":[{"@type":"ListItem","position":1,"name":"Portada","item":"https:\/\/experienciadevida.com.ar\/portalurbano\/"},{"@type":"ListItem","position":2,"name":"El reconocido futbolista reinici\u00f3 las visitas presenciales en Sierra Chica"}]},{"@type":"WebSite","@id":"https:\/\/experienciadevida.com.ar\/portalurbano\/#website","url":"https:\/\/experienciadevida.com.ar\/portalurbano\/","name":"","description":"","publisher":{"@id":"https:\/\/experienciadevida.com.ar\/portalurbano\/#organization"},"potentialAction":[{"@type":"SearchAction","target":{"@type":"EntryPoint","urlTemplate":"https:\/\/experienciadevida.com.ar\/portalurbano\/?s={search_term_string}"},"query-input":"required name=search_term_string"}],"inLanguage":"es"},{"@type":"Organization","@id":"https:\/\/experienciadevida.com.ar\/portalurbano\/#organization","name":"Portal Urbano","url":"https:\/\/experienciadevida.com.ar\/portalurbano\/","logo":{"@type":"ImageObject","inLanguage":"es","@id":"https:\/\/experienciadevida.com.ar\/portalurbano\/#\/schema\/logo\/image\/","url":"https:\/\/experienciadevida.com.ar\/portalurbano\/wp-content\/uploads\/2019\/09\/Logo-Original.png","contentUrl":"https:\/\/experienciadevida.com.ar\/portalurbano\/wp-content\/uploads\/2019\/09\/Logo-Original.png","width":2236,"height":1216,"caption":"Portal Urbano"},"image":{"@id":"https:\/\/experienciadevida.com.ar\/portalurbano\/#\/schema\/logo\/image\/"},"sameAs":["https:\/\/www.facebook.com\/Portal-Urbano-171542830093757\/","https:\/\/twitter.com\/portalurbanook","https:\/\/www.instagram.com\/_portalurbano\/","https:\/\/www.youtube.com\/channel\/UCXhagIfszH8KxFiOok79zbA?view_as=subscriber"]},{"@type":"Person","@id":"https:\/\/experienciadevida.com.ar\/portalurbano\/#\/schema\/person\/02dd326b1c4b056e9cc972486934a3a7","name":"admpu17wp","image":{"@type":"ImageObject","inLanguage":"es","@id":"https:\/\/experienciadevida.com.ar\/portalurbano\/#\/schema\/person\/image\/","url":"https:\/\/secure.gravatar.com\/avatar\/830d4c57adaae6630765e449a6908047?s=96&d=mm&r=g","contentUrl":"https:\/\/secure.gravatar.com\/avatar\/830d4c57adaae6630765e449a6908047?s=96&d=mm&r=g","caption":"admpu17wp"}}]}},"featured_image_urls":{"full":["https:\/\/experienciadevida.com.ar\/portalurbano\/wp-content\/uploads\/2022\/02\/El-reconocido-futbolista-reinicio.jpeg",1040,780,false],"thumbnail":["https:\/\/experienciadevida.com.ar\/portalurbano\/wp-content\/uploads\/2022\/02\/El-reconocido-futbolista-reinicio-150x150.jpeg",150,150,true],"medium":["https:\/\/experienciadevida.com.ar\/portalurbano\/wp-content\/uploads\/2022\/02\/El-reconocido-futbolista-reinicio-300x225.jpeg",300,225,true],"medium_large":["https:\/\/experienciadevida.com.ar\/portalurbano\/wp-content\/uploads\/2022\/02\/El-reconocido-futbolista-reinicio-768x576.jpeg",640,480,true],"large":["https:\/\/experienciadevida.com.ar\/portalurbano\/wp-content\/uploads\/2022\/02\/El-reconocido-futbolista-reinicio-1024x768.jpeg",640,480,true],"ug_big":["https:\/\/experienciadevida.com.ar\/portalurbano\/wp-content\/uploads\/2022\/02\/El-reconocido-futbolista-reinicio-768x576.jpeg",768,576,true],"1536x1536":["https:\/\/experienciadevida.com.ar\/portalurbano\/wp-content\/uploads\/2022\/02\/El-reconocido-futbolista-reinicio.jpeg",1040,780,false],"2048x2048":["https:\/\/experienciadevida.com.ar\/portalurbano\/wp-content\/uploads\/2022\/02\/El-reconocido-futbolista-reinicio.jpeg",1040,780,false],"newsever-slider-full":["https:\/\/experienciadevida.com.ar\/portalurbano\/wp-content\/uploads\/2022\/02\/El-reconocido-futbolista-reinicio.jpeg",1040,780,false],"newsever-featured":["https:\/\/experienciadevida.com.ar\/portalurbano\/wp-content\/uploads\/2022\/02\/El-reconocido-futbolista-reinicio.jpeg",1024,768,false],"newsever-medium":["https:\/\/experienciadevida.com.ar\/portalurbano\/wp-content\/uploads\/2022\/02\/El-reconocido-futbolista-reinicio.jpeg",633,475,false],"web-stories-poster-portrait":["https:\/\/experienciadevida.com.ar\/portalurbano\/wp-content\/uploads\/2022\/02\/El-reconocido-futbolista-reinicio.jpeg",640,480,false],"web-stories-publisher-logo":["https:\/\/experienciadevida.com.ar\/portalurbano\/wp-content\/uploads\/2022\/02\/El-reconocido-futbolista-reinicio.jpeg",96,72,false],"web-stories-thumbnail":["https:\/\/experienciadevida.com.ar\/portalurbano\/wp-content\/uploads\/2022\/02\/El-reconocido-futbolista-reinicio.jpeg",150,113,false]},"author_info":{"display_name":"admpu17wp","author_link":"https:\/\/experienciadevida.com.ar\/portalurbano\/author\/admpu17wp\/"},"category_info":"<a href=\"https:\/\/experienciadevida.com.ar\/portalurbano\/category\/ciudad\/\" rel=\"category tag\">Ciudad<\/a>","tag_info":"Ciudad","comment_count":"0","amp_enabled":true,"_links":{"self":[{"href":"https:\/\/experienciadevida.com.ar\/portalurbano\/wp-json\/wp\/v2\/posts\/162449"}],"collection":[{"href":"https:\/\/experienciadevida.com.ar\/portalurbano\/wp-json\/wp\/v2\/posts"}],"about":[{"href":"https:\/\/experienciadevida.com.ar\/portalurbano\/wp-json\/wp\/v2\/types\/post"}],"author":[{"embeddable":true,"href":"https:\/\/experienciadevida.com.ar\/portalurbano\/wp-json\/wp\/v2\/users\/1"}],"replies":[{"embeddable":true,"href":"https:\/\/experienciadevida.com.ar\/portalurbano\/wp-json\/wp\/v2\/comments?post=162449"}],"version-history":[{"count":2,"href":"https:\/\/experienciadevida.com.ar\/portalurbano\/wp-json\/wp\/v2\/posts\/162449\/revisions"}],"predecessor-version":[{"id":162453,"href":"https:\/\/experienciadevida.com.ar\/portalurbano\/wp-json\/wp\/v2\/posts\/162449\/revisions\/162453"}],"wp:featuredmedia":[{"embeddable":true,"href":"https:\/\/experienciadevida.com.ar\/portalurbano\/wp-json\/wp\/v2\/media\/162450"}],"wp:attachment":[{"href":"https:\/\/experienciadevida.com.ar\/portalurbano\/wp-json\/wp\/v2\/media?parent=162449"}],"wp:term":[{"taxonomy":"category","embeddable":true,"href":"https:\/\/experienciadevida.com.ar\/portalurbano\/wp-json\/wp\/v2\/categories?post=162449"},{"taxonomy":"post_tag","embeddable":true,"href":"https:\/\/experienciadevida.com.ar\/portalurbano\/wp-json\/wp\/v2\/tags?post=162449"}],"curies":[{"name":"wp","href":"https:\/\/api.w.org\/{rel}","templated":true}]}}