{"id":162424,"date":"2022-02-25T12:47:13","date_gmt":"2022-02-25T15:47:13","guid":{"rendered":"https:\/\/experienciadevida.com.ar\/portalurbano\/?p=162424"},"modified":"2022-02-25T12:52:22","modified_gmt":"2022-02-25T15:52:22","slug":"se-conmemoro-la-figura-del-general-san-martin-en-el-244o-aniversario-de-su-natalicio","status":"publish","type":"post","link":"https:\/\/experienciadevida.com.ar\/portalurbano\/se-conmemoro-la-figura-del-general-san-martin-en-el-244o-aniversario-de-su-natalicio\/","title":{"rendered":"Se conmemor\u00f3 la figura del General San Mart\u00edn en el 244\u00ba aniversario de su Natalicio"},"content":{"rendered":"<p>Se conmemor\u00f3 la figura del General San Mart\u00edn en el 244\u00ba aniversario de su Natalicio, como en cada 25 de febrero, se realiz\u00f3 un acto para conmemorar aquel 1778, cuando En Yapey\u00fa, Corrientes, nac\u00eda quien fuera el Libertador de medio continente americano: el padre de nuestra Patria e insignia de la nacionalidad.<\/p>\n<p><a href=\"https:\/\/experienciadevida.com.ar\/portalurbano\/se-conmemoro-la-figura-del-general-san-martin-en-el-244o-aniversario-de-su-natalicio\/se-conmemoro-2\/\" rel=\"attachment wp-att-162427\"><img decoding=\"async\" class=\"alignnone size-large wp-image-162427\" src=\"https:\/\/experienciadevida.com.ar\/portalurbano\/wp-content\/uploads\/2022\/02\/Se-conmemoro-1024x684.jpg\" alt=\"Se conmemor\u00f3\" width=\"900\" height=\"601\" srcset=\"https:\/\/experienciadevida.com.ar\/portalurbano\/wp-content\/uploads\/2022\/02\/Se-conmemoro-1024x684.jpg 1024w, https:\/\/experienciadevida.com.ar\/portalurbano\/wp-content\/uploads\/2022\/02\/Se-conmemoro-300x201.jpg 300w, https:\/\/experienciadevida.com.ar\/portalurbano\/wp-content\/uploads\/2022\/02\/Se-conmemoro-768x513.jpg 768w, https:\/\/experienciadevida.com.ar\/portalurbano\/wp-content\/uploads\/2022\/02\/Se-conmemoro-1536x1027.jpg 1536w, https:\/\/experienciadevida.com.ar\/portalurbano\/wp-content\/uploads\/2022\/02\/Se-conmemoro-2048x1369.jpg 2048w\" sizes=\"(max-width: 900px) 100vw, 900px\" \/><\/a><\/p>\n<p>El acto tuvo lugar al pie del monumento del Libertador, en la plazoleta Alejandro Mar\u00eda de Aguado, ubicada en el Parque del Bicentenario \u201cSenador O. Lara\u201d.<\/p>\n<p>Organizado por el Gobierno Municipal, a trav\u00e9s de la Direcci\u00f3n de Ceremonial y Protocolo, junto a la Asociaci\u00f3n Cultural Sanmartiniana y la Guarnici\u00f3n Ej\u00e9rcito Olavarr\u00eda; el evento fue encabezado por el secretario de Gobierno Hilario Galli, la presidente del Honorable Concejo Deliberante Cecilia Krivochen, el Jefe de Regimiento de Caballer\u00eda de Tanques 2, Tte. Cnel. Cristian Castellanos; el Jefe del Escuadr\u00f3n de Ingenieros Blindado 1, Mayor Fernando Etcheverry, el Presidente de la Asociaci\u00f3n Cultural Sanmartiniana, Cte. Mayor H\u00e9ctor Hoyos. Tambi\u00e9n formaron parte del acto el presidente del Consejo Escolar, Bruno Di Carlo y, en representaci\u00f3n de la Jefatura DIEGEP Regi\u00f3n 25.<\/p>\n<p>Asimismo, asistieron referentes de la Agrupaci\u00f3n Veteranos de Guerra 2 de Abril, autoridades de la Asociaci\u00f3n Belgraniana, dem\u00e1s autoridades municipales, concejales, representantes de las fuerzas de seguridad, referentes del cuerpo de Bomberos Voluntarios, la Uni\u00f3n de Colectividades de Olavarr\u00eda (representada por la Sociedad Portuguesa, Francesa, Libanesa, Vascos e Italiana), autoridades de Coopelectric y vecinos en general.<\/p>\n<p>El acto dar\u00e1 inicio a las 09:00 horas con la presentaci\u00f3n de autoridades, el saludo oficial, el izamiento de la Bandera y la entonaci\u00f3n de las estrofas del Himno Nacional Argentino.<\/p>\n<p>La jornada continu\u00f3 con la colocaci\u00f3n de palmas a los pies del Monumento al Libertador, a cargo del Presidente de la Asociaci\u00f3n Cultural Sanmartiniana, Cte. Mayor H\u00e9ctor Hoyos, quien coloc\u00f3 la ofrenda floral junto al Suboficial Mayor Retirado Osvaldo Roberto D\u00edaz. Seguidamente fue el turno del Jefe de Regimiento de Caballer\u00eda de Tanques 2, Tte. Cnel. Cristian Castellanos; junto al Jefe del Escuadr\u00f3n de Ingenieros Blindado 1, Mayor Fernando Etcheverry.<\/p>\n<p>Luego, los encargados de la colocaci\u00f3n de la ofrenda floral fueron la presidente del HCD Cecilia Krivochen y el concejal Sebasti\u00e1n Matrella. Para finalizar se dio lugar a la ofrenda del secretario de Gobierno Hilario Galli y la directora de Casa de Tierras y Regularizaci\u00f3n Dominial Mar\u00eda Jos\u00e9 Gonz\u00e1lez.<\/p>\n<p>El evento oficial prosigui\u00f3 con las palabras alusivas, a cargo del Tte. Mi\u00f1o del Escuadr\u00f3n de Ingenieros Blindado 1 \u201cSan Ignacio de Loyola\u201d. Tras lo cual, se entonaron las estrofas de la Marcha de San Lorenzo; para dar lugar a la finalizaci\u00f3n de la ceremonia.<\/p>\n<p><a href=\"https:\/\/experienciadevida.com.ar\/portalurbano\/se-conmemoro-la-figura-del-general-san-martin-en-el-244o-aniversario-de-su-natalicio\/se-2\/\" rel=\"attachment wp-att-162430\"><img decoding=\"async\" class=\"alignnone size-large wp-image-162430\" src=\"https:\/\/experienciadevida.com.ar\/portalurbano\/wp-content\/uploads\/2022\/02\/Se-1024x684.jpg\" alt=\"Se\" width=\"900\" height=\"601\" srcset=\"https:\/\/experienciadevida.com.ar\/portalurbano\/wp-content\/uploads\/2022\/02\/Se-1024x684.jpg 1024w, https:\/\/experienciadevida.com.ar\/portalurbano\/wp-content\/uploads\/2022\/02\/Se-300x201.jpg 300w, https:\/\/experienciadevida.com.ar\/portalurbano\/wp-content\/uploads\/2022\/02\/Se-768x513.jpg 768w, https:\/\/experienciadevida.com.ar\/portalurbano\/wp-content\/uploads\/2022\/02\/Se-1536x1027.jpg 1536w, https:\/\/experienciadevida.com.ar\/portalurbano\/wp-content\/uploads\/2022\/02\/Se-2048x1369.jpg 2048w\" sizes=\"(max-width: 900px) 100vw, 900px\" \/><\/a><\/p>\n<p><a href=\"https:\/\/experienciadevida.com.ar\/portalurbano\/se-conmemoro-la-figura-del-general-san-martin-en-el-244o-aniversario-de-su-natalicio\/conmemoro\/\" rel=\"attachment wp-att-162431\"><img decoding=\"async\" class=\"alignnone size-large wp-image-162431\" src=\"https:\/\/experienciadevida.com.ar\/portalurbano\/wp-content\/uploads\/2022\/02\/conmemoro-1024x684.jpg\" alt=\"conmemor\u00f3\" width=\"900\" height=\"601\" srcset=\"https:\/\/experienciadevida.com.ar\/portalurbano\/wp-content\/uploads\/2022\/02\/conmemoro-1024x684.jpg 1024w, https:\/\/experienciadevida.com.ar\/portalurbano\/wp-content\/uploads\/2022\/02\/conmemoro-300x201.jpg 300w, https:\/\/experienciadevida.com.ar\/portalurbano\/wp-content\/uploads\/2022\/02\/conmemoro-768x513.jpg 768w, https:\/\/experienciadevida.com.ar\/portalurbano\/wp-content\/uploads\/2022\/02\/conmemoro-1536x1027.jpg 1536w, https:\/\/experienciadevida.com.ar\/portalurbano\/wp-content\/uploads\/2022\/02\/conmemoro-2048x1369.jpg 2048w\" sizes=\"(max-width: 900px) 100vw, 900px\" \/><\/a><\/p>\n<p><a href=\"https:\/\/experienciadevida.com.ar\/portalurbano\/se-conmemoro-la-figura-del-general-san-martin-en-el-244o-aniversario-de-su-natalicio\/la-4\/\" rel=\"attachment wp-att-162433\"><img decoding=\"async\" class=\"alignnone size-large wp-image-162433\" src=\"https:\/\/experienciadevida.com.ar\/portalurbano\/wp-content\/uploads\/2022\/02\/la-1024x684.jpg\" alt=\"la\" width=\"900\" height=\"601\" srcset=\"https:\/\/experienciadevida.com.ar\/portalurbano\/wp-content\/uploads\/2022\/02\/la-1024x684.jpg 1024w, https:\/\/experienciadevida.com.ar\/portalurbano\/wp-content\/uploads\/2022\/02\/la-300x201.jpg 300w, https:\/\/experienciadevida.com.ar\/portalurbano\/wp-content\/uploads\/2022\/02\/la-768x513.jpg 768w, https:\/\/experienciadevida.com.ar\/portalurbano\/wp-content\/uploads\/2022\/02\/la-1536x1027.jpg 1536w, https:\/\/experienciadevida.com.ar\/portalurbano\/wp-content\/uploads\/2022\/02\/la-2048x1369.jpg 2048w\" sizes=\"(max-width: 900px) 100vw, 900px\" \/><\/a><\/p>\n","protected":false},"excerpt":{"rendered":"<p>Se conmemor\u00f3 la figura del General San Mart\u00edn en el 244\u00ba aniversario de su Natalicio,&#8230;<\/p>\n","protected":false},"author":1,"featured_media":162425,"comment_status":"closed","ping_status":"closed","sticky":false,"template":"","format":"standard","meta":{"content-type":""},"categories":[27,64],"tags":[],"nelio_content":{"isAutoShareEnabled":false,"autoShareEndMode":"default","automationSources":{"useContentSentences":true,"useSocialTemplates":true,"useCustomSentences":false,"customSentences":[]},"followers":[1],"suggestedReferences":[],"includedReferences":[],"efiUrl":"","efiAlt":"","highlights":[]},"yoast_head":"<!-- This site is optimized with the Yoast SEO plugin v20.7 - https:\/\/yoast.com\/wordpress\/plugins\/seo\/ -->\n<title>Se conmemor\u00f3 la figura del General San Mart\u00edn en el 244\u00b0 aniversario<\/title>\n<meta name=\"description\" content=\"Se conmemor\u00f3 la figura del General San Mart\u00edn en el 244\u00ba aniversario de su Natalicio, como en cada 25 de febrero, se realiz\u00f3 un acto\" \/>\n<meta name=\"robots\" content=\"index, follow, max-snippet:-1, max-image-preview:large, max-video-preview:-1\" \/>\n<link rel=\"canonical\" href=\"https:\/\/experienciadevida.com.ar\/portalurbano\/se-conmemoro-la-figura-del-general-san-martin-en-el-244o-aniversario-de-su-natalicio\/\" \/>\n<meta property=\"og:locale\" content=\"es_ES\" \/>\n<meta property=\"og:type\" content=\"article\" \/>\n<meta property=\"og:title\" content=\"Se conmemor\u00f3 la figura del General San Mart\u00edn en el 244\u00b0 aniversario\" \/>\n<meta property=\"og:description\" content=\"Se conmemor\u00f3 la figura del General San Mart\u00edn en el 244\u00ba aniversario de su Natalicio, como en cada 25 de febrero, se realiz\u00f3 un acto\" \/>\n<meta property=\"og:url\" content=\"https:\/\/experienciadevida.com.ar\/portalurbano\/se-conmemoro-la-figura-del-general-san-martin-en-el-244o-aniversario-de-su-natalicio\/\" \/>\n<meta property=\"article:publisher\" content=\"https:\/\/www.facebook.com\/Portal-Urbano-171542830093757\/\" \/>\n<meta property=\"article:published_time\" content=\"2022-02-25T15:47:13+00:00\" \/>\n<meta property=\"article:modified_time\" content=\"2022-02-25T15:52:22+00:00\" \/>\n<meta property=\"og:image\" content=\"https:\/\/experienciadevida.com.ar\/portalurbano\/wp-content\/uploads\/2022\/02\/Se-conmemoro-la-figura.jpg\" \/>\n\t<meta property=\"og:image:width\" content=\"765\" \/>\n\t<meta property=\"og:image:height\" content=\"511\" \/>\n\t<meta property=\"og:image:type\" content=\"image\/jpeg\" \/>\n<meta name=\"author\" content=\"admpu17wp\" \/>\n<meta name=\"twitter:card\" content=\"summary_large_image\" \/>\n<meta name=\"twitter:creator\" content=\"@portalurbanook\" \/>\n<meta name=\"twitter:site\" content=\"@portalurbanook\" \/>\n<meta name=\"twitter:label1\" content=\"Escrito por\" \/>\n\t<meta name=\"twitter:data1\" content=\"admpu17wp\" \/>\n\t<meta name=\"twitter:label2\" content=\"Tiempo de lectura\" \/>\n\t<meta name=\"twitter:data2\" content=\"3 minutos\" \/>\n<script type=\"application\/ld+json\" class=\"yoast-schema-graph\">{\"@context\":\"https:\/\/schema.org\",\"@graph\":[{\"@type\":\"Article\",\"@id\":\"https:\/\/experienciadevida.com.ar\/portalurbano\/se-conmemoro-la-figura-del-general-san-martin-en-el-244o-aniversario-de-su-natalicio\/#article\",\"isPartOf\":{\"@id\":\"https:\/\/experienciadevida.com.ar\/portalurbano\/se-conmemoro-la-figura-del-general-san-martin-en-el-244o-aniversario-de-su-natalicio\/\"},\"author\":{\"name\":\"admpu17wp\",\"@id\":\"https:\/\/experienciadevida.com.ar\/portalurbano\/#\/schema\/person\/02dd326b1c4b056e9cc972486934a3a7\"},\"headline\":\"Se conmemor\u00f3 la figura del General San Mart\u00edn en el 244\u00ba aniversario de su Natalicio\",\"datePublished\":\"2022-02-25T15:47:13+00:00\",\"dateModified\":\"2022-02-25T15:52:22+00:00\",\"mainEntityOfPage\":{\"@id\":\"https:\/\/experienciadevida.com.ar\/portalurbano\/se-conmemoro-la-figura-del-general-san-martin-en-el-244o-aniversario-de-su-natalicio\/\"},\"wordCount\":471,\"publisher\":{\"@id\":\"https:\/\/experienciadevida.com.ar\/portalurbano\/#organization\"},\"articleSection\":[\"Ciudad\",\"Destacadas 2\"],\"inLanguage\":\"es\"},{\"@type\":\"WebPage\",\"@id\":\"https:\/\/experienciadevida.com.ar\/portalurbano\/se-conmemoro-la-figura-del-general-san-martin-en-el-244o-aniversario-de-su-natalicio\/\",\"url\":\"https:\/\/experienciadevida.com.ar\/portalurbano\/se-conmemoro-la-figura-del-general-san-martin-en-el-244o-aniversario-de-su-natalicio\/\",\"name\":\"Se conmemor\u00f3 la figura del General San Mart\u00edn en el 244\u00b0 aniversario\",\"isPartOf\":{\"@id\":\"https:\/\/experienciadevida.com.ar\/portalurbano\/#website\"},\"datePublished\":\"2022-02-25T15:47:13+00:00\",\"dateModified\":\"2022-02-25T15:52:22+00:00\",\"description\":\"Se conmemor\u00f3 la figura del General San Mart\u00edn en el 244\u00ba aniversario de su Natalicio, como en cada 25 de febrero, se realiz\u00f3 un acto\",\"breadcrumb\":{\"@id\":\"https:\/\/experienciadevida.com.ar\/portalurbano\/se-conmemoro-la-figura-del-general-san-martin-en-el-244o-aniversario-de-su-natalicio\/#breadcrumb\"},\"inLanguage\":\"es\",\"potentialAction\":[{\"@type\":\"ReadAction\",\"target\":[\"https:\/\/experienciadevida.com.ar\/portalurbano\/se-conmemoro-la-figura-del-general-san-martin-en-el-244o-aniversario-de-su-natalicio\/\"]}]},{\"@type\":\"BreadcrumbList\",\"@id\":\"https:\/\/experienciadevida.com.ar\/portalurbano\/se-conmemoro-la-figura-del-general-san-martin-en-el-244o-aniversario-de-su-natalicio\/#breadcrumb\",\"itemListElement\":[{\"@type\":\"ListItem\",\"position\":1,\"name\":\"Portada\",\"item\":\"https:\/\/experienciadevida.com.ar\/portalurbano\/\"},{\"@type\":\"ListItem\",\"position\":2,\"name\":\"Se conmemor\u00f3 la figura del General San Mart\u00edn en el 244\u00ba aniversario de su Natalicio\"}]},{\"@type\":\"WebSite\",\"@id\":\"https:\/\/experienciadevida.com.ar\/portalurbano\/#website\",\"url\":\"https:\/\/experienciadevida.com.ar\/portalurbano\/\",\"name\":\"\",\"description\":\"\",\"publisher\":{\"@id\":\"https:\/\/experienciadevida.com.ar\/portalurbano\/#organization\"},\"potentialAction\":[{\"@type\":\"SearchAction\",\"target\":{\"@type\":\"EntryPoint\",\"urlTemplate\":\"https:\/\/experienciadevida.com.ar\/portalurbano\/?s={search_term_string}\"},\"query-input\":\"required name=search_term_string\"}],\"inLanguage\":\"es\"},{\"@type\":\"Organization\",\"@id\":\"https:\/\/experienciadevida.com.ar\/portalurbano\/#organization\",\"name\":\"Portal Urbano\",\"url\":\"https:\/\/experienciadevida.com.ar\/portalurbano\/\",\"logo\":{\"@type\":\"ImageObject\",\"inLanguage\":\"es\",\"@id\":\"https:\/\/experienciadevida.com.ar\/portalurbano\/#\/schema\/logo\/image\/\",\"url\":\"https:\/\/experienciadevida.com.ar\/portalurbano\/wp-content\/uploads\/2019\/09\/Logo-Original.png\",\"contentUrl\":\"https:\/\/experienciadevida.com.ar\/portalurbano\/wp-content\/uploads\/2019\/09\/Logo-Original.png\",\"width\":2236,\"height\":1216,\"caption\":\"Portal Urbano\"},\"image\":{\"@id\":\"https:\/\/experienciadevida.com.ar\/portalurbano\/#\/schema\/logo\/image\/\"},\"sameAs\":[\"https:\/\/www.facebook.com\/Portal-Urbano-171542830093757\/\",\"https:\/\/twitter.com\/portalurbanook\",\"https:\/\/www.instagram.com\/_portalurbano\/\",\"https:\/\/www.youtube.com\/channel\/UCXhagIfszH8KxFiOok79zbA?view_as=subscriber\"]},{\"@type\":\"Person\",\"@id\":\"https:\/\/experienciadevida.com.ar\/portalurbano\/#\/schema\/person\/02dd326b1c4b056e9cc972486934a3a7\",\"name\":\"admpu17wp\",\"image\":{\"@type\":\"ImageObject\",\"inLanguage\":\"es\",\"@id\":\"https:\/\/experienciadevida.com.ar\/portalurbano\/#\/schema\/person\/image\/\",\"url\":\"https:\/\/secure.gravatar.com\/avatar\/830d4c57adaae6630765e449a6908047?s=96&d=mm&r=g\",\"contentUrl\":\"https:\/\/secure.gravatar.com\/avatar\/830d4c57adaae6630765e449a6908047?s=96&d=mm&r=g\",\"caption\":\"admpu17wp\"}}]}<\/script>\n<!-- \/ Yoast SEO plugin. -->","yoast_head_json":{"title":"Se conmemor\u00f3 la figura del General San Mart\u00edn en el 244\u00b0 aniversario","description":"Se conmemor\u00f3 la figura del General San Mart\u00edn en el 244\u00ba aniversario de su Natalicio, como en cada 25 de febrero, se realiz\u00f3 un acto","robots":{"index":"index","follow":"follow","max-snippet":"max-snippet:-1","max-image-preview":"max-image-preview:large","max-video-preview":"max-video-preview:-1"},"canonical":"https:\/\/experienciadevida.com.ar\/portalurbano\/se-conmemoro-la-figura-del-general-san-martin-en-el-244o-aniversario-de-su-natalicio\/","og_locale":"es_ES","og_type":"article","og_title":"Se conmemor\u00f3 la figura del General San Mart\u00edn en el 244\u00b0 aniversario","og_description":"Se conmemor\u00f3 la figura del General San Mart\u00edn en el 244\u00ba aniversario de su Natalicio, como en cada 25 de febrero, se realiz\u00f3 un acto","og_url":"https:\/\/experienciadevida.com.ar\/portalurbano\/se-conmemoro-la-figura-del-general-san-martin-en-el-244o-aniversario-de-su-natalicio\/","article_publisher":"https:\/\/www.facebook.com\/Portal-Urbano-171542830093757\/","article_published_time":"2022-02-25T15:47:13+00:00","article_modified_time":"2022-02-25T15:52:22+00:00","og_image":[{"width":765,"height":511,"url":"https:\/\/experienciadevida.com.ar\/portalurbano\/wp-content\/uploads\/2022\/02\/Se-conmemoro-la-figura.jpg","type":"image\/jpeg"}],"author":"admpu17wp","twitter_card":"summary_large_image","twitter_creator":"@portalurbanook","twitter_site":"@portalurbanook","twitter_misc":{"Escrito por":"admpu17wp","Tiempo de lectura":"3 minutos"},"schema":{"@context":"https:\/\/schema.org","@graph":[{"@type":"Article","@id":"https:\/\/experienciadevida.com.ar\/portalurbano\/se-conmemoro-la-figura-del-general-san-martin-en-el-244o-aniversario-de-su-natalicio\/#article","isPartOf":{"@id":"https:\/\/experienciadevida.com.ar\/portalurbano\/se-conmemoro-la-figura-del-general-san-martin-en-el-244o-aniversario-de-su-natalicio\/"},"author":{"name":"admpu17wp","@id":"https:\/\/experienciadevida.com.ar\/portalurbano\/#\/schema\/person\/02dd326b1c4b056e9cc972486934a3a7"},"headline":"Se conmemor\u00f3 la figura del General San Mart\u00edn en el 244\u00ba aniversario de su Natalicio","datePublished":"2022-02-25T15:47:13+00:00","dateModified":"2022-02-25T15:52:22+00:00","mainEntityOfPage":{"@id":"https:\/\/experienciadevida.com.ar\/portalurbano\/se-conmemoro-la-figura-del-general-san-martin-en-el-244o-aniversario-de-su-natalicio\/"},"wordCount":471,"publisher":{"@id":"https:\/\/experienciadevida.com.ar\/portalurbano\/#organization"},"articleSection":["Ciudad","Destacadas 2"],"inLanguage":"es"},{"@type":"WebPage","@id":"https:\/\/experienciadevida.com.ar\/portalurbano\/se-conmemoro-la-figura-del-general-san-martin-en-el-244o-aniversario-de-su-natalicio\/","url":"https:\/\/experienciadevida.com.ar\/portalurbano\/se-conmemoro-la-figura-del-general-san-martin-en-el-244o-aniversario-de-su-natalicio\/","name":"Se conmemor\u00f3 la figura del General San Mart\u00edn en el 244\u00b0 aniversario","isPartOf":{"@id":"https:\/\/experienciadevida.com.ar\/portalurbano\/#website"},"datePublished":"2022-02-25T15:47:13+00:00","dateModified":"2022-02-25T15:52:22+00:00","description":"Se conmemor\u00f3 la figura del General San Mart\u00edn en el 244\u00ba aniversario de su Natalicio, como en cada 25 de febrero, se realiz\u00f3 un acto","breadcrumb":{"@id":"https:\/\/experienciadevida.com.ar\/portalurbano\/se-conmemoro-la-figura-del-general-san-martin-en-el-244o-aniversario-de-su-natalicio\/#breadcrumb"},"inLanguage":"es","potentialAction":[{"@type":"ReadAction","target":["https:\/\/experienciadevida.com.ar\/portalurbano\/se-conmemoro-la-figura-del-general-san-martin-en-el-244o-aniversario-de-su-natalicio\/"]}]},{"@type":"BreadcrumbList","@id":"https:\/\/experienciadevida.com.ar\/portalurbano\/se-conmemoro-la-figura-del-general-san-martin-en-el-244o-aniversario-de-su-natalicio\/#breadcrumb","itemListElement":[{"@type":"ListItem","position":1,"name":"Portada","item":"https:\/\/experienciadevida.com.ar\/portalurbano\/"},{"@type":"ListItem","position":2,"name":"Se conmemor\u00f3 la figura del General San Mart\u00edn en el 244\u00ba aniversario de su Natalicio"}]},{"@type":"WebSite","@id":"https:\/\/experienciadevida.com.ar\/portalurbano\/#website","url":"https:\/\/experienciadevida.com.ar\/portalurbano\/","name":"","description":"","publisher":{"@id":"https:\/\/experienciadevida.com.ar\/portalurbano\/#organization"},"potentialAction":[{"@type":"SearchAction","target":{"@type":"EntryPoint","urlTemplate":"https:\/\/experienciadevida.com.ar\/portalurbano\/?s={search_term_string}"},"query-input":"required name=search_term_string"}],"inLanguage":"es"},{"@type":"Organization","@id":"https:\/\/experienciadevida.com.ar\/portalurbano\/#organization","name":"Portal Urbano","url":"https:\/\/experienciadevida.com.ar\/portalurbano\/","logo":{"@type":"ImageObject","inLanguage":"es","@id":"https:\/\/experienciadevida.com.ar\/portalurbano\/#\/schema\/logo\/image\/","url":"https:\/\/experienciadevida.com.ar\/portalurbano\/wp-content\/uploads\/2019\/09\/Logo-Original.png","contentUrl":"https:\/\/experienciadevida.com.ar\/portalurbano\/wp-content\/uploads\/2019\/09\/Logo-Original.png","width":2236,"height":1216,"caption":"Portal Urbano"},"image":{"@id":"https:\/\/experienciadevida.com.ar\/portalurbano\/#\/schema\/logo\/image\/"},"sameAs":["https:\/\/www.facebook.com\/Portal-Urbano-171542830093757\/","https:\/\/twitter.com\/portalurbanook","https:\/\/www.instagram.com\/_portalurbano\/","https:\/\/www.youtube.com\/channel\/UCXhagIfszH8KxFiOok79zbA?view_as=subscriber"]},{"@type":"Person","@id":"https:\/\/experienciadevida.com.ar\/portalurbano\/#\/schema\/person\/02dd326b1c4b056e9cc972486934a3a7","name":"admpu17wp","image":{"@type":"ImageObject","inLanguage":"es","@id":"https:\/\/experienciadevida.com.ar\/portalurbano\/#\/schema\/person\/image\/","url":"https:\/\/secure.gravatar.com\/avatar\/830d4c57adaae6630765e449a6908047?s=96&d=mm&r=g","contentUrl":"https:\/\/secure.gravatar.com\/avatar\/830d4c57adaae6630765e449a6908047?s=96&d=mm&r=g","caption":"admpu17wp"}}]}},"featured_image_urls":{"full":["https:\/\/experienciadevida.com.ar\/portalurbano\/wp-content\/uploads\/2022\/02\/Se-conmemoro-la-figura.jpg",765,511,false],"thumbnail":["https:\/\/experienciadevida.com.ar\/portalurbano\/wp-content\/uploads\/2022\/02\/Se-conmemoro-la-figura-150x150.jpg",150,150,true],"medium":["https:\/\/experienciadevida.com.ar\/portalurbano\/wp-content\/uploads\/2022\/02\/Se-conmemoro-la-figura-300x200.jpg",300,200,true],"medium_large":["https:\/\/experienciadevida.com.ar\/portalurbano\/wp-content\/uploads\/2022\/02\/Se-conmemoro-la-figura.jpg",640,428,false],"large":["https:\/\/experienciadevida.com.ar\/portalurbano\/wp-content\/uploads\/2022\/02\/Se-conmemoro-la-figura.jpg",640,428,false],"ug_big":["https:\/\/experienciadevida.com.ar\/portalurbano\/wp-content\/uploads\/2022\/02\/Se-conmemoro-la-figura.jpg",765,511,false],"1536x1536":["https:\/\/experienciadevida.com.ar\/portalurbano\/wp-content\/uploads\/2022\/02\/Se-conmemoro-la-figura.jpg",765,511,false],"2048x2048":["https:\/\/experienciadevida.com.ar\/portalurbano\/wp-content\/uploads\/2022\/02\/Se-conmemoro-la-figura.jpg",765,511,false],"newsever-slider-full":["https:\/\/experienciadevida.com.ar\/portalurbano\/wp-content\/uploads\/2022\/02\/Se-conmemoro-la-figura.jpg",765,511,false],"newsever-featured":["https:\/\/experienciadevida.com.ar\/portalurbano\/wp-content\/uploads\/2022\/02\/Se-conmemoro-la-figura.jpg",765,511,false],"newsever-medium":["https:\/\/experienciadevida.com.ar\/portalurbano\/wp-content\/uploads\/2022\/02\/Se-conmemoro-la-figura.jpg",711,475,false],"web-stories-poster-portrait":["https:\/\/experienciadevida.com.ar\/portalurbano\/wp-content\/uploads\/2022\/02\/Se-conmemoro-la-figura.jpg",640,428,false],"web-stories-publisher-logo":["https:\/\/experienciadevida.com.ar\/portalurbano\/wp-content\/uploads\/2022\/02\/Se-conmemoro-la-figura.jpg",96,64,false],"web-stories-thumbnail":["https:\/\/experienciadevida.com.ar\/portalurbano\/wp-content\/uploads\/2022\/02\/Se-conmemoro-la-figura.jpg",150,100,false]},"author_info":{"display_name":"admpu17wp","author_link":"https:\/\/experienciadevida.com.ar\/portalurbano\/author\/admpu17wp\/"},"category_info":"<a href=\"https:\/\/experienciadevida.com.ar\/portalurbano\/category\/ciudad\/\" rel=\"category tag\">Ciudad<\/a> <a href=\"https:\/\/experienciadevida.com.ar\/portalurbano\/category\/destacadas-2\/\" rel=\"category tag\">Destacadas 2<\/a>","tag_info":"Destacadas 2","comment_count":"0","amp_enabled":true,"_links":{"self":[{"href":"https:\/\/experienciadevida.com.ar\/portalurbano\/wp-json\/wp\/v2\/posts\/162424"}],"collection":[{"href":"https:\/\/experienciadevida.com.ar\/portalurbano\/wp-json\/wp\/v2\/posts"}],"about":[{"href":"https:\/\/experienciadevida.com.ar\/portalurbano\/wp-json\/wp\/v2\/types\/post"}],"author":[{"embeddable":true,"href":"https:\/\/experienciadevida.com.ar\/portalurbano\/wp-json\/wp\/v2\/users\/1"}],"replies":[{"embeddable":true,"href":"https:\/\/experienciadevida.com.ar\/portalurbano\/wp-json\/wp\/v2\/comments?post=162424"}],"version-history":[{"count":5,"href":"https:\/\/experienciadevida.com.ar\/portalurbano\/wp-json\/wp\/v2\/posts\/162424\/revisions"}],"predecessor-version":[{"id":162434,"href":"https:\/\/experienciadevida.com.ar\/portalurbano\/wp-json\/wp\/v2\/posts\/162424\/revisions\/162434"}],"wp:featuredmedia":[{"embeddable":true,"href":"https:\/\/experienciadevida.com.ar\/portalurbano\/wp-json\/wp\/v2\/media\/162425"}],"wp:attachment":[{"href":"https:\/\/experienciadevida.com.ar\/portalurbano\/wp-json\/wp\/v2\/media?parent=162424"}],"wp:term":[{"taxonomy":"category","embeddable":true,"href":"https:\/\/experienciadevida.com.ar\/portalurbano\/wp-json\/wp\/v2\/categories?post=162424"},{"taxonomy":"post_tag","embeddable":true,"href":"https:\/\/experienciadevida.com.ar\/portalurbano\/wp-json\/wp\/v2\/tags?post=162424"}],"curies":[{"name":"wp","href":"https:\/\/api.w.org\/{rel}","templated":true}]}}