{"id":162409,"date":"2022-02-25T11:47:38","date_gmt":"2022-02-25T14:47:38","guid":{"rendered":"https:\/\/experienciadevida.com.ar\/portalurbano\/?p=162409"},"modified":"2022-02-25T12:29:24","modified_gmt":"2022-02-25T15:29:24","slug":"concentracion-en-el-hcd-en-apoyo-al-referente-social","status":"publish","type":"post","link":"https:\/\/experienciadevida.com.ar\/portalurbano\/concentracion-en-el-hcd-en-apoyo-al-referente-social\/","title":{"rendered":"Concentraci\u00f3n en el HCD en apoyo al referente social"},"content":{"rendered":"<p>Concentraci\u00f3n en el HCD en apoyo al referente social, fue en la ma\u00f1ana de este viernes en el edificio del HCD, el referente barrial Mart\u00edn Rold\u00e1n se present\u00f3 para declarar sobre las estafas con terrenos, valor\u00f3 que se investiguen las estafas.<\/p>\n<p>La concentraci\u00f3n estaba pactada para las 9 de la ma\u00f1ana, pero finalmente se realiz\u00f3 alrededor de las 11hs momento en el cual Mart\u00edn Rold\u00e1n ten\u00eda que declarar en el concejo deliberante sobre la denuncia que \u00e9l hab\u00eda realizado tiempo atr\u00e1s en la venta de terrenos, en su rol de referente de la mesa de emergencia, en ese momento denunci\u00f3 que los terrenos eran entregados a dedo.<\/p>\n<p>Rold\u00e1n dijo &#8220;vamos a entrar a ratificar lo que ya hab\u00edamos dicho hace un a\u00f1o y medio&#8221;, por otro lado, &#8220;la causa va encaminada bien por los nombres que est\u00e1n figurando que son los que nos nombraba la gente a nosotros, la declaraci\u00f3n es una especie de formalizaci\u00f3n de lo que ya hab\u00edamos declarado hace tiempo atr\u00e1s, el proceso nos parece tarde pero se est\u00e1 investigando&#8221;.<\/p>\n<p><a href=\"https:\/\/experienciadevida.com.ar\/portalurbano\/concentracion-en-el-hcd-en-apoyo-al-referente-social\/concentracion-10\/\" rel=\"attachment wp-att-162416\"><img decoding=\"async\" class=\"alignnone size-full wp-image-162416\" src=\"https:\/\/experienciadevida.com.ar\/portalurbano\/wp-content\/uploads\/2022\/02\/Concentracion-1.jpg\" alt=\"Concentraci\u00f3n \" width=\"765\" height=\"510\" srcset=\"https:\/\/experienciadevida.com.ar\/portalurbano\/wp-content\/uploads\/2022\/02\/Concentracion-1.jpg 765w, https:\/\/experienciadevida.com.ar\/portalurbano\/wp-content\/uploads\/2022\/02\/Concentracion-1-300x200.jpg 300w\" sizes=\"(max-width: 765px) 100vw, 765px\" \/><\/a><\/p>\n<p>&#8220;Es necesario volver a levantar el mismo reclamo que es hacer un programa de viviendas serio en Olavarr\u00eda, porque alguien que trabaja no tiene acceso a un terreno&#8221;.<\/p>\n<p><strong>Carta abierta del F.O.L (frente de organizaciones en lucha) a la ciudadan\u00eda del Partido de Olavarr\u00eda.<\/strong><\/p>\n<p>Lo que est\u00e1 pasando en Olavarr\u00eda es uno de esos casos en que la realidad supera a la ficci\u00f3n, cada vez m\u00e1s frecuentes en la pol\u00edtica Argentina. Funcionarios del Intendente Galli en complicidad con una de las escriban\u00edas m\u00e1s conocidas de la ciudad, est\u00e1n utilizando el banco municipal de tierras como si fueran de ellos, para ser a\u00fan m\u00e1s espec\u00edfico, utilizan las tierras de la municipalidad para sus propios negocios estafando a quienes se las venden de manera ilegal y no s\u00f3lo esto sino que tambi\u00e9n est\u00e1n vendiendo terrenos que tienen due\u00f1o.<\/p>\n<p>Todo esto sale a la luz nuevamente por la denuncia de uno de los damnificados, pero no es ninguna novedad para la justicia ya que por octubre del 2020 la mesa de emergencia advirti\u00f3 sobre estas maniobras fraudulentas, pero como ya sabemos, cuando los pol\u00edticos municipales, provinciales o nacionales tienen la &#8220;cola sucia&#8221;, la justicia mira hacia otro lado. Quienes gobiernan, se llenan la boca en \u00e9pocas de campa\u00f1a electoral hablando de justicia social, de salud, de trabajo, de acceso a la educaci\u00f3n y a la vivienda o a los servicios b\u00e1sicos.<\/p>\n<p>Prometen, pero no cumplen. Una vez en el poder se aseguran de defender los intereses de quienes financian campa\u00f1as electorales\u00a0 y se ponen al servicio de los que m\u00e1s tienen y jam\u00e1s del lado del pueblo, quienes ir\u00f3nicamente\u00a0 los ponemos en los cargos que actualmente ocupan.<\/p>\n<p>Nosotros los trabajadores, quienes sabemos que cada vez es m\u00e1s dif\u00edcil llenar la olla, que vemos como aumenta todo menos los sueldos, que sabemos lo dif\u00edcil que es juntar la plata para el alquiler. Nosotros estamos en la trinchera con una cuchara de helado, nosotros somos los que siempre tenemos que ajustarnos el cintur\u00f3n, nosotros somos los que siempre pagamos &#8220;los platos rotos&#8221;.<\/p>\n<p><strong>&#8220;Para los socios del poder todo, para los trabajadores nada&#8221;.<\/strong><\/p>\n<p>Parece una broma el hecho de que Olavarr\u00eda, uno de los partidos con el territorio m\u00e1s extenso de la provincia, los gobernantes sean del Partido que sean pueden decir impunemente que no hay terrenos.<\/p>\n<p>All\u00e1 por mediados del 2020 la mesa de emergencia junto con otras agrupaciones organiz\u00f3 un acampe frente al Municipio denunciando, entre otras cuestiones, que el d\u00e9ficit habitacional en Olavarr\u00eda es cada vez m\u00e1s insostenible. Hija del acampe social naci\u00f3 la asamblea por la vivienda, integrada por distintas organizaciones sociales y vecinos con mucho esfuerzo y debate fraternal surgi\u00f3 un proyecto para la autoconstrucci\u00f3n de vivienda que fue presentado en la Municipalidad.<\/p>\n<p>La respuesta por parte de las autoridades Municipales fueron, primero nada y luego que el municipio no cuenta con un banco de tierras y que todo era viable. Todos sabemos que en nuestra ciudad se fabrica cemento, cal, piedras, arenas, cer\u00e1micos, ladrillos, viguetas. Es insultante para nosotros los ciudadanos que no exista, desde hace d\u00e9cadas un plan de vivienda que realmente sirva para corregir el d\u00e9ficit habitacional que es una bomba con la mecha cada vez m\u00e1s corta.<\/p>\n<p>Desde la F.O.L regional Olavarr\u00eda planteamos que todas las tierras ociosas estatales\u00a0 o privadas deben estar al servicio de todas aquellas familias que por una causa u otra se les hace imposible llegar al techo propio.<\/p>\n<p>La F.O.L regional Olavarr\u00eda est\u00e1 integrada por j\u00f3venes, no tan j\u00f3venes y familias que por una raz\u00f3n u otra formamos parte de la econom\u00eda informal, pero no es casual que en nuestra organizaci\u00f3n halla alba\u00f1iles, plomeros, gasistas, carpinteros, nosotros estamos dispuestos a conseguir nuestra casa propia porque tenemos los conocimientos y la necesidad.<\/p>\n<p><b>&#8220;Una vivienda propia no es un sue\u00f1o, es una meta a cumplir&#8221;\u00a0<\/b><\/p>\n<p><a href=\"https:\/\/experienciadevida.com.ar\/portalurbano\/concentracion-en-el-hcd-en-apoyo-al-referente-social\/en-el-2\/\" rel=\"attachment wp-att-162418\"><img decoding=\"async\" class=\"alignnone size-full wp-image-162418\" src=\"https:\/\/experienciadevida.com.ar\/portalurbano\/wp-content\/uploads\/2022\/02\/en-el.jpg\" alt=\"en el \" width=\"765\" height=\"510\" srcset=\"https:\/\/experienciadevida.com.ar\/portalurbano\/wp-content\/uploads\/2022\/02\/en-el.jpg 765w, https:\/\/experienciadevida.com.ar\/portalurbano\/wp-content\/uploads\/2022\/02\/en-el-300x200.jpg 300w\" sizes=\"(max-width: 765px) 100vw, 765px\" \/><\/a><\/p>\n<p><a href=\"https:\/\/experienciadevida.com.ar\/portalurbano\/concentracion-en-el-hcd-en-apoyo-al-referente-social\/hcd-2\/\" rel=\"attachment wp-att-162419\"><img decoding=\"async\" class=\"alignnone size-full wp-image-162419\" src=\"https:\/\/experienciadevida.com.ar\/portalurbano\/wp-content\/uploads\/2022\/02\/HCD.jpg\" alt=\"HCD \" width=\"765\" height=\"510\" srcset=\"https:\/\/experienciadevida.com.ar\/portalurbano\/wp-content\/uploads\/2022\/02\/HCD.jpg 765w, https:\/\/experienciadevida.com.ar\/portalurbano\/wp-content\/uploads\/2022\/02\/HCD-300x200.jpg 300w\" sizes=\"(max-width: 765px) 100vw, 765px\" \/><\/a><\/p>\n","protected":false},"excerpt":{"rendered":"<p>Concentraci\u00f3n en el HCD en apoyo al referente social, fue en la ma\u00f1ana de este&#8230;<\/p>\n","protected":false},"author":1,"featured_media":162410,"comment_status":"closed","ping_status":"closed","sticky":false,"template":"","format":"standard","meta":{"content-type":""},"categories":[27,51],"tags":[],"nelio_content":{"isAutoShareEnabled":false,"autoShareEndMode":"default","automationSources":{"useContentSentences":true,"useSocialTemplates":true,"useCustomSentences":false,"customSentences":[]},"followers":[1],"suggestedReferences":[],"includedReferences":[],"efiUrl":"","efiAlt":"","highlights":[]},"yoast_head":"<!-- This site is optimized with the Yoast SEO plugin v20.7 - https:\/\/yoast.com\/wordpress\/plugins\/seo\/ -->\n<title>Concentraci\u00f3n en el HCD en apoyo al referente social<\/title>\n<meta name=\"description\" content=\"Concentraci\u00f3n en el HCD en apoyo al referente social, fue en la ma\u00f1ana de este viernes en el edificio del HCD, el referente declar\u00f3\" \/>\n<meta name=\"robots\" content=\"index, follow, max-snippet:-1, max-image-preview:large, max-video-preview:-1\" \/>\n<link rel=\"canonical\" href=\"https:\/\/experienciadevida.com.ar\/portalurbano\/concentracion-en-el-hcd-en-apoyo-al-referente-social\/\" \/>\n<meta property=\"og:locale\" content=\"es_ES\" \/>\n<meta property=\"og:type\" content=\"article\" \/>\n<meta property=\"og:title\" content=\"Concentraci\u00f3n en el HCD en apoyo al referente social\" \/>\n<meta property=\"og:description\" content=\"Concentraci\u00f3n en el HCD en apoyo al referente social, fue en la ma\u00f1ana de este viernes en el edificio del HCD, el referente declar\u00f3\" \/>\n<meta property=\"og:url\" content=\"https:\/\/experienciadevida.com.ar\/portalurbano\/concentracion-en-el-hcd-en-apoyo-al-referente-social\/\" \/>\n<meta property=\"article:publisher\" content=\"https:\/\/www.facebook.com\/Portal-Urbano-171542830093757\/\" \/>\n<meta property=\"article:published_time\" content=\"2022-02-25T14:47:38+00:00\" \/>\n<meta property=\"article:modified_time\" content=\"2022-02-25T15:29:24+00:00\" \/>\n<meta property=\"og:image\" content=\"https:\/\/experienciadevida.com.ar\/portalurbano\/wp-content\/uploads\/2022\/02\/Movilizacion-terrenos.jpg\" \/>\n\t<meta property=\"og:image:width\" content=\"765\" \/>\n\t<meta property=\"og:image:height\" content=\"510\" \/>\n\t<meta property=\"og:image:type\" content=\"image\/jpeg\" \/>\n<meta name=\"author\" content=\"admpu17wp\" \/>\n<meta name=\"twitter:card\" content=\"summary_large_image\" \/>\n<meta name=\"twitter:creator\" content=\"@portalurbanook\" \/>\n<meta name=\"twitter:site\" content=\"@portalurbanook\" \/>\n<meta name=\"twitter:label1\" content=\"Escrito por\" \/>\n\t<meta name=\"twitter:data1\" content=\"admpu17wp\" \/>\n\t<meta name=\"twitter:label2\" content=\"Tiempo de lectura\" \/>\n\t<meta name=\"twitter:data2\" content=\"5 minutos\" \/>\n<script type=\"application\/ld+json\" class=\"yoast-schema-graph\">{\"@context\":\"https:\/\/schema.org\",\"@graph\":[{\"@type\":\"Article\",\"@id\":\"https:\/\/experienciadevida.com.ar\/portalurbano\/concentracion-en-el-hcd-en-apoyo-al-referente-social\/#article\",\"isPartOf\":{\"@id\":\"https:\/\/experienciadevida.com.ar\/portalurbano\/concentracion-en-el-hcd-en-apoyo-al-referente-social\/\"},\"author\":{\"name\":\"admpu17wp\",\"@id\":\"https:\/\/experienciadevida.com.ar\/portalurbano\/#\/schema\/person\/02dd326b1c4b056e9cc972486934a3a7\"},\"headline\":\"Concentraci\u00f3n en el HCD en apoyo al referente social\",\"datePublished\":\"2022-02-25T14:47:38+00:00\",\"dateModified\":\"2022-02-25T15:29:24+00:00\",\"mainEntityOfPage\":{\"@id\":\"https:\/\/experienciadevida.com.ar\/portalurbano\/concentracion-en-el-hcd-en-apoyo-al-referente-social\/\"},\"wordCount\":884,\"publisher\":{\"@id\":\"https:\/\/experienciadevida.com.ar\/portalurbano\/#organization\"},\"articleSection\":[\"Ciudad\",\"Destacadas\"],\"inLanguage\":\"es\"},{\"@type\":\"WebPage\",\"@id\":\"https:\/\/experienciadevida.com.ar\/portalurbano\/concentracion-en-el-hcd-en-apoyo-al-referente-social\/\",\"url\":\"https:\/\/experienciadevida.com.ar\/portalurbano\/concentracion-en-el-hcd-en-apoyo-al-referente-social\/\",\"name\":\"Concentraci\u00f3n en el HCD en apoyo al referente social\",\"isPartOf\":{\"@id\":\"https:\/\/experienciadevida.com.ar\/portalurbano\/#website\"},\"datePublished\":\"2022-02-25T14:47:38+00:00\",\"dateModified\":\"2022-02-25T15:29:24+00:00\",\"description\":\"Concentraci\u00f3n en el HCD en apoyo al referente social, fue en la ma\u00f1ana de este viernes en el edificio del HCD, el referente declar\u00f3\",\"breadcrumb\":{\"@id\":\"https:\/\/experienciadevida.com.ar\/portalurbano\/concentracion-en-el-hcd-en-apoyo-al-referente-social\/#breadcrumb\"},\"inLanguage\":\"es\",\"potentialAction\":[{\"@type\":\"ReadAction\",\"target\":[\"https:\/\/experienciadevida.com.ar\/portalurbano\/concentracion-en-el-hcd-en-apoyo-al-referente-social\/\"]}]},{\"@type\":\"BreadcrumbList\",\"@id\":\"https:\/\/experienciadevida.com.ar\/portalurbano\/concentracion-en-el-hcd-en-apoyo-al-referente-social\/#breadcrumb\",\"itemListElement\":[{\"@type\":\"ListItem\",\"position\":1,\"name\":\"Portada\",\"item\":\"https:\/\/experienciadevida.com.ar\/portalurbano\/\"},{\"@type\":\"ListItem\",\"position\":2,\"name\":\"Concentraci\u00f3n en el HCD en apoyo al referente social\"}]},{\"@type\":\"WebSite\",\"@id\":\"https:\/\/experienciadevida.com.ar\/portalurbano\/#website\",\"url\":\"https:\/\/experienciadevida.com.ar\/portalurbano\/\",\"name\":\"\",\"description\":\"\",\"publisher\":{\"@id\":\"https:\/\/experienciadevida.com.ar\/portalurbano\/#organization\"},\"potentialAction\":[{\"@type\":\"SearchAction\",\"target\":{\"@type\":\"EntryPoint\",\"urlTemplate\":\"https:\/\/experienciadevida.com.ar\/portalurbano\/?s={search_term_string}\"},\"query-input\":\"required name=search_term_string\"}],\"inLanguage\":\"es\"},{\"@type\":\"Organization\",\"@id\":\"https:\/\/experienciadevida.com.ar\/portalurbano\/#organization\",\"name\":\"Portal Urbano\",\"url\":\"https:\/\/experienciadevida.com.ar\/portalurbano\/\",\"logo\":{\"@type\":\"ImageObject\",\"inLanguage\":\"es\",\"@id\":\"https:\/\/experienciadevida.com.ar\/portalurbano\/#\/schema\/logo\/image\/\",\"url\":\"https:\/\/experienciadevida.com.ar\/portalurbano\/wp-content\/uploads\/2019\/09\/Logo-Original.png\",\"contentUrl\":\"https:\/\/experienciadevida.com.ar\/portalurbano\/wp-content\/uploads\/2019\/09\/Logo-Original.png\",\"width\":2236,\"height\":1216,\"caption\":\"Portal Urbano\"},\"image\":{\"@id\":\"https:\/\/experienciadevida.com.ar\/portalurbano\/#\/schema\/logo\/image\/\"},\"sameAs\":[\"https:\/\/www.facebook.com\/Portal-Urbano-171542830093757\/\",\"https:\/\/twitter.com\/portalurbanook\",\"https:\/\/www.instagram.com\/_portalurbano\/\",\"https:\/\/www.youtube.com\/channel\/UCXhagIfszH8KxFiOok79zbA?view_as=subscriber\"]},{\"@type\":\"Person\",\"@id\":\"https:\/\/experienciadevida.com.ar\/portalurbano\/#\/schema\/person\/02dd326b1c4b056e9cc972486934a3a7\",\"name\":\"admpu17wp\",\"image\":{\"@type\":\"ImageObject\",\"inLanguage\":\"es\",\"@id\":\"https:\/\/experienciadevida.com.ar\/portalurbano\/#\/schema\/person\/image\/\",\"url\":\"https:\/\/secure.gravatar.com\/avatar\/830d4c57adaae6630765e449a6908047?s=96&d=mm&r=g\",\"contentUrl\":\"https:\/\/secure.gravatar.com\/avatar\/830d4c57adaae6630765e449a6908047?s=96&d=mm&r=g\",\"caption\":\"admpu17wp\"}}]}<\/script>\n<!-- \/ Yoast SEO plugin. -->","yoast_head_json":{"title":"Concentraci\u00f3n en el HCD en apoyo al referente social","description":"Concentraci\u00f3n en el HCD en apoyo al referente social, fue en la ma\u00f1ana de este viernes en el edificio del HCD, el referente declar\u00f3","robots":{"index":"index","follow":"follow","max-snippet":"max-snippet:-1","max-image-preview":"max-image-preview:large","max-video-preview":"max-video-preview:-1"},"canonical":"https:\/\/experienciadevida.com.ar\/portalurbano\/concentracion-en-el-hcd-en-apoyo-al-referente-social\/","og_locale":"es_ES","og_type":"article","og_title":"Concentraci\u00f3n en el HCD en apoyo al referente social","og_description":"Concentraci\u00f3n en el HCD en apoyo al referente social, fue en la ma\u00f1ana de este viernes en el edificio del HCD, el referente declar\u00f3","og_url":"https:\/\/experienciadevida.com.ar\/portalurbano\/concentracion-en-el-hcd-en-apoyo-al-referente-social\/","article_publisher":"https:\/\/www.facebook.com\/Portal-Urbano-171542830093757\/","article_published_time":"2022-02-25T14:47:38+00:00","article_modified_time":"2022-02-25T15:29:24+00:00","og_image":[{"width":765,"height":510,"url":"https:\/\/experienciadevida.com.ar\/portalurbano\/wp-content\/uploads\/2022\/02\/Movilizacion-terrenos.jpg","type":"image\/jpeg"}],"author":"admpu17wp","twitter_card":"summary_large_image","twitter_creator":"@portalurbanook","twitter_site":"@portalurbanook","twitter_misc":{"Escrito por":"admpu17wp","Tiempo de lectura":"5 minutos"},"schema":{"@context":"https:\/\/schema.org","@graph":[{"@type":"Article","@id":"https:\/\/experienciadevida.com.ar\/portalurbano\/concentracion-en-el-hcd-en-apoyo-al-referente-social\/#article","isPartOf":{"@id":"https:\/\/experienciadevida.com.ar\/portalurbano\/concentracion-en-el-hcd-en-apoyo-al-referente-social\/"},"author":{"name":"admpu17wp","@id":"https:\/\/experienciadevida.com.ar\/portalurbano\/#\/schema\/person\/02dd326b1c4b056e9cc972486934a3a7"},"headline":"Concentraci\u00f3n en el HCD en apoyo al referente social","datePublished":"2022-02-25T14:47:38+00:00","dateModified":"2022-02-25T15:29:24+00:00","mainEntityOfPage":{"@id":"https:\/\/experienciadevida.com.ar\/portalurbano\/concentracion-en-el-hcd-en-apoyo-al-referente-social\/"},"wordCount":884,"publisher":{"@id":"https:\/\/experienciadevida.com.ar\/portalurbano\/#organization"},"articleSection":["Ciudad","Destacadas"],"inLanguage":"es"},{"@type":"WebPage","@id":"https:\/\/experienciadevida.com.ar\/portalurbano\/concentracion-en-el-hcd-en-apoyo-al-referente-social\/","url":"https:\/\/experienciadevida.com.ar\/portalurbano\/concentracion-en-el-hcd-en-apoyo-al-referente-social\/","name":"Concentraci\u00f3n en el HCD en apoyo al referente social","isPartOf":{"@id":"https:\/\/experienciadevida.com.ar\/portalurbano\/#website"},"datePublished":"2022-02-25T14:47:38+00:00","dateModified":"2022-02-25T15:29:24+00:00","description":"Concentraci\u00f3n en el HCD en apoyo al referente social, fue en la ma\u00f1ana de este viernes en el edificio del HCD, el referente declar\u00f3","breadcrumb":{"@id":"https:\/\/experienciadevida.com.ar\/portalurbano\/concentracion-en-el-hcd-en-apoyo-al-referente-social\/#breadcrumb"},"inLanguage":"es","potentialAction":[{"@type":"ReadAction","target":["https:\/\/experienciadevida.com.ar\/portalurbano\/concentracion-en-el-hcd-en-apoyo-al-referente-social\/"]}]},{"@type":"BreadcrumbList","@id":"https:\/\/experienciadevida.com.ar\/portalurbano\/concentracion-en-el-hcd-en-apoyo-al-referente-social\/#breadcrumb","itemListElement":[{"@type":"ListItem","position":1,"name":"Portada","item":"https:\/\/experienciadevida.com.ar\/portalurbano\/"},{"@type":"ListItem","position":2,"name":"Concentraci\u00f3n en el HCD en apoyo al referente social"}]},{"@type":"WebSite","@id":"https:\/\/experienciadevida.com.ar\/portalurbano\/#website","url":"https:\/\/experienciadevida.com.ar\/portalurbano\/","name":"","description":"","publisher":{"@id":"https:\/\/experienciadevida.com.ar\/portalurbano\/#organization"},"potentialAction":[{"@type":"SearchAction","target":{"@type":"EntryPoint","urlTemplate":"https:\/\/experienciadevida.com.ar\/portalurbano\/?s={search_term_string}"},"query-input":"required name=search_term_string"}],"inLanguage":"es"},{"@type":"Organization","@id":"https:\/\/experienciadevida.com.ar\/portalurbano\/#organization","name":"Portal Urbano","url":"https:\/\/experienciadevida.com.ar\/portalurbano\/","logo":{"@type":"ImageObject","inLanguage":"es","@id":"https:\/\/experienciadevida.com.ar\/portalurbano\/#\/schema\/logo\/image\/","url":"https:\/\/experienciadevida.com.ar\/portalurbano\/wp-content\/uploads\/2019\/09\/Logo-Original.png","contentUrl":"https:\/\/experienciadevida.com.ar\/portalurbano\/wp-content\/uploads\/2019\/09\/Logo-Original.png","width":2236,"height":1216,"caption":"Portal Urbano"},"image":{"@id":"https:\/\/experienciadevida.com.ar\/portalurbano\/#\/schema\/logo\/image\/"},"sameAs":["https:\/\/www.facebook.com\/Portal-Urbano-171542830093757\/","https:\/\/twitter.com\/portalurbanook","https:\/\/www.instagram.com\/_portalurbano\/","https:\/\/www.youtube.com\/channel\/UCXhagIfszH8KxFiOok79zbA?view_as=subscriber"]},{"@type":"Person","@id":"https:\/\/experienciadevida.com.ar\/portalurbano\/#\/schema\/person\/02dd326b1c4b056e9cc972486934a3a7","name":"admpu17wp","image":{"@type":"ImageObject","inLanguage":"es","@id":"https:\/\/experienciadevida.com.ar\/portalurbano\/#\/schema\/person\/image\/","url":"https:\/\/secure.gravatar.com\/avatar\/830d4c57adaae6630765e449a6908047?s=96&d=mm&r=g","contentUrl":"https:\/\/secure.gravatar.com\/avatar\/830d4c57adaae6630765e449a6908047?s=96&d=mm&r=g","caption":"admpu17wp"}}]}},"featured_image_urls":{"full":["https:\/\/experienciadevida.com.ar\/portalurbano\/wp-content\/uploads\/2022\/02\/Movilizacion-terrenos.jpg",765,510,false],"thumbnail":["https:\/\/experienciadevida.com.ar\/portalurbano\/wp-content\/uploads\/2022\/02\/Movilizacion-terrenos-150x150.jpg",150,150,true],"medium":["https:\/\/experienciadevida.com.ar\/portalurbano\/wp-content\/uploads\/2022\/02\/Movilizacion-terrenos-300x200.jpg",300,200,true],"medium_large":["https:\/\/experienciadevida.com.ar\/portalurbano\/wp-content\/uploads\/2022\/02\/Movilizacion-terrenos.jpg",640,427,false],"large":["https:\/\/experienciadevida.com.ar\/portalurbano\/wp-content\/uploads\/2022\/02\/Movilizacion-terrenos.jpg",640,427,false],"ug_big":["https:\/\/experienciadevida.com.ar\/portalurbano\/wp-content\/uploads\/2022\/02\/Movilizacion-terrenos.jpg",765,510,false],"1536x1536":["https:\/\/experienciadevida.com.ar\/portalurbano\/wp-content\/uploads\/2022\/02\/Movilizacion-terrenos.jpg",765,510,false],"2048x2048":["https:\/\/experienciadevida.com.ar\/portalurbano\/wp-content\/uploads\/2022\/02\/Movilizacion-terrenos.jpg",765,510,false],"newsever-slider-full":["https:\/\/experienciadevida.com.ar\/portalurbano\/wp-content\/uploads\/2022\/02\/Movilizacion-terrenos.jpg",765,510,false],"newsever-featured":["https:\/\/experienciadevida.com.ar\/portalurbano\/wp-content\/uploads\/2022\/02\/Movilizacion-terrenos.jpg",765,510,false],"newsever-medium":["https:\/\/experienciadevida.com.ar\/portalurbano\/wp-content\/uploads\/2022\/02\/Movilizacion-terrenos.jpg",713,475,false],"web-stories-poster-portrait":["https:\/\/experienciadevida.com.ar\/portalurbano\/wp-content\/uploads\/2022\/02\/Movilizacion-terrenos.jpg",640,427,false],"web-stories-publisher-logo":["https:\/\/experienciadevida.com.ar\/portalurbano\/wp-content\/uploads\/2022\/02\/Movilizacion-terrenos.jpg",96,64,false],"web-stories-thumbnail":["https:\/\/experienciadevida.com.ar\/portalurbano\/wp-content\/uploads\/2022\/02\/Movilizacion-terrenos.jpg",150,100,false]},"author_info":{"display_name":"admpu17wp","author_link":"https:\/\/experienciadevida.com.ar\/portalurbano\/author\/admpu17wp\/"},"category_info":"<a href=\"https:\/\/experienciadevida.com.ar\/portalurbano\/category\/ciudad\/\" rel=\"category tag\">Ciudad<\/a> <a href=\"https:\/\/experienciadevida.com.ar\/portalurbano\/category\/destacadas\/\" rel=\"category tag\">Destacadas<\/a>","tag_info":"Destacadas","comment_count":"0","amp_enabled":true,"_links":{"self":[{"href":"https:\/\/experienciadevida.com.ar\/portalurbano\/wp-json\/wp\/v2\/posts\/162409"}],"collection":[{"href":"https:\/\/experienciadevida.com.ar\/portalurbano\/wp-json\/wp\/v2\/posts"}],"about":[{"href":"https:\/\/experienciadevida.com.ar\/portalurbano\/wp-json\/wp\/v2\/types\/post"}],"author":[{"embeddable":true,"href":"https:\/\/experienciadevida.com.ar\/portalurbano\/wp-json\/wp\/v2\/users\/1"}],"replies":[{"embeddable":true,"href":"https:\/\/experienciadevida.com.ar\/portalurbano\/wp-json\/wp\/v2\/comments?post=162409"}],"version-history":[{"count":6,"href":"https:\/\/experienciadevida.com.ar\/portalurbano\/wp-json\/wp\/v2\/posts\/162409\/revisions"}],"predecessor-version":[{"id":162420,"href":"https:\/\/experienciadevida.com.ar\/portalurbano\/wp-json\/wp\/v2\/posts\/162409\/revisions\/162420"}],"wp:featuredmedia":[{"embeddable":true,"href":"https:\/\/experienciadevida.com.ar\/portalurbano\/wp-json\/wp\/v2\/media\/162410"}],"wp:attachment":[{"href":"https:\/\/experienciadevida.com.ar\/portalurbano\/wp-json\/wp\/v2\/media?parent=162409"}],"wp:term":[{"taxonomy":"category","embeddable":true,"href":"https:\/\/experienciadevida.com.ar\/portalurbano\/wp-json\/wp\/v2\/categories?post=162409"},{"taxonomy":"post_tag","embeddable":true,"href":"https:\/\/experienciadevida.com.ar\/portalurbano\/wp-json\/wp\/v2\/tags?post=162409"}],"curies":[{"name":"wp","href":"https:\/\/api.w.org\/{rel}","templated":true}]}}