{"id":162383,"date":"2022-02-24T21:41:46","date_gmt":"2022-02-25T00:41:46","guid":{"rendered":"https:\/\/experienciadevida.com.ar\/portalurbano\/?p=162383"},"modified":"2022-02-24T21:42:15","modified_gmt":"2022-02-25T00:42:15","slug":"georgina-randazzo-pido-que-en-el-nuevo-juicio-haya-gente-con-responsabilidad-civil","status":"publish","type":"post","link":"https:\/\/experienciadevida.com.ar\/portalurbano\/georgina-randazzo-pido-que-en-el-nuevo-juicio-haya-gente-con-responsabilidad-civil\/","title":{"rendered":"Georgina Randazzo: &#8220;Pido que en el nuevo juicio haya gente con responsabilidad civil&#8221;"},"content":{"rendered":"<p><a href=\"https:\/\/www.facebook.com\/profile.php?id=100009694156617\">Georgina Randazzo<\/a>: &#8220;Pido que en el nuevo juicio haya gente con responsabilidad civil&#8221;, as\u00ed lo dijo en\u00a0conferencia de prensa este jueves realizada en la Sociedad de Fomento de Villa Mail\u00edn, all\u00ed estuvieron presentes la Presidenta de la Asociaci\u00f3n Civil Animate, Liliana Cuenca y la abogada de la misma.<\/p>\n<p><a href=\"https:\/\/experienciadevida.com.ar\/portalurbano\/georgina-randazzo-pido-que-en-el-nuevo-juicio-haya-gente-con-responsabilidad-civil\/georgina\/\" rel=\"attachment wp-att-162390\"><img decoding=\"async\" class=\"alignnone size-full wp-image-162390\" src=\"https:\/\/experienciadevida.com.ar\/portalurbano\/wp-content\/uploads\/2022\/02\/Georgina.jpg\" alt=\"Georgina \" width=\"765\" height=\"510\" srcset=\"https:\/\/experienciadevida.com.ar\/portalurbano\/wp-content\/uploads\/2022\/02\/Georgina.jpg 765w, https:\/\/experienciadevida.com.ar\/portalurbano\/wp-content\/uploads\/2022\/02\/Georgina-300x200.jpg 300w\" sizes=\"(max-width: 765px) 100vw, 765px\" \/><\/a><\/p>\n<p>La primera en tomar la palabra fue <a href=\"https:\/\/www.facebook.com\/liliana.cuenca.58\">Liliana Cuenca<\/a> quien mencion\u00f3 &#8220;fueron d\u00edas muy dif\u00edciles para nosotros como Asociaci\u00f3n, el jueves declar\u00f3 Georgina quien tuvo que contar todo lo vivido. El d\u00eda viernes fuimos al tribunal y el veredicto se conoci\u00f3 a la noche, el juicio fue estancado, en el cual el acusado para ser condenado ten\u00eda que tener 10 votos y obtuvo 9, 3 votaron en contra. El juicio por jurados es da\u00f1ino para la v\u00edctima porque el sistema judicial vuelve a revictimizarla&#8221;.<\/p>\n<p>Luego Georgina Randazzo dijo &#8220;hoy solamente queda esperar que la justicia responda mi petici\u00f3n, y empezar a pensar en la situaci\u00f3n que se pone a la denunciante en estos casos. En este caso el acusado tuvo la posibilidad de elegir c\u00f3mo ser juzgado se le est\u00e1 dando derecho solamente a una parte, y la denunciante tiene que esperar hasta el juicio&#8221;.<\/p>\n<p>&#8220;Entiendo que la justicia es un gigante, que no vamos a cambiar con una conferencia de prensa, con un escrache social, esto va m\u00e1s all\u00e1, esto\u00a0 tambi\u00e9n es para empezar a pedir ayuda que dejemos de ser vulneradas y revictimizadas constantemente por un sistema judicial que ampara al abusador, es desgastante. Randazzo est\u00e1 preso hay pruebas suficientes que se presentaron en el juicio d\u00f3nde \u00e9l se hace cargo y a\u00fan as\u00ed hay testigos que decidieron votar a favor de \u00e9l&#8221;.<\/p>\n<p>Adem\u00e1s remarc\u00f3 que el jurado no tiene una capacitaci\u00f3n previa, la gente no tiene herramientas simplemente es llamado al juicio y tiene que juzgar. &#8220;Queremos pedir una capacitaci\u00f3n previa al juicio&#8221;, dijo Georgina.<\/p>\n<p><strong>Juicio por jurados:<\/strong><\/p>\n<p>La abogada de la Asociaci\u00f3n Civil explic\u00f3 la modalidad &#8220;que se introdujo en el c\u00f3digo penal no hace muchos a\u00f1os con la finalidad de que la sociedad com\u00fan, pueda participar en el sistema penal, el jurado dictamina la culpabilidad o no del imputado y despu\u00e9s en caso de que sea culpable el juez es el que dictamina el monto de la pena, el jurado se elige del padr\u00f3n electoral al comienzo de cada a\u00f1o con DNI, se elije el jurado por parte iguales mujeres y hombres y luego se hace un filtro en cada departamento judicial para llegar a las personas que van actuar cuando se fija la fecha de un juicio. Este tipo de modalidad la puede pedir el imputado, tiene ese derecho, pero vemos que este tipo de modalidad no sirve para juzgar delitos sexuales, como sociedad no estamos preparados para juzgar a un violador porque si bien las luchas han avanzado mucho, el machismo y el patriarcado est\u00e1 muy arraigado en muchas personas y en semejante prueba no le es suficiente, tenemos tres personas que votaron a favor del acusado&#8221;.<\/p>\n<p><a href=\"https:\/\/experienciadevida.com.ar\/portalurbano\/georgina-randazzo-pido-que-en-el-nuevo-juicio-haya-gente-con-responsabilidad-civil\/randazzo-4\/\" rel=\"attachment wp-att-162391\"><img decoding=\"async\" class=\"alignnone size-full wp-image-162391\" src=\"https:\/\/experienciadevida.com.ar\/portalurbano\/wp-content\/uploads\/2022\/02\/Randazzo.jpg\" alt=\"Randazzo \" width=\"765\" height=\"510\" srcset=\"https:\/\/experienciadevida.com.ar\/portalurbano\/wp-content\/uploads\/2022\/02\/Randazzo.jpg 765w, https:\/\/experienciadevida.com.ar\/portalurbano\/wp-content\/uploads\/2022\/02\/Randazzo-300x200.jpg 300w\" sizes=\"(max-width: 765px) 100vw, 765px\" \/><\/a><\/p>\n<p>Para finalizar dijo &#8220;Estamos tratando de ver c\u00f3mo podemos llevar adelante un proyecto para modificar la ley de juicio por jurados y que no sea aplicable a los delitos sexuales, esto va a sentar un precedente y todos los acusados van a recurrir\u00a0 a esta modalidad conociendo la falencia que tiene, tenemos que tener un apoyo para modificar esto porque vamos a tener m\u00e1s violadores libres&#8221;.<\/p>\n<p>La pr\u00f3xima fecha de juicio es el 14 de julio de este a\u00f1o, por este motivo Georgina dijo &#8220;quiero esperar que dentro del juicio de jurado haya gente con responsabilidad civil de saber que en caso de salir absuelto estamos dejando a un violador en potencia en la calle, porque no soy yo sola&#8221;.<\/p>\n","protected":false},"excerpt":{"rendered":"<p>Georgina Randazzo: &#8220;Pido que en el nuevo juicio haya gente con responsabilidad civil&#8221;, as\u00ed lo&#8230;<\/p>\n","protected":false},"author":1,"featured_media":162387,"comment_status":"closed","ping_status":"closed","sticky":false,"template":"","format":"standard","meta":{"content-type":""},"categories":[27,51],"tags":[],"nelio_content":{"isAutoShareEnabled":false,"autoShareEndMode":"default","automationSources":{"useContentSentences":true,"useSocialTemplates":true,"useCustomSentences":false,"customSentences":[]},"followers":[1],"suggestedReferences":[],"includedReferences":[],"efiUrl":"","efiAlt":"","highlights":[]},"yoast_head":"<!-- This site is optimized with the Yoast SEO plugin v20.7 - https:\/\/yoast.com\/wordpress\/plugins\/seo\/ -->\n<title>Georgina Randazzo: &quot;Pido que en el nuevo juicio haya gente&quot;<\/title>\n<meta name=\"description\" content=\"Georgina Randazzo: &quot;Pido que en el nuevo juicio haya gente con responsabilidad civil&quot;, as\u00ed lo dijo en\u00a0conferencia de prensa esta tarde\" \/>\n<meta name=\"robots\" content=\"index, follow, max-snippet:-1, max-image-preview:large, max-video-preview:-1\" \/>\n<link rel=\"canonical\" href=\"https:\/\/experienciadevida.com.ar\/portalurbano\/georgina-randazzo-pido-que-en-el-nuevo-juicio-haya-gente-con-responsabilidad-civil\/\" \/>\n<meta property=\"og:locale\" content=\"es_ES\" \/>\n<meta property=\"og:type\" content=\"article\" \/>\n<meta property=\"og:title\" content=\"Georgina Randazzo: &quot;Pido que en el nuevo juicio haya gente&quot;\" \/>\n<meta property=\"og:description\" content=\"Georgina Randazzo: &quot;Pido que en el nuevo juicio haya gente con responsabilidad civil&quot;, as\u00ed lo dijo en\u00a0conferencia de prensa esta tarde\" \/>\n<meta property=\"og:url\" content=\"https:\/\/experienciadevida.com.ar\/portalurbano\/georgina-randazzo-pido-que-en-el-nuevo-juicio-haya-gente-con-responsabilidad-civil\/\" \/>\n<meta property=\"article:publisher\" content=\"https:\/\/www.facebook.com\/Portal-Urbano-171542830093757\/\" \/>\n<meta property=\"article:published_time\" content=\"2022-02-25T00:41:46+00:00\" \/>\n<meta property=\"article:modified_time\" content=\"2022-02-25T00:42:15+00:00\" \/>\n<meta property=\"og:image\" content=\"https:\/\/experienciadevida.com.ar\/portalurbano\/wp-content\/uploads\/2022\/02\/El-nuevo-juicio-por.jpg\" \/>\n\t<meta property=\"og:image:width\" content=\"765\" \/>\n\t<meta property=\"og:image:height\" content=\"510\" \/>\n\t<meta property=\"og:image:type\" content=\"image\/jpeg\" \/>\n<meta name=\"author\" content=\"admpu17wp\" \/>\n<meta name=\"twitter:card\" content=\"summary_large_image\" \/>\n<meta name=\"twitter:creator\" content=\"@portalurbanook\" \/>\n<meta name=\"twitter:site\" content=\"@portalurbanook\" \/>\n<meta name=\"twitter:label1\" content=\"Escrito por\" \/>\n\t<meta name=\"twitter:data1\" content=\"admpu17wp\" \/>\n\t<meta name=\"twitter:label2\" content=\"Tiempo de lectura\" \/>\n\t<meta name=\"twitter:data2\" content=\"4 minutos\" \/>\n<script type=\"application\/ld+json\" class=\"yoast-schema-graph\">{\"@context\":\"https:\/\/schema.org\",\"@graph\":[{\"@type\":\"Article\",\"@id\":\"https:\/\/experienciadevida.com.ar\/portalurbano\/georgina-randazzo-pido-que-en-el-nuevo-juicio-haya-gente-con-responsabilidad-civil\/#article\",\"isPartOf\":{\"@id\":\"https:\/\/experienciadevida.com.ar\/portalurbano\/georgina-randazzo-pido-que-en-el-nuevo-juicio-haya-gente-con-responsabilidad-civil\/\"},\"author\":{\"name\":\"admpu17wp\",\"@id\":\"https:\/\/experienciadevida.com.ar\/portalurbano\/#\/schema\/person\/02dd326b1c4b056e9cc972486934a3a7\"},\"headline\":\"Georgina Randazzo: &#8220;Pido que en el nuevo juicio haya gente con responsabilidad civil&#8221;\",\"datePublished\":\"2022-02-25T00:41:46+00:00\",\"dateModified\":\"2022-02-25T00:42:15+00:00\",\"mainEntityOfPage\":{\"@id\":\"https:\/\/experienciadevida.com.ar\/portalurbano\/georgina-randazzo-pido-que-en-el-nuevo-juicio-haya-gente-con-responsabilidad-civil\/\"},\"wordCount\":652,\"publisher\":{\"@id\":\"https:\/\/experienciadevida.com.ar\/portalurbano\/#organization\"},\"articleSection\":[\"Ciudad\",\"Destacadas\"],\"inLanguage\":\"es\"},{\"@type\":\"WebPage\",\"@id\":\"https:\/\/experienciadevida.com.ar\/portalurbano\/georgina-randazzo-pido-que-en-el-nuevo-juicio-haya-gente-con-responsabilidad-civil\/\",\"url\":\"https:\/\/experienciadevida.com.ar\/portalurbano\/georgina-randazzo-pido-que-en-el-nuevo-juicio-haya-gente-con-responsabilidad-civil\/\",\"name\":\"Georgina Randazzo: \\\"Pido que en el nuevo juicio haya gente\\\"\",\"isPartOf\":{\"@id\":\"https:\/\/experienciadevida.com.ar\/portalurbano\/#website\"},\"datePublished\":\"2022-02-25T00:41:46+00:00\",\"dateModified\":\"2022-02-25T00:42:15+00:00\",\"description\":\"Georgina Randazzo: \\\"Pido que en el nuevo juicio haya gente con responsabilidad civil\\\", as\u00ed lo dijo en\u00a0conferencia de prensa esta tarde\",\"breadcrumb\":{\"@id\":\"https:\/\/experienciadevida.com.ar\/portalurbano\/georgina-randazzo-pido-que-en-el-nuevo-juicio-haya-gente-con-responsabilidad-civil\/#breadcrumb\"},\"inLanguage\":\"es\",\"potentialAction\":[{\"@type\":\"ReadAction\",\"target\":[\"https:\/\/experienciadevida.com.ar\/portalurbano\/georgina-randazzo-pido-que-en-el-nuevo-juicio-haya-gente-con-responsabilidad-civil\/\"]}]},{\"@type\":\"BreadcrumbList\",\"@id\":\"https:\/\/experienciadevida.com.ar\/portalurbano\/georgina-randazzo-pido-que-en-el-nuevo-juicio-haya-gente-con-responsabilidad-civil\/#breadcrumb\",\"itemListElement\":[{\"@type\":\"ListItem\",\"position\":1,\"name\":\"Portada\",\"item\":\"https:\/\/experienciadevida.com.ar\/portalurbano\/\"},{\"@type\":\"ListItem\",\"position\":2,\"name\":\"Georgina Randazzo: \u00abPido que en el nuevo juicio haya gente con responsabilidad civil\u00bb\"}]},{\"@type\":\"WebSite\",\"@id\":\"https:\/\/experienciadevida.com.ar\/portalurbano\/#website\",\"url\":\"https:\/\/experienciadevida.com.ar\/portalurbano\/\",\"name\":\"\",\"description\":\"\",\"publisher\":{\"@id\":\"https:\/\/experienciadevida.com.ar\/portalurbano\/#organization\"},\"potentialAction\":[{\"@type\":\"SearchAction\",\"target\":{\"@type\":\"EntryPoint\",\"urlTemplate\":\"https:\/\/experienciadevida.com.ar\/portalurbano\/?s={search_term_string}\"},\"query-input\":\"required name=search_term_string\"}],\"inLanguage\":\"es\"},{\"@type\":\"Organization\",\"@id\":\"https:\/\/experienciadevida.com.ar\/portalurbano\/#organization\",\"name\":\"Portal Urbano\",\"url\":\"https:\/\/experienciadevida.com.ar\/portalurbano\/\",\"logo\":{\"@type\":\"ImageObject\",\"inLanguage\":\"es\",\"@id\":\"https:\/\/experienciadevida.com.ar\/portalurbano\/#\/schema\/logo\/image\/\",\"url\":\"https:\/\/experienciadevida.com.ar\/portalurbano\/wp-content\/uploads\/2019\/09\/Logo-Original.png\",\"contentUrl\":\"https:\/\/experienciadevida.com.ar\/portalurbano\/wp-content\/uploads\/2019\/09\/Logo-Original.png\",\"width\":2236,\"height\":1216,\"caption\":\"Portal Urbano\"},\"image\":{\"@id\":\"https:\/\/experienciadevida.com.ar\/portalurbano\/#\/schema\/logo\/image\/\"},\"sameAs\":[\"https:\/\/www.facebook.com\/Portal-Urbano-171542830093757\/\",\"https:\/\/twitter.com\/portalurbanook\",\"https:\/\/www.instagram.com\/_portalurbano\/\",\"https:\/\/www.youtube.com\/channel\/UCXhagIfszH8KxFiOok79zbA?view_as=subscriber\"]},{\"@type\":\"Person\",\"@id\":\"https:\/\/experienciadevida.com.ar\/portalurbano\/#\/schema\/person\/02dd326b1c4b056e9cc972486934a3a7\",\"name\":\"admpu17wp\",\"image\":{\"@type\":\"ImageObject\",\"inLanguage\":\"es\",\"@id\":\"https:\/\/experienciadevida.com.ar\/portalurbano\/#\/schema\/person\/image\/\",\"url\":\"https:\/\/secure.gravatar.com\/avatar\/830d4c57adaae6630765e449a6908047?s=96&d=mm&r=g\",\"contentUrl\":\"https:\/\/secure.gravatar.com\/avatar\/830d4c57adaae6630765e449a6908047?s=96&d=mm&r=g\",\"caption\":\"admpu17wp\"}}]}<\/script>\n<!-- \/ Yoast SEO plugin. -->","yoast_head_json":{"title":"Georgina Randazzo: \"Pido que en el nuevo juicio haya gente\"","description":"Georgina Randazzo: \"Pido que en el nuevo juicio haya gente con responsabilidad civil\", as\u00ed lo dijo en\u00a0conferencia de prensa esta tarde","robots":{"index":"index","follow":"follow","max-snippet":"max-snippet:-1","max-image-preview":"max-image-preview:large","max-video-preview":"max-video-preview:-1"},"canonical":"https:\/\/experienciadevida.com.ar\/portalurbano\/georgina-randazzo-pido-que-en-el-nuevo-juicio-haya-gente-con-responsabilidad-civil\/","og_locale":"es_ES","og_type":"article","og_title":"Georgina Randazzo: \"Pido que en el nuevo juicio haya gente\"","og_description":"Georgina Randazzo: \"Pido que en el nuevo juicio haya gente con responsabilidad civil\", as\u00ed lo dijo en\u00a0conferencia de prensa esta tarde","og_url":"https:\/\/experienciadevida.com.ar\/portalurbano\/georgina-randazzo-pido-que-en-el-nuevo-juicio-haya-gente-con-responsabilidad-civil\/","article_publisher":"https:\/\/www.facebook.com\/Portal-Urbano-171542830093757\/","article_published_time":"2022-02-25T00:41:46+00:00","article_modified_time":"2022-02-25T00:42:15+00:00","og_image":[{"width":765,"height":510,"url":"https:\/\/experienciadevida.com.ar\/portalurbano\/wp-content\/uploads\/2022\/02\/El-nuevo-juicio-por.jpg","type":"image\/jpeg"}],"author":"admpu17wp","twitter_card":"summary_large_image","twitter_creator":"@portalurbanook","twitter_site":"@portalurbanook","twitter_misc":{"Escrito por":"admpu17wp","Tiempo de lectura":"4 minutos"},"schema":{"@context":"https:\/\/schema.org","@graph":[{"@type":"Article","@id":"https:\/\/experienciadevida.com.ar\/portalurbano\/georgina-randazzo-pido-que-en-el-nuevo-juicio-haya-gente-con-responsabilidad-civil\/#article","isPartOf":{"@id":"https:\/\/experienciadevida.com.ar\/portalurbano\/georgina-randazzo-pido-que-en-el-nuevo-juicio-haya-gente-con-responsabilidad-civil\/"},"author":{"name":"admpu17wp","@id":"https:\/\/experienciadevida.com.ar\/portalurbano\/#\/schema\/person\/02dd326b1c4b056e9cc972486934a3a7"},"headline":"Georgina Randazzo: &#8220;Pido que en el nuevo juicio haya gente con responsabilidad civil&#8221;","datePublished":"2022-02-25T00:41:46+00:00","dateModified":"2022-02-25T00:42:15+00:00","mainEntityOfPage":{"@id":"https:\/\/experienciadevida.com.ar\/portalurbano\/georgina-randazzo-pido-que-en-el-nuevo-juicio-haya-gente-con-responsabilidad-civil\/"},"wordCount":652,"publisher":{"@id":"https:\/\/experienciadevida.com.ar\/portalurbano\/#organization"},"articleSection":["Ciudad","Destacadas"],"inLanguage":"es"},{"@type":"WebPage","@id":"https:\/\/experienciadevida.com.ar\/portalurbano\/georgina-randazzo-pido-que-en-el-nuevo-juicio-haya-gente-con-responsabilidad-civil\/","url":"https:\/\/experienciadevida.com.ar\/portalurbano\/georgina-randazzo-pido-que-en-el-nuevo-juicio-haya-gente-con-responsabilidad-civil\/","name":"Georgina Randazzo: \"Pido que en el nuevo juicio haya gente\"","isPartOf":{"@id":"https:\/\/experienciadevida.com.ar\/portalurbano\/#website"},"datePublished":"2022-02-25T00:41:46+00:00","dateModified":"2022-02-25T00:42:15+00:00","description":"Georgina Randazzo: \"Pido que en el nuevo juicio haya gente con responsabilidad civil\", as\u00ed lo dijo en\u00a0conferencia de prensa esta tarde","breadcrumb":{"@id":"https:\/\/experienciadevida.com.ar\/portalurbano\/georgina-randazzo-pido-que-en-el-nuevo-juicio-haya-gente-con-responsabilidad-civil\/#breadcrumb"},"inLanguage":"es","potentialAction":[{"@type":"ReadAction","target":["https:\/\/experienciadevida.com.ar\/portalurbano\/georgina-randazzo-pido-que-en-el-nuevo-juicio-haya-gente-con-responsabilidad-civil\/"]}]},{"@type":"BreadcrumbList","@id":"https:\/\/experienciadevida.com.ar\/portalurbano\/georgina-randazzo-pido-que-en-el-nuevo-juicio-haya-gente-con-responsabilidad-civil\/#breadcrumb","itemListElement":[{"@type":"ListItem","position":1,"name":"Portada","item":"https:\/\/experienciadevida.com.ar\/portalurbano\/"},{"@type":"ListItem","position":2,"name":"Georgina Randazzo: \u00abPido que en el nuevo juicio haya gente con responsabilidad civil\u00bb"}]},{"@type":"WebSite","@id":"https:\/\/experienciadevida.com.ar\/portalurbano\/#website","url":"https:\/\/experienciadevida.com.ar\/portalurbano\/","name":"","description":"","publisher":{"@id":"https:\/\/experienciadevida.com.ar\/portalurbano\/#organization"},"potentialAction":[{"@type":"SearchAction","target":{"@type":"EntryPoint","urlTemplate":"https:\/\/experienciadevida.com.ar\/portalurbano\/?s={search_term_string}"},"query-input":"required name=search_term_string"}],"inLanguage":"es"},{"@type":"Organization","@id":"https:\/\/experienciadevida.com.ar\/portalurbano\/#organization","name":"Portal Urbano","url":"https:\/\/experienciadevida.com.ar\/portalurbano\/","logo":{"@type":"ImageObject","inLanguage":"es","@id":"https:\/\/experienciadevida.com.ar\/portalurbano\/#\/schema\/logo\/image\/","url":"https:\/\/experienciadevida.com.ar\/portalurbano\/wp-content\/uploads\/2019\/09\/Logo-Original.png","contentUrl":"https:\/\/experienciadevida.com.ar\/portalurbano\/wp-content\/uploads\/2019\/09\/Logo-Original.png","width":2236,"height":1216,"caption":"Portal Urbano"},"image":{"@id":"https:\/\/experienciadevida.com.ar\/portalurbano\/#\/schema\/logo\/image\/"},"sameAs":["https:\/\/www.facebook.com\/Portal-Urbano-171542830093757\/","https:\/\/twitter.com\/portalurbanook","https:\/\/www.instagram.com\/_portalurbano\/","https:\/\/www.youtube.com\/channel\/UCXhagIfszH8KxFiOok79zbA?view_as=subscriber"]},{"@type":"Person","@id":"https:\/\/experienciadevida.com.ar\/portalurbano\/#\/schema\/person\/02dd326b1c4b056e9cc972486934a3a7","name":"admpu17wp","image":{"@type":"ImageObject","inLanguage":"es","@id":"https:\/\/experienciadevida.com.ar\/portalurbano\/#\/schema\/person\/image\/","url":"https:\/\/secure.gravatar.com\/avatar\/830d4c57adaae6630765e449a6908047?s=96&d=mm&r=g","contentUrl":"https:\/\/secure.gravatar.com\/avatar\/830d4c57adaae6630765e449a6908047?s=96&d=mm&r=g","caption":"admpu17wp"}}]}},"featured_image_urls":{"full":["https:\/\/experienciadevida.com.ar\/portalurbano\/wp-content\/uploads\/2022\/02\/El-nuevo-juicio-por.jpg",765,510,false],"thumbnail":["https:\/\/experienciadevida.com.ar\/portalurbano\/wp-content\/uploads\/2022\/02\/El-nuevo-juicio-por-150x150.jpg",150,150,true],"medium":["https:\/\/experienciadevida.com.ar\/portalurbano\/wp-content\/uploads\/2022\/02\/El-nuevo-juicio-por-300x200.jpg",300,200,true],"medium_large":["https:\/\/experienciadevida.com.ar\/portalurbano\/wp-content\/uploads\/2022\/02\/El-nuevo-juicio-por.jpg",640,427,false],"large":["https:\/\/experienciadevida.com.ar\/portalurbano\/wp-content\/uploads\/2022\/02\/El-nuevo-juicio-por.jpg",640,427,false],"ug_big":["https:\/\/experienciadevida.com.ar\/portalurbano\/wp-content\/uploads\/2022\/02\/El-nuevo-juicio-por.jpg",765,510,false],"1536x1536":["https:\/\/experienciadevida.com.ar\/portalurbano\/wp-content\/uploads\/2022\/02\/El-nuevo-juicio-por.jpg",765,510,false],"2048x2048":["https:\/\/experienciadevida.com.ar\/portalurbano\/wp-content\/uploads\/2022\/02\/El-nuevo-juicio-por.jpg",765,510,false],"newsever-slider-full":["https:\/\/experienciadevida.com.ar\/portalurbano\/wp-content\/uploads\/2022\/02\/El-nuevo-juicio-por.jpg",765,510,false],"newsever-featured":["https:\/\/experienciadevida.com.ar\/portalurbano\/wp-content\/uploads\/2022\/02\/El-nuevo-juicio-por.jpg",765,510,false],"newsever-medium":["https:\/\/experienciadevida.com.ar\/portalurbano\/wp-content\/uploads\/2022\/02\/El-nuevo-juicio-por.jpg",713,475,false],"web-stories-poster-portrait":["https:\/\/experienciadevida.com.ar\/portalurbano\/wp-content\/uploads\/2022\/02\/El-nuevo-juicio-por.jpg",640,427,false],"web-stories-publisher-logo":["https:\/\/experienciadevida.com.ar\/portalurbano\/wp-content\/uploads\/2022\/02\/El-nuevo-juicio-por.jpg",96,64,false],"web-stories-thumbnail":["https:\/\/experienciadevida.com.ar\/portalurbano\/wp-content\/uploads\/2022\/02\/El-nuevo-juicio-por.jpg",150,100,false]},"author_info":{"display_name":"admpu17wp","author_link":"https:\/\/experienciadevida.com.ar\/portalurbano\/author\/admpu17wp\/"},"category_info":"<a href=\"https:\/\/experienciadevida.com.ar\/portalurbano\/category\/ciudad\/\" rel=\"category tag\">Ciudad<\/a> <a href=\"https:\/\/experienciadevida.com.ar\/portalurbano\/category\/destacadas\/\" rel=\"category tag\">Destacadas<\/a>","tag_info":"Destacadas","comment_count":"0","amp_enabled":true,"_links":{"self":[{"href":"https:\/\/experienciadevida.com.ar\/portalurbano\/wp-json\/wp\/v2\/posts\/162383"}],"collection":[{"href":"https:\/\/experienciadevida.com.ar\/portalurbano\/wp-json\/wp\/v2\/posts"}],"about":[{"href":"https:\/\/experienciadevida.com.ar\/portalurbano\/wp-json\/wp\/v2\/types\/post"}],"author":[{"embeddable":true,"href":"https:\/\/experienciadevida.com.ar\/portalurbano\/wp-json\/wp\/v2\/users\/1"}],"replies":[{"embeddable":true,"href":"https:\/\/experienciadevida.com.ar\/portalurbano\/wp-json\/wp\/v2\/comments?post=162383"}],"version-history":[{"count":8,"href":"https:\/\/experienciadevida.com.ar\/portalurbano\/wp-json\/wp\/v2\/posts\/162383\/revisions"}],"predecessor-version":[{"id":162394,"href":"https:\/\/experienciadevida.com.ar\/portalurbano\/wp-json\/wp\/v2\/posts\/162383\/revisions\/162394"}],"wp:featuredmedia":[{"embeddable":true,"href":"https:\/\/experienciadevida.com.ar\/portalurbano\/wp-json\/wp\/v2\/media\/162387"}],"wp:attachment":[{"href":"https:\/\/experienciadevida.com.ar\/portalurbano\/wp-json\/wp\/v2\/media?parent=162383"}],"wp:term":[{"taxonomy":"category","embeddable":true,"href":"https:\/\/experienciadevida.com.ar\/portalurbano\/wp-json\/wp\/v2\/categories?post=162383"},{"taxonomy":"post_tag","embeddable":true,"href":"https:\/\/experienciadevida.com.ar\/portalurbano\/wp-json\/wp\/v2\/tags?post=162383"}],"curies":[{"name":"wp","href":"https:\/\/api.w.org\/{rel}","templated":true}]}}