{"id":162363,"date":"2022-02-24T12:31:14","date_gmt":"2022-02-24T15:31:14","guid":{"rendered":"https:\/\/experienciadevida.com.ar\/portalurbano\/?p=162363"},"modified":"2022-02-24T12:31:52","modified_gmt":"2022-02-24T15:31:52","slug":"jornada-virtual-para-prestadores-turisticos-bonaerenses","status":"publish","type":"post","link":"https:\/\/experienciadevida.com.ar\/portalurbano\/jornada-virtual-para-prestadores-turisticos-bonaerenses\/","title":{"rendered":"Jornada virtual para prestadores tur\u00edsticos bonaerenses"},"content":{"rendered":"<p>Jornada virtual para prestadores tur\u00edsticos bonaerenses, el Municipio, a trav\u00e9s de la Secretar\u00eda de <a href=\"https:\/\/www.facebook.com\/municipiodeolavarria\">Desarrollo<\/a> Econ\u00f3mico, informa acerca de una jornada virtual informativa, sobre l\u00edneas de cr\u00e9dito vigentes para prestadores tur\u00edsticos por parte del Banco Provincia.<\/p>\n<p>Dicha jornada se llevar\u00e1 a cabo este viernes 25 de febrero, desde las 10 horas, a trav\u00e9s de la plataforma Webex (videoconferencia).<\/p>\n<p>La charla est\u00e1 orientada a micro, peque\u00f1as y medianas empresas bonaerenses.<\/p>\n<p>Los datos de acceso a la reuni\u00f3n son los siguientes:<br \/>\n\u2013 Link de acceso: https:\/\/gba-ar.webex.com\/gba-ar-sp\/j.php?MTID=mc864b24c633e769bbec5bfff4861564a<br \/>\n\u2013 N\u00famero de reuni\u00f3n: 2347 037 9554<br \/>\n\u2013 Contrase\u00f1a: Nj63JV7YMsm<\/p>\n<p>Se informa que los cr\u00e9ditos Provincia Turismo constituyen pr\u00e9stamos de hasta 10 millones de pesos. Entre las actividades incluidas est\u00e1n hoteles, campings, agencias de viaje, restaurantes, rotiser\u00edas, transportes automotores tur\u00edsticos, servicios de catering, balnearios, turismo aventura, organizaci\u00f3n de eventos deportivos, calesitas, parques tem\u00e1ticos y jardines bot\u00e1nicos y zool\u00f3gicos.<\/p>\n<p>Los cr\u00e9ditos Provincia Cultura tienen un tope de 7 millones de pesos. El listado de actividades incluye impresi\u00f3n de diarios, peri\u00f3dicos, libros, folletos y revistas; venta de libros, CDs y DVDs, fabricaci\u00f3n de instrumentos musicales; fotograf\u00eda, dise\u00f1o, ense\u00f1anza art\u00edstica, servicio de ventas de entradas, bibliotecas, archivos, producci\u00f3n de eventos musicales, art\u00edsticos o teatrales y distribuci\u00f3n o exhibici\u00f3n de pel\u00edculas, entre otras.<\/p>\n<p>Los cr\u00e9ditos tienen un plazo m\u00e1ximo de hasta 24 meses, con hasta 12 meses de gracia para el pago de capital. Sus desembolsos se realizan en un pago \u00fanico. Tienen tasa cero durante los primeros 12 meses y, desde el mes 13 hasta el final del pr\u00e9stamo, la tasa es de 18% anual, fija.<\/p>\n<p>Para Provincia Turismo ingresar en: (https:\/\/www.bancoprovincia.com.ar\/web\/PROVINCIA_TURISMO_FONDEP)<br \/>\nPara Provincia Cultura ingresar en: (https:\/\/www.bancoprovincia.com.ar\/web\/provincia_cultura_fondep)<\/p>\n<p>El otorgamiento de los cr\u00e9ditos est\u00e1 sujeto a evaluaci\u00f3n crediticia. Estar\u00e1n vigentes hasta el 31 de marzo de 2022 o bien hasta agotar el cupo de l\u00ednea.<br \/>\nPara consultas sobre c\u00f3mo solicitarlo o detalles sobre requisitos, escribir a asistencia.produccion@mp.gba.gov.ar<\/p>\n<p>&nbsp;<\/p>\n","protected":false},"excerpt":{"rendered":"<p>Jornada virtual para prestadores tur\u00edsticos bonaerenses, el Municipio, a trav\u00e9s de la Secretar\u00eda de Desarrollo&#8230;<\/p>\n","protected":false},"author":1,"featured_media":162364,"comment_status":"closed","ping_status":"closed","sticky":false,"template":"","format":"standard","meta":{"content-type":""},"categories":[27],"tags":[],"nelio_content":{"isAutoShareEnabled":false,"autoShareEndMode":"default","automationSources":{"useContentSentences":true,"useSocialTemplates":true,"useCustomSentences":false,"customSentences":[]},"followers":[1],"suggestedReferences":[],"includedReferences":[],"efiUrl":"","efiAlt":"","highlights":[]},"yoast_head":"<!-- This site is optimized with the Yoast SEO plugin v20.7 - https:\/\/yoast.com\/wordpress\/plugins\/seo\/ -->\n<title>Jornada virtual para prestadores tur\u00edsticos bonaerenses<\/title>\n<meta name=\"description\" content=\"Jornada virtual para prestadores tur\u00edsticos bonaerenses, sobre l\u00edneas de cr\u00e9dito vigentes para prestadores tur\u00edsticos por parte del Banco\" \/>\n<meta name=\"robots\" content=\"index, follow, max-snippet:-1, max-image-preview:large, max-video-preview:-1\" \/>\n<link rel=\"canonical\" href=\"https:\/\/experienciadevida.com.ar\/portalurbano\/jornada-virtual-para-prestadores-turisticos-bonaerenses\/\" \/>\n<meta property=\"og:locale\" content=\"es_ES\" \/>\n<meta property=\"og:type\" content=\"article\" \/>\n<meta property=\"og:title\" content=\"Jornada virtual para prestadores tur\u00edsticos bonaerenses\" \/>\n<meta property=\"og:description\" content=\"Jornada virtual para prestadores tur\u00edsticos bonaerenses, sobre l\u00edneas de cr\u00e9dito vigentes para prestadores tur\u00edsticos por parte del Banco\" \/>\n<meta property=\"og:url\" content=\"https:\/\/experienciadevida.com.ar\/portalurbano\/jornada-virtual-para-prestadores-turisticos-bonaerenses\/\" \/>\n<meta property=\"article:publisher\" content=\"https:\/\/www.facebook.com\/Portal-Urbano-171542830093757\/\" \/>\n<meta property=\"article:published_time\" content=\"2022-02-24T15:31:14+00:00\" \/>\n<meta property=\"article:modified_time\" content=\"2022-02-24T15:31:52+00:00\" \/>\n<meta property=\"og:image\" content=\"https:\/\/experienciadevida.com.ar\/portalurbano\/wp-content\/uploads\/2022\/02\/Jornada-virtual-para-prestadores.jpg\" \/>\n\t<meta property=\"og:image:width\" content=\"1024\" \/>\n\t<meta property=\"og:image:height\" content=\"682\" \/>\n\t<meta property=\"og:image:type\" content=\"image\/jpeg\" \/>\n<meta name=\"author\" content=\"admpu17wp\" \/>\n<meta name=\"twitter:card\" content=\"summary_large_image\" \/>\n<meta name=\"twitter:creator\" content=\"@portalurbanook\" \/>\n<meta name=\"twitter:site\" content=\"@portalurbanook\" \/>\n<meta name=\"twitter:label1\" content=\"Escrito por\" \/>\n\t<meta name=\"twitter:data1\" content=\"admpu17wp\" \/>\n\t<meta name=\"twitter:label2\" content=\"Tiempo de lectura\" \/>\n\t<meta name=\"twitter:data2\" content=\"2 minutos\" \/>\n<script type=\"application\/ld+json\" class=\"yoast-schema-graph\">{\"@context\":\"https:\/\/schema.org\",\"@graph\":[{\"@type\":\"Article\",\"@id\":\"https:\/\/experienciadevida.com.ar\/portalurbano\/jornada-virtual-para-prestadores-turisticos-bonaerenses\/#article\",\"isPartOf\":{\"@id\":\"https:\/\/experienciadevida.com.ar\/portalurbano\/jornada-virtual-para-prestadores-turisticos-bonaerenses\/\"},\"author\":{\"name\":\"admpu17wp\",\"@id\":\"https:\/\/experienciadevida.com.ar\/portalurbano\/#\/schema\/person\/02dd326b1c4b056e9cc972486934a3a7\"},\"headline\":\"Jornada virtual para prestadores tur\u00edsticos bonaerenses\",\"datePublished\":\"2022-02-24T15:31:14+00:00\",\"dateModified\":\"2022-02-24T15:31:52+00:00\",\"mainEntityOfPage\":{\"@id\":\"https:\/\/experienciadevida.com.ar\/portalurbano\/jornada-virtual-para-prestadores-turisticos-bonaerenses\/\"},\"wordCount\":379,\"publisher\":{\"@id\":\"https:\/\/experienciadevida.com.ar\/portalurbano\/#organization\"},\"articleSection\":[\"Ciudad\"],\"inLanguage\":\"es\"},{\"@type\":\"WebPage\",\"@id\":\"https:\/\/experienciadevida.com.ar\/portalurbano\/jornada-virtual-para-prestadores-turisticos-bonaerenses\/\",\"url\":\"https:\/\/experienciadevida.com.ar\/portalurbano\/jornada-virtual-para-prestadores-turisticos-bonaerenses\/\",\"name\":\"Jornada virtual para prestadores tur\u00edsticos bonaerenses\",\"isPartOf\":{\"@id\":\"https:\/\/experienciadevida.com.ar\/portalurbano\/#website\"},\"datePublished\":\"2022-02-24T15:31:14+00:00\",\"dateModified\":\"2022-02-24T15:31:52+00:00\",\"description\":\"Jornada virtual para prestadores tur\u00edsticos bonaerenses, sobre l\u00edneas de cr\u00e9dito vigentes para prestadores tur\u00edsticos por parte del Banco\",\"breadcrumb\":{\"@id\":\"https:\/\/experienciadevida.com.ar\/portalurbano\/jornada-virtual-para-prestadores-turisticos-bonaerenses\/#breadcrumb\"},\"inLanguage\":\"es\",\"potentialAction\":[{\"@type\":\"ReadAction\",\"target\":[\"https:\/\/experienciadevida.com.ar\/portalurbano\/jornada-virtual-para-prestadores-turisticos-bonaerenses\/\"]}]},{\"@type\":\"BreadcrumbList\",\"@id\":\"https:\/\/experienciadevida.com.ar\/portalurbano\/jornada-virtual-para-prestadores-turisticos-bonaerenses\/#breadcrumb\",\"itemListElement\":[{\"@type\":\"ListItem\",\"position\":1,\"name\":\"Portada\",\"item\":\"https:\/\/experienciadevida.com.ar\/portalurbano\/\"},{\"@type\":\"ListItem\",\"position\":2,\"name\":\"Jornada virtual para prestadores tur\u00edsticos bonaerenses\"}]},{\"@type\":\"WebSite\",\"@id\":\"https:\/\/experienciadevida.com.ar\/portalurbano\/#website\",\"url\":\"https:\/\/experienciadevida.com.ar\/portalurbano\/\",\"name\":\"\",\"description\":\"\",\"publisher\":{\"@id\":\"https:\/\/experienciadevida.com.ar\/portalurbano\/#organization\"},\"potentialAction\":[{\"@type\":\"SearchAction\",\"target\":{\"@type\":\"EntryPoint\",\"urlTemplate\":\"https:\/\/experienciadevida.com.ar\/portalurbano\/?s={search_term_string}\"},\"query-input\":\"required name=search_term_string\"}],\"inLanguage\":\"es\"},{\"@type\":\"Organization\",\"@id\":\"https:\/\/experienciadevida.com.ar\/portalurbano\/#organization\",\"name\":\"Portal Urbano\",\"url\":\"https:\/\/experienciadevida.com.ar\/portalurbano\/\",\"logo\":{\"@type\":\"ImageObject\",\"inLanguage\":\"es\",\"@id\":\"https:\/\/experienciadevida.com.ar\/portalurbano\/#\/schema\/logo\/image\/\",\"url\":\"https:\/\/experienciadevida.com.ar\/portalurbano\/wp-content\/uploads\/2019\/09\/Logo-Original.png\",\"contentUrl\":\"https:\/\/experienciadevida.com.ar\/portalurbano\/wp-content\/uploads\/2019\/09\/Logo-Original.png\",\"width\":2236,\"height\":1216,\"caption\":\"Portal Urbano\"},\"image\":{\"@id\":\"https:\/\/experienciadevida.com.ar\/portalurbano\/#\/schema\/logo\/image\/\"},\"sameAs\":[\"https:\/\/www.facebook.com\/Portal-Urbano-171542830093757\/\",\"https:\/\/twitter.com\/portalurbanook\",\"https:\/\/www.instagram.com\/_portalurbano\/\",\"https:\/\/www.youtube.com\/channel\/UCXhagIfszH8KxFiOok79zbA?view_as=subscriber\"]},{\"@type\":\"Person\",\"@id\":\"https:\/\/experienciadevida.com.ar\/portalurbano\/#\/schema\/person\/02dd326b1c4b056e9cc972486934a3a7\",\"name\":\"admpu17wp\",\"image\":{\"@type\":\"ImageObject\",\"inLanguage\":\"es\",\"@id\":\"https:\/\/experienciadevida.com.ar\/portalurbano\/#\/schema\/person\/image\/\",\"url\":\"https:\/\/secure.gravatar.com\/avatar\/830d4c57adaae6630765e449a6908047?s=96&d=mm&r=g\",\"contentUrl\":\"https:\/\/secure.gravatar.com\/avatar\/830d4c57adaae6630765e449a6908047?s=96&d=mm&r=g\",\"caption\":\"admpu17wp\"}}]}<\/script>\n<!-- \/ Yoast SEO plugin. -->","yoast_head_json":{"title":"Jornada virtual para prestadores tur\u00edsticos bonaerenses","description":"Jornada virtual para prestadores tur\u00edsticos bonaerenses, sobre l\u00edneas de cr\u00e9dito vigentes para prestadores tur\u00edsticos por parte del Banco","robots":{"index":"index","follow":"follow","max-snippet":"max-snippet:-1","max-image-preview":"max-image-preview:large","max-video-preview":"max-video-preview:-1"},"canonical":"https:\/\/experienciadevida.com.ar\/portalurbano\/jornada-virtual-para-prestadores-turisticos-bonaerenses\/","og_locale":"es_ES","og_type":"article","og_title":"Jornada virtual para prestadores tur\u00edsticos bonaerenses","og_description":"Jornada virtual para prestadores tur\u00edsticos bonaerenses, sobre l\u00edneas de cr\u00e9dito vigentes para prestadores tur\u00edsticos por parte del Banco","og_url":"https:\/\/experienciadevida.com.ar\/portalurbano\/jornada-virtual-para-prestadores-turisticos-bonaerenses\/","article_publisher":"https:\/\/www.facebook.com\/Portal-Urbano-171542830093757\/","article_published_time":"2022-02-24T15:31:14+00:00","article_modified_time":"2022-02-24T15:31:52+00:00","og_image":[{"width":1024,"height":682,"url":"https:\/\/experienciadevida.com.ar\/portalurbano\/wp-content\/uploads\/2022\/02\/Jornada-virtual-para-prestadores.jpg","type":"image\/jpeg"}],"author":"admpu17wp","twitter_card":"summary_large_image","twitter_creator":"@portalurbanook","twitter_site":"@portalurbanook","twitter_misc":{"Escrito por":"admpu17wp","Tiempo de lectura":"2 minutos"},"schema":{"@context":"https:\/\/schema.org","@graph":[{"@type":"Article","@id":"https:\/\/experienciadevida.com.ar\/portalurbano\/jornada-virtual-para-prestadores-turisticos-bonaerenses\/#article","isPartOf":{"@id":"https:\/\/experienciadevida.com.ar\/portalurbano\/jornada-virtual-para-prestadores-turisticos-bonaerenses\/"},"author":{"name":"admpu17wp","@id":"https:\/\/experienciadevida.com.ar\/portalurbano\/#\/schema\/person\/02dd326b1c4b056e9cc972486934a3a7"},"headline":"Jornada virtual para prestadores tur\u00edsticos bonaerenses","datePublished":"2022-02-24T15:31:14+00:00","dateModified":"2022-02-24T15:31:52+00:00","mainEntityOfPage":{"@id":"https:\/\/experienciadevida.com.ar\/portalurbano\/jornada-virtual-para-prestadores-turisticos-bonaerenses\/"},"wordCount":379,"publisher":{"@id":"https:\/\/experienciadevida.com.ar\/portalurbano\/#organization"},"articleSection":["Ciudad"],"inLanguage":"es"},{"@type":"WebPage","@id":"https:\/\/experienciadevida.com.ar\/portalurbano\/jornada-virtual-para-prestadores-turisticos-bonaerenses\/","url":"https:\/\/experienciadevida.com.ar\/portalurbano\/jornada-virtual-para-prestadores-turisticos-bonaerenses\/","name":"Jornada virtual para prestadores tur\u00edsticos bonaerenses","isPartOf":{"@id":"https:\/\/experienciadevida.com.ar\/portalurbano\/#website"},"datePublished":"2022-02-24T15:31:14+00:00","dateModified":"2022-02-24T15:31:52+00:00","description":"Jornada virtual para prestadores tur\u00edsticos bonaerenses, sobre l\u00edneas de cr\u00e9dito vigentes para prestadores tur\u00edsticos por parte del Banco","breadcrumb":{"@id":"https:\/\/experienciadevida.com.ar\/portalurbano\/jornada-virtual-para-prestadores-turisticos-bonaerenses\/#breadcrumb"},"inLanguage":"es","potentialAction":[{"@type":"ReadAction","target":["https:\/\/experienciadevida.com.ar\/portalurbano\/jornada-virtual-para-prestadores-turisticos-bonaerenses\/"]}]},{"@type":"BreadcrumbList","@id":"https:\/\/experienciadevida.com.ar\/portalurbano\/jornada-virtual-para-prestadores-turisticos-bonaerenses\/#breadcrumb","itemListElement":[{"@type":"ListItem","position":1,"name":"Portada","item":"https:\/\/experienciadevida.com.ar\/portalurbano\/"},{"@type":"ListItem","position":2,"name":"Jornada virtual para prestadores tur\u00edsticos bonaerenses"}]},{"@type":"WebSite","@id":"https:\/\/experienciadevida.com.ar\/portalurbano\/#website","url":"https:\/\/experienciadevida.com.ar\/portalurbano\/","name":"","description":"","publisher":{"@id":"https:\/\/experienciadevida.com.ar\/portalurbano\/#organization"},"potentialAction":[{"@type":"SearchAction","target":{"@type":"EntryPoint","urlTemplate":"https:\/\/experienciadevida.com.ar\/portalurbano\/?s={search_term_string}"},"query-input":"required name=search_term_string"}],"inLanguage":"es"},{"@type":"Organization","@id":"https:\/\/experienciadevida.com.ar\/portalurbano\/#organization","name":"Portal Urbano","url":"https:\/\/experienciadevida.com.ar\/portalurbano\/","logo":{"@type":"ImageObject","inLanguage":"es","@id":"https:\/\/experienciadevida.com.ar\/portalurbano\/#\/schema\/logo\/image\/","url":"https:\/\/experienciadevida.com.ar\/portalurbano\/wp-content\/uploads\/2019\/09\/Logo-Original.png","contentUrl":"https:\/\/experienciadevida.com.ar\/portalurbano\/wp-content\/uploads\/2019\/09\/Logo-Original.png","width":2236,"height":1216,"caption":"Portal Urbano"},"image":{"@id":"https:\/\/experienciadevida.com.ar\/portalurbano\/#\/schema\/logo\/image\/"},"sameAs":["https:\/\/www.facebook.com\/Portal-Urbano-171542830093757\/","https:\/\/twitter.com\/portalurbanook","https:\/\/www.instagram.com\/_portalurbano\/","https:\/\/www.youtube.com\/channel\/UCXhagIfszH8KxFiOok79zbA?view_as=subscriber"]},{"@type":"Person","@id":"https:\/\/experienciadevida.com.ar\/portalurbano\/#\/schema\/person\/02dd326b1c4b056e9cc972486934a3a7","name":"admpu17wp","image":{"@type":"ImageObject","inLanguage":"es","@id":"https:\/\/experienciadevida.com.ar\/portalurbano\/#\/schema\/person\/image\/","url":"https:\/\/secure.gravatar.com\/avatar\/830d4c57adaae6630765e449a6908047?s=96&d=mm&r=g","contentUrl":"https:\/\/secure.gravatar.com\/avatar\/830d4c57adaae6630765e449a6908047?s=96&d=mm&r=g","caption":"admpu17wp"}}]}},"featured_image_urls":{"full":["https:\/\/experienciadevida.com.ar\/portalurbano\/wp-content\/uploads\/2022\/02\/Jornada-virtual-para-prestadores.jpg",1024,682,false],"thumbnail":["https:\/\/experienciadevida.com.ar\/portalurbano\/wp-content\/uploads\/2022\/02\/Jornada-virtual-para-prestadores-150x150.jpg",150,150,true],"medium":["https:\/\/experienciadevida.com.ar\/portalurbano\/wp-content\/uploads\/2022\/02\/Jornada-virtual-para-prestadores-300x200.jpg",300,200,true],"medium_large":["https:\/\/experienciadevida.com.ar\/portalurbano\/wp-content\/uploads\/2022\/02\/Jornada-virtual-para-prestadores-768x512.jpg",640,427,true],"large":["https:\/\/experienciadevida.com.ar\/portalurbano\/wp-content\/uploads\/2022\/02\/Jornada-virtual-para-prestadores.jpg",640,426,false],"ug_big":["https:\/\/experienciadevida.com.ar\/portalurbano\/wp-content\/uploads\/2022\/02\/Jornada-virtual-para-prestadores-768x512.jpg",768,512,true],"1536x1536":["https:\/\/experienciadevida.com.ar\/portalurbano\/wp-content\/uploads\/2022\/02\/Jornada-virtual-para-prestadores.jpg",1024,682,false],"2048x2048":["https:\/\/experienciadevida.com.ar\/portalurbano\/wp-content\/uploads\/2022\/02\/Jornada-virtual-para-prestadores.jpg",1024,682,false],"newsever-slider-full":["https:\/\/experienciadevida.com.ar\/portalurbano\/wp-content\/uploads\/2022\/02\/Jornada-virtual-para-prestadores.jpg",1024,682,false],"newsever-featured":["https:\/\/experienciadevida.com.ar\/portalurbano\/wp-content\/uploads\/2022\/02\/Jornada-virtual-para-prestadores.jpg",1024,682,false],"newsever-medium":["https:\/\/experienciadevida.com.ar\/portalurbano\/wp-content\/uploads\/2022\/02\/Jornada-virtual-para-prestadores.jpg",713,475,false],"web-stories-poster-portrait":["https:\/\/experienciadevida.com.ar\/portalurbano\/wp-content\/uploads\/2022\/02\/Jornada-virtual-para-prestadores.jpg",640,426,false],"web-stories-publisher-logo":["https:\/\/experienciadevida.com.ar\/portalurbano\/wp-content\/uploads\/2022\/02\/Jornada-virtual-para-prestadores.jpg",96,64,false],"web-stories-thumbnail":["https:\/\/experienciadevida.com.ar\/portalurbano\/wp-content\/uploads\/2022\/02\/Jornada-virtual-para-prestadores.jpg",150,100,false]},"author_info":{"display_name":"admpu17wp","author_link":"https:\/\/experienciadevida.com.ar\/portalurbano\/author\/admpu17wp\/"},"category_info":"<a href=\"https:\/\/experienciadevida.com.ar\/portalurbano\/category\/ciudad\/\" rel=\"category tag\">Ciudad<\/a>","tag_info":"Ciudad","comment_count":"0","amp_enabled":true,"_links":{"self":[{"href":"https:\/\/experienciadevida.com.ar\/portalurbano\/wp-json\/wp\/v2\/posts\/162363"}],"collection":[{"href":"https:\/\/experienciadevida.com.ar\/portalurbano\/wp-json\/wp\/v2\/posts"}],"about":[{"href":"https:\/\/experienciadevida.com.ar\/portalurbano\/wp-json\/wp\/v2\/types\/post"}],"author":[{"embeddable":true,"href":"https:\/\/experienciadevida.com.ar\/portalurbano\/wp-json\/wp\/v2\/users\/1"}],"replies":[{"embeddable":true,"href":"https:\/\/experienciadevida.com.ar\/portalurbano\/wp-json\/wp\/v2\/comments?post=162363"}],"version-history":[{"count":1,"href":"https:\/\/experienciadevida.com.ar\/portalurbano\/wp-json\/wp\/v2\/posts\/162363\/revisions"}],"predecessor-version":[{"id":162365,"href":"https:\/\/experienciadevida.com.ar\/portalurbano\/wp-json\/wp\/v2\/posts\/162363\/revisions\/162365"}],"wp:featuredmedia":[{"embeddable":true,"href":"https:\/\/experienciadevida.com.ar\/portalurbano\/wp-json\/wp\/v2\/media\/162364"}],"wp:attachment":[{"href":"https:\/\/experienciadevida.com.ar\/portalurbano\/wp-json\/wp\/v2\/media?parent=162363"}],"wp:term":[{"taxonomy":"category","embeddable":true,"href":"https:\/\/experienciadevida.com.ar\/portalurbano\/wp-json\/wp\/v2\/categories?post=162363"},{"taxonomy":"post_tag","embeddable":true,"href":"https:\/\/experienciadevida.com.ar\/portalurbano\/wp-json\/wp\/v2\/tags?post=162363"}],"curies":[{"name":"wp","href":"https:\/\/api.w.org\/{rel}","templated":true}]}}