{"id":162337,"date":"2022-02-24T10:07:51","date_gmt":"2022-02-24T13:07:51","guid":{"rendered":"https:\/\/experienciadevida.com.ar\/portalurbano\/?p=162337"},"modified":"2022-02-24T10:08:16","modified_gmt":"2022-02-24T13:08:16","slug":"la-unicen-reafirma-su-politica-de-derechos-humanos-cubrira-el-juicio-por-delitos-de-lesa-humanidad-ocurridos-en-azul-y-tandil","status":"publish","type":"post","link":"https:\/\/experienciadevida.com.ar\/portalurbano\/la-unicen-reafirma-su-politica-de-derechos-humanos-cubrira-el-juicio-por-delitos-de-lesa-humanidad-ocurridos-en-azul-y-tandil\/","title":{"rendered":"La UNICEN reafirma su pol\u00edtica de Derechos Humanos: cubrir\u00e1 el juicio por delitos de lesa humanidad ocurridos en Azul y Tandil"},"content":{"rendered":"<p>La UNICEN reafirma su pol\u00edtica de Derechos Humanos: cubrir\u00e1 el juicio por delitos de lesa humanidad ocurridos en Azul y Tandil.<\/p>\n<p>La Universidad Nacional del Centro y la <a href=\"https:\/\/www.facebook.com\/facultadcienciassociales.unicen\">Facultad de Ciencias Sociales<\/a> formar\u00e1n parte de la cobertura medi\u00e1tica de las audiencias del juicio oral y p\u00fablico que se desarrollar\u00e1 en Mar del Plata; por los delitos de lesa humanidad cometidos en Tandil y Azul en la \u00faltima dictadura c\u00edvico militar contra m\u00e1s de 100 v\u00edctimas de Olavarr\u00eda, Azul y Tandil, entre otras ciudades.<\/p>\n<p>El debate dar\u00e1 inicio el viernes 25 de febrero en el Tribunal Oral en lo Criminal Federal de Mar del Plata, integrado por los jueces subrogantes Nicol\u00e1s Toselli, Luis Imaz y Fernando Machado Pelloni. En el mismo se juzgar\u00e1n los delitos ocurridos en los Centros Clandestinos de Detenci\u00f3n, Tortura y Exterminio La Huerta, La Quinta de los Mendez, el Instituto Superior de Ense\u00f1anza Rural, las comisar\u00edas Primera y Segunda de Tandil, la Unidad Penal N\u00b07 de Azul y el Regimiento de Caballer\u00eda de Tanques 10 \u201cH\u00fasares de Pueyrred\u00f3n\u201d de Azul.<\/p>\n<p>En la oportunidad, la Universidad Nacional del Centro de la Provincia de Buenos Aires y la Facultad de Ciencias Sociales de Olavarr\u00eda participar\u00e1n de la cobertura de la apertura del juicio y de las audiencias. Se prev\u00e9 que se realicen audiencias dos veces al mes, por lo cual se estima que el juicio tenga una extensi\u00f3n de dos a\u00f1os.<\/p>\n<p>La cobertura se llevar\u00e1 adelante a trav\u00e9s de un trabajo coordinado entre los medios de la Facultad de Ciencias Sociales, Abra TV, la Secretar\u00eda de Relaciones Institucionales de la Universidad Nacional del Centro y el \u00e1rea de Derechos Humanos de la UNICEN.<\/p>\n<p>La UNICEN reafirma su pol\u00edtica de Derechos Humanos, Espec\u00edficamente, Radio Universidad 90.1 realizar\u00e1 salidas en vivo desde el Tribunal Oral Federal de Mar del Plata, donde estar\u00e1 la cronista Soledad Restivo. Los informes y notas de cada una de las audiencias del juicio ser\u00e1n compartidos a todas las radioemisoras del pa\u00eds que forman parte de la Asociaci\u00f3n de Radios de Universidades Nacionales Argentinas (ARUNA).<\/p>\n<p>Adem\u00e1s se publicar\u00e1n las cr\u00f3nicas de las audiencias a trav\u00e9s de la Agencia de Noticias Comunica.<\/p>\n<p>En tanto, desde el \u00e1rea de Derechos Humanos de la UNICEN se articulan tareas en conjunto con la Subsecretar\u00eda de Derechos Humanos bonaerense.<\/p>\n<p>De esta manera, la red de medios de la UNICEN y en particular los gestionados desde la Facultad de Ciencias Sociales vuelve a convertirse en canal con la comunidad olavarriense y de la regi\u00f3n para difundir los detalles de cada una de las audiencias del debate en el que se juzgar\u00e1 a acusados y c\u00f3mplices de los delitos ocurridos en la \u00faltima dictadura c\u00edvico militar, en pos de lograr la reparaci\u00f3n a las v\u00edctimas del Terrorismo de Estado.<\/p>\n<p>El juicio<br \/>\nDurante las audiencias est\u00e1 previsto que declaren m\u00e1s de 250 testigos, entre los cuales se encuentran m\u00e1s de 100 v\u00edctimas (de las ciudades de Tandil, Azul y Olavarr\u00eda, entre otras) y 26 acusados, entre ellos militares, polic\u00edas, penitenciarios y civiles.<\/p>\n<p>En el debate el Ministerio P\u00fablico Fiscal estar\u00e1 integrado por los fiscales Santiago Eyherabide y Juan Pablo Curi, y los auxiliares Mar\u00eda Eugenia Montero y Julio Darmandrail. Las querellas est\u00e1n representadas por Ariel Pelegrino, la Subsecretaria de Derechos Humanos de la Provincia de Buenos Aires y la Asamblea Permanente por los Derechos Humanos (APDH).<\/p>\n<p>De manera reciente el Equipo de Acompa\u00f1amiento a V\u00edctimas y de la participaci\u00f3n en la Mesa de la Huerta de la UNICEN solicit\u00f3 que el juicio se pueda realizar en la sede de la Universidad Nacional del Centro, como ocurri\u00f3 con el juicio Monte Pelloni I, cuyas audiencias se llevaron adelante en el Campus Universitario de Olavarr\u00eda. Sin embargo, hasta el momento el Tribunal Federal de Mar del Plata no respondi\u00f3 a dicho pedido.<\/p>\n<p>El circuito represivo que pertenece a la Sub Zona 12 abarca el Ex Centro de Detenci\u00f3n, Tortura y Exterminio conocido como \u201cLa Huerta\u201d, las comisar\u00edas Primera y Segunda de Tandil, la \u201cChacra de M\u00e9ndez\u201d y el ex Instituto Superior de Educaci\u00f3n Rural (ISER) de Tandil. Adem\u00e1s el Jard\u00edn Maternal De Paula, la ex Delegaci\u00f3n de la Polic\u00eda Federal (hoy Juzgado Federal), la Comisar\u00eda 1\u00b0, la Unidad 7 y el Regimiento de Azul.<\/p>\n<p>Desde el \u00e1rea de Derechos Humanos de la UNICEN resaltaron que \u201clos Juicios de Lesa Humanidad, son juicios que llegan con m\u00e1s de 45 a\u00f1os de atraso. Muchas v\u00edctimas y victimarios han fallecido. La reparaci\u00f3n a las v\u00edctimas del Terrorismo de Estado es una obligaci\u00f3n del Estado Argentino, y del cumplimiento de la normativa del derecho internacional de los derechos humanos.\u201d<\/p>\n<p>Expresaron adem\u00e1s que \u201clas v\u00edctimas de estos juicios deben ser reparadas en su m\u00e1s amplia dimensi\u00f3n, no s\u00f3lo a trav\u00e9s de una sentencia, sino siendo escuchadas, contenidas, y tenidas en cuenta, por este Estado y esta Justicia que hoy y desde hace 15 a\u00f1os viene juzgando y condenando los delitos aberrantes que el propio Estado les caus\u00f3\u201d.<\/p>\n","protected":false},"excerpt":{"rendered":"<p>La UNICEN reafirma su pol\u00edtica de Derechos Humanos: cubrir\u00e1 el juicio por delitos de lesa&#8230;<\/p>\n","protected":false},"author":1,"featured_media":162338,"comment_status":"closed","ping_status":"closed","sticky":false,"template":"","format":"standard","meta":{"content-type":""},"categories":[27],"tags":[],"nelio_content":{"isAutoShareEnabled":false,"autoShareEndMode":"default","automationSources":{"useContentSentences":true,"useSocialTemplates":true,"useCustomSentences":false,"customSentences":[]},"followers":[1],"suggestedReferences":[],"includedReferences":[],"efiUrl":"","efiAlt":"","highlights":[]},"yoast_head":"<!-- This site is optimized with the Yoast SEO plugin v20.7 - https:\/\/yoast.com\/wordpress\/plugins\/seo\/ -->\n<title>La UNICEN reafirma su pol\u00edtica de derechos humanos cubrir\u00e1 el juicio<\/title>\n<meta name=\"description\" content=\"La UNICEN reafirma su pol\u00edtica de Derechos Humanos: cubrir\u00e1 el juicio por delitos de lesa humanidad ocurridos en Azul y Tandil.\" \/>\n<meta name=\"robots\" content=\"index, follow, max-snippet:-1, max-image-preview:large, max-video-preview:-1\" \/>\n<link rel=\"canonical\" href=\"https:\/\/experienciadevida.com.ar\/portalurbano\/la-unicen-reafirma-su-politica-de-derechos-humanos-cubrira-el-juicio-por-delitos-de-lesa-humanidad-ocurridos-en-azul-y-tandil\/\" \/>\n<meta property=\"og:locale\" content=\"es_ES\" \/>\n<meta property=\"og:type\" content=\"article\" \/>\n<meta property=\"og:title\" content=\"La UNICEN reafirma su pol\u00edtica de derechos humanos cubrir\u00e1 el juicio\" \/>\n<meta property=\"og:description\" content=\"La UNICEN reafirma su pol\u00edtica de Derechos Humanos: cubrir\u00e1 el juicio por delitos de lesa humanidad ocurridos en Azul y Tandil.\" \/>\n<meta property=\"og:url\" content=\"https:\/\/experienciadevida.com.ar\/portalurbano\/la-unicen-reafirma-su-politica-de-derechos-humanos-cubrira-el-juicio-por-delitos-de-lesa-humanidad-ocurridos-en-azul-y-tandil\/\" \/>\n<meta property=\"article:publisher\" content=\"https:\/\/www.facebook.com\/Portal-Urbano-171542830093757\/\" \/>\n<meta property=\"article:published_time\" content=\"2022-02-24T13:07:51+00:00\" \/>\n<meta property=\"article:modified_time\" content=\"2022-02-24T13:08:16+00:00\" \/>\n<meta property=\"og:image\" content=\"https:\/\/experienciadevida.com.ar\/portalurbano\/wp-content\/uploads\/2022\/02\/La-UNICEN-reafirma-su.jpg\" \/>\n\t<meta property=\"og:image:width\" content=\"1000\" \/>\n\t<meta property=\"og:image:height\" content=\"560\" \/>\n\t<meta property=\"og:image:type\" content=\"image\/jpeg\" \/>\n<meta name=\"author\" content=\"admpu17wp\" \/>\n<meta name=\"twitter:card\" content=\"summary_large_image\" \/>\n<meta name=\"twitter:creator\" content=\"@portalurbanook\" \/>\n<meta name=\"twitter:site\" content=\"@portalurbanook\" \/>\n<meta name=\"twitter:label1\" content=\"Escrito por\" \/>\n\t<meta name=\"twitter:data1\" content=\"admpu17wp\" \/>\n\t<meta name=\"twitter:label2\" content=\"Tiempo de lectura\" \/>\n\t<meta name=\"twitter:data2\" content=\"4 minutos\" \/>\n<script type=\"application\/ld+json\" class=\"yoast-schema-graph\">{\"@context\":\"https:\/\/schema.org\",\"@graph\":[{\"@type\":\"Article\",\"@id\":\"https:\/\/experienciadevida.com.ar\/portalurbano\/la-unicen-reafirma-su-politica-de-derechos-humanos-cubrira-el-juicio-por-delitos-de-lesa-humanidad-ocurridos-en-azul-y-tandil\/#article\",\"isPartOf\":{\"@id\":\"https:\/\/experienciadevida.com.ar\/portalurbano\/la-unicen-reafirma-su-politica-de-derechos-humanos-cubrira-el-juicio-por-delitos-de-lesa-humanidad-ocurridos-en-azul-y-tandil\/\"},\"author\":{\"name\":\"admpu17wp\",\"@id\":\"https:\/\/experienciadevida.com.ar\/portalurbano\/#\/schema\/person\/02dd326b1c4b056e9cc972486934a3a7\"},\"headline\":\"La UNICEN reafirma su pol\u00edtica de Derechos Humanos: cubrir\u00e1 el juicio por delitos de lesa humanidad ocurridos en Azul y Tandil\",\"datePublished\":\"2022-02-24T13:07:51+00:00\",\"dateModified\":\"2022-02-24T13:08:16+00:00\",\"mainEntityOfPage\":{\"@id\":\"https:\/\/experienciadevida.com.ar\/portalurbano\/la-unicen-reafirma-su-politica-de-derechos-humanos-cubrira-el-juicio-por-delitos-de-lesa-humanidad-ocurridos-en-azul-y-tandil\/\"},\"wordCount\":896,\"publisher\":{\"@id\":\"https:\/\/experienciadevida.com.ar\/portalurbano\/#organization\"},\"articleSection\":[\"Ciudad\"],\"inLanguage\":\"es\"},{\"@type\":\"WebPage\",\"@id\":\"https:\/\/experienciadevida.com.ar\/portalurbano\/la-unicen-reafirma-su-politica-de-derechos-humanos-cubrira-el-juicio-por-delitos-de-lesa-humanidad-ocurridos-en-azul-y-tandil\/\",\"url\":\"https:\/\/experienciadevida.com.ar\/portalurbano\/la-unicen-reafirma-su-politica-de-derechos-humanos-cubrira-el-juicio-por-delitos-de-lesa-humanidad-ocurridos-en-azul-y-tandil\/\",\"name\":\"La UNICEN reafirma su pol\u00edtica de derechos humanos cubrir\u00e1 el juicio\",\"isPartOf\":{\"@id\":\"https:\/\/experienciadevida.com.ar\/portalurbano\/#website\"},\"datePublished\":\"2022-02-24T13:07:51+00:00\",\"dateModified\":\"2022-02-24T13:08:16+00:00\",\"description\":\"La UNICEN reafirma su pol\u00edtica de Derechos Humanos: cubrir\u00e1 el juicio por delitos de lesa humanidad ocurridos en Azul y Tandil.\",\"breadcrumb\":{\"@id\":\"https:\/\/experienciadevida.com.ar\/portalurbano\/la-unicen-reafirma-su-politica-de-derechos-humanos-cubrira-el-juicio-por-delitos-de-lesa-humanidad-ocurridos-en-azul-y-tandil\/#breadcrumb\"},\"inLanguage\":\"es\",\"potentialAction\":[{\"@type\":\"ReadAction\",\"target\":[\"https:\/\/experienciadevida.com.ar\/portalurbano\/la-unicen-reafirma-su-politica-de-derechos-humanos-cubrira-el-juicio-por-delitos-de-lesa-humanidad-ocurridos-en-azul-y-tandil\/\"]}]},{\"@type\":\"BreadcrumbList\",\"@id\":\"https:\/\/experienciadevida.com.ar\/portalurbano\/la-unicen-reafirma-su-politica-de-derechos-humanos-cubrira-el-juicio-por-delitos-de-lesa-humanidad-ocurridos-en-azul-y-tandil\/#breadcrumb\",\"itemListElement\":[{\"@type\":\"ListItem\",\"position\":1,\"name\":\"Portada\",\"item\":\"https:\/\/experienciadevida.com.ar\/portalurbano\/\"},{\"@type\":\"ListItem\",\"position\":2,\"name\":\"La UNICEN reafirma su pol\u00edtica de Derechos Humanos: cubrir\u00e1 el juicio por delitos de lesa humanidad ocurridos en Azul y Tandil\"}]},{\"@type\":\"WebSite\",\"@id\":\"https:\/\/experienciadevida.com.ar\/portalurbano\/#website\",\"url\":\"https:\/\/experienciadevida.com.ar\/portalurbano\/\",\"name\":\"\",\"description\":\"\",\"publisher\":{\"@id\":\"https:\/\/experienciadevida.com.ar\/portalurbano\/#organization\"},\"potentialAction\":[{\"@type\":\"SearchAction\",\"target\":{\"@type\":\"EntryPoint\",\"urlTemplate\":\"https:\/\/experienciadevida.com.ar\/portalurbano\/?s={search_term_string}\"},\"query-input\":\"required name=search_term_string\"}],\"inLanguage\":\"es\"},{\"@type\":\"Organization\",\"@id\":\"https:\/\/experienciadevida.com.ar\/portalurbano\/#organization\",\"name\":\"Portal Urbano\",\"url\":\"https:\/\/experienciadevida.com.ar\/portalurbano\/\",\"logo\":{\"@type\":\"ImageObject\",\"inLanguage\":\"es\",\"@id\":\"https:\/\/experienciadevida.com.ar\/portalurbano\/#\/schema\/logo\/image\/\",\"url\":\"https:\/\/experienciadevida.com.ar\/portalurbano\/wp-content\/uploads\/2019\/09\/Logo-Original.png\",\"contentUrl\":\"https:\/\/experienciadevida.com.ar\/portalurbano\/wp-content\/uploads\/2019\/09\/Logo-Original.png\",\"width\":2236,\"height\":1216,\"caption\":\"Portal Urbano\"},\"image\":{\"@id\":\"https:\/\/experienciadevida.com.ar\/portalurbano\/#\/schema\/logo\/image\/\"},\"sameAs\":[\"https:\/\/www.facebook.com\/Portal-Urbano-171542830093757\/\",\"https:\/\/twitter.com\/portalurbanook\",\"https:\/\/www.instagram.com\/_portalurbano\/\",\"https:\/\/www.youtube.com\/channel\/UCXhagIfszH8KxFiOok79zbA?view_as=subscriber\"]},{\"@type\":\"Person\",\"@id\":\"https:\/\/experienciadevida.com.ar\/portalurbano\/#\/schema\/person\/02dd326b1c4b056e9cc972486934a3a7\",\"name\":\"admpu17wp\",\"image\":{\"@type\":\"ImageObject\",\"inLanguage\":\"es\",\"@id\":\"https:\/\/experienciadevida.com.ar\/portalurbano\/#\/schema\/person\/image\/\",\"url\":\"https:\/\/secure.gravatar.com\/avatar\/830d4c57adaae6630765e449a6908047?s=96&d=mm&r=g\",\"contentUrl\":\"https:\/\/secure.gravatar.com\/avatar\/830d4c57adaae6630765e449a6908047?s=96&d=mm&r=g\",\"caption\":\"admpu17wp\"}}]}<\/script>\n<!-- \/ Yoast SEO plugin. -->","yoast_head_json":{"title":"La UNICEN reafirma su pol\u00edtica de derechos humanos cubrir\u00e1 el juicio","description":"La UNICEN reafirma su pol\u00edtica de Derechos Humanos: cubrir\u00e1 el juicio por delitos de lesa humanidad ocurridos en Azul y Tandil.","robots":{"index":"index","follow":"follow","max-snippet":"max-snippet:-1","max-image-preview":"max-image-preview:large","max-video-preview":"max-video-preview:-1"},"canonical":"https:\/\/experienciadevida.com.ar\/portalurbano\/la-unicen-reafirma-su-politica-de-derechos-humanos-cubrira-el-juicio-por-delitos-de-lesa-humanidad-ocurridos-en-azul-y-tandil\/","og_locale":"es_ES","og_type":"article","og_title":"La UNICEN reafirma su pol\u00edtica de derechos humanos cubrir\u00e1 el juicio","og_description":"La UNICEN reafirma su pol\u00edtica de Derechos Humanos: cubrir\u00e1 el juicio por delitos de lesa humanidad ocurridos en Azul y Tandil.","og_url":"https:\/\/experienciadevida.com.ar\/portalurbano\/la-unicen-reafirma-su-politica-de-derechos-humanos-cubrira-el-juicio-por-delitos-de-lesa-humanidad-ocurridos-en-azul-y-tandil\/","article_publisher":"https:\/\/www.facebook.com\/Portal-Urbano-171542830093757\/","article_published_time":"2022-02-24T13:07:51+00:00","article_modified_time":"2022-02-24T13:08:16+00:00","og_image":[{"width":1000,"height":560,"url":"https:\/\/experienciadevida.com.ar\/portalurbano\/wp-content\/uploads\/2022\/02\/La-UNICEN-reafirma-su.jpg","type":"image\/jpeg"}],"author":"admpu17wp","twitter_card":"summary_large_image","twitter_creator":"@portalurbanook","twitter_site":"@portalurbanook","twitter_misc":{"Escrito por":"admpu17wp","Tiempo de lectura":"4 minutos"},"schema":{"@context":"https:\/\/schema.org","@graph":[{"@type":"Article","@id":"https:\/\/experienciadevida.com.ar\/portalurbano\/la-unicen-reafirma-su-politica-de-derechos-humanos-cubrira-el-juicio-por-delitos-de-lesa-humanidad-ocurridos-en-azul-y-tandil\/#article","isPartOf":{"@id":"https:\/\/experienciadevida.com.ar\/portalurbano\/la-unicen-reafirma-su-politica-de-derechos-humanos-cubrira-el-juicio-por-delitos-de-lesa-humanidad-ocurridos-en-azul-y-tandil\/"},"author":{"name":"admpu17wp","@id":"https:\/\/experienciadevida.com.ar\/portalurbano\/#\/schema\/person\/02dd326b1c4b056e9cc972486934a3a7"},"headline":"La UNICEN reafirma su pol\u00edtica de Derechos Humanos: cubrir\u00e1 el juicio por delitos de lesa humanidad ocurridos en Azul y Tandil","datePublished":"2022-02-24T13:07:51+00:00","dateModified":"2022-02-24T13:08:16+00:00","mainEntityOfPage":{"@id":"https:\/\/experienciadevida.com.ar\/portalurbano\/la-unicen-reafirma-su-politica-de-derechos-humanos-cubrira-el-juicio-por-delitos-de-lesa-humanidad-ocurridos-en-azul-y-tandil\/"},"wordCount":896,"publisher":{"@id":"https:\/\/experienciadevida.com.ar\/portalurbano\/#organization"},"articleSection":["Ciudad"],"inLanguage":"es"},{"@type":"WebPage","@id":"https:\/\/experienciadevida.com.ar\/portalurbano\/la-unicen-reafirma-su-politica-de-derechos-humanos-cubrira-el-juicio-por-delitos-de-lesa-humanidad-ocurridos-en-azul-y-tandil\/","url":"https:\/\/experienciadevida.com.ar\/portalurbano\/la-unicen-reafirma-su-politica-de-derechos-humanos-cubrira-el-juicio-por-delitos-de-lesa-humanidad-ocurridos-en-azul-y-tandil\/","name":"La UNICEN reafirma su pol\u00edtica de derechos humanos cubrir\u00e1 el juicio","isPartOf":{"@id":"https:\/\/experienciadevida.com.ar\/portalurbano\/#website"},"datePublished":"2022-02-24T13:07:51+00:00","dateModified":"2022-02-24T13:08:16+00:00","description":"La UNICEN reafirma su pol\u00edtica de Derechos Humanos: cubrir\u00e1 el juicio por delitos de lesa humanidad ocurridos en Azul y Tandil.","breadcrumb":{"@id":"https:\/\/experienciadevida.com.ar\/portalurbano\/la-unicen-reafirma-su-politica-de-derechos-humanos-cubrira-el-juicio-por-delitos-de-lesa-humanidad-ocurridos-en-azul-y-tandil\/#breadcrumb"},"inLanguage":"es","potentialAction":[{"@type":"ReadAction","target":["https:\/\/experienciadevida.com.ar\/portalurbano\/la-unicen-reafirma-su-politica-de-derechos-humanos-cubrira-el-juicio-por-delitos-de-lesa-humanidad-ocurridos-en-azul-y-tandil\/"]}]},{"@type":"BreadcrumbList","@id":"https:\/\/experienciadevida.com.ar\/portalurbano\/la-unicen-reafirma-su-politica-de-derechos-humanos-cubrira-el-juicio-por-delitos-de-lesa-humanidad-ocurridos-en-azul-y-tandil\/#breadcrumb","itemListElement":[{"@type":"ListItem","position":1,"name":"Portada","item":"https:\/\/experienciadevida.com.ar\/portalurbano\/"},{"@type":"ListItem","position":2,"name":"La UNICEN reafirma su pol\u00edtica de Derechos Humanos: cubrir\u00e1 el juicio por delitos de lesa humanidad ocurridos en Azul y Tandil"}]},{"@type":"WebSite","@id":"https:\/\/experienciadevida.com.ar\/portalurbano\/#website","url":"https:\/\/experienciadevida.com.ar\/portalurbano\/","name":"","description":"","publisher":{"@id":"https:\/\/experienciadevida.com.ar\/portalurbano\/#organization"},"potentialAction":[{"@type":"SearchAction","target":{"@type":"EntryPoint","urlTemplate":"https:\/\/experienciadevida.com.ar\/portalurbano\/?s={search_term_string}"},"query-input":"required name=search_term_string"}],"inLanguage":"es"},{"@type":"Organization","@id":"https:\/\/experienciadevida.com.ar\/portalurbano\/#organization","name":"Portal Urbano","url":"https:\/\/experienciadevida.com.ar\/portalurbano\/","logo":{"@type":"ImageObject","inLanguage":"es","@id":"https:\/\/experienciadevida.com.ar\/portalurbano\/#\/schema\/logo\/image\/","url":"https:\/\/experienciadevida.com.ar\/portalurbano\/wp-content\/uploads\/2019\/09\/Logo-Original.png","contentUrl":"https:\/\/experienciadevida.com.ar\/portalurbano\/wp-content\/uploads\/2019\/09\/Logo-Original.png","width":2236,"height":1216,"caption":"Portal Urbano"},"image":{"@id":"https:\/\/experienciadevida.com.ar\/portalurbano\/#\/schema\/logo\/image\/"},"sameAs":["https:\/\/www.facebook.com\/Portal-Urbano-171542830093757\/","https:\/\/twitter.com\/portalurbanook","https:\/\/www.instagram.com\/_portalurbano\/","https:\/\/www.youtube.com\/channel\/UCXhagIfszH8KxFiOok79zbA?view_as=subscriber"]},{"@type":"Person","@id":"https:\/\/experienciadevida.com.ar\/portalurbano\/#\/schema\/person\/02dd326b1c4b056e9cc972486934a3a7","name":"admpu17wp","image":{"@type":"ImageObject","inLanguage":"es","@id":"https:\/\/experienciadevida.com.ar\/portalurbano\/#\/schema\/person\/image\/","url":"https:\/\/secure.gravatar.com\/avatar\/830d4c57adaae6630765e449a6908047?s=96&d=mm&r=g","contentUrl":"https:\/\/secure.gravatar.com\/avatar\/830d4c57adaae6630765e449a6908047?s=96&d=mm&r=g","caption":"admpu17wp"}}]}},"featured_image_urls":{"full":["https:\/\/experienciadevida.com.ar\/portalurbano\/wp-content\/uploads\/2022\/02\/La-UNICEN-reafirma-su.jpg",1000,560,false],"thumbnail":["https:\/\/experienciadevida.com.ar\/portalurbano\/wp-content\/uploads\/2022\/02\/La-UNICEN-reafirma-su-150x150.jpg",150,150,true],"medium":["https:\/\/experienciadevida.com.ar\/portalurbano\/wp-content\/uploads\/2022\/02\/La-UNICEN-reafirma-su-300x168.jpg",300,168,true],"medium_large":["https:\/\/experienciadevida.com.ar\/portalurbano\/wp-content\/uploads\/2022\/02\/La-UNICEN-reafirma-su-768x430.jpg",640,358,true],"large":["https:\/\/experienciadevida.com.ar\/portalurbano\/wp-content\/uploads\/2022\/02\/La-UNICEN-reafirma-su.jpg",640,358,false],"ug_big":["https:\/\/experienciadevida.com.ar\/portalurbano\/wp-content\/uploads\/2022\/02\/La-UNICEN-reafirma-su-768x430.jpg",768,430,true],"1536x1536":["https:\/\/experienciadevida.com.ar\/portalurbano\/wp-content\/uploads\/2022\/02\/La-UNICEN-reafirma-su.jpg",1000,560,false],"2048x2048":["https:\/\/experienciadevida.com.ar\/portalurbano\/wp-content\/uploads\/2022\/02\/La-UNICEN-reafirma-su.jpg",1000,560,false],"newsever-slider-full":["https:\/\/experienciadevida.com.ar\/portalurbano\/wp-content\/uploads\/2022\/02\/La-UNICEN-reafirma-su.jpg",1000,560,false],"newsever-featured":["https:\/\/experienciadevida.com.ar\/portalurbano\/wp-content\/uploads\/2022\/02\/La-UNICEN-reafirma-su.jpg",1000,560,false],"newsever-medium":["https:\/\/experienciadevida.com.ar\/portalurbano\/wp-content\/uploads\/2022\/02\/La-UNICEN-reafirma-su.jpg",720,403,false],"web-stories-poster-portrait":["https:\/\/experienciadevida.com.ar\/portalurbano\/wp-content\/uploads\/2022\/02\/La-UNICEN-reafirma-su.jpg",640,358,false],"web-stories-publisher-logo":["https:\/\/experienciadevida.com.ar\/portalurbano\/wp-content\/uploads\/2022\/02\/La-UNICEN-reafirma-su.jpg",96,54,false],"web-stories-thumbnail":["https:\/\/experienciadevida.com.ar\/portalurbano\/wp-content\/uploads\/2022\/02\/La-UNICEN-reafirma-su.jpg",150,84,false]},"author_info":{"display_name":"admpu17wp","author_link":"https:\/\/experienciadevida.com.ar\/portalurbano\/author\/admpu17wp\/"},"category_info":"<a href=\"https:\/\/experienciadevida.com.ar\/portalurbano\/category\/ciudad\/\" rel=\"category tag\">Ciudad<\/a>","tag_info":"Ciudad","comment_count":"0","amp_enabled":true,"_links":{"self":[{"href":"https:\/\/experienciadevida.com.ar\/portalurbano\/wp-json\/wp\/v2\/posts\/162337"}],"collection":[{"href":"https:\/\/experienciadevida.com.ar\/portalurbano\/wp-json\/wp\/v2\/posts"}],"about":[{"href":"https:\/\/experienciadevida.com.ar\/portalurbano\/wp-json\/wp\/v2\/types\/post"}],"author":[{"embeddable":true,"href":"https:\/\/experienciadevida.com.ar\/portalurbano\/wp-json\/wp\/v2\/users\/1"}],"replies":[{"embeddable":true,"href":"https:\/\/experienciadevida.com.ar\/portalurbano\/wp-json\/wp\/v2\/comments?post=162337"}],"version-history":[{"count":1,"href":"https:\/\/experienciadevida.com.ar\/portalurbano\/wp-json\/wp\/v2\/posts\/162337\/revisions"}],"predecessor-version":[{"id":162339,"href":"https:\/\/experienciadevida.com.ar\/portalurbano\/wp-json\/wp\/v2\/posts\/162337\/revisions\/162339"}],"wp:featuredmedia":[{"embeddable":true,"href":"https:\/\/experienciadevida.com.ar\/portalurbano\/wp-json\/wp\/v2\/media\/162338"}],"wp:attachment":[{"href":"https:\/\/experienciadevida.com.ar\/portalurbano\/wp-json\/wp\/v2\/media?parent=162337"}],"wp:term":[{"taxonomy":"category","embeddable":true,"href":"https:\/\/experienciadevida.com.ar\/portalurbano\/wp-json\/wp\/v2\/categories?post=162337"},{"taxonomy":"post_tag","embeddable":true,"href":"https:\/\/experienciadevida.com.ar\/portalurbano\/wp-json\/wp\/v2\/tags?post=162337"}],"curies":[{"name":"wp","href":"https:\/\/api.w.org\/{rel}","templated":true}]}}